{"id":11860,"date":"2023-10-06T18:46:03","date_gmt":"2023-10-06T18:46:03","guid":{"rendered":"https:\/\/www.atelierdocaractere.pt\/brevemente\/?p=11860"},"modified":"2023-10-06T18:46:06","modified_gmt":"2023-10-06T18:46:06","slug":"ecopista-do-vouga-inaugurada-uma-nova-porta-de-entrada-para-os-territorios-de-viseu-dao-lafoes","status":"publish","type":"post","link":"https:\/\/www.atelierdocaractere.pt\/brevemente\/ecopista-do-vouga-inaugurada-uma-nova-porta-de-entrada-para-os-territorios-de-viseu-dao-lafoes\/","title":{"rendered":"Ecopista do Vouga: inaugurada uma nova porta de entrada para os territ\u00f3rios de Viseu D\u00e3o Laf\u00f5es"},"content":{"rendered":"\n<p><strong>\u2022 Ecopista do Vouga liga-se \u00e0 Ecopista do D\u00e3o, em Viseu, o que permite percorrer 114 quil\u00f3metros de forma ininterrupta. \u00c9 a maior ecopista cont\u00ednua do pa\u00eds.<\/strong><\/p>\n\n\n\n<p>A\u00a0<strong>Ecopista do Vouga<\/strong>\u00a0foi hoje inaugurada, em Viseu, numa cerim\u00f3nia presidida pela\u00a0<strong>Ministra da Coes\u00e3o Territorial, Ana Abrunhosa<\/strong>. Com uma extens\u00e3o total de 65 quil\u00f3metros, a Ecopista do Vouga interliga-se com a\u00a0<strong>Ecopista do D\u00e3o<\/strong>, j\u00e1 existente, o que significa que \u00e9 poss\u00edvel percorrer, a p\u00e9 ou de bicicleta, e de forma ininterrupta, 114 quil\u00f3metros nos cen\u00e1rios magn\u00edficos da regi\u00e3o Viseu D\u00e3o Laf\u00f5es. Esta passa a ser, assim, a maior ecopista cont\u00ednua do pa\u00eds.<\/p>\n\n\n\n<figure class=\"wp-block-image size-large\"><img decoding=\"async\" width=\"1024\" height=\"683\" src=\"https:\/\/www.atelierdocaractere.pt\/wp-content\/uploads\/2023\/10\/e844a08b-996f-4785-1cc8-d988771fc4eb-1024x683.jpg\" alt=\"\" class=\"wp-image-11870\" srcset=\"https:\/\/www.atelierdocaractere.pt\/wp-content\/uploads\/2023\/10\/e844a08b-996f-4785-1cc8-d988771fc4eb-1024x683.jpg 1024w, https:\/\/www.atelierdocaractere.pt\/wp-content\/uploads\/2023\/10\/e844a08b-996f-4785-1cc8-d988771fc4eb-300x200.jpg 300w, https:\/\/www.atelierdocaractere.pt\/wp-content\/uploads\/2023\/10\/e844a08b-996f-4785-1cc8-d988771fc4eb-768x512.jpg 768w, https:\/\/www.atelierdocaractere.pt\/wp-content\/uploads\/2023\/10\/e844a08b-996f-4785-1cc8-d988771fc4eb-900x600.jpg 900w, https:\/\/www.atelierdocaractere.pt\/wp-content\/uploads\/2023\/10\/e844a08b-996f-4785-1cc8-d988771fc4eb-675x450.jpg 675w, https:\/\/www.atelierdocaractere.pt\/wp-content\/uploads\/2023\/10\/e844a08b-996f-4785-1cc8-d988771fc4eb.jpg 1200w\" sizes=\"(max-width: 1024px) 100vw, 1024px\" \/><\/figure>\n\n\n\n<p>A cerim\u00f3nia de inaugura\u00e7\u00e3o contou tamb\u00e9m com a presen\u00e7a de\u00a0<strong>Fernando Ruas, Presidente da Comunidade Intermunicipal (CIM) Viseu D\u00e3o Laf\u00f5es<\/strong>,\u00a0<strong>Raul Almeida<\/strong>, Presidente da Turismo Centro de Portugal,\u00a0<strong>Lu\u00eds Filipe<\/strong>, em representa\u00e7\u00e3o da CCDR-Centro, e dos autarcas dos restantes munic\u00edpios por onde passa a Ecopista do Vouga:\u00a0<strong>Rui Ladeira\u00a0<\/strong>(Vouzela),\u00a0<strong>V\u00edtor Figueiredo\u00a0<\/strong>(S\u00e3o Pedro do Sul) e\u00a0<strong>Jo\u00e3o Val\u00e9rio\u00a0<\/strong>(Oliveira de Frades).<\/p>\n\n\n\n<p>O projeto resultou de uma parceria entre a CIM Viseu D\u00e3o Laf\u00f5es e os munic\u00edpios de Viseu, S\u00e3o Pedro do Sul, Vouzela e Oliveira de Frades. O investimento total ascende a 4,1 milh\u00f5es de euros, dos quais 2 milh\u00f5es resultam de um apoio do Turismo de Portugal e o restante \u00e9 investimento dos munic\u00edpios.<\/p>\n\n\n\n<figure class=\"wp-block-image size-large\"><img decoding=\"async\" width=\"1024\" height=\"683\" src=\"https:\/\/www.atelierdocaractere.pt\/wp-content\/uploads\/2023\/10\/7a075b4f-12ab-81ee-3dd1-4fed58341be3-1024x683.jpg\" alt=\"\" class=\"wp-image-11869\" srcset=\"https:\/\/www.atelierdocaractere.pt\/wp-content\/uploads\/2023\/10\/7a075b4f-12ab-81ee-3dd1-4fed58341be3-1024x683.jpg 1024w, https:\/\/www.atelierdocaractere.pt\/wp-content\/uploads\/2023\/10\/7a075b4f-12ab-81ee-3dd1-4fed58341be3-300x200.jpg 300w, https:\/\/www.atelierdocaractere.pt\/wp-content\/uploads\/2023\/10\/7a075b4f-12ab-81ee-3dd1-4fed58341be3-768x512.jpg 768w, https:\/\/www.atelierdocaractere.pt\/wp-content\/uploads\/2023\/10\/7a075b4f-12ab-81ee-3dd1-4fed58341be3-900x600.jpg 900w, https:\/\/www.atelierdocaractere.pt\/wp-content\/uploads\/2023\/10\/7a075b4f-12ab-81ee-3dd1-4fed58341be3-675x450.jpg 675w, https:\/\/www.atelierdocaractere.pt\/wp-content\/uploads\/2023\/10\/7a075b4f-12ab-81ee-3dd1-4fed58341be3.jpg 1200w\" sizes=\"(max-width: 1024px) 100vw, 1024px\" \/><\/figure>\n\n\n\n<p>O percurso atravessa paisagens de grande beleza arquitet\u00f3nica e paisag\u00edstica e inclui v\u00e1rias pontes e t\u00faneis ferrovi\u00e1rios. A infraestrutura foi constru\u00edda sobre o antigo ramal ferrovi\u00e1rio da Linha do Vouga, desativado em 1980, que fazia a liga\u00e7\u00e3o entre o litoral e a cidade de Viseu, acompanhando o vale do Rio Vouga. O tro\u00e7o agora intervencionado requalificou o piso da plataforma da antiga linha de caminho de ferro e dotou-a de equipamentos e infraestruturas que permitem \u00e0 popula\u00e7\u00e3o local e aos visitantes apreciar esta paisagem com todo o conforto e seguran\u00e7a.<\/p>\n\n\n\n<p>A liga\u00e7\u00e3o \u00e0 Ecopista do D\u00e3o \u2013 que percorre os munic\u00edpios de Tondela e Santa Comba D\u00e3o \u2013 acontece em Viseu.&nbsp;<strong>Juntas, a Ecopista do Vouga e a Ecopista do D\u00e3o percorrem seis munic\u00edpios da CIM Viseu D\u00e3o Laf\u00f5es<\/strong>: Oliveira de Frades, Vouzela, S\u00e3o Pedro do Sul, Viseu, Tondela e Santa Comba D\u00e3o.<\/p>\n\n\n\n<figure class=\"wp-block-image size-large\"><img decoding=\"async\" width=\"1024\" height=\"683\" src=\"https:\/\/www.atelierdocaractere.pt\/wp-content\/uploads\/2023\/10\/c81833ff-51b5-0e27-6839-7ccc40de7456-1024x683.jpg\" alt=\"\" class=\"wp-image-11868\" srcset=\"https:\/\/www.atelierdocaractere.pt\/wp-content\/uploads\/2023\/10\/c81833ff-51b5-0e27-6839-7ccc40de7456-1024x683.jpg 1024w, https:\/\/www.atelierdocaractere.pt\/wp-content\/uploads\/2023\/10\/c81833ff-51b5-0e27-6839-7ccc40de7456-300x200.jpg 300w, https:\/\/www.atelierdocaractere.pt\/wp-content\/uploads\/2023\/10\/c81833ff-51b5-0e27-6839-7ccc40de7456-768x512.jpg 768w, https:\/\/www.atelierdocaractere.pt\/wp-content\/uploads\/2023\/10\/c81833ff-51b5-0e27-6839-7ccc40de7456-900x600.jpg 900w, https:\/\/www.atelierdocaractere.pt\/wp-content\/uploads\/2023\/10\/c81833ff-51b5-0e27-6839-7ccc40de7456-675x450.jpg 675w, https:\/\/www.atelierdocaractere.pt\/wp-content\/uploads\/2023\/10\/c81833ff-51b5-0e27-6839-7ccc40de7456.jpg 1200w\" sizes=\"(max-width: 1024px) 100vw, 1024px\" \/><\/figure>\n\n\n\n<p>Numa das suas extremidades, em Santa Comba D\u00e3o, esta rede de Ecopistas da CIM Viseu D\u00e3o Laf\u00f5es ter\u00e1 liga\u00e7\u00e3o com a futura&nbsp;<strong>Ecovia do Mondego<\/strong>, que ir\u00e1 at\u00e9 aos limites do concelho de Penacova, na CIM Regi\u00e3o de Coimbra; na outra extremidade, continuar\u00e1 por \u00c1gueda, Albergaria-a-Velha e Sever do Vouga, munic\u00edpios da CIM Regi\u00e3o de Aveiro, ligando-se ao corredor cicl\u00e1vel EuroVelo 1 \u2013&nbsp;<strong>Rota da Costa Atl\u00e2ntica<\/strong>, em Aveiro. Assim, aumentam ainda mais as possibilidades de desloca\u00e7\u00e3o por bicicleta na regi\u00e3o.<\/p>\n\n\n\n<p>As Ecopistas do Vouga e do D\u00e3o s\u00e3o vias principais, que atravessam todo o territ\u00f3rio e que t\u00eam a capacidade de agregar ou distribuir turistas ou visitantes pela regi\u00e3o. Desta forma, constituem eixos fundamentais na estrat\u00e9gia alargada de desenvolvimento do Turismo de Natureza por parte da CIM Viseu D\u00e3o Laf\u00f5es, nomeadamente do produto tur\u00edstico Walking &amp; Cycling, atrav\u00e9s das ecopistas, de percursos pedestres, de circuitos de trail e de circuitos de BTT. Na atualidade, a CIM disp\u00f5e de uma rede de percursos pedestres e cicl\u00e1veis, que conta com mais de 1700 quil\u00f3metros sinalizados e homologados nas respetivas federa\u00e7\u00f5es.<\/p>\n\n\n\n<figure class=\"wp-block-image size-large\"><img decoding=\"async\" width=\"1024\" height=\"683\" src=\"https:\/\/www.atelierdocaractere.pt\/wp-content\/uploads\/2023\/10\/ab7bd072-1e18-107f-88f6-f88885f473cc-1024x683.jpg\" alt=\"\" class=\"wp-image-11871\" srcset=\"https:\/\/www.atelierdocaractere.pt\/wp-content\/uploads\/2023\/10\/ab7bd072-1e18-107f-88f6-f88885f473cc-1024x683.jpg 1024w, https:\/\/www.atelierdocaractere.pt\/wp-content\/uploads\/2023\/10\/ab7bd072-1e18-107f-88f6-f88885f473cc-300x200.jpg 300w, https:\/\/www.atelierdocaractere.pt\/wp-content\/uploads\/2023\/10\/ab7bd072-1e18-107f-88f6-f88885f473cc-768x512.jpg 768w, https:\/\/www.atelierdocaractere.pt\/wp-content\/uploads\/2023\/10\/ab7bd072-1e18-107f-88f6-f88885f473cc-900x600.jpg 900w, https:\/\/www.atelierdocaractere.pt\/wp-content\/uploads\/2023\/10\/ab7bd072-1e18-107f-88f6-f88885f473cc-675x450.jpg 675w, https:\/\/www.atelierdocaractere.pt\/wp-content\/uploads\/2023\/10\/ab7bd072-1e18-107f-88f6-f88885f473cc.jpg 1200w\" sizes=\"(max-width: 1024px) 100vw, 1024px\" \/><\/figure>\n\n\n\n<p><strong>Declara\u00e7\u00f5es<\/strong><\/p>\n\n\n\n<p>Na cerim\u00f3nia de inaugura\u00e7\u00e3o,&nbsp;<strong>Fernando Ruas, Presidente da CIM Viseu D\u00e3o Laf\u00f5es<\/strong>, elogiou o facto de a Ecopista do Vouga resultar da conjuga\u00e7\u00e3o de v\u00e1rios esfor\u00e7os. \u201c<em>Foram quatro concelhos que, atrav\u00e9s da CIM, se reuniram para criar esta infraestrutura. \u00c9 um bom exemplo, a que damos muito valor, de desenvolvimento do territ\u00f3rio de uma forma integrada\u201d<\/em>, sublinhou.<em>&nbsp;\u201c\u00c9 simb\u00f3lico que estejamos reunidos no final da Ecopista do D\u00e3o, o \u2018monumento\u2019 mais visitado de Viseu. Talvez o SNS possa fazer contas connosco\u2026 n\u00e3o sei quanto poupamos em medicamentos e consultas com esta Ecopista. Acima de tudo, \u00e9 um equipamento que traz felicidade aos cidad\u00e3os\u201d<\/em>, acrescentou Fernando Ruas.<\/p>\n\n\n\n<p><em>\u201cCom esta liga\u00e7\u00e3o entre as duas, vamos ficar com uma das ecopistas mais desenvolvidas e compridas da Europa. \u00c9 uma infraestrutura que re\u00fane uma serie de produtos, que liga o BTT, os percursos pedestres, mas tamb\u00e9m alavanca os vinhos, o enoturismo o termalismo ou o patrim\u00f3nio. \u00c9 mais um elemento que nos ajuda ao desenvolvimento. \u00c9 com realiza\u00e7\u00f5es como esta que o interior vai fixando pessoas\u201d<\/em>, concluiu o Presidente da CIM Viseu D\u00e3o Laf\u00f5es.<\/p>\n\n\n\n<figure class=\"wp-block-image size-large\"><img decoding=\"async\" width=\"1024\" height=\"683\" src=\"https:\/\/www.atelierdocaractere.pt\/wp-content\/uploads\/2023\/10\/a10e82ba-1982-7044-8f6d-1c65abbe6797-1024x683.jpg\" alt=\"\" class=\"wp-image-11865\" srcset=\"https:\/\/www.atelierdocaractere.pt\/wp-content\/uploads\/2023\/10\/a10e82ba-1982-7044-8f6d-1c65abbe6797-1024x683.jpg 1024w, https:\/\/www.atelierdocaractere.pt\/wp-content\/uploads\/2023\/10\/a10e82ba-1982-7044-8f6d-1c65abbe6797-300x200.jpg 300w, https:\/\/www.atelierdocaractere.pt\/wp-content\/uploads\/2023\/10\/a10e82ba-1982-7044-8f6d-1c65abbe6797-768x512.jpg 768w, https:\/\/www.atelierdocaractere.pt\/wp-content\/uploads\/2023\/10\/a10e82ba-1982-7044-8f6d-1c65abbe6797-900x600.jpg 900w, https:\/\/www.atelierdocaractere.pt\/wp-content\/uploads\/2023\/10\/a10e82ba-1982-7044-8f6d-1c65abbe6797-675x450.jpg 675w, https:\/\/www.atelierdocaractere.pt\/wp-content\/uploads\/2023\/10\/a10e82ba-1982-7044-8f6d-1c65abbe6797.jpg 1200w\" sizes=\"(max-width: 1024px) 100vw, 1024px\" \/><\/figure>\n\n\n\n<p><strong>Raul Almeida, Presidente da Turismo Centro de Portugal<\/strong>, destacou o facto de a Ecopista do Vouga se enquadrar na estrat\u00e9gia regional e nacional de promo\u00e7\u00e3o tur\u00edstica.&nbsp;<em>\u201cQuero dar os parab\u00e9ns aos autarcas e \u00e0 CIM Viseu D\u00e3o Laf\u00f5es por este projeto. Este est\u00e1 alinhado com a estrat\u00e9gia do Turismo Centro de Portugal e do Turismo de Portugal, que coloca o Turismo de Natureza como um dos maiores ativos estrat\u00e9gicos da regi\u00e3o e do pa\u00eds. A Ecopista do Vouga cumpre tamb\u00e9m outros objetivos, como a possibilidade de desenvolvermos outros produtos relacionados, casos da gastronomia e do termalismo, e atenua os efeitos da interioridade, ao trazer mais os turistas para territ\u00f3rios de baixa densidade\u201d<\/em>, frisou Raul Almeida.<\/p>\n\n\n\n<p><em>\u201cDeixo o desafio de criarmos um grande anel de Ecopistas, que ligue as Ecopistas do D\u00e3o, do Vouga, do Mondego e a EuroVelo. Dessa forma, seria um anel completo, que atrairia ainda mais pessoas aos territ\u00f3rios da regi\u00e3o Centro de Portugal. Estamos c\u00e1 para vos ajudar a estruturar este produto\u201d<\/em>, adiantou o Presidente da Turismo Centro de Portugal.<\/p>\n\n\n\n<figure class=\"wp-block-image size-large\"><img decoding=\"async\" width=\"1024\" height=\"683\" src=\"https:\/\/www.atelierdocaractere.pt\/wp-content\/uploads\/2023\/10\/5f588b18-14af-447b-3575-e6e2e2bfe813-1024x683.jpg\" alt=\"\" class=\"wp-image-11866\" srcset=\"https:\/\/www.atelierdocaractere.pt\/wp-content\/uploads\/2023\/10\/5f588b18-14af-447b-3575-e6e2e2bfe813-1024x683.jpg 1024w, https:\/\/www.atelierdocaractere.pt\/wp-content\/uploads\/2023\/10\/5f588b18-14af-447b-3575-e6e2e2bfe813-300x200.jpg 300w, https:\/\/www.atelierdocaractere.pt\/wp-content\/uploads\/2023\/10\/5f588b18-14af-447b-3575-e6e2e2bfe813-768x512.jpg 768w, https:\/\/www.atelierdocaractere.pt\/wp-content\/uploads\/2023\/10\/5f588b18-14af-447b-3575-e6e2e2bfe813-900x600.jpg 900w, https:\/\/www.atelierdocaractere.pt\/wp-content\/uploads\/2023\/10\/5f588b18-14af-447b-3575-e6e2e2bfe813-675x450.jpg 675w, https:\/\/www.atelierdocaractere.pt\/wp-content\/uploads\/2023\/10\/5f588b18-14af-447b-3575-e6e2e2bfe813.jpg 1200w\" sizes=\"(max-width: 1024px) 100vw, 1024px\" \/><\/figure>\n\n\n\n<p>A encerrar a sess\u00e3o, a&nbsp;<strong>Ministra da Coes\u00e3o Territorial, Ana Abrunhosa<\/strong>, recordou que&nbsp;<em>\u201cfoi neste mesmo local que inaugur\u00e1mos a Ecopista do D\u00e3o. \u00c9 muito bom que os territ\u00f3rios tenham estrat\u00e9gias que continuem no tempo e que envolvam todos os atores. \u00c9 isso que faz a diferen\u00e7a\u201d<\/em>.<\/p>\n\n\n\n<p><em>\u201cA Ecopista do Vouga est\u00e1 aqui. Foi feita com o esfor\u00e7o de todos e com a vis\u00e3o e lideran\u00e7a da CIM Viseu D\u00e3o Laf\u00f5es. Elogio a forma como os autarcas t\u00eam trabalhado em conjunto em projetos intermunicipais. \u00c9 um exemplo que deram e est\u00e3o a dar ao pa\u00eds. Mesmo que no imediato n\u00e3o sejam vis\u00edveis, os projetos intermunicipais beneficiam todo o territ\u00f3rio. O Governo ajuda e cria condi\u00e7\u00f5es para que as coisas se fa\u00e7am, mas se os autarcas n\u00e3o se unirem, n\u00e3o se faz o caminho\u201d<\/em>, considerou a governante.<\/p>\n\n\n\n<p><em>\u201cGra\u00e7as \u00e0 CIM, a marca Viseu D\u00e3o Laf\u00f5es \u00e9 hoje uma marca implantada a n\u00edvel nacional e internacional, evid\u00eancia de que quando h\u00e1 uma estrat\u00e9gia, alcan\u00e7am-se resultados. Tamb\u00e9m aqui deram um exemplo ao pa\u00eds\u201d<\/em>, concluiu a ministra.<\/p>\n\n\n\n<figure class=\"wp-block-image size-large\"><img decoding=\"async\" width=\"1024\" height=\"683\" src=\"https:\/\/www.atelierdocaractere.pt\/wp-content\/uploads\/2023\/10\/cb8bcdaa-7a9a-c035-8b74-8c051f267932-1024x683.jpg\" alt=\"\" class=\"wp-image-11867\" srcset=\"https:\/\/www.atelierdocaractere.pt\/wp-content\/uploads\/2023\/10\/cb8bcdaa-7a9a-c035-8b74-8c051f267932-1024x683.jpg 1024w, https:\/\/www.atelierdocaractere.pt\/wp-content\/uploads\/2023\/10\/cb8bcdaa-7a9a-c035-8b74-8c051f267932-300x200.jpg 300w, https:\/\/www.atelierdocaractere.pt\/wp-content\/uploads\/2023\/10\/cb8bcdaa-7a9a-c035-8b74-8c051f267932-768x512.jpg 768w, https:\/\/www.atelierdocaractere.pt\/wp-content\/uploads\/2023\/10\/cb8bcdaa-7a9a-c035-8b74-8c051f267932-900x600.jpg 900w, https:\/\/www.atelierdocaractere.pt\/wp-content\/uploads\/2023\/10\/cb8bcdaa-7a9a-c035-8b74-8c051f267932-675x450.jpg 675w, https:\/\/www.atelierdocaractere.pt\/wp-content\/uploads\/2023\/10\/cb8bcdaa-7a9a-c035-8b74-8c051f267932.jpg 1200w\" sizes=\"(max-width: 1024px) 100vw, 1024px\" \/><\/figure>\n\n\n\n<p><strong>Sobre a CIM Viseu D\u00e3o Laf\u00f5es:<\/strong><br>A CIM Viseu D\u00e3o Laf\u00f5es \u00e9 uma associa\u00e7\u00e3o de munic\u00edpios, denominada como Comunidade Intermunicipal, sendo constitu\u00edda pelos munic\u00edpios de\u00a0Aguiar da Beira, Carregal do Sal, Castro Daire, Mangualde, Nelas, Oliveira de Frades, Penalva do Castelo, Santa Comba D\u00e3o, S\u00e3o Pedro do Sul, S\u00e1t\u00e3o, Tondela, Vila Nova de Paiva, Viseu e Vouzela.<\/p>\n","protected":false},"excerpt":{"rendered":"<p>\u2022 Ecopista do Vouga liga-se \u00e0 Ecopista do D\u00e3o, em Viseu, o que permite percorrer 114 quil\u00f3metros de forma ininterrupta&#8230;.<\/p>\n","protected":false},"author":7,"featured_media":11861,"comment_status":"closed","ping_status":"open","sticky":false,"template":"","format":"standard","meta":[],"categories":[39],"tags":[637,636],"yoast_head":"<!-- This site is optimized with the Yoast SEO plugin v20.12 - https:\/\/yoast.com\/wordpress\/plugins\/seo\/ -->\n<title>Ecopista do Vouga: inaugurada uma nova porta de entrada para os territ\u00f3rios de Viseu D\u00e3o Laf\u00f5es - Atelier do Caractere<\/title>\n<meta name=\"robots\" content=\"index, follow, max-snippet:-1, max-image-preview:large, max-video-preview:-1\" \/>\n<link rel=\"canonical\" href=\"https:\/\/www.atelierdocaractere.pt\/brevemente\/ecopista-do-vouga-inaugurada-uma-nova-porta-de-entrada-para-os-territorios-de-viseu-dao-lafoes\/\" \/>\n<meta property=\"og:locale\" content=\"pt_PT\" \/>\n<meta property=\"og:type\" content=\"article\" \/>\n<meta property=\"og:title\" content=\"Ecopista do Vouga: inaugurada uma nova porta de entrada para os territ\u00f3rios de Viseu D\u00e3o Laf\u00f5es - Atelier do Caractere\" \/>\n<meta property=\"og:description\" content=\"\u2022 Ecopista do Vouga liga-se \u00e0 Ecopista do D\u00e3o, em Viseu, o que permite percorrer 114 quil\u00f3metros de forma ininterrupta....\" \/>\n<meta property=\"og:url\" content=\"https:\/\/www.atelierdocaractere.pt\/brevemente\/ecopista-do-vouga-inaugurada-uma-nova-porta-de-entrada-para-os-territorios-de-viseu-dao-lafoes\/\" \/>\n<meta property=\"og:site_name\" content=\"Atelier do Caractere\" \/>\n<meta property=\"article:publisher\" content=\"https:\/\/www.facebook.com\/AtelierdoCaractere\" \/>\n<meta property=\"article:published_time\" content=\"2023-10-06T18:46:03+00:00\" \/>\n<meta property=\"article:modified_time\" content=\"2023-10-06T18:46:06+00:00\" \/>\n<meta property=\"og:image\" content=\"https:\/\/www.atelierdocaractere.pt\/wp-content\/uploads\/2023\/10\/6456251d-2145-89ed-86a0-d393929220a6.jpg\" \/>\n\t<meta property=\"og:image:width\" content=\"1200\" \/>\n\t<meta property=\"og:image:height\" content=\"800\" \/>\n\t<meta property=\"og:image:type\" content=\"image\/jpeg\" \/>\n<meta name=\"author\" content=\"Joana Barbosa\" \/>\n<meta name=\"twitter:card\" content=\"summary_large_image\" \/>\n<meta name=\"twitter:label1\" content=\"Escrito por\" \/>\n\t<meta name=\"twitter:data1\" content=\"Joana Barbosa\" \/>\n\t<meta name=\"twitter:label2\" content=\"Tempo estimado de leitura\" \/>\n\t<meta name=\"twitter:data2\" content=\"8 minutos\" \/>\n<script type=\"application\/ld+json\" class=\"yoast-schema-graph\">{\"@context\":\"https:\/\/schema.org\",\"@graph\":[{\"@type\":\"WebPage\",\"@id\":\"https:\/\/www.atelierdocaractere.pt\/brevemente\/ecopista-do-vouga-inaugurada-uma-nova-porta-de-entrada-para-os-territorios-de-viseu-dao-lafoes\/\",\"url\":\"https:\/\/www.atelierdocaractere.pt\/brevemente\/ecopista-do-vouga-inaugurada-uma-nova-porta-de-entrada-para-os-territorios-de-viseu-dao-lafoes\/\",\"name\":\"Ecopista do Vouga: inaugurada uma nova porta de entrada para os territ\u00f3rios de Viseu D\u00e3o Laf\u00f5es - Atelier do Caractere\",\"isPartOf\":{\"@id\":\"https:\/\/www.atelierdocaractere.pt\/brevemente\/#website\"},\"datePublished\":\"2023-10-06T18:46:03+00:00\",\"dateModified\":\"2023-10-06T18:46:06+00:00\",\"author\":{\"@id\":\"https:\/\/www.atelierdocaractere.pt\/brevemente\/#\/schema\/person\/f2f096eb0f27d9894725af22cb97c0db\"},\"breadcrumb\":{\"@id\":\"https:\/\/www.atelierdocaractere.pt\/brevemente\/ecopista-do-vouga-inaugurada-uma-nova-porta-de-entrada-para-os-territorios-de-viseu-dao-lafoes\/#breadcrumb\"},\"inLanguage\":\"pt-PT\",\"potentialAction\":[{\"@type\":\"ReadAction\",\"target\":[\"https:\/\/www.atelierdocaractere.pt\/brevemente\/ecopista-do-vouga-inaugurada-uma-nova-porta-de-entrada-para-os-territorios-de-viseu-dao-lafoes\/\"]}]},{\"@type\":\"BreadcrumbList\",\"@id\":\"https:\/\/www.atelierdocaractere.pt\/brevemente\/ecopista-do-vouga-inaugurada-uma-nova-porta-de-entrada-para-os-territorios-de-viseu-dao-lafoes\/#breadcrumb\",\"itemListElement\":[{\"@type\":\"ListItem\",\"position\":1,\"name\":\"In\u00edcio\",\"item\":\"https:\/\/www.atelierdocaractere.pt\/brevemente\/\"},{\"@type\":\"ListItem\",\"position\":2,\"name\":\"Ecopista do Vouga: inaugurada uma nova porta de entrada para os territ\u00f3rios de Viseu D\u00e3o Laf\u00f5es\"}]},{\"@type\":\"WebSite\",\"@id\":\"https:\/\/www.atelierdocaractere.pt\/brevemente\/#website\",\"url\":\"https:\/\/www.atelierdocaractere.pt\/brevemente\/\",\"name\":\"Atelier do Caractere\",\"description\":\"\",\"potentialAction\":[{\"@type\":\"SearchAction\",\"target\":{\"@type\":\"EntryPoint\",\"urlTemplate\":\"https:\/\/www.atelierdocaractere.pt\/brevemente\/?s={search_term_string}\"},\"query-input\":\"required name=search_term_string\"}],\"inLanguage\":\"pt-PT\"},{\"@type\":\"Person\",\"@id\":\"https:\/\/www.atelierdocaractere.pt\/brevemente\/#\/schema\/person\/f2f096eb0f27d9894725af22cb97c0db\",\"name\":\"Joana Barbosa\",\"image\":{\"@type\":\"ImageObject\",\"inLanguage\":\"pt-PT\",\"@id\":\"https:\/\/www.atelierdocaractere.pt\/brevemente\/#\/schema\/person\/image\/\",\"url\":\"https:\/\/secure.gravatar.com\/avatar\/33e8214b45e9d68a3a83008731075979?s=96&d=mm&r=g\",\"contentUrl\":\"https:\/\/secure.gravatar.com\/avatar\/33e8214b45e9d68a3a83008731075979?s=96&d=mm&r=g\",\"caption\":\"Joana Barbosa\"},\"url\":\"https:\/\/www.atelierdocaractere.pt\/brevemente\/author\/joanabarbosa\/\"}]}<\/script>\n<!-- \/ Yoast SEO plugin. -->","yoast_head_json":{"title":"Ecopista do Vouga: inaugurada uma nova porta de entrada para os territ\u00f3rios de Viseu D\u00e3o Laf\u00f5es - Atelier do Caractere","robots":{"index":"index","follow":"follow","max-snippet":"max-snippet:-1","max-image-preview":"max-image-preview:large","max-video-preview":"max-video-preview:-1"},"canonical":"https:\/\/www.atelierdocaractere.pt\/brevemente\/ecopista-do-vouga-inaugurada-uma-nova-porta-de-entrada-para-os-territorios-de-viseu-dao-lafoes\/","og_locale":"pt_PT","og_type":"article","og_title":"Ecopista do Vouga: inaugurada uma nova porta de entrada para os territ\u00f3rios de Viseu D\u00e3o Laf\u00f5es - Atelier do Caractere","og_description":"\u2022 Ecopista do Vouga liga-se \u00e0 Ecopista do D\u00e3o, em Viseu, o que permite percorrer 114 quil\u00f3metros de forma ininterrupta....","og_url":"https:\/\/www.atelierdocaractere.pt\/brevemente\/ecopista-do-vouga-inaugurada-uma-nova-porta-de-entrada-para-os-territorios-de-viseu-dao-lafoes\/","og_site_name":"Atelier do Caractere","article_publisher":"https:\/\/www.facebook.com\/AtelierdoCaractere","article_published_time":"2023-10-06T18:46:03+00:00","article_modified_time":"2023-10-06T18:46:06+00:00","og_image":[{"width":1200,"height":800,"url":"https:\/\/www.atelierdocaractere.pt\/wp-content\/uploads\/2023\/10\/6456251d-2145-89ed-86a0-d393929220a6.jpg","type":"image\/jpeg"}],"author":"Joana Barbosa","twitter_card":"summary_large_image","twitter_misc":{"Escrito por":"Joana Barbosa","Tempo estimado de leitura":"8 minutos"},"schema":{"@context":"https:\/\/schema.org","@graph":[{"@type":"WebPage","@id":"https:\/\/www.atelierdocaractere.pt\/brevemente\/ecopista-do-vouga-inaugurada-uma-nova-porta-de-entrada-para-os-territorios-de-viseu-dao-lafoes\/","url":"https:\/\/www.atelierdocaractere.pt\/brevemente\/ecopista-do-vouga-inaugurada-uma-nova-porta-de-entrada-para-os-territorios-de-viseu-dao-lafoes\/","name":"Ecopista do Vouga: inaugurada uma nova porta de entrada para os territ\u00f3rios de Viseu D\u00e3o Laf\u00f5es - Atelier do Caractere","isPartOf":{"@id":"https:\/\/www.atelierdocaractere.pt\/brevemente\/#website"},"datePublished":"2023-10-06T18:46:03+00:00","dateModified":"2023-10-06T18:46:06+00:00","author":{"@id":"https:\/\/www.atelierdocaractere.pt\/brevemente\/#\/schema\/person\/f2f096eb0f27d9894725af22cb97c0db"},"breadcrumb":{"@id":"https:\/\/www.atelierdocaractere.pt\/brevemente\/ecopista-do-vouga-inaugurada-uma-nova-porta-de-entrada-para-os-territorios-de-viseu-dao-lafoes\/#breadcrumb"},"inLanguage":"pt-PT","potentialAction":[{"@type":"ReadAction","target":["https:\/\/www.atelierdocaractere.pt\/brevemente\/ecopista-do-vouga-inaugurada-uma-nova-porta-de-entrada-para-os-territorios-de-viseu-dao-lafoes\/"]}]},{"@type":"BreadcrumbList","@id":"https:\/\/www.atelierdocaractere.pt\/brevemente\/ecopista-do-vouga-inaugurada-uma-nova-porta-de-entrada-para-os-territorios-de-viseu-dao-lafoes\/#breadcrumb","itemListElement":[{"@type":"ListItem","position":1,"name":"In\u00edcio","item":"https:\/\/www.atelierdocaractere.pt\/brevemente\/"},{"@type":"ListItem","position":2,"name":"Ecopista do Vouga: inaugurada uma nova porta de entrada para os territ\u00f3rios de Viseu D\u00e3o Laf\u00f5es"}]},{"@type":"WebSite","@id":"https:\/\/www.atelierdocaractere.pt\/brevemente\/#website","url":"https:\/\/www.atelierdocaractere.pt\/brevemente\/","name":"Atelier do Caractere","description":"","potentialAction":[{"@type":"SearchAction","target":{"@type":"EntryPoint","urlTemplate":"https:\/\/www.atelierdocaractere.pt\/brevemente\/?s={search_term_string}"},"query-input":"required name=search_term_string"}],"inLanguage":"pt-PT"},{"@type":"Person","@id":"https:\/\/www.atelierdocaractere.pt\/brevemente\/#\/schema\/person\/f2f096eb0f27d9894725af22cb97c0db","name":"Joana Barbosa","image":{"@type":"ImageObject","inLanguage":"pt-PT","@id":"https:\/\/www.atelierdocaractere.pt\/brevemente\/#\/schema\/person\/image\/","url":"https:\/\/secure.gravatar.com\/avatar\/33e8214b45e9d68a3a83008731075979?s=96&d=mm&r=g","contentUrl":"https:\/\/secure.gravatar.com\/avatar\/33e8214b45e9d68a3a83008731075979?s=96&d=mm&r=g","caption":"Joana Barbosa"},"url":"https:\/\/www.atelierdocaractere.pt\/brevemente\/author\/joanabarbosa\/"}]}},"_links":{"self":[{"href":"https:\/\/www.atelierdocaractere.pt\/brevemente\/wp-json\/wp\/v2\/posts\/11860"}],"collection":[{"href":"https:\/\/www.atelierdocaractere.pt\/brevemente\/wp-json\/wp\/v2\/posts"}],"about":[{"href":"https:\/\/www.atelierdocaractere.pt\/brevemente\/wp-json\/wp\/v2\/types\/post"}],"author":[{"embeddable":true,"href":"https:\/\/www.atelierdocaractere.pt\/brevemente\/wp-json\/wp\/v2\/users\/7"}],"replies":[{"embeddable":true,"href":"https:\/\/www.atelierdocaractere.pt\/brevemente\/wp-json\/wp\/v2\/comments?post=11860"}],"version-history":[{"count":1,"href":"https:\/\/www.atelierdocaractere.pt\/brevemente\/wp-json\/wp\/v2\/posts\/11860\/revisions"}],"predecessor-version":[{"id":11872,"href":"https:\/\/www.atelierdocaractere.pt\/brevemente\/wp-json\/wp\/v2\/posts\/11860\/revisions\/11872"}],"wp:featuredmedia":[{"embeddable":true,"href":"https:\/\/www.atelierdocaractere.pt\/brevemente\/wp-json\/wp\/v2\/media\/11861"}],"wp:attachment":[{"href":"https:\/\/www.atelierdocaractere.pt\/brevemente\/wp-json\/wp\/v2\/media?parent=11860"}],"wp:term":[{"taxonomy":"category","embeddable":true,"href":"https:\/\/www.atelierdocaractere.pt\/brevemente\/wp-json\/wp\/v2\/categories?post=11860"},{"taxonomy":"post_tag","embeddable":true,"href":"https:\/\/www.atelierdocaractere.pt\/brevemente\/wp-json\/wp\/v2\/tags?post=11860"}],"curies":[{"name":"wp","href":"https:\/\/api.w.org\/{rel}","templated":true}]}}