{"id":11873,"date":"2023-10-06T19:01:43","date_gmt":"2023-10-06T19:01:43","guid":{"rendered":"https:\/\/www.atelierdocaractere.pt\/brevemente\/?p=11873"},"modified":"2023-10-06T19:01:46","modified_gmt":"2023-10-06T19:01:46","slug":"turismo-do-centro-considera-que-ecopista-do-vouga-e-oportunidade-para-ligar-a-regiao-atraves-de-anel-de-ecopistas","status":"publish","type":"post","link":"https:\/\/www.atelierdocaractere.pt\/brevemente\/turismo-do-centro-considera-que-ecopista-do-vouga-e-oportunidade-para-ligar-a-regiao-atraves-de-anel-de-ecopistas\/","title":{"rendered":"Turismo do Centro considera que Ecopista do Vouga \u00e9 oportunidade para ligar a regi\u00e3o atrav\u00e9s de anel de ecopistas"},"content":{"rendered":"\n<p><strong>\u00b7\u00a0Ecopista do Vouga, hoje inaugurada em Viseu, fica ligada \u00e0 Ecopista do D\u00e3o, o que permite percorrer 114 quil\u00f3metros de forma ininterrupta. Estrat\u00e9gia passa por alargar anel a outros territ\u00f3rios da regi\u00e3o<\/strong><\/p>\n\n\n\n<p><strong>Raul Almeida<\/strong>, presidente da&nbsp;<strong>Turismo Centro de Portugal<\/strong>, desafiou hoje os autarcas da regi\u00e3o a ligarem os territ\u00f3rios atrav\u00e9s de um anel de ecopistas. O desafio foi lan\u00e7ado, na inaugura\u00e7\u00e3o da&nbsp;<strong>Ecopista do Vouga<\/strong>, em Viseu.<\/p>\n\n\n\n<p><em>\u201cDeixo o desafio de criarmos um grande anel de Ecopistas, que ligue as Ecopistas do D\u00e3o, do Vouga, do Mondego e a EuroVelo \u2013 Rota da Costa Atl\u00e2ntica. Dessa forma, ficaria fechado um anel completo, que atrairia ainda mais pessoas aos territ\u00f3rios da regi\u00e3o Centro de Portugal. A Turismo Centro de Portugal esta c\u00e1 para vos ajudar a estruturar este produto\u201d<\/em>, sublinhou Raul Almeida.<\/p>\n\n\n\n<p>Na mesma interven\u00e7\u00e3o, Raul Almeida elogiou a Comunidade Intermunicipal (CIM) Viseu D\u00e3o Laf\u00f5es, pelo facto de a Ecopista do Vouga se enquadrar na estrat\u00e9gia regional e nacional de promo\u00e7\u00e3o tur\u00edstica.&nbsp;<em>\u201cQuero dar os parab\u00e9ns aos autarcas e \u00e0 CIM Viseu D\u00e3o Laf\u00f5es por este projeto. Este est\u00e1 alinhado com a estrat\u00e9gia do Turismo Centro de Portugal e do Turismo de Portugal, que coloca o Turismo de Natureza como um dos maiores ativos estrat\u00e9gicos da regi\u00e3o e do pa\u00eds. A Ecopista do Vouga cumpre tamb\u00e9m outros objetivos, como a possibilidade de desenvolvermos outros produtos relacionados, casos da gastronomia e do termalismo, e atenua os efeitos da interioridade, ao trazer mais os turistas para territ\u00f3rios de baixa densidade\u201d<\/em>, frisou Raul Almeida.<\/p>\n\n\n\n<figure class=\"wp-block-image size-full\"><img decoding=\"async\" width=\"1024\" height=\"768\" src=\"https:\/\/www.atelierdocaractere.pt\/wp-content\/uploads\/2023\/10\/79efdb5a-9b87-cfbe-7a6a-4fc17daa7e45.jpg\" alt=\"\" class=\"wp-image-11875\" srcset=\"https:\/\/www.atelierdocaractere.pt\/wp-content\/uploads\/2023\/10\/79efdb5a-9b87-cfbe-7a6a-4fc17daa7e45.jpg 1024w, https:\/\/www.atelierdocaractere.pt\/wp-content\/uploads\/2023\/10\/79efdb5a-9b87-cfbe-7a6a-4fc17daa7e45-300x225.jpg 300w, https:\/\/www.atelierdocaractere.pt\/wp-content\/uploads\/2023\/10\/79efdb5a-9b87-cfbe-7a6a-4fc17daa7e45-768x576.jpg 768w\" sizes=\"(max-width: 1024px) 100vw, 1024px\" \/><\/figure>\n\n\n\n<p>A inaugura\u00e7\u00e3o da&nbsp;<strong>Ecopista do Vouga<\/strong>&nbsp;foi presidida pela&nbsp;<strong>Ministra da Coes\u00e3o Territorial, Ana Abrunhosa<\/strong>. Com uma extens\u00e3o total de 65 quil\u00f3metros, este equipamento interliga-se com a&nbsp;<strong>Ecopista do D\u00e3o<\/strong>, sendo poss\u00edvel percorrer, a p\u00e9 ou de bicicleta, e de forma ininterrupta, 114 quil\u00f3metros na regi\u00e3o Viseu D\u00e3o Laf\u00f5es. Esta passa a ser, assim, a maior ecopista cont\u00ednua do pa\u00eds.<\/p>\n\n\n\n<p>A cerim\u00f3nia de inaugura\u00e7\u00e3o contou tamb\u00e9m com a presen\u00e7a de&nbsp;<strong>Fernando Ruas<\/strong>, Presidente da Comunidade Intermunicipal (CIM) Viseu D\u00e3o Laf\u00f5es,&nbsp;<strong>Lu\u00eds Filipe<\/strong>, em representa\u00e7\u00e3o da CCDR-Centro, e dos autarcas dos restantes munic\u00edpios por onde passa a Ecopista do Vouga:&nbsp;<strong>Rui Ladeira&nbsp;<\/strong>(Vouzela),&nbsp;<strong>V\u00edtor Figueiredo&nbsp;<\/strong>(S\u00e3o Pedro do Sul) e&nbsp;<strong>Jo\u00e3o Val\u00e9rio<\/strong>&nbsp;(Oliveira de Frades).<\/p>\n\n\n\n<p>O projeto resultou de uma parceria entre a CIM Viseu D\u00e3o Laf\u00f5es e os munic\u00edpios de Viseu, S\u00e3o Pedro do Sul, Vouzela e Oliveira de Frades. O investimento total ascende a 4,1 milh\u00f5es de euros, dos quais 2 milh\u00f5es resultam de um apoio do Turismo de Portugal e o restante \u00e9 investimento dos munic\u00edpios.<\/p>\n\n\n\n<p>A liga\u00e7\u00e3o \u00e0 Ecopista do D\u00e3o \u2013 que percorre os munic\u00edpios de Tondela e Santa Comba D\u00e3o \u2013 acontece em Viseu.\u00a0<strong>Juntas, a Ecopista do Vouga e a Ecopista do D\u00e3o percorrem seis munic\u00edpios da CIM Viseu D\u00e3o Laf\u00f5es<\/strong>: Oliveira de Frades, Vouzela, S\u00e3o Pedro do Sul, Viseu, Tondela e Santa Comba D\u00e3o.<\/p>\n\n\n\n<figure class=\"wp-block-image size-large\"><img decoding=\"async\" width=\"1024\" height=\"768\" src=\"https:\/\/www.atelierdocaractere.pt\/wp-content\/uploads\/2023\/10\/dcef3467-2999-e2bb-3cae-ef825da4280b-1024x768.jpg\" alt=\"\" class=\"wp-image-11874\" srcset=\"https:\/\/www.atelierdocaractere.pt\/wp-content\/uploads\/2023\/10\/dcef3467-2999-e2bb-3cae-ef825da4280b-1024x768.jpg 1024w, https:\/\/www.atelierdocaractere.pt\/wp-content\/uploads\/2023\/10\/dcef3467-2999-e2bb-3cae-ef825da4280b-300x225.jpg 300w, https:\/\/www.atelierdocaractere.pt\/wp-content\/uploads\/2023\/10\/dcef3467-2999-e2bb-3cae-ef825da4280b-768x576.jpg 768w, https:\/\/www.atelierdocaractere.pt\/wp-content\/uploads\/2023\/10\/dcef3467-2999-e2bb-3cae-ef825da4280b.jpg 1200w\" sizes=\"(max-width: 1024px) 100vw, 1024px\" \/><\/figure>\n\n\n\n<p><strong>Sobre o Turismo Centro de Portugal:<\/strong><\/p>\n\n\n\n<p>O Turismo Centro de Portugal \u00e9 a entidade que estrutura e promove o turismo na Regi\u00e3o Centro do pa\u00eds. Esta \u00e9 a maior e mais diversificada \u00e1rea tur\u00edstica nacional, abrangendo 100 munic\u00edpios, e tem registado um intenso crescimento da procura interna e externa. \u00c9 a regi\u00e3o a escolher para quem pretende experi\u00eancias diversificadas, pois concilia locais Patrim\u00f3nio da Humanidade com a melhor costa de surf da Europa, termas e spas id\u00edlicos, locais de culto de import\u00e2ncia mundial e as mais belas aldeias.<\/p>\n","protected":false},"excerpt":{"rendered":"<p>\u00b7\u00a0Ecopista do Vouga, hoje inaugurada em Viseu, fica ligada \u00e0 Ecopista do D\u00e3o, o que permite percorrer 114 quil\u00f3metros de&#8230;<\/p>\n","protected":false},"author":7,"featured_media":11876,"comment_status":"closed","ping_status":"open","sticky":false,"template":"","format":"standard","meta":[],"categories":[39],"tags":[637,345],"yoast_head":"<!-- This site is optimized with the Yoast SEO plugin v20.12 - https:\/\/yoast.com\/wordpress\/plugins\/seo\/ -->\n<title>Turismo do Centro considera que Ecopista do Vouga \u00e9 oportunidade para ligar a regi\u00e3o atrav\u00e9s de anel de ecopistas - Atelier do Caractere<\/title>\n<meta name=\"robots\" content=\"index, follow, max-snippet:-1, max-image-preview:large, max-video-preview:-1\" \/>\n<link rel=\"canonical\" href=\"https:\/\/www.atelierdocaractere.pt\/brevemente\/turismo-do-centro-considera-que-ecopista-do-vouga-e-oportunidade-para-ligar-a-regiao-atraves-de-anel-de-ecopistas\/\" \/>\n<meta property=\"og:locale\" content=\"pt_PT\" \/>\n<meta property=\"og:type\" content=\"article\" \/>\n<meta property=\"og:title\" content=\"Turismo do Centro considera que Ecopista do Vouga \u00e9 oportunidade para ligar a regi\u00e3o atrav\u00e9s de anel de ecopistas - Atelier do Caractere\" \/>\n<meta property=\"og:description\" content=\"\u00b7\u00a0Ecopista do Vouga, hoje inaugurada em Viseu, fica ligada \u00e0 Ecopista do D\u00e3o, o que permite percorrer 114 quil\u00f3metros de...\" \/>\n<meta property=\"og:url\" content=\"https:\/\/www.atelierdocaractere.pt\/brevemente\/turismo-do-centro-considera-que-ecopista-do-vouga-e-oportunidade-para-ligar-a-regiao-atraves-de-anel-de-ecopistas\/\" \/>\n<meta property=\"og:site_name\" content=\"Atelier do Caractere\" \/>\n<meta property=\"article:publisher\" content=\"https:\/\/www.facebook.com\/AtelierdoCaractere\" \/>\n<meta property=\"article:published_time\" content=\"2023-10-06T19:01:43+00:00\" \/>\n<meta property=\"article:modified_time\" content=\"2023-10-06T19:01:46+00:00\" \/>\n<meta property=\"og:image\" content=\"https:\/\/www.atelierdocaractere.pt\/wp-content\/uploads\/2023\/10\/c07a6236-d5ff-2569-5e86-4ae9c4fe85c7.jpg\" \/>\n\t<meta property=\"og:image:width\" content=\"1200\" \/>\n\t<meta property=\"og:image:height\" content=\"900\" \/>\n\t<meta property=\"og:image:type\" content=\"image\/jpeg\" \/>\n<meta name=\"author\" content=\"Joana Barbosa\" \/>\n<meta name=\"twitter:card\" content=\"summary_large_image\" \/>\n<meta name=\"twitter:label1\" content=\"Escrito por\" \/>\n\t<meta name=\"twitter:data1\" content=\"Joana Barbosa\" \/>\n\t<meta name=\"twitter:label2\" content=\"Tempo estimado de leitura\" \/>\n\t<meta name=\"twitter:data2\" content=\"4 minutos\" \/>\n<script type=\"application\/ld+json\" class=\"yoast-schema-graph\">{\"@context\":\"https:\/\/schema.org\",\"@graph\":[{\"@type\":\"WebPage\",\"@id\":\"https:\/\/www.atelierdocaractere.pt\/brevemente\/turismo-do-centro-considera-que-ecopista-do-vouga-e-oportunidade-para-ligar-a-regiao-atraves-de-anel-de-ecopistas\/\",\"url\":\"https:\/\/www.atelierdocaractere.pt\/brevemente\/turismo-do-centro-considera-que-ecopista-do-vouga-e-oportunidade-para-ligar-a-regiao-atraves-de-anel-de-ecopistas\/\",\"name\":\"Turismo do Centro considera que Ecopista do Vouga \u00e9 oportunidade para ligar a regi\u00e3o atrav\u00e9s de anel de ecopistas - Atelier do Caractere\",\"isPartOf\":{\"@id\":\"https:\/\/www.atelierdocaractere.pt\/brevemente\/#website\"},\"datePublished\":\"2023-10-06T19:01:43+00:00\",\"dateModified\":\"2023-10-06T19:01:46+00:00\",\"author\":{\"@id\":\"https:\/\/www.atelierdocaractere.pt\/brevemente\/#\/schema\/person\/f2f096eb0f27d9894725af22cb97c0db\"},\"breadcrumb\":{\"@id\":\"https:\/\/www.atelierdocaractere.pt\/brevemente\/turismo-do-centro-considera-que-ecopista-do-vouga-e-oportunidade-para-ligar-a-regiao-atraves-de-anel-de-ecopistas\/#breadcrumb\"},\"inLanguage\":\"pt-PT\",\"potentialAction\":[{\"@type\":\"ReadAction\",\"target\":[\"https:\/\/www.atelierdocaractere.pt\/brevemente\/turismo-do-centro-considera-que-ecopista-do-vouga-e-oportunidade-para-ligar-a-regiao-atraves-de-anel-de-ecopistas\/\"]}]},{\"@type\":\"BreadcrumbList\",\"@id\":\"https:\/\/www.atelierdocaractere.pt\/brevemente\/turismo-do-centro-considera-que-ecopista-do-vouga-e-oportunidade-para-ligar-a-regiao-atraves-de-anel-de-ecopistas\/#breadcrumb\",\"itemListElement\":[{\"@type\":\"ListItem\",\"position\":1,\"name\":\"In\u00edcio\",\"item\":\"https:\/\/www.atelierdocaractere.pt\/brevemente\/\"},{\"@type\":\"ListItem\",\"position\":2,\"name\":\"Turismo do Centro considera que Ecopista do Vouga \u00e9 oportunidade para ligar a regi\u00e3o atrav\u00e9s de anel de ecopistas\"}]},{\"@type\":\"WebSite\",\"@id\":\"https:\/\/www.atelierdocaractere.pt\/brevemente\/#website\",\"url\":\"https:\/\/www.atelierdocaractere.pt\/brevemente\/\",\"name\":\"Atelier do Caractere\",\"description\":\"\",\"potentialAction\":[{\"@type\":\"SearchAction\",\"target\":{\"@type\":\"EntryPoint\",\"urlTemplate\":\"https:\/\/www.atelierdocaractere.pt\/brevemente\/?s={search_term_string}\"},\"query-input\":\"required name=search_term_string\"}],\"inLanguage\":\"pt-PT\"},{\"@type\":\"Person\",\"@id\":\"https:\/\/www.atelierdocaractere.pt\/brevemente\/#\/schema\/person\/f2f096eb0f27d9894725af22cb97c0db\",\"name\":\"Joana Barbosa\",\"image\":{\"@type\":\"ImageObject\",\"inLanguage\":\"pt-PT\",\"@id\":\"https:\/\/www.atelierdocaractere.pt\/brevemente\/#\/schema\/person\/image\/\",\"url\":\"https:\/\/secure.gravatar.com\/avatar\/33e8214b45e9d68a3a83008731075979?s=96&d=mm&r=g\",\"contentUrl\":\"https:\/\/secure.gravatar.com\/avatar\/33e8214b45e9d68a3a83008731075979?s=96&d=mm&r=g\",\"caption\":\"Joana Barbosa\"},\"url\":\"https:\/\/www.atelierdocaractere.pt\/brevemente\/author\/joanabarbosa\/\"}]}<\/script>\n<!-- \/ Yoast SEO plugin. -->","yoast_head_json":{"title":"Turismo do Centro considera que Ecopista do Vouga \u00e9 oportunidade para ligar a regi\u00e3o atrav\u00e9s de anel de ecopistas - Atelier do Caractere","robots":{"index":"index","follow":"follow","max-snippet":"max-snippet:-1","max-image-preview":"max-image-preview:large","max-video-preview":"max-video-preview:-1"},"canonical":"https:\/\/www.atelierdocaractere.pt\/brevemente\/turismo-do-centro-considera-que-ecopista-do-vouga-e-oportunidade-para-ligar-a-regiao-atraves-de-anel-de-ecopistas\/","og_locale":"pt_PT","og_type":"article","og_title":"Turismo do Centro considera que Ecopista do Vouga \u00e9 oportunidade para ligar a regi\u00e3o atrav\u00e9s de anel de ecopistas - Atelier do Caractere","og_description":"\u00b7\u00a0Ecopista do Vouga, hoje inaugurada em Viseu, fica ligada \u00e0 Ecopista do D\u00e3o, o que permite percorrer 114 quil\u00f3metros de...","og_url":"https:\/\/www.atelierdocaractere.pt\/brevemente\/turismo-do-centro-considera-que-ecopista-do-vouga-e-oportunidade-para-ligar-a-regiao-atraves-de-anel-de-ecopistas\/","og_site_name":"Atelier do Caractere","article_publisher":"https:\/\/www.facebook.com\/AtelierdoCaractere","article_published_time":"2023-10-06T19:01:43+00:00","article_modified_time":"2023-10-06T19:01:46+00:00","og_image":[{"width":1200,"height":900,"url":"https:\/\/www.atelierdocaractere.pt\/wp-content\/uploads\/2023\/10\/c07a6236-d5ff-2569-5e86-4ae9c4fe85c7.jpg","type":"image\/jpeg"}],"author":"Joana Barbosa","twitter_card":"summary_large_image","twitter_misc":{"Escrito por":"Joana Barbosa","Tempo estimado de leitura":"4 minutos"},"schema":{"@context":"https:\/\/schema.org","@graph":[{"@type":"WebPage","@id":"https:\/\/www.atelierdocaractere.pt\/brevemente\/turismo-do-centro-considera-que-ecopista-do-vouga-e-oportunidade-para-ligar-a-regiao-atraves-de-anel-de-ecopistas\/","url":"https:\/\/www.atelierdocaractere.pt\/brevemente\/turismo-do-centro-considera-que-ecopista-do-vouga-e-oportunidade-para-ligar-a-regiao-atraves-de-anel-de-ecopistas\/","name":"Turismo do Centro considera que Ecopista do Vouga \u00e9 oportunidade para ligar a regi\u00e3o atrav\u00e9s de anel de ecopistas - Atelier do Caractere","isPartOf":{"@id":"https:\/\/www.atelierdocaractere.pt\/brevemente\/#website"},"datePublished":"2023-10-06T19:01:43+00:00","dateModified":"2023-10-06T19:01:46+00:00","author":{"@id":"https:\/\/www.atelierdocaractere.pt\/brevemente\/#\/schema\/person\/f2f096eb0f27d9894725af22cb97c0db"},"breadcrumb":{"@id":"https:\/\/www.atelierdocaractere.pt\/brevemente\/turismo-do-centro-considera-que-ecopista-do-vouga-e-oportunidade-para-ligar-a-regiao-atraves-de-anel-de-ecopistas\/#breadcrumb"},"inLanguage":"pt-PT","potentialAction":[{"@type":"ReadAction","target":["https:\/\/www.atelierdocaractere.pt\/brevemente\/turismo-do-centro-considera-que-ecopista-do-vouga-e-oportunidade-para-ligar-a-regiao-atraves-de-anel-de-ecopistas\/"]}]},{"@type":"BreadcrumbList","@id":"https:\/\/www.atelierdocaractere.pt\/brevemente\/turismo-do-centro-considera-que-ecopista-do-vouga-e-oportunidade-para-ligar-a-regiao-atraves-de-anel-de-ecopistas\/#breadcrumb","itemListElement":[{"@type":"ListItem","position":1,"name":"In\u00edcio","item":"https:\/\/www.atelierdocaractere.pt\/brevemente\/"},{"@type":"ListItem","position":2,"name":"Turismo do Centro considera que Ecopista do Vouga \u00e9 oportunidade para ligar a regi\u00e3o atrav\u00e9s de anel de ecopistas"}]},{"@type":"WebSite","@id":"https:\/\/www.atelierdocaractere.pt\/brevemente\/#website","url":"https:\/\/www.atelierdocaractere.pt\/brevemente\/","name":"Atelier do Caractere","description":"","potentialAction":[{"@type":"SearchAction","target":{"@type":"EntryPoint","urlTemplate":"https:\/\/www.atelierdocaractere.pt\/brevemente\/?s={search_term_string}"},"query-input":"required name=search_term_string"}],"inLanguage":"pt-PT"},{"@type":"Person","@id":"https:\/\/www.atelierdocaractere.pt\/brevemente\/#\/schema\/person\/f2f096eb0f27d9894725af22cb97c0db","name":"Joana Barbosa","image":{"@type":"ImageObject","inLanguage":"pt-PT","@id":"https:\/\/www.atelierdocaractere.pt\/brevemente\/#\/schema\/person\/image\/","url":"https:\/\/secure.gravatar.com\/avatar\/33e8214b45e9d68a3a83008731075979?s=96&d=mm&r=g","contentUrl":"https:\/\/secure.gravatar.com\/avatar\/33e8214b45e9d68a3a83008731075979?s=96&d=mm&r=g","caption":"Joana Barbosa"},"url":"https:\/\/www.atelierdocaractere.pt\/brevemente\/author\/joanabarbosa\/"}]}},"_links":{"self":[{"href":"https:\/\/www.atelierdocaractere.pt\/brevemente\/wp-json\/wp\/v2\/posts\/11873"}],"collection":[{"href":"https:\/\/www.atelierdocaractere.pt\/brevemente\/wp-json\/wp\/v2\/posts"}],"about":[{"href":"https:\/\/www.atelierdocaractere.pt\/brevemente\/wp-json\/wp\/v2\/types\/post"}],"author":[{"embeddable":true,"href":"https:\/\/www.atelierdocaractere.pt\/brevemente\/wp-json\/wp\/v2\/users\/7"}],"replies":[{"embeddable":true,"href":"https:\/\/www.atelierdocaractere.pt\/brevemente\/wp-json\/wp\/v2\/comments?post=11873"}],"version-history":[{"count":1,"href":"https:\/\/www.atelierdocaractere.pt\/brevemente\/wp-json\/wp\/v2\/posts\/11873\/revisions"}],"predecessor-version":[{"id":11877,"href":"https:\/\/www.atelierdocaractere.pt\/brevemente\/wp-json\/wp\/v2\/posts\/11873\/revisions\/11877"}],"wp:featuredmedia":[{"embeddable":true,"href":"https:\/\/www.atelierdocaractere.pt\/brevemente\/wp-json\/wp\/v2\/media\/11876"}],"wp:attachment":[{"href":"https:\/\/www.atelierdocaractere.pt\/brevemente\/wp-json\/wp\/v2\/media?parent=11873"}],"wp:term":[{"taxonomy":"category","embeddable":true,"href":"https:\/\/www.atelierdocaractere.pt\/brevemente\/wp-json\/wp\/v2\/categories?post=11873"},{"taxonomy":"post_tag","embeddable":true,"href":"https:\/\/www.atelierdocaractere.pt\/brevemente\/wp-json\/wp\/v2\/tags?post=11873"}],"curies":[{"name":"wp","href":"https:\/\/api.w.org\/{rel}","templated":true}]}}