{"id":11884,"date":"2023-10-09T14:57:50","date_gmt":"2023-10-09T14:57:50","guid":{"rendered":"https:\/\/www.atelierdocaractere.pt\/brevemente\/?p=11884"},"modified":"2023-10-10T15:00:32","modified_gmt":"2023-10-10T15:00:32","slug":"observatorio-de-turismo-sustentavel-do-centro-de-portugal-integra-rede-internacional-das-nacoes-unidas","status":"publish","type":"post","link":"https:\/\/www.atelierdocaractere.pt\/brevemente\/observatorio-de-turismo-sustentavel-do-centro-de-portugal-integra-rede-internacional-das-nacoes-unidas\/","title":{"rendered":"Observat\u00f3rio de Turismo Sustent\u00e1vel do Centro de Portugal integra rede internacional das Na\u00e7\u00f5es Unidas"},"content":{"rendered":"\n<p><strong>Candidatura do Observat\u00f3rio da regi\u00e3o centro foi aprovada e elogiada pela da INSTO &#8211; Rede Internacional de Observat\u00f3rios de Turismo Sustent\u00e1vel.<\/strong><\/p>\n\n\n\n<p>O&nbsp;<strong>OTSCP &#8211; Observat\u00f3rio de Turismo Sustent\u00e1vel do Centro de Portugal<\/strong>&nbsp;foi admitido como membro da&nbsp;<strong>INSTO &#8211; Rede Internacional de Observat\u00f3rios de Turismo Sustent\u00e1vel<\/strong>, depois de a candidatura, entregue em junho, ter sido aprovada por este organismo.<\/p>\n\n\n\n<p>A INSTO \u00e9 uma iniciativa da Organiza\u00e7\u00e3o Mundial do Turismo das Na\u00e7\u00f5es Unidas, criada para apoiar a monitoriza\u00e7\u00e3o e a avalia\u00e7\u00e3o do turismo sustent\u00e1vel em v\u00e1rios destinos em todo o mundo. O objetivo \u00e9 promover a troca de conhecimento e as melhores pr\u00e1ticas na gest\u00e3o do turismo sustent\u00e1vel, ajudando os destinos a tomar decis\u00f5es informadas para minimizar os impactos negativos do turismo e, ao mesmo tempo, maximizar os benef\u00edcios para as comunidades locais, o meio ambiente e a economia.<\/p>\n\n\n\n<p>Ser membro da INSTO implica que os membros se comprometem a monitorar e medir a atividade tur\u00edstica e os seus efeitos em onze \u00e1reas tem\u00e1ticas principais. A saber: satisfa\u00e7\u00e3o local, emprego, governan\u00e7a, sazonalidade, benef\u00edcios econ\u00f3micos, energia, \u00e1gua, gest\u00e3o das \u00e1guas residuais, gest\u00e3o de res\u00edduos s\u00f3lidos, acessibilidade e a\u00e7\u00e3o clim\u00e1tica. Os avan\u00e7os registados em cada uma destas \u00e1reas s\u00e3o apresentados todos os anos.<\/p>\n\n\n\n<p>Nos coment\u00e1rios de resposta \u00e0 candidatura, a INSTO real\u00e7a que \u201ca import\u00e2ncia da monitoriza\u00e7\u00e3o da atividade tur\u00edstica a n\u00edvel regional de acordo com a Estrat\u00e9gia de Turismo 2027 \u00e9 bem destacada\u201d, assim como elogia o \u201cProjeto de Sustentabilidade do Centro de Portugal, que com os seus objetivos, ter\u00e1 um significado significativo para o Observat\u00f3rio e ajudar\u00e1 ainda mais na expans\u00e3o das \u00e1reas de monitoriza\u00e7\u00e3o, de acordo com os requisitos da INSTO\u201d. Ainda segundo a INSTO, a candidatura \u201cilustra o compromisso do Centro de Portugal em tomar medidas relevantes para garantir a sustentabilidade do setor do turismo\u201d na regi\u00e3o.<\/p>\n\n\n\n<p>A admiss\u00e3o formal do OTSCP ter\u00e1 lugar na pr\u00f3xima reuni\u00e3o anual da INSTO, que ter\u00e1 lugar de 21 a 22 de novembro, em Madrid.<\/p>\n\n\n\n<p>\u201c<em>A admiss\u00e3o do Observat\u00f3rio de Turismo Sustent\u00e1vel do Centro de Portugal na INSTO \u00e9 mais um passo importante para a promo\u00e7\u00e3o da sustentabilidade da atividade tur\u00edstica na regi\u00e3o<\/em>\u201d, sublinha&nbsp;<strong>Raul Almeida, presidente da Turismo Centro de Portugal<\/strong>.<\/p>\n\n\n\n<p>\u201c<em>A Turismo do Centro tem como um dos seus des\u00edgnios a certifica\u00e7\u00e3o enquanto primeira regi\u00e3o de turismo sustent\u00e1vel a n\u00edvel internacional, atrav\u00e9s do projeto \u2018Centro Sustent\u00e1vel\u2019. Para isso, s\u00e3o muito importantes os dados recolhidos pelo Observat\u00f3rio, que permitem a avalia\u00e7\u00e3o permanente da realidade e ajudam os empres\u00e1rios e as entidades p\u00fablicas a tomar as melhores decis\u00f5es. Este \u00e9 um esfor\u00e7o fundamental, no sentido de assegurar que a atividade tur\u00edstica cria mais-valias para as comunidades locais, assim como para o ambiente<\/em>\u201d, acrescenta Raul Almeida.<\/p>\n\n\n\n<p><strong>Monitorizar os impactos do turismo no Centro de Portugal<\/strong><\/p>\n\n\n\n<p>O OTSCP foi criado pela&nbsp;<strong>Turismo Centro de Portugal<\/strong>, em parceria com o&nbsp;<strong>Instituto Polit\u00e9cnico de Leiria<\/strong>, atrav\u00e9s do CiTUR \u2013 Centro de Investiga\u00e7\u00e3o, Desenvolvimento e Inova\u00e7\u00e3o em Turismo do Polit\u00e9cnico de Leiria. A sua miss\u00e3o consiste em monitorizar todos os aspetos relacionados com o turismo na regi\u00e3o. Ao fornecer informa\u00e7\u00e3o de valor \u00e0s empresas e organiza\u00e7\u00f5es, constitui um apoio fundamental \u00e0 tomada de decis\u00e3o dos protagonistas da atividade tur\u00edstica no territ\u00f3rio.<\/p>\n\n\n\n<p>O Conselho T\u00e9cnico-Cient\u00edfico do Observat\u00f3rio integra 30 investigadores de v\u00e1rias institui\u00e7\u00f5es de Ensino Superior no Centro de Portugal, designadamente as Universidades de Aveiro, Coimbra e Beira Interior e os Institutos Polit\u00e9cnicos de Leiria, Tomar, Coimbra, Guarda, Viseu e Castelo Branco. J\u00e1 o Conselho Consultivo Empresarial inclui os principais empres\u00e1rios e institui\u00e7\u00f5es representativas da atividade tur\u00edstica na regi\u00e3o.<\/p>\n\n\n\n<p><\/p>\n\n\n\n<p><strong>Sobre o Turismo Centro de Portugal:<\/strong><\/p>\n\n\n\n<p>O Turismo Centro de Portugal \u00e9 a entidade que estrutura e promove o turismo na Regi\u00e3o Centro do pa\u00eds. Esta \u00e9 a maior e mais diversificada \u00e1rea tur\u00edstica nacional, abrangendo 100 munic\u00edpios, e tem registado um intenso crescimento da procura interna e externa. \u00c9 a regi\u00e3o a escolher para quem pretende experi\u00eancias diversificadas, pois concilia locais Patrim\u00f3nio da Humanidade com a melhor costa de surf da Europa, termas e spas id\u00edlicos, locais de culto de import\u00e2ncia mundial e as mais belas aldeias.<\/p>\n","protected":false},"excerpt":{"rendered":"<p>Candidatura do Observat\u00f3rio da regi\u00e3o centro foi aprovada e elogiada pela da INSTO &#8211; Rede Internacional de Observat\u00f3rios de Turismo&#8230;<\/p>\n","protected":false},"author":7,"featured_media":11885,"comment_status":"closed","ping_status":"open","sticky":false,"template":"","format":"standard","meta":[],"categories":[39],"tags":[464,551],"yoast_head":"<!-- This site is optimized with the Yoast SEO plugin v20.12 - https:\/\/yoast.com\/wordpress\/plugins\/seo\/ -->\n<title>Observat\u00f3rio de Turismo Sustent\u00e1vel do Centro de Portugal integra rede internacional das Na\u00e7\u00f5es Unidas - Atelier do Caractere<\/title>\n<meta name=\"robots\" content=\"index, follow, max-snippet:-1, max-image-preview:large, max-video-preview:-1\" \/>\n<link rel=\"canonical\" href=\"https:\/\/www.atelierdocaractere.pt\/brevemente\/observatorio-de-turismo-sustentavel-do-centro-de-portugal-integra-rede-internacional-das-nacoes-unidas\/\" \/>\n<meta property=\"og:locale\" content=\"pt_PT\" \/>\n<meta property=\"og:type\" content=\"article\" \/>\n<meta property=\"og:title\" content=\"Observat\u00f3rio de Turismo Sustent\u00e1vel do Centro de Portugal integra rede internacional das Na\u00e7\u00f5es Unidas - Atelier do Caractere\" \/>\n<meta property=\"og:description\" content=\"Candidatura do Observat\u00f3rio da regi\u00e3o centro foi aprovada e elogiada pela da INSTO &#8211; Rede Internacional de Observat\u00f3rios de Turismo...\" \/>\n<meta property=\"og:url\" content=\"https:\/\/www.atelierdocaractere.pt\/brevemente\/observatorio-de-turismo-sustentavel-do-centro-de-portugal-integra-rede-internacional-das-nacoes-unidas\/\" \/>\n<meta property=\"og:site_name\" content=\"Atelier do Caractere\" \/>\n<meta property=\"article:publisher\" content=\"https:\/\/www.facebook.com\/AtelierdoCaractere\" \/>\n<meta property=\"article:published_time\" content=\"2023-10-09T14:57:50+00:00\" \/>\n<meta property=\"article:modified_time\" content=\"2023-10-10T15:00:32+00:00\" \/>\n<meta property=\"og:image\" content=\"https:\/\/www.atelierdocaractere.pt\/wp-content\/uploads\/2023\/10\/c59a40b5-a22c-a609-b0ab-2d915ebde9a1.jpg\" \/>\n\t<meta property=\"og:image:width\" content=\"603\" \/>\n\t<meta property=\"og:image:height\" content=\"399\" \/>\n\t<meta property=\"og:image:type\" content=\"image\/jpeg\" \/>\n<meta name=\"author\" content=\"Joana Barbosa\" \/>\n<meta name=\"twitter:card\" content=\"summary_large_image\" \/>\n<meta name=\"twitter:label1\" content=\"Escrito por\" \/>\n\t<meta name=\"twitter:data1\" content=\"Joana Barbosa\" \/>\n\t<meta name=\"twitter:label2\" content=\"Tempo estimado de leitura\" \/>\n\t<meta name=\"twitter:data2\" content=\"4 minutos\" \/>\n<script type=\"application\/ld+json\" class=\"yoast-schema-graph\">{\"@context\":\"https:\/\/schema.org\",\"@graph\":[{\"@type\":\"WebPage\",\"@id\":\"https:\/\/www.atelierdocaractere.pt\/brevemente\/observatorio-de-turismo-sustentavel-do-centro-de-portugal-integra-rede-internacional-das-nacoes-unidas\/\",\"url\":\"https:\/\/www.atelierdocaractere.pt\/brevemente\/observatorio-de-turismo-sustentavel-do-centro-de-portugal-integra-rede-internacional-das-nacoes-unidas\/\",\"name\":\"Observat\u00f3rio de Turismo Sustent\u00e1vel do Centro de Portugal integra rede internacional das Na\u00e7\u00f5es Unidas - Atelier do Caractere\",\"isPartOf\":{\"@id\":\"https:\/\/www.atelierdocaractere.pt\/brevemente\/#website\"},\"datePublished\":\"2023-10-09T14:57:50+00:00\",\"dateModified\":\"2023-10-10T15:00:32+00:00\",\"author\":{\"@id\":\"https:\/\/www.atelierdocaractere.pt\/brevemente\/#\/schema\/person\/f2f096eb0f27d9894725af22cb97c0db\"},\"breadcrumb\":{\"@id\":\"https:\/\/www.atelierdocaractere.pt\/brevemente\/observatorio-de-turismo-sustentavel-do-centro-de-portugal-integra-rede-internacional-das-nacoes-unidas\/#breadcrumb\"},\"inLanguage\":\"pt-PT\",\"potentialAction\":[{\"@type\":\"ReadAction\",\"target\":[\"https:\/\/www.atelierdocaractere.pt\/brevemente\/observatorio-de-turismo-sustentavel-do-centro-de-portugal-integra-rede-internacional-das-nacoes-unidas\/\"]}]},{\"@type\":\"BreadcrumbList\",\"@id\":\"https:\/\/www.atelierdocaractere.pt\/brevemente\/observatorio-de-turismo-sustentavel-do-centro-de-portugal-integra-rede-internacional-das-nacoes-unidas\/#breadcrumb\",\"itemListElement\":[{\"@type\":\"ListItem\",\"position\":1,\"name\":\"In\u00edcio\",\"item\":\"https:\/\/www.atelierdocaractere.pt\/brevemente\/\"},{\"@type\":\"ListItem\",\"position\":2,\"name\":\"Observat\u00f3rio de Turismo Sustent\u00e1vel do Centro de Portugal integra rede internacional das Na\u00e7\u00f5es Unidas\"}]},{\"@type\":\"WebSite\",\"@id\":\"https:\/\/www.atelierdocaractere.pt\/brevemente\/#website\",\"url\":\"https:\/\/www.atelierdocaractere.pt\/brevemente\/\",\"name\":\"Atelier do Caractere\",\"description\":\"\",\"potentialAction\":[{\"@type\":\"SearchAction\",\"target\":{\"@type\":\"EntryPoint\",\"urlTemplate\":\"https:\/\/www.atelierdocaractere.pt\/brevemente\/?s={search_term_string}\"},\"query-input\":\"required name=search_term_string\"}],\"inLanguage\":\"pt-PT\"},{\"@type\":\"Person\",\"@id\":\"https:\/\/www.atelierdocaractere.pt\/brevemente\/#\/schema\/person\/f2f096eb0f27d9894725af22cb97c0db\",\"name\":\"Joana Barbosa\",\"image\":{\"@type\":\"ImageObject\",\"inLanguage\":\"pt-PT\",\"@id\":\"https:\/\/www.atelierdocaractere.pt\/brevemente\/#\/schema\/person\/image\/\",\"url\":\"https:\/\/secure.gravatar.com\/avatar\/33e8214b45e9d68a3a83008731075979?s=96&d=mm&r=g\",\"contentUrl\":\"https:\/\/secure.gravatar.com\/avatar\/33e8214b45e9d68a3a83008731075979?s=96&d=mm&r=g\",\"caption\":\"Joana Barbosa\"},\"url\":\"https:\/\/www.atelierdocaractere.pt\/brevemente\/author\/joanabarbosa\/\"}]}<\/script>\n<!-- \/ Yoast SEO plugin. -->","yoast_head_json":{"title":"Observat\u00f3rio de Turismo Sustent\u00e1vel do Centro de Portugal integra rede internacional das Na\u00e7\u00f5es Unidas - Atelier do Caractere","robots":{"index":"index","follow":"follow","max-snippet":"max-snippet:-1","max-image-preview":"max-image-preview:large","max-video-preview":"max-video-preview:-1"},"canonical":"https:\/\/www.atelierdocaractere.pt\/brevemente\/observatorio-de-turismo-sustentavel-do-centro-de-portugal-integra-rede-internacional-das-nacoes-unidas\/","og_locale":"pt_PT","og_type":"article","og_title":"Observat\u00f3rio de Turismo Sustent\u00e1vel do Centro de Portugal integra rede internacional das Na\u00e7\u00f5es Unidas - Atelier do Caractere","og_description":"Candidatura do Observat\u00f3rio da regi\u00e3o centro foi aprovada e elogiada pela da INSTO &#8211; Rede Internacional de Observat\u00f3rios de Turismo...","og_url":"https:\/\/www.atelierdocaractere.pt\/brevemente\/observatorio-de-turismo-sustentavel-do-centro-de-portugal-integra-rede-internacional-das-nacoes-unidas\/","og_site_name":"Atelier do Caractere","article_publisher":"https:\/\/www.facebook.com\/AtelierdoCaractere","article_published_time":"2023-10-09T14:57:50+00:00","article_modified_time":"2023-10-10T15:00:32+00:00","og_image":[{"width":603,"height":399,"url":"https:\/\/www.atelierdocaractere.pt\/wp-content\/uploads\/2023\/10\/c59a40b5-a22c-a609-b0ab-2d915ebde9a1.jpg","type":"image\/jpeg"}],"author":"Joana Barbosa","twitter_card":"summary_large_image","twitter_misc":{"Escrito por":"Joana Barbosa","Tempo estimado de leitura":"4 minutos"},"schema":{"@context":"https:\/\/schema.org","@graph":[{"@type":"WebPage","@id":"https:\/\/www.atelierdocaractere.pt\/brevemente\/observatorio-de-turismo-sustentavel-do-centro-de-portugal-integra-rede-internacional-das-nacoes-unidas\/","url":"https:\/\/www.atelierdocaractere.pt\/brevemente\/observatorio-de-turismo-sustentavel-do-centro-de-portugal-integra-rede-internacional-das-nacoes-unidas\/","name":"Observat\u00f3rio de Turismo Sustent\u00e1vel do Centro de Portugal integra rede internacional das Na\u00e7\u00f5es Unidas - Atelier do Caractere","isPartOf":{"@id":"https:\/\/www.atelierdocaractere.pt\/brevemente\/#website"},"datePublished":"2023-10-09T14:57:50+00:00","dateModified":"2023-10-10T15:00:32+00:00","author":{"@id":"https:\/\/www.atelierdocaractere.pt\/brevemente\/#\/schema\/person\/f2f096eb0f27d9894725af22cb97c0db"},"breadcrumb":{"@id":"https:\/\/www.atelierdocaractere.pt\/brevemente\/observatorio-de-turismo-sustentavel-do-centro-de-portugal-integra-rede-internacional-das-nacoes-unidas\/#breadcrumb"},"inLanguage":"pt-PT","potentialAction":[{"@type":"ReadAction","target":["https:\/\/www.atelierdocaractere.pt\/brevemente\/observatorio-de-turismo-sustentavel-do-centro-de-portugal-integra-rede-internacional-das-nacoes-unidas\/"]}]},{"@type":"BreadcrumbList","@id":"https:\/\/www.atelierdocaractere.pt\/brevemente\/observatorio-de-turismo-sustentavel-do-centro-de-portugal-integra-rede-internacional-das-nacoes-unidas\/#breadcrumb","itemListElement":[{"@type":"ListItem","position":1,"name":"In\u00edcio","item":"https:\/\/www.atelierdocaractere.pt\/brevemente\/"},{"@type":"ListItem","position":2,"name":"Observat\u00f3rio de Turismo Sustent\u00e1vel do Centro de Portugal integra rede internacional das Na\u00e7\u00f5es Unidas"}]},{"@type":"WebSite","@id":"https:\/\/www.atelierdocaractere.pt\/brevemente\/#website","url":"https:\/\/www.atelierdocaractere.pt\/brevemente\/","name":"Atelier do Caractere","description":"","potentialAction":[{"@type":"SearchAction","target":{"@type":"EntryPoint","urlTemplate":"https:\/\/www.atelierdocaractere.pt\/brevemente\/?s={search_term_string}"},"query-input":"required name=search_term_string"}],"inLanguage":"pt-PT"},{"@type":"Person","@id":"https:\/\/www.atelierdocaractere.pt\/brevemente\/#\/schema\/person\/f2f096eb0f27d9894725af22cb97c0db","name":"Joana Barbosa","image":{"@type":"ImageObject","inLanguage":"pt-PT","@id":"https:\/\/www.atelierdocaractere.pt\/brevemente\/#\/schema\/person\/image\/","url":"https:\/\/secure.gravatar.com\/avatar\/33e8214b45e9d68a3a83008731075979?s=96&d=mm&r=g","contentUrl":"https:\/\/secure.gravatar.com\/avatar\/33e8214b45e9d68a3a83008731075979?s=96&d=mm&r=g","caption":"Joana Barbosa"},"url":"https:\/\/www.atelierdocaractere.pt\/brevemente\/author\/joanabarbosa\/"}]}},"_links":{"self":[{"href":"https:\/\/www.atelierdocaractere.pt\/brevemente\/wp-json\/wp\/v2\/posts\/11884"}],"collection":[{"href":"https:\/\/www.atelierdocaractere.pt\/brevemente\/wp-json\/wp\/v2\/posts"}],"about":[{"href":"https:\/\/www.atelierdocaractere.pt\/brevemente\/wp-json\/wp\/v2\/types\/post"}],"author":[{"embeddable":true,"href":"https:\/\/www.atelierdocaractere.pt\/brevemente\/wp-json\/wp\/v2\/users\/7"}],"replies":[{"embeddable":true,"href":"https:\/\/www.atelierdocaractere.pt\/brevemente\/wp-json\/wp\/v2\/comments?post=11884"}],"version-history":[{"count":1,"href":"https:\/\/www.atelierdocaractere.pt\/brevemente\/wp-json\/wp\/v2\/posts\/11884\/revisions"}],"predecessor-version":[{"id":11886,"href":"https:\/\/www.atelierdocaractere.pt\/brevemente\/wp-json\/wp\/v2\/posts\/11884\/revisions\/11886"}],"wp:featuredmedia":[{"embeddable":true,"href":"https:\/\/www.atelierdocaractere.pt\/brevemente\/wp-json\/wp\/v2\/media\/11885"}],"wp:attachment":[{"href":"https:\/\/www.atelierdocaractere.pt\/brevemente\/wp-json\/wp\/v2\/media?parent=11884"}],"wp:term":[{"taxonomy":"category","embeddable":true,"href":"https:\/\/www.atelierdocaractere.pt\/brevemente\/wp-json\/wp\/v2\/categories?post=11884"},{"taxonomy":"post_tag","embeddable":true,"href":"https:\/\/www.atelierdocaractere.pt\/brevemente\/wp-json\/wp\/v2\/tags?post=11884"}],"curies":[{"name":"wp","href":"https:\/\/api.w.org\/{rel}","templated":true}]}}