{"id":11897,"date":"2023-10-11T17:00:41","date_gmt":"2023-10-11T17:00:41","guid":{"rendered":"https:\/\/www.atelierdocaractere.pt\/brevemente\/?p=11897"},"modified":"2023-10-11T17:00:45","modified_gmt":"2023-10-11T17:00:45","slug":"guilherme-oliveira-estreia-se-no-campeonato-alemao-de-prototipos-no-nurburgring","status":"publish","type":"post","link":"https:\/\/www.atelierdocaractere.pt\/brevemente\/guilherme-oliveira-estreia-se-no-campeonato-alemao-de-prototipos-no-nurburgring\/","title":{"rendered":"Guilherme Oliveira estreia-se no Campeonato Alem\u00e3o de Prot\u00f3tipos no N\u00fcrburgring"},"content":{"rendered":"\n<p><strong>Guilherme Oliveira vai participar na \u00faltima prova do Campeonato Alem\u00e3o de Prot\u00f3tipos, a ADAC Prototype Cup, este fim de semana, ao volante do Ligier da equipa MRS-GT Racing. Jovem portugu\u00eas ter\u00e1 como companheiro de equipa o alem\u00e3o Jan Marschalkowski e foi convidado pela forma\u00e7\u00e3o germ\u00e2nica ap\u00f3s as excelentes indica\u00e7\u00f5es nas 24 Horas de Daytona, nos Estados Unidos. \u00c9 a estreia absoluta de Guilherme Oliveira no N\u00fcrburgring.<\/strong><\/p>\n\n\n<div class=\"wp-block-image\">\n<figure class=\"aligncenter size-large\"><img decoding=\"async\" width=\"769\" height=\"1024\" src=\"https:\/\/www.atelierdocaractere.pt\/wp-content\/uploads\/2023\/10\/guilherme-oliveira-769x1024.jpg\" alt=\"\" class=\"wp-image-11899\" srcset=\"https:\/\/www.atelierdocaractere.pt\/wp-content\/uploads\/2023\/10\/guilherme-oliveira-769x1024.jpg 769w, https:\/\/www.atelierdocaractere.pt\/wp-content\/uploads\/2023\/10\/guilherme-oliveira-225x300.jpg 225w, https:\/\/www.atelierdocaractere.pt\/wp-content\/uploads\/2023\/10\/guilherme-oliveira-768x1023.jpg 768w, https:\/\/www.atelierdocaractere.pt\/wp-content\/uploads\/2023\/10\/guilherme-oliveira-1153x1536.jpg 1153w, https:\/\/www.atelierdocaractere.pt\/wp-content\/uploads\/2023\/10\/guilherme-oliveira-450x600.jpg 450w, https:\/\/www.atelierdocaractere.pt\/wp-content\/uploads\/2023\/10\/guilherme-oliveira-350x467.jpg 350w, https:\/\/www.atelierdocaractere.pt\/wp-content\/uploads\/2023\/10\/guilherme-oliveira-900x1200.jpg 900w, https:\/\/www.atelierdocaractere.pt\/wp-content\/uploads\/2023\/10\/guilherme-oliveira.jpg 1441w\" sizes=\"(max-width: 769px) 100vw, 769px\" \/><\/figure><\/div>\n\n\n<p>Com apenas 18 anos, a \u00e9poca de Guilherme Oliveira tem sido marcada por v\u00e1rias estreias. No in\u00edcio do ano, o jovem piloto de Vila Nova de Gaia estreou-se nos Estados Unidos da Am\u00e9rica e impressionou durante as 24 Horas de Daytona, onde chegou a liderar a classe LMP3 com o Ligier da MRS-GT Racing. Agora, a forma\u00e7\u00e3o germ\u00e2nica convidou Guilherme Oliveira para pilotar o prot\u00f3tipo franc\u00eas na \u00faltima ronda da ADAC Prototype Cup, o equivalente ao Campeonato Alem\u00e3o de Prot\u00f3tipos, que se decide este fim de semana no circuito do N\u00fcrburgring. \u00c9 a estreia absoluta de Guilherme Oliveira neste campeonato e no famoso tra\u00e7ado alem\u00e3o, mais um marco hist\u00f3rico na (curta) carreira do jovem portugu\u00eas, que al\u00e9m de Daytona tamb\u00e9m se estreou recentemente na pista de Indian\u00e1polis.<\/p>\n\n\n<div class=\"wp-block-image\">\n<figure class=\"aligncenter size-large\"><img decoding=\"async\" width=\"907\" height=\"1024\" src=\"https:\/\/www.atelierdocaractere.pt\/wp-content\/uploads\/2023\/10\/guilherme-oliveira-mrs-ii-907x1024.jpg\" alt=\"\" class=\"wp-image-11898\" srcset=\"https:\/\/www.atelierdocaractere.pt\/wp-content\/uploads\/2023\/10\/guilherme-oliveira-mrs-ii-907x1024.jpg 907w, https:\/\/www.atelierdocaractere.pt\/wp-content\/uploads\/2023\/10\/guilherme-oliveira-mrs-ii-266x300.jpg 266w, https:\/\/www.atelierdocaractere.pt\/wp-content\/uploads\/2023\/10\/guilherme-oliveira-mrs-ii-768x867.jpg 768w, https:\/\/www.atelierdocaractere.pt\/wp-content\/uploads\/2023\/10\/guilherme-oliveira-mrs-ii.jpg 1152w\" sizes=\"(max-width: 907px) 100vw, 907px\" \/><\/figure><\/div>\n\n\n<p><strong>\u201cPara um piloto jovem como eu, todas as oportunidades s\u00e3o bem-vindas e fiquei muito lisonjeado com a confian\u00e7a da MRS, com quem fiz as 24 Horas de Daytona. Ser\u00e1 mais uma descoberta e um desafio interessante, numa pista com muita hist\u00f3ria mas onde nunca corri. Este ano tenho estado em provas do WEC, do IMSA e da ELMS, agora terei uma nova realidade que, com certeza, me ajudar\u00e1 a evoluir ainda mais como piloto.&nbsp; Como sempre, vou estar focado e empenhado em dar tudo em prol da equipa\u201d<\/strong>, afirmou o vice-campe\u00e3o da ELMS em 2022, que vai partilhar o Ligier com o jovem alem\u00e3o Jan Marschalkowski.<\/p>\n\n\n\n<p>A prova da ADAC Prototype Cup ter\u00e1 a sess\u00e3o de qualifica\u00e7\u00e3o este s\u00e1bado, \u00e0s 07h35 (hora de Portugal), que antecede a primeira corrida de uma hora de dura\u00e7\u00e3o, com in\u00edcio \u00e0s 13h25. A segunda corrida do fim de semana est\u00e1 marcada para domingo, \u00e0s 14h15.<\/p>\n","protected":false},"excerpt":{"rendered":"<p>Guilherme Oliveira vai participar na \u00faltima prova do Campeonato Alem\u00e3o de Prot\u00f3tipos, a ADAC Prototype Cup, este fim de semana,&#8230;<\/p>\n","protected":false},"author":7,"featured_media":11900,"comment_status":"closed","ping_status":"open","sticky":false,"template":"","format":"standard","meta":[],"categories":[24],"tags":[642,641,447],"yoast_head":"<!-- This site is optimized with the Yoast SEO plugin v20.12 - https:\/\/yoast.com\/wordpress\/plugins\/seo\/ -->\n<title>Guilherme Oliveira estreia-se no Campeonato Alem\u00e3o de Prot\u00f3tipos no N\u00fcrburgring - Atelier do Caractere<\/title>\n<meta name=\"robots\" content=\"index, follow, max-snippet:-1, max-image-preview:large, max-video-preview:-1\" \/>\n<link rel=\"canonical\" href=\"https:\/\/www.atelierdocaractere.pt\/brevemente\/guilherme-oliveira-estreia-se-no-campeonato-alemao-de-prototipos-no-nurburgring\/\" \/>\n<meta property=\"og:locale\" content=\"pt_PT\" \/>\n<meta property=\"og:type\" content=\"article\" \/>\n<meta property=\"og:title\" content=\"Guilherme Oliveira estreia-se no Campeonato Alem\u00e3o de Prot\u00f3tipos no N\u00fcrburgring - Atelier do Caractere\" \/>\n<meta property=\"og:description\" content=\"Guilherme Oliveira vai participar na \u00faltima prova do Campeonato Alem\u00e3o de Prot\u00f3tipos, a ADAC Prototype Cup, este fim de semana,...\" \/>\n<meta property=\"og:url\" content=\"https:\/\/www.atelierdocaractere.pt\/brevemente\/guilherme-oliveira-estreia-se-no-campeonato-alemao-de-prototipos-no-nurburgring\/\" \/>\n<meta property=\"og:site_name\" content=\"Atelier do Caractere\" \/>\n<meta property=\"article:publisher\" content=\"https:\/\/www.facebook.com\/AtelierdoCaractere\" \/>\n<meta property=\"article:published_time\" content=\"2023-10-11T17:00:41+00:00\" \/>\n<meta property=\"article:modified_time\" content=\"2023-10-11T17:00:45+00:00\" \/>\n<meta property=\"og:image\" content=\"https:\/\/www.atelierdocaractere.pt\/wp-content\/uploads\/2023\/10\/guilherme-oliveira-mrs.jpg\" \/>\n\t<meta property=\"og:image:width\" content=\"1920\" \/>\n\t<meta property=\"og:image:height\" content=\"1124\" \/>\n\t<meta property=\"og:image:type\" content=\"image\/jpeg\" \/>\n<meta name=\"author\" content=\"Joana Barbosa\" \/>\n<meta name=\"twitter:card\" content=\"summary_large_image\" \/>\n<meta name=\"twitter:label1\" content=\"Escrito por\" \/>\n\t<meta name=\"twitter:data1\" content=\"Joana Barbosa\" \/>\n\t<meta name=\"twitter:label2\" content=\"Tempo estimado de leitura\" \/>\n\t<meta name=\"twitter:data2\" content=\"3 minutos\" \/>\n<script type=\"application\/ld+json\" class=\"yoast-schema-graph\">{\"@context\":\"https:\/\/schema.org\",\"@graph\":[{\"@type\":\"WebPage\",\"@id\":\"https:\/\/www.atelierdocaractere.pt\/brevemente\/guilherme-oliveira-estreia-se-no-campeonato-alemao-de-prototipos-no-nurburgring\/\",\"url\":\"https:\/\/www.atelierdocaractere.pt\/brevemente\/guilherme-oliveira-estreia-se-no-campeonato-alemao-de-prototipos-no-nurburgring\/\",\"name\":\"Guilherme Oliveira estreia-se no Campeonato Alem\u00e3o de Prot\u00f3tipos no N\u00fcrburgring - Atelier do Caractere\",\"isPartOf\":{\"@id\":\"https:\/\/www.atelierdocaractere.pt\/brevemente\/#website\"},\"datePublished\":\"2023-10-11T17:00:41+00:00\",\"dateModified\":\"2023-10-11T17:00:45+00:00\",\"author\":{\"@id\":\"https:\/\/www.atelierdocaractere.pt\/brevemente\/#\/schema\/person\/f2f096eb0f27d9894725af22cb97c0db\"},\"breadcrumb\":{\"@id\":\"https:\/\/www.atelierdocaractere.pt\/brevemente\/guilherme-oliveira-estreia-se-no-campeonato-alemao-de-prototipos-no-nurburgring\/#breadcrumb\"},\"inLanguage\":\"pt-PT\",\"potentialAction\":[{\"@type\":\"ReadAction\",\"target\":[\"https:\/\/www.atelierdocaractere.pt\/brevemente\/guilherme-oliveira-estreia-se-no-campeonato-alemao-de-prototipos-no-nurburgring\/\"]}]},{\"@type\":\"BreadcrumbList\",\"@id\":\"https:\/\/www.atelierdocaractere.pt\/brevemente\/guilherme-oliveira-estreia-se-no-campeonato-alemao-de-prototipos-no-nurburgring\/#breadcrumb\",\"itemListElement\":[{\"@type\":\"ListItem\",\"position\":1,\"name\":\"In\u00edcio\",\"item\":\"https:\/\/www.atelierdocaractere.pt\/brevemente\/\"},{\"@type\":\"ListItem\",\"position\":2,\"name\":\"Guilherme Oliveira estreia-se no Campeonato Alem\u00e3o de Prot\u00f3tipos no N\u00fcrburgring\"}]},{\"@type\":\"WebSite\",\"@id\":\"https:\/\/www.atelierdocaractere.pt\/brevemente\/#website\",\"url\":\"https:\/\/www.atelierdocaractere.pt\/brevemente\/\",\"name\":\"Atelier do Caractere\",\"description\":\"\",\"potentialAction\":[{\"@type\":\"SearchAction\",\"target\":{\"@type\":\"EntryPoint\",\"urlTemplate\":\"https:\/\/www.atelierdocaractere.pt\/brevemente\/?s={search_term_string}\"},\"query-input\":\"required name=search_term_string\"}],\"inLanguage\":\"pt-PT\"},{\"@type\":\"Person\",\"@id\":\"https:\/\/www.atelierdocaractere.pt\/brevemente\/#\/schema\/person\/f2f096eb0f27d9894725af22cb97c0db\",\"name\":\"Joana Barbosa\",\"image\":{\"@type\":\"ImageObject\",\"inLanguage\":\"pt-PT\",\"@id\":\"https:\/\/www.atelierdocaractere.pt\/brevemente\/#\/schema\/person\/image\/\",\"url\":\"https:\/\/secure.gravatar.com\/avatar\/33e8214b45e9d68a3a83008731075979?s=96&d=mm&r=g\",\"contentUrl\":\"https:\/\/secure.gravatar.com\/avatar\/33e8214b45e9d68a3a83008731075979?s=96&d=mm&r=g\",\"caption\":\"Joana Barbosa\"},\"url\":\"https:\/\/www.atelierdocaractere.pt\/brevemente\/author\/joanabarbosa\/\"}]}<\/script>\n<!-- \/ Yoast SEO plugin. -->","yoast_head_json":{"title":"Guilherme Oliveira estreia-se no Campeonato Alem\u00e3o de Prot\u00f3tipos no N\u00fcrburgring - Atelier do Caractere","robots":{"index":"index","follow":"follow","max-snippet":"max-snippet:-1","max-image-preview":"max-image-preview:large","max-video-preview":"max-video-preview:-1"},"canonical":"https:\/\/www.atelierdocaractere.pt\/brevemente\/guilherme-oliveira-estreia-se-no-campeonato-alemao-de-prototipos-no-nurburgring\/","og_locale":"pt_PT","og_type":"article","og_title":"Guilherme Oliveira estreia-se no Campeonato Alem\u00e3o de Prot\u00f3tipos no N\u00fcrburgring - Atelier do Caractere","og_description":"Guilherme Oliveira vai participar na \u00faltima prova do Campeonato Alem\u00e3o de Prot\u00f3tipos, a ADAC Prototype Cup, este fim de semana,...","og_url":"https:\/\/www.atelierdocaractere.pt\/brevemente\/guilherme-oliveira-estreia-se-no-campeonato-alemao-de-prototipos-no-nurburgring\/","og_site_name":"Atelier do Caractere","article_publisher":"https:\/\/www.facebook.com\/AtelierdoCaractere","article_published_time":"2023-10-11T17:00:41+00:00","article_modified_time":"2023-10-11T17:00:45+00:00","og_image":[{"width":1920,"height":1124,"url":"https:\/\/www.atelierdocaractere.pt\/wp-content\/uploads\/2023\/10\/guilherme-oliveira-mrs.jpg","type":"image\/jpeg"}],"author":"Joana Barbosa","twitter_card":"summary_large_image","twitter_misc":{"Escrito por":"Joana Barbosa","Tempo estimado de leitura":"3 minutos"},"schema":{"@context":"https:\/\/schema.org","@graph":[{"@type":"WebPage","@id":"https:\/\/www.atelierdocaractere.pt\/brevemente\/guilherme-oliveira-estreia-se-no-campeonato-alemao-de-prototipos-no-nurburgring\/","url":"https:\/\/www.atelierdocaractere.pt\/brevemente\/guilherme-oliveira-estreia-se-no-campeonato-alemao-de-prototipos-no-nurburgring\/","name":"Guilherme Oliveira estreia-se no Campeonato Alem\u00e3o de Prot\u00f3tipos no N\u00fcrburgring - Atelier do Caractere","isPartOf":{"@id":"https:\/\/www.atelierdocaractere.pt\/brevemente\/#website"},"datePublished":"2023-10-11T17:00:41+00:00","dateModified":"2023-10-11T17:00:45+00:00","author":{"@id":"https:\/\/www.atelierdocaractere.pt\/brevemente\/#\/schema\/person\/f2f096eb0f27d9894725af22cb97c0db"},"breadcrumb":{"@id":"https:\/\/www.atelierdocaractere.pt\/brevemente\/guilherme-oliveira-estreia-se-no-campeonato-alemao-de-prototipos-no-nurburgring\/#breadcrumb"},"inLanguage":"pt-PT","potentialAction":[{"@type":"ReadAction","target":["https:\/\/www.atelierdocaractere.pt\/brevemente\/guilherme-oliveira-estreia-se-no-campeonato-alemao-de-prototipos-no-nurburgring\/"]}]},{"@type":"BreadcrumbList","@id":"https:\/\/www.atelierdocaractere.pt\/brevemente\/guilherme-oliveira-estreia-se-no-campeonato-alemao-de-prototipos-no-nurburgring\/#breadcrumb","itemListElement":[{"@type":"ListItem","position":1,"name":"In\u00edcio","item":"https:\/\/www.atelierdocaractere.pt\/brevemente\/"},{"@type":"ListItem","position":2,"name":"Guilherme Oliveira estreia-se no Campeonato Alem\u00e3o de Prot\u00f3tipos no N\u00fcrburgring"}]},{"@type":"WebSite","@id":"https:\/\/www.atelierdocaractere.pt\/brevemente\/#website","url":"https:\/\/www.atelierdocaractere.pt\/brevemente\/","name":"Atelier do Caractere","description":"","potentialAction":[{"@type":"SearchAction","target":{"@type":"EntryPoint","urlTemplate":"https:\/\/www.atelierdocaractere.pt\/brevemente\/?s={search_term_string}"},"query-input":"required name=search_term_string"}],"inLanguage":"pt-PT"},{"@type":"Person","@id":"https:\/\/www.atelierdocaractere.pt\/brevemente\/#\/schema\/person\/f2f096eb0f27d9894725af22cb97c0db","name":"Joana Barbosa","image":{"@type":"ImageObject","inLanguage":"pt-PT","@id":"https:\/\/www.atelierdocaractere.pt\/brevemente\/#\/schema\/person\/image\/","url":"https:\/\/secure.gravatar.com\/avatar\/33e8214b45e9d68a3a83008731075979?s=96&d=mm&r=g","contentUrl":"https:\/\/secure.gravatar.com\/avatar\/33e8214b45e9d68a3a83008731075979?s=96&d=mm&r=g","caption":"Joana Barbosa"},"url":"https:\/\/www.atelierdocaractere.pt\/brevemente\/author\/joanabarbosa\/"}]}},"_links":{"self":[{"href":"https:\/\/www.atelierdocaractere.pt\/brevemente\/wp-json\/wp\/v2\/posts\/11897"}],"collection":[{"href":"https:\/\/www.atelierdocaractere.pt\/brevemente\/wp-json\/wp\/v2\/posts"}],"about":[{"href":"https:\/\/www.atelierdocaractere.pt\/brevemente\/wp-json\/wp\/v2\/types\/post"}],"author":[{"embeddable":true,"href":"https:\/\/www.atelierdocaractere.pt\/brevemente\/wp-json\/wp\/v2\/users\/7"}],"replies":[{"embeddable":true,"href":"https:\/\/www.atelierdocaractere.pt\/brevemente\/wp-json\/wp\/v2\/comments?post=11897"}],"version-history":[{"count":1,"href":"https:\/\/www.atelierdocaractere.pt\/brevemente\/wp-json\/wp\/v2\/posts\/11897\/revisions"}],"predecessor-version":[{"id":11901,"href":"https:\/\/www.atelierdocaractere.pt\/brevemente\/wp-json\/wp\/v2\/posts\/11897\/revisions\/11901"}],"wp:featuredmedia":[{"embeddable":true,"href":"https:\/\/www.atelierdocaractere.pt\/brevemente\/wp-json\/wp\/v2\/media\/11900"}],"wp:attachment":[{"href":"https:\/\/www.atelierdocaractere.pt\/brevemente\/wp-json\/wp\/v2\/media?parent=11897"}],"wp:term":[{"taxonomy":"category","embeddable":true,"href":"https:\/\/www.atelierdocaractere.pt\/brevemente\/wp-json\/wp\/v2\/categories?post=11897"},{"taxonomy":"post_tag","embeddable":true,"href":"https:\/\/www.atelierdocaractere.pt\/brevemente\/wp-json\/wp\/v2\/tags?post=11897"}],"curies":[{"name":"wp","href":"https:\/\/api.w.org\/{rel}","templated":true}]}}