{"id":11920,"date":"2023-10-19T12:15:08","date_gmt":"2023-10-19T12:15:08","guid":{"rendered":"https:\/\/www.atelierdocaractere.pt\/brevemente\/?p=11920"},"modified":"2023-10-19T12:15:12","modified_gmt":"2023-10-19T12:15:12","slug":"aldeia-historica-de-sortelha-vence-premio-de-melhor-aldeia-turistica-pela-organizacao-mundial-do-turismo","status":"publish","type":"post","link":"https:\/\/www.atelierdocaractere.pt\/brevemente\/aldeia-historica-de-sortelha-vence-premio-de-melhor-aldeia-turistica-pela-organizacao-mundial-do-turismo\/","title":{"rendered":"Aldeia Hist\u00f3rica de Sortelha vence pr\u00e9mio de \u201cMelhor Aldeia Tur\u00edstica\u201d pela Organiza\u00e7\u00e3o Mundial do Turismo"},"content":{"rendered":"\n<p><strong>Pela terceira vez consecutiva, uma das 12 Aldeias Hist\u00f3ricas de Portugal \u00e9 distinguida com o pr\u00e9mio \u201cMelhor Aldeia Tur\u00edstica\u201d, da Organiza\u00e7\u00e3o Mundial de Turismo. Sortelha recebe a distin\u00e7\u00e3o na terceira edi\u00e7\u00e3o da iniciativa \u201cBest Tourism Villages by UNWTO\u201d, depois de, em 2022, a Aldeia Hist\u00f3rica de Castelo Novo ter vencido o pr\u00e9mio, e em 2021, ter sido a Aldeia Hist\u00f3rica de Castelo Rodrigo a ser distinguida.<\/strong><\/p>\n\n\n\n<figure class=\"wp-block-image size-large\"><img decoding=\"async\" width=\"1024\" height=\"683\" src=\"https:\/\/www.atelierdocaractere.pt\/wp-content\/uploads\/2023\/10\/sortelha-2-1024x683.jpg\" alt=\"\" class=\"wp-image-11923\" srcset=\"https:\/\/www.atelierdocaractere.pt\/wp-content\/uploads\/2023\/10\/sortelha-2-1024x683.jpg 1024w, https:\/\/www.atelierdocaractere.pt\/wp-content\/uploads\/2023\/10\/sortelha-2-300x200.jpg 300w, https:\/\/www.atelierdocaractere.pt\/wp-content\/uploads\/2023\/10\/sortelha-2-768x512.jpg 768w, https:\/\/www.atelierdocaractere.pt\/wp-content\/uploads\/2023\/10\/sortelha-2-1536x1024.jpg 1536w, https:\/\/www.atelierdocaractere.pt\/wp-content\/uploads\/2023\/10\/sortelha-2-900x600.jpg 900w, https:\/\/www.atelierdocaractere.pt\/wp-content\/uploads\/2023\/10\/sortelha-2-675x450.jpg 675w, https:\/\/www.atelierdocaractere.pt\/wp-content\/uploads\/2023\/10\/sortelha-2.jpg 1920w\" sizes=\"(max-width: 1024px) 100vw, 1024px\" \/><\/figure>\n\n\n\n<p>No interior da regi\u00e3o Centro de Portugal, no concelho do Sabugal, distrito da Guarda, h\u00e1 uma singela aldeia erguida num lugar repleto de rochedos escarpados, que parecem envolv\u00ea-la como um anel (\u201csortija\u201d, em castelhano), onde tamb\u00e9m as muralhas assumem uma forma circular. \u00c9 a Aldeia Hist\u00f3rica de Sortelha, uma das aldeias mais bem conservadas do nosso pa\u00eds, onde encontramos um impressionante castelo do s\u00e9c. XIII e ruas e vielas que nos transportam de imediato \u00e0 \u00e9poca medieval.<\/p>\n\n\n\n<p>Rom\u00e2ntica e inspiradora, a Aldeia Hist\u00f3rica de Sortelha acaba de receber o pr\u00e9mio \u201cMelhor Aldeia Tur\u00edstica\u201d, pela Organiza\u00e7\u00e3o Mundial de Turismo. Pelo terceiro ano consecutivo, a iniciativa \u201cBest Tourism Villages by UNWTO\u201d distingue uma das Aldeias Hist\u00f3ricas de Portugal: em 2022, o pr\u00e9mio foi atribu\u00eddo \u00e0 Aldeia Hist\u00f3rica de Castelo Novo, e em 2021, \u00e0 Aldeia Hist\u00f3rica de Castelo Rodrigo.<\/p>\n\n\n\n<p>Com este pr\u00e9mio, a Organiza\u00e7\u00e3o Mundial de Turismo procura demonstrar que o turismo pode ser uma for\u00e7a positiva para o desenvolvimento rural e o bem-estar das comunidades.<\/p>\n\n\n\n<figure class=\"wp-block-image size-large\"><img decoding=\"async\" width=\"1024\" height=\"683\" src=\"https:\/\/www.atelierdocaractere.pt\/wp-content\/uploads\/2023\/10\/sortelha-3-1024x683.jpg\" alt=\"\" class=\"wp-image-11922\" srcset=\"https:\/\/www.atelierdocaractere.pt\/wp-content\/uploads\/2023\/10\/sortelha-3-1024x683.jpg 1024w, https:\/\/www.atelierdocaractere.pt\/wp-content\/uploads\/2023\/10\/sortelha-3-300x200.jpg 300w, https:\/\/www.atelierdocaractere.pt\/wp-content\/uploads\/2023\/10\/sortelha-3-768x512.jpg 768w, https:\/\/www.atelierdocaractere.pt\/wp-content\/uploads\/2023\/10\/sortelha-3-1536x1024.jpg 1536w, https:\/\/www.atelierdocaractere.pt\/wp-content\/uploads\/2023\/10\/sortelha-3-900x600.jpg 900w, https:\/\/www.atelierdocaractere.pt\/wp-content\/uploads\/2023\/10\/sortelha-3-675x450.jpg 675w, https:\/\/www.atelierdocaractere.pt\/wp-content\/uploads\/2023\/10\/sortelha-3.jpg 1920w\" sizes=\"(max-width: 1024px) 100vw, 1024px\" \/><\/figure>\n\n\n\n<p>A terceira edi\u00e7\u00e3o da iniciativa \u201cBest Tourism Villages by UNWTO\u201d distinguiu aldeias, por todo o mundo, genuinamente comprometidas com a promo\u00e7\u00e3o e a preserva\u00e7\u00e3o do seu legado cultural e hist\u00f3rico, e promotoras de turismo sustent\u00e1vel. Foram distinguidas, no nosso pa\u00eds, outras aldeias dignas de visita.<\/p>\n\n\n\n<p>O an\u00fancio e entrega dos pr\u00e9mios das \u201cMelhores Aldeias Tur\u00edsticas 2023\u201d aconteceu hoje, em Samarkand, no Uzbequist\u00e3o, e contou com a presen\u00e7a do presidente das Aldeias Hist\u00f3ricas de Portugal, Carlos Ascens\u00e3o, o presidente do concelho do Sabugal, V\u00edtor Proen\u00e7a, e com a Coordenadora Executiva das Aldeias Hist\u00f3ricas de Portugal, Dalila Dias.<\/p>\n\n\n\n<figure class=\"wp-block-image size-large\"><img decoding=\"async\" width=\"1024\" height=\"691\" src=\"https:\/\/www.atelierdocaractere.pt\/wp-content\/uploads\/2023\/10\/sortelha-4-1024x691.jpg\" alt=\"\" class=\"wp-image-11924\" srcset=\"https:\/\/www.atelierdocaractere.pt\/wp-content\/uploads\/2023\/10\/sortelha-4-1024x691.jpg 1024w, https:\/\/www.atelierdocaractere.pt\/wp-content\/uploads\/2023\/10\/sortelha-4-300x202.jpg 300w, https:\/\/www.atelierdocaractere.pt\/wp-content\/uploads\/2023\/10\/sortelha-4-768x518.jpg 768w, https:\/\/www.atelierdocaractere.pt\/wp-content\/uploads\/2023\/10\/sortelha-4-1536x1036.jpg 1536w, https:\/\/www.atelierdocaractere.pt\/wp-content\/uploads\/2023\/10\/sortelha-4-400x269.jpg 400w, https:\/\/www.atelierdocaractere.pt\/wp-content\/uploads\/2023\/10\/sortelha-4.jpg 1920w\" sizes=\"(max-width: 1024px) 100vw, 1024px\" \/><\/figure>\n\n\n\n<p>Para Carlos Ascens\u00e3o, \u201cEste reconhecimento, por parte do organismo m\u00e1ximo do setor do turismo (UNTWO), demonstra mais uma vez o m\u00e9rito do trabalho desenvolvido pela Aldeias Hist\u00f3ricas de Portugal \u2013 Associa\u00e7\u00e3o de Desenvolvimento Tur\u00edstico e pelos diversos agentes no territ\u00f3rio. Entre as in\u00fameras candidaturas a n\u00edvel mundial, a Organiza\u00e7\u00e3o Mundial de Turismo reconhece as boas pr\u00e1ticas de sustentabilidade que t\u00eam sido implementadas na Aldeia Hist\u00f3rica de Sortelha e em toda a rede. \u00c9 por isso com grande regozijo que recebemos esta distin\u00e7\u00e3o, que reconhece a estrat\u00e9gia da nossa associa\u00e7\u00e3o, em tornar este territ\u00f3rio genuinamente sustent\u00e1vel e inovador, assente no conceito de crescimento verde, inclusivo e inteligente, com capacidade para potenciar o desenvolvimento local integrado, e diferenciando-se como innovation leader no \u00e2mbito dos territ\u00f3rios de baixa densidade. Aproveito para deixar o nosso bem-haja e partilhar este pr\u00e9mio com todos os agentes e, principalmente, com as gentes da Aldeia Hist\u00f3rica de Sortelha.\u201d<\/p>\n\n\n\n<p>J\u00e1 V\u00edtor Proen\u00e7a, sublinha: \u201cEsta \u00e9 uma excelente not\u00edcia para as Aldeias Hist\u00f3ricas de Portugal, para Sortelha e para o concelho do Sabugal. Representa um reconhecimento de muitos anos de valoriza\u00e7\u00e3o dos recursos fundadores da Rede Aldeias Hist\u00f3ricas de Portugal, uma das mais relevantes da nossa regi\u00e3o e do pa\u00eds. Acreditamos que a inigual\u00e1vel beleza da Aldeia Hist\u00f3rica de Sortelha, nomeadamente o seu patrim\u00f3nio arquitet\u00f3nico e natural, a mobilidade e acessibilidade foram temas valorizados pelo j\u00fari da Organiza\u00e7\u00e3o Mundial do Turismo. Esta distin\u00e7\u00e3o servir\u00e1, sem d\u00favida, como um novo impulso na atra\u00e7\u00e3o tur\u00edstica para Sortelha, para a Rede das Aldeias Hist\u00f3ricas de Portugal e para a regi\u00e3o, assim como para o investimento privado em Sortelha\u201d.<\/p>\n\n\n<div class=\"wp-block-image\">\n<figure class=\"aligncenter size-full\"><img decoding=\"async\" width=\"768\" height=\"1024\" src=\"https:\/\/www.atelierdocaractere.pt\/wp-content\/uploads\/2023\/10\/entrega-do-premio.jpg\" alt=\"\" class=\"wp-image-11925\" srcset=\"https:\/\/www.atelierdocaractere.pt\/wp-content\/uploads\/2023\/10\/entrega-do-premio.jpg 768w, https:\/\/www.atelierdocaractere.pt\/wp-content\/uploads\/2023\/10\/entrega-do-premio-225x300.jpg 225w, https:\/\/www.atelierdocaractere.pt\/wp-content\/uploads\/2023\/10\/entrega-do-premio-450x600.jpg 450w, https:\/\/www.atelierdocaractere.pt\/wp-content\/uploads\/2023\/10\/entrega-do-premio-350x467.jpg 350w\" sizes=\"(max-width: 768px) 100vw, 768px\" \/><\/figure><\/div>\n\n\n<p><strong>Sobre a Aldeias Hist\u00f3ricas de Portugal<\/strong><\/p>\n\n\n\n<p>Entre montes e vales da verdejante paisagem do interior de Portugal, repletas de lendas e castelos, sabores e tradi\u00e7\u00f5es, encontram-se 12 singelas aldeias onde apetece perdermo-nos. Almeida, Belmonte, Castelo Mendo, Castelo Novo, Castelo Rodrigo, Idanha-a-Velha, Linhares da Beira, Marialva, Monsanto, Pi\u00f3d\u00e3o, Sortelha e Trancoso: as Aldeias Hist\u00f3ricas de Portugal, um destino que s\u00e3o 12, surgem como para\u00edsos escondidos que nos levam numa viagem ao tempo de reis e rainhas, de \u00e9picas e infinitas batalhas que escreveram a Hist\u00f3ria como a conhecemos hoje. S\u00e3o, ainda, a garantia de momentos inesquec\u00edveis de lazer, aventura e descoberta, temperados com os inigual\u00e1veis aromas e sabores da regi\u00e3o, que comp\u00f5em a sua t\u00edpica gastronomia.<\/p>\n\n\n\n<p>No territ\u00f3rio das Aldeias Hist\u00f3ricas de Portugal h\u00e1 um sem fim de trilhos para caminhadas e percursos de bicicleta e BTT \u2013 como a Grande Rota 22, a maior rota de Walking &amp; Cycling na Europa e em Portugal, com cerca de 600 km. A Grande Rota 22 tem o selo Leading Quality Trails \u2013 Best of Europe, entregue pela European Ramblers Association (Associa\u00e7\u00e3o Europeia de Caminhada).<\/p>\n\n\n\n<p>As Aldeias Hist\u00f3ricas de Portugal s\u00e3o o primeiro destino em rede \u2013 \u00e0 escala mundial \u2013 e o primeiro destino nacional a receber a certifica\u00e7\u00e3o BIOSPHERE DESTINATION. E, em 2020, foram o primeiro destino a n\u00edvel nacional a criar o \u201cManifesto do Turista Respons\u00e1vel\u201d, lembrando aos seus visitantes a import\u00e2ncia do respeito pela natureza.<\/p>\n","protected":false},"excerpt":{"rendered":"<p>Pela terceira vez consecutiva, uma das 12 Aldeias Hist\u00f3ricas de Portugal \u00e9 distinguida com o pr\u00e9mio \u201cMelhor Aldeia Tur\u00edstica\u201d, da&#8230;<\/p>\n","protected":false},"author":7,"featured_media":11921,"comment_status":"closed","ping_status":"open","sticky":false,"template":"","format":"standard","meta":[],"categories":[39],"tags":[371,646,462,647],"yoast_head":"<!-- This site is optimized with the Yoast SEO plugin v20.12 - https:\/\/yoast.com\/wordpress\/plugins\/seo\/ -->\n<title>Aldeia Hist\u00f3rica de Sortelha vence pr\u00e9mio de \u201cMelhor Aldeia Tur\u00edstica\u201d pela Organiza\u00e7\u00e3o Mundial do Turismo - Atelier do Caractere<\/title>\n<meta name=\"robots\" content=\"index, follow, max-snippet:-1, max-image-preview:large, max-video-preview:-1\" \/>\n<link rel=\"canonical\" href=\"https:\/\/www.atelierdocaractere.pt\/brevemente\/aldeia-historica-de-sortelha-vence-premio-de-melhor-aldeia-turistica-pela-organizacao-mundial-do-turismo\/\" \/>\n<meta property=\"og:locale\" content=\"pt_PT\" \/>\n<meta property=\"og:type\" content=\"article\" \/>\n<meta property=\"og:title\" content=\"Aldeia Hist\u00f3rica de Sortelha vence pr\u00e9mio de \u201cMelhor Aldeia Tur\u00edstica\u201d pela Organiza\u00e7\u00e3o Mundial do Turismo - Atelier do Caractere\" \/>\n<meta property=\"og:description\" content=\"Pela terceira vez consecutiva, uma das 12 Aldeias Hist\u00f3ricas de Portugal \u00e9 distinguida com o pr\u00e9mio \u201cMelhor Aldeia Tur\u00edstica\u201d, da...\" \/>\n<meta property=\"og:url\" content=\"https:\/\/www.atelierdocaractere.pt\/brevemente\/aldeia-historica-de-sortelha-vence-premio-de-melhor-aldeia-turistica-pela-organizacao-mundial-do-turismo\/\" \/>\n<meta property=\"og:site_name\" content=\"Atelier do Caractere\" \/>\n<meta property=\"article:publisher\" content=\"https:\/\/www.facebook.com\/AtelierdoCaractere\" \/>\n<meta property=\"article:published_time\" content=\"2023-10-19T12:15:08+00:00\" \/>\n<meta property=\"article:modified_time\" content=\"2023-10-19T12:15:12+00:00\" \/>\n<meta property=\"og:image\" content=\"https:\/\/www.atelierdocaractere.pt\/wp-content\/uploads\/2023\/10\/sortelha-1.jpg\" \/>\n\t<meta property=\"og:image:width\" content=\"1600\" \/>\n\t<meta property=\"og:image:height\" content=\"1062\" \/>\n\t<meta property=\"og:image:type\" content=\"image\/jpeg\" \/>\n<meta name=\"author\" content=\"Joana Barbosa\" \/>\n<meta name=\"twitter:card\" content=\"summary_large_image\" \/>\n<meta name=\"twitter:label1\" content=\"Escrito por\" \/>\n\t<meta name=\"twitter:data1\" content=\"Joana Barbosa\" \/>\n\t<meta name=\"twitter:label2\" content=\"Tempo estimado de leitura\" \/>\n\t<meta name=\"twitter:data2\" content=\"6 minutos\" \/>\n<script type=\"application\/ld+json\" class=\"yoast-schema-graph\">{\"@context\":\"https:\/\/schema.org\",\"@graph\":[{\"@type\":\"WebPage\",\"@id\":\"https:\/\/www.atelierdocaractere.pt\/brevemente\/aldeia-historica-de-sortelha-vence-premio-de-melhor-aldeia-turistica-pela-organizacao-mundial-do-turismo\/\",\"url\":\"https:\/\/www.atelierdocaractere.pt\/brevemente\/aldeia-historica-de-sortelha-vence-premio-de-melhor-aldeia-turistica-pela-organizacao-mundial-do-turismo\/\",\"name\":\"Aldeia Hist\u00f3rica de Sortelha vence pr\u00e9mio de \u201cMelhor Aldeia Tur\u00edstica\u201d pela Organiza\u00e7\u00e3o Mundial do Turismo - Atelier do Caractere\",\"isPartOf\":{\"@id\":\"https:\/\/www.atelierdocaractere.pt\/brevemente\/#website\"},\"datePublished\":\"2023-10-19T12:15:08+00:00\",\"dateModified\":\"2023-10-19T12:15:12+00:00\",\"author\":{\"@id\":\"https:\/\/www.atelierdocaractere.pt\/brevemente\/#\/schema\/person\/f2f096eb0f27d9894725af22cb97c0db\"},\"breadcrumb\":{\"@id\":\"https:\/\/www.atelierdocaractere.pt\/brevemente\/aldeia-historica-de-sortelha-vence-premio-de-melhor-aldeia-turistica-pela-organizacao-mundial-do-turismo\/#breadcrumb\"},\"inLanguage\":\"pt-PT\",\"potentialAction\":[{\"@type\":\"ReadAction\",\"target\":[\"https:\/\/www.atelierdocaractere.pt\/brevemente\/aldeia-historica-de-sortelha-vence-premio-de-melhor-aldeia-turistica-pela-organizacao-mundial-do-turismo\/\"]}]},{\"@type\":\"BreadcrumbList\",\"@id\":\"https:\/\/www.atelierdocaractere.pt\/brevemente\/aldeia-historica-de-sortelha-vence-premio-de-melhor-aldeia-turistica-pela-organizacao-mundial-do-turismo\/#breadcrumb\",\"itemListElement\":[{\"@type\":\"ListItem\",\"position\":1,\"name\":\"In\u00edcio\",\"item\":\"https:\/\/www.atelierdocaractere.pt\/brevemente\/\"},{\"@type\":\"ListItem\",\"position\":2,\"name\":\"Aldeia Hist\u00f3rica de Sortelha vence pr\u00e9mio de \u201cMelhor Aldeia Tur\u00edstica\u201d pela Organiza\u00e7\u00e3o Mundial do Turismo\"}]},{\"@type\":\"WebSite\",\"@id\":\"https:\/\/www.atelierdocaractere.pt\/brevemente\/#website\",\"url\":\"https:\/\/www.atelierdocaractere.pt\/brevemente\/\",\"name\":\"Atelier do Caractere\",\"description\":\"\",\"potentialAction\":[{\"@type\":\"SearchAction\",\"target\":{\"@type\":\"EntryPoint\",\"urlTemplate\":\"https:\/\/www.atelierdocaractere.pt\/brevemente\/?s={search_term_string}\"},\"query-input\":\"required name=search_term_string\"}],\"inLanguage\":\"pt-PT\"},{\"@type\":\"Person\",\"@id\":\"https:\/\/www.atelierdocaractere.pt\/brevemente\/#\/schema\/person\/f2f096eb0f27d9894725af22cb97c0db\",\"name\":\"Joana Barbosa\",\"image\":{\"@type\":\"ImageObject\",\"inLanguage\":\"pt-PT\",\"@id\":\"https:\/\/www.atelierdocaractere.pt\/brevemente\/#\/schema\/person\/image\/\",\"url\":\"https:\/\/secure.gravatar.com\/avatar\/33e8214b45e9d68a3a83008731075979?s=96&d=mm&r=g\",\"contentUrl\":\"https:\/\/secure.gravatar.com\/avatar\/33e8214b45e9d68a3a83008731075979?s=96&d=mm&r=g\",\"caption\":\"Joana Barbosa\"},\"url\":\"https:\/\/www.atelierdocaractere.pt\/brevemente\/author\/joanabarbosa\/\"}]}<\/script>\n<!-- \/ Yoast SEO plugin. -->","yoast_head_json":{"title":"Aldeia Hist\u00f3rica de Sortelha vence pr\u00e9mio de \u201cMelhor Aldeia Tur\u00edstica\u201d pela Organiza\u00e7\u00e3o Mundial do Turismo - Atelier do Caractere","robots":{"index":"index","follow":"follow","max-snippet":"max-snippet:-1","max-image-preview":"max-image-preview:large","max-video-preview":"max-video-preview:-1"},"canonical":"https:\/\/www.atelierdocaractere.pt\/brevemente\/aldeia-historica-de-sortelha-vence-premio-de-melhor-aldeia-turistica-pela-organizacao-mundial-do-turismo\/","og_locale":"pt_PT","og_type":"article","og_title":"Aldeia Hist\u00f3rica de Sortelha vence pr\u00e9mio de \u201cMelhor Aldeia Tur\u00edstica\u201d pela Organiza\u00e7\u00e3o Mundial do Turismo - Atelier do Caractere","og_description":"Pela terceira vez consecutiva, uma das 12 Aldeias Hist\u00f3ricas de Portugal \u00e9 distinguida com o pr\u00e9mio \u201cMelhor Aldeia Tur\u00edstica\u201d, da...","og_url":"https:\/\/www.atelierdocaractere.pt\/brevemente\/aldeia-historica-de-sortelha-vence-premio-de-melhor-aldeia-turistica-pela-organizacao-mundial-do-turismo\/","og_site_name":"Atelier do Caractere","article_publisher":"https:\/\/www.facebook.com\/AtelierdoCaractere","article_published_time":"2023-10-19T12:15:08+00:00","article_modified_time":"2023-10-19T12:15:12+00:00","og_image":[{"width":1600,"height":1062,"url":"https:\/\/www.atelierdocaractere.pt\/wp-content\/uploads\/2023\/10\/sortelha-1.jpg","type":"image\/jpeg"}],"author":"Joana Barbosa","twitter_card":"summary_large_image","twitter_misc":{"Escrito por":"Joana Barbosa","Tempo estimado de leitura":"6 minutos"},"schema":{"@context":"https:\/\/schema.org","@graph":[{"@type":"WebPage","@id":"https:\/\/www.atelierdocaractere.pt\/brevemente\/aldeia-historica-de-sortelha-vence-premio-de-melhor-aldeia-turistica-pela-organizacao-mundial-do-turismo\/","url":"https:\/\/www.atelierdocaractere.pt\/brevemente\/aldeia-historica-de-sortelha-vence-premio-de-melhor-aldeia-turistica-pela-organizacao-mundial-do-turismo\/","name":"Aldeia Hist\u00f3rica de Sortelha vence pr\u00e9mio de \u201cMelhor Aldeia Tur\u00edstica\u201d pela Organiza\u00e7\u00e3o Mundial do Turismo - Atelier do Caractere","isPartOf":{"@id":"https:\/\/www.atelierdocaractere.pt\/brevemente\/#website"},"datePublished":"2023-10-19T12:15:08+00:00","dateModified":"2023-10-19T12:15:12+00:00","author":{"@id":"https:\/\/www.atelierdocaractere.pt\/brevemente\/#\/schema\/person\/f2f096eb0f27d9894725af22cb97c0db"},"breadcrumb":{"@id":"https:\/\/www.atelierdocaractere.pt\/brevemente\/aldeia-historica-de-sortelha-vence-premio-de-melhor-aldeia-turistica-pela-organizacao-mundial-do-turismo\/#breadcrumb"},"inLanguage":"pt-PT","potentialAction":[{"@type":"ReadAction","target":["https:\/\/www.atelierdocaractere.pt\/brevemente\/aldeia-historica-de-sortelha-vence-premio-de-melhor-aldeia-turistica-pela-organizacao-mundial-do-turismo\/"]}]},{"@type":"BreadcrumbList","@id":"https:\/\/www.atelierdocaractere.pt\/brevemente\/aldeia-historica-de-sortelha-vence-premio-de-melhor-aldeia-turistica-pela-organizacao-mundial-do-turismo\/#breadcrumb","itemListElement":[{"@type":"ListItem","position":1,"name":"In\u00edcio","item":"https:\/\/www.atelierdocaractere.pt\/brevemente\/"},{"@type":"ListItem","position":2,"name":"Aldeia Hist\u00f3rica de Sortelha vence pr\u00e9mio de \u201cMelhor Aldeia Tur\u00edstica\u201d pela Organiza\u00e7\u00e3o Mundial do Turismo"}]},{"@type":"WebSite","@id":"https:\/\/www.atelierdocaractere.pt\/brevemente\/#website","url":"https:\/\/www.atelierdocaractere.pt\/brevemente\/","name":"Atelier do Caractere","description":"","potentialAction":[{"@type":"SearchAction","target":{"@type":"EntryPoint","urlTemplate":"https:\/\/www.atelierdocaractere.pt\/brevemente\/?s={search_term_string}"},"query-input":"required name=search_term_string"}],"inLanguage":"pt-PT"},{"@type":"Person","@id":"https:\/\/www.atelierdocaractere.pt\/brevemente\/#\/schema\/person\/f2f096eb0f27d9894725af22cb97c0db","name":"Joana Barbosa","image":{"@type":"ImageObject","inLanguage":"pt-PT","@id":"https:\/\/www.atelierdocaractere.pt\/brevemente\/#\/schema\/person\/image\/","url":"https:\/\/secure.gravatar.com\/avatar\/33e8214b45e9d68a3a83008731075979?s=96&d=mm&r=g","contentUrl":"https:\/\/secure.gravatar.com\/avatar\/33e8214b45e9d68a3a83008731075979?s=96&d=mm&r=g","caption":"Joana Barbosa"},"url":"https:\/\/www.atelierdocaractere.pt\/brevemente\/author\/joanabarbosa\/"}]}},"_links":{"self":[{"href":"https:\/\/www.atelierdocaractere.pt\/brevemente\/wp-json\/wp\/v2\/posts\/11920"}],"collection":[{"href":"https:\/\/www.atelierdocaractere.pt\/brevemente\/wp-json\/wp\/v2\/posts"}],"about":[{"href":"https:\/\/www.atelierdocaractere.pt\/brevemente\/wp-json\/wp\/v2\/types\/post"}],"author":[{"embeddable":true,"href":"https:\/\/www.atelierdocaractere.pt\/brevemente\/wp-json\/wp\/v2\/users\/7"}],"replies":[{"embeddable":true,"href":"https:\/\/www.atelierdocaractere.pt\/brevemente\/wp-json\/wp\/v2\/comments?post=11920"}],"version-history":[{"count":1,"href":"https:\/\/www.atelierdocaractere.pt\/brevemente\/wp-json\/wp\/v2\/posts\/11920\/revisions"}],"predecessor-version":[{"id":11926,"href":"https:\/\/www.atelierdocaractere.pt\/brevemente\/wp-json\/wp\/v2\/posts\/11920\/revisions\/11926"}],"wp:featuredmedia":[{"embeddable":true,"href":"https:\/\/www.atelierdocaractere.pt\/brevemente\/wp-json\/wp\/v2\/media\/11921"}],"wp:attachment":[{"href":"https:\/\/www.atelierdocaractere.pt\/brevemente\/wp-json\/wp\/v2\/media?parent=11920"}],"wp:term":[{"taxonomy":"category","embeddable":true,"href":"https:\/\/www.atelierdocaractere.pt\/brevemente\/wp-json\/wp\/v2\/categories?post=11920"},{"taxonomy":"post_tag","embeddable":true,"href":"https:\/\/www.atelierdocaractere.pt\/brevemente\/wp-json\/wp\/v2\/tags?post=11920"}],"curies":[{"name":"wp","href":"https:\/\/api.w.org\/{rel}","templated":true}]}}