{"id":11927,"date":"2023-10-19T12:25:10","date_gmt":"2023-10-19T12:25:10","guid":{"rendered":"https:\/\/www.atelierdocaractere.pt\/brevemente\/?p=11927"},"modified":"2023-10-19T18:33:59","modified_gmt":"2023-10-19T18:33:59","slug":"turismo-centro-de-portugal-sauda-escolha-de-manteigas-e-sortelha-como-melhores-aldeias-turisticas-2023","status":"publish","type":"post","link":"https:\/\/www.atelierdocaractere.pt\/brevemente\/turismo-centro-de-portugal-sauda-escolha-de-manteigas-e-sortelha-como-melhores-aldeias-turisticas-2023\/","title":{"rendered":"Turismo Centro de Portugal sa\u00fada escolha de Manteigas e Sortelha como \u201cMelhores Aldeias Tur\u00edsticas 2023\u201d"},"content":{"rendered":"\n<p><strong>Distin\u00e7\u00e3o foi hoje conhecida na Assembleia Geral da Organiza\u00e7\u00e3o Mundial do Turismo, no Usbequist\u00e3o.<\/strong><\/p>\n\n\n\n<p>A&nbsp;<strong>Turismo Centro de Portugal<\/strong>&nbsp;recebeu hoje com grande satisfa\u00e7\u00e3o o an\u00fancio de que dois destinos da regi\u00e3o foram distinguidos ao mais alto n\u00edvel pela Organiza\u00e7\u00e3o Mundial do Turismo (OMT), com o pr\u00e9mio de \u201cMelhor Aldeia Tur\u00edstica 2023\u201d.<\/p>\n\n\n\n<p><strong>Manteigas&nbsp;<\/strong>e a&nbsp;<strong>Aldeia Hist\u00f3rica de Sortelha<\/strong>, no Sabugal, foram os locais distinguidos na edi\u00e7\u00e3o deste ano da iniciativa, depois de o mesmo galard\u00e3o ter sido atribu\u00eddo \u00e0s Aldeias Hist\u00f3ricas de Castelo Rodrigo, em 2021, e de Castelo Novo, em 2022. O an\u00fancio foi feito hoje, no decorrer da Assembleia Geral da OMT, em Samarcanda, Usbequist\u00e3o.<\/p>\n\n\n\n<figure class=\"wp-block-image size-large\"><img decoding=\"async\" width=\"1024\" height=\"683\" src=\"https:\/\/www.atelierdocaractere.pt\/wp-content\/uploads\/2023\/10\/sortelha-5-1024x683.jpg\" alt=\"\" class=\"wp-image-11928\" srcset=\"https:\/\/www.atelierdocaractere.pt\/wp-content\/uploads\/2023\/10\/sortelha-5-1024x683.jpg 1024w, https:\/\/www.atelierdocaractere.pt\/wp-content\/uploads\/2023\/10\/sortelha-5-300x200.jpg 300w, https:\/\/www.atelierdocaractere.pt\/wp-content\/uploads\/2023\/10\/sortelha-5-768x512.jpg 768w, https:\/\/www.atelierdocaractere.pt\/wp-content\/uploads\/2023\/10\/sortelha-5-1536x1024.jpg 1536w, https:\/\/www.atelierdocaractere.pt\/wp-content\/uploads\/2023\/10\/sortelha-5-900x600.jpg 900w, https:\/\/www.atelierdocaractere.pt\/wp-content\/uploads\/2023\/10\/sortelha-5-675x450.jpg 675w, https:\/\/www.atelierdocaractere.pt\/wp-content\/uploads\/2023\/10\/sortelha-5.jpg 1920w\" sizes=\"(max-width: 1024px) 100vw, 1024px\" \/><\/figure>\n\n\n\n<p>Com esta distin\u00e7\u00e3o, Manteigas e Sortelha juntam-se \u00e0 Rede Global de Melhores Aldeias Tur\u00edsticas da OMT, criada em 2021 e que re\u00fane 190 aldeias dos cinco continentes.<\/p>\n\n\n\n<p>De acordo com a OMT, \u201co galard\u00e3o de \u2018Melhor Aldeia Tur\u00edstica\u2019 reconhece as aldeias que constituem um exemplo not\u00e1vel de um destino tur\u00edstico com ativos culturais e naturais acreditados, que preservam e promovem valores, produtos e estilos de vida rurais e comunit\u00e1rios e que t\u00eam um compromisso claro com a inova\u00e7\u00e3o e sustentabilidade em todas as suas vertentes \u2013 econ\u00f3mica, social e ambiental\u201d.<\/p>\n\n\n\n<p>Nesta terceira edi\u00e7\u00e3o da iniciativa, foram eleitos 54 destinos de todo o mundo. De notar que, em Portugal, tamb\u00e9m a Ericeira, em Mafra, e Madalena, no Pico, foram contempladas. A aldeia de Vila de Frades, na Vidigueira, foi selecionada para o Programa de Desenvolvimento, que se destina a aldeias que ainda n\u00e3o cumprem totalmente os crit\u00e9rios para serem Melhor Aldeia Tur\u00edstica mas que justificam o apoio da OMT.<\/p>\n\n\n\n<figure class=\"wp-block-image size-large\"><img decoding=\"async\" width=\"1024\" height=\"683\" src=\"https:\/\/www.atelierdocaractere.pt\/wp-content\/uploads\/2023\/10\/manteigas-1024x683.jpg\" alt=\"\" class=\"wp-image-11929\" srcset=\"https:\/\/www.atelierdocaractere.pt\/wp-content\/uploads\/2023\/10\/manteigas-1024x683.jpg 1024w, https:\/\/www.atelierdocaractere.pt\/wp-content\/uploads\/2023\/10\/manteigas-300x200.jpg 300w, https:\/\/www.atelierdocaractere.pt\/wp-content\/uploads\/2023\/10\/manteigas-768x512.jpg 768w, https:\/\/www.atelierdocaractere.pt\/wp-content\/uploads\/2023\/10\/manteigas-1536x1024.jpg 1536w, https:\/\/www.atelierdocaractere.pt\/wp-content\/uploads\/2023\/10\/manteigas-900x600.jpg 900w, https:\/\/www.atelierdocaractere.pt\/wp-content\/uploads\/2023\/10\/manteigas-675x450.jpg 675w, https:\/\/www.atelierdocaractere.pt\/wp-content\/uploads\/2023\/10\/manteigas.jpg 1920w\" sizes=\"(max-width: 1024px) 100vw, 1024px\" \/><\/figure>\n\n\n\n<p><em>\u201cAplaudimos a distin\u00e7\u00e3o internacional de que foram hoje alvo Manteigas e a Aldeia Hist\u00f3rica de Sortelha. A Organiza\u00e7\u00e3o Mundial do Turismo premiou dois destinos diversificados do Centro de Portugal, que t\u00eam em comum estarem implantados no territ\u00f3rio das Beiras e Serra da Estrela e serem escolhas preferenciais dos visitantes\u201d<\/em>, salienta&nbsp;<strong>Raul Almeida, presidente da Turismo Centro de Portugal<\/strong>.<\/p>\n\n\n\n<p><em>\u201cVisitar Manteigas \u00e9 conhecer o cora\u00e7\u00e3o da Serra da Estrela, onde as paisagens envolventes s\u00e3o magn\u00edficas, a gastronomia \u00e9 distintiva e o modo de vida da popula\u00e7\u00e3o mant\u00e9m ainda um car\u00e1cter comunit\u00e1rio. Percorrer Sortelha \u00e9 voltar atr\u00e1s no tempo, at\u00e9 \u00e0 \u00e9poca medieval, numa paisagem rochosa que n\u00e3o deixa ningu\u00e9m indiferente. S\u00e3o dois exemplos paradigm\u00e1ticos do impacto positivo que a atividade tur\u00edstica deixa nos territ\u00f3rios de baixa densidade, o que foi agora justamente reconhecido pelas Na\u00e7\u00f5es Unidas. Est\u00e3o de parab\u00e9ns o Munic\u00edpio de Manteigas e a Aldeias Hist\u00f3ricas de Portugal \u2013 Associa\u00e7\u00e3o de Desenvolvimento Tur\u00edstico, pelas candidaturas apresentadas\u201d<\/em>, acrescenta.<\/p>\n\n\n\n<p><strong>Sobre o Turismo Centro de Portugal:<\/strong><\/p>\n\n\n\n<p>O Turismo Centro de Portugal \u00e9 a entidade que estrutura e promove o turismo na Regi\u00e3o Centro do pa\u00eds. Esta \u00e9 a maior e mais diversificada \u00e1rea tur\u00edstica nacional, abrangendo 100 munic\u00edpios, e tem registado um intenso crescimento da procura interna e externa. \u00c9 a regi\u00e3o a escolher para quem pretende experi\u00eancias diversificadas, pois concilia locais Patrim\u00f3nio da Humanidade com a melhor costa de surf da Europa, termas e spas id\u00edlicos, locais de culto de import\u00e2ncia mundial e as mais belas aldeias.<\/p>\n","protected":false},"excerpt":{"rendered":"<p>Distin\u00e7\u00e3o foi hoje conhecida na Assembleia Geral da Organiza\u00e7\u00e3o Mundial do Turismo, no Usbequist\u00e3o. A&nbsp;Turismo Centro de Portugal&nbsp;recebeu hoje com&#8230;<\/p>\n","protected":false},"author":7,"featured_media":11929,"comment_status":"closed","ping_status":"open","sticky":false,"template":"","format":"standard","meta":[],"categories":[39],"tags":[649,462,346],"yoast_head":"<!-- This site is optimized with the Yoast SEO plugin v20.12 - https:\/\/yoast.com\/wordpress\/plugins\/seo\/ -->\n<title>Turismo Centro de Portugal sa\u00fada escolha de Manteigas e Sortelha como \u201cMelhores Aldeias Tur\u00edsticas 2023\u201d - Atelier do Caractere<\/title>\n<meta name=\"robots\" content=\"index, follow, max-snippet:-1, max-image-preview:large, max-video-preview:-1\" \/>\n<link rel=\"canonical\" href=\"https:\/\/www.atelierdocaractere.pt\/brevemente\/turismo-centro-de-portugal-sauda-escolha-de-manteigas-e-sortelha-como-melhores-aldeias-turisticas-2023\/\" \/>\n<meta property=\"og:locale\" content=\"pt_PT\" \/>\n<meta property=\"og:type\" content=\"article\" \/>\n<meta property=\"og:title\" content=\"Turismo Centro de Portugal sa\u00fada escolha de Manteigas e Sortelha como \u201cMelhores Aldeias Tur\u00edsticas 2023\u201d - Atelier do Caractere\" \/>\n<meta property=\"og:description\" content=\"Distin\u00e7\u00e3o foi hoje conhecida na Assembleia Geral da Organiza\u00e7\u00e3o Mundial do Turismo, no Usbequist\u00e3o. A&nbsp;Turismo Centro de Portugal&nbsp;recebeu hoje com...\" \/>\n<meta property=\"og:url\" content=\"https:\/\/www.atelierdocaractere.pt\/brevemente\/turismo-centro-de-portugal-sauda-escolha-de-manteigas-e-sortelha-como-melhores-aldeias-turisticas-2023\/\" \/>\n<meta property=\"og:site_name\" content=\"Atelier do Caractere\" \/>\n<meta property=\"article:publisher\" content=\"https:\/\/www.facebook.com\/AtelierdoCaractere\" \/>\n<meta property=\"article:published_time\" content=\"2023-10-19T12:25:10+00:00\" \/>\n<meta property=\"article:modified_time\" content=\"2023-10-19T18:33:59+00:00\" \/>\n<meta property=\"og:image\" content=\"https:\/\/www.atelierdocaractere.pt\/wp-content\/uploads\/2023\/10\/manteigas.jpg\" \/>\n\t<meta property=\"og:image:width\" content=\"1920\" \/>\n\t<meta property=\"og:image:height\" content=\"1280\" \/>\n\t<meta property=\"og:image:type\" content=\"image\/jpeg\" \/>\n<meta name=\"author\" content=\"Joana Barbosa\" \/>\n<meta name=\"twitter:card\" content=\"summary_large_image\" \/>\n<meta name=\"twitter:label1\" content=\"Escrito por\" \/>\n\t<meta name=\"twitter:data1\" content=\"Joana Barbosa\" \/>\n\t<meta name=\"twitter:label2\" content=\"Tempo estimado de leitura\" \/>\n\t<meta name=\"twitter:data2\" content=\"4 minutos\" \/>\n<script type=\"application\/ld+json\" class=\"yoast-schema-graph\">{\"@context\":\"https:\/\/schema.org\",\"@graph\":[{\"@type\":\"WebPage\",\"@id\":\"https:\/\/www.atelierdocaractere.pt\/brevemente\/turismo-centro-de-portugal-sauda-escolha-de-manteigas-e-sortelha-como-melhores-aldeias-turisticas-2023\/\",\"url\":\"https:\/\/www.atelierdocaractere.pt\/brevemente\/turismo-centro-de-portugal-sauda-escolha-de-manteigas-e-sortelha-como-melhores-aldeias-turisticas-2023\/\",\"name\":\"Turismo Centro de Portugal sa\u00fada escolha de Manteigas e Sortelha como \u201cMelhores Aldeias Tur\u00edsticas 2023\u201d - Atelier do Caractere\",\"isPartOf\":{\"@id\":\"https:\/\/www.atelierdocaractere.pt\/brevemente\/#website\"},\"datePublished\":\"2023-10-19T12:25:10+00:00\",\"dateModified\":\"2023-10-19T18:33:59+00:00\",\"author\":{\"@id\":\"https:\/\/www.atelierdocaractere.pt\/brevemente\/#\/schema\/person\/f2f096eb0f27d9894725af22cb97c0db\"},\"breadcrumb\":{\"@id\":\"https:\/\/www.atelierdocaractere.pt\/brevemente\/turismo-centro-de-portugal-sauda-escolha-de-manteigas-e-sortelha-como-melhores-aldeias-turisticas-2023\/#breadcrumb\"},\"inLanguage\":\"pt-PT\",\"potentialAction\":[{\"@type\":\"ReadAction\",\"target\":[\"https:\/\/www.atelierdocaractere.pt\/brevemente\/turismo-centro-de-portugal-sauda-escolha-de-manteigas-e-sortelha-como-melhores-aldeias-turisticas-2023\/\"]}]},{\"@type\":\"BreadcrumbList\",\"@id\":\"https:\/\/www.atelierdocaractere.pt\/brevemente\/turismo-centro-de-portugal-sauda-escolha-de-manteigas-e-sortelha-como-melhores-aldeias-turisticas-2023\/#breadcrumb\",\"itemListElement\":[{\"@type\":\"ListItem\",\"position\":1,\"name\":\"In\u00edcio\",\"item\":\"https:\/\/www.atelierdocaractere.pt\/brevemente\/\"},{\"@type\":\"ListItem\",\"position\":2,\"name\":\"Turismo Centro de Portugal sa\u00fada escolha de Manteigas e Sortelha como \u201cMelhores Aldeias Tur\u00edsticas 2023\u201d\"}]},{\"@type\":\"WebSite\",\"@id\":\"https:\/\/www.atelierdocaractere.pt\/brevemente\/#website\",\"url\":\"https:\/\/www.atelierdocaractere.pt\/brevemente\/\",\"name\":\"Atelier do Caractere\",\"description\":\"\",\"potentialAction\":[{\"@type\":\"SearchAction\",\"target\":{\"@type\":\"EntryPoint\",\"urlTemplate\":\"https:\/\/www.atelierdocaractere.pt\/brevemente\/?s={search_term_string}\"},\"query-input\":\"required name=search_term_string\"}],\"inLanguage\":\"pt-PT\"},{\"@type\":\"Person\",\"@id\":\"https:\/\/www.atelierdocaractere.pt\/brevemente\/#\/schema\/person\/f2f096eb0f27d9894725af22cb97c0db\",\"name\":\"Joana Barbosa\",\"image\":{\"@type\":\"ImageObject\",\"inLanguage\":\"pt-PT\",\"@id\":\"https:\/\/www.atelierdocaractere.pt\/brevemente\/#\/schema\/person\/image\/\",\"url\":\"https:\/\/secure.gravatar.com\/avatar\/33e8214b45e9d68a3a83008731075979?s=96&d=mm&r=g\",\"contentUrl\":\"https:\/\/secure.gravatar.com\/avatar\/33e8214b45e9d68a3a83008731075979?s=96&d=mm&r=g\",\"caption\":\"Joana Barbosa\"},\"url\":\"https:\/\/www.atelierdocaractere.pt\/brevemente\/author\/joanabarbosa\/\"}]}<\/script>\n<!-- \/ Yoast SEO plugin. -->","yoast_head_json":{"title":"Turismo Centro de Portugal sa\u00fada escolha de Manteigas e Sortelha como \u201cMelhores Aldeias Tur\u00edsticas 2023\u201d - Atelier do Caractere","robots":{"index":"index","follow":"follow","max-snippet":"max-snippet:-1","max-image-preview":"max-image-preview:large","max-video-preview":"max-video-preview:-1"},"canonical":"https:\/\/www.atelierdocaractere.pt\/brevemente\/turismo-centro-de-portugal-sauda-escolha-de-manteigas-e-sortelha-como-melhores-aldeias-turisticas-2023\/","og_locale":"pt_PT","og_type":"article","og_title":"Turismo Centro de Portugal sa\u00fada escolha de Manteigas e Sortelha como \u201cMelhores Aldeias Tur\u00edsticas 2023\u201d - Atelier do Caractere","og_description":"Distin\u00e7\u00e3o foi hoje conhecida na Assembleia Geral da Organiza\u00e7\u00e3o Mundial do Turismo, no Usbequist\u00e3o. A&nbsp;Turismo Centro de Portugal&nbsp;recebeu hoje com...","og_url":"https:\/\/www.atelierdocaractere.pt\/brevemente\/turismo-centro-de-portugal-sauda-escolha-de-manteigas-e-sortelha-como-melhores-aldeias-turisticas-2023\/","og_site_name":"Atelier do Caractere","article_publisher":"https:\/\/www.facebook.com\/AtelierdoCaractere","article_published_time":"2023-10-19T12:25:10+00:00","article_modified_time":"2023-10-19T18:33:59+00:00","og_image":[{"width":1920,"height":1280,"url":"https:\/\/www.atelierdocaractere.pt\/wp-content\/uploads\/2023\/10\/manteigas.jpg","type":"image\/jpeg"}],"author":"Joana Barbosa","twitter_card":"summary_large_image","twitter_misc":{"Escrito por":"Joana Barbosa","Tempo estimado de leitura":"4 minutos"},"schema":{"@context":"https:\/\/schema.org","@graph":[{"@type":"WebPage","@id":"https:\/\/www.atelierdocaractere.pt\/brevemente\/turismo-centro-de-portugal-sauda-escolha-de-manteigas-e-sortelha-como-melhores-aldeias-turisticas-2023\/","url":"https:\/\/www.atelierdocaractere.pt\/brevemente\/turismo-centro-de-portugal-sauda-escolha-de-manteigas-e-sortelha-como-melhores-aldeias-turisticas-2023\/","name":"Turismo Centro de Portugal sa\u00fada escolha de Manteigas e Sortelha como \u201cMelhores Aldeias Tur\u00edsticas 2023\u201d - Atelier do Caractere","isPartOf":{"@id":"https:\/\/www.atelierdocaractere.pt\/brevemente\/#website"},"datePublished":"2023-10-19T12:25:10+00:00","dateModified":"2023-10-19T18:33:59+00:00","author":{"@id":"https:\/\/www.atelierdocaractere.pt\/brevemente\/#\/schema\/person\/f2f096eb0f27d9894725af22cb97c0db"},"breadcrumb":{"@id":"https:\/\/www.atelierdocaractere.pt\/brevemente\/turismo-centro-de-portugal-sauda-escolha-de-manteigas-e-sortelha-como-melhores-aldeias-turisticas-2023\/#breadcrumb"},"inLanguage":"pt-PT","potentialAction":[{"@type":"ReadAction","target":["https:\/\/www.atelierdocaractere.pt\/brevemente\/turismo-centro-de-portugal-sauda-escolha-de-manteigas-e-sortelha-como-melhores-aldeias-turisticas-2023\/"]}]},{"@type":"BreadcrumbList","@id":"https:\/\/www.atelierdocaractere.pt\/brevemente\/turismo-centro-de-portugal-sauda-escolha-de-manteigas-e-sortelha-como-melhores-aldeias-turisticas-2023\/#breadcrumb","itemListElement":[{"@type":"ListItem","position":1,"name":"In\u00edcio","item":"https:\/\/www.atelierdocaractere.pt\/brevemente\/"},{"@type":"ListItem","position":2,"name":"Turismo Centro de Portugal sa\u00fada escolha de Manteigas e Sortelha como \u201cMelhores Aldeias Tur\u00edsticas 2023\u201d"}]},{"@type":"WebSite","@id":"https:\/\/www.atelierdocaractere.pt\/brevemente\/#website","url":"https:\/\/www.atelierdocaractere.pt\/brevemente\/","name":"Atelier do Caractere","description":"","potentialAction":[{"@type":"SearchAction","target":{"@type":"EntryPoint","urlTemplate":"https:\/\/www.atelierdocaractere.pt\/brevemente\/?s={search_term_string}"},"query-input":"required name=search_term_string"}],"inLanguage":"pt-PT"},{"@type":"Person","@id":"https:\/\/www.atelierdocaractere.pt\/brevemente\/#\/schema\/person\/f2f096eb0f27d9894725af22cb97c0db","name":"Joana Barbosa","image":{"@type":"ImageObject","inLanguage":"pt-PT","@id":"https:\/\/www.atelierdocaractere.pt\/brevemente\/#\/schema\/person\/image\/","url":"https:\/\/secure.gravatar.com\/avatar\/33e8214b45e9d68a3a83008731075979?s=96&d=mm&r=g","contentUrl":"https:\/\/secure.gravatar.com\/avatar\/33e8214b45e9d68a3a83008731075979?s=96&d=mm&r=g","caption":"Joana Barbosa"},"url":"https:\/\/www.atelierdocaractere.pt\/brevemente\/author\/joanabarbosa\/"}]}},"_links":{"self":[{"href":"https:\/\/www.atelierdocaractere.pt\/brevemente\/wp-json\/wp\/v2\/posts\/11927"}],"collection":[{"href":"https:\/\/www.atelierdocaractere.pt\/brevemente\/wp-json\/wp\/v2\/posts"}],"about":[{"href":"https:\/\/www.atelierdocaractere.pt\/brevemente\/wp-json\/wp\/v2\/types\/post"}],"author":[{"embeddable":true,"href":"https:\/\/www.atelierdocaractere.pt\/brevemente\/wp-json\/wp\/v2\/users\/7"}],"replies":[{"embeddable":true,"href":"https:\/\/www.atelierdocaractere.pt\/brevemente\/wp-json\/wp\/v2\/comments?post=11927"}],"version-history":[{"count":3,"href":"https:\/\/www.atelierdocaractere.pt\/brevemente\/wp-json\/wp\/v2\/posts\/11927\/revisions"}],"predecessor-version":[{"id":11932,"href":"https:\/\/www.atelierdocaractere.pt\/brevemente\/wp-json\/wp\/v2\/posts\/11927\/revisions\/11932"}],"wp:featuredmedia":[{"embeddable":true,"href":"https:\/\/www.atelierdocaractere.pt\/brevemente\/wp-json\/wp\/v2\/media\/11929"}],"wp:attachment":[{"href":"https:\/\/www.atelierdocaractere.pt\/brevemente\/wp-json\/wp\/v2\/media?parent=11927"}],"wp:term":[{"taxonomy":"category","embeddable":true,"href":"https:\/\/www.atelierdocaractere.pt\/brevemente\/wp-json\/wp\/v2\/categories?post=11927"},{"taxonomy":"post_tag","embeddable":true,"href":"https:\/\/www.atelierdocaractere.pt\/brevemente\/wp-json\/wp\/v2\/tags?post=11927"}],"curies":[{"name":"wp","href":"https:\/\/api.w.org\/{rel}","templated":true}]}}