{"id":11946,"date":"2023-10-24T16:52:10","date_gmt":"2023-10-24T16:52:10","guid":{"rendered":"https:\/\/www.atelierdocaractere.pt\/brevemente\/?p=11946"},"modified":"2023-10-24T16:52:14","modified_gmt":"2023-10-24T16:52:14","slug":"festival-arttur-promove-a-cooperacao-e-diferencia-o-mundo-para-melhor","status":"publish","type":"post","link":"https:\/\/www.atelierdocaractere.pt\/brevemente\/festival-arttur-promove-a-cooperacao-e-diferencia-o-mundo-para-melhor\/","title":{"rendered":"Festival ART&amp;TUR \u201cpromove a coopera\u00e7\u00e3o e diferencia o mundo para melhor\u201d"},"content":{"rendered":"\n<p><strong>16.\u00aa edi\u00e7\u00e3o do Festival Internacional de Cinema de Turismo come\u00e7ou hoje nas Caldas da Rainha. At\u00e9 sexta-feira, ser\u00e3o exibidos 262 filmes de 47 pa\u00edses.<\/strong><\/p>\n\n\n\n<p><strong>Francisco Dias<\/strong>, criador e diretor do&nbsp;<strong>ART&amp;TUR &#8211; Festival Internacional de Cinema de Turismo<\/strong>, considerou hoje, na sess\u00e3o de abertura da 16.\u00aa edi\u00e7\u00e3o, nas Caldas da Rainha, que este \u00e9 um evento que&nbsp;<em>\u201cdiferencia o mundo para melhor\u201d<\/em>. O festival come\u00e7ou hoje e termina na pr\u00f3xima sexta-feira, numa co-organiza\u00e7\u00e3o entre a Centro Portugal Film Commission e a Turismo Centro de Portugal.<\/p>\n\n\n\n<figure class=\"wp-block-image size-large\"><img decoding=\"async\" width=\"1024\" height=\"682\" src=\"https:\/\/www.atelierdocaractere.pt\/wp-content\/uploads\/2023\/10\/imagem-whatsapp-2023-10-24-as-174939-1fee68e5-1024x682.jpg\" alt=\"\" class=\"wp-image-11949\" srcset=\"https:\/\/www.atelierdocaractere.pt\/wp-content\/uploads\/2023\/10\/imagem-whatsapp-2023-10-24-as-174939-1fee68e5-1024x682.jpg 1024w, https:\/\/www.atelierdocaractere.pt\/wp-content\/uploads\/2023\/10\/imagem-whatsapp-2023-10-24-as-174939-1fee68e5-300x200.jpg 300w, https:\/\/www.atelierdocaractere.pt\/wp-content\/uploads\/2023\/10\/imagem-whatsapp-2023-10-24-as-174939-1fee68e5-768x512.jpg 768w, https:\/\/www.atelierdocaractere.pt\/wp-content\/uploads\/2023\/10\/imagem-whatsapp-2023-10-24-as-174939-1fee68e5-1536x1023.jpg 1536w, https:\/\/www.atelierdocaractere.pt\/wp-content\/uploads\/2023\/10\/imagem-whatsapp-2023-10-24-as-174939-1fee68e5-900x600.jpg 900w, https:\/\/www.atelierdocaractere.pt\/wp-content\/uploads\/2023\/10\/imagem-whatsapp-2023-10-24-as-174939-1fee68e5-675x450.jpg 675w, https:\/\/www.atelierdocaractere.pt\/wp-content\/uploads\/2023\/10\/imagem-whatsapp-2023-10-24-as-174939-1fee68e5.jpg 1600w\" sizes=\"(max-width: 1024px) 100vw, 1024px\" \/><\/figure>\n\n\n\n<p><em>\u201cS\u00e3o eventos com o ART&amp;TUR que diferenciam o mundo para melhor. Numa \u00e9poca em que a nossa consci\u00eancia \u00e9 invadida todos os dias, nas redes sociais e na televis\u00e3o, com imagens de horror, que banalizamos e consideramos normais, produzir eventos que promovam a coopera\u00e7\u00e3o, a compreens\u00e3o m\u00fatua e o conhecimento de outras culturas \u00e9 para mim um momento feliz\u201d<\/em>, sublinhou&nbsp;<strong>Francisco Dias<\/strong>, perante o audit\u00f3rio, repleto, do CCC &#8211; Centro Cultural e Congressos de Caldas da Rainha.<\/p>\n\n\n\n<p><em>\u201cEmbora seja um festival de cinema de turismo, o ART&amp;TUR n\u00e3o \u00e9 meramente promocional. \u00c9 um festival que junta a cultura, o turismo e a arte, com o objetivo de vivermos um mundo melhor\u201d<\/em>, acrescentou.<\/p>\n\n\n\n<p>Antes,&nbsp;<strong>V\u00edtor Marques<\/strong>,&nbsp;<strong>presidente da C\u00e2mara Municipal das Caldas da Rainha<\/strong>, tinha lembrado a import\u00e2ncia do audiovisual na promo\u00e7\u00e3o dos territ\u00f3rios.&nbsp;<em>\u201cHoje sabemos que a comunica\u00e7\u00e3o n\u00e3o se faz apenas pela escrita, mas cada vez mais pela imagem. Temos consci\u00eancia do poder que a imagem tem e \u00e9 importante sabermos tirar partido dela na divulga\u00e7\u00e3o dos nossos territ\u00f3rios\u201d<\/em>, disse, destacando o facto de este festival exibir 87 filmes oriundos de 47 pa\u00edses.&nbsp;<em>\u201c\u00c9 muito grato para a cidade das Caldas da Rainha ser a capital deste festival este ano\u201d<\/em>, concluiu.<\/p>\n\n\n<div class=\"wp-block-image\">\n<figure class=\"aligncenter size-large\"><img decoding=\"async\" width=\"682\" height=\"1024\" src=\"https:\/\/www.atelierdocaractere.pt\/wp-content\/uploads\/2023\/10\/imagem-whatsapp-2023-10-24-as-174939-b59be7d1-682x1024.jpg\" alt=\"\" class=\"wp-image-11950\" srcset=\"https:\/\/www.atelierdocaractere.pt\/wp-content\/uploads\/2023\/10\/imagem-whatsapp-2023-10-24-as-174939-b59be7d1-682x1024.jpg 682w, https:\/\/www.atelierdocaractere.pt\/wp-content\/uploads\/2023\/10\/imagem-whatsapp-2023-10-24-as-174939-b59be7d1-200x300.jpg 200w, https:\/\/www.atelierdocaractere.pt\/wp-content\/uploads\/2023\/10\/imagem-whatsapp-2023-10-24-as-174939-b59be7d1-768x1153.jpg 768w, https:\/\/www.atelierdocaractere.pt\/wp-content\/uploads\/2023\/10\/imagem-whatsapp-2023-10-24-as-174939-b59be7d1-1023x1536.jpg 1023w, https:\/\/www.atelierdocaractere.pt\/wp-content\/uploads\/2023\/10\/imagem-whatsapp-2023-10-24-as-174939-b59be7d1.jpg 1066w\" sizes=\"(max-width: 682px) 100vw, 682px\" \/><\/figure><\/div>\n\n\n<p>Na sua interven\u00e7\u00e3o na sess\u00e3o de abertura,&nbsp;<strong>Raul Almeida<\/strong>,&nbsp;<strong>presidente da Turismo Centro de Portugal<\/strong>, come\u00e7ou por agradecer \u00e0s pessoas que tornam poss\u00edvel que este festival se realize na regi\u00e3o, ano ap\u00f3s ano, e salientou a qualidade reconhecida do evento.&nbsp;<em>\u201cA qualidade do ART&amp;TUR \u00e9 reconhecida em todo o mundo. O facto de o festival se realizar nesta regi\u00e3o projeta a marca Centro de Portugal e proporciona-lhe grande notoriedade internacional\u201d<\/em>, frisou.<\/p>\n\n\n\n<p>Os filmes e s\u00e9ries s\u00e3o um instrumento poderoso de promo\u00e7\u00e3o, real\u00e7ou Raul Almeida:&nbsp;<em>\u201cOs territ\u00f3rios alcan\u00e7am grande proje\u00e7\u00e3o quando s\u00e3o escolhidos para locais de filmagens por uma produ\u00e7\u00e3o audiovisual. Atualmente, todos n\u00f3s, com um simples telem\u00f3vel, conseguimos encontrar os locais que vimos num filme ou s\u00e9rie. H\u00e1 in\u00fameros exemplos positivos, muitas vezes em territ\u00f3rios de baixa densidade, de interior, o que \u00e9 muito positivo para a nossa estrat\u00e9gia de promo\u00e7\u00e3o\u201d<\/em>, recordou.<\/p>\n\n\n\n<p>Tamb\u00e9m na sess\u00e3o de abertura,&nbsp;<strong>Adriana Rodrigues, presidente da Centro de Portugal Film Commission<\/strong>, deu as boas-vindas aos participantes de&nbsp;<em>\u201cum dos melhores festivais de filmes de turismo que se realizam a n\u00edvel mundial\u201d<\/em>.&nbsp;<em>\u201cEdi\u00e7\u00e3o ap\u00f3s edi\u00e7\u00e3o, temos tido o privil\u00e9gio de receber no Centro de Portugal realizadores e produtores de todo o mundo e de lhes mostrar o que de melhor o nosso territ\u00f3rio tem para oferecer. Por estes dias, \u00e9 o bel\u00edssimo concelho das Caldas da Rainha que vos recebe de bra\u00e7os bem abertos e que vos convida a uma visita\u201d<\/em>, enfatizou.<\/p>\n\n\n\n<figure class=\"wp-block-image size-large\"><img decoding=\"async\" width=\"1024\" height=\"682\" src=\"https:\/\/www.atelierdocaractere.pt\/wp-content\/uploads\/2023\/10\/imagem-whatsapp-2023-10-24-as-174940-dbe33ccc-1024x682.jpg\" alt=\"\" class=\"wp-image-11947\" srcset=\"https:\/\/www.atelierdocaractere.pt\/wp-content\/uploads\/2023\/10\/imagem-whatsapp-2023-10-24-as-174940-dbe33ccc-1024x682.jpg 1024w, https:\/\/www.atelierdocaractere.pt\/wp-content\/uploads\/2023\/10\/imagem-whatsapp-2023-10-24-as-174940-dbe33ccc-300x200.jpg 300w, https:\/\/www.atelierdocaractere.pt\/wp-content\/uploads\/2023\/10\/imagem-whatsapp-2023-10-24-as-174940-dbe33ccc-768x512.jpg 768w, https:\/\/www.atelierdocaractere.pt\/wp-content\/uploads\/2023\/10\/imagem-whatsapp-2023-10-24-as-174940-dbe33ccc-1536x1023.jpg 1536w, https:\/\/www.atelierdocaractere.pt\/wp-content\/uploads\/2023\/10\/imagem-whatsapp-2023-10-24-as-174940-dbe33ccc-900x600.jpg 900w, https:\/\/www.atelierdocaractere.pt\/wp-content\/uploads\/2023\/10\/imagem-whatsapp-2023-10-24-as-174940-dbe33ccc-675x450.jpg 675w, https:\/\/www.atelierdocaractere.pt\/wp-content\/uploads\/2023\/10\/imagem-whatsapp-2023-10-24-as-174940-dbe33ccc.jpg 1600w\" sizes=\"(max-width: 1024px) 100vw, 1024px\" \/><\/figure>\n\n\n\n<p><em>\u201cEm todos os palcos onde decorre o festival, fica demonstrado que o Centro de Portugal \u00e9 um destino de elei\u00e7\u00e3o para todo o tipo de produ\u00e7\u00f5es cinematogr\u00e1ficas ou televisivas e oferece um manancial ilimitado de recursos, que t\u00eam motivado um interesse crescente por parte de produtoras internacionais\u201d<\/em>, salientou ainda Adriana Rodrigues.<\/p>\n\n\n\n<p>Ap\u00f3s a sess\u00e3o de abertura, teve lugar uma mesa-redonda&nbsp;dedicada ao tema \u201cO papel do audiovisual na promo\u00e7\u00e3o de produtos tur\u00edsticos inovadores\u201d. Moderada por Francisco Dias, a mesa-redonda contou com a participa\u00e7\u00e3o de&nbsp;<strong>S\u00edlvia Ribau<\/strong>, Chefe do N\u00facleo de Estrat\u00e9gia, Planeamento e Promo\u00e7\u00e3o da Turismo do Centro de Portugal e&nbsp;<strong>Diana Ferreira da Silva<\/strong>, Coordenadora de Marketing e Comunica\u00e7\u00e3o da Visit Porto and North of Portugal.<\/p>\n\n\n\n<p>Na ocasi\u00e3o, S\u00edlvia Ribau sublinhou o refor\u00e7o do posicionamento e notoriedade da marca Turismo Centro de Portugal, por via dos diversos pr\u00e9mios e reconhecimentos dos filmes promocionais que tem apresentado.&nbsp;<em>&#8220;O v\u00eddeo sempre foi importante para a promo\u00e7\u00e3o dos territ\u00f3rios, desde os tempos em que s\u00f3 havia televis\u00e3o, at\u00e9 \u00e0 chegada da internet. Com o aparecimento das redes sociais, essa import\u00e2ncia tornou-se ainda maior&#8221;<\/em>, come\u00e7ou por dizer, para explicar que&nbsp;<em>&#8220;os filmes promocionais t\u00eam sido uma aposta fundamental na estrat\u00e9gia da Turismo Centro de Portugal&#8221;<\/em>.&nbsp;<em>&#8220;Temos a preocupa\u00e7\u00e3o de mostrar filmes diferentes, que mostrem a diversidade de experi\u00eancias que se pode encontrar neste territ\u00f3rio&#8221;<\/em>, explicou.<\/p>\n\n\n<div class=\"wp-block-image\">\n<figure class=\"aligncenter size-large\"><img decoding=\"async\" width=\"682\" height=\"1024\" src=\"https:\/\/www.atelierdocaractere.pt\/wp-content\/uploads\/2023\/10\/imagem-whatsapp-2023-10-24-as-174941-c11ee561-682x1024.jpg\" alt=\"\" class=\"wp-image-11948\" srcset=\"https:\/\/www.atelierdocaractere.pt\/wp-content\/uploads\/2023\/10\/imagem-whatsapp-2023-10-24-as-174941-c11ee561-682x1024.jpg 682w, https:\/\/www.atelierdocaractere.pt\/wp-content\/uploads\/2023\/10\/imagem-whatsapp-2023-10-24-as-174941-c11ee561-200x300.jpg 200w, https:\/\/www.atelierdocaractere.pt\/wp-content\/uploads\/2023\/10\/imagem-whatsapp-2023-10-24-as-174941-c11ee561-768x1153.jpg 768w, https:\/\/www.atelierdocaractere.pt\/wp-content\/uploads\/2023\/10\/imagem-whatsapp-2023-10-24-as-174941-c11ee561-1023x1536.jpg 1023w, https:\/\/www.atelierdocaractere.pt\/wp-content\/uploads\/2023\/10\/imagem-whatsapp-2023-10-24-as-174941-c11ee561.jpg 1066w\" sizes=\"(max-width: 682px) 100vw, 682px\" \/><\/figure><\/div>\n\n\n<p><strong>Exibidos 87 filmes em quatro dias de festival<\/strong><\/p>\n\n\n\n<p>A 16.\u00aa edi\u00e7\u00e3o do&nbsp;<strong>ART&amp;TUR &#8211; Festival Internacional de Cinema de Turismo&nbsp;<\/strong>decorre at\u00e9 ao pr\u00f3ximo dia 27, nas Caldas da Rainha. As \u00faltimas cinco edi\u00e7\u00f5es do festival realizaram-se no Centro de Portugal, nomeadamente em Leiria, Torres Vedras, Viseu, Aveiro e Our\u00e9m.<\/p>\n\n\n\n<p>O ART&amp;TUR \u00e9 um certame consolidado no panorama internacional dos festivais de cinema de turismo, atraindo anualmente os melhores filmes sobre turismo nacionais e internacionais. O festival integra o CIFFT, circuito internacional de festivais de filmes de turismo.<\/p>\n\n\n\n<p>Durante os quatro dias do Festival, ser\u00e3o exibidos os filmes que comp\u00f5em a&nbsp;<em>shortlist<\/em>&nbsp;da competi\u00e7\u00e3o, selecionados entre os 262 filmes promocionais e document\u00e1rios, de 47 pa\u00edses, que se inscreveram na competi\u00e7\u00e3o e que foram avaliados pelo j\u00fari internacional. Este ano h\u00e1 tr\u00eas competi\u00e7\u00f5es distintas inclu\u00eddas no festival: a competi\u00e7\u00e3o nacional, a competi\u00e7\u00e3o internacional e, em estreia, a competi\u00e7\u00e3o brasileira.<\/p>\n\n\n\n<p>No total, ser\u00e3o exibidos 82 filmes, integrados em 10 sess\u00f5es tem\u00e1ticas. Estas sess\u00f5es ser\u00e3o intercaladas por 7 mesas-redondas, em que especialistas refletir\u00e3o sobre temas atuais abordados nos filmes exibidos.<\/p>\n\n\n\n<p>Paralelamente, decorrer\u00e3o outras iniciativas inseridas no Festival. Uma dessas iniciativas \u00e9 o&nbsp;<strong>ART&amp;FACTORY<\/strong>, um concurso de produ\u00e7\u00e3o audiovisual em que realizadores internacionais produzem, na semana imediatamente antes do festival, filmes promocionais no territ\u00f3rio que recebe o ART&amp;TUR \u2013 neste caso, nas Caldas da Rainha. Os filmes ser\u00e3o exibidos no festival.<\/p>\n\n\n\n<p>Outra iniciativa promovida pelo ART&amp;TUR \u00e9 o&nbsp;<strong>\u201cBlogging Caldas da Rainha\u201d<\/strong>. \u00c0 semelhan\u00e7a de edi\u00e7\u00f5es anteriores, trata-se de um pequeno concurso que premeia a melhor entrada de blogues que tenham como tema a cidade onde se realiza o festival, neste caso as Caldas da Rainha. A vencedora desta iniciativa, anunciada hoje, ap\u00f3s a sess\u00e3o de abertura, \u00e9&nbsp;<strong>Raquel Morgado<\/strong>, do blogue \u201c365 Dias Pelo Mundo\u201d.<\/p>\n\n\n\n<p>O programa completo do evento pode ser consultado em\u00a0<a href=\"https:\/\/turismodocentro.us17.list-manage.com\/track\/click?u=9b14ef0c6c1999e92ddae9fc9&amp;id=ac756f1459&amp;e=cf2176b759\">https:\/\/tourfilm-festival.com<\/a>.<\/p>\n\n\n\n<p><strong>Sobre o Turismo Centro de Portugal:<\/strong><\/p>\n\n\n\n<p>O Turismo Centro de Portugal \u00e9 a entidade que estrutura e promove o turismo na Regi\u00e3o Centro do pa\u00eds. Esta \u00e9 a maior e mais diversificada \u00e1rea tur\u00edstica nacional, abrangendo 100 munic\u00edpios, e tem registado um intenso crescimento da procura interna e externa. \u00c9 a regi\u00e3o a escolher para quem pretende experi\u00eancias diversificadas, pois concilia locais Patrim\u00f3nio da Humanidade com a melhor costa de surf da Europa, termas e spas id\u00edlicos, locais de culto de import\u00e2ncia mundial e as mais belas aldeias.<\/p>\n","protected":false},"excerpt":{"rendered":"<p>16.\u00aa edi\u00e7\u00e3o do Festival Internacional de Cinema de Turismo come\u00e7ou hoje nas Caldas da Rainha. At\u00e9 sexta-feira, ser\u00e3o exibidos 262&#8230;<\/p>\n","protected":false},"author":7,"featured_media":11951,"comment_status":"closed","ping_status":"open","sticky":false,"template":"","format":"standard","meta":[],"categories":[39],"tags":[640,639,346],"yoast_head":"<!-- This site is optimized with the Yoast SEO plugin v20.12 - https:\/\/yoast.com\/wordpress\/plugins\/seo\/ -->\n<title>Festival ART&amp;TUR \u201cpromove a coopera\u00e7\u00e3o e diferencia o mundo para melhor\u201d - Atelier do Caractere<\/title>\n<meta name=\"robots\" content=\"index, follow, max-snippet:-1, max-image-preview:large, max-video-preview:-1\" \/>\n<link rel=\"canonical\" href=\"https:\/\/www.atelierdocaractere.pt\/brevemente\/festival-arttur-promove-a-cooperacao-e-diferencia-o-mundo-para-melhor\/\" \/>\n<meta property=\"og:locale\" content=\"pt_PT\" \/>\n<meta property=\"og:type\" content=\"article\" \/>\n<meta property=\"og:title\" content=\"Festival ART&amp;TUR \u201cpromove a coopera\u00e7\u00e3o e diferencia o mundo para melhor\u201d - Atelier do Caractere\" \/>\n<meta property=\"og:description\" content=\"16.\u00aa edi\u00e7\u00e3o do Festival Internacional de Cinema de Turismo come\u00e7ou hoje nas Caldas da Rainha. At\u00e9 sexta-feira, ser\u00e3o exibidos 262...\" \/>\n<meta property=\"og:url\" content=\"https:\/\/www.atelierdocaractere.pt\/brevemente\/festival-arttur-promove-a-cooperacao-e-diferencia-o-mundo-para-melhor\/\" \/>\n<meta property=\"og:site_name\" content=\"Atelier do Caractere\" \/>\n<meta property=\"article:publisher\" content=\"https:\/\/www.facebook.com\/AtelierdoCaractere\" \/>\n<meta property=\"article:published_time\" content=\"2023-10-24T16:52:10+00:00\" \/>\n<meta property=\"article:modified_time\" content=\"2023-10-24T16:52:14+00:00\" \/>\n<meta property=\"og:image\" content=\"https:\/\/www.atelierdocaractere.pt\/wp-content\/uploads\/2023\/10\/imagem-whatsapp-2023-10-24-as-174937-83f7d852.jpg\" \/>\n\t<meta property=\"og:image:width\" content=\"1600\" \/>\n\t<meta property=\"og:image:height\" content=\"1066\" \/>\n\t<meta property=\"og:image:type\" content=\"image\/jpeg\" \/>\n<meta name=\"author\" content=\"Joana Barbosa\" \/>\n<meta name=\"twitter:card\" content=\"summary_large_image\" \/>\n<meta name=\"twitter:label1\" content=\"Escrito por\" \/>\n\t<meta name=\"twitter:data1\" content=\"Joana Barbosa\" \/>\n\t<meta name=\"twitter:label2\" content=\"Tempo estimado de leitura\" \/>\n\t<meta name=\"twitter:data2\" content=\"8 minutos\" \/>\n<script type=\"application\/ld+json\" class=\"yoast-schema-graph\">{\"@context\":\"https:\/\/schema.org\",\"@graph\":[{\"@type\":\"WebPage\",\"@id\":\"https:\/\/www.atelierdocaractere.pt\/brevemente\/festival-arttur-promove-a-cooperacao-e-diferencia-o-mundo-para-melhor\/\",\"url\":\"https:\/\/www.atelierdocaractere.pt\/brevemente\/festival-arttur-promove-a-cooperacao-e-diferencia-o-mundo-para-melhor\/\",\"name\":\"Festival ART&amp;TUR \u201cpromove a coopera\u00e7\u00e3o e diferencia o mundo para melhor\u201d - Atelier do Caractere\",\"isPartOf\":{\"@id\":\"https:\/\/www.atelierdocaractere.pt\/brevemente\/#website\"},\"datePublished\":\"2023-10-24T16:52:10+00:00\",\"dateModified\":\"2023-10-24T16:52:14+00:00\",\"author\":{\"@id\":\"https:\/\/www.atelierdocaractere.pt\/brevemente\/#\/schema\/person\/f2f096eb0f27d9894725af22cb97c0db\"},\"breadcrumb\":{\"@id\":\"https:\/\/www.atelierdocaractere.pt\/brevemente\/festival-arttur-promove-a-cooperacao-e-diferencia-o-mundo-para-melhor\/#breadcrumb\"},\"inLanguage\":\"pt-PT\",\"potentialAction\":[{\"@type\":\"ReadAction\",\"target\":[\"https:\/\/www.atelierdocaractere.pt\/brevemente\/festival-arttur-promove-a-cooperacao-e-diferencia-o-mundo-para-melhor\/\"]}]},{\"@type\":\"BreadcrumbList\",\"@id\":\"https:\/\/www.atelierdocaractere.pt\/brevemente\/festival-arttur-promove-a-cooperacao-e-diferencia-o-mundo-para-melhor\/#breadcrumb\",\"itemListElement\":[{\"@type\":\"ListItem\",\"position\":1,\"name\":\"In\u00edcio\",\"item\":\"https:\/\/www.atelierdocaractere.pt\/brevemente\/\"},{\"@type\":\"ListItem\",\"position\":2,\"name\":\"Festival ART&amp;TUR \u201cpromove a coopera\u00e7\u00e3o e diferencia o mundo para melhor\u201d\"}]},{\"@type\":\"WebSite\",\"@id\":\"https:\/\/www.atelierdocaractere.pt\/brevemente\/#website\",\"url\":\"https:\/\/www.atelierdocaractere.pt\/brevemente\/\",\"name\":\"Atelier do Caractere\",\"description\":\"\",\"potentialAction\":[{\"@type\":\"SearchAction\",\"target\":{\"@type\":\"EntryPoint\",\"urlTemplate\":\"https:\/\/www.atelierdocaractere.pt\/brevemente\/?s={search_term_string}\"},\"query-input\":\"required name=search_term_string\"}],\"inLanguage\":\"pt-PT\"},{\"@type\":\"Person\",\"@id\":\"https:\/\/www.atelierdocaractere.pt\/brevemente\/#\/schema\/person\/f2f096eb0f27d9894725af22cb97c0db\",\"name\":\"Joana Barbosa\",\"image\":{\"@type\":\"ImageObject\",\"inLanguage\":\"pt-PT\",\"@id\":\"https:\/\/www.atelierdocaractere.pt\/brevemente\/#\/schema\/person\/image\/\",\"url\":\"https:\/\/secure.gravatar.com\/avatar\/33e8214b45e9d68a3a83008731075979?s=96&d=mm&r=g\",\"contentUrl\":\"https:\/\/secure.gravatar.com\/avatar\/33e8214b45e9d68a3a83008731075979?s=96&d=mm&r=g\",\"caption\":\"Joana Barbosa\"},\"url\":\"https:\/\/www.atelierdocaractere.pt\/brevemente\/author\/joanabarbosa\/\"}]}<\/script>\n<!-- \/ Yoast SEO plugin. -->","yoast_head_json":{"title":"Festival ART&amp;TUR \u201cpromove a coopera\u00e7\u00e3o e diferencia o mundo para melhor\u201d - Atelier do Caractere","robots":{"index":"index","follow":"follow","max-snippet":"max-snippet:-1","max-image-preview":"max-image-preview:large","max-video-preview":"max-video-preview:-1"},"canonical":"https:\/\/www.atelierdocaractere.pt\/brevemente\/festival-arttur-promove-a-cooperacao-e-diferencia-o-mundo-para-melhor\/","og_locale":"pt_PT","og_type":"article","og_title":"Festival ART&amp;TUR \u201cpromove a coopera\u00e7\u00e3o e diferencia o mundo para melhor\u201d - Atelier do Caractere","og_description":"16.\u00aa edi\u00e7\u00e3o do Festival Internacional de Cinema de Turismo come\u00e7ou hoje nas Caldas da Rainha. At\u00e9 sexta-feira, ser\u00e3o exibidos 262...","og_url":"https:\/\/www.atelierdocaractere.pt\/brevemente\/festival-arttur-promove-a-cooperacao-e-diferencia-o-mundo-para-melhor\/","og_site_name":"Atelier do Caractere","article_publisher":"https:\/\/www.facebook.com\/AtelierdoCaractere","article_published_time":"2023-10-24T16:52:10+00:00","article_modified_time":"2023-10-24T16:52:14+00:00","og_image":[{"width":1600,"height":1066,"url":"https:\/\/www.atelierdocaractere.pt\/wp-content\/uploads\/2023\/10\/imagem-whatsapp-2023-10-24-as-174937-83f7d852.jpg","type":"image\/jpeg"}],"author":"Joana Barbosa","twitter_card":"summary_large_image","twitter_misc":{"Escrito por":"Joana Barbosa","Tempo estimado de leitura":"8 minutos"},"schema":{"@context":"https:\/\/schema.org","@graph":[{"@type":"WebPage","@id":"https:\/\/www.atelierdocaractere.pt\/brevemente\/festival-arttur-promove-a-cooperacao-e-diferencia-o-mundo-para-melhor\/","url":"https:\/\/www.atelierdocaractere.pt\/brevemente\/festival-arttur-promove-a-cooperacao-e-diferencia-o-mundo-para-melhor\/","name":"Festival ART&amp;TUR \u201cpromove a coopera\u00e7\u00e3o e diferencia o mundo para melhor\u201d - Atelier do Caractere","isPartOf":{"@id":"https:\/\/www.atelierdocaractere.pt\/brevemente\/#website"},"datePublished":"2023-10-24T16:52:10+00:00","dateModified":"2023-10-24T16:52:14+00:00","author":{"@id":"https:\/\/www.atelierdocaractere.pt\/brevemente\/#\/schema\/person\/f2f096eb0f27d9894725af22cb97c0db"},"breadcrumb":{"@id":"https:\/\/www.atelierdocaractere.pt\/brevemente\/festival-arttur-promove-a-cooperacao-e-diferencia-o-mundo-para-melhor\/#breadcrumb"},"inLanguage":"pt-PT","potentialAction":[{"@type":"ReadAction","target":["https:\/\/www.atelierdocaractere.pt\/brevemente\/festival-arttur-promove-a-cooperacao-e-diferencia-o-mundo-para-melhor\/"]}]},{"@type":"BreadcrumbList","@id":"https:\/\/www.atelierdocaractere.pt\/brevemente\/festival-arttur-promove-a-cooperacao-e-diferencia-o-mundo-para-melhor\/#breadcrumb","itemListElement":[{"@type":"ListItem","position":1,"name":"In\u00edcio","item":"https:\/\/www.atelierdocaractere.pt\/brevemente\/"},{"@type":"ListItem","position":2,"name":"Festival ART&amp;TUR \u201cpromove a coopera\u00e7\u00e3o e diferencia o mundo para melhor\u201d"}]},{"@type":"WebSite","@id":"https:\/\/www.atelierdocaractere.pt\/brevemente\/#website","url":"https:\/\/www.atelierdocaractere.pt\/brevemente\/","name":"Atelier do Caractere","description":"","potentialAction":[{"@type":"SearchAction","target":{"@type":"EntryPoint","urlTemplate":"https:\/\/www.atelierdocaractere.pt\/brevemente\/?s={search_term_string}"},"query-input":"required name=search_term_string"}],"inLanguage":"pt-PT"},{"@type":"Person","@id":"https:\/\/www.atelierdocaractere.pt\/brevemente\/#\/schema\/person\/f2f096eb0f27d9894725af22cb97c0db","name":"Joana Barbosa","image":{"@type":"ImageObject","inLanguage":"pt-PT","@id":"https:\/\/www.atelierdocaractere.pt\/brevemente\/#\/schema\/person\/image\/","url":"https:\/\/secure.gravatar.com\/avatar\/33e8214b45e9d68a3a83008731075979?s=96&d=mm&r=g","contentUrl":"https:\/\/secure.gravatar.com\/avatar\/33e8214b45e9d68a3a83008731075979?s=96&d=mm&r=g","caption":"Joana Barbosa"},"url":"https:\/\/www.atelierdocaractere.pt\/brevemente\/author\/joanabarbosa\/"}]}},"_links":{"self":[{"href":"https:\/\/www.atelierdocaractere.pt\/brevemente\/wp-json\/wp\/v2\/posts\/11946"}],"collection":[{"href":"https:\/\/www.atelierdocaractere.pt\/brevemente\/wp-json\/wp\/v2\/posts"}],"about":[{"href":"https:\/\/www.atelierdocaractere.pt\/brevemente\/wp-json\/wp\/v2\/types\/post"}],"author":[{"embeddable":true,"href":"https:\/\/www.atelierdocaractere.pt\/brevemente\/wp-json\/wp\/v2\/users\/7"}],"replies":[{"embeddable":true,"href":"https:\/\/www.atelierdocaractere.pt\/brevemente\/wp-json\/wp\/v2\/comments?post=11946"}],"version-history":[{"count":1,"href":"https:\/\/www.atelierdocaractere.pt\/brevemente\/wp-json\/wp\/v2\/posts\/11946\/revisions"}],"predecessor-version":[{"id":11952,"href":"https:\/\/www.atelierdocaractere.pt\/brevemente\/wp-json\/wp\/v2\/posts\/11946\/revisions\/11952"}],"wp:featuredmedia":[{"embeddable":true,"href":"https:\/\/www.atelierdocaractere.pt\/brevemente\/wp-json\/wp\/v2\/media\/11951"}],"wp:attachment":[{"href":"https:\/\/www.atelierdocaractere.pt\/brevemente\/wp-json\/wp\/v2\/media?parent=11946"}],"wp:term":[{"taxonomy":"category","embeddable":true,"href":"https:\/\/www.atelierdocaractere.pt\/brevemente\/wp-json\/wp\/v2\/categories?post=11946"},{"taxonomy":"post_tag","embeddable":true,"href":"https:\/\/www.atelierdocaractere.pt\/brevemente\/wp-json\/wp\/v2\/tags?post=11946"}],"curies":[{"name":"wp","href":"https:\/\/api.w.org\/{rel}","templated":true}]}}