{"id":11961,"date":"2023-10-28T09:32:37","date_gmt":"2023-10-28T09:32:37","guid":{"rendered":"https:\/\/www.atelierdocaractere.pt\/brevemente\/?p=11961"},"modified":"2023-10-30T09:47:29","modified_gmt":"2023-10-30T09:47:29","slug":"filmes-da-nazare-marrocos-e-pantanal-vencem-16-o-festival-arttur","status":"publish","type":"post","link":"https:\/\/www.atelierdocaractere.pt\/brevemente\/filmes-da-nazare-marrocos-e-pantanal-vencem-16-o-festival-arttur\/","title":{"rendered":"Filmes da Nazar\u00e9, Marrocos e Pantanal vencem 16.\u00ba Festival ART&amp;TUR"},"content":{"rendered":"\n<p><strong>Conhe\u00e7a todos os premiados da 16.\u00aa edi\u00e7\u00e3o do Festival, que se realizou nas Caldas da Rainha<\/strong><\/p>\n\n\n\n<p>Terminou ontem, nas Caldas da Rainha, a 16.\u00aa edi\u00e7\u00e3o do&nbsp;<strong>ART&amp;TUR &#8211; Festival Internacional de Cinema de Turismo<\/strong>, um dos eventos mais conceituados a n\u00edvel mundial na \u00e1rea do audiovisual para turismo. Na Gala de Pr\u00e9mios, que decorreu no CCC &#8211; Centro Cultural e Congressos de Caldas da Rainha, foram anunciados os filmes vencedores das v\u00e1rias competi\u00e7\u00f5es a concurso, distinguidos pelo j\u00fari internacional do Festival.<\/p>\n\n\n\n<p>Durante os quatro dias do Festival, foram exibidos 82 filmes que integraram a shortlist da competi\u00e7\u00e3o. Estes foram selecionados entre os 262 filmes, de 47 pa\u00edses, que se inscreveram e que foram avaliados pelo j\u00fari, constitu\u00eddo por 43 jurados. As \u00faltimas seis edi\u00e7\u00f5es do ART&amp;TUR realizaram-se no Centro de Portugal, nomeadamente em Leiria, Torres Vedras, Viseu, Aveiro, Our\u00e9m e, agora, Caldas da Rainha.<\/p>\n\n\n\n<figure class=\"wp-block-image size-large\"><img decoding=\"async\" width=\"1024\" height=\"682\" src=\"https:\/\/www.atelierdocaractere.pt\/wp-content\/uploads\/2023\/10\/imagem-whatsapp-2023-10-30-as-094311-70273ce3-1024x682.jpg\" alt=\"\" class=\"wp-image-11965\" srcset=\"https:\/\/www.atelierdocaractere.pt\/wp-content\/uploads\/2023\/10\/imagem-whatsapp-2023-10-30-as-094311-70273ce3-1024x682.jpg 1024w, https:\/\/www.atelierdocaractere.pt\/wp-content\/uploads\/2023\/10\/imagem-whatsapp-2023-10-30-as-094311-70273ce3-300x200.jpg 300w, https:\/\/www.atelierdocaractere.pt\/wp-content\/uploads\/2023\/10\/imagem-whatsapp-2023-10-30-as-094311-70273ce3-768x512.jpg 768w, https:\/\/www.atelierdocaractere.pt\/wp-content\/uploads\/2023\/10\/imagem-whatsapp-2023-10-30-as-094311-70273ce3-1536x1023.jpg 1536w, https:\/\/www.atelierdocaractere.pt\/wp-content\/uploads\/2023\/10\/imagem-whatsapp-2023-10-30-as-094311-70273ce3-900x600.jpg 900w, https:\/\/www.atelierdocaractere.pt\/wp-content\/uploads\/2023\/10\/imagem-whatsapp-2023-10-30-as-094311-70273ce3-675x450.jpg 675w, https:\/\/www.atelierdocaractere.pt\/wp-content\/uploads\/2023\/10\/imagem-whatsapp-2023-10-30-as-094311-70273ce3.jpg 1600w\" sizes=\"(max-width: 1024px) 100vw, 1024px\" \/><\/figure>\n\n\n\n<p>Tr\u00eas filmes foram consagrados como os grandes vencedores do festival. Na competi\u00e7\u00e3o internacional, o Grande Pr\u00e9mio foi para um filme que promove o crescimento de Marrocos enquanto destino tur\u00edstico: <\/p>\n\n\n\n<p>\u201c<strong>Morocco Arise<\/strong>\u201d, realizado por Brandon Li (dispon\u00edvel em\u00a0<a href=\"https:\/\/turismodocentro.us17.list-manage.com\/track\/click?u=9b14ef0c6c1999e92ddae9fc9&amp;id=f7680d632a&amp;e=cf2176b759\">http:\/\/y2u.be\/R9cqyRek8nQ<\/a>)<br><br>O filme \u201c<strong>Nazar\u00e9 \u2013 Maior do que a vida<\/strong>\u201d, do Munic\u00edpio da Nazar\u00e9 (dispon\u00edvel em\u00a0<a href=\"https:\/\/turismodocentro.us17.list-manage.com\/track\/click?u=9b14ef0c6c1999e92ddae9fc9&amp;id=3d909fda8d&amp;e=cf2176b759\">http:\/\/y2u.be\/yi5aTnn-cvc<\/a>), ganhou o Grande Pr\u00e9mio da Competi\u00e7\u00e3o Nacional. Produzido pela Oonify, o filme mostra a multiplicidade de experi\u00eancias que se podem usufruir na Nazar\u00e9, um dos destinos mais emblem\u00e1ticos do Centro de Portugal.<br><br>O filme \u201c<strong>Pantanal Gastronomic Route<\/strong>\u201d (dispon\u00edvel em\u00a0<a href=\"https:\/\/turismodocentro.us17.list-manage.com\/track\/click?u=9b14ef0c6c1999e92ddae9fc9&amp;id=8b8e838aca&amp;e=cf2176b759\">http:\/\/y2u.be\/qPGUbec7BNM<\/a>), produzido por Visit Mato Grosso do Sul, ganhou o Pr\u00e9mio de Melhor Filme Brasileiro, uma categoria em estreia este ano no ART&amp;TUR. Como o t\u00edtulo indica, \u00e9 um filme que mostra as muitas experi\u00eancias gastron\u00f3micas do territ\u00f3rio do Pantanal.<br><br>Na iniciativa paralela\u00a0<strong>ART&amp;FACTORY<\/strong>, o pr\u00e9mio foi atribu\u00eddo a uma equipa brasileira, liderada por Marco Cal\u00e1bria, com o filme\u00a0<strong>\u201cCaldas da Rainha magn\u00edfica\u201d<\/strong>. Recorde-se que o ART&amp;FACTORY desafia realizadores internacionais a filmarem na regi\u00e3o onde o festival se realiza, neste caso, nas Caldas da Rainha, na semana que antecede o festival. Os filmes que resultaram da iniciativa foram exibidos e muito aplaudidos no evento.<br><br>O ART&amp;TUR integra a rede mundial do\u00a0<strong>CIFFT &#8211; Comit\u00e9 Internacional dos Festivais de Filmes de Turismo<\/strong>, que elege anualmente o melhor filme de turismo a n\u00edvel mundial, entre todos os filmes que percorrem o circuito internacional de festivais do g\u00e9nero.\u00a0<strong>Alexander Kammel<\/strong>\u00a0e\u00a0<strong>Hugo Marcos<\/strong>, respetivamente diretor e secret\u00e1rio-geral do CIFFT, estiveram presentes na gala.<\/p>\n\n\n\n<figure class=\"wp-block-image size-large\"><img decoding=\"async\" width=\"1024\" height=\"682\" src=\"https:\/\/www.atelierdocaractere.pt\/wp-content\/uploads\/2023\/10\/imagem-whatsapp-2023-10-30-as-094310-6fcca0ba-1024x682.jpg\" alt=\"\" class=\"wp-image-11969\" srcset=\"https:\/\/www.atelierdocaractere.pt\/wp-content\/uploads\/2023\/10\/imagem-whatsapp-2023-10-30-as-094310-6fcca0ba-1024x682.jpg 1024w, https:\/\/www.atelierdocaractere.pt\/wp-content\/uploads\/2023\/10\/imagem-whatsapp-2023-10-30-as-094310-6fcca0ba-300x200.jpg 300w, https:\/\/www.atelierdocaractere.pt\/wp-content\/uploads\/2023\/10\/imagem-whatsapp-2023-10-30-as-094310-6fcca0ba-768x512.jpg 768w, https:\/\/www.atelierdocaractere.pt\/wp-content\/uploads\/2023\/10\/imagem-whatsapp-2023-10-30-as-094310-6fcca0ba-1536x1023.jpg 1536w, https:\/\/www.atelierdocaractere.pt\/wp-content\/uploads\/2023\/10\/imagem-whatsapp-2023-10-30-as-094310-6fcca0ba-900x600.jpg 900w, https:\/\/www.atelierdocaractere.pt\/wp-content\/uploads\/2023\/10\/imagem-whatsapp-2023-10-30-as-094310-6fcca0ba-675x450.jpg 675w, https:\/\/www.atelierdocaractere.pt\/wp-content\/uploads\/2023\/10\/imagem-whatsapp-2023-10-30-as-094310-6fcca0ba.jpg 1600w\" sizes=\"(max-width: 1024px) 100vw, 1024px\" \/><\/figure>\n\n\n\n<p>Na sess\u00e3o de encerramento do evento,&nbsp;<strong>Raul Almeida, presidente da Turismo Centro de Portugal<\/strong>, destacou&nbsp;<em>\u201ca import\u00e2ncia que os audiovisuais assumem na promo\u00e7\u00e3o tur\u00edstica\u201d&nbsp;<\/em>e do pr\u00f3prio festival.<em>&nbsp;\u201cFestivais como o ART&amp;TUR encorajam a ind\u00fastria do turismo a procurar a excel\u00eancia dos seus filmes, para promover o seu territ\u00f3rio e os seus mais importantes ativos tur\u00edsticos. A Turismo Centro de Portugal tem consci\u00eancia da import\u00e2ncia desta promo\u00e7\u00e3o, h\u00e1 j\u00e1 v\u00e1rios anos, e congratula-se por esta come\u00e7ar a ser uma pr\u00e1tica comum\u201d<\/em>, considerou.<br><br><strong>Adriana Rodrigues, presidente da Centro Portugal Film Commission<\/strong>, lembrou que \u201c<em>os filmes e document\u00e1rios realizados no Centro de Portugal t\u00eam uma enorme import\u00e2ncia para o aumento dos fluxos tur\u00edsticos e para a coes\u00e3o territorial. Essas produ\u00e7\u00f5es s\u00e3o gatilhos emocionais que incentivam as pessoas a viajar porque desejam conhecer os locais onde foram filmadas. Isto traz muito valor a qualquer destino tur\u00edstico\u201d. \u201cA Film Commission do Centro de Portugal tem procurado estruturar o sector de produ\u00e7\u00e3o cinematogr\u00e1fica da regi\u00e3o, de forma a torn\u00e1-lo \u2018film friendly\u2019. O ART&amp;TUR \u00e9 fundamental nesta estrat\u00e9gia, pois ajuda a posicionar a regi\u00e3o, a n\u00edvel nacional e internacional, tanto ao n\u00edvel do branding do destino como na divulga\u00e7\u00e3o dos seus principais ativos, tur\u00edsticos ou n\u00e3o\u201d<\/em>, acrescentou.<\/p>\n\n\n\n<p><strong>Francisco Dias, diretor do Festival<\/strong>, salientou que\u00a0<em>\u201ceste foi o melhor ART&amp;TUR que organiz\u00e1mos em 16 anos\u201d<\/em>.\u00a0<em>\u201cEsta cidade das Caldas da Rainha tem um incr\u00edvel esp\u00edrito de criatividade e de colabora\u00e7\u00e3o internacional, que \u00e9 algo que n\u00e3o podemos construir: ou existe ou n\u00e3o existe\u201d<\/em>, justificou. Al\u00e9m disso,\u00a0<em>\u201ctodas as sess\u00f5es, desde a exibi\u00e7\u00e3o de filmes \u00e0s mesas-redondas e a outras atividades paralelas, estiveram a um grande n\u00edvel. Tenho a certeza de que os participantes v\u00e3o levar para casa excelentes mem\u00f3rias das Caldas da Rainha e do ART&amp;TUR\u201d<\/em>, concluiu.<br><br>A terminar a sess\u00e3o,\u00a0<strong>V\u00edtor Marques, presidente da C\u00e2mara Municipal das Caldas da Rainha<\/strong>, agradeceu aos participantes e salientou que\u00a0<em>\u201cfoi muito gratificante para n\u00f3s receber este ART&amp;TUR em Caldas da Rainha\u201d<\/em>.\u00a0<em>\u201cFoi muito grato saber que foi para v\u00f3s um dos melhores festivais. Estamos sempre dispon\u00edveis paras promover o nosso territ\u00f3rio, que n\u00e3o \u00e9 s\u00f3 as Caldas da Rainha, \u00e9 o Oeste, \u00e9 o Centro de Portugal e \u00e9 Portugal\u201d<\/em>, disse.<\/p>\n\n\n\n<figure class=\"wp-block-image size-large\"><img decoding=\"async\" width=\"1024\" height=\"682\" src=\"https:\/\/www.atelierdocaractere.pt\/wp-content\/uploads\/2023\/10\/imagem-whatsapp-2023-10-30-as-094310-37f0617f-1024x682.jpg\" alt=\"\" class=\"wp-image-11970\" srcset=\"https:\/\/www.atelierdocaractere.pt\/wp-content\/uploads\/2023\/10\/imagem-whatsapp-2023-10-30-as-094310-37f0617f-1024x682.jpg 1024w, https:\/\/www.atelierdocaractere.pt\/wp-content\/uploads\/2023\/10\/imagem-whatsapp-2023-10-30-as-094310-37f0617f-300x200.jpg 300w, https:\/\/www.atelierdocaractere.pt\/wp-content\/uploads\/2023\/10\/imagem-whatsapp-2023-10-30-as-094310-37f0617f-768x512.jpg 768w, https:\/\/www.atelierdocaractere.pt\/wp-content\/uploads\/2023\/10\/imagem-whatsapp-2023-10-30-as-094310-37f0617f-1536x1023.jpg 1536w, https:\/\/www.atelierdocaractere.pt\/wp-content\/uploads\/2023\/10\/imagem-whatsapp-2023-10-30-as-094310-37f0617f-900x600.jpg 900w, https:\/\/www.atelierdocaractere.pt\/wp-content\/uploads\/2023\/10\/imagem-whatsapp-2023-10-30-as-094310-37f0617f-675x450.jpg 675w, https:\/\/www.atelierdocaractere.pt\/wp-content\/uploads\/2023\/10\/imagem-whatsapp-2023-10-30-as-094310-37f0617f.jpg 1600w\" sizes=\"(max-width: 1024px) 100vw, 1024px\" \/><\/figure>\n\n\n\n<p><strong>Lista completa de vencedores do Festival ART&amp;TUR Caldas da Rainha 2023:<\/strong><\/p>\n\n\n\n<p><strong>COMPETI\u00c7\u00c3O NACIONAL<\/strong><\/p>\n\n\n\n<p><strong>GRANDE PR\u00c9MIO NACIONAL<\/strong><br>\u201cNazar\u00e9 \u2013 Maior do que a vida\u201d<\/p>\n\n\n\n<p><strong>Cultura e Patrim\u00f3nio<br><\/strong>1.\u00ba Pr\u00e9mio: \u201cThe Love Destination\u201d<br>2.\u00ba Pr\u00e9mio: \u201cGastronomy of Castelo Branco\u201d<\/p>\n\n\n\n<p><strong>Destinos Tur\u00edsticos &#8211; Cidades<br><\/strong>1.\u00ba Pr\u00e9mio: \u201cThe big conspiracy\u201d<br>2.\u00ba Pr\u00e9mio: \u201cPonte da Barca, um Territ\u00f3rio Surpreendente\u201d<\/p>\n\n\n\n<p><strong>Destinos Tur\u00edsticos &#8211; Regi\u00f5es<br><\/strong>1.\u00ba Pr\u00e9mio: \u201cLagoa de \u00d3bidos: A Meeting with Nature\u201d<br>2.\u00ba Pr\u00e9mio: \u201cExperience Madeira for yourself\u201d<\/p>\n\n\n\n<p><strong>Melhor Campanha Publicit\u00e1ria<br><\/strong>\u201cLacta\u00e7ores\u201d<\/p>\n\n\n\n<p><strong>Melhor Document\u00e1rio: Ambiente e Ecologia<br><\/strong>&#8220;White Stork &#8211; Between the Church and the Cliff\u201d<\/p>\n\n\n\n<p><strong>Melhor Document\u00e1rio: Destinos Tur\u00edsticos \u2013 Regi\u00f5es<br><\/strong>\u201cThe Algarve in the Portuguese Discoveries\u201d<\/p>\n\n\n\n<p><strong>Melhor Document\u00e1rio: Investiga\u00e7\u00e3o em Turismo<br><\/strong>\u201cMEG &#8211; Megalith Route: Temples to Eternity\u201d<\/p>\n\n\n\n<p><strong>Melhor Document\u00e1rio: Sustentabilidade em Turismo<br><\/strong>\u201cA Ilha dos Gigantes\u201d<\/p>\n\n\n\n<p><strong>Melhor Filme Promocional de Ambiente e Ecologia<br><\/strong>&#8220;Olive 4 All. Centro\u201d<\/p>\n\n\n\n<p><strong>Melhor Filme: Arte e Criatividade<br><\/strong>\u201cCentral Alentejo\u201d<\/p>\n\n\n\n<p><strong>Melhor Filme: Expedi\u00e7\u00f5es e Aventura<br><\/strong>\u201cFlores, Naturally\u201d<\/p>\n\n\n\n<p><strong>Melhor Filme: Produtos Tur\u00edsticos<br><\/strong>\u201cUnveiling the Azores, A Traveler Story\u201d<\/p>\n\n\n\n<p><strong>Melhor Filme\u00a0Promocional Independente<br><\/strong>\u201cCork Oak Forest\u201d<\/p>\n\n\n\n<p><strong>Melhor Filme: Turismo Gastron\u00f3mico<br><\/strong>&#8220;Saberes e Sabores de Ponte da Barca\u201d<\/p>\n\n\n\n<p><strong>Melhor Narrativa<br><\/strong>\u201cA Paix\u00e3o Pela Corrida Cresce Connosco\u201d<\/p>\n\n\n\n<p><\/p>\n\n\n\n<p><strong>COMPETI\u00c7\u00c3O INTERNACIONAL<\/strong><\/p>\n\n\n\n<p><strong>GRANDE PR\u00c9MIO INTERNACIONAL<\/strong><br>\u201cMorocco Arise\u201d<br><br><strong>Cultura e Patrim\u00f3nio &#8211; S\u00e9ries<br><\/strong>1.\u00ba Pr\u00e9mio: \u201cAldeia dos Amiais, Manhouce Stone Songbook e Campo Benfeito\u201d<\/p>\n\n\n\n<p><strong>Campanha Publicit\u00e1ria<br><\/strong>1.\u00ba Pr\u00e9mio: \u201cKazakhstan &#8211; Like Never Before\u201d<br>2.\u00ba Pr\u00e9mio: \u201cExperience Madeira for yourself\u201d<\/p>\n\n\n\n<p><strong>Arte &amp; Criatividade\u00a0<br><\/strong>1.\u00ba Pr\u00e9mio: \u201cBordado of Castelo Branco\u201d<br>2.\u00ba Pr\u00e9mio: \u201cAmazing from the inside, Koka, Japan\u201d<\/p>\n\n\n\n<p><strong>Cultura e Patrim\u00f3nio\u00a0<br><\/strong>1.\u00ba Pr\u00e9mio: \u201cBisalh\u00e3es- The Black Potery Village\u201d<br>2.\u00ba Pr\u00e9mio: \u201c51 UNESCO World Heritage Sites Historic.Modern.Germany\u201d<\/p>\n\n\n\n<p><strong>Destino &#8211; Pa\u00edses<br><\/strong>1.\u00ba Pr\u00e9mio: \u201cBosnia &amp; Herzegovina &#8211; The country of but(t)s\u201d<br>2.\u00ba Pr\u00e9mio: \u201cKazakhstan &#8211; Like Never Before\u201d<\/p>\n\n\n\n<p><strong>Destino \u2013 Regi\u00f5es<br><\/strong>1.\u00ba Pr\u00e9mio: \u201cGrand Tour of Catalonia\u201d<br>2.\u00ba Pr\u00e9mio: \u201cThe islands that extend life\u201d<\/p>\n\n\n\n<p><strong>Destino \u2013 Cidades<br><\/strong>1.\u00ba Pr\u00e9mio: \u201cMarselha &#8211; A Marseille Legend\u201d<br>2.\u00ba Pr\u00e9mio: \u201cNazar\u00e9 \u2013 Maior do que a vida\u201d<\/p>\n\n\n\n<p><strong>Ambiente &amp; Ecologia<br><\/strong>1.\u00ba Pr\u00e9mio (ex-aequo): \u201cUnveiling the Azores, A Traveler Story\u201d<br>1.\u00ba Pr\u00e9mio (ex-aequo): &#8220;Making Contact\u201d<br>2.\u00ba Pr\u00e9mio: \u201cLactA\u00e7ores\u201d<\/p>\n\n\n\n<p><strong>Experi\u00eancias de Turismo<br><\/strong>1.\u00ba Pr\u00e9mio (ex-aequo): \u201cKhanyisa! Let your story shine\u201d<br>1.\u00ba Pr\u00e9mio (ex-aequo): \u201cWanderlust Bali: The Land of Enchantment\u201d<br>2.\u00ba Pr\u00e9mio: \u201cAdventures of Aya \u2013 Dubai\u201d<\/p>\n\n\n\n<p><strong>Expedi\u00e7\u00f5es &amp; Aventuras<br><\/strong>1.\u00ba Pr\u00e9mio: \u201cMorocco Arise\u201d<br>2.\u00ba Pr\u00e9mio: \u201cInfinite Circle\u201d<\/p>\n\n\n\n<p><strong>Produ\u00e7\u00e3o Independente<br><\/strong>1.\u00ba Pr\u00e9mio: \u201cPerspective\u201d<br>2.\u00ba Pr\u00e9mio: \u201cCentral Alentejo\u201d<\/p>\n\n\n\n<p><strong>Inova\u00e7\u00e3o em Turismo<br><\/strong>1.\u00ba Pr\u00e9mio: \u201cNazar\u00e9 \u2013 Maior do que a vida\u201d<br>2.\u00ba Pr\u00e9mio: \u201cVenha a Beja com Vagar\u201d<\/p>\n\n\n\n<p><strong>M\u00fasica e Dan\u00e7a<br><\/strong>1.\u00ba Pr\u00e9mio: \u201c24-Hour Keelung\u201d<br>2.\u00ba Pr\u00e9mio: \u201c\u00c1gua \u00e9 o C\u00e9u a Olhar\u201d<\/p>\n\n\n\n<p><strong>Document\u00e1rio de Turismo de Natureza<br><\/strong>1.\u00ba Pr\u00e9mio: \u201cRwenzori &#8211; The Source of Life\u201d<br>2.\u00ba Pr\u00e9mio: \u201cThis is Home &#8211; Babanango Game Reserve &#8211; South Africa\u201d<\/p>\n\n\n\n<p><strong>Desporto e Lazer<br><\/strong>1.\u00ba Pr\u00e9mio: \u201cWe&#8217;re going skydiving\u201d<br>2.\u00ba Pr\u00e9mio: \u201cNazar\u00e9 \u2013 Maior do que a vida\u201d<\/p>\n\n\n\n<p><strong>Quest\u00f5es de Turismo Sustent\u00e1vel<br><\/strong>1.\u00ba Pr\u00e9mio: \u201cHow To: National Park\u201d<br>2.\u00ba Pr\u00e9mio: \u201cCome and Meet Mbaracay\u00fa\u201d<\/p>\n\n\n\n<p><strong>Marca de Destino Tur\u00edstico<br><\/strong>1.\u00ba Pr\u00e9mio (ex-aequo): \u201cRestart feeling. Catalunya Premium\u201d<br>1.\u00ba Pr\u00e9mio (ex-aequo): \u201cThe journey of your life\u201d<br>2.\u00ba Pr\u00e9mio: \u201cVilamoura Nautical Station\u201d<\/p>\n\n\n\n<p><strong>Hotel de Destino Tur\u00edstico<br><\/strong>1.\u00ba Pr\u00e9mio: \u201cTorremolinos Hotel \u201c<\/p>\n\n\n\n<p><strong>Produtos Tur\u00edsticos: Turismo Urbano<br><\/strong>1.\u00ba Pr\u00e9mio: \u201cPostcard from Irresistible\u201d<br>2.\u00ba Pr\u00e9mio: \u201cSpread Your Wings\u201d<\/p>\n\n\n\n<p><strong>Produtos Tur\u00edsticos: Turismo Gastron\u00f3mico<br><\/strong>1.\u00ba Pr\u00e9mio: \u201cJourney of Taste: Constantia\u201d<br>2.\u00ba Pr\u00e9mio: \u201cGastronomy of Castelo Branco\u201d<\/p>\n\n\n\n<p><strong>Produtos Tur\u00edsticos: Turismo de Natureza<br><\/strong>1.\u00ba Pr\u00e9mio: \u201cPortugal NTN, We are what we feel\u201d<br>2.\u00ba Pr\u00e9mio: \u201cZadar Archipelago\u201d<\/p>\n\n\n\n<p><strong>Servi\u00e7os Tur\u00edsticos<br><\/strong>1.\u00ba Pr\u00e9mio: \u201cWhat is Next?\u201d<br>2.\u00ba Pr\u00e9mio (ex-aequo): \u201cWe&#8217;re going skydiving\u201d<br>2.\u00ba Pr\u00e9mio (ex-aequo): \u201cNewHandLab, a soul made of wool\u201d<br><br><strong>Melhor Document\u00e1rio: \u00c1frica<br><\/strong>\u201cThe return of the king: Babanango Game Reserve\u201d<br><br><strong>Melhor Filme Promocional: \u00c1frica<br><\/strong>\u201cWilderness Brand Film\u201d<\/p>\n\n\n\n<p><strong>Melhor Filme de Cidades e Destinos<br><\/strong>\u201cHorse &amp; Carts, Sandvlei Macassar Cape Town\u201d<\/p>\n\n\n\n<p><strong>Melhor Document\u00e1rio de Quest\u00f5es de Turismo Sustent\u00e1vel<br><\/strong>\u201cHow are you, R\u2019ra?\uff08R&#8217;ra lokah su&#8217;ga?)\u201d<\/p>\n\n\n\n<p><strong>Melhor Filme Arte e Turismo<br><\/strong>\u201cPostcards\u201d<\/p>\n\n\n\n<p><strong>Melhor Document\u00e1rio de Enoturismo<br><\/strong>\u201cExperiencies.pt\u201d<\/p>\n\n\n\n<p><strong>Melhor S\u00e9rie de Filmes de Desporto e Lazer<br><\/strong>\u201cRiding Portugal &#8211; Secret Spots &#8211; Secret Lagoon and The Secret Islands\u201d<\/p>\n\n\n\n<p><strong>Melhor Filme: Storytelling<br><\/strong>\u201cAmazing from the inside, Koka, Japan\u201d<\/p>\n\n\n\n<p><strong>Melhor Filme Produtos Tur\u00edsticos: Alojamento Local<br><\/strong>\u201cCasa da Ilha\u201d<\/p>\n\n\n\n<p><strong>Melhor Filme Produtos Tur\u00edsticos: Turismo Religioso<br><\/strong>\u201cCaminho Portugu\u00eas de Santiago Central. Este \u00e9 o Caminho\u201d<\/p>\n\n\n\n<p><strong>Melhor Filme Produtos Tur\u00edsticos: Turismo Desportivo<br><\/strong>\u201cAlentejo Cycling\u201d<\/p>\n\n\n\n<p><strong>Melhor Filme Produtos Tur\u00edsticos: Turismo de Sake<br><\/strong>\u201cKita-Echigo Sake Tourism &#8211; The Full Experience of Japan\u2019s Hidden Gem\u201d<\/p>\n\n\n\n<p><strong>Melhor Filme Produtos Tur\u00edsticos: Turismo Ativo<br><\/strong>\u201cTransAlentejo Walking Trails\u201d<\/p>\n\n\n\n<p><strong>Melhor Filme Investiga\u00e7\u00e3o em Turismo<br><\/strong>\u201cLiquid Gold &#8211; Part 2 &#8211; Olive Tourism\u201d<\/p>\n\n\n\n<p><strong>Melhor Filme Turismo Novas Gera\u00e7\u00f5es<br><\/strong>\u201cExperience the living city\u201d<\/p>\n\n\n\n<p><strong>Melhor Document\u00e1rio Latino<br><\/strong>\u201cThe lost flavor (Mockumentary)\u201d<\/p>\n\n\n\n<p><strong>Melhor Filme Promocional<br><\/strong>\u201cAn inch from the sky\u201d<\/p>\n\n\n\n<p><strong>Melhor Filme Turismo de Natureza<br><\/strong>There is Power in our Mountains<\/p>\n\n\n\n<p><\/p>\n\n\n\n<p><strong>COMPETI\u00c7\u00c3O FILMES BRASILEIROS<\/strong><\/p>\n\n\n\n<p><strong>MELHOR FILME BRASILEIRO<\/strong><br>\u201cPantanal Gastronomic Route\u201d<\/p>\n\n\n\n<p><strong>Melhor Document\u00e1rio Brasileiro<br><\/strong>\u201cSerra da Canastra National Park\u201d<\/p>\n\n\n\n<p><strong>Melhor Filme Brasileiro de Gastronomia<br><\/strong>\u201cPantanal Gastronomic Route\u201d<\/p>\n\n\n\n<p><strong>Melhor Filme Promocional Brasileiro<br><\/strong>\u201cMy State, My Destiny\u201d<\/p>\n\n\n\n<p><strong>Melhor S\u00e9rie Brasileira<br><\/strong>\u201cEUceano &#8211; Kunfunadhoo e Male an ocean of people\u201d<\/p>\n\n\n\n<p><\/p>\n\n\n\n<p><strong>PR\u00c9MIO ESPECIAL DO DIRETOR DO\u00a0ART&amp;TUR<\/strong><br>&#8220;G\u00fcegui, latidos del pueblo Gunadule&#8221;<\/p>\n\n\n\n<p><\/p>\n\n\n\n<p><strong>Sobre o Turismo Centro de Portugal:<\/strong><\/p>\n\n\n\n<p>O Turismo Centro de Portugal \u00e9 a entidade que estrutura e promove o turismo na Regi\u00e3o Centro do pa\u00eds. Esta \u00e9 a maior e mais diversificada \u00e1rea tur\u00edstica nacional, abrangendo 100 munic\u00edpios, e tem registado um intenso crescimento da procura interna e externa. \u00c9 a regi\u00e3o a escolher para quem pretende experi\u00eancias diversificadas, pois concilia locais Patrim\u00f3nio da Humanidade com a melhor costa de surf da Europa, termas e spas id\u00edlicos, locais de culto de import\u00e2ncia mundial e as mais belas aldeias.<\/p>\n","protected":false},"excerpt":{"rendered":"<p>Conhe\u00e7a todos os premiados da 16.\u00aa edi\u00e7\u00e3o do Festival, que se realizou nas Caldas da Rainha Terminou ontem, nas Caldas&#8230;<\/p>\n","protected":false},"author":7,"featured_media":11968,"comment_status":"closed","ping_status":"open","sticky":false,"template":"","format":"standard","meta":[],"categories":[39],"tags":[393,640,346],"yoast_head":"<!-- This site is optimized with the Yoast SEO plugin v20.12 - https:\/\/yoast.com\/wordpress\/plugins\/seo\/ -->\n<title>Filmes da Nazar\u00e9, Marrocos e Pantanal vencem 16.\u00ba Festival ART&amp;TUR - Atelier do Caractere<\/title>\n<meta name=\"robots\" content=\"index, follow, max-snippet:-1, max-image-preview:large, max-video-preview:-1\" \/>\n<link rel=\"canonical\" href=\"https:\/\/www.atelierdocaractere.pt\/brevemente\/filmes-da-nazare-marrocos-e-pantanal-vencem-16-o-festival-arttur\/\" \/>\n<meta property=\"og:locale\" content=\"pt_PT\" \/>\n<meta property=\"og:type\" content=\"article\" \/>\n<meta property=\"og:title\" content=\"Filmes da Nazar\u00e9, Marrocos e Pantanal vencem 16.\u00ba Festival ART&amp;TUR - Atelier do Caractere\" \/>\n<meta property=\"og:description\" content=\"Conhe\u00e7a todos os premiados da 16.\u00aa edi\u00e7\u00e3o do Festival, que se realizou nas Caldas da Rainha Terminou ontem, nas Caldas...\" \/>\n<meta property=\"og:url\" content=\"https:\/\/www.atelierdocaractere.pt\/brevemente\/filmes-da-nazare-marrocos-e-pantanal-vencem-16-o-festival-arttur\/\" \/>\n<meta property=\"og:site_name\" content=\"Atelier do Caractere\" \/>\n<meta property=\"article:publisher\" content=\"https:\/\/www.facebook.com\/AtelierdoCaractere\" \/>\n<meta property=\"article:published_time\" content=\"2023-10-28T09:32:37+00:00\" \/>\n<meta property=\"article:modified_time\" content=\"2023-10-30T09:47:29+00:00\" \/>\n<meta property=\"og:image\" content=\"https:\/\/www.atelierdocaractere.pt\/wp-content\/uploads\/2023\/10\/imagem-whatsapp-2023-10-30-as-094312-cc064c96.jpg\" \/>\n\t<meta property=\"og:image:width\" content=\"1600\" \/>\n\t<meta property=\"og:image:height\" content=\"1066\" \/>\n\t<meta property=\"og:image:type\" content=\"image\/jpeg\" \/>\n<meta name=\"author\" content=\"Joana Barbosa\" \/>\n<meta name=\"twitter:card\" content=\"summary_large_image\" \/>\n<meta name=\"twitter:label1\" content=\"Escrito por\" \/>\n\t<meta name=\"twitter:data1\" content=\"Joana Barbosa\" \/>\n\t<meta name=\"twitter:label2\" content=\"Tempo estimado de leitura\" \/>\n\t<meta name=\"twitter:data2\" content=\"10 minutos\" \/>\n<script type=\"application\/ld+json\" class=\"yoast-schema-graph\">{\"@context\":\"https:\/\/schema.org\",\"@graph\":[{\"@type\":\"WebPage\",\"@id\":\"https:\/\/www.atelierdocaractere.pt\/brevemente\/filmes-da-nazare-marrocos-e-pantanal-vencem-16-o-festival-arttur\/\",\"url\":\"https:\/\/www.atelierdocaractere.pt\/brevemente\/filmes-da-nazare-marrocos-e-pantanal-vencem-16-o-festival-arttur\/\",\"name\":\"Filmes da Nazar\u00e9, Marrocos e Pantanal vencem 16.\u00ba Festival ART&amp;TUR - Atelier do Caractere\",\"isPartOf\":{\"@id\":\"https:\/\/www.atelierdocaractere.pt\/brevemente\/#website\"},\"datePublished\":\"2023-10-28T09:32:37+00:00\",\"dateModified\":\"2023-10-30T09:47:29+00:00\",\"author\":{\"@id\":\"https:\/\/www.atelierdocaractere.pt\/brevemente\/#\/schema\/person\/f2f096eb0f27d9894725af22cb97c0db\"},\"breadcrumb\":{\"@id\":\"https:\/\/www.atelierdocaractere.pt\/brevemente\/filmes-da-nazare-marrocos-e-pantanal-vencem-16-o-festival-arttur\/#breadcrumb\"},\"inLanguage\":\"pt-PT\",\"potentialAction\":[{\"@type\":\"ReadAction\",\"target\":[\"https:\/\/www.atelierdocaractere.pt\/brevemente\/filmes-da-nazare-marrocos-e-pantanal-vencem-16-o-festival-arttur\/\"]}]},{\"@type\":\"BreadcrumbList\",\"@id\":\"https:\/\/www.atelierdocaractere.pt\/brevemente\/filmes-da-nazare-marrocos-e-pantanal-vencem-16-o-festival-arttur\/#breadcrumb\",\"itemListElement\":[{\"@type\":\"ListItem\",\"position\":1,\"name\":\"In\u00edcio\",\"item\":\"https:\/\/www.atelierdocaractere.pt\/brevemente\/\"},{\"@type\":\"ListItem\",\"position\":2,\"name\":\"Filmes da Nazar\u00e9, Marrocos e Pantanal vencem 16.\u00ba Festival ART&amp;TUR\"}]},{\"@type\":\"WebSite\",\"@id\":\"https:\/\/www.atelierdocaractere.pt\/brevemente\/#website\",\"url\":\"https:\/\/www.atelierdocaractere.pt\/brevemente\/\",\"name\":\"Atelier do Caractere\",\"description\":\"\",\"potentialAction\":[{\"@type\":\"SearchAction\",\"target\":{\"@type\":\"EntryPoint\",\"urlTemplate\":\"https:\/\/www.atelierdocaractere.pt\/brevemente\/?s={search_term_string}\"},\"query-input\":\"required name=search_term_string\"}],\"inLanguage\":\"pt-PT\"},{\"@type\":\"Person\",\"@id\":\"https:\/\/www.atelierdocaractere.pt\/brevemente\/#\/schema\/person\/f2f096eb0f27d9894725af22cb97c0db\",\"name\":\"Joana Barbosa\",\"image\":{\"@type\":\"ImageObject\",\"inLanguage\":\"pt-PT\",\"@id\":\"https:\/\/www.atelierdocaractere.pt\/brevemente\/#\/schema\/person\/image\/\",\"url\":\"https:\/\/secure.gravatar.com\/avatar\/33e8214b45e9d68a3a83008731075979?s=96&d=mm&r=g\",\"contentUrl\":\"https:\/\/secure.gravatar.com\/avatar\/33e8214b45e9d68a3a83008731075979?s=96&d=mm&r=g\",\"caption\":\"Joana Barbosa\"},\"url\":\"https:\/\/www.atelierdocaractere.pt\/brevemente\/author\/joanabarbosa\/\"}]}<\/script>\n<!-- \/ Yoast SEO plugin. -->","yoast_head_json":{"title":"Filmes da Nazar\u00e9, Marrocos e Pantanal vencem 16.\u00ba Festival ART&amp;TUR - Atelier do Caractere","robots":{"index":"index","follow":"follow","max-snippet":"max-snippet:-1","max-image-preview":"max-image-preview:large","max-video-preview":"max-video-preview:-1"},"canonical":"https:\/\/www.atelierdocaractere.pt\/brevemente\/filmes-da-nazare-marrocos-e-pantanal-vencem-16-o-festival-arttur\/","og_locale":"pt_PT","og_type":"article","og_title":"Filmes da Nazar\u00e9, Marrocos e Pantanal vencem 16.\u00ba Festival ART&amp;TUR - Atelier do Caractere","og_description":"Conhe\u00e7a todos os premiados da 16.\u00aa edi\u00e7\u00e3o do Festival, que se realizou nas Caldas da Rainha Terminou ontem, nas Caldas...","og_url":"https:\/\/www.atelierdocaractere.pt\/brevemente\/filmes-da-nazare-marrocos-e-pantanal-vencem-16-o-festival-arttur\/","og_site_name":"Atelier do Caractere","article_publisher":"https:\/\/www.facebook.com\/AtelierdoCaractere","article_published_time":"2023-10-28T09:32:37+00:00","article_modified_time":"2023-10-30T09:47:29+00:00","og_image":[{"width":1600,"height":1066,"url":"https:\/\/www.atelierdocaractere.pt\/wp-content\/uploads\/2023\/10\/imagem-whatsapp-2023-10-30-as-094312-cc064c96.jpg","type":"image\/jpeg"}],"author":"Joana Barbosa","twitter_card":"summary_large_image","twitter_misc":{"Escrito por":"Joana Barbosa","Tempo estimado de leitura":"10 minutos"},"schema":{"@context":"https:\/\/schema.org","@graph":[{"@type":"WebPage","@id":"https:\/\/www.atelierdocaractere.pt\/brevemente\/filmes-da-nazare-marrocos-e-pantanal-vencem-16-o-festival-arttur\/","url":"https:\/\/www.atelierdocaractere.pt\/brevemente\/filmes-da-nazare-marrocos-e-pantanal-vencem-16-o-festival-arttur\/","name":"Filmes da Nazar\u00e9, Marrocos e Pantanal vencem 16.\u00ba Festival ART&amp;TUR - Atelier do Caractere","isPartOf":{"@id":"https:\/\/www.atelierdocaractere.pt\/brevemente\/#website"},"datePublished":"2023-10-28T09:32:37+00:00","dateModified":"2023-10-30T09:47:29+00:00","author":{"@id":"https:\/\/www.atelierdocaractere.pt\/brevemente\/#\/schema\/person\/f2f096eb0f27d9894725af22cb97c0db"},"breadcrumb":{"@id":"https:\/\/www.atelierdocaractere.pt\/brevemente\/filmes-da-nazare-marrocos-e-pantanal-vencem-16-o-festival-arttur\/#breadcrumb"},"inLanguage":"pt-PT","potentialAction":[{"@type":"ReadAction","target":["https:\/\/www.atelierdocaractere.pt\/brevemente\/filmes-da-nazare-marrocos-e-pantanal-vencem-16-o-festival-arttur\/"]}]},{"@type":"BreadcrumbList","@id":"https:\/\/www.atelierdocaractere.pt\/brevemente\/filmes-da-nazare-marrocos-e-pantanal-vencem-16-o-festival-arttur\/#breadcrumb","itemListElement":[{"@type":"ListItem","position":1,"name":"In\u00edcio","item":"https:\/\/www.atelierdocaractere.pt\/brevemente\/"},{"@type":"ListItem","position":2,"name":"Filmes da Nazar\u00e9, Marrocos e Pantanal vencem 16.\u00ba Festival ART&amp;TUR"}]},{"@type":"WebSite","@id":"https:\/\/www.atelierdocaractere.pt\/brevemente\/#website","url":"https:\/\/www.atelierdocaractere.pt\/brevemente\/","name":"Atelier do Caractere","description":"","potentialAction":[{"@type":"SearchAction","target":{"@type":"EntryPoint","urlTemplate":"https:\/\/www.atelierdocaractere.pt\/brevemente\/?s={search_term_string}"},"query-input":"required name=search_term_string"}],"inLanguage":"pt-PT"},{"@type":"Person","@id":"https:\/\/www.atelierdocaractere.pt\/brevemente\/#\/schema\/person\/f2f096eb0f27d9894725af22cb97c0db","name":"Joana Barbosa","image":{"@type":"ImageObject","inLanguage":"pt-PT","@id":"https:\/\/www.atelierdocaractere.pt\/brevemente\/#\/schema\/person\/image\/","url":"https:\/\/secure.gravatar.com\/avatar\/33e8214b45e9d68a3a83008731075979?s=96&d=mm&r=g","contentUrl":"https:\/\/secure.gravatar.com\/avatar\/33e8214b45e9d68a3a83008731075979?s=96&d=mm&r=g","caption":"Joana Barbosa"},"url":"https:\/\/www.atelierdocaractere.pt\/brevemente\/author\/joanabarbosa\/"}]}},"_links":{"self":[{"href":"https:\/\/www.atelierdocaractere.pt\/brevemente\/wp-json\/wp\/v2\/posts\/11961"}],"collection":[{"href":"https:\/\/www.atelierdocaractere.pt\/brevemente\/wp-json\/wp\/v2\/posts"}],"about":[{"href":"https:\/\/www.atelierdocaractere.pt\/brevemente\/wp-json\/wp\/v2\/types\/post"}],"author":[{"embeddable":true,"href":"https:\/\/www.atelierdocaractere.pt\/brevemente\/wp-json\/wp\/v2\/users\/7"}],"replies":[{"embeddable":true,"href":"https:\/\/www.atelierdocaractere.pt\/brevemente\/wp-json\/wp\/v2\/comments?post=11961"}],"version-history":[{"count":1,"href":"https:\/\/www.atelierdocaractere.pt\/brevemente\/wp-json\/wp\/v2\/posts\/11961\/revisions"}],"predecessor-version":[{"id":11972,"href":"https:\/\/www.atelierdocaractere.pt\/brevemente\/wp-json\/wp\/v2\/posts\/11961\/revisions\/11972"}],"wp:featuredmedia":[{"embeddable":true,"href":"https:\/\/www.atelierdocaractere.pt\/brevemente\/wp-json\/wp\/v2\/media\/11968"}],"wp:attachment":[{"href":"https:\/\/www.atelierdocaractere.pt\/brevemente\/wp-json\/wp\/v2\/media?parent=11961"}],"wp:term":[{"taxonomy":"category","embeddable":true,"href":"https:\/\/www.atelierdocaractere.pt\/brevemente\/wp-json\/wp\/v2\/categories?post=11961"},{"taxonomy":"post_tag","embeddable":true,"href":"https:\/\/www.atelierdocaractere.pt\/brevemente\/wp-json\/wp\/v2\/tags?post=11961"}],"curies":[{"name":"wp","href":"https:\/\/api.w.org\/{rel}","templated":true}]}}