{"id":11973,"date":"2023-10-29T09:47:58","date_gmt":"2023-10-29T09:47:58","guid":{"rendered":"https:\/\/www.atelierdocaractere.pt\/brevemente\/?p=11973"},"modified":"2023-10-30T09:53:39","modified_gmt":"2023-10-30T09:53:39","slug":"team-consilcar-com-fim-de-semana-duro-na-baja-portalegre-500","status":"publish","type":"post","link":"https:\/\/www.atelierdocaractere.pt\/brevemente\/team-consilcar-com-fim-de-semana-duro-na-baja-portalegre-500\/","title":{"rendered":"Team Consilcar com fim de semana duro\u00a0na Baja Portalegre 500"},"content":{"rendered":"\n<p><strong>A 37.\u00aa edi\u00e7\u00e3o da Baja Portalegre 500 foi um desafio dur\u00edssimo para o Team Consilcar, com os pilotos da equipa portuguesa a mostrarem resili\u00eancia na mais emblem\u00e1tica prova de TT em Portugal. Edgar Condenso e Ant\u00f3nio Serr\u00e3o foram os mais r\u00e1pidos no Pr\u00f3logo na categoria T1, mas diferentes problemas na Ford Ranger condicionaram o resultado. Na sua segunda participa\u00e7\u00e3o em Portalegre, o jovem Duarte Silva viveu uma experi\u00eancia importante, com Nuno Silva a seu lado, mas a dupla do Can-Am foi obrigada a abandonar, tal como Janu\u00e1rio Barrocas (Honda) na prova das motos.<\/strong><\/p>\n\n\n\n<figure class=\"wp-block-image size-large\"><img decoding=\"async\" width=\"1024\" height=\"682\" src=\"https:\/\/www.atelierdocaractere.pt\/wp-content\/uploads\/2023\/10\/team-consilcar-3-1-1024x682.jpg\" alt=\"\" class=\"wp-image-11975\" srcset=\"https:\/\/www.atelierdocaractere.pt\/wp-content\/uploads\/2023\/10\/team-consilcar-3-1-1024x682.jpg 1024w, https:\/\/www.atelierdocaractere.pt\/wp-content\/uploads\/2023\/10\/team-consilcar-3-1-300x200.jpg 300w, https:\/\/www.atelierdocaractere.pt\/wp-content\/uploads\/2023\/10\/team-consilcar-3-1-768x512.jpg 768w, https:\/\/www.atelierdocaractere.pt\/wp-content\/uploads\/2023\/10\/team-consilcar-3-1-1536x1023.jpg 1536w, https:\/\/www.atelierdocaractere.pt\/wp-content\/uploads\/2023\/10\/team-consilcar-3-1-900x600.jpg 900w, https:\/\/www.atelierdocaractere.pt\/wp-content\/uploads\/2023\/10\/team-consilcar-3-1-675x450.jpg 675w, https:\/\/www.atelierdocaractere.pt\/wp-content\/uploads\/2023\/10\/team-consilcar-3-1.jpg 1900w\" sizes=\"(max-width: 1024px) 100vw, 1024px\" \/><\/figure>\n\n\n\n<p>O fim de semana no Alto Alentejo foi marcado pelas dif\u00edceis condi\u00e7\u00f5es atmosf\u00e9ricas, tal como noutros pontos do pa\u00eds, mas a chuva que caiu na regi\u00e3o tornou o percurso da Baja Portalegre 500 ainda mais exigente, com muita lama e um caudal elevado nas v\u00e1rias ribeiras do tra\u00e7ado. Edgar Condenso e Ant\u00f3nio Serr\u00e3o vinham de um p\u00f3dio motivador na Baja TT Sharish Gin e come\u00e7aram a prova da melhor forma, ao serem os mais r\u00e1pidos do Pr\u00f3logo na categoria T1, na sexta-feira. No s\u00e1bado, um tubo do intercooler da Ranger soltou-se e obrigou a equipa a rodar a baixa velocidade para conseguir terminar o Setor Seletivo, al\u00e9m de o limpa para-brisas n\u00e3o funcionar, o que levou a equipa a ficar atascada na transposi\u00e7\u00e3o de uma ribeira. Com estas condicionantes, a equipa terminou no 6.\u00ba lugar entre os T1 do Campeonato de Portugal.<\/p>\n\n\n\n<p><strong>\u201cS\u00f3 terminar a prova j\u00e1 foi uma vit\u00f3ria e deixo aqui uma palavra para o enorme trabalho do Ant\u00f3nio (Serr\u00e3o), que detetou o problema do intercooler e depois arranjou as escovas do limpa para-brisas. Sem isso teria sido muito, muito complicado terminar os dois Setores Seletivos de s\u00e1bado\u201d<\/strong>, afirmou Edgar Condenso.&nbsp;<strong>\u201cFoi pena porque come\u00e7\u00e1mos bem, com o melhor tempo dos T1 no Pr\u00f3logo. Mas Portalegre \u00e9 sempre um momento especial, com a quantidade de pessoas que nos apoiam ao longo de todo o percurso. Nunca baix\u00e1mos os bra\u00e7os tamb\u00e9m por eles\u201d<\/strong>, apontou o ex-campe\u00e3o nacional e ib\u00e9rico de T2.<\/p>\n\n\n\n<figure class=\"wp-block-image size-large\"><img decoding=\"async\" width=\"1024\" height=\"683\" src=\"https:\/\/www.atelierdocaractere.pt\/wp-content\/uploads\/2023\/10\/team-consilcar-2-1-1-1024x683.jpg\" alt=\"\" class=\"wp-image-11976\" srcset=\"https:\/\/www.atelierdocaractere.pt\/wp-content\/uploads\/2023\/10\/team-consilcar-2-1-1-1024x683.jpg 1024w, https:\/\/www.atelierdocaractere.pt\/wp-content\/uploads\/2023\/10\/team-consilcar-2-1-1-300x200.jpg 300w, https:\/\/www.atelierdocaractere.pt\/wp-content\/uploads\/2023\/10\/team-consilcar-2-1-1-768x512.jpg 768w, https:\/\/www.atelierdocaractere.pt\/wp-content\/uploads\/2023\/10\/team-consilcar-2-1-1-1536x1024.jpg 1536w, https:\/\/www.atelierdocaractere.pt\/wp-content\/uploads\/2023\/10\/team-consilcar-2-1-1-900x600.jpg 900w, https:\/\/www.atelierdocaractere.pt\/wp-content\/uploads\/2023\/10\/team-consilcar-2-1-1-675x450.jpg 675w, https:\/\/www.atelierdocaractere.pt\/wp-content\/uploads\/2023\/10\/team-consilcar-2-1-1.jpg 1566w\" sizes=\"(max-width: 1024px) 100vw, 1024px\" \/><\/figure>\n\n\n\n<p>Al\u00e9m de navegar Edgar Condenso, Ant\u00f3nio Serr\u00e3o tamb\u00e9m foi obrigado a fazer o papel de mec\u00e2nico em Portalegre.&nbsp;<strong>\u201cFoi Portalegre a ser Portalegre. Fiz esta prova pela primeira vez em 2016, com o meu pai, mas acompanho Portalegre como espectador desde mi\u00fado. Estas perip\u00e9cias e imprevistos fazem mesmo parte da baja, mas realmente custou um pouco porque acabaram por ser pequenos problemas que estragaram por completo a nossa corrida\u201d<\/strong>, analisou Ant\u00f3nio Serr\u00e3o.<\/p>\n\n\n\n<p><strong>A aprender entre os melhores<\/strong><\/p>\n\n\n\n<p>Integrado num pelot\u00e3o fort\u00edssimo de prot\u00f3tipos T3, inclusive com estrelas internacionais como Mattias Ekstr\u00f6m, e com as tradicionais dificuldades da Baja Portalegre 500, Duarte Silva j\u00e1 sabia que a experi\u00eancia no Alto Alentejo seria uma aprendizagem valiosa. O jovem piloto de Lisboa, navegado pelo pai, Nuno Silva, acabou por ter v\u00e1rios problemas logo desde o Pr\u00f3logo, na transposi\u00e7\u00e3o de uma ribeira, para depois ser obrigado a desistir no final do Setor Seletivo de s\u00e1bado de manh\u00e3, ap\u00f3s uma manga de eixo partida que destruiu a parte da frente do Can-Am, um furo, uma roda que se soltou em andamento e uma correia de transmiss\u00e3o partida!<\/p>\n\n\n\n<figure class=\"wp-block-image size-large\"><img decoding=\"async\" width=\"1024\" height=\"683\" src=\"https:\/\/www.atelierdocaractere.pt\/wp-content\/uploads\/2023\/10\/team-consilcar-1-1-1-1024x683.jpg\" alt=\"\" class=\"wp-image-11977\" srcset=\"https:\/\/www.atelierdocaractere.pt\/wp-content\/uploads\/2023\/10\/team-consilcar-1-1-1-1024x683.jpg 1024w, https:\/\/www.atelierdocaractere.pt\/wp-content\/uploads\/2023\/10\/team-consilcar-1-1-1-300x200.jpg 300w, https:\/\/www.atelierdocaractere.pt\/wp-content\/uploads\/2023\/10\/team-consilcar-1-1-1-768x513.jpg 768w, https:\/\/www.atelierdocaractere.pt\/wp-content\/uploads\/2023\/10\/team-consilcar-1-1-1-1536x1025.jpg 1536w, https:\/\/www.atelierdocaractere.pt\/wp-content\/uploads\/2023\/10\/team-consilcar-1-1-1-900x600.jpg 900w, https:\/\/www.atelierdocaractere.pt\/wp-content\/uploads\/2023\/10\/team-consilcar-1-1-1-675x450.jpg 675w, https:\/\/www.atelierdocaractere.pt\/wp-content\/uploads\/2023\/10\/team-consilcar-1-1-1.jpg 1900w\" sizes=\"(max-width: 1024px) 100vw, 1024px\" \/><\/figure>\n\n\n\n<p><strong>\u201cFoi incr\u00edvel a sucess\u00e3o de azares e perip\u00e9cias. Quer\u00edamos perceber onde est\u00e1vamos em termos de andamento, mas pass\u00e1mos mais tempo fora do carro em repara\u00e7\u00f5es, do que propriamente na pista!\u201d<\/strong>, brincou Duarte Silva, que no ano passado, em Portalegre, se tinha sagrado vice-campe\u00e3o do trof\u00e9u Yamaha.<\/p>\n\n\n\n<p><strong>\u201cNem corremos riscos desnecess\u00e1rios, simplesmente tivemos azar atr\u00e1s de azar, logo desde o Pr\u00f3logo\u201d<\/strong>,confirmou Nuno Silva, que ao longo de mais de 20 anos j\u00e1 obteve v\u00e1rios resultados de relevo em Portalegre, como um p\u00f3dio absoluto no CPTT ou uma vit\u00f3ria nos T2.<strong>&nbsp;\u201cNo s\u00e1bado de manh\u00e3 at\u00e9 est\u00e1vamos a andar bem, mas de repente a manga de eixo partiu-se e levou parte da frente do carro. S\u00e3o coisas das corridas, principalmente em Portalegre, que \u00e9 uma sempre caixinha de surpresas. Aconte\u00e7a o que acontecer, o apoio do p\u00fablico de Portalegre faz-nos sentir especiais\u201d<\/strong>, destacou Nuno Silva.<\/p>\n\n\n<div class=\"wp-block-image\">\n<figure class=\"aligncenter size-full\"><img decoding=\"async\" width=\"721\" height=\"721\" src=\"https:\/\/www.atelierdocaractere.pt\/wp-content\/uploads\/2023\/10\/team-consilcar-4-1.jpg\" alt=\"\" class=\"wp-image-11974\" srcset=\"https:\/\/www.atelierdocaractere.pt\/wp-content\/uploads\/2023\/10\/team-consilcar-4-1.jpg 721w, https:\/\/www.atelierdocaractere.pt\/wp-content\/uploads\/2023\/10\/team-consilcar-4-1-300x300.jpg 300w, https:\/\/www.atelierdocaractere.pt\/wp-content\/uploads\/2023\/10\/team-consilcar-4-1-150x150.jpg 150w, https:\/\/www.atelierdocaractere.pt\/wp-content\/uploads\/2023\/10\/team-consilcar-4-1-100x100.jpg 100w, https:\/\/www.atelierdocaractere.pt\/wp-content\/uploads\/2023\/10\/team-consilcar-4-1-140x140.jpg 140w, https:\/\/www.atelierdocaractere.pt\/wp-content\/uploads\/2023\/10\/team-consilcar-4-1-500x500.jpg 500w, https:\/\/www.atelierdocaractere.pt\/wp-content\/uploads\/2023\/10\/team-consilcar-4-1-350x350.jpg 350w\" sizes=\"(max-width: 721px) 100vw, 721px\" \/><\/figure><\/div>\n\n\n<p>O Team Consilcar tamb\u00e9m esteve representado na prova das motos, com Janu\u00e1rio Barrocas a participar pela terceira vez em Portalegre, aos comandos de uma Honda. Uma queda no setor seletivo de sexta-feira provocou uma les\u00e3o nas costelas, obrigando o piloto do Team Consilcar a desistir.<strong>&nbsp;\u201cO meu \u00fanico objetivo era terminar a prova, mas com tanta lama e o piso trai\u00e7oeiro sabemos que estas coisas podem acontecer. Agora \u00e9 recuperar bem e tentar voltar para o ano\u201d,&nbsp;<\/strong>disse Janu\u00e1rio Barrocas.<\/p>\n\n\n\n<p>Depois de Portalegre, a \u00e9poca do Team Consilcar vai terminar com outra famosa prova alentejana, as 24 Horas TT de Fronteira, a realizar de 30 de novembro a 3 de dezembro.<\/p>\n\n\n\n<p>Acompanhe todas as novidades nas&nbsp;<strong>p\u00e1ginas oficiais do Team Consilcar no&nbsp;<a href=\"https:\/\/www.facebook.com\/teamconsilcarcom\">Facebook<\/a>&nbsp;e&nbsp;<a href=\"https:\/\/www.instagram.com\/team.consilcar\/\">Instagram<\/a><\/strong>.<\/p>\n\n\n\n<p>Patrocinadores:&nbsp;<strong><a href=\"https:\/\/www.consilcar.pt\/\">CONSILCAR<\/a>&nbsp;|&nbsp;<a href=\"https:\/\/sng.pt\/\">SNG &#8211; GARANTIA AUTOM\u00d3VEL<\/a>&nbsp;|&nbsp;<a href=\"https:\/\/www.credibom.pt\/\">BANCO CREDIBOM<\/a><\/strong><\/p>\n","protected":false},"excerpt":{"rendered":"<p>A 37.\u00aa edi\u00e7\u00e3o da Baja Portalegre 500 foi um desafio dur\u00edssimo para o Team Consilcar, com os pilotos da equipa&#8230;<\/p>\n","protected":false},"author":7,"featured_media":11978,"comment_status":"closed","ping_status":"open","sticky":false,"template":"","format":"standard","meta":[],"categories":[24],"tags":[333,287,288],"yoast_head":"<!-- This site is optimized with the Yoast SEO plugin v20.12 - https:\/\/yoast.com\/wordpress\/plugins\/seo\/ -->\n<title>Team Consilcar com fim de semana duro\u00a0na Baja Portalegre 500 - Atelier do Caractere<\/title>\n<meta name=\"robots\" content=\"index, follow, max-snippet:-1, max-image-preview:large, max-video-preview:-1\" \/>\n<link rel=\"canonical\" href=\"https:\/\/www.atelierdocaractere.pt\/brevemente\/team-consilcar-com-fim-de-semana-duro-na-baja-portalegre-500\/\" \/>\n<meta property=\"og:locale\" content=\"pt_PT\" \/>\n<meta property=\"og:type\" content=\"article\" \/>\n<meta property=\"og:title\" content=\"Team Consilcar com fim de semana duro\u00a0na Baja Portalegre 500 - Atelier do Caractere\" \/>\n<meta property=\"og:description\" content=\"A 37.\u00aa edi\u00e7\u00e3o da Baja Portalegre 500 foi um desafio dur\u00edssimo para o Team Consilcar, com os pilotos da equipa...\" \/>\n<meta property=\"og:url\" content=\"https:\/\/www.atelierdocaractere.pt\/brevemente\/team-consilcar-com-fim-de-semana-duro-na-baja-portalegre-500\/\" \/>\n<meta property=\"og:site_name\" content=\"Atelier do Caractere\" \/>\n<meta property=\"article:publisher\" content=\"https:\/\/www.facebook.com\/AtelierdoCaractere\" \/>\n<meta property=\"article:published_time\" content=\"2023-10-29T09:47:58+00:00\" \/>\n<meta property=\"article:modified_time\" content=\"2023-10-30T09:53:39+00:00\" \/>\n<meta property=\"og:image\" content=\"https:\/\/www.atelierdocaractere.pt\/wp-content\/uploads\/2023\/10\/team-consilcar-1-5.jpg\" \/>\n\t<meta property=\"og:image:width\" content=\"1900\" \/>\n\t<meta property=\"og:image:height\" content=\"1266\" \/>\n\t<meta property=\"og:image:type\" content=\"image\/jpeg\" \/>\n<meta name=\"author\" content=\"Joana Barbosa\" \/>\n<meta name=\"twitter:card\" content=\"summary_large_image\" \/>\n<meta name=\"twitter:label1\" content=\"Escrito por\" \/>\n\t<meta name=\"twitter:data1\" content=\"Joana Barbosa\" \/>\n\t<meta name=\"twitter:label2\" content=\"Tempo estimado de leitura\" \/>\n\t<meta name=\"twitter:data2\" content=\"6 minutos\" \/>\n<script type=\"application\/ld+json\" class=\"yoast-schema-graph\">{\"@context\":\"https:\/\/schema.org\",\"@graph\":[{\"@type\":\"WebPage\",\"@id\":\"https:\/\/www.atelierdocaractere.pt\/brevemente\/team-consilcar-com-fim-de-semana-duro-na-baja-portalegre-500\/\",\"url\":\"https:\/\/www.atelierdocaractere.pt\/brevemente\/team-consilcar-com-fim-de-semana-duro-na-baja-portalegre-500\/\",\"name\":\"Team Consilcar com fim de semana duro\u00a0na Baja Portalegre 500 - Atelier do Caractere\",\"isPartOf\":{\"@id\":\"https:\/\/www.atelierdocaractere.pt\/brevemente\/#website\"},\"datePublished\":\"2023-10-29T09:47:58+00:00\",\"dateModified\":\"2023-10-30T09:53:39+00:00\",\"author\":{\"@id\":\"https:\/\/www.atelierdocaractere.pt\/brevemente\/#\/schema\/person\/f2f096eb0f27d9894725af22cb97c0db\"},\"breadcrumb\":{\"@id\":\"https:\/\/www.atelierdocaractere.pt\/brevemente\/team-consilcar-com-fim-de-semana-duro-na-baja-portalegre-500\/#breadcrumb\"},\"inLanguage\":\"pt-PT\",\"potentialAction\":[{\"@type\":\"ReadAction\",\"target\":[\"https:\/\/www.atelierdocaractere.pt\/brevemente\/team-consilcar-com-fim-de-semana-duro-na-baja-portalegre-500\/\"]}]},{\"@type\":\"BreadcrumbList\",\"@id\":\"https:\/\/www.atelierdocaractere.pt\/brevemente\/team-consilcar-com-fim-de-semana-duro-na-baja-portalegre-500\/#breadcrumb\",\"itemListElement\":[{\"@type\":\"ListItem\",\"position\":1,\"name\":\"In\u00edcio\",\"item\":\"https:\/\/www.atelierdocaractere.pt\/brevemente\/\"},{\"@type\":\"ListItem\",\"position\":2,\"name\":\"Team Consilcar com fim de semana duro\u00a0na Baja Portalegre 500\"}]},{\"@type\":\"WebSite\",\"@id\":\"https:\/\/www.atelierdocaractere.pt\/brevemente\/#website\",\"url\":\"https:\/\/www.atelierdocaractere.pt\/brevemente\/\",\"name\":\"Atelier do Caractere\",\"description\":\"\",\"potentialAction\":[{\"@type\":\"SearchAction\",\"target\":{\"@type\":\"EntryPoint\",\"urlTemplate\":\"https:\/\/www.atelierdocaractere.pt\/brevemente\/?s={search_term_string}\"},\"query-input\":\"required name=search_term_string\"}],\"inLanguage\":\"pt-PT\"},{\"@type\":\"Person\",\"@id\":\"https:\/\/www.atelierdocaractere.pt\/brevemente\/#\/schema\/person\/f2f096eb0f27d9894725af22cb97c0db\",\"name\":\"Joana Barbosa\",\"image\":{\"@type\":\"ImageObject\",\"inLanguage\":\"pt-PT\",\"@id\":\"https:\/\/www.atelierdocaractere.pt\/brevemente\/#\/schema\/person\/image\/\",\"url\":\"https:\/\/secure.gravatar.com\/avatar\/33e8214b45e9d68a3a83008731075979?s=96&d=mm&r=g\",\"contentUrl\":\"https:\/\/secure.gravatar.com\/avatar\/33e8214b45e9d68a3a83008731075979?s=96&d=mm&r=g\",\"caption\":\"Joana Barbosa\"},\"url\":\"https:\/\/www.atelierdocaractere.pt\/brevemente\/author\/joanabarbosa\/\"}]}<\/script>\n<!-- \/ Yoast SEO plugin. -->","yoast_head_json":{"title":"Team Consilcar com fim de semana duro\u00a0na Baja Portalegre 500 - Atelier do Caractere","robots":{"index":"index","follow":"follow","max-snippet":"max-snippet:-1","max-image-preview":"max-image-preview:large","max-video-preview":"max-video-preview:-1"},"canonical":"https:\/\/www.atelierdocaractere.pt\/brevemente\/team-consilcar-com-fim-de-semana-duro-na-baja-portalegre-500\/","og_locale":"pt_PT","og_type":"article","og_title":"Team Consilcar com fim de semana duro\u00a0na Baja Portalegre 500 - Atelier do Caractere","og_description":"A 37.\u00aa edi\u00e7\u00e3o da Baja Portalegre 500 foi um desafio dur\u00edssimo para o Team Consilcar, com os pilotos da equipa...","og_url":"https:\/\/www.atelierdocaractere.pt\/brevemente\/team-consilcar-com-fim-de-semana-duro-na-baja-portalegre-500\/","og_site_name":"Atelier do Caractere","article_publisher":"https:\/\/www.facebook.com\/AtelierdoCaractere","article_published_time":"2023-10-29T09:47:58+00:00","article_modified_time":"2023-10-30T09:53:39+00:00","og_image":[{"width":1900,"height":1266,"url":"https:\/\/www.atelierdocaractere.pt\/wp-content\/uploads\/2023\/10\/team-consilcar-1-5.jpg","type":"image\/jpeg"}],"author":"Joana Barbosa","twitter_card":"summary_large_image","twitter_misc":{"Escrito por":"Joana Barbosa","Tempo estimado de leitura":"6 minutos"},"schema":{"@context":"https:\/\/schema.org","@graph":[{"@type":"WebPage","@id":"https:\/\/www.atelierdocaractere.pt\/brevemente\/team-consilcar-com-fim-de-semana-duro-na-baja-portalegre-500\/","url":"https:\/\/www.atelierdocaractere.pt\/brevemente\/team-consilcar-com-fim-de-semana-duro-na-baja-portalegre-500\/","name":"Team Consilcar com fim de semana duro\u00a0na Baja Portalegre 500 - Atelier do Caractere","isPartOf":{"@id":"https:\/\/www.atelierdocaractere.pt\/brevemente\/#website"},"datePublished":"2023-10-29T09:47:58+00:00","dateModified":"2023-10-30T09:53:39+00:00","author":{"@id":"https:\/\/www.atelierdocaractere.pt\/brevemente\/#\/schema\/person\/f2f096eb0f27d9894725af22cb97c0db"},"breadcrumb":{"@id":"https:\/\/www.atelierdocaractere.pt\/brevemente\/team-consilcar-com-fim-de-semana-duro-na-baja-portalegre-500\/#breadcrumb"},"inLanguage":"pt-PT","potentialAction":[{"@type":"ReadAction","target":["https:\/\/www.atelierdocaractere.pt\/brevemente\/team-consilcar-com-fim-de-semana-duro-na-baja-portalegre-500\/"]}]},{"@type":"BreadcrumbList","@id":"https:\/\/www.atelierdocaractere.pt\/brevemente\/team-consilcar-com-fim-de-semana-duro-na-baja-portalegre-500\/#breadcrumb","itemListElement":[{"@type":"ListItem","position":1,"name":"In\u00edcio","item":"https:\/\/www.atelierdocaractere.pt\/brevemente\/"},{"@type":"ListItem","position":2,"name":"Team Consilcar com fim de semana duro\u00a0na Baja Portalegre 500"}]},{"@type":"WebSite","@id":"https:\/\/www.atelierdocaractere.pt\/brevemente\/#website","url":"https:\/\/www.atelierdocaractere.pt\/brevemente\/","name":"Atelier do Caractere","description":"","potentialAction":[{"@type":"SearchAction","target":{"@type":"EntryPoint","urlTemplate":"https:\/\/www.atelierdocaractere.pt\/brevemente\/?s={search_term_string}"},"query-input":"required name=search_term_string"}],"inLanguage":"pt-PT"},{"@type":"Person","@id":"https:\/\/www.atelierdocaractere.pt\/brevemente\/#\/schema\/person\/f2f096eb0f27d9894725af22cb97c0db","name":"Joana Barbosa","image":{"@type":"ImageObject","inLanguage":"pt-PT","@id":"https:\/\/www.atelierdocaractere.pt\/brevemente\/#\/schema\/person\/image\/","url":"https:\/\/secure.gravatar.com\/avatar\/33e8214b45e9d68a3a83008731075979?s=96&d=mm&r=g","contentUrl":"https:\/\/secure.gravatar.com\/avatar\/33e8214b45e9d68a3a83008731075979?s=96&d=mm&r=g","caption":"Joana Barbosa"},"url":"https:\/\/www.atelierdocaractere.pt\/brevemente\/author\/joanabarbosa\/"}]}},"_links":{"self":[{"href":"https:\/\/www.atelierdocaractere.pt\/brevemente\/wp-json\/wp\/v2\/posts\/11973"}],"collection":[{"href":"https:\/\/www.atelierdocaractere.pt\/brevemente\/wp-json\/wp\/v2\/posts"}],"about":[{"href":"https:\/\/www.atelierdocaractere.pt\/brevemente\/wp-json\/wp\/v2\/types\/post"}],"author":[{"embeddable":true,"href":"https:\/\/www.atelierdocaractere.pt\/brevemente\/wp-json\/wp\/v2\/users\/7"}],"replies":[{"embeddable":true,"href":"https:\/\/www.atelierdocaractere.pt\/brevemente\/wp-json\/wp\/v2\/comments?post=11973"}],"version-history":[{"count":1,"href":"https:\/\/www.atelierdocaractere.pt\/brevemente\/wp-json\/wp\/v2\/posts\/11973\/revisions"}],"predecessor-version":[{"id":11979,"href":"https:\/\/www.atelierdocaractere.pt\/brevemente\/wp-json\/wp\/v2\/posts\/11973\/revisions\/11979"}],"wp:featuredmedia":[{"embeddable":true,"href":"https:\/\/www.atelierdocaractere.pt\/brevemente\/wp-json\/wp\/v2\/media\/11978"}],"wp:attachment":[{"href":"https:\/\/www.atelierdocaractere.pt\/brevemente\/wp-json\/wp\/v2\/media?parent=11973"}],"wp:term":[{"taxonomy":"category","embeddable":true,"href":"https:\/\/www.atelierdocaractere.pt\/brevemente\/wp-json\/wp\/v2\/categories?post=11973"},{"taxonomy":"post_tag","embeddable":true,"href":"https:\/\/www.atelierdocaractere.pt\/brevemente\/wp-json\/wp\/v2\/tags?post=11973"}],"curies":[{"name":"wp","href":"https:\/\/api.w.org\/{rel}","templated":true}]}}