{"id":11980,"date":"2023-10-31T19:24:44","date_gmt":"2023-10-31T19:24:44","guid":{"rendered":"https:\/\/www.atelierdocaractere.pt\/brevemente\/?p=11980"},"modified":"2023-10-31T19:24:48","modified_gmt":"2023-10-31T19:24:48","slug":"turismo-centro-de-portugal-felicita-escolha-de-castelo-branco-como-cidade-criativa-da-unesco","status":"publish","type":"post","link":"https:\/\/www.atelierdocaractere.pt\/brevemente\/turismo-centro-de-portugal-felicita-escolha-de-castelo-branco-como-cidade-criativa-da-unesco\/","title":{"rendered":"Turismo Centro de Portugal felicita escolha de Castelo Branco como Cidade Criativa da UNESCO"},"content":{"rendered":"\n<p><strong>Castelo Branco \u00e9 a sexta cidade da regi\u00e3o Centro de Portugal a receber a distin\u00e7\u00e3o desta organiza\u00e7\u00e3o das Na\u00e7\u00f5es Unidas.<\/strong><\/p>\n\n\n\n<figure class=\"wp-block-image size-large\"><img decoding=\"async\" width=\"1024\" height=\"683\" src=\"https:\/\/www.atelierdocaractere.pt\/wp-content\/uploads\/2023\/10\/imagem-whatsapp-2023-10-31-as-192026-5161e1e1-1024x683.jpg\" alt=\"\" class=\"wp-image-11992\" srcset=\"https:\/\/www.atelierdocaractere.pt\/wp-content\/uploads\/2023\/10\/imagem-whatsapp-2023-10-31-as-192026-5161e1e1-1024x683.jpg 1024w, https:\/\/www.atelierdocaractere.pt\/wp-content\/uploads\/2023\/10\/imagem-whatsapp-2023-10-31-as-192026-5161e1e1-300x200.jpg 300w, https:\/\/www.atelierdocaractere.pt\/wp-content\/uploads\/2023\/10\/imagem-whatsapp-2023-10-31-as-192026-5161e1e1-768x512.jpg 768w, https:\/\/www.atelierdocaractere.pt\/wp-content\/uploads\/2023\/10\/imagem-whatsapp-2023-10-31-as-192026-5161e1e1-1536x1024.jpg 1536w, https:\/\/www.atelierdocaractere.pt\/wp-content\/uploads\/2023\/10\/imagem-whatsapp-2023-10-31-as-192026-5161e1e1-900x600.jpg 900w, https:\/\/www.atelierdocaractere.pt\/wp-content\/uploads\/2023\/10\/imagem-whatsapp-2023-10-31-as-192026-5161e1e1-675x450.jpg 675w, https:\/\/www.atelierdocaractere.pt\/wp-content\/uploads\/2023\/10\/imagem-whatsapp-2023-10-31-as-192026-5161e1e1.jpg 1599w\" sizes=\"(max-width: 1024px) 100vw, 1024px\" \/><\/figure>\n\n\n\n<p>A&nbsp;<strong>Turismo Centro de Portugal<\/strong>&nbsp;recebeu com grande satisfa\u00e7\u00e3o o an\u00fancio de que a UNESCO distinguiu&nbsp;<strong>Castelo Branco<\/strong>&nbsp;como nova integrante da&nbsp;<strong>Rede Mundial de Cidades Criativas<\/strong>, na categoria Artesanato e Artes Populares. Este ano, 55 cidades receberam a distin\u00e7\u00e3o, sendo Castelo Branco a \u00fanica portuguesa.<\/p>\n\n\n\n<figure class=\"wp-block-image size-large\"><img decoding=\"async\" width=\"1024\" height=\"682\" src=\"https:\/\/www.atelierdocaractere.pt\/wp-content\/uploads\/2023\/10\/imagem-whatsapp-2023-10-31-as-192033-e0843629-1024x682.jpg\" alt=\"\" class=\"wp-image-11984\" srcset=\"https:\/\/www.atelierdocaractere.pt\/wp-content\/uploads\/2023\/10\/imagem-whatsapp-2023-10-31-as-192033-e0843629-1024x682.jpg 1024w, https:\/\/www.atelierdocaractere.pt\/wp-content\/uploads\/2023\/10\/imagem-whatsapp-2023-10-31-as-192033-e0843629-300x200.jpg 300w, https:\/\/www.atelierdocaractere.pt\/wp-content\/uploads\/2023\/10\/imagem-whatsapp-2023-10-31-as-192033-e0843629-768x512.jpg 768w, https:\/\/www.atelierdocaractere.pt\/wp-content\/uploads\/2023\/10\/imagem-whatsapp-2023-10-31-as-192033-e0843629-1536x1023.jpg 1536w, https:\/\/www.atelierdocaractere.pt\/wp-content\/uploads\/2023\/10\/imagem-whatsapp-2023-10-31-as-192033-e0843629-900x600.jpg 900w, https:\/\/www.atelierdocaractere.pt\/wp-content\/uploads\/2023\/10\/imagem-whatsapp-2023-10-31-as-192033-e0843629-675x450.jpg 675w, https:\/\/www.atelierdocaractere.pt\/wp-content\/uploads\/2023\/10\/imagem-whatsapp-2023-10-31-as-192033-e0843629.jpg 1600w\" sizes=\"(max-width: 1024px) 100vw, 1024px\" \/><\/figure>\n\n\n\n<p>Esta cidade do Centro de Portugal junta-se assim a outras cinco localidades da regi\u00e3o que j\u00e1 pertenciam \u00e0 restrita lista de Cidades Criativas da UNESCO, nomeadamente&nbsp;<strong>Idanha-a-Nova<\/strong>&nbsp;e&nbsp;<strong>Leiria<\/strong>, ambas cidades criativas da M\u00fasica,&nbsp;<strong>\u00d3bidos<\/strong>, cidade criativa da Literatura,&nbsp;<strong>Caldas da Rainha<\/strong>, cidade criativa do Artesanato e Artes Populares, e&nbsp;<strong>Covilh\u00e3<\/strong>, cidade criativa do Design.<\/p>\n\n\n\n<figure class=\"wp-block-image size-large\"><img decoding=\"async\" width=\"1024\" height=\"682\" src=\"https:\/\/www.atelierdocaractere.pt\/wp-content\/uploads\/2023\/10\/imagem-whatsapp-2023-10-31-as-192031-7e7418d8-1024x682.jpg\" alt=\"\" class=\"wp-image-11986\" srcset=\"https:\/\/www.atelierdocaractere.pt\/wp-content\/uploads\/2023\/10\/imagem-whatsapp-2023-10-31-as-192031-7e7418d8-1024x682.jpg 1024w, https:\/\/www.atelierdocaractere.pt\/wp-content\/uploads\/2023\/10\/imagem-whatsapp-2023-10-31-as-192031-7e7418d8-300x200.jpg 300w, https:\/\/www.atelierdocaractere.pt\/wp-content\/uploads\/2023\/10\/imagem-whatsapp-2023-10-31-as-192031-7e7418d8-768x512.jpg 768w, https:\/\/www.atelierdocaractere.pt\/wp-content\/uploads\/2023\/10\/imagem-whatsapp-2023-10-31-as-192031-7e7418d8-1536x1023.jpg 1536w, https:\/\/www.atelierdocaractere.pt\/wp-content\/uploads\/2023\/10\/imagem-whatsapp-2023-10-31-as-192031-7e7418d8-900x600.jpg 900w, https:\/\/www.atelierdocaractere.pt\/wp-content\/uploads\/2023\/10\/imagem-whatsapp-2023-10-31-as-192031-7e7418d8-675x450.jpg 675w, https:\/\/www.atelierdocaractere.pt\/wp-content\/uploads\/2023\/10\/imagem-whatsapp-2023-10-31-as-192031-7e7418d8.jpg 1600w\" sizes=\"(max-width: 1024px) 100vw, 1024px\" \/><\/figure>\n\n\n\n<p>A decis\u00e3o foi divulgada esta ter\u00e7a-feira, no Dia Mundial das Cidades, pela diretora-geral da UNESCO, Audrey Azoulay. As novas cidades foram reconhecidas pelo seu forte compromisso em incorporar a cultura e a criatividade nas estrat\u00e9gias de desenvolvimento e por apresentarem pr\u00e1ticas inovadoras no planeamento urbano centrado no ser humano.<\/p>\n\n\n<div class=\"wp-block-image\">\n<figure class=\"aligncenter size-large\"><img decoding=\"async\" width=\"683\" height=\"1024\" src=\"https:\/\/www.atelierdocaractere.pt\/wp-content\/uploads\/2023\/10\/imagem-whatsapp-2023-10-31-as-192030-fba01480-683x1024.jpg\" alt=\"\" class=\"wp-image-11987\" srcset=\"https:\/\/www.atelierdocaractere.pt\/wp-content\/uploads\/2023\/10\/imagem-whatsapp-2023-10-31-as-192030-fba01480-683x1024.jpg 683w, https:\/\/www.atelierdocaractere.pt\/wp-content\/uploads\/2023\/10\/imagem-whatsapp-2023-10-31-as-192030-fba01480-200x300.jpg 200w, https:\/\/www.atelierdocaractere.pt\/wp-content\/uploads\/2023\/10\/imagem-whatsapp-2023-10-31-as-192030-fba01480-768x1152.jpg 768w, https:\/\/www.atelierdocaractere.pt\/wp-content\/uploads\/2023\/10\/imagem-whatsapp-2023-10-31-as-192030-fba01480-1024x1536.jpg 1024w, https:\/\/www.atelierdocaractere.pt\/wp-content\/uploads\/2023\/10\/imagem-whatsapp-2023-10-31-as-192030-fba01480.jpg 1066w\" sizes=\"(max-width: 683px) 100vw, 683px\" \/><\/figure><\/div>\n\n\n<p>A candidatura de Castelo Branco, coordenada pelo munic\u00edpio, teve como base o Bordado de Castelo Branco, ex-libris e s\u00edmbolo maior da cidade, com caracter\u00edsticas que o tornam \u00fanico. A intensidade das cores e da luz \u00e9 conferida pelos fios de seda, bordados sobre a base de linho artesanal cru. Os desenhos e motivos tem uma simbologia pr\u00f3pria, de que s\u00e3o exemplo a \u00e1rvore da vida, os p\u00e1ssaros, os cravos, as rosas, os l\u00edrios, as rom\u00e3s ou os cora\u00e7\u00f5es. Estas caracter\u00edsticas do Bordado de Castelo Branco foram transpostas para o urbanismo, sendo observ\u00e1veis nas cal\u00e7adas e nos edif\u00edcios, tornando-se assim num dos s\u00edmbolos da cidade.<\/p>\n\n\n\n<figure class=\"wp-block-image size-large\"><img decoding=\"async\" width=\"1024\" height=\"682\" src=\"https:\/\/www.atelierdocaractere.pt\/wp-content\/uploads\/2023\/10\/imagem-whatsapp-2023-10-31-as-192027-482faf97-1024x682.jpg\" alt=\"\" class=\"wp-image-11990\" srcset=\"https:\/\/www.atelierdocaractere.pt\/wp-content\/uploads\/2023\/10\/imagem-whatsapp-2023-10-31-as-192027-482faf97-1024x682.jpg 1024w, https:\/\/www.atelierdocaractere.pt\/wp-content\/uploads\/2023\/10\/imagem-whatsapp-2023-10-31-as-192027-482faf97-300x200.jpg 300w, https:\/\/www.atelierdocaractere.pt\/wp-content\/uploads\/2023\/10\/imagem-whatsapp-2023-10-31-as-192027-482faf97-768x512.jpg 768w, https:\/\/www.atelierdocaractere.pt\/wp-content\/uploads\/2023\/10\/imagem-whatsapp-2023-10-31-as-192027-482faf97-1536x1023.jpg 1536w, https:\/\/www.atelierdocaractere.pt\/wp-content\/uploads\/2023\/10\/imagem-whatsapp-2023-10-31-as-192027-482faf97-900x600.jpg 900w, https:\/\/www.atelierdocaractere.pt\/wp-content\/uploads\/2023\/10\/imagem-whatsapp-2023-10-31-as-192027-482faf97-675x450.jpg 675w, https:\/\/www.atelierdocaractere.pt\/wp-content\/uploads\/2023\/10\/imagem-whatsapp-2023-10-31-as-192027-482faf97.jpg 1600w\" sizes=\"(max-width: 1024px) 100vw, 1024px\" \/><\/figure>\n\n\n\n<p><em>\u201cFoi com grande satisfa\u00e7\u00e3o que soube da distin\u00e7\u00e3o atribu\u00edda a Castelo Branco pela UNESCO. Uma distin\u00e7\u00e3o mais do que justa: basta percorrer o centro hist\u00f3rico de Castelo Branco para percebermos a sua vitalidade criativa, assente na magn\u00edfica tradi\u00e7\u00e3o do Bordado de Castelo Branco. Felicito a autarquia por este reconhecimento\u201d<\/em>, sublinha&nbsp;<strong>Raul Almeida, presidente da Turismo Centro de Portugal<\/strong>.<\/p>\n\n\n<div class=\"wp-block-image\">\n<figure class=\"aligncenter size-large\"><img decoding=\"async\" width=\"682\" height=\"1024\" src=\"https:\/\/www.atelierdocaractere.pt\/wp-content\/uploads\/2023\/10\/imagem-whatsapp-2023-10-31-as-192029-07004c2f-682x1024.jpg\" alt=\"\" class=\"wp-image-11988\" srcset=\"https:\/\/www.atelierdocaractere.pt\/wp-content\/uploads\/2023\/10\/imagem-whatsapp-2023-10-31-as-192029-07004c2f-682x1024.jpg 682w, https:\/\/www.atelierdocaractere.pt\/wp-content\/uploads\/2023\/10\/imagem-whatsapp-2023-10-31-as-192029-07004c2f-200x300.jpg 200w, https:\/\/www.atelierdocaractere.pt\/wp-content\/uploads\/2023\/10\/imagem-whatsapp-2023-10-31-as-192029-07004c2f-768x1153.jpg 768w, https:\/\/www.atelierdocaractere.pt\/wp-content\/uploads\/2023\/10\/imagem-whatsapp-2023-10-31-as-192029-07004c2f-1023x1536.jpg 1023w, https:\/\/www.atelierdocaractere.pt\/wp-content\/uploads\/2023\/10\/imagem-whatsapp-2023-10-31-as-192029-07004c2f.jpg 1066w\" sizes=\"(max-width: 682px) 100vw, 682px\" \/><\/figure><\/div>\n\n\n<p><em>\u201cCom Castelo Branco, s\u00e3o j\u00e1 seis as Cidades Criativas que a UNESCO identificou no territ\u00f3rio do Centro de Portugal, o que \u00e9 elucidativo sobre a din\u00e2mica que se vive neste territ\u00f3rio. O artesanato e as artes populares, a m\u00fasica, a literatura e o design s\u00e3o \u00e1reas cada vez mais identificativas desta regi\u00e3o, o que a torna ainda mais atrativa a n\u00edvel tur\u00edstico para os visitantes\u201d<\/em>, acrescenta.<\/p>\n\n\n\n<p>Criada em 2004 pela UNESCO (Organiza\u00e7\u00e3o das Na\u00e7\u00f5es Unidas para a Educa\u00e7\u00e3o, Ci\u00eancia e Cultura), a rede de Cidades Criativas conta agora com 350 cidades em todo o Mundo, representando sete \u00e1reas criativas: Artesanato e Artes Populares, Design, Cinema, Gastronomia, Literatura, Artes dos Media e M\u00fasica.<\/p>\n\n\n\n<figure class=\"wp-block-image size-large\"><img decoding=\"async\" width=\"1024\" height=\"682\" src=\"https:\/\/www.atelierdocaractere.pt\/wp-content\/uploads\/2023\/10\/imagem-whatsapp-2023-10-31-as-192026-4522b70a-1024x682.jpg\" alt=\"\" class=\"wp-image-11991\" srcset=\"https:\/\/www.atelierdocaractere.pt\/wp-content\/uploads\/2023\/10\/imagem-whatsapp-2023-10-31-as-192026-4522b70a-1024x682.jpg 1024w, https:\/\/www.atelierdocaractere.pt\/wp-content\/uploads\/2023\/10\/imagem-whatsapp-2023-10-31-as-192026-4522b70a-300x200.jpg 300w, https:\/\/www.atelierdocaractere.pt\/wp-content\/uploads\/2023\/10\/imagem-whatsapp-2023-10-31-as-192026-4522b70a-768x512.jpg 768w, https:\/\/www.atelierdocaractere.pt\/wp-content\/uploads\/2023\/10\/imagem-whatsapp-2023-10-31-as-192026-4522b70a-1536x1023.jpg 1536w, https:\/\/www.atelierdocaractere.pt\/wp-content\/uploads\/2023\/10\/imagem-whatsapp-2023-10-31-as-192026-4522b70a-900x600.jpg 900w, https:\/\/www.atelierdocaractere.pt\/wp-content\/uploads\/2023\/10\/imagem-whatsapp-2023-10-31-as-192026-4522b70a-675x450.jpg 675w, https:\/\/www.atelierdocaractere.pt\/wp-content\/uploads\/2023\/10\/imagem-whatsapp-2023-10-31-as-192026-4522b70a.jpg 1600w\" sizes=\"(max-width: 1024px) 100vw, 1024px\" \/><\/figure>\n\n\n\n<p>O Centro de Portugal orgulha-se de incluir igualmente no seu territ\u00f3rio locais e cidades inseridos em outras redes com que a UNESCO distingue s\u00edtios de exce\u00e7\u00e3o a n\u00edvel internacional. S\u00e3o os casos da rede Patrim\u00f3nio Mundial, com o Convento de Cristo em Tomar, os Mosteiros de Alcoba\u00e7a e da Batalha e a Universidade de Coimbra, Alta e Sofia; da rede de Geoparques Mundiais, com o Naturtejo Geoparque e o Estrela Geoparque; e da Rede Mundial de Reservas da Biosfera, com a reserva das Berlengas, parte do Tejo Internacional e parte do Paul do Boquilobo.<\/p>\n\n\n<div class=\"wp-block-image\">\n<figure class=\"aligncenter size-large\"><img decoding=\"async\" width=\"767\" height=\"1024\" src=\"https:\/\/www.atelierdocaractere.pt\/wp-content\/uploads\/2023\/10\/imagem-whatsapp-2023-10-31-as-192028-3cf0a6c5-767x1024.jpg\" alt=\"\" class=\"wp-image-11989\" srcset=\"https:\/\/www.atelierdocaractere.pt\/wp-content\/uploads\/2023\/10\/imagem-whatsapp-2023-10-31-as-192028-3cf0a6c5-767x1024.jpg 767w, https:\/\/www.atelierdocaractere.pt\/wp-content\/uploads\/2023\/10\/imagem-whatsapp-2023-10-31-as-192028-3cf0a6c5-225x300.jpg 225w, https:\/\/www.atelierdocaractere.pt\/wp-content\/uploads\/2023\/10\/imagem-whatsapp-2023-10-31-as-192028-3cf0a6c5-768x1025.jpg 768w, https:\/\/www.atelierdocaractere.pt\/wp-content\/uploads\/2023\/10\/imagem-whatsapp-2023-10-31-as-192028-3cf0a6c5-1151x1536.jpg 1151w, https:\/\/www.atelierdocaractere.pt\/wp-content\/uploads\/2023\/10\/imagem-whatsapp-2023-10-31-as-192028-3cf0a6c5-450x600.jpg 450w, https:\/\/www.atelierdocaractere.pt\/wp-content\/uploads\/2023\/10\/imagem-whatsapp-2023-10-31-as-192028-3cf0a6c5-350x467.jpg 350w, https:\/\/www.atelierdocaractere.pt\/wp-content\/uploads\/2023\/10\/imagem-whatsapp-2023-10-31-as-192028-3cf0a6c5-900x1200.jpg 900w, https:\/\/www.atelierdocaractere.pt\/wp-content\/uploads\/2023\/10\/imagem-whatsapp-2023-10-31-as-192028-3cf0a6c5.jpg 1199w\" sizes=\"(max-width: 767px) 100vw, 767px\" \/><\/figure><\/div>\n\n\n<p><strong>Sobre o Turismo Centro de Portugal:<\/strong><\/p>\n\n\n\n<p>O Turismo Centro de Portugal \u00e9 a entidade que estrutura e promove o turismo na Regi\u00e3o Centro do pa\u00eds. Esta \u00e9 a maior e mais diversificada \u00e1rea tur\u00edstica nacional, abrangendo 100 munic\u00edpios, e tem registado um intenso crescimento da procura interna e externa. \u00c9 a regi\u00e3o a escolher para quem pretende experi\u00eancias diversificadas, pois concilia locais Patrim\u00f3nio da Humanidade com a melhor costa de surf da Europa, termas e spas id\u00edlicos, locais de culto de import\u00e2ncia mundial e as mais belas aldeias.<\/p>\n","protected":false},"excerpt":{"rendered":"<p>Castelo Branco \u00e9 a sexta cidade da regi\u00e3o Centro de Portugal a receber a distin\u00e7\u00e3o desta organiza\u00e7\u00e3o das Na\u00e7\u00f5es Unidas&#8230;.<\/p>\n","protected":false},"author":7,"featured_media":11985,"comment_status":"closed","ping_status":"open","sticky":false,"template":"","format":"standard","meta":[],"categories":[39],"tags":[726,346,356],"yoast_head":"<!-- This site is optimized with the Yoast SEO plugin v20.12 - https:\/\/yoast.com\/wordpress\/plugins\/seo\/ -->\n<title>Turismo Centro de Portugal felicita escolha de Castelo Branco como Cidade Criativa da UNESCO - Atelier do Caractere<\/title>\n<meta name=\"robots\" content=\"index, follow, max-snippet:-1, max-image-preview:large, max-video-preview:-1\" \/>\n<link rel=\"canonical\" href=\"https:\/\/www.atelierdocaractere.pt\/brevemente\/turismo-centro-de-portugal-felicita-escolha-de-castelo-branco-como-cidade-criativa-da-unesco\/\" \/>\n<meta property=\"og:locale\" content=\"pt_PT\" \/>\n<meta property=\"og:type\" content=\"article\" \/>\n<meta property=\"og:title\" content=\"Turismo Centro de Portugal felicita escolha de Castelo Branco como Cidade Criativa da UNESCO - Atelier do Caractere\" \/>\n<meta property=\"og:description\" content=\"Castelo Branco \u00e9 a sexta cidade da regi\u00e3o Centro de Portugal a receber a distin\u00e7\u00e3o desta organiza\u00e7\u00e3o das Na\u00e7\u00f5es Unidas....\" \/>\n<meta property=\"og:url\" content=\"https:\/\/www.atelierdocaractere.pt\/brevemente\/turismo-centro-de-portugal-felicita-escolha-de-castelo-branco-como-cidade-criativa-da-unesco\/\" \/>\n<meta property=\"og:site_name\" content=\"Atelier do Caractere\" \/>\n<meta property=\"article:publisher\" content=\"https:\/\/www.facebook.com\/AtelierdoCaractere\" \/>\n<meta property=\"article:published_time\" content=\"2023-10-31T19:24:44+00:00\" \/>\n<meta property=\"article:modified_time\" content=\"2023-10-31T19:24:48+00:00\" \/>\n<meta property=\"og:image\" content=\"https:\/\/www.atelierdocaractere.pt\/wp-content\/uploads\/2023\/10\/imagem-whatsapp-2023-10-31-as-192032-e4194c85.jpg\" \/>\n\t<meta property=\"og:image:width\" content=\"1600\" \/>\n\t<meta property=\"og:image:height\" content=\"1066\" \/>\n\t<meta property=\"og:image:type\" content=\"image\/jpeg\" \/>\n<meta name=\"author\" content=\"Joana Barbosa\" \/>\n<meta name=\"twitter:card\" content=\"summary_large_image\" \/>\n<meta name=\"twitter:label1\" content=\"Escrito por\" \/>\n\t<meta name=\"twitter:data1\" content=\"Joana Barbosa\" \/>\n\t<meta name=\"twitter:label2\" content=\"Tempo estimado de leitura\" \/>\n\t<meta name=\"twitter:data2\" content=\"6 minutos\" \/>\n<script type=\"application\/ld+json\" class=\"yoast-schema-graph\">{\"@context\":\"https:\/\/schema.org\",\"@graph\":[{\"@type\":\"WebPage\",\"@id\":\"https:\/\/www.atelierdocaractere.pt\/brevemente\/turismo-centro-de-portugal-felicita-escolha-de-castelo-branco-como-cidade-criativa-da-unesco\/\",\"url\":\"https:\/\/www.atelierdocaractere.pt\/brevemente\/turismo-centro-de-portugal-felicita-escolha-de-castelo-branco-como-cidade-criativa-da-unesco\/\",\"name\":\"Turismo Centro de Portugal felicita escolha de Castelo Branco como Cidade Criativa da UNESCO - Atelier do Caractere\",\"isPartOf\":{\"@id\":\"https:\/\/www.atelierdocaractere.pt\/brevemente\/#website\"},\"datePublished\":\"2023-10-31T19:24:44+00:00\",\"dateModified\":\"2023-10-31T19:24:48+00:00\",\"author\":{\"@id\":\"https:\/\/www.atelierdocaractere.pt\/brevemente\/#\/schema\/person\/f2f096eb0f27d9894725af22cb97c0db\"},\"breadcrumb\":{\"@id\":\"https:\/\/www.atelierdocaractere.pt\/brevemente\/turismo-centro-de-portugal-felicita-escolha-de-castelo-branco-como-cidade-criativa-da-unesco\/#breadcrumb\"},\"inLanguage\":\"pt-PT\",\"potentialAction\":[{\"@type\":\"ReadAction\",\"target\":[\"https:\/\/www.atelierdocaractere.pt\/brevemente\/turismo-centro-de-portugal-felicita-escolha-de-castelo-branco-como-cidade-criativa-da-unesco\/\"]}]},{\"@type\":\"BreadcrumbList\",\"@id\":\"https:\/\/www.atelierdocaractere.pt\/brevemente\/turismo-centro-de-portugal-felicita-escolha-de-castelo-branco-como-cidade-criativa-da-unesco\/#breadcrumb\",\"itemListElement\":[{\"@type\":\"ListItem\",\"position\":1,\"name\":\"In\u00edcio\",\"item\":\"https:\/\/www.atelierdocaractere.pt\/brevemente\/\"},{\"@type\":\"ListItem\",\"position\":2,\"name\":\"Turismo Centro de Portugal felicita escolha de Castelo Branco como Cidade Criativa da UNESCO\"}]},{\"@type\":\"WebSite\",\"@id\":\"https:\/\/www.atelierdocaractere.pt\/brevemente\/#website\",\"url\":\"https:\/\/www.atelierdocaractere.pt\/brevemente\/\",\"name\":\"Atelier do Caractere\",\"description\":\"\",\"potentialAction\":[{\"@type\":\"SearchAction\",\"target\":{\"@type\":\"EntryPoint\",\"urlTemplate\":\"https:\/\/www.atelierdocaractere.pt\/brevemente\/?s={search_term_string}\"},\"query-input\":\"required name=search_term_string\"}],\"inLanguage\":\"pt-PT\"},{\"@type\":\"Person\",\"@id\":\"https:\/\/www.atelierdocaractere.pt\/brevemente\/#\/schema\/person\/f2f096eb0f27d9894725af22cb97c0db\",\"name\":\"Joana Barbosa\",\"image\":{\"@type\":\"ImageObject\",\"inLanguage\":\"pt-PT\",\"@id\":\"https:\/\/www.atelierdocaractere.pt\/brevemente\/#\/schema\/person\/image\/\",\"url\":\"https:\/\/secure.gravatar.com\/avatar\/33e8214b45e9d68a3a83008731075979?s=96&d=mm&r=g\",\"contentUrl\":\"https:\/\/secure.gravatar.com\/avatar\/33e8214b45e9d68a3a83008731075979?s=96&d=mm&r=g\",\"caption\":\"Joana Barbosa\"},\"url\":\"https:\/\/www.atelierdocaractere.pt\/brevemente\/author\/joanabarbosa\/\"}]}<\/script>\n<!-- \/ Yoast SEO plugin. -->","yoast_head_json":{"title":"Turismo Centro de Portugal felicita escolha de Castelo Branco como Cidade Criativa da UNESCO - Atelier do Caractere","robots":{"index":"index","follow":"follow","max-snippet":"max-snippet:-1","max-image-preview":"max-image-preview:large","max-video-preview":"max-video-preview:-1"},"canonical":"https:\/\/www.atelierdocaractere.pt\/brevemente\/turismo-centro-de-portugal-felicita-escolha-de-castelo-branco-como-cidade-criativa-da-unesco\/","og_locale":"pt_PT","og_type":"article","og_title":"Turismo Centro de Portugal felicita escolha de Castelo Branco como Cidade Criativa da UNESCO - Atelier do Caractere","og_description":"Castelo Branco \u00e9 a sexta cidade da regi\u00e3o Centro de Portugal a receber a distin\u00e7\u00e3o desta organiza\u00e7\u00e3o das Na\u00e7\u00f5es Unidas....","og_url":"https:\/\/www.atelierdocaractere.pt\/brevemente\/turismo-centro-de-portugal-felicita-escolha-de-castelo-branco-como-cidade-criativa-da-unesco\/","og_site_name":"Atelier do Caractere","article_publisher":"https:\/\/www.facebook.com\/AtelierdoCaractere","article_published_time":"2023-10-31T19:24:44+00:00","article_modified_time":"2023-10-31T19:24:48+00:00","og_image":[{"width":1600,"height":1066,"url":"https:\/\/www.atelierdocaractere.pt\/wp-content\/uploads\/2023\/10\/imagem-whatsapp-2023-10-31-as-192032-e4194c85.jpg","type":"image\/jpeg"}],"author":"Joana Barbosa","twitter_card":"summary_large_image","twitter_misc":{"Escrito por":"Joana Barbosa","Tempo estimado de leitura":"6 minutos"},"schema":{"@context":"https:\/\/schema.org","@graph":[{"@type":"WebPage","@id":"https:\/\/www.atelierdocaractere.pt\/brevemente\/turismo-centro-de-portugal-felicita-escolha-de-castelo-branco-como-cidade-criativa-da-unesco\/","url":"https:\/\/www.atelierdocaractere.pt\/brevemente\/turismo-centro-de-portugal-felicita-escolha-de-castelo-branco-como-cidade-criativa-da-unesco\/","name":"Turismo Centro de Portugal felicita escolha de Castelo Branco como Cidade Criativa da UNESCO - Atelier do Caractere","isPartOf":{"@id":"https:\/\/www.atelierdocaractere.pt\/brevemente\/#website"},"datePublished":"2023-10-31T19:24:44+00:00","dateModified":"2023-10-31T19:24:48+00:00","author":{"@id":"https:\/\/www.atelierdocaractere.pt\/brevemente\/#\/schema\/person\/f2f096eb0f27d9894725af22cb97c0db"},"breadcrumb":{"@id":"https:\/\/www.atelierdocaractere.pt\/brevemente\/turismo-centro-de-portugal-felicita-escolha-de-castelo-branco-como-cidade-criativa-da-unesco\/#breadcrumb"},"inLanguage":"pt-PT","potentialAction":[{"@type":"ReadAction","target":["https:\/\/www.atelierdocaractere.pt\/brevemente\/turismo-centro-de-portugal-felicita-escolha-de-castelo-branco-como-cidade-criativa-da-unesco\/"]}]},{"@type":"BreadcrumbList","@id":"https:\/\/www.atelierdocaractere.pt\/brevemente\/turismo-centro-de-portugal-felicita-escolha-de-castelo-branco-como-cidade-criativa-da-unesco\/#breadcrumb","itemListElement":[{"@type":"ListItem","position":1,"name":"In\u00edcio","item":"https:\/\/www.atelierdocaractere.pt\/brevemente\/"},{"@type":"ListItem","position":2,"name":"Turismo Centro de Portugal felicita escolha de Castelo Branco como Cidade Criativa da UNESCO"}]},{"@type":"WebSite","@id":"https:\/\/www.atelierdocaractere.pt\/brevemente\/#website","url":"https:\/\/www.atelierdocaractere.pt\/brevemente\/","name":"Atelier do Caractere","description":"","potentialAction":[{"@type":"SearchAction","target":{"@type":"EntryPoint","urlTemplate":"https:\/\/www.atelierdocaractere.pt\/brevemente\/?s={search_term_string}"},"query-input":"required name=search_term_string"}],"inLanguage":"pt-PT"},{"@type":"Person","@id":"https:\/\/www.atelierdocaractere.pt\/brevemente\/#\/schema\/person\/f2f096eb0f27d9894725af22cb97c0db","name":"Joana Barbosa","image":{"@type":"ImageObject","inLanguage":"pt-PT","@id":"https:\/\/www.atelierdocaractere.pt\/brevemente\/#\/schema\/person\/image\/","url":"https:\/\/secure.gravatar.com\/avatar\/33e8214b45e9d68a3a83008731075979?s=96&d=mm&r=g","contentUrl":"https:\/\/secure.gravatar.com\/avatar\/33e8214b45e9d68a3a83008731075979?s=96&d=mm&r=g","caption":"Joana Barbosa"},"url":"https:\/\/www.atelierdocaractere.pt\/brevemente\/author\/joanabarbosa\/"}]}},"_links":{"self":[{"href":"https:\/\/www.atelierdocaractere.pt\/brevemente\/wp-json\/wp\/v2\/posts\/11980"}],"collection":[{"href":"https:\/\/www.atelierdocaractere.pt\/brevemente\/wp-json\/wp\/v2\/posts"}],"about":[{"href":"https:\/\/www.atelierdocaractere.pt\/brevemente\/wp-json\/wp\/v2\/types\/post"}],"author":[{"embeddable":true,"href":"https:\/\/www.atelierdocaractere.pt\/brevemente\/wp-json\/wp\/v2\/users\/7"}],"replies":[{"embeddable":true,"href":"https:\/\/www.atelierdocaractere.pt\/brevemente\/wp-json\/wp\/v2\/comments?post=11980"}],"version-history":[{"count":1,"href":"https:\/\/www.atelierdocaractere.pt\/brevemente\/wp-json\/wp\/v2\/posts\/11980\/revisions"}],"predecessor-version":[{"id":11993,"href":"https:\/\/www.atelierdocaractere.pt\/brevemente\/wp-json\/wp\/v2\/posts\/11980\/revisions\/11993"}],"wp:featuredmedia":[{"embeddable":true,"href":"https:\/\/www.atelierdocaractere.pt\/brevemente\/wp-json\/wp\/v2\/media\/11985"}],"wp:attachment":[{"href":"https:\/\/www.atelierdocaractere.pt\/brevemente\/wp-json\/wp\/v2\/media?parent=11980"}],"wp:term":[{"taxonomy":"category","embeddable":true,"href":"https:\/\/www.atelierdocaractere.pt\/brevemente\/wp-json\/wp\/v2\/categories?post=11980"},{"taxonomy":"post_tag","embeddable":true,"href":"https:\/\/www.atelierdocaractere.pt\/brevemente\/wp-json\/wp\/v2\/tags?post=11980"}],"curies":[{"name":"wp","href":"https:\/\/api.w.org\/{rel}","templated":true}]}}