{"id":11994,"date":"2023-10-31T19:47:35","date_gmt":"2023-10-31T19:47:35","guid":{"rendered":"https:\/\/www.atelierdocaractere.pt\/brevemente\/?p=11994"},"modified":"2023-10-31T19:47:40","modified_gmt":"2023-10-31T19:47:40","slug":"verao-de-2023-foi-o-melhor-de-sempre-para-o-turismo-no-centro-de-portugal","status":"publish","type":"post","link":"https:\/\/www.atelierdocaractere.pt\/brevemente\/verao-de-2023-foi-o-melhor-de-sempre-para-o-turismo-no-centro-de-portugal\/","title":{"rendered":"Ver\u00e3o de 2023 foi o melhor de sempre para o turismo no Centro de Portugal"},"content":{"rendered":"\n<p><strong>Dormidas de visitantes estrangeiros subiram 13,4 por cento entre julho e setembro e 23 por cento desde janeiro<\/strong><\/p>\n\n\n\n<p>O ver\u00e3o de 2023 foi o melhor de sempre para a atividade tur\u00edstica na regi\u00e3o&nbsp;<strong>Centro de Portugal<\/strong>. De acordo com uma an\u00e1lise do&nbsp;<strong>Observat\u00f3rio do Turismo Sustent\u00e1vel do Centro de Portugal<\/strong>, com base em n\u00fameros preliminares do Instituto Nacional de Estat\u00edstica (INE), as dormidas no territ\u00f3rio totalizaram 2,93 milh\u00f5es nos meses de julho, agosto e setembro, o que representa um acr\u00e9scimo de 175 mil dormidas em rela\u00e7\u00e3o a 2022.<\/p>\n\n\n\n<p>Estes n\u00fameros representam uma subida muito expressiva, de 6,3 por cento, entre os dois per\u00edodos em an\u00e1lise e que \u00e9 significativamente superior \u00e0 m\u00e9dia nacional: a procura tur\u00edstica no pa\u00eds cresceu 3,2 por cento neste ver\u00e3o.<\/p>\n\n\n\n<p>Em valores absolutos, registaram-se 893,5 mil dormidas em julho no Centro de Portugal (mais 4,4% do que no mesmo m\u00eas de 2022), 1,2 milh\u00f5es em agosto (mais 3,9%) e 846 mil em setembro (mais 12,3%).<\/p>\n\n\n\n<p>Esta subida foi, em grande parte, impulsionada pelos visitantes de fora do pa\u00eds. De julho a setembro, a procura da regi\u00e3o por parte de estrangeiros aumentou 13,4%, de 1,13 milh\u00f5es para 1,29 milh\u00f5es de dormidas. Comparativamente, a procura por parte de residentes em Portugal progrediu 1,4%, de 1,62 milh\u00f5es para 1,64 milh\u00f5es.<\/p>\n\n\n\n<p>Se levarmos em considera\u00e7\u00e3o todo o ano de 2023, verificamos que, at\u00e9 setembro, a procura tur\u00edstica pelo Centro de Portugal subiu 11,8% em rela\u00e7\u00e3o a 2022. Mais uma vez, o crescimento \u00e9 mais not\u00f3rio entre os visitantes estrangeiros (23,0%).<\/p>\n\n\n\n<p><em>\u201cOs n\u00fameros hoje revelados pelo Observat\u00f3rio do Turismo Sustent\u00e1vel do Centro de Portugal demonstram que o Centro de Portugal refor\u00e7ou a sua notoriedade a n\u00edvel internacional em 2023. Este ano, mais 23 por cento de visitantes estrangeiros escolheu visitar o Centro de Portugal, o que representa uma extraordin\u00e1ria subida, muito promissora para todos aqueles que investem na atividade tur\u00edstica na regi\u00e3o\u201d<\/em>, destaca&nbsp;<strong>Raul Almeida, presidente da Turismo Centro de Portugal<\/strong>.<\/p>\n\n\n\n<p><em>\u201cSe aos estrangeiros somarmos os visitantes nacionais, que continuam a privilegiar este territ\u00f3rio, reunimos todos os ingredientes para um futuro risonho, a n\u00edvel tur\u00edstico, para a regi\u00e3o. Est\u00e3o de parab\u00e9ns os empres\u00e1rios, as autarquias e todas as associa\u00e7\u00f5es do setor do turismo, pelo trabalho incans\u00e1vel na melhoria da qualidade de oferta. \u00c9 um esfor\u00e7o de todos, que est\u00e1 a dar frutos\u201d<\/em>, acrescenta Raul Almeida.<\/p>\n\n\n\n<p><strong>Sobre o Turismo Centro de Portugal:<\/strong><\/p>\n\n\n\n<p>O Turismo Centro de Portugal \u00e9 a entidade que estrutura e promove o turismo na Regi\u00e3o Centro do pa\u00eds. Esta \u00e9 a maior e mais diversificada \u00e1rea tur\u00edstica nacional, abrangendo 100 munic\u00edpios, e tem registado um intenso crescimento da procura interna e externa. \u00c9 a regi\u00e3o a escolher para quem pretende experi\u00eancias diversificadas, pois concilia locais Patrim\u00f3nio da Humanidade com a melhor costa de surf da Europa, termas e spas id\u00edlicos, locais de culto de import\u00e2ncia mundial e as mais belas aldeias.<\/p>\n","protected":false},"excerpt":{"rendered":"<p>Dormidas de visitantes estrangeiros subiram 13,4 por cento entre julho e setembro e 23 por cento desde janeiro O ver\u00e3o&#8230;<\/p>\n","protected":false},"author":7,"featured_media":11997,"comment_status":"closed","ping_status":"open","sticky":false,"template":"","format":"standard","meta":[],"categories":[39],"tags":[349,346,728],"yoast_head":"<!-- This site is optimized with the Yoast SEO plugin v20.12 - https:\/\/yoast.com\/wordpress\/plugins\/seo\/ -->\n<title>Ver\u00e3o de 2023 foi o melhor de sempre para o turismo no Centro de Portugal - Atelier do Caractere<\/title>\n<meta name=\"robots\" content=\"index, follow, max-snippet:-1, max-image-preview:large, max-video-preview:-1\" \/>\n<link rel=\"canonical\" href=\"https:\/\/www.atelierdocaractere.pt\/brevemente\/verao-de-2023-foi-o-melhor-de-sempre-para-o-turismo-no-centro-de-portugal\/\" \/>\n<meta property=\"og:locale\" content=\"pt_PT\" \/>\n<meta property=\"og:type\" content=\"article\" \/>\n<meta property=\"og:title\" content=\"Ver\u00e3o de 2023 foi o melhor de sempre para o turismo no Centro de Portugal - Atelier do Caractere\" \/>\n<meta property=\"og:description\" content=\"Dormidas de visitantes estrangeiros subiram 13,4 por cento entre julho e setembro e 23 por cento desde janeiro O ver\u00e3o...\" \/>\n<meta property=\"og:url\" content=\"https:\/\/www.atelierdocaractere.pt\/brevemente\/verao-de-2023-foi-o-melhor-de-sempre-para-o-turismo-no-centro-de-portugal\/\" \/>\n<meta property=\"og:site_name\" content=\"Atelier do Caractere\" \/>\n<meta property=\"article:publisher\" content=\"https:\/\/www.facebook.com\/AtelierdoCaractere\" \/>\n<meta property=\"article:published_time\" content=\"2023-10-31T19:47:35+00:00\" \/>\n<meta property=\"article:modified_time\" content=\"2023-10-31T19:47:40+00:00\" \/>\n<meta property=\"og:image\" content=\"https:\/\/www.atelierdocaractere.pt\/wp-content\/uploads\/2023\/10\/eb3ae0c3-7ac8-9f1b-d2c6-7fd38322d5fa.jpg\" \/>\n\t<meta property=\"og:image:width\" content=\"1200\" \/>\n\t<meta property=\"og:image:height\" content=\"750\" \/>\n\t<meta property=\"og:image:type\" content=\"image\/jpeg\" \/>\n<meta name=\"author\" content=\"Joana Barbosa\" \/>\n<meta name=\"twitter:card\" content=\"summary_large_image\" \/>\n<meta name=\"twitter:label1\" content=\"Escrito por\" \/>\n\t<meta name=\"twitter:data1\" content=\"Joana Barbosa\" \/>\n\t<meta name=\"twitter:label2\" content=\"Tempo estimado de leitura\" \/>\n\t<meta name=\"twitter:data2\" content=\"3 minutos\" \/>\n<script type=\"application\/ld+json\" class=\"yoast-schema-graph\">{\"@context\":\"https:\/\/schema.org\",\"@graph\":[{\"@type\":\"WebPage\",\"@id\":\"https:\/\/www.atelierdocaractere.pt\/brevemente\/verao-de-2023-foi-o-melhor-de-sempre-para-o-turismo-no-centro-de-portugal\/\",\"url\":\"https:\/\/www.atelierdocaractere.pt\/brevemente\/verao-de-2023-foi-o-melhor-de-sempre-para-o-turismo-no-centro-de-portugal\/\",\"name\":\"Ver\u00e3o de 2023 foi o melhor de sempre para o turismo no Centro de Portugal - Atelier do Caractere\",\"isPartOf\":{\"@id\":\"https:\/\/www.atelierdocaractere.pt\/brevemente\/#website\"},\"datePublished\":\"2023-10-31T19:47:35+00:00\",\"dateModified\":\"2023-10-31T19:47:40+00:00\",\"author\":{\"@id\":\"https:\/\/www.atelierdocaractere.pt\/brevemente\/#\/schema\/person\/f2f096eb0f27d9894725af22cb97c0db\"},\"breadcrumb\":{\"@id\":\"https:\/\/www.atelierdocaractere.pt\/brevemente\/verao-de-2023-foi-o-melhor-de-sempre-para-o-turismo-no-centro-de-portugal\/#breadcrumb\"},\"inLanguage\":\"pt-PT\",\"potentialAction\":[{\"@type\":\"ReadAction\",\"target\":[\"https:\/\/www.atelierdocaractere.pt\/brevemente\/verao-de-2023-foi-o-melhor-de-sempre-para-o-turismo-no-centro-de-portugal\/\"]}]},{\"@type\":\"BreadcrumbList\",\"@id\":\"https:\/\/www.atelierdocaractere.pt\/brevemente\/verao-de-2023-foi-o-melhor-de-sempre-para-o-turismo-no-centro-de-portugal\/#breadcrumb\",\"itemListElement\":[{\"@type\":\"ListItem\",\"position\":1,\"name\":\"In\u00edcio\",\"item\":\"https:\/\/www.atelierdocaractere.pt\/brevemente\/\"},{\"@type\":\"ListItem\",\"position\":2,\"name\":\"Ver\u00e3o de 2023 foi o melhor de sempre para o turismo no Centro de Portugal\"}]},{\"@type\":\"WebSite\",\"@id\":\"https:\/\/www.atelierdocaractere.pt\/brevemente\/#website\",\"url\":\"https:\/\/www.atelierdocaractere.pt\/brevemente\/\",\"name\":\"Atelier do Caractere\",\"description\":\"\",\"potentialAction\":[{\"@type\":\"SearchAction\",\"target\":{\"@type\":\"EntryPoint\",\"urlTemplate\":\"https:\/\/www.atelierdocaractere.pt\/brevemente\/?s={search_term_string}\"},\"query-input\":\"required name=search_term_string\"}],\"inLanguage\":\"pt-PT\"},{\"@type\":\"Person\",\"@id\":\"https:\/\/www.atelierdocaractere.pt\/brevemente\/#\/schema\/person\/f2f096eb0f27d9894725af22cb97c0db\",\"name\":\"Joana Barbosa\",\"image\":{\"@type\":\"ImageObject\",\"inLanguage\":\"pt-PT\",\"@id\":\"https:\/\/www.atelierdocaractere.pt\/brevemente\/#\/schema\/person\/image\/\",\"url\":\"https:\/\/secure.gravatar.com\/avatar\/33e8214b45e9d68a3a83008731075979?s=96&d=mm&r=g\",\"contentUrl\":\"https:\/\/secure.gravatar.com\/avatar\/33e8214b45e9d68a3a83008731075979?s=96&d=mm&r=g\",\"caption\":\"Joana Barbosa\"},\"url\":\"https:\/\/www.atelierdocaractere.pt\/brevemente\/author\/joanabarbosa\/\"}]}<\/script>\n<!-- \/ Yoast SEO plugin. -->","yoast_head_json":{"title":"Ver\u00e3o de 2023 foi o melhor de sempre para o turismo no Centro de Portugal - Atelier do Caractere","robots":{"index":"index","follow":"follow","max-snippet":"max-snippet:-1","max-image-preview":"max-image-preview:large","max-video-preview":"max-video-preview:-1"},"canonical":"https:\/\/www.atelierdocaractere.pt\/brevemente\/verao-de-2023-foi-o-melhor-de-sempre-para-o-turismo-no-centro-de-portugal\/","og_locale":"pt_PT","og_type":"article","og_title":"Ver\u00e3o de 2023 foi o melhor de sempre para o turismo no Centro de Portugal - Atelier do Caractere","og_description":"Dormidas de visitantes estrangeiros subiram 13,4 por cento entre julho e setembro e 23 por cento desde janeiro O ver\u00e3o...","og_url":"https:\/\/www.atelierdocaractere.pt\/brevemente\/verao-de-2023-foi-o-melhor-de-sempre-para-o-turismo-no-centro-de-portugal\/","og_site_name":"Atelier do Caractere","article_publisher":"https:\/\/www.facebook.com\/AtelierdoCaractere","article_published_time":"2023-10-31T19:47:35+00:00","article_modified_time":"2023-10-31T19:47:40+00:00","og_image":[{"width":1200,"height":750,"url":"https:\/\/www.atelierdocaractere.pt\/wp-content\/uploads\/2023\/10\/eb3ae0c3-7ac8-9f1b-d2c6-7fd38322d5fa.jpg","type":"image\/jpeg"}],"author":"Joana Barbosa","twitter_card":"summary_large_image","twitter_misc":{"Escrito por":"Joana Barbosa","Tempo estimado de leitura":"3 minutos"},"schema":{"@context":"https:\/\/schema.org","@graph":[{"@type":"WebPage","@id":"https:\/\/www.atelierdocaractere.pt\/brevemente\/verao-de-2023-foi-o-melhor-de-sempre-para-o-turismo-no-centro-de-portugal\/","url":"https:\/\/www.atelierdocaractere.pt\/brevemente\/verao-de-2023-foi-o-melhor-de-sempre-para-o-turismo-no-centro-de-portugal\/","name":"Ver\u00e3o de 2023 foi o melhor de sempre para o turismo no Centro de Portugal - Atelier do Caractere","isPartOf":{"@id":"https:\/\/www.atelierdocaractere.pt\/brevemente\/#website"},"datePublished":"2023-10-31T19:47:35+00:00","dateModified":"2023-10-31T19:47:40+00:00","author":{"@id":"https:\/\/www.atelierdocaractere.pt\/brevemente\/#\/schema\/person\/f2f096eb0f27d9894725af22cb97c0db"},"breadcrumb":{"@id":"https:\/\/www.atelierdocaractere.pt\/brevemente\/verao-de-2023-foi-o-melhor-de-sempre-para-o-turismo-no-centro-de-portugal\/#breadcrumb"},"inLanguage":"pt-PT","potentialAction":[{"@type":"ReadAction","target":["https:\/\/www.atelierdocaractere.pt\/brevemente\/verao-de-2023-foi-o-melhor-de-sempre-para-o-turismo-no-centro-de-portugal\/"]}]},{"@type":"BreadcrumbList","@id":"https:\/\/www.atelierdocaractere.pt\/brevemente\/verao-de-2023-foi-o-melhor-de-sempre-para-o-turismo-no-centro-de-portugal\/#breadcrumb","itemListElement":[{"@type":"ListItem","position":1,"name":"In\u00edcio","item":"https:\/\/www.atelierdocaractere.pt\/brevemente\/"},{"@type":"ListItem","position":2,"name":"Ver\u00e3o de 2023 foi o melhor de sempre para o turismo no Centro de Portugal"}]},{"@type":"WebSite","@id":"https:\/\/www.atelierdocaractere.pt\/brevemente\/#website","url":"https:\/\/www.atelierdocaractere.pt\/brevemente\/","name":"Atelier do Caractere","description":"","potentialAction":[{"@type":"SearchAction","target":{"@type":"EntryPoint","urlTemplate":"https:\/\/www.atelierdocaractere.pt\/brevemente\/?s={search_term_string}"},"query-input":"required name=search_term_string"}],"inLanguage":"pt-PT"},{"@type":"Person","@id":"https:\/\/www.atelierdocaractere.pt\/brevemente\/#\/schema\/person\/f2f096eb0f27d9894725af22cb97c0db","name":"Joana Barbosa","image":{"@type":"ImageObject","inLanguage":"pt-PT","@id":"https:\/\/www.atelierdocaractere.pt\/brevemente\/#\/schema\/person\/image\/","url":"https:\/\/secure.gravatar.com\/avatar\/33e8214b45e9d68a3a83008731075979?s=96&d=mm&r=g","contentUrl":"https:\/\/secure.gravatar.com\/avatar\/33e8214b45e9d68a3a83008731075979?s=96&d=mm&r=g","caption":"Joana Barbosa"},"url":"https:\/\/www.atelierdocaractere.pt\/brevemente\/author\/joanabarbosa\/"}]}},"_links":{"self":[{"href":"https:\/\/www.atelierdocaractere.pt\/brevemente\/wp-json\/wp\/v2\/posts\/11994"}],"collection":[{"href":"https:\/\/www.atelierdocaractere.pt\/brevemente\/wp-json\/wp\/v2\/posts"}],"about":[{"href":"https:\/\/www.atelierdocaractere.pt\/brevemente\/wp-json\/wp\/v2\/types\/post"}],"author":[{"embeddable":true,"href":"https:\/\/www.atelierdocaractere.pt\/brevemente\/wp-json\/wp\/v2\/users\/7"}],"replies":[{"embeddable":true,"href":"https:\/\/www.atelierdocaractere.pt\/brevemente\/wp-json\/wp\/v2\/comments?post=11994"}],"version-history":[{"count":1,"href":"https:\/\/www.atelierdocaractere.pt\/brevemente\/wp-json\/wp\/v2\/posts\/11994\/revisions"}],"predecessor-version":[{"id":11998,"href":"https:\/\/www.atelierdocaractere.pt\/brevemente\/wp-json\/wp\/v2\/posts\/11994\/revisions\/11998"}],"wp:featuredmedia":[{"embeddable":true,"href":"https:\/\/www.atelierdocaractere.pt\/brevemente\/wp-json\/wp\/v2\/media\/11997"}],"wp:attachment":[{"href":"https:\/\/www.atelierdocaractere.pt\/brevemente\/wp-json\/wp\/v2\/media?parent=11994"}],"wp:term":[{"taxonomy":"category","embeddable":true,"href":"https:\/\/www.atelierdocaractere.pt\/brevemente\/wp-json\/wp\/v2\/categories?post=11994"},{"taxonomy":"post_tag","embeddable":true,"href":"https:\/\/www.atelierdocaractere.pt\/brevemente\/wp-json\/wp\/v2\/tags?post=11994"}],"curies":[{"name":"wp","href":"https:\/\/api.w.org\/{rel}","templated":true}]}}