{"id":12000,"date":"2023-11-05T15:25:50","date_gmt":"2023-11-05T15:25:50","guid":{"rendered":"https:\/\/www.atelierdocaractere.pt\/brevemente\/?p=12000"},"modified":"2023-11-06T15:38:23","modified_gmt":"2023-11-06T15:38:23","slug":"team-consilcar-sobe-ao-podio-no-camelias-classic-rally","status":"publish","type":"post","link":"https:\/\/www.atelierdocaractere.pt\/brevemente\/team-consilcar-sobe-ao-podio-no-camelias-classic-rally\/","title":{"rendered":"Team Consilcar sobe ao p\u00f3dio no Cam\u00e9lias Classic Rally"},"content":{"rendered":"\n<p><strong>O Team Consilcar conquistou um p\u00f3dio na estreia do jovem Duarte Silva em provas de Regularidade, no Cam\u00e9lias Classic Rally. O Polestar 2, navegado pelo experiente Ant\u00f3nio Serr\u00e3o, terminou a prova no 3.\u00ba lugar da categoria Extra, para autom\u00f3veis el\u00e9tricos.<\/strong><\/p>\n\n\n<div class=\"wp-block-image\">\n<figure class=\"aligncenter size-large\"><img decoding=\"async\" width=\"1024\" height=\"899\" src=\"https:\/\/www.atelierdocaractere.pt\/wp-content\/uploads\/2023\/11\/team-consilcar-1-2-1024x899.jpg\" alt=\"\" class=\"wp-image-12002\" srcset=\"https:\/\/www.atelierdocaractere.pt\/wp-content\/uploads\/2023\/11\/team-consilcar-1-2-1024x899.jpg 1024w, https:\/\/www.atelierdocaractere.pt\/wp-content\/uploads\/2023\/11\/team-consilcar-1-2-300x263.jpg 300w, https:\/\/www.atelierdocaractere.pt\/wp-content\/uploads\/2023\/11\/team-consilcar-1-2-768x674.jpg 768w, https:\/\/www.atelierdocaractere.pt\/wp-content\/uploads\/2023\/11\/team-consilcar-1-2.jpg 1536w\" sizes=\"(max-width: 1024px) 100vw, 1024px\" \/><\/figure><\/div>\n\n\n<p>O Cam\u00e9lias Classic Rally foi uma nova realidade para Duarte Silva, que compete habitualmente na categoria T3 do Campeonato de Portugal de Todo-o-Terreno, com um Can-Am. Desta feita, o jovem piloto de 21 anos descobriu as provas de Regularidade Hist\u00f3rica, com Ant\u00f3nio Serr\u00e3o a seu lado. A dupla do Team Consilcar esteve em bom plano numa prova que passou por alguns conhecidos tro\u00e7os de ralis, mas agora em modo de Regularidade, que favorece a consist\u00eancia e precis\u00e3o.<\/p>\n\n\n\n<p>Duarte Silva e Ant\u00f3nio Serr\u00e3o levaram o Polestar 2 do Team Consilcar ao 3\u00ba lugar da categoria Extra do Cam\u00e9lias Classic Rally, destinada a autom\u00f3veis el\u00e9tricos. O carro sueco com as cores da Consilcar, que este ano j\u00e1 tinha vencido o Eco Rally da Madeira, s\u00f3 ficou atr\u00e1s de duas equipas com larga experi\u00eancia neste tipo de provas.<\/p>\n\n\n<div class=\"wp-block-image\">\n<figure class=\"aligncenter size-large\"><img decoding=\"async\" width=\"681\" height=\"1024\" src=\"https:\/\/www.atelierdocaractere.pt\/wp-content\/uploads\/2023\/11\/team-consilcar-2-2-681x1024.jpg\" alt=\"\" class=\"wp-image-12001\" srcset=\"https:\/\/www.atelierdocaractere.pt\/wp-content\/uploads\/2023\/11\/team-consilcar-2-2-681x1024.jpg 681w, https:\/\/www.atelierdocaractere.pt\/wp-content\/uploads\/2023\/11\/team-consilcar-2-2-199x300.jpg 199w, https:\/\/www.atelierdocaractere.pt\/wp-content\/uploads\/2023\/11\/team-consilcar-2-2-768x1155.jpg 768w, https:\/\/www.atelierdocaractere.pt\/wp-content\/uploads\/2023\/11\/team-consilcar-2-2.jpg 900w\" sizes=\"(max-width: 681px) 100vw, 681px\" \/><\/figure><\/div>\n\n\n<p><strong>&#8220;Foi uma experi\u00eancia gira, bastante diferente daquilo a que estou habituado. A experi\u00eancia e o conhecimento do Ant\u00f3nio (Serr\u00e3o) foram fundamentais, at\u00e9 porque ele conhece bem estes tro\u00e7os, muitos deles usados nos ralis. Aprendi imenso e foi uma estreia muito positiva para mim&#8221;<\/strong>, afirmou o jovem piloto de Lisboa.<\/p>\n\n\n\n<p>Patrocinado pela Consilcar, o Cam\u00e9lias Classic Rally foi a \u00faltima prova do Campeonato de Portugal de Regularidade Hist\u00f3rica.<\/p>\n\n\n\n<p>Agora, o Team Consilcar vai preparar a participa\u00e7\u00e3o na grande festa do todo-o-terreno em Portugal, as 24 Horas TT Vila de Fronteira, a disputar entre 30 de novembro e 3 de dezembro, no Alto Alentejo.<\/p>\n\n\n\n<p>Acompanhe todas as novidades nas&nbsp;<strong>p\u00e1ginas oficiais do Team Consilcar no&nbsp;<a href=\"https:\/\/www.facebook.com\/teamconsilcarcom\">Facebook<\/a>&nbsp;e&nbsp;<a href=\"https:\/\/www.instagram.com\/team.consilcar\/\">Instagram<\/a><\/strong>.<\/p>\n\n\n\n<p>Patrocinadores:&nbsp;<strong><a href=\"https:\/\/www.consilcar.pt\/\">CONSILCAR<\/a>&nbsp;|&nbsp;<a href=\"https:\/\/sng.pt\/\">SNG &#8211; GARANTIA AUTOM\u00d3VEL<\/a>&nbsp;|&nbsp;<a href=\"https:\/\/www.credibom.pt\/\">BANCO CREDIBOM<\/a><\/strong><\/p>\n","protected":false},"excerpt":{"rendered":"<p>O Team Consilcar conquistou um p\u00f3dio na estreia do jovem Duarte Silva em provas de Regularidade, no Cam\u00e9lias Classic Rally&#8230;.<\/p>\n","protected":false},"author":7,"featured_media":12003,"comment_status":"closed","ping_status":"open","sticky":false,"template":"","format":"standard","meta":[],"categories":[24],"tags":[729,287],"yoast_head":"<!-- This site is optimized with the Yoast SEO plugin v20.12 - https:\/\/yoast.com\/wordpress\/plugins\/seo\/ -->\n<title>Team Consilcar sobe ao p\u00f3dio no Cam\u00e9lias Classic Rally - Atelier do Caractere<\/title>\n<meta name=\"robots\" content=\"index, follow, max-snippet:-1, max-image-preview:large, max-video-preview:-1\" \/>\n<link rel=\"canonical\" href=\"https:\/\/www.atelierdocaractere.pt\/brevemente\/team-consilcar-sobe-ao-podio-no-camelias-classic-rally\/\" \/>\n<meta property=\"og:locale\" content=\"pt_PT\" \/>\n<meta property=\"og:type\" content=\"article\" \/>\n<meta property=\"og:title\" content=\"Team Consilcar sobe ao p\u00f3dio no Cam\u00e9lias Classic Rally - Atelier do Caractere\" \/>\n<meta property=\"og:description\" content=\"O Team Consilcar conquistou um p\u00f3dio na estreia do jovem Duarte Silva em provas de Regularidade, no Cam\u00e9lias Classic Rally....\" \/>\n<meta property=\"og:url\" content=\"https:\/\/www.atelierdocaractere.pt\/brevemente\/team-consilcar-sobe-ao-podio-no-camelias-classic-rally\/\" \/>\n<meta property=\"og:site_name\" content=\"Atelier do Caractere\" \/>\n<meta property=\"article:publisher\" content=\"https:\/\/www.facebook.com\/AtelierdoCaractere\" \/>\n<meta property=\"article:published_time\" content=\"2023-11-05T15:25:50+00:00\" \/>\n<meta property=\"article:modified_time\" content=\"2023-11-06T15:38:23+00:00\" \/>\n<meta property=\"og:image\" content=\"https:\/\/www.atelierdocaractere.pt\/wp-content\/uploads\/2023\/11\/team-consilcar-2.jpg\" \/>\n\t<meta property=\"og:image:width\" content=\"1853\" \/>\n\t<meta property=\"og:image:height\" content=\"1012\" \/>\n\t<meta property=\"og:image:type\" content=\"image\/jpeg\" \/>\n<meta name=\"author\" content=\"Joana Barbosa\" \/>\n<meta name=\"twitter:card\" content=\"summary_large_image\" \/>\n<meta name=\"twitter:label1\" content=\"Escrito por\" \/>\n\t<meta name=\"twitter:data1\" content=\"Joana Barbosa\" \/>\n\t<meta name=\"twitter:label2\" content=\"Tempo estimado de leitura\" \/>\n\t<meta name=\"twitter:data2\" content=\"3 minutos\" \/>\n<script type=\"application\/ld+json\" class=\"yoast-schema-graph\">{\"@context\":\"https:\/\/schema.org\",\"@graph\":[{\"@type\":\"WebPage\",\"@id\":\"https:\/\/www.atelierdocaractere.pt\/brevemente\/team-consilcar-sobe-ao-podio-no-camelias-classic-rally\/\",\"url\":\"https:\/\/www.atelierdocaractere.pt\/brevemente\/team-consilcar-sobe-ao-podio-no-camelias-classic-rally\/\",\"name\":\"Team Consilcar sobe ao p\u00f3dio no Cam\u00e9lias Classic Rally - Atelier do Caractere\",\"isPartOf\":{\"@id\":\"https:\/\/www.atelierdocaractere.pt\/brevemente\/#website\"},\"datePublished\":\"2023-11-05T15:25:50+00:00\",\"dateModified\":\"2023-11-06T15:38:23+00:00\",\"author\":{\"@id\":\"https:\/\/www.atelierdocaractere.pt\/brevemente\/#\/schema\/person\/f2f096eb0f27d9894725af22cb97c0db\"},\"breadcrumb\":{\"@id\":\"https:\/\/www.atelierdocaractere.pt\/brevemente\/team-consilcar-sobe-ao-podio-no-camelias-classic-rally\/#breadcrumb\"},\"inLanguage\":\"pt-PT\",\"potentialAction\":[{\"@type\":\"ReadAction\",\"target\":[\"https:\/\/www.atelierdocaractere.pt\/brevemente\/team-consilcar-sobe-ao-podio-no-camelias-classic-rally\/\"]}]},{\"@type\":\"BreadcrumbList\",\"@id\":\"https:\/\/www.atelierdocaractere.pt\/brevemente\/team-consilcar-sobe-ao-podio-no-camelias-classic-rally\/#breadcrumb\",\"itemListElement\":[{\"@type\":\"ListItem\",\"position\":1,\"name\":\"In\u00edcio\",\"item\":\"https:\/\/www.atelierdocaractere.pt\/brevemente\/\"},{\"@type\":\"ListItem\",\"position\":2,\"name\":\"Team Consilcar sobe ao p\u00f3dio no Cam\u00e9lias Classic Rally\"}]},{\"@type\":\"WebSite\",\"@id\":\"https:\/\/www.atelierdocaractere.pt\/brevemente\/#website\",\"url\":\"https:\/\/www.atelierdocaractere.pt\/brevemente\/\",\"name\":\"Atelier do Caractere\",\"description\":\"\",\"potentialAction\":[{\"@type\":\"SearchAction\",\"target\":{\"@type\":\"EntryPoint\",\"urlTemplate\":\"https:\/\/www.atelierdocaractere.pt\/brevemente\/?s={search_term_string}\"},\"query-input\":\"required name=search_term_string\"}],\"inLanguage\":\"pt-PT\"},{\"@type\":\"Person\",\"@id\":\"https:\/\/www.atelierdocaractere.pt\/brevemente\/#\/schema\/person\/f2f096eb0f27d9894725af22cb97c0db\",\"name\":\"Joana Barbosa\",\"image\":{\"@type\":\"ImageObject\",\"inLanguage\":\"pt-PT\",\"@id\":\"https:\/\/www.atelierdocaractere.pt\/brevemente\/#\/schema\/person\/image\/\",\"url\":\"https:\/\/secure.gravatar.com\/avatar\/33e8214b45e9d68a3a83008731075979?s=96&d=mm&r=g\",\"contentUrl\":\"https:\/\/secure.gravatar.com\/avatar\/33e8214b45e9d68a3a83008731075979?s=96&d=mm&r=g\",\"caption\":\"Joana Barbosa\"},\"url\":\"https:\/\/www.atelierdocaractere.pt\/brevemente\/author\/joanabarbosa\/\"}]}<\/script>\n<!-- \/ Yoast SEO plugin. -->","yoast_head_json":{"title":"Team Consilcar sobe ao p\u00f3dio no Cam\u00e9lias Classic Rally - Atelier do Caractere","robots":{"index":"index","follow":"follow","max-snippet":"max-snippet:-1","max-image-preview":"max-image-preview:large","max-video-preview":"max-video-preview:-1"},"canonical":"https:\/\/www.atelierdocaractere.pt\/brevemente\/team-consilcar-sobe-ao-podio-no-camelias-classic-rally\/","og_locale":"pt_PT","og_type":"article","og_title":"Team Consilcar sobe ao p\u00f3dio no Cam\u00e9lias Classic Rally - Atelier do Caractere","og_description":"O Team Consilcar conquistou um p\u00f3dio na estreia do jovem Duarte Silva em provas de Regularidade, no Cam\u00e9lias Classic Rally....","og_url":"https:\/\/www.atelierdocaractere.pt\/brevemente\/team-consilcar-sobe-ao-podio-no-camelias-classic-rally\/","og_site_name":"Atelier do Caractere","article_publisher":"https:\/\/www.facebook.com\/AtelierdoCaractere","article_published_time":"2023-11-05T15:25:50+00:00","article_modified_time":"2023-11-06T15:38:23+00:00","og_image":[{"width":1853,"height":1012,"url":"https:\/\/www.atelierdocaractere.pt\/wp-content\/uploads\/2023\/11\/team-consilcar-2.jpg","type":"image\/jpeg"}],"author":"Joana Barbosa","twitter_card":"summary_large_image","twitter_misc":{"Escrito por":"Joana Barbosa","Tempo estimado de leitura":"3 minutos"},"schema":{"@context":"https:\/\/schema.org","@graph":[{"@type":"WebPage","@id":"https:\/\/www.atelierdocaractere.pt\/brevemente\/team-consilcar-sobe-ao-podio-no-camelias-classic-rally\/","url":"https:\/\/www.atelierdocaractere.pt\/brevemente\/team-consilcar-sobe-ao-podio-no-camelias-classic-rally\/","name":"Team Consilcar sobe ao p\u00f3dio no Cam\u00e9lias Classic Rally - Atelier do Caractere","isPartOf":{"@id":"https:\/\/www.atelierdocaractere.pt\/brevemente\/#website"},"datePublished":"2023-11-05T15:25:50+00:00","dateModified":"2023-11-06T15:38:23+00:00","author":{"@id":"https:\/\/www.atelierdocaractere.pt\/brevemente\/#\/schema\/person\/f2f096eb0f27d9894725af22cb97c0db"},"breadcrumb":{"@id":"https:\/\/www.atelierdocaractere.pt\/brevemente\/team-consilcar-sobe-ao-podio-no-camelias-classic-rally\/#breadcrumb"},"inLanguage":"pt-PT","potentialAction":[{"@type":"ReadAction","target":["https:\/\/www.atelierdocaractere.pt\/brevemente\/team-consilcar-sobe-ao-podio-no-camelias-classic-rally\/"]}]},{"@type":"BreadcrumbList","@id":"https:\/\/www.atelierdocaractere.pt\/brevemente\/team-consilcar-sobe-ao-podio-no-camelias-classic-rally\/#breadcrumb","itemListElement":[{"@type":"ListItem","position":1,"name":"In\u00edcio","item":"https:\/\/www.atelierdocaractere.pt\/brevemente\/"},{"@type":"ListItem","position":2,"name":"Team Consilcar sobe ao p\u00f3dio no Cam\u00e9lias Classic Rally"}]},{"@type":"WebSite","@id":"https:\/\/www.atelierdocaractere.pt\/brevemente\/#website","url":"https:\/\/www.atelierdocaractere.pt\/brevemente\/","name":"Atelier do Caractere","description":"","potentialAction":[{"@type":"SearchAction","target":{"@type":"EntryPoint","urlTemplate":"https:\/\/www.atelierdocaractere.pt\/brevemente\/?s={search_term_string}"},"query-input":"required name=search_term_string"}],"inLanguage":"pt-PT"},{"@type":"Person","@id":"https:\/\/www.atelierdocaractere.pt\/brevemente\/#\/schema\/person\/f2f096eb0f27d9894725af22cb97c0db","name":"Joana Barbosa","image":{"@type":"ImageObject","inLanguage":"pt-PT","@id":"https:\/\/www.atelierdocaractere.pt\/brevemente\/#\/schema\/person\/image\/","url":"https:\/\/secure.gravatar.com\/avatar\/33e8214b45e9d68a3a83008731075979?s=96&d=mm&r=g","contentUrl":"https:\/\/secure.gravatar.com\/avatar\/33e8214b45e9d68a3a83008731075979?s=96&d=mm&r=g","caption":"Joana Barbosa"},"url":"https:\/\/www.atelierdocaractere.pt\/brevemente\/author\/joanabarbosa\/"}]}},"_links":{"self":[{"href":"https:\/\/www.atelierdocaractere.pt\/brevemente\/wp-json\/wp\/v2\/posts\/12000"}],"collection":[{"href":"https:\/\/www.atelierdocaractere.pt\/brevemente\/wp-json\/wp\/v2\/posts"}],"about":[{"href":"https:\/\/www.atelierdocaractere.pt\/brevemente\/wp-json\/wp\/v2\/types\/post"}],"author":[{"embeddable":true,"href":"https:\/\/www.atelierdocaractere.pt\/brevemente\/wp-json\/wp\/v2\/users\/7"}],"replies":[{"embeddable":true,"href":"https:\/\/www.atelierdocaractere.pt\/brevemente\/wp-json\/wp\/v2\/comments?post=12000"}],"version-history":[{"count":1,"href":"https:\/\/www.atelierdocaractere.pt\/brevemente\/wp-json\/wp\/v2\/posts\/12000\/revisions"}],"predecessor-version":[{"id":12004,"href":"https:\/\/www.atelierdocaractere.pt\/brevemente\/wp-json\/wp\/v2\/posts\/12000\/revisions\/12004"}],"wp:featuredmedia":[{"embeddable":true,"href":"https:\/\/www.atelierdocaractere.pt\/brevemente\/wp-json\/wp\/v2\/media\/12003"}],"wp:attachment":[{"href":"https:\/\/www.atelierdocaractere.pt\/brevemente\/wp-json\/wp\/v2\/media?parent=12000"}],"wp:term":[{"taxonomy":"category","embeddable":true,"href":"https:\/\/www.atelierdocaractere.pt\/brevemente\/wp-json\/wp\/v2\/categories?post=12000"},{"taxonomy":"post_tag","embeddable":true,"href":"https:\/\/www.atelierdocaractere.pt\/brevemente\/wp-json\/wp\/v2\/tags?post=12000"}],"curies":[{"name":"wp","href":"https:\/\/api.w.org\/{rel}","templated":true}]}}