{"id":12012,"date":"2023-11-06T10:49:23","date_gmt":"2023-11-06T10:49:23","guid":{"rendered":"https:\/\/www.atelierdocaractere.pt\/brevemente\/?p=12012"},"modified":"2023-11-07T10:59:12","modified_gmt":"2023-11-07T10:59:12","slug":"passagem-de-ano-na-praia-de-mira-promete-tres-dias-de-grande-festa","status":"publish","type":"post","link":"https:\/\/www.atelierdocaractere.pt\/brevemente\/passagem-de-ano-na-praia-de-mira-promete-tres-dias-de-grande-festa\/","title":{"rendered":"Passagem de Ano na Praia de Mira promete tr\u00eas dias de grande festa"},"content":{"rendered":"\n<p><strong>Nuno Ribeiro \u00e9 o cabe\u00e7a de cartaz\u00a0de um R\u00e9veillon que resulta de uma parceria entre a autarquia de Mira, a RFM e a Turismo Centro de Portugal.<\/strong><\/p>\n\n\n\n<p><strong>Nuno Ribeiro<\/strong>, estrela ascendente da nova gera\u00e7\u00e3o musical portuguesa, \u00e9 a grande atra\u00e7\u00e3o do&nbsp;<strong>Rev\u00e9illon RFM Praia de Mira 2023\/24<\/strong>, uma festa de Passagem de Ano que todos os anos leva dezenas de milhares de pessoas a esta localidade do Centro de Portugal. A entrada \u00e9 livre.<\/p>\n\n\n\n<figure class=\"wp-block-image size-large\"><img decoding=\"async\" width=\"1024\" height=\"682\" src=\"https:\/\/www.atelierdocaractere.pt\/wp-content\/uploads\/2023\/11\/imagem-whatsapp-2023-11-07-as-105328-eaafecfd-1024x682.jpg\" alt=\"\" class=\"wp-image-12015\" srcset=\"https:\/\/www.atelierdocaractere.pt\/wp-content\/uploads\/2023\/11\/imagem-whatsapp-2023-11-07-as-105328-eaafecfd-1024x682.jpg 1024w, https:\/\/www.atelierdocaractere.pt\/wp-content\/uploads\/2023\/11\/imagem-whatsapp-2023-11-07-as-105328-eaafecfd-300x200.jpg 300w, https:\/\/www.atelierdocaractere.pt\/wp-content\/uploads\/2023\/11\/imagem-whatsapp-2023-11-07-as-105328-eaafecfd-768x512.jpg 768w, https:\/\/www.atelierdocaractere.pt\/wp-content\/uploads\/2023\/11\/imagem-whatsapp-2023-11-07-as-105328-eaafecfd-1536x1023.jpg 1536w, https:\/\/www.atelierdocaractere.pt\/wp-content\/uploads\/2023\/11\/imagem-whatsapp-2023-11-07-as-105328-eaafecfd-900x600.jpg 900w, https:\/\/www.atelierdocaractere.pt\/wp-content\/uploads\/2023\/11\/imagem-whatsapp-2023-11-07-as-105328-eaafecfd-675x450.jpg 675w, https:\/\/www.atelierdocaractere.pt\/wp-content\/uploads\/2023\/11\/imagem-whatsapp-2023-11-07-as-105328-eaafecfd.jpg 1600w\" sizes=\"(max-width: 1024px) 100vw, 1024px\" \/><\/figure>\n\n\n\n<p>O programa e o cartaz do evento foram dados a conhecer esta segunda-feira, em Mira, numa confer\u00eancia de imprensa que contou com a presen\u00e7a do cantor, al\u00e9m de&nbsp;<strong>Raul Almeida<\/strong>, presidente da Turismo Centro de Portugal,&nbsp;<strong>Artur Fresco<\/strong>, presidente da C\u00e2mara Municipal de Mira,&nbsp;<strong>Lu\u00eds Salgueiro<\/strong>, da RFM, e&nbsp;<strong>Francisco Reigoto<\/strong>, presidente da Junta de Freguesia da Praia de Mira.<\/p>\n\n\n\n<p>O evento \u00e9 resultado de uma colabora\u00e7\u00e3o entre a autarquia de Mira, a RFM e a Turismo Centro de Portugal que j\u00e1 dura desde 2015\/16.<\/p>\n\n\n\n<figure class=\"wp-block-image size-large\"><img decoding=\"async\" width=\"1024\" height=\"658\" src=\"https:\/\/www.atelierdocaractere.pt\/wp-content\/uploads\/2023\/11\/imagem-whatsapp-2023-11-07-as-105327-9dc65748-1024x658.jpg\" alt=\"\" class=\"wp-image-12017\" srcset=\"https:\/\/www.atelierdocaractere.pt\/wp-content\/uploads\/2023\/11\/imagem-whatsapp-2023-11-07-as-105327-9dc65748-1024x658.jpg 1024w, https:\/\/www.atelierdocaractere.pt\/wp-content\/uploads\/2023\/11\/imagem-whatsapp-2023-11-07-as-105327-9dc65748-300x193.jpg 300w, https:\/\/www.atelierdocaractere.pt\/wp-content\/uploads\/2023\/11\/imagem-whatsapp-2023-11-07-as-105327-9dc65748-768x493.jpg 768w, https:\/\/www.atelierdocaractere.pt\/wp-content\/uploads\/2023\/11\/imagem-whatsapp-2023-11-07-as-105327-9dc65748-1536x987.jpg 1536w, https:\/\/www.atelierdocaractere.pt\/wp-content\/uploads\/2023\/11\/imagem-whatsapp-2023-11-07-as-105327-9dc65748.jpg 1600w\" sizes=\"(max-width: 1024px) 100vw, 1024px\" \/><\/figure>\n\n\n\n<p>Na ocasi\u00e3o,&nbsp;<strong>Raul Almeida<\/strong>&nbsp;destacou o impacto positivo dos grandes eventos na atividade tur\u00edstica do Centro de Portugal.&nbsp;<em>\u201cUma das linhas estrat\u00e9gicas da Turismo Centro de Portugal \u00e9 o combate \u00e0 sazonalidade, fazer com que o turismo se prolongue por todo o ano. Os n\u00fameros, felizmente, t\u00eam mostrado que isso est\u00e1 a acontecer, com um aumento de 13 por cento na atividade tur\u00edstica desde janeiro. Realizar eventos na regi\u00e3o \u00e9, precisamente, uma forma privilegiada de concretizar o combate \u00e0 sazonalidade. Eventos como este Rev\u00e9illon trazem muitas pessoas ao territ\u00f3rio, o que tem reflexo na economia local e gera riqueza\u201d<\/em>, sublinhou Raul Almeida.&nbsp;<em>\u201cPor estes motivos, a Turismo Centro de Portugal reitera o apoio ao R\u00e9veillon, como sendo um evento de refer\u00eancia regional e nacional\u201d<\/em>, disse tamb\u00e9m Raul Almeida.<\/p>\n\n\n\n<figure class=\"wp-block-image size-large\"><img decoding=\"async\" width=\"1024\" height=\"682\" src=\"https:\/\/www.atelierdocaractere.pt\/wp-content\/uploads\/2023\/11\/imagem-whatsapp-2023-11-07-as-105328-796b589f-1024x682.jpg\" alt=\"\" class=\"wp-image-12019\" srcset=\"https:\/\/www.atelierdocaractere.pt\/wp-content\/uploads\/2023\/11\/imagem-whatsapp-2023-11-07-as-105328-796b589f-1024x682.jpg 1024w, https:\/\/www.atelierdocaractere.pt\/wp-content\/uploads\/2023\/11\/imagem-whatsapp-2023-11-07-as-105328-796b589f-300x200.jpg 300w, https:\/\/www.atelierdocaractere.pt\/wp-content\/uploads\/2023\/11\/imagem-whatsapp-2023-11-07-as-105328-796b589f-768x512.jpg 768w, https:\/\/www.atelierdocaractere.pt\/wp-content\/uploads\/2023\/11\/imagem-whatsapp-2023-11-07-as-105328-796b589f-1536x1023.jpg 1536w, https:\/\/www.atelierdocaractere.pt\/wp-content\/uploads\/2023\/11\/imagem-whatsapp-2023-11-07-as-105328-796b589f-900x600.jpg 900w, https:\/\/www.atelierdocaractere.pt\/wp-content\/uploads\/2023\/11\/imagem-whatsapp-2023-11-07-as-105328-796b589f-675x450.jpg 675w, https:\/\/www.atelierdocaractere.pt\/wp-content\/uploads\/2023\/11\/imagem-whatsapp-2023-11-07-as-105328-796b589f.jpg 1600w\" sizes=\"(max-width: 1024px) 100vw, 1024px\" \/><\/figure>\n\n\n\n<p><strong>Artur Fresco<\/strong>&nbsp;frisou a dimens\u00e3o do evento, que extravasa as fronteiras da regi\u00e3o.&nbsp;<em>\u201cEste R\u00e9veillon ganhou uma dimens\u00e3o nacional, muito devido \u00e0 grande mais-valia que \u00e9 a associa\u00e7\u00e3o com a RFM\u201d<\/em>, disse o presidente da autarquia, antes de adiantar duas grandes novidades da edi\u00e7\u00e3o deste ano: a \u2018street food\u2019, que consiste na disponibiliza\u00e7\u00e3o de comida de rua durante os tr\u00eas dias, e no car\u00e1cter solid\u00e1rio do evento, uma vez que todos os bares do recinto v\u00e3o ser explorados pelos Bombeiros Volunt\u00e1rios de Mira.&nbsp;<em>\u201cTemos a certeza que vai ser uma grande noite em Mira\u201d<\/em>, acrescentou Artur Fresco.<\/p>\n\n\n\n<p>O cabe\u00e7a de cartaz,&nbsp;<strong>Nuno Ribeiro<\/strong>, lembrou que \u00e9 a primeira vez que atua numa Passagem de Ano:&nbsp;<em>\u201cO que posso prometer \u00e9 que vou preparar um concerto ainda mais especial, com mais energia e alegria, com muita entrega, que \u00e9 o que precisamos nessa noite, que \u00e9 das mais importantes do ano. Espero v\u00ea-los a todos na primeira fila\u201d<\/em>.<\/p>\n\n\n\n<figure class=\"wp-block-image size-large\"><img decoding=\"async\" width=\"1024\" height=\"682\" src=\"https:\/\/www.atelierdocaractere.pt\/wp-content\/uploads\/2023\/11\/imagem-whatsapp-2023-11-07-as-105329-b5133e6a-1024x682.jpg\" alt=\"\" class=\"wp-image-12016\" srcset=\"https:\/\/www.atelierdocaractere.pt\/wp-content\/uploads\/2023\/11\/imagem-whatsapp-2023-11-07-as-105329-b5133e6a-1024x682.jpg 1024w, https:\/\/www.atelierdocaractere.pt\/wp-content\/uploads\/2023\/11\/imagem-whatsapp-2023-11-07-as-105329-b5133e6a-300x200.jpg 300w, https:\/\/www.atelierdocaractere.pt\/wp-content\/uploads\/2023\/11\/imagem-whatsapp-2023-11-07-as-105329-b5133e6a-768x512.jpg 768w, https:\/\/www.atelierdocaractere.pt\/wp-content\/uploads\/2023\/11\/imagem-whatsapp-2023-11-07-as-105329-b5133e6a-1536x1023.jpg 1536w, https:\/\/www.atelierdocaractere.pt\/wp-content\/uploads\/2023\/11\/imagem-whatsapp-2023-11-07-as-105329-b5133e6a-900x600.jpg 900w, https:\/\/www.atelierdocaractere.pt\/wp-content\/uploads\/2023\/11\/imagem-whatsapp-2023-11-07-as-105329-b5133e6a-675x450.jpg 675w, https:\/\/www.atelierdocaractere.pt\/wp-content\/uploads\/2023\/11\/imagem-whatsapp-2023-11-07-as-105329-b5133e6a.jpg 1600w\" sizes=\"(max-width: 1024px) 100vw, 1024px\" \/><\/figure>\n\n\n\n<p><strong>Francisco Reigoto<\/strong>&nbsp;enalteceu esta parceria,&nbsp;<em>\u201cque tem corrido muito bem\u201d<\/em>.&nbsp;<em>\u201cA Junta de Freguesia da Praia de Mira tem estado presente desde o primeiro dia, prestando todo o apoio necess\u00e1rio\u201d<\/em>, destacou.<\/p>\n\n\n\n<p><strong>Lu\u00eds Salgueiro<\/strong>\u00a0salientou que\u00a0<em>\u201cesta passagem de ano \u00e9 a \u00fanica no pa\u00eds com naming RFM e de certeza que ser\u00e1 um grande sucesso, como nos anos anteriores. Como coincide com um fim de semana, permite \u00e0s pessoas deslocarem-se e visitarem o concelho, contribuindo assim para a economia local. \u00c9 um gosto enorme estarmos associados e manter esta parceria\u201d<\/em>.<\/p>\n\n\n\n<figure class=\"wp-block-image size-large\"><img decoding=\"async\" width=\"1024\" height=\"658\" src=\"https:\/\/www.atelierdocaractere.pt\/wp-content\/uploads\/2023\/11\/imagem-whatsapp-2023-11-07-as-105327-f2b8a7c9-1024x658.jpg\" alt=\"\" class=\"wp-image-12018\" srcset=\"https:\/\/www.atelierdocaractere.pt\/wp-content\/uploads\/2023\/11\/imagem-whatsapp-2023-11-07-as-105327-f2b8a7c9-1024x658.jpg 1024w, https:\/\/www.atelierdocaractere.pt\/wp-content\/uploads\/2023\/11\/imagem-whatsapp-2023-11-07-as-105327-f2b8a7c9-300x193.jpg 300w, https:\/\/www.atelierdocaractere.pt\/wp-content\/uploads\/2023\/11\/imagem-whatsapp-2023-11-07-as-105327-f2b8a7c9-768x493.jpg 768w, https:\/\/www.atelierdocaractere.pt\/wp-content\/uploads\/2023\/11\/imagem-whatsapp-2023-11-07-as-105327-f2b8a7c9-1536x987.jpg 1536w, https:\/\/www.atelierdocaractere.pt\/wp-content\/uploads\/2023\/11\/imagem-whatsapp-2023-11-07-as-105327-f2b8a7c9.jpg 1600w\" sizes=\"(max-width: 1024px) 100vw, 1024px\" \/><\/figure>\n\n\n\n<p><strong>Programa recheado de anima\u00e7\u00e3o<\/strong><\/p>\n\n\n\n<p>O&nbsp;<strong>Rev\u00e9illon RFM Praia de Mira 2023\/24<\/strong>&nbsp;arranca na sexta-feira, 29 de dezembro, com uma atua\u00e7\u00e3o da banda Tangerina N\u00e3o \u00e9 Clementina. No s\u00e1bado, dia 30, ser\u00e1 a banda Top Som a animar as festas.<\/p>\n\n\n\n<p>A noite de passagem de ano, no domingo, dia 31, come\u00e7a da melhor forma, com a atua\u00e7\u00e3o da Rafeiros Band, a partir das 22h30. Um espet\u00e1culo piromusical marcar\u00e1 a entrada no Ano Novo, \u00e0s 00h00, a que se segue o cabe\u00e7a de cartaz Nuno Ribeiro, a partir das 00h30. Pela noite fora, atuar\u00e1 ainda o DJ Pedro Sim\u00f5es, da RFM.<\/p>\n\n\n\n<p><strong>Sobre o Turismo Centro de Portugal:<\/strong><\/p>\n\n\n\n<p>O Turismo Centro de Portugal \u00e9 a entidade que estrutura e promove o turismo na Regi\u00e3o Centro do pa\u00eds. Esta \u00e9 a maior e mais diversificada \u00e1rea tur\u00edstica nacional, abrangendo 100 munic\u00edpios, e tem registado um intenso crescimento da procura interna e externa. \u00c9 a regi\u00e3o a escolher para quem pretende experi\u00eancias diversificadas, pois concilia locais Patrim\u00f3nio da Humanidade com a melhor costa de surf da Europa, termas e spas id\u00edlicos, locais de culto de import\u00e2ncia mundial e as mais belas aldeias.<\/p>\n","protected":false},"excerpt":{"rendered":"<p>Nuno Ribeiro \u00e9 o cabe\u00e7a de cartaz\u00a0de um R\u00e9veillon que resulta de uma parceria entre a autarquia de Mira, a&#8230;<\/p>\n","protected":false},"author":7,"featured_media":12014,"comment_status":"closed","ping_status":"open","sticky":false,"template":"","format":"standard","meta":[],"categories":[39],"tags":[732,733,734,735],"yoast_head":"<!-- This site is optimized with the Yoast SEO plugin v20.12 - https:\/\/yoast.com\/wordpress\/plugins\/seo\/ -->\n<title>Passagem de Ano na Praia de Mira promete tr\u00eas dias de grande festa - Atelier do Caractere<\/title>\n<meta name=\"robots\" content=\"index, follow, max-snippet:-1, max-image-preview:large, max-video-preview:-1\" \/>\n<link rel=\"canonical\" href=\"https:\/\/www.atelierdocaractere.pt\/brevemente\/passagem-de-ano-na-praia-de-mira-promete-tres-dias-de-grande-festa\/\" \/>\n<meta property=\"og:locale\" content=\"pt_PT\" \/>\n<meta property=\"og:type\" content=\"article\" \/>\n<meta property=\"og:title\" content=\"Passagem de Ano na Praia de Mira promete tr\u00eas dias de grande festa - Atelier do Caractere\" \/>\n<meta property=\"og:description\" content=\"Nuno Ribeiro \u00e9 o cabe\u00e7a de cartaz\u00a0de um R\u00e9veillon que resulta de uma parceria entre a autarquia de Mira, a...\" \/>\n<meta property=\"og:url\" content=\"https:\/\/www.atelierdocaractere.pt\/brevemente\/passagem-de-ano-na-praia-de-mira-promete-tres-dias-de-grande-festa\/\" \/>\n<meta property=\"og:site_name\" content=\"Atelier do Caractere\" \/>\n<meta property=\"article:publisher\" content=\"https:\/\/www.facebook.com\/AtelierdoCaractere\" \/>\n<meta property=\"article:published_time\" content=\"2023-11-06T10:49:23+00:00\" \/>\n<meta property=\"article:modified_time\" content=\"2023-11-07T10:59:12+00:00\" \/>\n<meta property=\"og:image\" content=\"https:\/\/www.atelierdocaractere.pt\/wp-content\/uploads\/2023\/11\/imagem-whatsapp-2023-11-07-as-105329-9332985b.jpg\" \/>\n\t<meta property=\"og:image:width\" content=\"1600\" \/>\n\t<meta property=\"og:image:height\" content=\"1028\" \/>\n\t<meta property=\"og:image:type\" content=\"image\/jpeg\" \/>\n<meta name=\"author\" content=\"Joana Barbosa\" \/>\n<meta name=\"twitter:card\" content=\"summary_large_image\" \/>\n<meta name=\"twitter:label1\" content=\"Escrito por\" \/>\n\t<meta name=\"twitter:data1\" content=\"Joana Barbosa\" \/>\n\t<meta name=\"twitter:label2\" content=\"Tempo estimado de leitura\" \/>\n\t<meta name=\"twitter:data2\" content=\"5 minutos\" \/>\n<script type=\"application\/ld+json\" class=\"yoast-schema-graph\">{\"@context\":\"https:\/\/schema.org\",\"@graph\":[{\"@type\":\"WebPage\",\"@id\":\"https:\/\/www.atelierdocaractere.pt\/brevemente\/passagem-de-ano-na-praia-de-mira-promete-tres-dias-de-grande-festa\/\",\"url\":\"https:\/\/www.atelierdocaractere.pt\/brevemente\/passagem-de-ano-na-praia-de-mira-promete-tres-dias-de-grande-festa\/\",\"name\":\"Passagem de Ano na Praia de Mira promete tr\u00eas dias de grande festa - Atelier do Caractere\",\"isPartOf\":{\"@id\":\"https:\/\/www.atelierdocaractere.pt\/brevemente\/#website\"},\"datePublished\":\"2023-11-06T10:49:23+00:00\",\"dateModified\":\"2023-11-07T10:59:12+00:00\",\"author\":{\"@id\":\"https:\/\/www.atelierdocaractere.pt\/brevemente\/#\/schema\/person\/f2f096eb0f27d9894725af22cb97c0db\"},\"breadcrumb\":{\"@id\":\"https:\/\/www.atelierdocaractere.pt\/brevemente\/passagem-de-ano-na-praia-de-mira-promete-tres-dias-de-grande-festa\/#breadcrumb\"},\"inLanguage\":\"pt-PT\",\"potentialAction\":[{\"@type\":\"ReadAction\",\"target\":[\"https:\/\/www.atelierdocaractere.pt\/brevemente\/passagem-de-ano-na-praia-de-mira-promete-tres-dias-de-grande-festa\/\"]}]},{\"@type\":\"BreadcrumbList\",\"@id\":\"https:\/\/www.atelierdocaractere.pt\/brevemente\/passagem-de-ano-na-praia-de-mira-promete-tres-dias-de-grande-festa\/#breadcrumb\",\"itemListElement\":[{\"@type\":\"ListItem\",\"position\":1,\"name\":\"In\u00edcio\",\"item\":\"https:\/\/www.atelierdocaractere.pt\/brevemente\/\"},{\"@type\":\"ListItem\",\"position\":2,\"name\":\"Passagem de Ano na Praia de Mira promete tr\u00eas dias de grande festa\"}]},{\"@type\":\"WebSite\",\"@id\":\"https:\/\/www.atelierdocaractere.pt\/brevemente\/#website\",\"url\":\"https:\/\/www.atelierdocaractere.pt\/brevemente\/\",\"name\":\"Atelier do Caractere\",\"description\":\"\",\"potentialAction\":[{\"@type\":\"SearchAction\",\"target\":{\"@type\":\"EntryPoint\",\"urlTemplate\":\"https:\/\/www.atelierdocaractere.pt\/brevemente\/?s={search_term_string}\"},\"query-input\":\"required name=search_term_string\"}],\"inLanguage\":\"pt-PT\"},{\"@type\":\"Person\",\"@id\":\"https:\/\/www.atelierdocaractere.pt\/brevemente\/#\/schema\/person\/f2f096eb0f27d9894725af22cb97c0db\",\"name\":\"Joana Barbosa\",\"image\":{\"@type\":\"ImageObject\",\"inLanguage\":\"pt-PT\",\"@id\":\"https:\/\/www.atelierdocaractere.pt\/brevemente\/#\/schema\/person\/image\/\",\"url\":\"https:\/\/secure.gravatar.com\/avatar\/33e8214b45e9d68a3a83008731075979?s=96&d=mm&r=g\",\"contentUrl\":\"https:\/\/secure.gravatar.com\/avatar\/33e8214b45e9d68a3a83008731075979?s=96&d=mm&r=g\",\"caption\":\"Joana Barbosa\"},\"url\":\"https:\/\/www.atelierdocaractere.pt\/brevemente\/author\/joanabarbosa\/\"}]}<\/script>\n<!-- \/ Yoast SEO plugin. -->","yoast_head_json":{"title":"Passagem de Ano na Praia de Mira promete tr\u00eas dias de grande festa - Atelier do Caractere","robots":{"index":"index","follow":"follow","max-snippet":"max-snippet:-1","max-image-preview":"max-image-preview:large","max-video-preview":"max-video-preview:-1"},"canonical":"https:\/\/www.atelierdocaractere.pt\/brevemente\/passagem-de-ano-na-praia-de-mira-promete-tres-dias-de-grande-festa\/","og_locale":"pt_PT","og_type":"article","og_title":"Passagem de Ano na Praia de Mira promete tr\u00eas dias de grande festa - Atelier do Caractere","og_description":"Nuno Ribeiro \u00e9 o cabe\u00e7a de cartaz\u00a0de um R\u00e9veillon que resulta de uma parceria entre a autarquia de Mira, a...","og_url":"https:\/\/www.atelierdocaractere.pt\/brevemente\/passagem-de-ano-na-praia-de-mira-promete-tres-dias-de-grande-festa\/","og_site_name":"Atelier do Caractere","article_publisher":"https:\/\/www.facebook.com\/AtelierdoCaractere","article_published_time":"2023-11-06T10:49:23+00:00","article_modified_time":"2023-11-07T10:59:12+00:00","og_image":[{"width":1600,"height":1028,"url":"https:\/\/www.atelierdocaractere.pt\/wp-content\/uploads\/2023\/11\/imagem-whatsapp-2023-11-07-as-105329-9332985b.jpg","type":"image\/jpeg"}],"author":"Joana Barbosa","twitter_card":"summary_large_image","twitter_misc":{"Escrito por":"Joana Barbosa","Tempo estimado de leitura":"5 minutos"},"schema":{"@context":"https:\/\/schema.org","@graph":[{"@type":"WebPage","@id":"https:\/\/www.atelierdocaractere.pt\/brevemente\/passagem-de-ano-na-praia-de-mira-promete-tres-dias-de-grande-festa\/","url":"https:\/\/www.atelierdocaractere.pt\/brevemente\/passagem-de-ano-na-praia-de-mira-promete-tres-dias-de-grande-festa\/","name":"Passagem de Ano na Praia de Mira promete tr\u00eas dias de grande festa - Atelier do Caractere","isPartOf":{"@id":"https:\/\/www.atelierdocaractere.pt\/brevemente\/#website"},"datePublished":"2023-11-06T10:49:23+00:00","dateModified":"2023-11-07T10:59:12+00:00","author":{"@id":"https:\/\/www.atelierdocaractere.pt\/brevemente\/#\/schema\/person\/f2f096eb0f27d9894725af22cb97c0db"},"breadcrumb":{"@id":"https:\/\/www.atelierdocaractere.pt\/brevemente\/passagem-de-ano-na-praia-de-mira-promete-tres-dias-de-grande-festa\/#breadcrumb"},"inLanguage":"pt-PT","potentialAction":[{"@type":"ReadAction","target":["https:\/\/www.atelierdocaractere.pt\/brevemente\/passagem-de-ano-na-praia-de-mira-promete-tres-dias-de-grande-festa\/"]}]},{"@type":"BreadcrumbList","@id":"https:\/\/www.atelierdocaractere.pt\/brevemente\/passagem-de-ano-na-praia-de-mira-promete-tres-dias-de-grande-festa\/#breadcrumb","itemListElement":[{"@type":"ListItem","position":1,"name":"In\u00edcio","item":"https:\/\/www.atelierdocaractere.pt\/brevemente\/"},{"@type":"ListItem","position":2,"name":"Passagem de Ano na Praia de Mira promete tr\u00eas dias de grande festa"}]},{"@type":"WebSite","@id":"https:\/\/www.atelierdocaractere.pt\/brevemente\/#website","url":"https:\/\/www.atelierdocaractere.pt\/brevemente\/","name":"Atelier do Caractere","description":"","potentialAction":[{"@type":"SearchAction","target":{"@type":"EntryPoint","urlTemplate":"https:\/\/www.atelierdocaractere.pt\/brevemente\/?s={search_term_string}"},"query-input":"required name=search_term_string"}],"inLanguage":"pt-PT"},{"@type":"Person","@id":"https:\/\/www.atelierdocaractere.pt\/brevemente\/#\/schema\/person\/f2f096eb0f27d9894725af22cb97c0db","name":"Joana Barbosa","image":{"@type":"ImageObject","inLanguage":"pt-PT","@id":"https:\/\/www.atelierdocaractere.pt\/brevemente\/#\/schema\/person\/image\/","url":"https:\/\/secure.gravatar.com\/avatar\/33e8214b45e9d68a3a83008731075979?s=96&d=mm&r=g","contentUrl":"https:\/\/secure.gravatar.com\/avatar\/33e8214b45e9d68a3a83008731075979?s=96&d=mm&r=g","caption":"Joana Barbosa"},"url":"https:\/\/www.atelierdocaractere.pt\/brevemente\/author\/joanabarbosa\/"}]}},"_links":{"self":[{"href":"https:\/\/www.atelierdocaractere.pt\/brevemente\/wp-json\/wp\/v2\/posts\/12012"}],"collection":[{"href":"https:\/\/www.atelierdocaractere.pt\/brevemente\/wp-json\/wp\/v2\/posts"}],"about":[{"href":"https:\/\/www.atelierdocaractere.pt\/brevemente\/wp-json\/wp\/v2\/types\/post"}],"author":[{"embeddable":true,"href":"https:\/\/www.atelierdocaractere.pt\/brevemente\/wp-json\/wp\/v2\/users\/7"}],"replies":[{"embeddable":true,"href":"https:\/\/www.atelierdocaractere.pt\/brevemente\/wp-json\/wp\/v2\/comments?post=12012"}],"version-history":[{"count":1,"href":"https:\/\/www.atelierdocaractere.pt\/brevemente\/wp-json\/wp\/v2\/posts\/12012\/revisions"}],"predecessor-version":[{"id":12020,"href":"https:\/\/www.atelierdocaractere.pt\/brevemente\/wp-json\/wp\/v2\/posts\/12012\/revisions\/12020"}],"wp:featuredmedia":[{"embeddable":true,"href":"https:\/\/www.atelierdocaractere.pt\/brevemente\/wp-json\/wp\/v2\/media\/12014"}],"wp:attachment":[{"href":"https:\/\/www.atelierdocaractere.pt\/brevemente\/wp-json\/wp\/v2\/media?parent=12012"}],"wp:term":[{"taxonomy":"category","embeddable":true,"href":"https:\/\/www.atelierdocaractere.pt\/brevemente\/wp-json\/wp\/v2\/categories?post=12012"},{"taxonomy":"post_tag","embeddable":true,"href":"https:\/\/www.atelierdocaractere.pt\/brevemente\/wp-json\/wp\/v2\/tags?post=12012"}],"curies":[{"name":"wp","href":"https:\/\/api.w.org\/{rel}","templated":true}]}}