{"id":12021,"date":"2023-11-07T08:15:54","date_gmt":"2023-11-07T08:15:54","guid":{"rendered":"https:\/\/www.atelierdocaractere.pt\/brevemente\/?p=12021"},"modified":"2023-11-08T08:33:43","modified_gmt":"2023-11-08T08:33:43","slug":"especialistas-mundiais-do-setor-dos-vinhos-reunidos-durante-tres-dias-no-centro-de-portugal","status":"publish","type":"post","link":"https:\/\/www.atelierdocaractere.pt\/brevemente\/especialistas-mundiais-do-setor-dos-vinhos-reunidos-durante-tres-dias-no-centro-de-portugal\/","title":{"rendered":"Especialistas mundiais do setor dos vinhos reunidos durante tr\u00eas dias no Centro de Portugal"},"content":{"rendered":"\n<p><strong>Quarta edi\u00e7\u00e3o do \u201cWine Future\u201d est\u00e1 a decorrer em Coimbra. Turismo Centro de Portugal \u00e9 parceira institucional.<\/strong><\/p>\n\n\n\n<p><strong>Anabela Freitas<\/strong>,&nbsp;<strong>vice-presidente da Turismo Centro de Portugal<\/strong>, destacou hoje a import\u00e2ncia de atrair para a regi\u00e3o eventos como o encontro \u201cWine Future\u201d, cuja edi\u00e7\u00e3o decorre entre hoje e quinta-feira no Convento S\u00e3o Francisco, em Coimbra.<\/p>\n\n\n\n<figure class=\"wp-block-image size-large\"><img decoding=\"async\" width=\"1024\" height=\"768\" src=\"https:\/\/www.atelierdocaractere.pt\/wp-content\/uploads\/2023\/11\/imagem-whatsapp-2023-11-07-as-112541-ecd1feee-1024x768.jpg\" alt=\"\" class=\"wp-image-12023\" srcset=\"https:\/\/www.atelierdocaractere.pt\/wp-content\/uploads\/2023\/11\/imagem-whatsapp-2023-11-07-as-112541-ecd1feee-1024x768.jpg 1024w, https:\/\/www.atelierdocaractere.pt\/wp-content\/uploads\/2023\/11\/imagem-whatsapp-2023-11-07-as-112541-ecd1feee-300x225.jpg 300w, https:\/\/www.atelierdocaractere.pt\/wp-content\/uploads\/2023\/11\/imagem-whatsapp-2023-11-07-as-112541-ecd1feee-768x576.jpg 768w, https:\/\/www.atelierdocaractere.pt\/wp-content\/uploads\/2023\/11\/imagem-whatsapp-2023-11-07-as-112541-ecd1feee.jpg 1153w\" sizes=\"(max-width: 1024px) 100vw, 1024px\" \/><\/figure>\n\n\n\n<p><em>\u201cO \u2018Wine Future\u2019 \u00e9 um evento que tem proje\u00e7\u00e3o internacional e que traz participantes de todo o mundo. O facto de ter escolhido Coimbra para a realiza\u00e7\u00e3o da sua quarta edi\u00e7\u00e3o \u00e9 muito importante para a regi\u00e3o Centro de Portugal. Por um lado, \u00e9 uma montra privilegiada para os nossos produtores e para os vinhos portugueses, em particular para os vinhos das 5 Comiss\u00f5es Vitivin\u00edcolas da regi\u00e3o. Por outro, \u00e9 uma forma de divulgarmos o nosso territ\u00f3rio a n\u00edvel internacional, servindo como aperitivo para o muito que o Centro de Portugal tem para mostrar. O enoturismo e a gastronomia s\u00e3o produtos agregadores na estrat\u00e9gia da Turismo Centro de Portugal e envolvem todas as 8 Comunidades Intermunicipais da regi\u00e3o, constituindo um foco de atra\u00e7\u00e3o de visitantes\u201d<\/em>, sublinha&nbsp;<strong>Anabela Freitas<\/strong>.<\/p>\n\n\n\n<p>A vice-presidente da Turismo Centro de Portugal foi uma das intervenientes na sess\u00e3o de abertura do certame, ao lado de Pancho Campo, fundador do Wine Future, Frederico Falc\u00e3o, presidente da ViniPortugal, Jos\u00e9 Manuel Silva, presidente da C\u00e2mara Municipal de Coimbra, e Jorge Brand\u00e3o, vogal da comiss\u00e3o diretiva do Programa Operacional Regional do Centro. Na sua interven\u00e7\u00e3o, Anabela Freitas destacou os desafios que a produ\u00e7\u00e3o de vinhos enfrenta aos dias de hoje, nomeadamente a capta\u00e7\u00e3o de novos p\u00fablicos e as altera\u00e7\u00f5es clim\u00e1ticas.<\/p>\n\n\n\n<figure class=\"wp-block-image size-full\"><img decoding=\"async\" width=\"729\" height=\"547\" src=\"https:\/\/www.atelierdocaractere.pt\/wp-content\/uploads\/2023\/11\/imagem-whatsapp-2023-11-07-as-160353-9a115594.jpg\" alt=\"\" class=\"wp-image-12022\" srcset=\"https:\/\/www.atelierdocaractere.pt\/wp-content\/uploads\/2023\/11\/imagem-whatsapp-2023-11-07-as-160353-9a115594.jpg 729w, https:\/\/www.atelierdocaractere.pt\/wp-content\/uploads\/2023\/11\/imagem-whatsapp-2023-11-07-as-160353-9a115594-300x225.jpg 300w\" sizes=\"(max-width: 729px) 100vw, 729px\" \/><\/figure>\n\n\n\n<p>\u00c0 tarde,&nbsp;<strong>Jorge Sampaio, Vogal da Comiss\u00e3o Executiva da Turismo Centro de Portugal<\/strong>, participou num painel intitulado \u201cEvolu\u00e7\u00e3o do Enoturismo \u2013 Da Adega aos Tours Virtuais\u201d, juntamente com Adrian Bridge (CEO do grupo The Fladgate Partnership e do The Yeatman Hotel), Catherine Leparmentier (diretora da Great Wine Capitals) e Marisah Nieuwoudt (Wine Tourism Manager da South Africa Wines).<\/p>\n\n\n\n<p>O \u201cWine Future\u201d \u00e9 um evento internacional sobre as m\u00faltiplas vertentes do setor dos vinhos. A Turismo Centro de Portugal \u00e9 parceira institucional do certame, estando presente com um espa\u00e7o de mostra e degusta\u00e7\u00e3o dos vinhos da regi\u00e3o, al\u00e9m de disponibilizar informa\u00e7\u00e3o tur\u00edstica sobre o territ\u00f3rio.<\/p>\n\n\n\n<p>At\u00e9 quinta-feira, os protagonistas globais da \u00e1rea dos vinhos analisam e debatem os desafios que o setor enfrenta a n\u00edvel mundial, como os novos consumidores, as inova\u00e7\u00f5es, a economia e o marketing. O economista Christopher Pissarides, Pr\u00e9mio Nobel da Economia, em 2020, \u00e9 um dos muitos oradores, com uma interven\u00e7\u00e3o sobre os desafios da economia mundial, nomeadamente da Intelig\u00eancia Artificial.<\/p>\n\n\n\n<p>A Wine Future \u00e9 organizada pela Wines of Portugal e pela Chrand Events USA e co-organizada pelo Programa Centro 2020.<\/p>\n\n\n\n<figure class=\"wp-block-image size-large\"><img decoding=\"async\" width=\"1024\" height=\"768\" src=\"https:\/\/www.atelierdocaractere.pt\/wp-content\/uploads\/2023\/11\/imagem-whatsapp-2023-11-07-as-112541-c58cc033-1024x768.jpg\" alt=\"\" class=\"wp-image-12024\" srcset=\"https:\/\/www.atelierdocaractere.pt\/wp-content\/uploads\/2023\/11\/imagem-whatsapp-2023-11-07-as-112541-c58cc033-1024x768.jpg 1024w, https:\/\/www.atelierdocaractere.pt\/wp-content\/uploads\/2023\/11\/imagem-whatsapp-2023-11-07-as-112541-c58cc033-300x225.jpg 300w, https:\/\/www.atelierdocaractere.pt\/wp-content\/uploads\/2023\/11\/imagem-whatsapp-2023-11-07-as-112541-c58cc033-768x576.jpg 768w, https:\/\/www.atelierdocaractere.pt\/wp-content\/uploads\/2023\/11\/imagem-whatsapp-2023-11-07-as-112541-c58cc033.jpg 1162w\" sizes=\"(max-width: 1024px) 100vw, 1024px\" \/><\/figure>\n\n\n\n<p><strong>Sobre o Turismo Centro de Portugal:<\/strong><\/p>\n\n\n\n<p>O Turismo Centro de Portugal \u00e9 a entidade que estrutura e promove o turismo na Regi\u00e3o Centro do pa\u00eds. Esta \u00e9 a maior e mais diversificada \u00e1rea tur\u00edstica nacional, abrangendo 100 munic\u00edpios, e tem registado um intenso crescimento da procura interna e externa. \u00c9 a regi\u00e3o a escolher para quem pretende experi\u00eancias diversificadas, pois concilia locais Patrim\u00f3nio da Humanidade com a melhor costa de surf da Europa, termas e spas id\u00edlicos, locais de culto de import\u00e2ncia mundial e as mais belas aldeias.<\/p>\n","protected":false},"excerpt":{"rendered":"<p>Quarta edi\u00e7\u00e3o do \u201cWine Future\u201d est\u00e1 a decorrer em Coimbra. Turismo Centro de Portugal \u00e9 parceira institucional. Anabela Freitas,&nbsp;vice-presidente da&#8230;<\/p>\n","protected":false},"author":7,"featured_media":12025,"comment_status":"closed","ping_status":"open","sticky":false,"template":"","format":"standard","meta":[],"categories":[39],"tags":[737,346,736],"yoast_head":"<!-- This site is optimized with the Yoast SEO plugin v20.12 - https:\/\/yoast.com\/wordpress\/plugins\/seo\/ -->\n<title>Especialistas mundiais do setor dos vinhos reunidos durante tr\u00eas dias no Centro de Portugal - Atelier do Caractere<\/title>\n<meta name=\"robots\" content=\"index, follow, max-snippet:-1, max-image-preview:large, max-video-preview:-1\" \/>\n<link rel=\"canonical\" href=\"https:\/\/www.atelierdocaractere.pt\/brevemente\/especialistas-mundiais-do-setor-dos-vinhos-reunidos-durante-tres-dias-no-centro-de-portugal\/\" \/>\n<meta property=\"og:locale\" content=\"pt_PT\" \/>\n<meta property=\"og:type\" content=\"article\" \/>\n<meta property=\"og:title\" content=\"Especialistas mundiais do setor dos vinhos reunidos durante tr\u00eas dias no Centro de Portugal - Atelier do Caractere\" \/>\n<meta property=\"og:description\" content=\"Quarta edi\u00e7\u00e3o do \u201cWine Future\u201d est\u00e1 a decorrer em Coimbra. Turismo Centro de Portugal \u00e9 parceira institucional. Anabela Freitas,&nbsp;vice-presidente da...\" \/>\n<meta property=\"og:url\" content=\"https:\/\/www.atelierdocaractere.pt\/brevemente\/especialistas-mundiais-do-setor-dos-vinhos-reunidos-durante-tres-dias-no-centro-de-portugal\/\" \/>\n<meta property=\"og:site_name\" content=\"Atelier do Caractere\" \/>\n<meta property=\"article:publisher\" content=\"https:\/\/www.facebook.com\/AtelierdoCaractere\" \/>\n<meta property=\"article:published_time\" content=\"2023-11-07T08:15:54+00:00\" \/>\n<meta property=\"article:modified_time\" content=\"2023-11-08T08:33:43+00:00\" \/>\n<meta property=\"og:image\" content=\"https:\/\/www.atelierdocaractere.pt\/wp-content\/uploads\/2023\/11\/20231107-095850.jpg\" \/>\n\t<meta property=\"og:image:width\" content=\"1581\" \/>\n\t<meta property=\"og:image:height\" content=\"1186\" \/>\n\t<meta property=\"og:image:type\" content=\"image\/jpeg\" \/>\n<meta name=\"author\" content=\"Joana Barbosa\" \/>\n<meta name=\"twitter:card\" content=\"summary_large_image\" \/>\n<meta name=\"twitter:label1\" content=\"Escrito por\" \/>\n\t<meta name=\"twitter:data1\" content=\"Joana Barbosa\" \/>\n\t<meta name=\"twitter:label2\" content=\"Tempo estimado de leitura\" \/>\n\t<meta name=\"twitter:data2\" content=\"4 minutos\" \/>\n<script type=\"application\/ld+json\" class=\"yoast-schema-graph\">{\"@context\":\"https:\/\/schema.org\",\"@graph\":[{\"@type\":\"WebPage\",\"@id\":\"https:\/\/www.atelierdocaractere.pt\/brevemente\/especialistas-mundiais-do-setor-dos-vinhos-reunidos-durante-tres-dias-no-centro-de-portugal\/\",\"url\":\"https:\/\/www.atelierdocaractere.pt\/brevemente\/especialistas-mundiais-do-setor-dos-vinhos-reunidos-durante-tres-dias-no-centro-de-portugal\/\",\"name\":\"Especialistas mundiais do setor dos vinhos reunidos durante tr\u00eas dias no Centro de Portugal - Atelier do Caractere\",\"isPartOf\":{\"@id\":\"https:\/\/www.atelierdocaractere.pt\/brevemente\/#website\"},\"datePublished\":\"2023-11-07T08:15:54+00:00\",\"dateModified\":\"2023-11-08T08:33:43+00:00\",\"author\":{\"@id\":\"https:\/\/www.atelierdocaractere.pt\/brevemente\/#\/schema\/person\/f2f096eb0f27d9894725af22cb97c0db\"},\"breadcrumb\":{\"@id\":\"https:\/\/www.atelierdocaractere.pt\/brevemente\/especialistas-mundiais-do-setor-dos-vinhos-reunidos-durante-tres-dias-no-centro-de-portugal\/#breadcrumb\"},\"inLanguage\":\"pt-PT\",\"potentialAction\":[{\"@type\":\"ReadAction\",\"target\":[\"https:\/\/www.atelierdocaractere.pt\/brevemente\/especialistas-mundiais-do-setor-dos-vinhos-reunidos-durante-tres-dias-no-centro-de-portugal\/\"]}]},{\"@type\":\"BreadcrumbList\",\"@id\":\"https:\/\/www.atelierdocaractere.pt\/brevemente\/especialistas-mundiais-do-setor-dos-vinhos-reunidos-durante-tres-dias-no-centro-de-portugal\/#breadcrumb\",\"itemListElement\":[{\"@type\":\"ListItem\",\"position\":1,\"name\":\"In\u00edcio\",\"item\":\"https:\/\/www.atelierdocaractere.pt\/brevemente\/\"},{\"@type\":\"ListItem\",\"position\":2,\"name\":\"Especialistas mundiais do setor dos vinhos reunidos durante tr\u00eas dias no Centro de Portugal\"}]},{\"@type\":\"WebSite\",\"@id\":\"https:\/\/www.atelierdocaractere.pt\/brevemente\/#website\",\"url\":\"https:\/\/www.atelierdocaractere.pt\/brevemente\/\",\"name\":\"Atelier do Caractere\",\"description\":\"\",\"potentialAction\":[{\"@type\":\"SearchAction\",\"target\":{\"@type\":\"EntryPoint\",\"urlTemplate\":\"https:\/\/www.atelierdocaractere.pt\/brevemente\/?s={search_term_string}\"},\"query-input\":\"required name=search_term_string\"}],\"inLanguage\":\"pt-PT\"},{\"@type\":\"Person\",\"@id\":\"https:\/\/www.atelierdocaractere.pt\/brevemente\/#\/schema\/person\/f2f096eb0f27d9894725af22cb97c0db\",\"name\":\"Joana Barbosa\",\"image\":{\"@type\":\"ImageObject\",\"inLanguage\":\"pt-PT\",\"@id\":\"https:\/\/www.atelierdocaractere.pt\/brevemente\/#\/schema\/person\/image\/\",\"url\":\"https:\/\/secure.gravatar.com\/avatar\/33e8214b45e9d68a3a83008731075979?s=96&d=mm&r=g\",\"contentUrl\":\"https:\/\/secure.gravatar.com\/avatar\/33e8214b45e9d68a3a83008731075979?s=96&d=mm&r=g\",\"caption\":\"Joana Barbosa\"},\"url\":\"https:\/\/www.atelierdocaractere.pt\/brevemente\/author\/joanabarbosa\/\"}]}<\/script>\n<!-- \/ Yoast SEO plugin. -->","yoast_head_json":{"title":"Especialistas mundiais do setor dos vinhos reunidos durante tr\u00eas dias no Centro de Portugal - Atelier do Caractere","robots":{"index":"index","follow":"follow","max-snippet":"max-snippet:-1","max-image-preview":"max-image-preview:large","max-video-preview":"max-video-preview:-1"},"canonical":"https:\/\/www.atelierdocaractere.pt\/brevemente\/especialistas-mundiais-do-setor-dos-vinhos-reunidos-durante-tres-dias-no-centro-de-portugal\/","og_locale":"pt_PT","og_type":"article","og_title":"Especialistas mundiais do setor dos vinhos reunidos durante tr\u00eas dias no Centro de Portugal - Atelier do Caractere","og_description":"Quarta edi\u00e7\u00e3o do \u201cWine Future\u201d est\u00e1 a decorrer em Coimbra. Turismo Centro de Portugal \u00e9 parceira institucional. Anabela Freitas,&nbsp;vice-presidente da...","og_url":"https:\/\/www.atelierdocaractere.pt\/brevemente\/especialistas-mundiais-do-setor-dos-vinhos-reunidos-durante-tres-dias-no-centro-de-portugal\/","og_site_name":"Atelier do Caractere","article_publisher":"https:\/\/www.facebook.com\/AtelierdoCaractere","article_published_time":"2023-11-07T08:15:54+00:00","article_modified_time":"2023-11-08T08:33:43+00:00","og_image":[{"width":1581,"height":1186,"url":"https:\/\/www.atelierdocaractere.pt\/wp-content\/uploads\/2023\/11\/20231107-095850.jpg","type":"image\/jpeg"}],"author":"Joana Barbosa","twitter_card":"summary_large_image","twitter_misc":{"Escrito por":"Joana Barbosa","Tempo estimado de leitura":"4 minutos"},"schema":{"@context":"https:\/\/schema.org","@graph":[{"@type":"WebPage","@id":"https:\/\/www.atelierdocaractere.pt\/brevemente\/especialistas-mundiais-do-setor-dos-vinhos-reunidos-durante-tres-dias-no-centro-de-portugal\/","url":"https:\/\/www.atelierdocaractere.pt\/brevemente\/especialistas-mundiais-do-setor-dos-vinhos-reunidos-durante-tres-dias-no-centro-de-portugal\/","name":"Especialistas mundiais do setor dos vinhos reunidos durante tr\u00eas dias no Centro de Portugal - Atelier do Caractere","isPartOf":{"@id":"https:\/\/www.atelierdocaractere.pt\/brevemente\/#website"},"datePublished":"2023-11-07T08:15:54+00:00","dateModified":"2023-11-08T08:33:43+00:00","author":{"@id":"https:\/\/www.atelierdocaractere.pt\/brevemente\/#\/schema\/person\/f2f096eb0f27d9894725af22cb97c0db"},"breadcrumb":{"@id":"https:\/\/www.atelierdocaractere.pt\/brevemente\/especialistas-mundiais-do-setor-dos-vinhos-reunidos-durante-tres-dias-no-centro-de-portugal\/#breadcrumb"},"inLanguage":"pt-PT","potentialAction":[{"@type":"ReadAction","target":["https:\/\/www.atelierdocaractere.pt\/brevemente\/especialistas-mundiais-do-setor-dos-vinhos-reunidos-durante-tres-dias-no-centro-de-portugal\/"]}]},{"@type":"BreadcrumbList","@id":"https:\/\/www.atelierdocaractere.pt\/brevemente\/especialistas-mundiais-do-setor-dos-vinhos-reunidos-durante-tres-dias-no-centro-de-portugal\/#breadcrumb","itemListElement":[{"@type":"ListItem","position":1,"name":"In\u00edcio","item":"https:\/\/www.atelierdocaractere.pt\/brevemente\/"},{"@type":"ListItem","position":2,"name":"Especialistas mundiais do setor dos vinhos reunidos durante tr\u00eas dias no Centro de Portugal"}]},{"@type":"WebSite","@id":"https:\/\/www.atelierdocaractere.pt\/brevemente\/#website","url":"https:\/\/www.atelierdocaractere.pt\/brevemente\/","name":"Atelier do Caractere","description":"","potentialAction":[{"@type":"SearchAction","target":{"@type":"EntryPoint","urlTemplate":"https:\/\/www.atelierdocaractere.pt\/brevemente\/?s={search_term_string}"},"query-input":"required name=search_term_string"}],"inLanguage":"pt-PT"},{"@type":"Person","@id":"https:\/\/www.atelierdocaractere.pt\/brevemente\/#\/schema\/person\/f2f096eb0f27d9894725af22cb97c0db","name":"Joana Barbosa","image":{"@type":"ImageObject","inLanguage":"pt-PT","@id":"https:\/\/www.atelierdocaractere.pt\/brevemente\/#\/schema\/person\/image\/","url":"https:\/\/secure.gravatar.com\/avatar\/33e8214b45e9d68a3a83008731075979?s=96&d=mm&r=g","contentUrl":"https:\/\/secure.gravatar.com\/avatar\/33e8214b45e9d68a3a83008731075979?s=96&d=mm&r=g","caption":"Joana Barbosa"},"url":"https:\/\/www.atelierdocaractere.pt\/brevemente\/author\/joanabarbosa\/"}]}},"_links":{"self":[{"href":"https:\/\/www.atelierdocaractere.pt\/brevemente\/wp-json\/wp\/v2\/posts\/12021"}],"collection":[{"href":"https:\/\/www.atelierdocaractere.pt\/brevemente\/wp-json\/wp\/v2\/posts"}],"about":[{"href":"https:\/\/www.atelierdocaractere.pt\/brevemente\/wp-json\/wp\/v2\/types\/post"}],"author":[{"embeddable":true,"href":"https:\/\/www.atelierdocaractere.pt\/brevemente\/wp-json\/wp\/v2\/users\/7"}],"replies":[{"embeddable":true,"href":"https:\/\/www.atelierdocaractere.pt\/brevemente\/wp-json\/wp\/v2\/comments?post=12021"}],"version-history":[{"count":2,"href":"https:\/\/www.atelierdocaractere.pt\/brevemente\/wp-json\/wp\/v2\/posts\/12021\/revisions"}],"predecessor-version":[{"id":12027,"href":"https:\/\/www.atelierdocaractere.pt\/brevemente\/wp-json\/wp\/v2\/posts\/12021\/revisions\/12027"}],"wp:featuredmedia":[{"embeddable":true,"href":"https:\/\/www.atelierdocaractere.pt\/brevemente\/wp-json\/wp\/v2\/media\/12025"}],"wp:attachment":[{"href":"https:\/\/www.atelierdocaractere.pt\/brevemente\/wp-json\/wp\/v2\/media?parent=12021"}],"wp:term":[{"taxonomy":"category","embeddable":true,"href":"https:\/\/www.atelierdocaractere.pt\/brevemente\/wp-json\/wp\/v2\/categories?post=12021"},{"taxonomy":"post_tag","embeddable":true,"href":"https:\/\/www.atelierdocaractere.pt\/brevemente\/wp-json\/wp\/v2\/tags?post=12021"}],"curies":[{"name":"wp","href":"https:\/\/api.w.org\/{rel}","templated":true}]}}