{"id":12028,"date":"2023-11-08T09:20:16","date_gmt":"2023-11-08T09:20:16","guid":{"rendered":"https:\/\/www.atelierdocaractere.pt\/brevemente\/?p=12028"},"modified":"2023-11-09T10:03:18","modified_gmt":"2023-11-09T10:03:18","slug":"plataforma-de-mobilidade-de-viseu-dao-lafoes-foi-um-dos-destaques-de-portugal-na-feira-das-cidades-inteligentes-de-barcelona","status":"publish","type":"post","link":"https:\/\/www.atelierdocaractere.pt\/brevemente\/plataforma-de-mobilidade-de-viseu-dao-lafoes-foi-um-dos-destaques-de-portugal-na-feira-das-cidades-inteligentes-de-barcelona\/","title":{"rendered":"Plataforma de Mobilidade de Viseu D\u00e3o Laf\u00f5es foi um dos destaques de Portugal na Feira das Cidades Inteligentes de Barcelona\u00a0"},"content":{"rendered":"\n<p><strong>Apresenta\u00e7\u00e3o da Plataforma suscitou muitos elogios durante a confer\u00eancia \u201cMobilidade Inteligente\u201d, que decorre na Smart City Expo 2023.\u00a0<\/strong><\/p>\n\n\n\n<p>A apresenta\u00e7\u00e3o da Plataforma de Mobilidade Inteligente da&nbsp;<strong>Comunidade Intermunicipal (CIM) Viseu D\u00e3o Laf\u00f5es<\/strong>, que teve lugar&nbsp;hoje, foi um dos pontos altos da participa\u00e7\u00e3o de Portugal na&nbsp;<strong>Smart City Expo World Congress (SCEWC)<\/strong>. Este \u00e9 o maior evento internacional sobre a tem\u00e1tica das Cidades e Regi\u00f5es Inteligentes, que termina&nbsp;amanh\u00e3, em Barcelona. &nbsp;<\/p>\n\n\n\n<p>A Plataforma foi apresentada durante a confer\u00eancia \u201cMobilidade Inteligente\u201d.<\/p>\n\n\n\n<p><em>\u201cTal como esper\u00e1vamos, a Plataforma de Mobilidade Inteligente de Viseu D\u00e3o Laf\u00f5es gerou bastante curiosidade entre a assist\u00eancia, que encheu o Pavilh\u00e3o de Portugal durante a confer\u00eancia. As solu\u00e7\u00f5es que apresent\u00e1mos suscitaram elogios generalizados, sendo certo que esta plataforma ir\u00e1 continuar a permitir melhorar os servi\u00e7os p\u00fablicos de transporte da regi\u00e3o, juntando transporte publico de passageiros, servi\u00e7o \u201cIr e Vir\u201d e mobilidade suave. Trata-se de um novo paradigma na governan\u00e7a publica local, em que as pessoas e as suas necessidades s\u00e3o o centro da pol\u00edtica publica\u201d<\/em>, considerou&nbsp;<strong>Nuno Martinho, Secret\u00e1rio Executivo da CIM Viseu D\u00e3o Laf\u00f5es<\/strong>.<em>&nbsp;\u201cEm simult\u00e2neo, os munic\u00edpios de Viseu D\u00e3o Laf\u00f5es tiveram a oportunidade&nbsp;<\/em><em>de conhecer&nbsp;as propostas apresentadas pelos seus cong\u00e9neres nacionais e internacionais. Est\u00e1 a ser uma participa\u00e7\u00e3o muito produtiva\u201d<\/em>, acrescentou.&nbsp;<\/p>\n\n\n<div class=\"wp-block-image\">\n<figure class=\"aligncenter size-large is-resized\"><img decoding=\"async\" src=\"https:\/\/www.atelierdocaractere.pt\/wp-content\/uploads\/2023\/11\/press4-1024x658.jpg\" alt=\"\" class=\"wp-image-12029\" width=\"840\" height=\"539\" srcset=\"https:\/\/www.atelierdocaractere.pt\/wp-content\/uploads\/2023\/11\/press4-1024x658.jpg 1024w, https:\/\/www.atelierdocaractere.pt\/wp-content\/uploads\/2023\/11\/press4-300x193.jpg 300w, https:\/\/www.atelierdocaractere.pt\/wp-content\/uploads\/2023\/11\/press4-768x494.jpg 768w, https:\/\/www.atelierdocaractere.pt\/wp-content\/uploads\/2023\/11\/press4.jpg 1305w\" sizes=\"(max-width: 840px) 100vw, 840px\" \/><\/figure><\/div>\n\n\n<p>Tamb\u00e9m presente em Barcelona,&nbsp;<strong>Paulo Almeida, Vice-Presidente da CIM Viseu D\u00e3o Laf\u00f5es<\/strong>, confirmou o car\u00e1cter&nbsp;inovador das solu\u00e7\u00f5es e projetos presentes&nbsp;na feira.&nbsp;<em>\u201cMuitas das propostas apresentadas nestes tr\u00eas dias de Smart City Expo World Congress s\u00e3o aplic\u00e1veis ao nosso territ\u00f3rio. Nesse sentido, a nossa presen\u00e7a em Barcelona foi muito enriquecedora para os autarcas, que levam para os seus territ\u00f3rios novas e inovadoras ideias para melhorar a qualidade de vida das popula\u00e7\u00f5es. As cidades e as regi\u00f5es est\u00e3o a mudar em todo o mundo e a CIM Viseu D\u00e3o Laf\u00f5es est\u00e1 a acompanha<\/em><strong><em>r<\/em><\/strong><em>&nbsp;essa mudan\u00e7a, como todos pudemos verificar neste evento\u201d<\/em>, sublinhou Paulo Almeida.&nbsp;<\/p>\n\n\n\n<p>A edi\u00e7\u00e3o de 2023 da Smart City Expo World Congress decorre entre 7 e 9 de novembro e tem como tema \u201cBem-vindo \u00e0 Nova Era Urbana\u201d. O SCEWC \u00e9 o maior e mais influente evento mundial em inova\u00e7\u00e3o urbana. Em Barcelona, juntam-se l\u00edderes das empresas mais inovadoras, governos e organiza\u00e7\u00f5es, al\u00e9m de milhares de especialistas de todo o mundo, num evento que estimula as cidades em dire\u00e7\u00e3o a um futuro melhor. &nbsp;<\/p>\n\n\n\n<p>Segundo a organiza\u00e7\u00e3o, a Smart City Expo World Congress 2023 \u00e9 a maior at\u00e9 \u00e0 data, com mais de 1.000 expositores, 25.000 participantes profissionais e representantes de mais de 800 cidades e 140 pa\u00edses. O certame mostra \u201cas solu\u00e7\u00f5es inteligentes que moldam a Nova Era Urbana que est\u00e1 a emergir, ajudando as cidades a prosperar e a criar espa\u00e7os urbanos mais seguros, ecol\u00f3gicos e eficientes. \u00c9 uma montra \u00fanica de solu\u00e7\u00f5es comprovadas que aceleram uma revolu\u00e7\u00e3o urbana inteligente centrada no ser humano\u201d.&nbsp;&nbsp;&nbsp;<\/p>\n\n\n\n<p>A participa\u00e7\u00e3o da CIM Viseu D\u00e3o Laf\u00f5es acontece no Pavilh\u00e3o Smart Portugal, que tem uma \u00e1rea de 180m2 e onde decorrem\u00a0m\u00faltiplas iniciativas ao longo dos tr\u00eas dias, numa organiza\u00e7\u00e3o da NOVA IMS. Esta \u00e9 a segunda participa\u00e7\u00e3o da CIM Viseu D\u00e3o Laf\u00f5es na feira, depois de em 2022 ter apresentado o Sistema de Gest\u00e3o de Pavimentos, um software, desenvolvido atrav\u00e9s de intelig\u00eancia artificial, que monitoriza as estradas da regi\u00e3o. \u00a0<\/p>\n\n\n<div class=\"wp-block-image\">\n<figure class=\"aligncenter size-full\"><img decoding=\"async\" width=\"908\" height=\"681\" src=\"https:\/\/www.atelierdocaractere.pt\/wp-content\/uploads\/2023\/11\/press2.jpg\" alt=\"\" class=\"wp-image-12030\" srcset=\"https:\/\/www.atelierdocaractere.pt\/wp-content\/uploads\/2023\/11\/press2.jpg 908w, https:\/\/www.atelierdocaractere.pt\/wp-content\/uploads\/2023\/11\/press2-300x225.jpg 300w, https:\/\/www.atelierdocaractere.pt\/wp-content\/uploads\/2023\/11\/press2-768x576.jpg 768w\" sizes=\"(max-width: 908px) 100vw, 908px\" \/><\/figure><\/div>\n\n\n<p><strong>Uma Plataforma verdadeiramente Inteligente\u00a0<\/strong><\/p>\n\n\n\n<p>A Plataforma de Mobilidade Inteligente, apresentada na feira, permite obter m\u00e9tricas sobre a mobilidade na regi\u00e3o Viseu D\u00e3o Laf\u00f5es, integrando dados recolhidos de v\u00e1rias fontes. Uma delas \u00e9 o servi\u00e7o de transporte flex\u00edvel a pedido &#8220;Ir e Vir&#8221;, uma solu\u00e7\u00e3o que tem como principal objetivo alargar e refor\u00e7ar a oferta de transporte de passageiros, garantindo cobertura em zonas de menor densidade demogr\u00e1fica. Outras fontes de dados s\u00e3o os transportes p\u00fablicos da regi\u00e3o, tendo em considera\u00e7\u00e3o os diversos operadores; a aplica\u00e7\u00e3o de navega\u00e7\u00e3o Waze, com base no estado do tr\u00e2nsito em tempo real e em alertas sempre atualizados; o movimento nas ciclovias; a utiliza\u00e7\u00e3o de bicicletas partilhadas; e os dados geogr\u00e1ficos obtidos&nbsp;em parceria com as&nbsp;operadoras de&nbsp;comunica\u00e7\u00f5es&nbsp;m\u00f3veis, entre outros.<\/p>\n\n\n\n<p>Com esses dados, a Plataforma de Mobilidade Inteligente permite conhecer em detalhe os locais de aflu\u00eancia, a acessibilidade dos servi\u00e7os e a evolu\u00e7\u00e3o da bilh\u00e9tica, assim como analisar os congestionamentos, entre muitas outras m\u00e9tricas poss\u00edveis. Assim, \u00e9 poss\u00edvel fazer uma leitura dos movimentos pendulares e perceber de forma mais precisa como as pessoas se deslocam na regi\u00e3o. Desta forma, a Plataforma constitui uma ferramenta de grande utilidade para o apoio \u00e0 tomada de decis\u00f5es por parte das autarquias.<\/p>\n\n\n\n<p><strong>Sobre a CIM Viseu D\u00e3o Laf\u00f5es:<\/strong><br>A CIM Viseu D\u00e3o Laf\u00f5es \u00e9 uma associa\u00e7\u00e3o de munic\u00edpios, denominada como Comunidade Intermunicipal, sendo constitu\u00edda pelos munic\u00edpios de\u00a0Aguiar da Beira, Carregal do Sal, Castro Daire, Mangualde, Nelas, Oliveira de Frades, Penalva do Castelo, Santa Comba D\u00e3o, S\u00e3o Pedro do Sul, S\u00e1t\u00e3o, Tondela, Vila Nova de Paiva, Viseu e Vouzela.<\/p>\n","protected":false},"excerpt":{"rendered":"<p>Apresenta\u00e7\u00e3o da Plataforma suscitou muitos elogios durante a confer\u00eancia \u201cMobilidade Inteligente\u201d, que decorre na Smart City Expo 2023.\u00a0 A apresenta\u00e7\u00e3o&#8230;<\/p>\n","protected":false},"author":7,"featured_media":12031,"comment_status":"closed","ping_status":"open","sticky":false,"template":"","format":"standard","meta":[],"categories":[39],"tags":[738,730,739],"yoast_head":"<!-- This site is optimized with the Yoast SEO plugin v20.12 - https:\/\/yoast.com\/wordpress\/plugins\/seo\/ -->\n<title>Plataforma de Mobilidade de Viseu D\u00e3o Laf\u00f5es foi um dos destaques de Portugal na Feira das Cidades Inteligentes de Barcelona\u00a0 - Atelier do Caractere<\/title>\n<meta name=\"robots\" content=\"index, follow, max-snippet:-1, max-image-preview:large, max-video-preview:-1\" \/>\n<link rel=\"canonical\" href=\"https:\/\/www.atelierdocaractere.pt\/brevemente\/plataforma-de-mobilidade-de-viseu-dao-lafoes-foi-um-dos-destaques-de-portugal-na-feira-das-cidades-inteligentes-de-barcelona\/\" \/>\n<meta property=\"og:locale\" content=\"pt_PT\" \/>\n<meta property=\"og:type\" content=\"article\" \/>\n<meta property=\"og:title\" content=\"Plataforma de Mobilidade de Viseu D\u00e3o Laf\u00f5es foi um dos destaques de Portugal na Feira das Cidades Inteligentes de Barcelona\u00a0 - Atelier do Caractere\" \/>\n<meta property=\"og:description\" content=\"Apresenta\u00e7\u00e3o da Plataforma suscitou muitos elogios durante a confer\u00eancia \u201cMobilidade Inteligente\u201d, que decorre na Smart City Expo 2023.\u00a0 A apresenta\u00e7\u00e3o...\" \/>\n<meta property=\"og:url\" content=\"https:\/\/www.atelierdocaractere.pt\/brevemente\/plataforma-de-mobilidade-de-viseu-dao-lafoes-foi-um-dos-destaques-de-portugal-na-feira-das-cidades-inteligentes-de-barcelona\/\" \/>\n<meta property=\"og:site_name\" content=\"Atelier do Caractere\" \/>\n<meta property=\"article:publisher\" content=\"https:\/\/www.facebook.com\/AtelierdoCaractere\" \/>\n<meta property=\"article:published_time\" content=\"2023-11-08T09:20:16+00:00\" \/>\n<meta property=\"article:modified_time\" content=\"2023-11-09T10:03:18+00:00\" \/>\n<meta property=\"og:image\" content=\"https:\/\/www.atelierdocaractere.pt\/wp-content\/uploads\/2023\/11\/press1.jpg\" \/>\n\t<meta property=\"og:image:width\" content=\"1398\" \/>\n\t<meta property=\"og:image:height\" content=\"875\" \/>\n\t<meta property=\"og:image:type\" content=\"image\/jpeg\" \/>\n<meta name=\"author\" content=\"Joana Barbosa\" \/>\n<meta name=\"twitter:card\" content=\"summary_large_image\" \/>\n<meta name=\"twitter:label1\" content=\"Escrito por\" \/>\n\t<meta name=\"twitter:data1\" content=\"Joana Barbosa\" \/>\n\t<meta name=\"twitter:label2\" content=\"Tempo estimado de leitura\" \/>\n\t<meta name=\"twitter:data2\" content=\"5 minutos\" \/>\n<script type=\"application\/ld+json\" class=\"yoast-schema-graph\">{\"@context\":\"https:\/\/schema.org\",\"@graph\":[{\"@type\":\"WebPage\",\"@id\":\"https:\/\/www.atelierdocaractere.pt\/brevemente\/plataforma-de-mobilidade-de-viseu-dao-lafoes-foi-um-dos-destaques-de-portugal-na-feira-das-cidades-inteligentes-de-barcelona\/\",\"url\":\"https:\/\/www.atelierdocaractere.pt\/brevemente\/plataforma-de-mobilidade-de-viseu-dao-lafoes-foi-um-dos-destaques-de-portugal-na-feira-das-cidades-inteligentes-de-barcelona\/\",\"name\":\"Plataforma de Mobilidade de Viseu D\u00e3o Laf\u00f5es foi um dos destaques de Portugal na Feira das Cidades Inteligentes de Barcelona\u00a0 - Atelier do Caractere\",\"isPartOf\":{\"@id\":\"https:\/\/www.atelierdocaractere.pt\/brevemente\/#website\"},\"datePublished\":\"2023-11-08T09:20:16+00:00\",\"dateModified\":\"2023-11-09T10:03:18+00:00\",\"author\":{\"@id\":\"https:\/\/www.atelierdocaractere.pt\/brevemente\/#\/schema\/person\/f2f096eb0f27d9894725af22cb97c0db\"},\"breadcrumb\":{\"@id\":\"https:\/\/www.atelierdocaractere.pt\/brevemente\/plataforma-de-mobilidade-de-viseu-dao-lafoes-foi-um-dos-destaques-de-portugal-na-feira-das-cidades-inteligentes-de-barcelona\/#breadcrumb\"},\"inLanguage\":\"pt-PT\",\"potentialAction\":[{\"@type\":\"ReadAction\",\"target\":[\"https:\/\/www.atelierdocaractere.pt\/brevemente\/plataforma-de-mobilidade-de-viseu-dao-lafoes-foi-um-dos-destaques-de-portugal-na-feira-das-cidades-inteligentes-de-barcelona\/\"]}]},{\"@type\":\"BreadcrumbList\",\"@id\":\"https:\/\/www.atelierdocaractere.pt\/brevemente\/plataforma-de-mobilidade-de-viseu-dao-lafoes-foi-um-dos-destaques-de-portugal-na-feira-das-cidades-inteligentes-de-barcelona\/#breadcrumb\",\"itemListElement\":[{\"@type\":\"ListItem\",\"position\":1,\"name\":\"In\u00edcio\",\"item\":\"https:\/\/www.atelierdocaractere.pt\/brevemente\/\"},{\"@type\":\"ListItem\",\"position\":2,\"name\":\"Plataforma de Mobilidade de Viseu D\u00e3o Laf\u00f5es foi um dos destaques de Portugal na Feira das Cidades Inteligentes de Barcelona\u00a0\"}]},{\"@type\":\"WebSite\",\"@id\":\"https:\/\/www.atelierdocaractere.pt\/brevemente\/#website\",\"url\":\"https:\/\/www.atelierdocaractere.pt\/brevemente\/\",\"name\":\"Atelier do Caractere\",\"description\":\"\",\"potentialAction\":[{\"@type\":\"SearchAction\",\"target\":{\"@type\":\"EntryPoint\",\"urlTemplate\":\"https:\/\/www.atelierdocaractere.pt\/brevemente\/?s={search_term_string}\"},\"query-input\":\"required name=search_term_string\"}],\"inLanguage\":\"pt-PT\"},{\"@type\":\"Person\",\"@id\":\"https:\/\/www.atelierdocaractere.pt\/brevemente\/#\/schema\/person\/f2f096eb0f27d9894725af22cb97c0db\",\"name\":\"Joana Barbosa\",\"image\":{\"@type\":\"ImageObject\",\"inLanguage\":\"pt-PT\",\"@id\":\"https:\/\/www.atelierdocaractere.pt\/brevemente\/#\/schema\/person\/image\/\",\"url\":\"https:\/\/secure.gravatar.com\/avatar\/33e8214b45e9d68a3a83008731075979?s=96&d=mm&r=g\",\"contentUrl\":\"https:\/\/secure.gravatar.com\/avatar\/33e8214b45e9d68a3a83008731075979?s=96&d=mm&r=g\",\"caption\":\"Joana Barbosa\"},\"url\":\"https:\/\/www.atelierdocaractere.pt\/brevemente\/author\/joanabarbosa\/\"}]}<\/script>\n<!-- \/ Yoast SEO plugin. -->","yoast_head_json":{"title":"Plataforma de Mobilidade de Viseu D\u00e3o Laf\u00f5es foi um dos destaques de Portugal na Feira das Cidades Inteligentes de Barcelona\u00a0 - Atelier do Caractere","robots":{"index":"index","follow":"follow","max-snippet":"max-snippet:-1","max-image-preview":"max-image-preview:large","max-video-preview":"max-video-preview:-1"},"canonical":"https:\/\/www.atelierdocaractere.pt\/brevemente\/plataforma-de-mobilidade-de-viseu-dao-lafoes-foi-um-dos-destaques-de-portugal-na-feira-das-cidades-inteligentes-de-barcelona\/","og_locale":"pt_PT","og_type":"article","og_title":"Plataforma de Mobilidade de Viseu D\u00e3o Laf\u00f5es foi um dos destaques de Portugal na Feira das Cidades Inteligentes de Barcelona\u00a0 - Atelier do Caractere","og_description":"Apresenta\u00e7\u00e3o da Plataforma suscitou muitos elogios durante a confer\u00eancia \u201cMobilidade Inteligente\u201d, que decorre na Smart City Expo 2023.\u00a0 A apresenta\u00e7\u00e3o...","og_url":"https:\/\/www.atelierdocaractere.pt\/brevemente\/plataforma-de-mobilidade-de-viseu-dao-lafoes-foi-um-dos-destaques-de-portugal-na-feira-das-cidades-inteligentes-de-barcelona\/","og_site_name":"Atelier do Caractere","article_publisher":"https:\/\/www.facebook.com\/AtelierdoCaractere","article_published_time":"2023-11-08T09:20:16+00:00","article_modified_time":"2023-11-09T10:03:18+00:00","og_image":[{"width":1398,"height":875,"url":"https:\/\/www.atelierdocaractere.pt\/wp-content\/uploads\/2023\/11\/press1.jpg","type":"image\/jpeg"}],"author":"Joana Barbosa","twitter_card":"summary_large_image","twitter_misc":{"Escrito por":"Joana Barbosa","Tempo estimado de leitura":"5 minutos"},"schema":{"@context":"https:\/\/schema.org","@graph":[{"@type":"WebPage","@id":"https:\/\/www.atelierdocaractere.pt\/brevemente\/plataforma-de-mobilidade-de-viseu-dao-lafoes-foi-um-dos-destaques-de-portugal-na-feira-das-cidades-inteligentes-de-barcelona\/","url":"https:\/\/www.atelierdocaractere.pt\/brevemente\/plataforma-de-mobilidade-de-viseu-dao-lafoes-foi-um-dos-destaques-de-portugal-na-feira-das-cidades-inteligentes-de-barcelona\/","name":"Plataforma de Mobilidade de Viseu D\u00e3o Laf\u00f5es foi um dos destaques de Portugal na Feira das Cidades Inteligentes de Barcelona\u00a0 - Atelier do Caractere","isPartOf":{"@id":"https:\/\/www.atelierdocaractere.pt\/brevemente\/#website"},"datePublished":"2023-11-08T09:20:16+00:00","dateModified":"2023-11-09T10:03:18+00:00","author":{"@id":"https:\/\/www.atelierdocaractere.pt\/brevemente\/#\/schema\/person\/f2f096eb0f27d9894725af22cb97c0db"},"breadcrumb":{"@id":"https:\/\/www.atelierdocaractere.pt\/brevemente\/plataforma-de-mobilidade-de-viseu-dao-lafoes-foi-um-dos-destaques-de-portugal-na-feira-das-cidades-inteligentes-de-barcelona\/#breadcrumb"},"inLanguage":"pt-PT","potentialAction":[{"@type":"ReadAction","target":["https:\/\/www.atelierdocaractere.pt\/brevemente\/plataforma-de-mobilidade-de-viseu-dao-lafoes-foi-um-dos-destaques-de-portugal-na-feira-das-cidades-inteligentes-de-barcelona\/"]}]},{"@type":"BreadcrumbList","@id":"https:\/\/www.atelierdocaractere.pt\/brevemente\/plataforma-de-mobilidade-de-viseu-dao-lafoes-foi-um-dos-destaques-de-portugal-na-feira-das-cidades-inteligentes-de-barcelona\/#breadcrumb","itemListElement":[{"@type":"ListItem","position":1,"name":"In\u00edcio","item":"https:\/\/www.atelierdocaractere.pt\/brevemente\/"},{"@type":"ListItem","position":2,"name":"Plataforma de Mobilidade de Viseu D\u00e3o Laf\u00f5es foi um dos destaques de Portugal na Feira das Cidades Inteligentes de Barcelona\u00a0"}]},{"@type":"WebSite","@id":"https:\/\/www.atelierdocaractere.pt\/brevemente\/#website","url":"https:\/\/www.atelierdocaractere.pt\/brevemente\/","name":"Atelier do Caractere","description":"","potentialAction":[{"@type":"SearchAction","target":{"@type":"EntryPoint","urlTemplate":"https:\/\/www.atelierdocaractere.pt\/brevemente\/?s={search_term_string}"},"query-input":"required name=search_term_string"}],"inLanguage":"pt-PT"},{"@type":"Person","@id":"https:\/\/www.atelierdocaractere.pt\/brevemente\/#\/schema\/person\/f2f096eb0f27d9894725af22cb97c0db","name":"Joana Barbosa","image":{"@type":"ImageObject","inLanguage":"pt-PT","@id":"https:\/\/www.atelierdocaractere.pt\/brevemente\/#\/schema\/person\/image\/","url":"https:\/\/secure.gravatar.com\/avatar\/33e8214b45e9d68a3a83008731075979?s=96&d=mm&r=g","contentUrl":"https:\/\/secure.gravatar.com\/avatar\/33e8214b45e9d68a3a83008731075979?s=96&d=mm&r=g","caption":"Joana Barbosa"},"url":"https:\/\/www.atelierdocaractere.pt\/brevemente\/author\/joanabarbosa\/"}]}},"_links":{"self":[{"href":"https:\/\/www.atelierdocaractere.pt\/brevemente\/wp-json\/wp\/v2\/posts\/12028"}],"collection":[{"href":"https:\/\/www.atelierdocaractere.pt\/brevemente\/wp-json\/wp\/v2\/posts"}],"about":[{"href":"https:\/\/www.atelierdocaractere.pt\/brevemente\/wp-json\/wp\/v2\/types\/post"}],"author":[{"embeddable":true,"href":"https:\/\/www.atelierdocaractere.pt\/brevemente\/wp-json\/wp\/v2\/users\/7"}],"replies":[{"embeddable":true,"href":"https:\/\/www.atelierdocaractere.pt\/brevemente\/wp-json\/wp\/v2\/comments?post=12028"}],"version-history":[{"count":1,"href":"https:\/\/www.atelierdocaractere.pt\/brevemente\/wp-json\/wp\/v2\/posts\/12028\/revisions"}],"predecessor-version":[{"id":12032,"href":"https:\/\/www.atelierdocaractere.pt\/brevemente\/wp-json\/wp\/v2\/posts\/12028\/revisions\/12032"}],"wp:featuredmedia":[{"embeddable":true,"href":"https:\/\/www.atelierdocaractere.pt\/brevemente\/wp-json\/wp\/v2\/media\/12031"}],"wp:attachment":[{"href":"https:\/\/www.atelierdocaractere.pt\/brevemente\/wp-json\/wp\/v2\/media?parent=12028"}],"wp:term":[{"taxonomy":"category","embeddable":true,"href":"https:\/\/www.atelierdocaractere.pt\/brevemente\/wp-json\/wp\/v2\/categories?post=12028"},{"taxonomy":"post_tag","embeddable":true,"href":"https:\/\/www.atelierdocaractere.pt\/brevemente\/wp-json\/wp\/v2\/tags?post=12028"}],"curies":[{"name":"wp","href":"https:\/\/api.w.org\/{rel}","templated":true}]}}