{"id":12035,"date":"2023-11-09T18:48:29","date_gmt":"2023-11-09T18:48:29","guid":{"rendered":"https:\/\/www.atelierdocaractere.pt\/brevemente\/?p=12035"},"modified":"2023-11-09T18:48:34","modified_gmt":"2023-11-09T18:48:34","slug":"muito-mais-do-que-um-rotulo-o-cacau-regressa-para-ajudar-a-associacao-sao-francisco-de-assis","status":"publish","type":"post","link":"https:\/\/www.atelierdocaractere.pt\/brevemente\/muito-mais-do-que-um-rotulo-o-cacau-regressa-para-ajudar-a-associacao-sao-francisco-de-assis\/","title":{"rendered":"Muito mais do que um r\u00f3tulo: o Cacau regressa para ajudar a Associa\u00e7\u00e3o S\u00e3o Francisco de Assis"},"content":{"rendered":"\n<p>\u00b7&nbsp;&nbsp;&nbsp;&nbsp;&nbsp;<strong>Herdade Grande d\u00e1 novo passo em torno do bem-sucedido r\u00f3tulo Cacau: \u00e9 lan\u00e7ada nova imagem e presen\u00e7a na Grande Distribui\u00e7\u00e3o, para campanha de apoio \u00e0 recolha e prote\u00e7\u00e3o de animais de companhia, abandonados ou perdidos. \u201cNo \u00faltimo ano foram abandonados quase 42 mil animais em Portugal. Importa convocar as aten\u00e7\u00f5es para isso mesmo\u201d, alerta Mariana Lan\u00e7a, diretora geral da Herdade Grande.<\/strong><\/p>\n\n\n\n<figure class=\"wp-block-image size-large\"><img decoding=\"async\" width=\"1024\" height=\"682\" src=\"https:\/\/www.atelierdocaractere.pt\/wp-content\/uploads\/2023\/11\/imagem-whatsapp-2023-11-09-as-184352-c3137e88-1024x682.jpg\" alt=\"\" class=\"wp-image-12037\" srcset=\"https:\/\/www.atelierdocaractere.pt\/wp-content\/uploads\/2023\/11\/imagem-whatsapp-2023-11-09-as-184352-c3137e88-1024x682.jpg 1024w, https:\/\/www.atelierdocaractere.pt\/wp-content\/uploads\/2023\/11\/imagem-whatsapp-2023-11-09-as-184352-c3137e88-300x200.jpg 300w, https:\/\/www.atelierdocaractere.pt\/wp-content\/uploads\/2023\/11\/imagem-whatsapp-2023-11-09-as-184352-c3137e88-768x512.jpg 768w, https:\/\/www.atelierdocaractere.pt\/wp-content\/uploads\/2023\/11\/imagem-whatsapp-2023-11-09-as-184352-c3137e88-1536x1023.jpg 1536w, https:\/\/www.atelierdocaractere.pt\/wp-content\/uploads\/2023\/11\/imagem-whatsapp-2023-11-09-as-184352-c3137e88-900x600.jpg 900w, https:\/\/www.atelierdocaractere.pt\/wp-content\/uploads\/2023\/11\/imagem-whatsapp-2023-11-09-as-184352-c3137e88-675x450.jpg 675w, https:\/\/www.atelierdocaractere.pt\/wp-content\/uploads\/2023\/11\/imagem-whatsapp-2023-11-09-as-184352-c3137e88.jpg 1600w\" sizes=\"(max-width: 1024px) 100vw, 1024px\" \/><\/figure>\n\n\n\n<p>\u00c0 chegada \u00e0 Herdade Grande, o Cacau fazia a rece\u00e7\u00e3o a quem chegasse sempre no seu jeito bondoso e divertido. Era um Labrador com uma empatia muito especial, calma e subitamente irreverente, que a todos apaixonava. Tornou-se um dos s\u00edmbolos da casa. E se era da casa, era da fam\u00edlia. Depois o Cacau adoeceu e em junho de 2022 morreu. Deixou um vazio enorme na Herdade Grande e a homenagem imp\u00f4s-se como evidente \u2013 que se honrasse o esp\u00edrito do Cacau no r\u00f3tulo de um vinho e se partilhassem as mem\u00f3rias que deixou!<\/p>\n\n\n\n<p>E assim foi. O Cacau tornou-se imediatamente um r\u00f3tulo ic\u00f3nico da Herdade Grande, o projeto cresceu e o vinho foi cada vez mais solicitado. Agora d\u00e1-se mais um importante passo. O Cacau chegar\u00e1 ainda a mais pessoas, atrav\u00e9s das prateleiras da Grande Distribui\u00e7\u00e3o, da Auchan e Sonae, mas tamb\u00e9m do site Herdade Grande, estreando uma nova imagem, garrafa e r\u00f3tulo. Tudo para convocar m\u00e1xima aten\u00e7\u00e3o para a causa da Associa\u00e7\u00e3o S\u00e3o Francisco de Assis \u2013 Cascais. Atrav\u00e9s do Cacau, todos os consumidores poder\u00e3o apoiar a atividade desta institui\u00e7\u00e3o especializada e reconhecida na recolha e prote\u00e7\u00e3o de animais de companhia, abandonados ou perdidos, j\u00e1 que 1% das vendas reverte a favor da associa\u00e7\u00e3o.<\/p>\n\n\n<div class=\"wp-block-image\">\n<figure class=\"aligncenter size-large\"><img decoding=\"async\" width=\"864\" height=\"1024\" src=\"https:\/\/www.atelierdocaractere.pt\/wp-content\/uploads\/2023\/11\/imagem-whatsapp-2023-11-09-as-184351-5476622b-864x1024.jpg\" alt=\"\" class=\"wp-image-12040\" srcset=\"https:\/\/www.atelierdocaractere.pt\/wp-content\/uploads\/2023\/11\/imagem-whatsapp-2023-11-09-as-184351-5476622b-864x1024.jpg 864w, https:\/\/www.atelierdocaractere.pt\/wp-content\/uploads\/2023\/11\/imagem-whatsapp-2023-11-09-as-184351-5476622b-253x300.jpg 253w, https:\/\/www.atelierdocaractere.pt\/wp-content\/uploads\/2023\/11\/imagem-whatsapp-2023-11-09-as-184351-5476622b-768x910.jpg 768w, https:\/\/www.atelierdocaractere.pt\/wp-content\/uploads\/2023\/11\/imagem-whatsapp-2023-11-09-as-184351-5476622b.jpg 1276w\" sizes=\"(max-width: 864px) 100vw, 864px\" \/><\/figure><\/div>\n\n\n<p>O novo r\u00f3tulo do Cacau apresenta um QR Code que serve de&nbsp;<a href=\"https:\/\/herdadegrande.com\/projetos-sociais\/\">liga\u00e7\u00e3o para uma p\u00e1gina de informa\u00e7\u00e3o da campanha<\/a>. Mariana Lan\u00e7a, diretora-geral da Herdade Grande, explica a g\u00e9nese iniciativa.&nbsp;<strong>\u201cSempre tivemos uma liga\u00e7\u00e3o especial aos animais e choca-nos muito, sobretudo nos dias de hoje, que aqueles que devem ser animais de companhia continuem a ser alvo de abandono e maus-tratos. No \u00faltimo ano foram abandonados quase 42 mil animais em Portugal! O Cacau era querido e desejado. Importa convocar as aten\u00e7\u00f5es para isso mesmo, para que as pessoas decidam se de facto querem comprometer-se com a companhia e trato devido de um animal\u201d<\/strong>, afirma Mariana Lan\u00e7a.<\/p>\n\n\n\n<p>A campanha significa a chegada ao mercado de um novo vinho, Cacau, um tinto que se pretende possa espelhar um perfil mais jovial da Vidigueira, elegante, fresco, de consumo f\u00e1cil e sedutor. Segue a nota de prova deste vinho.<\/p>\n\n\n<div class=\"wp-block-image\">\n<figure class=\"aligncenter size-large\"><img decoding=\"async\" width=\"867\" height=\"1024\" src=\"https:\/\/www.atelierdocaractere.pt\/wp-content\/uploads\/2023\/11\/imagem-whatsapp-2023-11-09-as-184351-55911eae-867x1024.jpg\" alt=\"\" class=\"wp-image-12039\" srcset=\"https:\/\/www.atelierdocaractere.pt\/wp-content\/uploads\/2023\/11\/imagem-whatsapp-2023-11-09-as-184351-55911eae-867x1024.jpg 867w, https:\/\/www.atelierdocaractere.pt\/wp-content\/uploads\/2023\/11\/imagem-whatsapp-2023-11-09-as-184351-55911eae-254x300.jpg 254w, https:\/\/www.atelierdocaractere.pt\/wp-content\/uploads\/2023\/11\/imagem-whatsapp-2023-11-09-as-184351-55911eae-768x907.jpg 768w, https:\/\/www.atelierdocaractere.pt\/wp-content\/uploads\/2023\/11\/imagem-whatsapp-2023-11-09-as-184351-55911eae.jpg 980w\" sizes=\"(max-width: 867px) 100vw, 867px\" \/><\/figure><\/div>\n\n\n<p><strong>Herdade Cacau Tinto 2021<\/strong><\/p>\n\n\n\n<p>Notas de prova: Vinho de cor rubi. No nariz revela notas de fruta vermelha jovem e eucalipto muito bem integrados com a tosta da madeira. Na boca, temos uma continuidade das notas apresentadas no nariz, com taninos redondos e bem equilibrados, sendo o fim de boca elegante, de persist\u00eancia m\u00e9dia, limpo, ficando o final marcado pela fruta jovem.<\/p>\n\n\n\n<p>PVP indicado: 5.99\u20ac<\/p>\n\n\n<div class=\"wp-block-image\">\n<figure class=\"aligncenter size-large\"><img decoding=\"async\" width=\"1024\" height=\"1024\" src=\"https:\/\/www.atelierdocaractere.pt\/wp-content\/uploads\/2023\/11\/imagem-whatsapp-2023-11-09-as-184351-6c1c9a4d-1024x1024.jpg\" alt=\"\" class=\"wp-image-12038\" srcset=\"https:\/\/www.atelierdocaractere.pt\/wp-content\/uploads\/2023\/11\/imagem-whatsapp-2023-11-09-as-184351-6c1c9a4d-1024x1024.jpg 1024w, https:\/\/www.atelierdocaractere.pt\/wp-content\/uploads\/2023\/11\/imagem-whatsapp-2023-11-09-as-184351-6c1c9a4d-300x300.jpg 300w, https:\/\/www.atelierdocaractere.pt\/wp-content\/uploads\/2023\/11\/imagem-whatsapp-2023-11-09-as-184351-6c1c9a4d-150x150.jpg 150w, https:\/\/www.atelierdocaractere.pt\/wp-content\/uploads\/2023\/11\/imagem-whatsapp-2023-11-09-as-184351-6c1c9a4d-768x768.jpg 768w, https:\/\/www.atelierdocaractere.pt\/wp-content\/uploads\/2023\/11\/imagem-whatsapp-2023-11-09-as-184351-6c1c9a4d-100x100.jpg 100w, https:\/\/www.atelierdocaractere.pt\/wp-content\/uploads\/2023\/11\/imagem-whatsapp-2023-11-09-as-184351-6c1c9a4d-140x140.jpg 140w, https:\/\/www.atelierdocaractere.pt\/wp-content\/uploads\/2023\/11\/imagem-whatsapp-2023-11-09-as-184351-6c1c9a4d-500x500.jpg 500w, https:\/\/www.atelierdocaractere.pt\/wp-content\/uploads\/2023\/11\/imagem-whatsapp-2023-11-09-as-184351-6c1c9a4d-350x350.jpg 350w, https:\/\/www.atelierdocaractere.pt\/wp-content\/uploads\/2023\/11\/imagem-whatsapp-2023-11-09-as-184351-6c1c9a4d-1000x1000.jpg 1000w, https:\/\/www.atelierdocaractere.pt\/wp-content\/uploads\/2023\/11\/imagem-whatsapp-2023-11-09-as-184351-6c1c9a4d-800x800.jpg 800w, https:\/\/www.atelierdocaractere.pt\/wp-content\/uploads\/2023\/11\/imagem-whatsapp-2023-11-09-as-184351-6c1c9a4d.jpg 1135w\" sizes=\"(max-width: 1024px) 100vw, 1024px\" \/><\/figure><\/div>\n\n\n<p><strong>Sobre a Herdade Grande<\/strong><\/p>\n\n\n\n<p>A Herdade Grande \u00e9 uma das mais emblem\u00e1ticas propriedades alentejanas. Sediada no Alentejo, a 5 Km da Vidigueira, e ber\u00e7o centen\u00e1rio da fam\u00edlia Lan\u00e7a, que ali se instalou em 1920, a Herdade Grande tem uma forte tradi\u00e7\u00e3o no sector agr\u00edcola e na viticultura. A aposta na produ\u00e7\u00e3o de vinho foi acentuada de forma estrat\u00e9gica, desde 1980, pelo atual propriet\u00e1rio, Ant\u00f3nio Lan\u00e7a, carism\u00e1tico agr\u00f3nomo que restruturou as vinhas existentes e desenhou o patrim\u00f3nio de castas que hoje evolui no&nbsp;<em>terroir<\/em>&nbsp;Herdade Grande, ao longo de 60 hectares (capacidade de produ\u00e7\u00e3o para 400.000 garrafas).&nbsp; A vis\u00e3o inovadora e experimentalista levou \u00e0 conjuga\u00e7\u00e3o das variedades emblem\u00e1ticas da regi\u00e3o com as grandes castas nacionais e internacionais que, pela adaptabilidade e originalidade, melhor contribuem para a express\u00e3o genu\u00edna dos vinhos alentejanos. Em 1997, a Herdade Grande come\u00e7ou a engarrafar os pr\u00f3prios vinhos, assumindo-se como um dos mais antigos e reputados projetos familiares da regi\u00e3o. Propriedade centen\u00e1ria, a Herdade Grande celebra tamb\u00e9m a quarta gera\u00e7\u00e3o da fam\u00edlia Lan\u00e7a na gest\u00e3o da propriedade, gra\u00e7as ao contributo de Mariana Lan\u00e7a, filha de Ant\u00f3nio Lan\u00e7a, tamb\u00e9m ela agr\u00f3noma, com mestrado em Viticultura e Enologia, e uma apaixonada pela herdade que o seu bisav\u00f4 descobriu em 1920.<\/p>\n","protected":false},"excerpt":{"rendered":"<p>\u00b7&nbsp;&nbsp;&nbsp;&nbsp;&nbsp;Herdade Grande d\u00e1 novo passo em torno do bem-sucedido r\u00f3tulo Cacau: \u00e9 lan\u00e7ada nova imagem e presen\u00e7a na Grande Distribui\u00e7\u00e3o,&#8230;<\/p>\n","protected":false},"author":7,"featured_media":12041,"comment_status":"closed","ping_status":"open","sticky":false,"template":"","format":"standard","meta":[],"categories":[41],"tags":[740,423],"yoast_head":"<!-- This site is optimized with the Yoast SEO plugin v20.12 - https:\/\/yoast.com\/wordpress\/plugins\/seo\/ -->\n<title>Muito mais do que um r\u00f3tulo: o Cacau regressa para ajudar a Associa\u00e7\u00e3o S\u00e3o Francisco de Assis - Atelier do Caractere<\/title>\n<meta name=\"robots\" content=\"index, follow, max-snippet:-1, max-image-preview:large, max-video-preview:-1\" \/>\n<link rel=\"canonical\" href=\"https:\/\/www.atelierdocaractere.pt\/brevemente\/muito-mais-do-que-um-rotulo-o-cacau-regressa-para-ajudar-a-associacao-sao-francisco-de-assis\/\" \/>\n<meta property=\"og:locale\" content=\"pt_PT\" \/>\n<meta property=\"og:type\" content=\"article\" \/>\n<meta property=\"og:title\" content=\"Muito mais do que um r\u00f3tulo: o Cacau regressa para ajudar a Associa\u00e7\u00e3o S\u00e3o Francisco de Assis - Atelier do Caractere\" \/>\n<meta property=\"og:description\" content=\"\u00b7&nbsp;&nbsp;&nbsp;&nbsp;&nbsp;Herdade Grande d\u00e1 novo passo em torno do bem-sucedido r\u00f3tulo Cacau: \u00e9 lan\u00e7ada nova imagem e presen\u00e7a na Grande Distribui\u00e7\u00e3o,...\" \/>\n<meta property=\"og:url\" content=\"https:\/\/www.atelierdocaractere.pt\/brevemente\/muito-mais-do-que-um-rotulo-o-cacau-regressa-para-ajudar-a-associacao-sao-francisco-de-assis\/\" \/>\n<meta property=\"og:site_name\" content=\"Atelier do Caractere\" \/>\n<meta property=\"article:publisher\" content=\"https:\/\/www.facebook.com\/AtelierdoCaractere\" \/>\n<meta property=\"article:published_time\" content=\"2023-11-09T18:48:29+00:00\" \/>\n<meta property=\"article:modified_time\" content=\"2023-11-09T18:48:34+00:00\" \/>\n<meta property=\"og:image\" content=\"https:\/\/www.atelierdocaractere.pt\/wp-content\/uploads\/2023\/11\/imagem-whatsapp-2023-11-09-as-184351-2c0f6590.jpg\" \/>\n\t<meta property=\"og:image:width\" content=\"1600\" \/>\n\t<meta property=\"og:image:height\" content=\"1066\" \/>\n\t<meta property=\"og:image:type\" content=\"image\/jpeg\" \/>\n<meta name=\"author\" content=\"Joana Barbosa\" \/>\n<meta name=\"twitter:card\" content=\"summary_large_image\" \/>\n<meta name=\"twitter:label1\" content=\"Escrito por\" \/>\n\t<meta name=\"twitter:data1\" content=\"Joana Barbosa\" \/>\n\t<meta name=\"twitter:label2\" content=\"Tempo estimado de leitura\" \/>\n\t<meta name=\"twitter:data2\" content=\"5 minutos\" \/>\n<script type=\"application\/ld+json\" class=\"yoast-schema-graph\">{\"@context\":\"https:\/\/schema.org\",\"@graph\":[{\"@type\":\"WebPage\",\"@id\":\"https:\/\/www.atelierdocaractere.pt\/brevemente\/muito-mais-do-que-um-rotulo-o-cacau-regressa-para-ajudar-a-associacao-sao-francisco-de-assis\/\",\"url\":\"https:\/\/www.atelierdocaractere.pt\/brevemente\/muito-mais-do-que-um-rotulo-o-cacau-regressa-para-ajudar-a-associacao-sao-francisco-de-assis\/\",\"name\":\"Muito mais do que um r\u00f3tulo: o Cacau regressa para ajudar a Associa\u00e7\u00e3o S\u00e3o Francisco de Assis - Atelier do Caractere\",\"isPartOf\":{\"@id\":\"https:\/\/www.atelierdocaractere.pt\/brevemente\/#website\"},\"datePublished\":\"2023-11-09T18:48:29+00:00\",\"dateModified\":\"2023-11-09T18:48:34+00:00\",\"author\":{\"@id\":\"https:\/\/www.atelierdocaractere.pt\/brevemente\/#\/schema\/person\/f2f096eb0f27d9894725af22cb97c0db\"},\"breadcrumb\":{\"@id\":\"https:\/\/www.atelierdocaractere.pt\/brevemente\/muito-mais-do-que-um-rotulo-o-cacau-regressa-para-ajudar-a-associacao-sao-francisco-de-assis\/#breadcrumb\"},\"inLanguage\":\"pt-PT\",\"potentialAction\":[{\"@type\":\"ReadAction\",\"target\":[\"https:\/\/www.atelierdocaractere.pt\/brevemente\/muito-mais-do-que-um-rotulo-o-cacau-regressa-para-ajudar-a-associacao-sao-francisco-de-assis\/\"]}]},{\"@type\":\"BreadcrumbList\",\"@id\":\"https:\/\/www.atelierdocaractere.pt\/brevemente\/muito-mais-do-que-um-rotulo-o-cacau-regressa-para-ajudar-a-associacao-sao-francisco-de-assis\/#breadcrumb\",\"itemListElement\":[{\"@type\":\"ListItem\",\"position\":1,\"name\":\"In\u00edcio\",\"item\":\"https:\/\/www.atelierdocaractere.pt\/brevemente\/\"},{\"@type\":\"ListItem\",\"position\":2,\"name\":\"Muito mais do que um r\u00f3tulo: o Cacau regressa para ajudar a Associa\u00e7\u00e3o S\u00e3o Francisco de Assis\"}]},{\"@type\":\"WebSite\",\"@id\":\"https:\/\/www.atelierdocaractere.pt\/brevemente\/#website\",\"url\":\"https:\/\/www.atelierdocaractere.pt\/brevemente\/\",\"name\":\"Atelier do Caractere\",\"description\":\"\",\"potentialAction\":[{\"@type\":\"SearchAction\",\"target\":{\"@type\":\"EntryPoint\",\"urlTemplate\":\"https:\/\/www.atelierdocaractere.pt\/brevemente\/?s={search_term_string}\"},\"query-input\":\"required name=search_term_string\"}],\"inLanguage\":\"pt-PT\"},{\"@type\":\"Person\",\"@id\":\"https:\/\/www.atelierdocaractere.pt\/brevemente\/#\/schema\/person\/f2f096eb0f27d9894725af22cb97c0db\",\"name\":\"Joana Barbosa\",\"image\":{\"@type\":\"ImageObject\",\"inLanguage\":\"pt-PT\",\"@id\":\"https:\/\/www.atelierdocaractere.pt\/brevemente\/#\/schema\/person\/image\/\",\"url\":\"https:\/\/secure.gravatar.com\/avatar\/33e8214b45e9d68a3a83008731075979?s=96&d=mm&r=g\",\"contentUrl\":\"https:\/\/secure.gravatar.com\/avatar\/33e8214b45e9d68a3a83008731075979?s=96&d=mm&r=g\",\"caption\":\"Joana Barbosa\"},\"url\":\"https:\/\/www.atelierdocaractere.pt\/brevemente\/author\/joanabarbosa\/\"}]}<\/script>\n<!-- \/ Yoast SEO plugin. -->","yoast_head_json":{"title":"Muito mais do que um r\u00f3tulo: o Cacau regressa para ajudar a Associa\u00e7\u00e3o S\u00e3o Francisco de Assis - Atelier do Caractere","robots":{"index":"index","follow":"follow","max-snippet":"max-snippet:-1","max-image-preview":"max-image-preview:large","max-video-preview":"max-video-preview:-1"},"canonical":"https:\/\/www.atelierdocaractere.pt\/brevemente\/muito-mais-do-que-um-rotulo-o-cacau-regressa-para-ajudar-a-associacao-sao-francisco-de-assis\/","og_locale":"pt_PT","og_type":"article","og_title":"Muito mais do que um r\u00f3tulo: o Cacau regressa para ajudar a Associa\u00e7\u00e3o S\u00e3o Francisco de Assis - Atelier do Caractere","og_description":"\u00b7&nbsp;&nbsp;&nbsp;&nbsp;&nbsp;Herdade Grande d\u00e1 novo passo em torno do bem-sucedido r\u00f3tulo Cacau: \u00e9 lan\u00e7ada nova imagem e presen\u00e7a na Grande Distribui\u00e7\u00e3o,...","og_url":"https:\/\/www.atelierdocaractere.pt\/brevemente\/muito-mais-do-que-um-rotulo-o-cacau-regressa-para-ajudar-a-associacao-sao-francisco-de-assis\/","og_site_name":"Atelier do Caractere","article_publisher":"https:\/\/www.facebook.com\/AtelierdoCaractere","article_published_time":"2023-11-09T18:48:29+00:00","article_modified_time":"2023-11-09T18:48:34+00:00","og_image":[{"width":1600,"height":1066,"url":"https:\/\/www.atelierdocaractere.pt\/wp-content\/uploads\/2023\/11\/imagem-whatsapp-2023-11-09-as-184351-2c0f6590.jpg","type":"image\/jpeg"}],"author":"Joana Barbosa","twitter_card":"summary_large_image","twitter_misc":{"Escrito por":"Joana Barbosa","Tempo estimado de leitura":"5 minutos"},"schema":{"@context":"https:\/\/schema.org","@graph":[{"@type":"WebPage","@id":"https:\/\/www.atelierdocaractere.pt\/brevemente\/muito-mais-do-que-um-rotulo-o-cacau-regressa-para-ajudar-a-associacao-sao-francisco-de-assis\/","url":"https:\/\/www.atelierdocaractere.pt\/brevemente\/muito-mais-do-que-um-rotulo-o-cacau-regressa-para-ajudar-a-associacao-sao-francisco-de-assis\/","name":"Muito mais do que um r\u00f3tulo: o Cacau regressa para ajudar a Associa\u00e7\u00e3o S\u00e3o Francisco de Assis - Atelier do Caractere","isPartOf":{"@id":"https:\/\/www.atelierdocaractere.pt\/brevemente\/#website"},"datePublished":"2023-11-09T18:48:29+00:00","dateModified":"2023-11-09T18:48:34+00:00","author":{"@id":"https:\/\/www.atelierdocaractere.pt\/brevemente\/#\/schema\/person\/f2f096eb0f27d9894725af22cb97c0db"},"breadcrumb":{"@id":"https:\/\/www.atelierdocaractere.pt\/brevemente\/muito-mais-do-que-um-rotulo-o-cacau-regressa-para-ajudar-a-associacao-sao-francisco-de-assis\/#breadcrumb"},"inLanguage":"pt-PT","potentialAction":[{"@type":"ReadAction","target":["https:\/\/www.atelierdocaractere.pt\/brevemente\/muito-mais-do-que-um-rotulo-o-cacau-regressa-para-ajudar-a-associacao-sao-francisco-de-assis\/"]}]},{"@type":"BreadcrumbList","@id":"https:\/\/www.atelierdocaractere.pt\/brevemente\/muito-mais-do-que-um-rotulo-o-cacau-regressa-para-ajudar-a-associacao-sao-francisco-de-assis\/#breadcrumb","itemListElement":[{"@type":"ListItem","position":1,"name":"In\u00edcio","item":"https:\/\/www.atelierdocaractere.pt\/brevemente\/"},{"@type":"ListItem","position":2,"name":"Muito mais do que um r\u00f3tulo: o Cacau regressa para ajudar a Associa\u00e7\u00e3o S\u00e3o Francisco de Assis"}]},{"@type":"WebSite","@id":"https:\/\/www.atelierdocaractere.pt\/brevemente\/#website","url":"https:\/\/www.atelierdocaractere.pt\/brevemente\/","name":"Atelier do Caractere","description":"","potentialAction":[{"@type":"SearchAction","target":{"@type":"EntryPoint","urlTemplate":"https:\/\/www.atelierdocaractere.pt\/brevemente\/?s={search_term_string}"},"query-input":"required name=search_term_string"}],"inLanguage":"pt-PT"},{"@type":"Person","@id":"https:\/\/www.atelierdocaractere.pt\/brevemente\/#\/schema\/person\/f2f096eb0f27d9894725af22cb97c0db","name":"Joana Barbosa","image":{"@type":"ImageObject","inLanguage":"pt-PT","@id":"https:\/\/www.atelierdocaractere.pt\/brevemente\/#\/schema\/person\/image\/","url":"https:\/\/secure.gravatar.com\/avatar\/33e8214b45e9d68a3a83008731075979?s=96&d=mm&r=g","contentUrl":"https:\/\/secure.gravatar.com\/avatar\/33e8214b45e9d68a3a83008731075979?s=96&d=mm&r=g","caption":"Joana Barbosa"},"url":"https:\/\/www.atelierdocaractere.pt\/brevemente\/author\/joanabarbosa\/"}]}},"_links":{"self":[{"href":"https:\/\/www.atelierdocaractere.pt\/brevemente\/wp-json\/wp\/v2\/posts\/12035"}],"collection":[{"href":"https:\/\/www.atelierdocaractere.pt\/brevemente\/wp-json\/wp\/v2\/posts"}],"about":[{"href":"https:\/\/www.atelierdocaractere.pt\/brevemente\/wp-json\/wp\/v2\/types\/post"}],"author":[{"embeddable":true,"href":"https:\/\/www.atelierdocaractere.pt\/brevemente\/wp-json\/wp\/v2\/users\/7"}],"replies":[{"embeddable":true,"href":"https:\/\/www.atelierdocaractere.pt\/brevemente\/wp-json\/wp\/v2\/comments?post=12035"}],"version-history":[{"count":1,"href":"https:\/\/www.atelierdocaractere.pt\/brevemente\/wp-json\/wp\/v2\/posts\/12035\/revisions"}],"predecessor-version":[{"id":12042,"href":"https:\/\/www.atelierdocaractere.pt\/brevemente\/wp-json\/wp\/v2\/posts\/12035\/revisions\/12042"}],"wp:featuredmedia":[{"embeddable":true,"href":"https:\/\/www.atelierdocaractere.pt\/brevemente\/wp-json\/wp\/v2\/media\/12041"}],"wp:attachment":[{"href":"https:\/\/www.atelierdocaractere.pt\/brevemente\/wp-json\/wp\/v2\/media?parent=12035"}],"wp:term":[{"taxonomy":"category","embeddable":true,"href":"https:\/\/www.atelierdocaractere.pt\/brevemente\/wp-json\/wp\/v2\/categories?post=12035"},{"taxonomy":"post_tag","embeddable":true,"href":"https:\/\/www.atelierdocaractere.pt\/brevemente\/wp-json\/wp\/v2\/tags?post=12035"}],"curies":[{"name":"wp","href":"https:\/\/api.w.org\/{rel}","templated":true}]}}