{"id":12046,"date":"2023-11-15T09:48:03","date_gmt":"2023-11-15T09:48:03","guid":{"rendered":"https:\/\/www.atelierdocaractere.pt\/brevemente\/?p=12046"},"modified":"2023-11-16T10:44:14","modified_gmt":"2023-11-16T10:44:14","slug":"europe-direct-junta-estudantes-de-viseu-e-de-aveiro-para-um-debate-alargado-sobre-a-uniao-europeia","status":"publish","type":"post","link":"https:\/\/www.atelierdocaractere.pt\/brevemente\/europe-direct-junta-estudantes-de-viseu-e-de-aveiro-para-um-debate-alargado-sobre-a-uniao-europeia\/","title":{"rendered":"EUROPE DIRECT junta estudantes de Viseu e de Aveiro para um debate alargado sobre a Uni\u00e3o Europeia"},"content":{"rendered":"\n<p><strong>2.\u00aa edi\u00e7\u00e3o do \u201cBootcamp Grow EU\u201d, promovido pelo EUROPE DIRECT Viseu D\u00e3o Laf\u00f5es, decorre nos dias 16 e 17 de novembro, em Viseu.<\/strong><\/p>\n\n\n\n<p>O&nbsp;<strong>EUROPE DIRECT Viseu D\u00e3o Laf\u00f5es<\/strong>&nbsp;est\u00e1 de volta com a 2.\u00aa edi\u00e7\u00e3o do&nbsp;<strong>\u201cBootcamp Grow EU\u201d<\/strong>, nos dias 16 e 17 de novembro.<\/p>\n\n\n\n<p>Este evento colaborativo re\u00fane jovens do Ensino Superior das regi\u00f5es de Viseu D\u00e3o Laf\u00f5es e de Aveiro, promovendo um di\u00e1logo sobre as prioridades e as pol\u00edticas europeias.&nbsp;<\/p>\n\n\n\n<p>O Instituto Polit\u00e9cnico de Viseu (IPV), parceiro institucional do evento, ser\u00e1 um dos palcos desta iniciativa, que acontece no \u00e2mbito do Ano Europeu das Compet\u00eancias. Os restantes parceiros do \u201cBootcamp\u201d s\u00e3o a Universidade de Aveiro (UA), a Comiss\u00e3o Europeia e a Comunidade Intermunicipal (CIM) Viseu D\u00e3o Laf\u00f5es. &nbsp;<\/p>\n\n\n\n<p>Em destaque estar\u00e3o temas como \u201cNextGeneration EU\u201d, \u201cREPower EU\u201d, \u201cAno Europeu das Compet\u00eancias\u201d e \u201cElei\u00e7\u00f5es Europeias 2024\u201d. A organiza\u00e7\u00e3o prev\u00ea a participa\u00e7\u00e3o de dezenas de alunos das duas institui\u00e7\u00f5es de ensino superior, \u00e0 semelhan\u00e7a do que aconteceu na edi\u00e7\u00e3o de 2022, em Aveiro. &nbsp;<\/p>\n\n\n\n<p>O programa, muito completo, come\u00e7a no dia 16, com uma sess\u00e3o de abertura, que decorrer\u00e1 no audit\u00f3rio do IPV. Depois, os estudantes participar\u00e3o em sess\u00f5es variadas. Ainda no primeiro dia, as sess\u00f5es s\u00e3o destinadas a debater o \u201cPopulismo &#8211; Fake News e Elei\u00e7\u00f5es Europeias\u201d e \u201cA Igualdade no Espa\u00e7o da Uni\u00e3o Europeia\u201d. No segundo dia, as sess\u00f5es incidir\u00e3o sobre \u201cEUNICE \u2013 European University e Mobilidade Erasmus+\u201d, \u201cPol\u00edticas de Informa\u00e7\u00e3o e Comunica\u00e7\u00e3o na Uni\u00e3o Europeia\u201d e \u201cPromover a Competitividade, a Participa\u00e7\u00e3o e o Talento no \u00c2mbito do Ano Europeu das Compet\u00eancias\u201d e decorrem no Centro Europe Direct.&nbsp;<\/p>\n\n\n\n<p>Os estudantes participar\u00e3o tamb\u00e9m em jogos dinamizados pela Universidade de Aveiro, sendo que o segundo dia encerra com uma visita guiada pela cidade de Viseu, destinada aos alunos de Aveiro, que ficar\u00e1 \u00e0 cargo da CM de Viseu.<\/p>\n\n\n\n<p><strong>Fernando Ruas, presidente da CIM Viseu D\u00e3o Laf\u00f5es<\/strong>&nbsp;(entidade de acolhimento do EUROPE DIRECT), manifesta que&nbsp;<em>\u201c\u00e9 sempre com muito gosto que recebemos em Viseu iniciativas do EUROPE DIRECT Viseu D\u00e3o Laf\u00f5es\u201d<\/em>.&nbsp;<em>\u201cEste evento, por reunir estudantes do ensino superior, \u00e9 um passo em frente no sentido de termos, no futuro pr\u00f3ximo, uma Europa mais forte, com cidad\u00e3os mais bem informados sobre os desafios da Uni\u00e3o. Tenho a certeza de que, tal como em 2022, destes dois dias vai resultar um debate interessant\u00edssimo sobre a Uni\u00e3o Europeia e o seu futuro\u201d<\/em>, diz Fernando Ruas.&nbsp; &nbsp;<\/p>\n\n\n\n<p><strong>Nuno Martinho, Secret\u00e1rio Executivo da CIM Viseu D\u00e3o Laf\u00f5es<\/strong>, elogia o programa das atividades.\u00a0<em>\u201cEste \u2018Bootcamp Grow EU\u2019 \u00e9 particularmente apelativo e tem todos os ingredientes para que, no final, os participantes possam ter uma no\u00e7\u00e3o mais concreta das pol\u00edticas e das iniciativas europeias. Costumo lembrar que a Uni\u00e3o Europeia n\u00e3o \u00e9 um conceito meramente abstrato, mas sim uma constru\u00e7\u00e3o para a qual todos contribu\u00edmos no dia a dia. S\u00e3o de elogiar, por isso, as iniciativas promovidas pelo EUROPE DIRECT Viseu D\u00e3o Laf\u00f5es no nosso territ\u00f3rio\u201d<\/em>, sublinha.\u00a0<\/p>\n\n\n\n<p><strong>Sobre a CIM Viseu D\u00e3o Laf\u00f5es:<\/strong><br>A CIM Viseu D\u00e3o Laf\u00f5es \u00e9 uma associa\u00e7\u00e3o de munic\u00edpios, denominada como Comunidade Intermunicipal, sendo constitu\u00edda pelos munic\u00edpios de\u00a0Aguiar da Beira, Carregal do Sal, Castro Daire, Mangualde, Nelas, Oliveira de Frades, Penalva do Castelo, Santa Comba D\u00e3o, S\u00e3o Pedro do Sul, S\u00e1t\u00e3o, Tondela, Vila Nova de Paiva, Viseu e Vouzela.<\/p>\n","protected":false},"excerpt":{"rendered":"<p>2.\u00aa edi\u00e7\u00e3o do \u201cBootcamp Grow EU\u201d, promovido pelo EUROPE DIRECT Viseu D\u00e3o Laf\u00f5es, decorre nos dias 16 e 17 de&#8230;<\/p>\n","protected":false},"author":7,"featured_media":12047,"comment_status":"closed","ping_status":"open","sticky":false,"template":"","format":"standard","meta":[],"categories":[67],"tags":[552,743,448,741,742,594],"yoast_head":"<!-- This site is optimized with the Yoast SEO plugin v20.12 - https:\/\/yoast.com\/wordpress\/plugins\/seo\/ -->\n<title>EUROPE DIRECT junta estudantes de Viseu e de Aveiro para um debate alargado sobre a Uni\u00e3o Europeia - Atelier do Caractere<\/title>\n<meta name=\"robots\" content=\"index, follow, max-snippet:-1, max-image-preview:large, max-video-preview:-1\" \/>\n<link rel=\"canonical\" href=\"https:\/\/www.atelierdocaractere.pt\/brevemente\/europe-direct-junta-estudantes-de-viseu-e-de-aveiro-para-um-debate-alargado-sobre-a-uniao-europeia\/\" \/>\n<meta property=\"og:locale\" content=\"pt_PT\" \/>\n<meta property=\"og:type\" content=\"article\" \/>\n<meta property=\"og:title\" content=\"EUROPE DIRECT junta estudantes de Viseu e de Aveiro para um debate alargado sobre a Uni\u00e3o Europeia - Atelier do Caractere\" \/>\n<meta property=\"og:description\" content=\"2.\u00aa edi\u00e7\u00e3o do \u201cBootcamp Grow EU\u201d, promovido pelo EUROPE DIRECT Viseu D\u00e3o Laf\u00f5es, decorre nos dias 16 e 17 de...\" \/>\n<meta property=\"og:url\" content=\"https:\/\/www.atelierdocaractere.pt\/brevemente\/europe-direct-junta-estudantes-de-viseu-e-de-aveiro-para-um-debate-alargado-sobre-a-uniao-europeia\/\" \/>\n<meta property=\"og:site_name\" content=\"Atelier do Caractere\" \/>\n<meta property=\"article:publisher\" content=\"https:\/\/www.facebook.com\/AtelierdoCaractere\" \/>\n<meta property=\"article:published_time\" content=\"2023-11-15T09:48:03+00:00\" \/>\n<meta property=\"article:modified_time\" content=\"2023-11-16T10:44:14+00:00\" \/>\n<meta property=\"og:image\" content=\"https:\/\/www.atelierdocaractere.pt\/wp-content\/uploads\/2023\/11\/imagem-whatsapp-2023-11-16-as-101610-1fffd0f5.jpg\" \/>\n\t<meta property=\"og:image:width\" content=\"1600\" \/>\n\t<meta property=\"og:image:height\" content=\"1204\" \/>\n\t<meta property=\"og:image:type\" content=\"image\/jpeg\" \/>\n<meta name=\"author\" content=\"Joana Barbosa\" \/>\n<meta name=\"twitter:card\" content=\"summary_large_image\" \/>\n<meta name=\"twitter:label1\" content=\"Escrito por\" \/>\n\t<meta name=\"twitter:data1\" content=\"Joana Barbosa\" \/>\n\t<meta name=\"twitter:label2\" content=\"Tempo estimado de leitura\" \/>\n\t<meta name=\"twitter:data2\" content=\"3 minutos\" \/>\n<script type=\"application\/ld+json\" class=\"yoast-schema-graph\">{\"@context\":\"https:\/\/schema.org\",\"@graph\":[{\"@type\":\"WebPage\",\"@id\":\"https:\/\/www.atelierdocaractere.pt\/brevemente\/europe-direct-junta-estudantes-de-viseu-e-de-aveiro-para-um-debate-alargado-sobre-a-uniao-europeia\/\",\"url\":\"https:\/\/www.atelierdocaractere.pt\/brevemente\/europe-direct-junta-estudantes-de-viseu-e-de-aveiro-para-um-debate-alargado-sobre-a-uniao-europeia\/\",\"name\":\"EUROPE DIRECT junta estudantes de Viseu e de Aveiro para um debate alargado sobre a Uni\u00e3o Europeia - Atelier do Caractere\",\"isPartOf\":{\"@id\":\"https:\/\/www.atelierdocaractere.pt\/brevemente\/#website\"},\"datePublished\":\"2023-11-15T09:48:03+00:00\",\"dateModified\":\"2023-11-16T10:44:14+00:00\",\"author\":{\"@id\":\"https:\/\/www.atelierdocaractere.pt\/brevemente\/#\/schema\/person\/f2f096eb0f27d9894725af22cb97c0db\"},\"breadcrumb\":{\"@id\":\"https:\/\/www.atelierdocaractere.pt\/brevemente\/europe-direct-junta-estudantes-de-viseu-e-de-aveiro-para-um-debate-alargado-sobre-a-uniao-europeia\/#breadcrumb\"},\"inLanguage\":\"pt-PT\",\"potentialAction\":[{\"@type\":\"ReadAction\",\"target\":[\"https:\/\/www.atelierdocaractere.pt\/brevemente\/europe-direct-junta-estudantes-de-viseu-e-de-aveiro-para-um-debate-alargado-sobre-a-uniao-europeia\/\"]}]},{\"@type\":\"BreadcrumbList\",\"@id\":\"https:\/\/www.atelierdocaractere.pt\/brevemente\/europe-direct-junta-estudantes-de-viseu-e-de-aveiro-para-um-debate-alargado-sobre-a-uniao-europeia\/#breadcrumb\",\"itemListElement\":[{\"@type\":\"ListItem\",\"position\":1,\"name\":\"In\u00edcio\",\"item\":\"https:\/\/www.atelierdocaractere.pt\/brevemente\/\"},{\"@type\":\"ListItem\",\"position\":2,\"name\":\"EUROPE DIRECT junta estudantes de Viseu e de Aveiro para um debate alargado sobre a Uni\u00e3o Europeia\"}]},{\"@type\":\"WebSite\",\"@id\":\"https:\/\/www.atelierdocaractere.pt\/brevemente\/#website\",\"url\":\"https:\/\/www.atelierdocaractere.pt\/brevemente\/\",\"name\":\"Atelier do Caractere\",\"description\":\"\",\"potentialAction\":[{\"@type\":\"SearchAction\",\"target\":{\"@type\":\"EntryPoint\",\"urlTemplate\":\"https:\/\/www.atelierdocaractere.pt\/brevemente\/?s={search_term_string}\"},\"query-input\":\"required name=search_term_string\"}],\"inLanguage\":\"pt-PT\"},{\"@type\":\"Person\",\"@id\":\"https:\/\/www.atelierdocaractere.pt\/brevemente\/#\/schema\/person\/f2f096eb0f27d9894725af22cb97c0db\",\"name\":\"Joana Barbosa\",\"image\":{\"@type\":\"ImageObject\",\"inLanguage\":\"pt-PT\",\"@id\":\"https:\/\/www.atelierdocaractere.pt\/brevemente\/#\/schema\/person\/image\/\",\"url\":\"https:\/\/secure.gravatar.com\/avatar\/33e8214b45e9d68a3a83008731075979?s=96&d=mm&r=g\",\"contentUrl\":\"https:\/\/secure.gravatar.com\/avatar\/33e8214b45e9d68a3a83008731075979?s=96&d=mm&r=g\",\"caption\":\"Joana Barbosa\"},\"url\":\"https:\/\/www.atelierdocaractere.pt\/brevemente\/author\/joanabarbosa\/\"}]}<\/script>\n<!-- \/ Yoast SEO plugin. -->","yoast_head_json":{"title":"EUROPE DIRECT junta estudantes de Viseu e de Aveiro para um debate alargado sobre a Uni\u00e3o Europeia - Atelier do Caractere","robots":{"index":"index","follow":"follow","max-snippet":"max-snippet:-1","max-image-preview":"max-image-preview:large","max-video-preview":"max-video-preview:-1"},"canonical":"https:\/\/www.atelierdocaractere.pt\/brevemente\/europe-direct-junta-estudantes-de-viseu-e-de-aveiro-para-um-debate-alargado-sobre-a-uniao-europeia\/","og_locale":"pt_PT","og_type":"article","og_title":"EUROPE DIRECT junta estudantes de Viseu e de Aveiro para um debate alargado sobre a Uni\u00e3o Europeia - Atelier do Caractere","og_description":"2.\u00aa edi\u00e7\u00e3o do \u201cBootcamp Grow EU\u201d, promovido pelo EUROPE DIRECT Viseu D\u00e3o Laf\u00f5es, decorre nos dias 16 e 17 de...","og_url":"https:\/\/www.atelierdocaractere.pt\/brevemente\/europe-direct-junta-estudantes-de-viseu-e-de-aveiro-para-um-debate-alargado-sobre-a-uniao-europeia\/","og_site_name":"Atelier do Caractere","article_publisher":"https:\/\/www.facebook.com\/AtelierdoCaractere","article_published_time":"2023-11-15T09:48:03+00:00","article_modified_time":"2023-11-16T10:44:14+00:00","og_image":[{"width":1600,"height":1204,"url":"https:\/\/www.atelierdocaractere.pt\/wp-content\/uploads\/2023\/11\/imagem-whatsapp-2023-11-16-as-101610-1fffd0f5.jpg","type":"image\/jpeg"}],"author":"Joana Barbosa","twitter_card":"summary_large_image","twitter_misc":{"Escrito por":"Joana Barbosa","Tempo estimado de leitura":"3 minutos"},"schema":{"@context":"https:\/\/schema.org","@graph":[{"@type":"WebPage","@id":"https:\/\/www.atelierdocaractere.pt\/brevemente\/europe-direct-junta-estudantes-de-viseu-e-de-aveiro-para-um-debate-alargado-sobre-a-uniao-europeia\/","url":"https:\/\/www.atelierdocaractere.pt\/brevemente\/europe-direct-junta-estudantes-de-viseu-e-de-aveiro-para-um-debate-alargado-sobre-a-uniao-europeia\/","name":"EUROPE DIRECT junta estudantes de Viseu e de Aveiro para um debate alargado sobre a Uni\u00e3o Europeia - Atelier do Caractere","isPartOf":{"@id":"https:\/\/www.atelierdocaractere.pt\/brevemente\/#website"},"datePublished":"2023-11-15T09:48:03+00:00","dateModified":"2023-11-16T10:44:14+00:00","author":{"@id":"https:\/\/www.atelierdocaractere.pt\/brevemente\/#\/schema\/person\/f2f096eb0f27d9894725af22cb97c0db"},"breadcrumb":{"@id":"https:\/\/www.atelierdocaractere.pt\/brevemente\/europe-direct-junta-estudantes-de-viseu-e-de-aveiro-para-um-debate-alargado-sobre-a-uniao-europeia\/#breadcrumb"},"inLanguage":"pt-PT","potentialAction":[{"@type":"ReadAction","target":["https:\/\/www.atelierdocaractere.pt\/brevemente\/europe-direct-junta-estudantes-de-viseu-e-de-aveiro-para-um-debate-alargado-sobre-a-uniao-europeia\/"]}]},{"@type":"BreadcrumbList","@id":"https:\/\/www.atelierdocaractere.pt\/brevemente\/europe-direct-junta-estudantes-de-viseu-e-de-aveiro-para-um-debate-alargado-sobre-a-uniao-europeia\/#breadcrumb","itemListElement":[{"@type":"ListItem","position":1,"name":"In\u00edcio","item":"https:\/\/www.atelierdocaractere.pt\/brevemente\/"},{"@type":"ListItem","position":2,"name":"EUROPE DIRECT junta estudantes de Viseu e de Aveiro para um debate alargado sobre a Uni\u00e3o Europeia"}]},{"@type":"WebSite","@id":"https:\/\/www.atelierdocaractere.pt\/brevemente\/#website","url":"https:\/\/www.atelierdocaractere.pt\/brevemente\/","name":"Atelier do Caractere","description":"","potentialAction":[{"@type":"SearchAction","target":{"@type":"EntryPoint","urlTemplate":"https:\/\/www.atelierdocaractere.pt\/brevemente\/?s={search_term_string}"},"query-input":"required name=search_term_string"}],"inLanguage":"pt-PT"},{"@type":"Person","@id":"https:\/\/www.atelierdocaractere.pt\/brevemente\/#\/schema\/person\/f2f096eb0f27d9894725af22cb97c0db","name":"Joana Barbosa","image":{"@type":"ImageObject","inLanguage":"pt-PT","@id":"https:\/\/www.atelierdocaractere.pt\/brevemente\/#\/schema\/person\/image\/","url":"https:\/\/secure.gravatar.com\/avatar\/33e8214b45e9d68a3a83008731075979?s=96&d=mm&r=g","contentUrl":"https:\/\/secure.gravatar.com\/avatar\/33e8214b45e9d68a3a83008731075979?s=96&d=mm&r=g","caption":"Joana Barbosa"},"url":"https:\/\/www.atelierdocaractere.pt\/brevemente\/author\/joanabarbosa\/"}]}},"_links":{"self":[{"href":"https:\/\/www.atelierdocaractere.pt\/brevemente\/wp-json\/wp\/v2\/posts\/12046"}],"collection":[{"href":"https:\/\/www.atelierdocaractere.pt\/brevemente\/wp-json\/wp\/v2\/posts"}],"about":[{"href":"https:\/\/www.atelierdocaractere.pt\/brevemente\/wp-json\/wp\/v2\/types\/post"}],"author":[{"embeddable":true,"href":"https:\/\/www.atelierdocaractere.pt\/brevemente\/wp-json\/wp\/v2\/users\/7"}],"replies":[{"embeddable":true,"href":"https:\/\/www.atelierdocaractere.pt\/brevemente\/wp-json\/wp\/v2\/comments?post=12046"}],"version-history":[{"count":1,"href":"https:\/\/www.atelierdocaractere.pt\/brevemente\/wp-json\/wp\/v2\/posts\/12046\/revisions"}],"predecessor-version":[{"id":12048,"href":"https:\/\/www.atelierdocaractere.pt\/brevemente\/wp-json\/wp\/v2\/posts\/12046\/revisions\/12048"}],"wp:featuredmedia":[{"embeddable":true,"href":"https:\/\/www.atelierdocaractere.pt\/brevemente\/wp-json\/wp\/v2\/media\/12047"}],"wp:attachment":[{"href":"https:\/\/www.atelierdocaractere.pt\/brevemente\/wp-json\/wp\/v2\/media?parent=12046"}],"wp:term":[{"taxonomy":"category","embeddable":true,"href":"https:\/\/www.atelierdocaractere.pt\/brevemente\/wp-json\/wp\/v2\/categories?post=12046"},{"taxonomy":"post_tag","embeddable":true,"href":"https:\/\/www.atelierdocaractere.pt\/brevemente\/wp-json\/wp\/v2\/tags?post=12046"}],"curies":[{"name":"wp","href":"https:\/\/api.w.org\/{rel}","templated":true}]}}