{"id":12049,"date":"2023-11-19T09:29:11","date_gmt":"2023-11-19T09:29:11","guid":{"rendered":"https:\/\/www.atelierdocaractere.pt\/brevemente\/?p=12049"},"modified":"2023-11-22T09:34:38","modified_gmt":"2023-11-22T09:34:38","slug":"iniciativas-itinerantes-de-ciencias-vao-percorrer-todas-as-escolas-de-viseu-dao-lafoes-para-promover-o-sucesso-educativo","status":"publish","type":"post","link":"https:\/\/www.atelierdocaractere.pt\/brevemente\/iniciativas-itinerantes-de-ciencias-vao-percorrer-todas-as-escolas-de-viseu-dao-lafoes-para-promover-o-sucesso-educativo\/","title":{"rendered":"Iniciativas itinerantes de Ci\u00eancias v\u00e3o percorrer todas as escolas de Viseu D\u00e3o Laf\u00f5es para promover o sucesso educativo"},"content":{"rendered":"\n<p><strong>Iniciativas itinerantes de Ci\u00eancias v\u00e3o percorrer todas as escolas de Viseu D\u00e3o Laf\u00f5es para promover o sucesso educativo<\/strong><\/p>\n\n\n\n<figure class=\"wp-block-image size-large\"><img decoding=\"async\" width=\"1024\" height=\"768\" src=\"https:\/\/www.atelierdocaractere.pt\/wp-content\/uploads\/2023\/11\/imagem-whatsapp-2023-11-22-as-093328-6e83e09c-1024x768.jpg\" alt=\"\" class=\"wp-image-12051\" srcset=\"https:\/\/www.atelierdocaractere.pt\/wp-content\/uploads\/2023\/11\/imagem-whatsapp-2023-11-22-as-093328-6e83e09c-1024x768.jpg 1024w, https:\/\/www.atelierdocaractere.pt\/wp-content\/uploads\/2023\/11\/imagem-whatsapp-2023-11-22-as-093328-6e83e09c-300x225.jpg 300w, https:\/\/www.atelierdocaractere.pt\/wp-content\/uploads\/2023\/11\/imagem-whatsapp-2023-11-22-as-093328-6e83e09c-768x576.jpg 768w, https:\/\/www.atelierdocaractere.pt\/wp-content\/uploads\/2023\/11\/imagem-whatsapp-2023-11-22-as-093328-6e83e09c-1536x1152.jpg 1536w, https:\/\/www.atelierdocaractere.pt\/wp-content\/uploads\/2023\/11\/imagem-whatsapp-2023-11-22-as-093328-6e83e09c.jpg 1600w\" sizes=\"(max-width: 1024px) 100vw, 1024px\" \/><\/figure>\n\n\n\n<p>A&nbsp;<strong>Comunidade Intermunicipal (CIM) Viseu D\u00e3o Laf\u00f5es<\/strong>&nbsp;vai voltar a levar \u00e0s escolas da regi\u00e3o duas iniciativas itinerantes que alcan\u00e7aram resultados muito positivos em anos letivos anteriores. A partir de 21 de novembro, o autocarro&nbsp;<strong>\u201cLaborat\u00f3rio M\u00f3vel das Ci\u00eancias\u201d<\/strong>&nbsp;e o&nbsp;<em>Breakout<\/em>&nbsp;Educativo&nbsp;<strong>\u201cApanhados pelo Clima\u201d<\/strong>&nbsp;ir\u00e3o percorrer todo o territ\u00f3rio e proporcionar novas experi\u00eancias e desafios aos alunos.<\/p>\n\n\n\n<p>Refira-se que o in\u00edcio das duas iniciativas coincide com a Semana da Ci\u00eancia e da Tecnologia (20 a 26 de novembro) e a Semana Europeia da Preven\u00e7\u00e3o de Res\u00edduos (18 e 26 de novembro).<\/p>\n\n\n\n<p>O autocarro&nbsp;<strong>\u201cLaborat\u00f3rio M\u00f3vel das Ci\u00eancias: Viseu D\u00e3o Laf\u00f5es\u201d<\/strong>&nbsp;\u00e9 destinado aos alunos mais novos, dos 2.\u00ba e 3.\u00ba anos de escolaridade. As crian\u00e7as ter\u00e3o ao dispor um ambiente pedag\u00f3gico inovador, com materiais e conte\u00fados diversificados, que estimulam o conhecimento em \u00e1reas como a rob\u00f3tica, a sustentabilidade e o mundo digital.<\/p>\n\n\n\n<p>Este Laborat\u00f3rio ir\u00e1 visitar todos os agrupamentos de escolas dos 14 munic\u00edpios da CIM Viseu D\u00e3o Laf\u00f5es. Est\u00e1 prevista uma a\u00e7\u00e3o para cada grupo de crian\u00e7as, de forma que todos os alunos possam participar. Nessa a\u00e7\u00e3o, com a dura\u00e7\u00e3o de 90 minutos, ser\u00e3o desenvolvidas duas atividades tem\u00e1ticas, entre oito temas \u00e0 escolha: Biodiversidade, Geologia, Economia Circular, F\u00e1brica de Rob\u00f4s, Corpo Humano, Fen\u00f3menos Atmosf\u00e9ricos e Altera\u00e7\u00f5es Clim\u00e1ticas, A Nossa Escola no Cosmos e Tu e os Outros.&nbsp;<\/p>\n\n\n\n<p>A outra iniciativa \u00e9 o&nbsp;<em>Breakout<\/em>&nbsp;Educativo&nbsp;<strong>\u201cApanhados pelo Clima\u201d<\/strong>, que funciona em conjunto com a&nbsp;<strong>\u201cBancada M\u00f3vel das Ci\u00eancias\u201d<\/strong>. Este bloco integra o projeto \u201cO Futuro \u00e9 Amanh\u00e3\u201d, o qual pretende motivar a reflex\u00e3o, o debate e a divulga\u00e7\u00e3o da problem\u00e1tica das altera\u00e7\u00f5es clim\u00e1ticas. O p\u00fablico-alvo s\u00e3o todos os alunos dos 7.\u00ba, 8.\u00ba e 9.\u00ba anos de escolaridade dos 14 agrupamentos de escolas.&nbsp;<\/p>\n\n\n\n<p>O&nbsp;<em>Breakout<\/em>&nbsp;Educativo \u201cApanhados pelo Clima\u201d consiste num jogo educativo, que desmistifica e clarifica conceitos relativamente \u00e0 forma como as altera\u00e7\u00f5es clim\u00e1ticas afetam a vida dos territ\u00f3rios e comunidades. De uma forma din\u00e2mica, promove a ideia de a\u00e7\u00e3o perante o atual cen\u00e1rio clim\u00e1tico, nomeadamente as a\u00e7\u00f5es estrat\u00e9gicas que est\u00e3o a ser adotadas no \u00e2mbito do Plano Intermunicipal de Adapta\u00e7\u00e3o \u00e0s Altera\u00e7\u00f5es Clim\u00e1ticas do territ\u00f3rio de Viseu D\u00e3o Laf\u00f5es.&nbsp;<\/p>\n\n\n\n<p>A metodologia, baseada na ideia de jogos de fuga, oferece uma experi\u00eancia imersiva a partir de um cen\u00e1rio inicial de urg\u00eancia clim\u00e1tica. A colabora\u00e7\u00e3o, o pensamento cr\u00edtico e a mobiliza\u00e7\u00e3o de conhecimento dos alunos s\u00e3o a base para a resolu\u00e7\u00e3o dos desafios propostos. Durante o jogo, que dura 90 minutos, os alunos conquistam pistas\/c\u00f3digos que permitem ir progredindo na miss\u00e3o, at\u00e9 atingir o objetivo final: a implementa\u00e7\u00e3o do PIAAC, que permitir\u00e1 \u00e0 regi\u00e3o mitigar e adaptar-se aos impactos das altera\u00e7\u00f5es clim\u00e1ticas.&nbsp;<\/p>\n\n\n\n<p>A funcionar em paralelo com o \u201cApanhados pelo Clima\u201d, as atividades pr\u00e1ticas \u201cBancada de Ci\u00eancias\u201d apresentam cinco possibilidades diferentes: Pegada de Carbono do Pequeno-Almo\u00e7o; Economia Circular: \u201cFoco na Embalagem\u201d; Economia Circular: \u201cEscolhas Energ\u00e9ticas\u201d; Movidos a Sol; e Jenga da Biodiversidade.&nbsp;<\/p>\n\n\n\n<p>Durante a interrup\u00e7\u00e3o letiva de fim de ano escolar, ao longo de todo o m\u00eas de julho, o autocarro permanecer\u00e1 em cada um dos munic\u00edpios, permitindo que as crian\u00e7as possam tamb\u00e9m usufruir desta experi\u00eancia enriquecedora durante as suas f\u00e9rias de Ver\u00e3o.<\/p>\n\n\n\n<p><em>\u201c<\/em><em>A CIM Viseu D\u00e3o Laf\u00f5es tem como um dos seus grandes des\u00edgnios contribuir para a melhoria do sucesso educativo na regi\u00e3o. A cria\u00e7\u00e3o de ambientes pedagogicamente inovadores \u00e9, comprovadamente, um m\u00e9todo eficaz de motiva\u00e7\u00e3o dos alunos de todas as idades. Iniciativas como estas, que v\u00e3o percorrer todos os agrupamentos de escolas do territ\u00f3rio, criam valor acrescentado e aumentam as condi\u00e7\u00f5es para o sucesso dos nossos alunos\u201d<\/em>, sublinha&nbsp;<strong>Fernando Ruas, Presidente da CIM Viseu D\u00e3o Laf\u00f5es<\/strong>.&nbsp;<\/p>\n\n\n\n<p><strong>Nuno Martinho, Secret\u00e1rio Executivo da CIM Viseu D\u00e3o Laf\u00f5es<\/strong>, destaca a colabora\u00e7\u00e3o com os munic\u00edpios nesta \u00e1rea:\u00a0<em>\u201cEstes projetos na \u00e1rea da educa\u00e7\u00e3o s\u00e3o desenvolvidos em\u00a0articula\u00e7\u00e3o\u00a0com os\u00a0munic\u00edpios e agrupamentos de escolas, envolvendo toda a comunidade educativa de Viseu D\u00e3o Laf\u00f5es.\u00a0O contacto dos alunos, de todas as idades, com \u00e1reas t\u00e3o atuais como a rob\u00f3tica, as ci\u00eancias experimentais, as altera\u00e7\u00f5es clim\u00e1ticas ou a economia circular potencia o gosto pelo conhecimento e pela descoberta, o que, por sua vez, estimula um maior envolvimento na aprendizagem. E, pois, uma aposta ganha \u00e0 partida e com impacto positivo no percurso escolar dos nossos jovens\u201d.<\/em><\/p>\n\n\n\n<p><strong>Sobre a CIM Viseu D\u00e3o Laf\u00f5es:<\/strong><br>A CIM Viseu D\u00e3o Laf\u00f5es \u00e9 uma associa\u00e7\u00e3o de munic\u00edpios, denominada como Comunidade Intermunicipal, sendo constitu\u00edda pelos munic\u00edpios de\u00a0Aguiar da Beira, Carregal do Sal, Castro Daire, Mangualde, Nelas, Oliveira de Frades, Penalva do Castelo, Santa Comba D\u00e3o, S\u00e3o Pedro do Sul, S\u00e1t\u00e3o, Tondela, Vila Nova de Paiva, Viseu e Vouzela.<\/p>\n","protected":false},"excerpt":{"rendered":"<p>Iniciativas itinerantes de Ci\u00eancias v\u00e3o percorrer todas as escolas de Viseu D\u00e3o Laf\u00f5es para promover o sucesso educativo A&nbsp;Comunidade Intermunicipal&#8230;<\/p>\n","protected":false},"author":7,"featured_media":12050,"comment_status":"closed","ping_status":"open","sticky":false,"template":"","format":"standard","meta":[],"categories":[67],"tags":[746,448,744],"yoast_head":"<!-- This site is optimized with the Yoast SEO plugin v20.12 - https:\/\/yoast.com\/wordpress\/plugins\/seo\/ -->\n<title>Iniciativas itinerantes de Ci\u00eancias v\u00e3o percorrer todas as escolas de Viseu D\u00e3o Laf\u00f5es para promover o sucesso educativo - Atelier do Caractere<\/title>\n<meta name=\"robots\" content=\"index, follow, max-snippet:-1, max-image-preview:large, max-video-preview:-1\" \/>\n<link rel=\"canonical\" href=\"https:\/\/www.atelierdocaractere.pt\/brevemente\/iniciativas-itinerantes-de-ciencias-vao-percorrer-todas-as-escolas-de-viseu-dao-lafoes-para-promover-o-sucesso-educativo\/\" \/>\n<meta property=\"og:locale\" content=\"pt_PT\" \/>\n<meta property=\"og:type\" content=\"article\" \/>\n<meta property=\"og:title\" content=\"Iniciativas itinerantes de Ci\u00eancias v\u00e3o percorrer todas as escolas de Viseu D\u00e3o Laf\u00f5es para promover o sucesso educativo - Atelier do Caractere\" \/>\n<meta property=\"og:description\" content=\"Iniciativas itinerantes de Ci\u00eancias v\u00e3o percorrer todas as escolas de Viseu D\u00e3o Laf\u00f5es para promover o sucesso educativo A&nbsp;Comunidade Intermunicipal...\" \/>\n<meta property=\"og:url\" content=\"https:\/\/www.atelierdocaractere.pt\/brevemente\/iniciativas-itinerantes-de-ciencias-vao-percorrer-todas-as-escolas-de-viseu-dao-lafoes-para-promover-o-sucesso-educativo\/\" \/>\n<meta property=\"og:site_name\" content=\"Atelier do Caractere\" \/>\n<meta property=\"article:publisher\" content=\"https:\/\/www.facebook.com\/AtelierdoCaractere\" \/>\n<meta property=\"article:published_time\" content=\"2023-11-19T09:29:11+00:00\" \/>\n<meta property=\"article:modified_time\" content=\"2023-11-22T09:34:38+00:00\" \/>\n<meta property=\"og:image\" content=\"https:\/\/www.atelierdocaractere.pt\/wp-content\/uploads\/2023\/11\/317638950-6020351187989319-673548534479307427-n.jpg\" \/>\n\t<meta property=\"og:image:width\" content=\"1920\" \/>\n\t<meta property=\"og:image:height\" content=\"1440\" \/>\n\t<meta property=\"og:image:type\" content=\"image\/jpeg\" \/>\n<meta name=\"author\" content=\"Joana Barbosa\" \/>\n<meta name=\"twitter:card\" content=\"summary_large_image\" \/>\n<meta name=\"twitter:label1\" content=\"Escrito por\" \/>\n\t<meta name=\"twitter:data1\" content=\"Joana Barbosa\" \/>\n\t<meta name=\"twitter:label2\" content=\"Tempo estimado de leitura\" \/>\n\t<meta name=\"twitter:data2\" content=\"5 minutos\" \/>\n<script type=\"application\/ld+json\" class=\"yoast-schema-graph\">{\"@context\":\"https:\/\/schema.org\",\"@graph\":[{\"@type\":\"WebPage\",\"@id\":\"https:\/\/www.atelierdocaractere.pt\/brevemente\/iniciativas-itinerantes-de-ciencias-vao-percorrer-todas-as-escolas-de-viseu-dao-lafoes-para-promover-o-sucesso-educativo\/\",\"url\":\"https:\/\/www.atelierdocaractere.pt\/brevemente\/iniciativas-itinerantes-de-ciencias-vao-percorrer-todas-as-escolas-de-viseu-dao-lafoes-para-promover-o-sucesso-educativo\/\",\"name\":\"Iniciativas itinerantes de Ci\u00eancias v\u00e3o percorrer todas as escolas de Viseu D\u00e3o Laf\u00f5es para promover o sucesso educativo - Atelier do Caractere\",\"isPartOf\":{\"@id\":\"https:\/\/www.atelierdocaractere.pt\/brevemente\/#website\"},\"datePublished\":\"2023-11-19T09:29:11+00:00\",\"dateModified\":\"2023-11-22T09:34:38+00:00\",\"author\":{\"@id\":\"https:\/\/www.atelierdocaractere.pt\/brevemente\/#\/schema\/person\/f2f096eb0f27d9894725af22cb97c0db\"},\"breadcrumb\":{\"@id\":\"https:\/\/www.atelierdocaractere.pt\/brevemente\/iniciativas-itinerantes-de-ciencias-vao-percorrer-todas-as-escolas-de-viseu-dao-lafoes-para-promover-o-sucesso-educativo\/#breadcrumb\"},\"inLanguage\":\"pt-PT\",\"potentialAction\":[{\"@type\":\"ReadAction\",\"target\":[\"https:\/\/www.atelierdocaractere.pt\/brevemente\/iniciativas-itinerantes-de-ciencias-vao-percorrer-todas-as-escolas-de-viseu-dao-lafoes-para-promover-o-sucesso-educativo\/\"]}]},{\"@type\":\"BreadcrumbList\",\"@id\":\"https:\/\/www.atelierdocaractere.pt\/brevemente\/iniciativas-itinerantes-de-ciencias-vao-percorrer-todas-as-escolas-de-viseu-dao-lafoes-para-promover-o-sucesso-educativo\/#breadcrumb\",\"itemListElement\":[{\"@type\":\"ListItem\",\"position\":1,\"name\":\"In\u00edcio\",\"item\":\"https:\/\/www.atelierdocaractere.pt\/brevemente\/\"},{\"@type\":\"ListItem\",\"position\":2,\"name\":\"Iniciativas itinerantes de Ci\u00eancias v\u00e3o percorrer todas as escolas de Viseu D\u00e3o Laf\u00f5es para promover o sucesso educativo\"}]},{\"@type\":\"WebSite\",\"@id\":\"https:\/\/www.atelierdocaractere.pt\/brevemente\/#website\",\"url\":\"https:\/\/www.atelierdocaractere.pt\/brevemente\/\",\"name\":\"Atelier do Caractere\",\"description\":\"\",\"potentialAction\":[{\"@type\":\"SearchAction\",\"target\":{\"@type\":\"EntryPoint\",\"urlTemplate\":\"https:\/\/www.atelierdocaractere.pt\/brevemente\/?s={search_term_string}\"},\"query-input\":\"required name=search_term_string\"}],\"inLanguage\":\"pt-PT\"},{\"@type\":\"Person\",\"@id\":\"https:\/\/www.atelierdocaractere.pt\/brevemente\/#\/schema\/person\/f2f096eb0f27d9894725af22cb97c0db\",\"name\":\"Joana Barbosa\",\"image\":{\"@type\":\"ImageObject\",\"inLanguage\":\"pt-PT\",\"@id\":\"https:\/\/www.atelierdocaractere.pt\/brevemente\/#\/schema\/person\/image\/\",\"url\":\"https:\/\/secure.gravatar.com\/avatar\/33e8214b45e9d68a3a83008731075979?s=96&d=mm&r=g\",\"contentUrl\":\"https:\/\/secure.gravatar.com\/avatar\/33e8214b45e9d68a3a83008731075979?s=96&d=mm&r=g\",\"caption\":\"Joana Barbosa\"},\"url\":\"https:\/\/www.atelierdocaractere.pt\/brevemente\/author\/joanabarbosa\/\"}]}<\/script>\n<!-- \/ Yoast SEO plugin. -->","yoast_head_json":{"title":"Iniciativas itinerantes de Ci\u00eancias v\u00e3o percorrer todas as escolas de Viseu D\u00e3o Laf\u00f5es para promover o sucesso educativo - Atelier do Caractere","robots":{"index":"index","follow":"follow","max-snippet":"max-snippet:-1","max-image-preview":"max-image-preview:large","max-video-preview":"max-video-preview:-1"},"canonical":"https:\/\/www.atelierdocaractere.pt\/brevemente\/iniciativas-itinerantes-de-ciencias-vao-percorrer-todas-as-escolas-de-viseu-dao-lafoes-para-promover-o-sucesso-educativo\/","og_locale":"pt_PT","og_type":"article","og_title":"Iniciativas itinerantes de Ci\u00eancias v\u00e3o percorrer todas as escolas de Viseu D\u00e3o Laf\u00f5es para promover o sucesso educativo - Atelier do Caractere","og_description":"Iniciativas itinerantes de Ci\u00eancias v\u00e3o percorrer todas as escolas de Viseu D\u00e3o Laf\u00f5es para promover o sucesso educativo A&nbsp;Comunidade Intermunicipal...","og_url":"https:\/\/www.atelierdocaractere.pt\/brevemente\/iniciativas-itinerantes-de-ciencias-vao-percorrer-todas-as-escolas-de-viseu-dao-lafoes-para-promover-o-sucesso-educativo\/","og_site_name":"Atelier do Caractere","article_publisher":"https:\/\/www.facebook.com\/AtelierdoCaractere","article_published_time":"2023-11-19T09:29:11+00:00","article_modified_time":"2023-11-22T09:34:38+00:00","og_image":[{"width":1920,"height":1440,"url":"https:\/\/www.atelierdocaractere.pt\/wp-content\/uploads\/2023\/11\/317638950-6020351187989319-673548534479307427-n.jpg","type":"image\/jpeg"}],"author":"Joana Barbosa","twitter_card":"summary_large_image","twitter_misc":{"Escrito por":"Joana Barbosa","Tempo estimado de leitura":"5 minutos"},"schema":{"@context":"https:\/\/schema.org","@graph":[{"@type":"WebPage","@id":"https:\/\/www.atelierdocaractere.pt\/brevemente\/iniciativas-itinerantes-de-ciencias-vao-percorrer-todas-as-escolas-de-viseu-dao-lafoes-para-promover-o-sucesso-educativo\/","url":"https:\/\/www.atelierdocaractere.pt\/brevemente\/iniciativas-itinerantes-de-ciencias-vao-percorrer-todas-as-escolas-de-viseu-dao-lafoes-para-promover-o-sucesso-educativo\/","name":"Iniciativas itinerantes de Ci\u00eancias v\u00e3o percorrer todas as escolas de Viseu D\u00e3o Laf\u00f5es para promover o sucesso educativo - Atelier do Caractere","isPartOf":{"@id":"https:\/\/www.atelierdocaractere.pt\/brevemente\/#website"},"datePublished":"2023-11-19T09:29:11+00:00","dateModified":"2023-11-22T09:34:38+00:00","author":{"@id":"https:\/\/www.atelierdocaractere.pt\/brevemente\/#\/schema\/person\/f2f096eb0f27d9894725af22cb97c0db"},"breadcrumb":{"@id":"https:\/\/www.atelierdocaractere.pt\/brevemente\/iniciativas-itinerantes-de-ciencias-vao-percorrer-todas-as-escolas-de-viseu-dao-lafoes-para-promover-o-sucesso-educativo\/#breadcrumb"},"inLanguage":"pt-PT","potentialAction":[{"@type":"ReadAction","target":["https:\/\/www.atelierdocaractere.pt\/brevemente\/iniciativas-itinerantes-de-ciencias-vao-percorrer-todas-as-escolas-de-viseu-dao-lafoes-para-promover-o-sucesso-educativo\/"]}]},{"@type":"BreadcrumbList","@id":"https:\/\/www.atelierdocaractere.pt\/brevemente\/iniciativas-itinerantes-de-ciencias-vao-percorrer-todas-as-escolas-de-viseu-dao-lafoes-para-promover-o-sucesso-educativo\/#breadcrumb","itemListElement":[{"@type":"ListItem","position":1,"name":"In\u00edcio","item":"https:\/\/www.atelierdocaractere.pt\/brevemente\/"},{"@type":"ListItem","position":2,"name":"Iniciativas itinerantes de Ci\u00eancias v\u00e3o percorrer todas as escolas de Viseu D\u00e3o Laf\u00f5es para promover o sucesso educativo"}]},{"@type":"WebSite","@id":"https:\/\/www.atelierdocaractere.pt\/brevemente\/#website","url":"https:\/\/www.atelierdocaractere.pt\/brevemente\/","name":"Atelier do Caractere","description":"","potentialAction":[{"@type":"SearchAction","target":{"@type":"EntryPoint","urlTemplate":"https:\/\/www.atelierdocaractere.pt\/brevemente\/?s={search_term_string}"},"query-input":"required name=search_term_string"}],"inLanguage":"pt-PT"},{"@type":"Person","@id":"https:\/\/www.atelierdocaractere.pt\/brevemente\/#\/schema\/person\/f2f096eb0f27d9894725af22cb97c0db","name":"Joana Barbosa","image":{"@type":"ImageObject","inLanguage":"pt-PT","@id":"https:\/\/www.atelierdocaractere.pt\/brevemente\/#\/schema\/person\/image\/","url":"https:\/\/secure.gravatar.com\/avatar\/33e8214b45e9d68a3a83008731075979?s=96&d=mm&r=g","contentUrl":"https:\/\/secure.gravatar.com\/avatar\/33e8214b45e9d68a3a83008731075979?s=96&d=mm&r=g","caption":"Joana Barbosa"},"url":"https:\/\/www.atelierdocaractere.pt\/brevemente\/author\/joanabarbosa\/"}]}},"_links":{"self":[{"href":"https:\/\/www.atelierdocaractere.pt\/brevemente\/wp-json\/wp\/v2\/posts\/12049"}],"collection":[{"href":"https:\/\/www.atelierdocaractere.pt\/brevemente\/wp-json\/wp\/v2\/posts"}],"about":[{"href":"https:\/\/www.atelierdocaractere.pt\/brevemente\/wp-json\/wp\/v2\/types\/post"}],"author":[{"embeddable":true,"href":"https:\/\/www.atelierdocaractere.pt\/brevemente\/wp-json\/wp\/v2\/users\/7"}],"replies":[{"embeddable":true,"href":"https:\/\/www.atelierdocaractere.pt\/brevemente\/wp-json\/wp\/v2\/comments?post=12049"}],"version-history":[{"count":1,"href":"https:\/\/www.atelierdocaractere.pt\/brevemente\/wp-json\/wp\/v2\/posts\/12049\/revisions"}],"predecessor-version":[{"id":12052,"href":"https:\/\/www.atelierdocaractere.pt\/brevemente\/wp-json\/wp\/v2\/posts\/12049\/revisions\/12052"}],"wp:featuredmedia":[{"embeddable":true,"href":"https:\/\/www.atelierdocaractere.pt\/brevemente\/wp-json\/wp\/v2\/media\/12050"}],"wp:attachment":[{"href":"https:\/\/www.atelierdocaractere.pt\/brevemente\/wp-json\/wp\/v2\/media?parent=12049"}],"wp:term":[{"taxonomy":"category","embeddable":true,"href":"https:\/\/www.atelierdocaractere.pt\/brevemente\/wp-json\/wp\/v2\/categories?post=12049"},{"taxonomy":"post_tag","embeddable":true,"href":"https:\/\/www.atelierdocaractere.pt\/brevemente\/wp-json\/wp\/v2\/tags?post=12049"}],"curies":[{"name":"wp","href":"https:\/\/api.w.org\/{rel}","templated":true}]}}