{"id":12053,"date":"2023-11-21T09:35:44","date_gmt":"2023-11-21T09:35:44","guid":{"rendered":"https:\/\/www.atelierdocaractere.pt\/brevemente\/?p=12053"},"modified":"2023-11-22T09:40:18","modified_gmt":"2023-11-22T09:40:18","slug":"turismo-do-centro-destaca-em-madrid-a-importancia-de-monitorizar-a-atividade-turistica-com-rigor","status":"publish","type":"post","link":"https:\/\/www.atelierdocaractere.pt\/brevemente\/turismo-do-centro-destaca-em-madrid-a-importancia-de-monitorizar-a-atividade-turistica-com-rigor\/","title":{"rendered":"Turismo do Centro destaca em Madrid a import\u00e2ncia de monitorizar a atividade tur\u00edstica com rigor"},"content":{"rendered":"\n<p><strong>Observat\u00f3rio do Turismo Sustent\u00e1vel do Centro de Portugal (OTSCP) passou a integrar a Rede Internacional de Observat\u00f3rios de Turismo Sustent\u00e1vel das Na\u00e7\u00f5es Unidas. Cerim\u00f3nia foi hoje em Madrid<\/strong><\/p>\n\n\n\n<figure class=\"wp-block-image size-full\"><img decoding=\"async\" width=\"1024\" height=\"768\" src=\"https:\/\/www.atelierdocaractere.pt\/wp-content\/uploads\/2023\/11\/insto-3.jpg\" alt=\"\" class=\"wp-image-12056\" srcset=\"https:\/\/www.atelierdocaractere.pt\/wp-content\/uploads\/2023\/11\/insto-3.jpg 1024w, https:\/\/www.atelierdocaractere.pt\/wp-content\/uploads\/2023\/11\/insto-3-300x225.jpg 300w, https:\/\/www.atelierdocaractere.pt\/wp-content\/uploads\/2023\/11\/insto-3-768x576.jpg 768w\" sizes=\"(max-width: 1024px) 100vw, 1024px\" \/><\/figure>\n\n\n\n<p>O&nbsp;<strong>Observat\u00f3rio do Turismo Sustent\u00e1vel do Centro de Portugal (OTSCP)<\/strong>&nbsp;alcan\u00e7ou hoje um marco importante, ao passar a integrar a&nbsp;<strong>INSTO &#8211; Rede Internacional de Observat\u00f3rios de Turismo Sustent\u00e1vel das Na\u00e7\u00f5es Unidas<\/strong>. O OTSCP \u00e9 uma iniciativa da Turismo Centro de Portugal, com o objetivo de monitorizar e avaliar de maneira precisa a atividade tur\u00edstica na regi\u00e3o.<\/p>\n\n\n\n<p>Criada pela Organiza\u00e7\u00e3o Mundial do Turismo das Na\u00e7\u00f5es Unidas, a INSTO apoia a monitoriza\u00e7\u00e3o e avalia\u00e7\u00e3o do turismo sustent\u00e1vel em destinos ao redor do mundo. A cerim\u00f3nia oficial de integra\u00e7\u00e3o ocorreu na reuni\u00e3o anual da INSTO, que tem lugar entre hoje e amanh\u00e3, na sede da institui\u00e7\u00e3o, em Madrid. Al\u00e9m do Observat\u00f3rio da regi\u00e3o Centro de Portugal, a INSTO deu tamb\u00e9m as boas-vindas a observat\u00f3rios cong\u00e9neres da Irlanda, Jap\u00e3o, Col\u00f4mbia, M\u00e9xico e Filipinas.<\/p>\n\n\n\n<figure class=\"wp-block-image size-large\"><img decoding=\"async\" width=\"1024\" height=\"768\" src=\"https:\/\/www.atelierdocaractere.pt\/wp-content\/uploads\/2023\/11\/insto-4-1024x768.jpg\" alt=\"\" class=\"wp-image-12057\" srcset=\"https:\/\/www.atelierdocaractere.pt\/wp-content\/uploads\/2023\/11\/insto-4-1024x768.jpg 1024w, https:\/\/www.atelierdocaractere.pt\/wp-content\/uploads\/2023\/11\/insto-4-300x225.jpg 300w, https:\/\/www.atelierdocaractere.pt\/wp-content\/uploads\/2023\/11\/insto-4-768x576.jpg 768w, https:\/\/www.atelierdocaractere.pt\/wp-content\/uploads\/2023\/11\/insto-4-1536x1152.jpg 1536w, https:\/\/www.atelierdocaractere.pt\/wp-content\/uploads\/2023\/11\/insto-4.jpg 1825w\" sizes=\"(max-width: 1024px) 100vw, 1024px\" \/><\/figure>\n\n\n\n<p>O OTSCP foi criado pela&nbsp;<strong>Turismo Centro de Portugal<\/strong>, em parceria com o&nbsp;<strong>Instituto Polit\u00e9cnico de Leiria<\/strong>, atrav\u00e9s do CiTUR \u2013 Centro de Investiga\u00e7\u00e3o, Desenvolvimento e Inova\u00e7\u00e3o em Turismo do Polit\u00e9cnico de Leiria, e conta tamb\u00e9m com o apoio do&nbsp;<strong>Turismo de Portugal<\/strong>. O Conselho T\u00e9cnico-Cient\u00edfico do Observat\u00f3rio inclui 30 investigadores de institui\u00e7\u00f5es de Ensino Superior do Centro de Portugal, enquanto o Conselho Consultivo Empresarial \u00e9 composto por alguns dos principais empres\u00e1rios e institui\u00e7\u00f5es representativas da atividade tur\u00edstica na regi\u00e3o.<\/p>\n\n\n\n<p><strong>Raul Almeida, presidente da Turismo Centro de Portugal<\/strong>, explicou a import\u00e2ncia deste momento, numa interven\u00e7\u00e3o durante a cerim\u00f3nia.&nbsp;<em>\u201cA admiss\u00e3o do Observat\u00f3rio de Turismo Sustent\u00e1vel do Centro de Portugal na INSTO \u00e9 mais um passo importante na promo\u00e7\u00e3o do turismo sustent\u00e1vel na regi\u00e3o. O turismo contribui de forma decisiva para o desenvolvimento integrado e coeso de toda esta regi\u00e3o mas, para tal, \u00e9 essencial que se possam tomar decis\u00f5es com base em dados e indicadores rigorosos\u201d<\/em>, destacou Raul Almeida.<\/p>\n\n\n<div class=\"wp-block-image\">\n<figure class=\"aligncenter size-full is-resized\"><img decoding=\"async\" src=\"https:\/\/www.atelierdocaractere.pt\/wp-content\/uploads\/2023\/11\/insto-6.jpg\" alt=\"\" class=\"wp-image-12059\" width=\"768\" height=\"1024\" srcset=\"https:\/\/www.atelierdocaractere.pt\/wp-content\/uploads\/2023\/11\/insto-6.jpg 768w, https:\/\/www.atelierdocaractere.pt\/wp-content\/uploads\/2023\/11\/insto-6-225x300.jpg 225w, https:\/\/www.atelierdocaractere.pt\/wp-content\/uploads\/2023\/11\/insto-6-450x600.jpg 450w, https:\/\/www.atelierdocaractere.pt\/wp-content\/uploads\/2023\/11\/insto-6-350x467.jpg 350w\" sizes=\"(max-width: 768px) 100vw, 768px\" \/><\/figure><\/div>\n\n\n<p><em>\u201c\u00c9 cada vez maior a necessidade de monitorizar a atividade tur\u00edstica, com base em indicadores fi\u00e1veis e abrangentes. Nesta perspetiva, o Observat\u00f3rio do Turismo Sustent\u00e1vel do Centro de Portugal desempenha um papel imprescind\u00edvel no apoio ao processo de tomada de decis\u00e3o de todos os empres\u00e1rios e decisores p\u00fablicos do Centro de Portugal\u201d<\/em>, acrescentou.<\/p>\n\n\n\n<p><strong>Francisco Dias, coordenador do OTSCP<\/strong>, apresentou a estrutura do Observat\u00f3rio e detalhou as principais atividades j\u00e1 desenvolvidas e em curso. Sublinhando a import\u00e2ncia de&nbsp;<em>&#8220;medir para gerir&#8221;<\/em>&nbsp;e de&nbsp;<em>\u201caumentar a consciencializa\u00e7\u00e3o e o envolvimento das partes interessadas\u201d<\/em>, Francisco Dias explicou que o OTSCP visa dar resposta a dificuldades sentidas pelos empres\u00e1rios e pelos decisores regionais.<\/p>\n\n\n\n<figure class=\"wp-block-image size-full\"><img decoding=\"async\" width=\"851\" height=\"638\" src=\"https:\/\/www.atelierdocaractere.pt\/wp-content\/uploads\/2023\/11\/insto-5.jpg\" alt=\"\" class=\"wp-image-12058\" srcset=\"https:\/\/www.atelierdocaractere.pt\/wp-content\/uploads\/2023\/11\/insto-5.jpg 851w, https:\/\/www.atelierdocaractere.pt\/wp-content\/uploads\/2023\/11\/insto-5-300x225.jpg 300w, https:\/\/www.atelierdocaractere.pt\/wp-content\/uploads\/2023\/11\/insto-5-768x576.jpg 768w\" sizes=\"(max-width: 851px) 100vw, 851px\" \/><\/figure>\n\n\n\n<p><em>&#8220;Falta informa\u00e7\u00e3o desagregada sobre receitas, custos e rendimentos l\u00edquidos por tipo de alojamento e por sub-regi\u00e3o&#8221;<\/em>&nbsp;e&nbsp;<em>&#8220;as oito sub-regi\u00f5es t\u00eam um portef\u00f3lio muito diferente entre si e muito diversificado de produtos tur\u00edsticos de nicho&#8221;<\/em>, exemplificou.&nbsp;<em>&#8220;Os dados estat\u00edsticos gen\u00e9ricos centram-se em indicadores de alojamento, os quais, al\u00e9m de insuficientes, podem at\u00e9 ser falaciosos&#8221;<\/em>, salientou tamb\u00e9m, concluindo que&nbsp;<em>&#8220;falta uma monitoriza\u00e7\u00e3o cont\u00ednua dos impactos econ\u00f3micos, ambientais e socioculturais do turismo&#8221;<\/em>.<\/p>\n\n\n\n<p>Ser membro da INSTO implica o compromisso por parte dos membros em monitorizarem e medirem a atividade tur\u00edstica e os seus efeitos em onze \u00e1reas tem\u00e1ticas. A saber: satisfa\u00e7\u00e3o local, emprego, governan\u00e7a, sazonalidade, benef\u00edcios econ\u00f3micos, energia, \u00e1gua, gest\u00e3o das \u00e1guas residuais, gest\u00e3o de res\u00edduos s\u00f3lidos, acessibilidade e a\u00e7\u00e3o clim\u00e1tica. Francisco Dias adiantou que o OTSCP tem j\u00e1 em curso, ou em projeto, a an\u00e1lise de indicadores concretos da atividade tur\u00edstica na regi\u00e3o, em todas essas \u00e1reas.<\/p>\n\n\n\n<figure class=\"wp-block-image size-full\"><img decoding=\"async\" width=\"1024\" height=\"768\" src=\"https:\/\/www.atelierdocaractere.pt\/wp-content\/uploads\/2023\/11\/insto-2.jpg\" alt=\"\" class=\"wp-image-12055\" srcset=\"https:\/\/www.atelierdocaractere.pt\/wp-content\/uploads\/2023\/11\/insto-2.jpg 1024w, https:\/\/www.atelierdocaractere.pt\/wp-content\/uploads\/2023\/11\/insto-2-300x225.jpg 300w, https:\/\/www.atelierdocaractere.pt\/wp-content\/uploads\/2023\/11\/insto-2-768x576.jpg 768w\" sizes=\"(max-width: 1024px) 100vw, 1024px\" \/><\/figure>\n\n\n\n<p><strong>Sobre o Turismo Centro de Portugal:<\/strong><\/p>\n\n\n\n<p>O Turismo Centro de Portugal \u00e9 a entidade que estrutura e promove o turismo na Regi\u00e3o Centro do pa\u00eds. Esta \u00e9 a maior e mais diversificada \u00e1rea tur\u00edstica nacional, abrangendo 100 munic\u00edpios, e tem registado um intenso crescimento da procura interna e externa. \u00c9 a regi\u00e3o a escolher para quem pretende experi\u00eancias diversificadas, pois concilia locais Patrim\u00f3nio da Humanidade com a melhor costa de surf da Europa, termas e spas id\u00edlicos, locais de culto de import\u00e2ncia mundial e as mais belas aldeias.<\/p>\n","protected":false},"excerpt":{"rendered":"<p>Observat\u00f3rio do Turismo Sustent\u00e1vel do Centro de Portugal (OTSCP) passou a integrar a Rede Internacional de Observat\u00f3rios de Turismo Sustent\u00e1vel&#8230;<\/p>\n","protected":false},"author":7,"featured_media":12054,"comment_status":"closed","ping_status":"open","sticky":false,"template":"","format":"standard","meta":[],"categories":[39],"tags":[464,346],"yoast_head":"<!-- This site is optimized with the Yoast SEO plugin v20.12 - https:\/\/yoast.com\/wordpress\/plugins\/seo\/ -->\n<title>Turismo do Centro destaca em Madrid a import\u00e2ncia de monitorizar a atividade tur\u00edstica com rigor - Atelier do Caractere<\/title>\n<meta name=\"robots\" content=\"index, follow, max-snippet:-1, max-image-preview:large, max-video-preview:-1\" \/>\n<link rel=\"canonical\" href=\"https:\/\/www.atelierdocaractere.pt\/brevemente\/turismo-do-centro-destaca-em-madrid-a-importancia-de-monitorizar-a-atividade-turistica-com-rigor\/\" \/>\n<meta property=\"og:locale\" content=\"pt_PT\" \/>\n<meta property=\"og:type\" content=\"article\" \/>\n<meta property=\"og:title\" content=\"Turismo do Centro destaca em Madrid a import\u00e2ncia de monitorizar a atividade tur\u00edstica com rigor - Atelier do Caractere\" \/>\n<meta property=\"og:description\" content=\"Observat\u00f3rio do Turismo Sustent\u00e1vel do Centro de Portugal (OTSCP) passou a integrar a Rede Internacional de Observat\u00f3rios de Turismo Sustent\u00e1vel...\" \/>\n<meta property=\"og:url\" content=\"https:\/\/www.atelierdocaractere.pt\/brevemente\/turismo-do-centro-destaca-em-madrid-a-importancia-de-monitorizar-a-atividade-turistica-com-rigor\/\" \/>\n<meta property=\"og:site_name\" content=\"Atelier do Caractere\" \/>\n<meta property=\"article:publisher\" content=\"https:\/\/www.facebook.com\/AtelierdoCaractere\" \/>\n<meta property=\"article:published_time\" content=\"2023-11-21T09:35:44+00:00\" \/>\n<meta property=\"article:modified_time\" content=\"2023-11-22T09:40:18+00:00\" \/>\n<meta property=\"og:image\" content=\"https:\/\/www.atelierdocaractere.pt\/wp-content\/uploads\/2023\/11\/insto-1.jpg\" \/>\n\t<meta property=\"og:image:width\" content=\"964\" \/>\n\t<meta property=\"og:image:height\" content=\"723\" \/>\n\t<meta property=\"og:image:type\" content=\"image\/jpeg\" \/>\n<meta name=\"author\" content=\"Joana Barbosa\" \/>\n<meta name=\"twitter:card\" content=\"summary_large_image\" \/>\n<meta name=\"twitter:label1\" content=\"Escrito por\" \/>\n\t<meta name=\"twitter:data1\" content=\"Joana Barbosa\" \/>\n\t<meta name=\"twitter:label2\" content=\"Tempo estimado de leitura\" \/>\n\t<meta name=\"twitter:data2\" content=\"5 minutos\" \/>\n<script type=\"application\/ld+json\" class=\"yoast-schema-graph\">{\"@context\":\"https:\/\/schema.org\",\"@graph\":[{\"@type\":\"WebPage\",\"@id\":\"https:\/\/www.atelierdocaractere.pt\/brevemente\/turismo-do-centro-destaca-em-madrid-a-importancia-de-monitorizar-a-atividade-turistica-com-rigor\/\",\"url\":\"https:\/\/www.atelierdocaractere.pt\/brevemente\/turismo-do-centro-destaca-em-madrid-a-importancia-de-monitorizar-a-atividade-turistica-com-rigor\/\",\"name\":\"Turismo do Centro destaca em Madrid a import\u00e2ncia de monitorizar a atividade tur\u00edstica com rigor - Atelier do Caractere\",\"isPartOf\":{\"@id\":\"https:\/\/www.atelierdocaractere.pt\/brevemente\/#website\"},\"datePublished\":\"2023-11-21T09:35:44+00:00\",\"dateModified\":\"2023-11-22T09:40:18+00:00\",\"author\":{\"@id\":\"https:\/\/www.atelierdocaractere.pt\/brevemente\/#\/schema\/person\/f2f096eb0f27d9894725af22cb97c0db\"},\"breadcrumb\":{\"@id\":\"https:\/\/www.atelierdocaractere.pt\/brevemente\/turismo-do-centro-destaca-em-madrid-a-importancia-de-monitorizar-a-atividade-turistica-com-rigor\/#breadcrumb\"},\"inLanguage\":\"pt-PT\",\"potentialAction\":[{\"@type\":\"ReadAction\",\"target\":[\"https:\/\/www.atelierdocaractere.pt\/brevemente\/turismo-do-centro-destaca-em-madrid-a-importancia-de-monitorizar-a-atividade-turistica-com-rigor\/\"]}]},{\"@type\":\"BreadcrumbList\",\"@id\":\"https:\/\/www.atelierdocaractere.pt\/brevemente\/turismo-do-centro-destaca-em-madrid-a-importancia-de-monitorizar-a-atividade-turistica-com-rigor\/#breadcrumb\",\"itemListElement\":[{\"@type\":\"ListItem\",\"position\":1,\"name\":\"In\u00edcio\",\"item\":\"https:\/\/www.atelierdocaractere.pt\/brevemente\/\"},{\"@type\":\"ListItem\",\"position\":2,\"name\":\"Turismo do Centro destaca em Madrid a import\u00e2ncia de monitorizar a atividade tur\u00edstica com rigor\"}]},{\"@type\":\"WebSite\",\"@id\":\"https:\/\/www.atelierdocaractere.pt\/brevemente\/#website\",\"url\":\"https:\/\/www.atelierdocaractere.pt\/brevemente\/\",\"name\":\"Atelier do Caractere\",\"description\":\"\",\"potentialAction\":[{\"@type\":\"SearchAction\",\"target\":{\"@type\":\"EntryPoint\",\"urlTemplate\":\"https:\/\/www.atelierdocaractere.pt\/brevemente\/?s={search_term_string}\"},\"query-input\":\"required name=search_term_string\"}],\"inLanguage\":\"pt-PT\"},{\"@type\":\"Person\",\"@id\":\"https:\/\/www.atelierdocaractere.pt\/brevemente\/#\/schema\/person\/f2f096eb0f27d9894725af22cb97c0db\",\"name\":\"Joana Barbosa\",\"image\":{\"@type\":\"ImageObject\",\"inLanguage\":\"pt-PT\",\"@id\":\"https:\/\/www.atelierdocaractere.pt\/brevemente\/#\/schema\/person\/image\/\",\"url\":\"https:\/\/secure.gravatar.com\/avatar\/33e8214b45e9d68a3a83008731075979?s=96&d=mm&r=g\",\"contentUrl\":\"https:\/\/secure.gravatar.com\/avatar\/33e8214b45e9d68a3a83008731075979?s=96&d=mm&r=g\",\"caption\":\"Joana Barbosa\"},\"url\":\"https:\/\/www.atelierdocaractere.pt\/brevemente\/author\/joanabarbosa\/\"}]}<\/script>\n<!-- \/ Yoast SEO plugin. -->","yoast_head_json":{"title":"Turismo do Centro destaca em Madrid a import\u00e2ncia de monitorizar a atividade tur\u00edstica com rigor - Atelier do Caractere","robots":{"index":"index","follow":"follow","max-snippet":"max-snippet:-1","max-image-preview":"max-image-preview:large","max-video-preview":"max-video-preview:-1"},"canonical":"https:\/\/www.atelierdocaractere.pt\/brevemente\/turismo-do-centro-destaca-em-madrid-a-importancia-de-monitorizar-a-atividade-turistica-com-rigor\/","og_locale":"pt_PT","og_type":"article","og_title":"Turismo do Centro destaca em Madrid a import\u00e2ncia de monitorizar a atividade tur\u00edstica com rigor - Atelier do Caractere","og_description":"Observat\u00f3rio do Turismo Sustent\u00e1vel do Centro de Portugal (OTSCP) passou a integrar a Rede Internacional de Observat\u00f3rios de Turismo Sustent\u00e1vel...","og_url":"https:\/\/www.atelierdocaractere.pt\/brevemente\/turismo-do-centro-destaca-em-madrid-a-importancia-de-monitorizar-a-atividade-turistica-com-rigor\/","og_site_name":"Atelier do Caractere","article_publisher":"https:\/\/www.facebook.com\/AtelierdoCaractere","article_published_time":"2023-11-21T09:35:44+00:00","article_modified_time":"2023-11-22T09:40:18+00:00","og_image":[{"width":964,"height":723,"url":"https:\/\/www.atelierdocaractere.pt\/wp-content\/uploads\/2023\/11\/insto-1.jpg","type":"image\/jpeg"}],"author":"Joana Barbosa","twitter_card":"summary_large_image","twitter_misc":{"Escrito por":"Joana Barbosa","Tempo estimado de leitura":"5 minutos"},"schema":{"@context":"https:\/\/schema.org","@graph":[{"@type":"WebPage","@id":"https:\/\/www.atelierdocaractere.pt\/brevemente\/turismo-do-centro-destaca-em-madrid-a-importancia-de-monitorizar-a-atividade-turistica-com-rigor\/","url":"https:\/\/www.atelierdocaractere.pt\/brevemente\/turismo-do-centro-destaca-em-madrid-a-importancia-de-monitorizar-a-atividade-turistica-com-rigor\/","name":"Turismo do Centro destaca em Madrid a import\u00e2ncia de monitorizar a atividade tur\u00edstica com rigor - Atelier do Caractere","isPartOf":{"@id":"https:\/\/www.atelierdocaractere.pt\/brevemente\/#website"},"datePublished":"2023-11-21T09:35:44+00:00","dateModified":"2023-11-22T09:40:18+00:00","author":{"@id":"https:\/\/www.atelierdocaractere.pt\/brevemente\/#\/schema\/person\/f2f096eb0f27d9894725af22cb97c0db"},"breadcrumb":{"@id":"https:\/\/www.atelierdocaractere.pt\/brevemente\/turismo-do-centro-destaca-em-madrid-a-importancia-de-monitorizar-a-atividade-turistica-com-rigor\/#breadcrumb"},"inLanguage":"pt-PT","potentialAction":[{"@type":"ReadAction","target":["https:\/\/www.atelierdocaractere.pt\/brevemente\/turismo-do-centro-destaca-em-madrid-a-importancia-de-monitorizar-a-atividade-turistica-com-rigor\/"]}]},{"@type":"BreadcrumbList","@id":"https:\/\/www.atelierdocaractere.pt\/brevemente\/turismo-do-centro-destaca-em-madrid-a-importancia-de-monitorizar-a-atividade-turistica-com-rigor\/#breadcrumb","itemListElement":[{"@type":"ListItem","position":1,"name":"In\u00edcio","item":"https:\/\/www.atelierdocaractere.pt\/brevemente\/"},{"@type":"ListItem","position":2,"name":"Turismo do Centro destaca em Madrid a import\u00e2ncia de monitorizar a atividade tur\u00edstica com rigor"}]},{"@type":"WebSite","@id":"https:\/\/www.atelierdocaractere.pt\/brevemente\/#website","url":"https:\/\/www.atelierdocaractere.pt\/brevemente\/","name":"Atelier do Caractere","description":"","potentialAction":[{"@type":"SearchAction","target":{"@type":"EntryPoint","urlTemplate":"https:\/\/www.atelierdocaractere.pt\/brevemente\/?s={search_term_string}"},"query-input":"required name=search_term_string"}],"inLanguage":"pt-PT"},{"@type":"Person","@id":"https:\/\/www.atelierdocaractere.pt\/brevemente\/#\/schema\/person\/f2f096eb0f27d9894725af22cb97c0db","name":"Joana Barbosa","image":{"@type":"ImageObject","inLanguage":"pt-PT","@id":"https:\/\/www.atelierdocaractere.pt\/brevemente\/#\/schema\/person\/image\/","url":"https:\/\/secure.gravatar.com\/avatar\/33e8214b45e9d68a3a83008731075979?s=96&d=mm&r=g","contentUrl":"https:\/\/secure.gravatar.com\/avatar\/33e8214b45e9d68a3a83008731075979?s=96&d=mm&r=g","caption":"Joana Barbosa"},"url":"https:\/\/www.atelierdocaractere.pt\/brevemente\/author\/joanabarbosa\/"}]}},"_links":{"self":[{"href":"https:\/\/www.atelierdocaractere.pt\/brevemente\/wp-json\/wp\/v2\/posts\/12053"}],"collection":[{"href":"https:\/\/www.atelierdocaractere.pt\/brevemente\/wp-json\/wp\/v2\/posts"}],"about":[{"href":"https:\/\/www.atelierdocaractere.pt\/brevemente\/wp-json\/wp\/v2\/types\/post"}],"author":[{"embeddable":true,"href":"https:\/\/www.atelierdocaractere.pt\/brevemente\/wp-json\/wp\/v2\/users\/7"}],"replies":[{"embeddable":true,"href":"https:\/\/www.atelierdocaractere.pt\/brevemente\/wp-json\/wp\/v2\/comments?post=12053"}],"version-history":[{"count":1,"href":"https:\/\/www.atelierdocaractere.pt\/brevemente\/wp-json\/wp\/v2\/posts\/12053\/revisions"}],"predecessor-version":[{"id":12060,"href":"https:\/\/www.atelierdocaractere.pt\/brevemente\/wp-json\/wp\/v2\/posts\/12053\/revisions\/12060"}],"wp:featuredmedia":[{"embeddable":true,"href":"https:\/\/www.atelierdocaractere.pt\/brevemente\/wp-json\/wp\/v2\/media\/12054"}],"wp:attachment":[{"href":"https:\/\/www.atelierdocaractere.pt\/brevemente\/wp-json\/wp\/v2\/media?parent=12053"}],"wp:term":[{"taxonomy":"category","embeddable":true,"href":"https:\/\/www.atelierdocaractere.pt\/brevemente\/wp-json\/wp\/v2\/categories?post=12053"},{"taxonomy":"post_tag","embeddable":true,"href":"https:\/\/www.atelierdocaractere.pt\/brevemente\/wp-json\/wp\/v2\/tags?post=12053"}],"curies":[{"name":"wp","href":"https:\/\/api.w.org\/{rel}","templated":true}]}}