{"id":12061,"date":"2023-11-23T17:21:12","date_gmt":"2023-11-23T17:21:12","guid":{"rendered":"https:\/\/www.atelierdocaractere.pt\/brevemente\/?p=12061"},"modified":"2023-11-23T17:21:15","modified_gmt":"2023-11-23T17:21:15","slug":"filmes-do-centro-de-portugal-saem-vencedores-no-circuito-mundial-de-festivais-de-filmes-turisticos","status":"publish","type":"post","link":"https:\/\/www.atelierdocaractere.pt\/brevemente\/filmes-do-centro-de-portugal-saem-vencedores-no-circuito-mundial-de-festivais-de-filmes-turisticos\/","title":{"rendered":"Filmes do Centro de Portugal saem vencedores no circuito mundial de festivais de filmes tur\u00edsticos"},"content":{"rendered":"\n<p><strong>Filmes \u201cAlma de L\u00e3\u201d (1.\u00ba Pr\u00e9mio) e \u201cA Um Palmo do C\u00e9u\u201d (3.\u00ba Pr\u00e9mio)\u201d distinguidos na Gala dos Pr\u00e9mios CIFFT<\/strong><\/p>\n\n\n\n<p>Dois filmes realizados no Centro de Portugal foram distinguidos nos&nbsp;<strong>Pr\u00e9mios CIFFT 2023<\/strong>, numa gala que aconteceu na noite de ontem, na cidade espanhola de Val\u00eancia. Estes pr\u00e9mios distinguem os filmes que mais pontos conquistam ao longo de um ano, no circuito internacional de festivais de cinema de turismo.<\/p>\n\n\n\n<figure class=\"wp-block-image size-large\"><img decoding=\"async\" width=\"1024\" height=\"683\" src=\"https:\/\/www.atelierdocaractere.pt\/wp-content\/uploads\/2023\/11\/imagem-whatsapp-2023-11-23-as-104726-2cefca9b-1024x683.jpg\" alt=\"\" class=\"wp-image-12062\" srcset=\"https:\/\/www.atelierdocaractere.pt\/wp-content\/uploads\/2023\/11\/imagem-whatsapp-2023-11-23-as-104726-2cefca9b-1024x683.jpg 1024w, https:\/\/www.atelierdocaractere.pt\/wp-content\/uploads\/2023\/11\/imagem-whatsapp-2023-11-23-as-104726-2cefca9b-300x200.jpg 300w, https:\/\/www.atelierdocaractere.pt\/wp-content\/uploads\/2023\/11\/imagem-whatsapp-2023-11-23-as-104726-2cefca9b-768x512.jpg 768w, https:\/\/www.atelierdocaractere.pt\/wp-content\/uploads\/2023\/11\/imagem-whatsapp-2023-11-23-as-104726-2cefca9b-1536x1025.jpg 1536w, https:\/\/www.atelierdocaractere.pt\/wp-content\/uploads\/2023\/11\/imagem-whatsapp-2023-11-23-as-104726-2cefca9b-900x600.jpg 900w, https:\/\/www.atelierdocaractere.pt\/wp-content\/uploads\/2023\/11\/imagem-whatsapp-2023-11-23-as-104726-2cefca9b-675x450.jpg 675w, https:\/\/www.atelierdocaractere.pt\/wp-content\/uploads\/2023\/11\/imagem-whatsapp-2023-11-23-as-104726-2cefca9b.jpg 1920w\" sizes=\"(max-width: 1024px) 100vw, 1024px\" \/><\/figure>\n\n\n\n<p>O filme promocional&nbsp;<strong>\u201cNew Hand Lab &#8211; A Soul Made From Wool (Alma de L\u00e3)\u201d<\/strong>, produzido pela produtora&nbsp;<strong>Lobby Films and Advertising<\/strong>&nbsp;para a Associa\u00e7\u00e3o Cultural&nbsp;<strong>New Hand Lab<\/strong>, da Covilh\u00e3, foi o grande vencedor na categoria \u201cServi\u00e7os de Turismo\u201d.<\/p>\n\n\n\n<p>O filme reuniu a prefer\u00eancia dos jurados dos v\u00e1rios festivais internacionais que integram o circuito do CIFFT \u2013 Comit\u00e9 Internacional de Festivais de Filmes de Turismo, tendo terminado a competi\u00e7\u00e3o com 59 pontos, \u00e0 frente de concorrentes de pa\u00edses como Espanha, Fran\u00e7a e Dinamarca. Pode ver o filme premiado nesta liga\u00e7\u00e3o:&nbsp;<a href=\"https:\/\/turismodocentro.us17.list-manage.com\/track\/click?u=9b14ef0c6c1999e92ddae9fc9&amp;id=c62d70e626&amp;e=cf2176b759\">https:\/\/youtu.be\/HND09ZkVtmY<\/a>.<\/p>\n\n\n\n<p>Outra produ\u00e7\u00e3o da regi\u00e3o foi tamb\u00e9m distinguida. O filme promocional&nbsp;<strong>\u201cAn Inch From The Sky (<\/strong><strong>A Um Palmo do C\u00e9u)\u201d<\/strong>, que promove o produto tur\u00edstico de observa\u00e7\u00e3o de estrelas e astros nos territ\u00f3rios da Pampilhosa da Serra, G\u00f3is e Arganil, ficou em terceiro lugar na categoria \u201cProdutos Tur\u00edsticos\u201d. Tamb\u00e9m produzido pela Lobby, o filme pode ser visto aqui: www.aumpalmodoceu.pt.<\/p>\n\n\n\n<p><strong>Raul Almeida<\/strong>, presidente da Turismo Centro de Portugal, deixa palavras de felicita\u00e7\u00e3o aos vencedores:&nbsp;<em>\u201c\u00c9 sempre uma grande satisfa\u00e7\u00e3o comprovar que a regi\u00e3o Centro continua a ser promovida ao mais alto n\u00edvel a n\u00edvel internacional, com filmes premiados que mostram o melhor destes territ\u00f3rios. Tanto o New Hand Lab, exemplo de criatividade art\u00edstica, como a Pampilhosa da Serra, G\u00f3is e Arganil, exemplo na observa\u00e7\u00e3o do c\u00e9u noturno, est\u00e3o de parab\u00e9ns pelas experi\u00eancias diferenciadas que oferecem aos visitantes. Estendo as minhas felicita\u00e7\u00f5es \u00e0 Lobby Films and Advertising, uma produtora da regi\u00e3o, pelos resultados e pela qualidade dos filmes\u201d<\/em>.<\/p>\n\n\n\n<figure class=\"wp-block-image size-large\"><img decoding=\"async\" width=\"1024\" height=\"683\" src=\"https:\/\/www.atelierdocaractere.pt\/wp-content\/uploads\/2023\/11\/imagem-whatsapp-2023-11-23-as-104712-963132a7-1024x683.jpg\" alt=\"\" class=\"wp-image-12064\" srcset=\"https:\/\/www.atelierdocaractere.pt\/wp-content\/uploads\/2023\/11\/imagem-whatsapp-2023-11-23-as-104712-963132a7-1024x683.jpg 1024w, https:\/\/www.atelierdocaractere.pt\/wp-content\/uploads\/2023\/11\/imagem-whatsapp-2023-11-23-as-104712-963132a7-300x200.jpg 300w, https:\/\/www.atelierdocaractere.pt\/wp-content\/uploads\/2023\/11\/imagem-whatsapp-2023-11-23-as-104712-963132a7-768x512.jpg 768w, https:\/\/www.atelierdocaractere.pt\/wp-content\/uploads\/2023\/11\/imagem-whatsapp-2023-11-23-as-104712-963132a7-1536x1025.jpg 1536w, https:\/\/www.atelierdocaractere.pt\/wp-content\/uploads\/2023\/11\/imagem-whatsapp-2023-11-23-as-104712-963132a7-900x600.jpg 900w, https:\/\/www.atelierdocaractere.pt\/wp-content\/uploads\/2023\/11\/imagem-whatsapp-2023-11-23-as-104712-963132a7-675x450.jpg 675w, https:\/\/www.atelierdocaractere.pt\/wp-content\/uploads\/2023\/11\/imagem-whatsapp-2023-11-23-as-104712-963132a7.jpg 1920w\" sizes=\"(max-width: 1024px) 100vw, 1024px\" \/><\/figure>\n\n\n\n<p><strong>Filme do New Hand Lab premiado em sete festivais do circuito CIFFT<\/strong><\/p>\n\n\n\n<p>O circuito internacional do CIFFT engloba 10 festivais em outros tantos pa\u00edses. O&nbsp;<strong>\u201cNew Hand Lab &#8211; A Soul Made From Wool (Alma de L\u00e3)\u201d<\/strong>&nbsp;foi premiado em sete festivais: em Espanha (Tortosa), Fran\u00e7a (Cannes), Gr\u00e9cia (Amorgos), Jap\u00e3o (Akan), Portugal (Caldas da Rainha) e dois nos Estados Unidos (Los Angeles e Nova Iorque). J\u00e1 o filme&nbsp;<strong>\u201cAn Inch From The Sky (<\/strong><strong>A Um Palmo do C\u00e9u)\u201d<\/strong>&nbsp;recebeu pr\u00e9mios nos dois festivais dos Estados Unidos, no Jap\u00e3o e em Portugal.<\/p>\n\n\n\n<p><strong>Telmo Martins<\/strong>, realizador e diretor criativo da Lobby Films&nbsp;and&nbsp;Advertising, considera que&nbsp;<em>\u201c\u00e9 um tremendo orgulho para a Lobby Films and Advertising, produtora e boutique criativa, ter trabalhos reconhecidos como melhores filmes de turismo do mundo, pela segunda vez, numa competi\u00e7\u00e3o de t\u00e3o alto n\u00edvel e excel\u00eancia, a maior competi\u00e7\u00e3o de filmes de turismo do mundo. Com os filmes \u2018Alma de L\u00e3\u2019, para o New Hand Lab, e \u2018A um Palmo do C\u00e9u\u2019, para os Munic\u00edpios da Pampilhosa da Serra, G\u00f3is e Arganil, que comunicam produtos e servi\u00e7os tur\u00edsticos \u00fanicos e incr\u00edveis da regi\u00e3o Centro de Portugal, com humildade comprovamos que estamos no caminho certo e que a nossa vis\u00e3o, sensibilidade, criatividade e qualidade t\u00e9cnica de excel\u00eancia faz-se ecoar e sentir no mundo<\/em>\u201d.<\/p>\n\n\n\n<p>O New Hand Lab nasceu em 2013 e est\u00e1 situado na antiga F\u00e1brica de Lanif\u00edcios Ant\u00f3nio Estrella\/J\u00falio Afonso. Hoje, com o estatuto de Associa\u00e7\u00e3o Cultural, \u00e9 a casa de autores e artistas de diversas vertentes, como design t\u00eaxtil, pintura, fotografia e escrita.&nbsp;<strong>Francisco Afonso<\/strong>, mentor do projeto, destaca que o pr\u00e9mio para o filme<em>&nbsp;\u201cvem incentivar a continuar a trabalhar cada vez melhor e espelha a dedica\u00e7\u00e3o e a miss\u00e3o de toda a equipa, tanto do New Hand Lab como da Lobby&nbsp;Productions\u201d<\/em>.<\/p>\n\n\n\n<figure class=\"wp-block-image size-large\"><img decoding=\"async\" width=\"1024\" height=\"683\" src=\"https:\/\/www.atelierdocaractere.pt\/wp-content\/uploads\/2023\/11\/imagem-whatsapp-2023-11-23-as-104718-d18f88e0-1024x683.jpg\" alt=\"\" class=\"wp-image-12063\" srcset=\"https:\/\/www.atelierdocaractere.pt\/wp-content\/uploads\/2023\/11\/imagem-whatsapp-2023-11-23-as-104718-d18f88e0-1024x683.jpg 1024w, https:\/\/www.atelierdocaractere.pt\/wp-content\/uploads\/2023\/11\/imagem-whatsapp-2023-11-23-as-104718-d18f88e0-300x200.jpg 300w, https:\/\/www.atelierdocaractere.pt\/wp-content\/uploads\/2023\/11\/imagem-whatsapp-2023-11-23-as-104718-d18f88e0-768x512.jpg 768w, https:\/\/www.atelierdocaractere.pt\/wp-content\/uploads\/2023\/11\/imagem-whatsapp-2023-11-23-as-104718-d18f88e0-1536x1025.jpg 1536w, https:\/\/www.atelierdocaractere.pt\/wp-content\/uploads\/2023\/11\/imagem-whatsapp-2023-11-23-as-104718-d18f88e0-900x600.jpg 900w, https:\/\/www.atelierdocaractere.pt\/wp-content\/uploads\/2023\/11\/imagem-whatsapp-2023-11-23-as-104718-d18f88e0-675x450.jpg 675w, https:\/\/www.atelierdocaractere.pt\/wp-content\/uploads\/2023\/11\/imagem-whatsapp-2023-11-23-as-104718-d18f88e0.jpg 1920w\" sizes=\"(max-width: 1024px) 100vw, 1024px\" \/><\/figure>\n\n\n\n<p>O filme \u201cAn Inch From The Sky (A Um Palmo do C\u00e9u)&#8221; resultou do projeto cultural intermunicipal \u201cPortas do C\u00e9u\u201d, liderado pelo munic\u00edpio de Pampilhosa da Serra, em parceria com os munic\u00edpios de G\u00f3is e Arganil.<\/p>\n\n\n\n<p><strong>Rui Sim\u00e3o<\/strong>, vereador do Turismo na C\u00e2mara Municipal da Pampilhosa da Serra, explica que o filme\u00a0<em>\u201c\u00e9 um convite de enorme sensibilidade art\u00edstica e emocional a todos os que vivem na az\u00e1fama urbana dos dias de hoje, a desacelerar e a reencontrarem-se, consigo pr\u00f3prios e com o universo, aproveitando as condi\u00e7\u00f5es naturais de brilho e transpar\u00eancia do nosso c\u00e9u, bem como a qualidade e a adequa\u00e7\u00e3o da nossa oferta tur\u00edstica para este fim<\/em>\u201d.\u00a0<em>\u201cEste pr\u00e9mio alcan\u00e7ado no maior festival de filmes de turismo do mundo enche-nos a todos de orgulho e refor\u00e7a a nossa vontade de continuar a afirmar a excel\u00eancia deste produto tur\u00edstico inovador e o nosso posicionamento distintivo na regi\u00e3o\u00a0e\u00a0no\u00a0pa\u00eds\u201d<\/em>, complementa Rui Sim\u00e3o.<\/p>\n\n\n\n<p><strong>Sobre o Turismo Centro de Portugal:<\/strong><\/p>\n\n\n\n<p>O Turismo Centro de Portugal \u00e9 a entidade que estrutura e promove o turismo na Regi\u00e3o Centro do pa\u00eds. Esta \u00e9 a maior e mais diversificada \u00e1rea tur\u00edstica nacional, abrangendo 100 munic\u00edpios, e tem registado um intenso crescimento da procura interna e externa. \u00c9 a regi\u00e3o a escolher para quem pretende experi\u00eancias diversificadas, pois concilia locais Patrim\u00f3nio da Humanidade com a melhor costa de surf da Europa, termas e spas id\u00edlicos, locais de culto de import\u00e2ncia mundial e as mais belas aldeias.<\/p>\n","protected":false},"excerpt":{"rendered":"<p>Filmes \u201cAlma de L\u00e3\u201d (1.\u00ba Pr\u00e9mio) e \u201cA Um Palmo do C\u00e9u\u201d (3.\u00ba Pr\u00e9mio)\u201d distinguidos na Gala dos Pr\u00e9mios CIFFT&#8230;<\/p>\n","protected":false},"author":7,"featured_media":12065,"comment_status":"closed","ping_status":"open","sticky":false,"template":"","format":"standard","meta":[],"categories":[39],"tags":[747,346],"yoast_head":"<!-- This site is optimized with the Yoast SEO plugin v20.12 - https:\/\/yoast.com\/wordpress\/plugins\/seo\/ -->\n<title>Filmes do Centro de Portugal saem vencedores no circuito mundial de festivais de filmes tur\u00edsticos - Atelier do Caractere<\/title>\n<meta name=\"robots\" content=\"index, follow, max-snippet:-1, max-image-preview:large, max-video-preview:-1\" \/>\n<link rel=\"canonical\" href=\"https:\/\/www.atelierdocaractere.pt\/brevemente\/filmes-do-centro-de-portugal-saem-vencedores-no-circuito-mundial-de-festivais-de-filmes-turisticos\/\" \/>\n<meta property=\"og:locale\" content=\"pt_PT\" \/>\n<meta property=\"og:type\" content=\"article\" \/>\n<meta property=\"og:title\" content=\"Filmes do Centro de Portugal saem vencedores no circuito mundial de festivais de filmes tur\u00edsticos - Atelier do Caractere\" \/>\n<meta property=\"og:description\" content=\"Filmes \u201cAlma de L\u00e3\u201d (1.\u00ba Pr\u00e9mio) e \u201cA Um Palmo do C\u00e9u\u201d (3.\u00ba Pr\u00e9mio)\u201d distinguidos na Gala dos Pr\u00e9mios CIFFT...\" \/>\n<meta property=\"og:url\" content=\"https:\/\/www.atelierdocaractere.pt\/brevemente\/filmes-do-centro-de-portugal-saem-vencedores-no-circuito-mundial-de-festivais-de-filmes-turisticos\/\" \/>\n<meta property=\"og:site_name\" content=\"Atelier do Caractere\" \/>\n<meta property=\"article:publisher\" content=\"https:\/\/www.facebook.com\/AtelierdoCaractere\" \/>\n<meta property=\"article:published_time\" content=\"2023-11-23T17:21:12+00:00\" \/>\n<meta property=\"article:modified_time\" content=\"2023-11-23T17:21:15+00:00\" \/>\n<meta property=\"og:image\" content=\"https:\/\/www.atelierdocaractere.pt\/wp-content\/uploads\/2023\/11\/403855349-739244821565290-5707540095429204961-n.jpg\" \/>\n\t<meta property=\"og:image:width\" content=\"1024\" \/>\n\t<meta property=\"og:image:height\" content=\"683\" \/>\n\t<meta property=\"og:image:type\" content=\"image\/jpeg\" \/>\n<meta name=\"author\" content=\"Joana Barbosa\" \/>\n<meta name=\"twitter:card\" content=\"summary_large_image\" \/>\n<meta name=\"twitter:label1\" content=\"Escrito por\" \/>\n\t<meta name=\"twitter:data1\" content=\"Joana Barbosa\" \/>\n\t<meta name=\"twitter:label2\" content=\"Tempo estimado de leitura\" \/>\n\t<meta name=\"twitter:data2\" content=\"6 minutos\" \/>\n<script type=\"application\/ld+json\" class=\"yoast-schema-graph\">{\"@context\":\"https:\/\/schema.org\",\"@graph\":[{\"@type\":\"WebPage\",\"@id\":\"https:\/\/www.atelierdocaractere.pt\/brevemente\/filmes-do-centro-de-portugal-saem-vencedores-no-circuito-mundial-de-festivais-de-filmes-turisticos\/\",\"url\":\"https:\/\/www.atelierdocaractere.pt\/brevemente\/filmes-do-centro-de-portugal-saem-vencedores-no-circuito-mundial-de-festivais-de-filmes-turisticos\/\",\"name\":\"Filmes do Centro de Portugal saem vencedores no circuito mundial de festivais de filmes tur\u00edsticos - Atelier do Caractere\",\"isPartOf\":{\"@id\":\"https:\/\/www.atelierdocaractere.pt\/brevemente\/#website\"},\"datePublished\":\"2023-11-23T17:21:12+00:00\",\"dateModified\":\"2023-11-23T17:21:15+00:00\",\"author\":{\"@id\":\"https:\/\/www.atelierdocaractere.pt\/brevemente\/#\/schema\/person\/f2f096eb0f27d9894725af22cb97c0db\"},\"breadcrumb\":{\"@id\":\"https:\/\/www.atelierdocaractere.pt\/brevemente\/filmes-do-centro-de-portugal-saem-vencedores-no-circuito-mundial-de-festivais-de-filmes-turisticos\/#breadcrumb\"},\"inLanguage\":\"pt-PT\",\"potentialAction\":[{\"@type\":\"ReadAction\",\"target\":[\"https:\/\/www.atelierdocaractere.pt\/brevemente\/filmes-do-centro-de-portugal-saem-vencedores-no-circuito-mundial-de-festivais-de-filmes-turisticos\/\"]}]},{\"@type\":\"BreadcrumbList\",\"@id\":\"https:\/\/www.atelierdocaractere.pt\/brevemente\/filmes-do-centro-de-portugal-saem-vencedores-no-circuito-mundial-de-festivais-de-filmes-turisticos\/#breadcrumb\",\"itemListElement\":[{\"@type\":\"ListItem\",\"position\":1,\"name\":\"In\u00edcio\",\"item\":\"https:\/\/www.atelierdocaractere.pt\/brevemente\/\"},{\"@type\":\"ListItem\",\"position\":2,\"name\":\"Filmes do Centro de Portugal saem vencedores no circuito mundial de festivais de filmes tur\u00edsticos\"}]},{\"@type\":\"WebSite\",\"@id\":\"https:\/\/www.atelierdocaractere.pt\/brevemente\/#website\",\"url\":\"https:\/\/www.atelierdocaractere.pt\/brevemente\/\",\"name\":\"Atelier do Caractere\",\"description\":\"\",\"potentialAction\":[{\"@type\":\"SearchAction\",\"target\":{\"@type\":\"EntryPoint\",\"urlTemplate\":\"https:\/\/www.atelierdocaractere.pt\/brevemente\/?s={search_term_string}\"},\"query-input\":\"required name=search_term_string\"}],\"inLanguage\":\"pt-PT\"},{\"@type\":\"Person\",\"@id\":\"https:\/\/www.atelierdocaractere.pt\/brevemente\/#\/schema\/person\/f2f096eb0f27d9894725af22cb97c0db\",\"name\":\"Joana Barbosa\",\"image\":{\"@type\":\"ImageObject\",\"inLanguage\":\"pt-PT\",\"@id\":\"https:\/\/www.atelierdocaractere.pt\/brevemente\/#\/schema\/person\/image\/\",\"url\":\"https:\/\/secure.gravatar.com\/avatar\/33e8214b45e9d68a3a83008731075979?s=96&d=mm&r=g\",\"contentUrl\":\"https:\/\/secure.gravatar.com\/avatar\/33e8214b45e9d68a3a83008731075979?s=96&d=mm&r=g\",\"caption\":\"Joana Barbosa\"},\"url\":\"https:\/\/www.atelierdocaractere.pt\/brevemente\/author\/joanabarbosa\/\"}]}<\/script>\n<!-- \/ Yoast SEO plugin. -->","yoast_head_json":{"title":"Filmes do Centro de Portugal saem vencedores no circuito mundial de festivais de filmes tur\u00edsticos - Atelier do Caractere","robots":{"index":"index","follow":"follow","max-snippet":"max-snippet:-1","max-image-preview":"max-image-preview:large","max-video-preview":"max-video-preview:-1"},"canonical":"https:\/\/www.atelierdocaractere.pt\/brevemente\/filmes-do-centro-de-portugal-saem-vencedores-no-circuito-mundial-de-festivais-de-filmes-turisticos\/","og_locale":"pt_PT","og_type":"article","og_title":"Filmes do Centro de Portugal saem vencedores no circuito mundial de festivais de filmes tur\u00edsticos - Atelier do Caractere","og_description":"Filmes \u201cAlma de L\u00e3\u201d (1.\u00ba Pr\u00e9mio) e \u201cA Um Palmo do C\u00e9u\u201d (3.\u00ba Pr\u00e9mio)\u201d distinguidos na Gala dos Pr\u00e9mios CIFFT...","og_url":"https:\/\/www.atelierdocaractere.pt\/brevemente\/filmes-do-centro-de-portugal-saem-vencedores-no-circuito-mundial-de-festivais-de-filmes-turisticos\/","og_site_name":"Atelier do Caractere","article_publisher":"https:\/\/www.facebook.com\/AtelierdoCaractere","article_published_time":"2023-11-23T17:21:12+00:00","article_modified_time":"2023-11-23T17:21:15+00:00","og_image":[{"width":1024,"height":683,"url":"https:\/\/www.atelierdocaractere.pt\/wp-content\/uploads\/2023\/11\/403855349-739244821565290-5707540095429204961-n.jpg","type":"image\/jpeg"}],"author":"Joana Barbosa","twitter_card":"summary_large_image","twitter_misc":{"Escrito por":"Joana Barbosa","Tempo estimado de leitura":"6 minutos"},"schema":{"@context":"https:\/\/schema.org","@graph":[{"@type":"WebPage","@id":"https:\/\/www.atelierdocaractere.pt\/brevemente\/filmes-do-centro-de-portugal-saem-vencedores-no-circuito-mundial-de-festivais-de-filmes-turisticos\/","url":"https:\/\/www.atelierdocaractere.pt\/brevemente\/filmes-do-centro-de-portugal-saem-vencedores-no-circuito-mundial-de-festivais-de-filmes-turisticos\/","name":"Filmes do Centro de Portugal saem vencedores no circuito mundial de festivais de filmes tur\u00edsticos - Atelier do Caractere","isPartOf":{"@id":"https:\/\/www.atelierdocaractere.pt\/brevemente\/#website"},"datePublished":"2023-11-23T17:21:12+00:00","dateModified":"2023-11-23T17:21:15+00:00","author":{"@id":"https:\/\/www.atelierdocaractere.pt\/brevemente\/#\/schema\/person\/f2f096eb0f27d9894725af22cb97c0db"},"breadcrumb":{"@id":"https:\/\/www.atelierdocaractere.pt\/brevemente\/filmes-do-centro-de-portugal-saem-vencedores-no-circuito-mundial-de-festivais-de-filmes-turisticos\/#breadcrumb"},"inLanguage":"pt-PT","potentialAction":[{"@type":"ReadAction","target":["https:\/\/www.atelierdocaractere.pt\/brevemente\/filmes-do-centro-de-portugal-saem-vencedores-no-circuito-mundial-de-festivais-de-filmes-turisticos\/"]}]},{"@type":"BreadcrumbList","@id":"https:\/\/www.atelierdocaractere.pt\/brevemente\/filmes-do-centro-de-portugal-saem-vencedores-no-circuito-mundial-de-festivais-de-filmes-turisticos\/#breadcrumb","itemListElement":[{"@type":"ListItem","position":1,"name":"In\u00edcio","item":"https:\/\/www.atelierdocaractere.pt\/brevemente\/"},{"@type":"ListItem","position":2,"name":"Filmes do Centro de Portugal saem vencedores no circuito mundial de festivais de filmes tur\u00edsticos"}]},{"@type":"WebSite","@id":"https:\/\/www.atelierdocaractere.pt\/brevemente\/#website","url":"https:\/\/www.atelierdocaractere.pt\/brevemente\/","name":"Atelier do Caractere","description":"","potentialAction":[{"@type":"SearchAction","target":{"@type":"EntryPoint","urlTemplate":"https:\/\/www.atelierdocaractere.pt\/brevemente\/?s={search_term_string}"},"query-input":"required name=search_term_string"}],"inLanguage":"pt-PT"},{"@type":"Person","@id":"https:\/\/www.atelierdocaractere.pt\/brevemente\/#\/schema\/person\/f2f096eb0f27d9894725af22cb97c0db","name":"Joana Barbosa","image":{"@type":"ImageObject","inLanguage":"pt-PT","@id":"https:\/\/www.atelierdocaractere.pt\/brevemente\/#\/schema\/person\/image\/","url":"https:\/\/secure.gravatar.com\/avatar\/33e8214b45e9d68a3a83008731075979?s=96&d=mm&r=g","contentUrl":"https:\/\/secure.gravatar.com\/avatar\/33e8214b45e9d68a3a83008731075979?s=96&d=mm&r=g","caption":"Joana Barbosa"},"url":"https:\/\/www.atelierdocaractere.pt\/brevemente\/author\/joanabarbosa\/"}]}},"_links":{"self":[{"href":"https:\/\/www.atelierdocaractere.pt\/brevemente\/wp-json\/wp\/v2\/posts\/12061"}],"collection":[{"href":"https:\/\/www.atelierdocaractere.pt\/brevemente\/wp-json\/wp\/v2\/posts"}],"about":[{"href":"https:\/\/www.atelierdocaractere.pt\/brevemente\/wp-json\/wp\/v2\/types\/post"}],"author":[{"embeddable":true,"href":"https:\/\/www.atelierdocaractere.pt\/brevemente\/wp-json\/wp\/v2\/users\/7"}],"replies":[{"embeddable":true,"href":"https:\/\/www.atelierdocaractere.pt\/brevemente\/wp-json\/wp\/v2\/comments?post=12061"}],"version-history":[{"count":2,"href":"https:\/\/www.atelierdocaractere.pt\/brevemente\/wp-json\/wp\/v2\/posts\/12061\/revisions"}],"predecessor-version":[{"id":12067,"href":"https:\/\/www.atelierdocaractere.pt\/brevemente\/wp-json\/wp\/v2\/posts\/12061\/revisions\/12067"}],"wp:featuredmedia":[{"embeddable":true,"href":"https:\/\/www.atelierdocaractere.pt\/brevemente\/wp-json\/wp\/v2\/media\/12065"}],"wp:attachment":[{"href":"https:\/\/www.atelierdocaractere.pt\/brevemente\/wp-json\/wp\/v2\/media?parent=12061"}],"wp:term":[{"taxonomy":"category","embeddable":true,"href":"https:\/\/www.atelierdocaractere.pt\/brevemente\/wp-json\/wp\/v2\/categories?post=12061"},{"taxonomy":"post_tag","embeddable":true,"href":"https:\/\/www.atelierdocaractere.pt\/brevemente\/wp-json\/wp\/v2\/tags?post=12061"}],"curies":[{"name":"wp","href":"https:\/\/api.w.org\/{rel}","templated":true}]}}