{"id":12068,"date":"2023-11-23T17:32:08","date_gmt":"2023-11-23T17:32:08","guid":{"rendered":"https:\/\/www.atelierdocaractere.pt\/brevemente\/?p=12068"},"modified":"2023-11-23T17:32:12","modified_gmt":"2023-11-23T17:32:12","slug":"a-grande-rota-22-aldeias-historicas-de-portugal-ganha-dimensao-iberica","status":"publish","type":"post","link":"https:\/\/www.atelierdocaractere.pt\/brevemente\/a-grande-rota-22-aldeias-historicas-de-portugal-ganha-dimensao-iberica\/","title":{"rendered":"A Grande Rota 22 \u2013 Aldeias Hist\u00f3ricas de Portugal ganha dimens\u00e3o ib\u00e9rica!"},"content":{"rendered":"\n<p><strong>Nasceu a\u00a0GR22 \u2013 Aldeias Hist\u00f3ricas! Herdeira da GR22 \u2013 Grande Rota das Aldeias Hist\u00f3ricas de Portugal, \u00e9 uma rota transfronteiri\u00e7a com quase 900 km de extens\u00e3o, 680 km dos quais percorridos na Beira Interior de Portugal e cerca de 200 km na regi\u00e3o de C\u00e1ceres. Ou seja, uma rota ainda mais\u00a0emocionante para os aventureiros e apaixonados por Hist\u00f3ria.\u00a0A marca permanece nas Aldeias Hist\u00f3ricas de Portugal, que j\u00e1 avan\u00e7ou com os registos da mesma em Espanha.<\/strong><\/p>\n\n\n\n<figure class=\"wp-block-image size-large\"><img decoding=\"async\" width=\"1024\" height=\"683\" src=\"https:\/\/www.atelierdocaractere.pt\/wp-content\/uploads\/2023\/11\/gr22-5-1024x683.jpg\" alt=\"\" class=\"wp-image-12076\" srcset=\"https:\/\/www.atelierdocaractere.pt\/wp-content\/uploads\/2023\/11\/gr22-5-1024x683.jpg 1024w, https:\/\/www.atelierdocaractere.pt\/wp-content\/uploads\/2023\/11\/gr22-5-300x200.jpg 300w, https:\/\/www.atelierdocaractere.pt\/wp-content\/uploads\/2023\/11\/gr22-5-768x512.jpg 768w, https:\/\/www.atelierdocaractere.pt\/wp-content\/uploads\/2023\/11\/gr22-5-1536x1024.jpg 1536w, https:\/\/www.atelierdocaractere.pt\/wp-content\/uploads\/2023\/11\/gr22-5-900x600.jpg 900w, https:\/\/www.atelierdocaractere.pt\/wp-content\/uploads\/2023\/11\/gr22-5-675x450.jpg 675w, https:\/\/www.atelierdocaractere.pt\/wp-content\/uploads\/2023\/11\/gr22-5.jpg 1920w\" sizes=\"(max-width: 1024px) 100vw, 1024px\" \/><\/figure>\n\n\n\n<p>A Aldeias Hist\u00f3ricas de Portugal &#8211; Associa\u00e7\u00e3o de Desenvolvimento Tur\u00edstico (AHP &#8211; ADT) anunciou, no recente encontro da ERA (Associa\u00e7\u00e3o Europeia de Caminhada), que promoveu no territ\u00f3rio, uma novidade para os amantes de caminhadas e de turismo de natureza: a GR22 passa a ter dimens\u00e3o ib\u00e9rica!<\/p>\n\n\n\n<figure class=\"wp-block-image size-large\"><img decoding=\"async\" width=\"1024\" height=\"683\" src=\"https:\/\/www.atelierdocaractere.pt\/wp-content\/uploads\/2023\/11\/gr22-8-1024x683.jpg\" alt=\"\" class=\"wp-image-12079\" srcset=\"https:\/\/www.atelierdocaractere.pt\/wp-content\/uploads\/2023\/11\/gr22-8-1024x683.jpg 1024w, https:\/\/www.atelierdocaractere.pt\/wp-content\/uploads\/2023\/11\/gr22-8-300x200.jpg 300w, https:\/\/www.atelierdocaractere.pt\/wp-content\/uploads\/2023\/11\/gr22-8-768x512.jpg 768w, https:\/\/www.atelierdocaractere.pt\/wp-content\/uploads\/2023\/11\/gr22-8-1536x1024.jpg 1536w, https:\/\/www.atelierdocaractere.pt\/wp-content\/uploads\/2023\/11\/gr22-8-900x600.jpg 900w, https:\/\/www.atelierdocaractere.pt\/wp-content\/uploads\/2023\/11\/gr22-8-675x450.jpg 675w, https:\/\/www.atelierdocaractere.pt\/wp-content\/uploads\/2023\/11\/gr22-8.jpg 1920w\" sizes=\"(max-width: 1024px) 100vw, 1024px\" \/><\/figure>\n\n\n\n<p>A GR22 contava com cerca 600 km de extens\u00e3o, distribu\u00eddos por 20 munic\u00edpios, num percurso circular que unia as 12 Aldeias Hist\u00f3ricas de Portugal, caminhos hist\u00f3ricos e natureza em estado puro. Agora, a aventura envolve tamb\u00e9m o pa\u00eds vizinho: juntam-se a esta rota 13 munic\u00edpios da Deputa\u00e7\u00e3o de C\u00e1ceres, acrescentando mais de 200 km de territ\u00f3rio espanhol e in\u00fameras povoa\u00e7\u00f5es hist\u00f3ricas, que v\u00e3o surpreender os aventureiros e cerca de 80 km na liga\u00e7\u00e3o de Portugal \u00e0 fronteira. A GR22 totaliza agora aproximadamente 900 km de percurso.<\/p>\n\n\n\n<figure class=\"wp-block-image size-large\"><img decoding=\"async\" width=\"1024\" height=\"683\" src=\"https:\/\/www.atelierdocaractere.pt\/wp-content\/uploads\/2023\/11\/gr22-1-1024x683.jpg\" alt=\"\" class=\"wp-image-12072\" srcset=\"https:\/\/www.atelierdocaractere.pt\/wp-content\/uploads\/2023\/11\/gr22-1-1024x683.jpg 1024w, https:\/\/www.atelierdocaractere.pt\/wp-content\/uploads\/2023\/11\/gr22-1-300x200.jpg 300w, https:\/\/www.atelierdocaractere.pt\/wp-content\/uploads\/2023\/11\/gr22-1-768x512.jpg 768w, https:\/\/www.atelierdocaractere.pt\/wp-content\/uploads\/2023\/11\/gr22-1-1536x1024.jpg 1536w, https:\/\/www.atelierdocaractere.pt\/wp-content\/uploads\/2023\/11\/gr22-1-900x600.jpg 900w, https:\/\/www.atelierdocaractere.pt\/wp-content\/uploads\/2023\/11\/gr22-1-675x450.jpg 675w, https:\/\/www.atelierdocaractere.pt\/wp-content\/uploads\/2023\/11\/gr22-1.jpg 1920w\" sizes=\"(max-width: 1024px) 100vw, 1024px\" \/><\/figure>\n\n\n\n<p>Agora, quem percorrer a GR22 vai passar n\u00e3o s\u00f3 pelas Aldeias Hist\u00f3ricas de Portugal, \u00e2ncoras deste percurso, como tamb\u00e9m lugares hist\u00f3ricos em Espanha, tornando a experi\u00eancia numa verdadeira viv\u00eancia ib\u00e9rica. S\u00e3o, no total, 111 localidades em Portugal e 36 em Espanha.<\/p>\n\n\n\n<figure class=\"wp-block-image size-large\"><img decoding=\"async\" width=\"1024\" height=\"683\" src=\"https:\/\/www.atelierdocaractere.pt\/wp-content\/uploads\/2023\/11\/gr22-3-1024x683.jpg\" alt=\"\" class=\"wp-image-12074\" srcset=\"https:\/\/www.atelierdocaractere.pt\/wp-content\/uploads\/2023\/11\/gr22-3-1024x683.jpg 1024w, https:\/\/www.atelierdocaractere.pt\/wp-content\/uploads\/2023\/11\/gr22-3-300x200.jpg 300w, https:\/\/www.atelierdocaractere.pt\/wp-content\/uploads\/2023\/11\/gr22-3-768x512.jpg 768w, https:\/\/www.atelierdocaractere.pt\/wp-content\/uploads\/2023\/11\/gr22-3-1536x1024.jpg 1536w, https:\/\/www.atelierdocaractere.pt\/wp-content\/uploads\/2023\/11\/gr22-3-900x600.jpg 900w, https:\/\/www.atelierdocaractere.pt\/wp-content\/uploads\/2023\/11\/gr22-3-675x450.jpg 675w, https:\/\/www.atelierdocaractere.pt\/wp-content\/uploads\/2023\/11\/gr22-3.jpg 1920w\" sizes=\"(max-width: 1024px) 100vw, 1024px\" \/><\/figure>\n\n\n\n<p>Al\u00e9m de se tornar uma aventura transfronteiri\u00e7a, a GR22 ganha tamb\u00e9m em condi\u00e7\u00f5es para os aventureiros, pois passa a dispor de um leque mais alargado de oferta e enriquecido pela sua diversidade.<\/p>\n\n\n\n<figure class=\"wp-block-image size-large\"><img decoding=\"async\" width=\"1024\" height=\"683\" src=\"https:\/\/www.atelierdocaractere.pt\/wp-content\/uploads\/2023\/11\/gr22-6-1024x683.jpg\" alt=\"\" class=\"wp-image-12077\" srcset=\"https:\/\/www.atelierdocaractere.pt\/wp-content\/uploads\/2023\/11\/gr22-6-1024x683.jpg 1024w, https:\/\/www.atelierdocaractere.pt\/wp-content\/uploads\/2023\/11\/gr22-6-300x200.jpg 300w, https:\/\/www.atelierdocaractere.pt\/wp-content\/uploads\/2023\/11\/gr22-6-768x512.jpg 768w, https:\/\/www.atelierdocaractere.pt\/wp-content\/uploads\/2023\/11\/gr22-6-1536x1024.jpg 1536w, https:\/\/www.atelierdocaractere.pt\/wp-content\/uploads\/2023\/11\/gr22-6-900x600.jpg 900w, https:\/\/www.atelierdocaractere.pt\/wp-content\/uploads\/2023\/11\/gr22-6-675x450.jpg 675w, https:\/\/www.atelierdocaractere.pt\/wp-content\/uploads\/2023\/11\/gr22-6.jpg 1920w\" sizes=\"(max-width: 1024px) 100vw, 1024px\" \/><\/figure>\n\n\n\n<p>A amplia\u00e7\u00e3o da GR22 para Espanha foi realizada ao abrigo do projeto POCTEP \u2013 Coopera\u00e7\u00e3o Transfronteiri\u00e7a, gra\u00e7as ao qual foi poss\u00edvel a internacionaliza\u00e7\u00e3o de uma marca portuguesa para Espanha no dom\u00ednio da mobilidade suave, nas modalidades de caminhada (<em>walking<\/em>) e bicicleta (<em>cycling<\/em>) da GR22. Tornando-se um projeto transfronteiri\u00e7o, foi necess\u00e1rio adequar tamb\u00e9m o nome da marca: em vez de \u201cGR22 \u2013 Grande Rota das Aldeias Hist\u00f3ricas de Portugal\u201d, passa a \u201cGR22 \u2013 Aldeias Hist\u00f3ricas\u201d.<\/p>\n\n\n\n<figure class=\"wp-block-image size-large\"><img decoding=\"async\" width=\"1024\" height=\"683\" src=\"https:\/\/www.atelierdocaractere.pt\/wp-content\/uploads\/2023\/11\/gr22-2-1024x683.jpg\" alt=\"\" class=\"wp-image-12073\" srcset=\"https:\/\/www.atelierdocaractere.pt\/wp-content\/uploads\/2023\/11\/gr22-2-1024x683.jpg 1024w, https:\/\/www.atelierdocaractere.pt\/wp-content\/uploads\/2023\/11\/gr22-2-300x200.jpg 300w, https:\/\/www.atelierdocaractere.pt\/wp-content\/uploads\/2023\/11\/gr22-2-768x512.jpg 768w, https:\/\/www.atelierdocaractere.pt\/wp-content\/uploads\/2023\/11\/gr22-2-1536x1024.jpg 1536w, https:\/\/www.atelierdocaractere.pt\/wp-content\/uploads\/2023\/11\/gr22-2-900x600.jpg 900w, https:\/\/www.atelierdocaractere.pt\/wp-content\/uploads\/2023\/11\/gr22-2-675x450.jpg 675w, https:\/\/www.atelierdocaractere.pt\/wp-content\/uploads\/2023\/11\/gr22-2.jpg 1920w\" sizes=\"(max-width: 1024px) 100vw, 1024px\" \/><\/figure>\n\n\n\n<p>Sendo a GR22 \u2013 Aldeias Hist\u00f3ricas um dos grandes ativos da AHP \u2013 ADT, foi assinado um protocolo com a Deputa\u00e7\u00e3o de C\u00e1ceres que passa a legitimar este organismo \u00a0no usufruto de uma marca das Aldeias Hist\u00f3ricas de Portugal. A AHP \u2013 ADT tamb\u00e9m j\u00e1 avan\u00e7ou com os registos da marca em Espanha.<\/p>\n\n\n<div class=\"wp-block-image\">\n<figure class=\"aligncenter size-full\"><img decoding=\"async\" width=\"674\" height=\"954\" src=\"https:\/\/www.atelierdocaractere.pt\/wp-content\/uploads\/2023\/11\/gr222.jpg\" alt=\"\" class=\"wp-image-12071\" srcset=\"https:\/\/www.atelierdocaractere.pt\/wp-content\/uploads\/2023\/11\/gr222.jpg 674w, https:\/\/www.atelierdocaractere.pt\/wp-content\/uploads\/2023\/11\/gr222-212x300.jpg 212w\" sizes=\"(max-width: 674px) 100vw, 674px\" \/><\/figure><\/div>\n\n\n<p>Por outro lado, o sistema de monitoriza\u00e7\u00e3o j\u00e1 existente na GR22 \u2013 Aldeias Hist\u00f3ricas tamb\u00e9m foi melhorado, passando a estar mais alinhado com o racional estrat\u00e9gico da Rede dedicado \u00e0 sustentabilidade,\u00a0nomeadamente por via da introdu\u00e7\u00e3o de pain\u00e9is fotovoltaicos para alimentar os contadores que viabilizam a contagem do n\u00famero de passagens de aventureiros a p\u00e9 ou de bicicleta.<\/p>\n\n\n<div class=\"wp-block-image\">\n<figure class=\"aligncenter size-full\"><img decoding=\"async\" width=\"673\" height=\"953\" src=\"https:\/\/www.atelierdocaractere.pt\/wp-content\/uploads\/2023\/11\/gr222b.jpg\" alt=\"\" class=\"wp-image-12070\" srcset=\"https:\/\/www.atelierdocaractere.pt\/wp-content\/uploads\/2023\/11\/gr222b.jpg 673w, https:\/\/www.atelierdocaractere.pt\/wp-content\/uploads\/2023\/11\/gr222b-212x300.jpg 212w\" sizes=\"(max-width: 673px) 100vw, 673px\" \/><\/figure><\/div>\n\n\n<p>De recordar que a GR22 \u00e9 a maior rota europeia para caminhadas com selo Leading Quality Trails \u2013 Best of Europe (LQT): a certifica\u00e7\u00e3o foi entregue pela primeira vez \u00e0s Aldeias Hist\u00f3ricas de Portugal pela European Ramblers Association (Associa\u00e7\u00e3o Europeia de Caminhada) em 2019 e agora, no encontro que se realizou no in\u00edcio do m\u00eas, o selo foi renovado at\u00e9 2025.<\/p>\n\n\n<div class=\"wp-block-image\">\n<figure class=\"aligncenter size-full\"><img decoding=\"async\" width=\"676\" height=\"956\" src=\"https:\/\/www.atelierdocaractere.pt\/wp-content\/uploads\/2023\/11\/gr222a.jpg\" alt=\"\" class=\"wp-image-12069\" srcset=\"https:\/\/www.atelierdocaractere.pt\/wp-content\/uploads\/2023\/11\/gr222a.jpg 676w, https:\/\/www.atelierdocaractere.pt\/wp-content\/uploads\/2023\/11\/gr222a-212x300.jpg 212w\" sizes=\"(max-width: 676px) 100vw, 676px\" \/><\/figure><\/div>\n\n\n<p>A European Ramblers Association \u00e9 uma associa\u00e7\u00e3o que certifica os melhores destinos de caminhada na Europa, segundo crit\u00e9rios como a sustentabilidade, o n\u00edvel de experi\u00eancia proporcionado ao utilizador, a qualidade do seu tra\u00e7ado, e a sua riqueza cultural e natural. Trata-se, assim, de um projeto que est\u00e1 em linha com o compromisso de sustentabilidade e locomo\u00e7\u00e3o suave das Aldeias Hist\u00f3ricas de Portugal.<\/p>\n\n\n\n<figure class=\"wp-block-image size-large\"><img decoding=\"async\" width=\"1024\" height=\"683\" src=\"https:\/\/www.atelierdocaractere.pt\/wp-content\/uploads\/2023\/11\/gr22-9-1024x683.jpg\" alt=\"\" class=\"wp-image-12080\" srcset=\"https:\/\/www.atelierdocaractere.pt\/wp-content\/uploads\/2023\/11\/gr22-9-1024x683.jpg 1024w, https:\/\/www.atelierdocaractere.pt\/wp-content\/uploads\/2023\/11\/gr22-9-300x200.jpg 300w, https:\/\/www.atelierdocaractere.pt\/wp-content\/uploads\/2023\/11\/gr22-9-768x512.jpg 768w, https:\/\/www.atelierdocaractere.pt\/wp-content\/uploads\/2023\/11\/gr22-9-1536x1024.jpg 1536w, https:\/\/www.atelierdocaractere.pt\/wp-content\/uploads\/2023\/11\/gr22-9-900x600.jpg 900w, https:\/\/www.atelierdocaractere.pt\/wp-content\/uploads\/2023\/11\/gr22-9-675x450.jpg 675w, https:\/\/www.atelierdocaractere.pt\/wp-content\/uploads\/2023\/11\/gr22-9.jpg 1920w\" sizes=\"(max-width: 1024px) 100vw, 1024px\" \/><\/figure>\n\n\n\n<p><strong>Sobre a Aldeias Hist\u00f3ricas de Portugal<\/strong><\/p>\n\n\n\n<p>Entre montes e vales da verdejante paisagem do interior de Portugal, repletas de lendas e castelos, sabores e tradi\u00e7\u00f5es, encontram-se 12 singelas aldeias onde apetece perdermo-nos. Almeida, Belmonte, Castelo Mendo, Castelo Novo, Castelo Rodrigo, Idanha-a-Velha, Linhares da Beira, Marialva, Monsanto, Pi\u00f3d\u00e3o, Sortelha e Trancoso: as Aldeias Hist\u00f3ricas de Portugal, um destino que s\u00e3o 12, surgem como para\u00edsos escondidos que nos levam numa viagem ao tempo de reis e rainhas, de \u00e9picas e infinitas batalhas que escreveram a Hist\u00f3ria como a conhecemos hoje. S\u00e3o, ainda, a garantia de momentos inesquec\u00edveis de lazer, aventura e descoberta, temperados com os inigual\u00e1veis aromas e sabores da regi\u00e3o, que comp\u00f5em a sua t\u00edpica gastronomia.<\/p>\n\n\n\n<p>No territ\u00f3rio das Aldeias Hist\u00f3ricas de Portugal h\u00e1 um sem fim de trilhos para caminhadas e percursos de bicicleta e BTT \u2013 como a Grande Rota 22, a maior rota de Walking &amp; Cycling na Europa e em Portugal, com cerca de 600 km. A Grande Rota 22 tem o selo Leading Quality Trails \u2013 Best of Europe, entregue pela European Ramblers Association (Associa\u00e7\u00e3o Europeia de Caminhada).<\/p>\n\n\n\n<p>As Aldeias Hist\u00f3ricas de Portugal s\u00e3o o primeiro destino em rede \u2013 \u00e0 escala mundial \u2013 e o primeiro destino nacional a receber a certifica\u00e7\u00e3o BIOSPHERE DESTINATION. E, em 2020, foram o primeiro destino a n\u00edvel nacional a criar o \u201cManifesto do Turista Respons\u00e1vel\u201d, lembrando aos seus visitantes a import\u00e2ncia do respeito pela natureza.<\/p>\n","protected":false},"excerpt":{"rendered":"<p>Nasceu a\u00a0GR22 \u2013 Aldeias Hist\u00f3ricas! Herdeira da GR22 \u2013 Grande Rota das Aldeias Hist\u00f3ricas de Portugal, \u00e9 uma rota transfronteiri\u00e7a&#8230;<\/p>\n","protected":false},"author":7,"featured_media":12078,"comment_status":"closed","ping_status":"open","sticky":false,"template":"","format":"standard","meta":[],"categories":[39],"tags":[371,748],"yoast_head":"<!-- This site is optimized with the Yoast SEO plugin v20.12 - https:\/\/yoast.com\/wordpress\/plugins\/seo\/ -->\n<title>A Grande Rota 22 \u2013 Aldeias Hist\u00f3ricas de Portugal ganha dimens\u00e3o ib\u00e9rica! - Atelier do Caractere<\/title>\n<meta name=\"robots\" content=\"index, follow, max-snippet:-1, max-image-preview:large, max-video-preview:-1\" \/>\n<link rel=\"canonical\" href=\"https:\/\/www.atelierdocaractere.pt\/brevemente\/a-grande-rota-22-aldeias-historicas-de-portugal-ganha-dimensao-iberica\/\" \/>\n<meta property=\"og:locale\" content=\"pt_PT\" \/>\n<meta property=\"og:type\" content=\"article\" \/>\n<meta property=\"og:title\" content=\"A Grande Rota 22 \u2013 Aldeias Hist\u00f3ricas de Portugal ganha dimens\u00e3o ib\u00e9rica! - Atelier do Caractere\" \/>\n<meta property=\"og:description\" content=\"Nasceu a\u00a0GR22 \u2013 Aldeias Hist\u00f3ricas! Herdeira da GR22 \u2013 Grande Rota das Aldeias Hist\u00f3ricas de Portugal, \u00e9 uma rota transfronteiri\u00e7a...\" \/>\n<meta property=\"og:url\" content=\"https:\/\/www.atelierdocaractere.pt\/brevemente\/a-grande-rota-22-aldeias-historicas-de-portugal-ganha-dimensao-iberica\/\" \/>\n<meta property=\"og:site_name\" content=\"Atelier do Caractere\" \/>\n<meta property=\"article:publisher\" content=\"https:\/\/www.facebook.com\/AtelierdoCaractere\" \/>\n<meta property=\"article:published_time\" content=\"2023-11-23T17:32:08+00:00\" \/>\n<meta property=\"article:modified_time\" content=\"2023-11-23T17:32:12+00:00\" \/>\n<meta property=\"og:image\" content=\"https:\/\/www.atelierdocaractere.pt\/wp-content\/uploads\/2023\/11\/gr22-7.jpg\" \/>\n\t<meta property=\"og:image:width\" content=\"1920\" \/>\n\t<meta property=\"og:image:height\" content=\"1285\" \/>\n\t<meta property=\"og:image:type\" content=\"image\/jpeg\" \/>\n<meta name=\"author\" content=\"Joana Barbosa\" \/>\n<meta name=\"twitter:card\" content=\"summary_large_image\" \/>\n<meta name=\"twitter:label1\" content=\"Escrito por\" \/>\n\t<meta name=\"twitter:data1\" content=\"Joana Barbosa\" \/>\n\t<meta name=\"twitter:label2\" content=\"Tempo estimado de leitura\" \/>\n\t<meta name=\"twitter:data2\" content=\"7 minutos\" \/>\n<script type=\"application\/ld+json\" class=\"yoast-schema-graph\">{\"@context\":\"https:\/\/schema.org\",\"@graph\":[{\"@type\":\"WebPage\",\"@id\":\"https:\/\/www.atelierdocaractere.pt\/brevemente\/a-grande-rota-22-aldeias-historicas-de-portugal-ganha-dimensao-iberica\/\",\"url\":\"https:\/\/www.atelierdocaractere.pt\/brevemente\/a-grande-rota-22-aldeias-historicas-de-portugal-ganha-dimensao-iberica\/\",\"name\":\"A Grande Rota 22 \u2013 Aldeias Hist\u00f3ricas de Portugal ganha dimens\u00e3o ib\u00e9rica! - Atelier do Caractere\",\"isPartOf\":{\"@id\":\"https:\/\/www.atelierdocaractere.pt\/brevemente\/#website\"},\"datePublished\":\"2023-11-23T17:32:08+00:00\",\"dateModified\":\"2023-11-23T17:32:12+00:00\",\"author\":{\"@id\":\"https:\/\/www.atelierdocaractere.pt\/brevemente\/#\/schema\/person\/f2f096eb0f27d9894725af22cb97c0db\"},\"breadcrumb\":{\"@id\":\"https:\/\/www.atelierdocaractere.pt\/brevemente\/a-grande-rota-22-aldeias-historicas-de-portugal-ganha-dimensao-iberica\/#breadcrumb\"},\"inLanguage\":\"pt-PT\",\"potentialAction\":[{\"@type\":\"ReadAction\",\"target\":[\"https:\/\/www.atelierdocaractere.pt\/brevemente\/a-grande-rota-22-aldeias-historicas-de-portugal-ganha-dimensao-iberica\/\"]}]},{\"@type\":\"BreadcrumbList\",\"@id\":\"https:\/\/www.atelierdocaractere.pt\/brevemente\/a-grande-rota-22-aldeias-historicas-de-portugal-ganha-dimensao-iberica\/#breadcrumb\",\"itemListElement\":[{\"@type\":\"ListItem\",\"position\":1,\"name\":\"In\u00edcio\",\"item\":\"https:\/\/www.atelierdocaractere.pt\/brevemente\/\"},{\"@type\":\"ListItem\",\"position\":2,\"name\":\"A Grande Rota 22 \u2013 Aldeias Hist\u00f3ricas de Portugal ganha dimens\u00e3o ib\u00e9rica!\"}]},{\"@type\":\"WebSite\",\"@id\":\"https:\/\/www.atelierdocaractere.pt\/brevemente\/#website\",\"url\":\"https:\/\/www.atelierdocaractere.pt\/brevemente\/\",\"name\":\"Atelier do Caractere\",\"description\":\"\",\"potentialAction\":[{\"@type\":\"SearchAction\",\"target\":{\"@type\":\"EntryPoint\",\"urlTemplate\":\"https:\/\/www.atelierdocaractere.pt\/brevemente\/?s={search_term_string}\"},\"query-input\":\"required name=search_term_string\"}],\"inLanguage\":\"pt-PT\"},{\"@type\":\"Person\",\"@id\":\"https:\/\/www.atelierdocaractere.pt\/brevemente\/#\/schema\/person\/f2f096eb0f27d9894725af22cb97c0db\",\"name\":\"Joana Barbosa\",\"image\":{\"@type\":\"ImageObject\",\"inLanguage\":\"pt-PT\",\"@id\":\"https:\/\/www.atelierdocaractere.pt\/brevemente\/#\/schema\/person\/image\/\",\"url\":\"https:\/\/secure.gravatar.com\/avatar\/33e8214b45e9d68a3a83008731075979?s=96&d=mm&r=g\",\"contentUrl\":\"https:\/\/secure.gravatar.com\/avatar\/33e8214b45e9d68a3a83008731075979?s=96&d=mm&r=g\",\"caption\":\"Joana Barbosa\"},\"url\":\"https:\/\/www.atelierdocaractere.pt\/brevemente\/author\/joanabarbosa\/\"}]}<\/script>\n<!-- \/ Yoast SEO plugin. -->","yoast_head_json":{"title":"A Grande Rota 22 \u2013 Aldeias Hist\u00f3ricas de Portugal ganha dimens\u00e3o ib\u00e9rica! - Atelier do Caractere","robots":{"index":"index","follow":"follow","max-snippet":"max-snippet:-1","max-image-preview":"max-image-preview:large","max-video-preview":"max-video-preview:-1"},"canonical":"https:\/\/www.atelierdocaractere.pt\/brevemente\/a-grande-rota-22-aldeias-historicas-de-portugal-ganha-dimensao-iberica\/","og_locale":"pt_PT","og_type":"article","og_title":"A Grande Rota 22 \u2013 Aldeias Hist\u00f3ricas de Portugal ganha dimens\u00e3o ib\u00e9rica! - Atelier do Caractere","og_description":"Nasceu a\u00a0GR22 \u2013 Aldeias Hist\u00f3ricas! Herdeira da GR22 \u2013 Grande Rota das Aldeias Hist\u00f3ricas de Portugal, \u00e9 uma rota transfronteiri\u00e7a...","og_url":"https:\/\/www.atelierdocaractere.pt\/brevemente\/a-grande-rota-22-aldeias-historicas-de-portugal-ganha-dimensao-iberica\/","og_site_name":"Atelier do Caractere","article_publisher":"https:\/\/www.facebook.com\/AtelierdoCaractere","article_published_time":"2023-11-23T17:32:08+00:00","article_modified_time":"2023-11-23T17:32:12+00:00","og_image":[{"width":1920,"height":1285,"url":"https:\/\/www.atelierdocaractere.pt\/wp-content\/uploads\/2023\/11\/gr22-7.jpg","type":"image\/jpeg"}],"author":"Joana Barbosa","twitter_card":"summary_large_image","twitter_misc":{"Escrito por":"Joana Barbosa","Tempo estimado de leitura":"7 minutos"},"schema":{"@context":"https:\/\/schema.org","@graph":[{"@type":"WebPage","@id":"https:\/\/www.atelierdocaractere.pt\/brevemente\/a-grande-rota-22-aldeias-historicas-de-portugal-ganha-dimensao-iberica\/","url":"https:\/\/www.atelierdocaractere.pt\/brevemente\/a-grande-rota-22-aldeias-historicas-de-portugal-ganha-dimensao-iberica\/","name":"A Grande Rota 22 \u2013 Aldeias Hist\u00f3ricas de Portugal ganha dimens\u00e3o ib\u00e9rica! - Atelier do Caractere","isPartOf":{"@id":"https:\/\/www.atelierdocaractere.pt\/brevemente\/#website"},"datePublished":"2023-11-23T17:32:08+00:00","dateModified":"2023-11-23T17:32:12+00:00","author":{"@id":"https:\/\/www.atelierdocaractere.pt\/brevemente\/#\/schema\/person\/f2f096eb0f27d9894725af22cb97c0db"},"breadcrumb":{"@id":"https:\/\/www.atelierdocaractere.pt\/brevemente\/a-grande-rota-22-aldeias-historicas-de-portugal-ganha-dimensao-iberica\/#breadcrumb"},"inLanguage":"pt-PT","potentialAction":[{"@type":"ReadAction","target":["https:\/\/www.atelierdocaractere.pt\/brevemente\/a-grande-rota-22-aldeias-historicas-de-portugal-ganha-dimensao-iberica\/"]}]},{"@type":"BreadcrumbList","@id":"https:\/\/www.atelierdocaractere.pt\/brevemente\/a-grande-rota-22-aldeias-historicas-de-portugal-ganha-dimensao-iberica\/#breadcrumb","itemListElement":[{"@type":"ListItem","position":1,"name":"In\u00edcio","item":"https:\/\/www.atelierdocaractere.pt\/brevemente\/"},{"@type":"ListItem","position":2,"name":"A Grande Rota 22 \u2013 Aldeias Hist\u00f3ricas de Portugal ganha dimens\u00e3o ib\u00e9rica!"}]},{"@type":"WebSite","@id":"https:\/\/www.atelierdocaractere.pt\/brevemente\/#website","url":"https:\/\/www.atelierdocaractere.pt\/brevemente\/","name":"Atelier do Caractere","description":"","potentialAction":[{"@type":"SearchAction","target":{"@type":"EntryPoint","urlTemplate":"https:\/\/www.atelierdocaractere.pt\/brevemente\/?s={search_term_string}"},"query-input":"required name=search_term_string"}],"inLanguage":"pt-PT"},{"@type":"Person","@id":"https:\/\/www.atelierdocaractere.pt\/brevemente\/#\/schema\/person\/f2f096eb0f27d9894725af22cb97c0db","name":"Joana Barbosa","image":{"@type":"ImageObject","inLanguage":"pt-PT","@id":"https:\/\/www.atelierdocaractere.pt\/brevemente\/#\/schema\/person\/image\/","url":"https:\/\/secure.gravatar.com\/avatar\/33e8214b45e9d68a3a83008731075979?s=96&d=mm&r=g","contentUrl":"https:\/\/secure.gravatar.com\/avatar\/33e8214b45e9d68a3a83008731075979?s=96&d=mm&r=g","caption":"Joana Barbosa"},"url":"https:\/\/www.atelierdocaractere.pt\/brevemente\/author\/joanabarbosa\/"}]}},"_links":{"self":[{"href":"https:\/\/www.atelierdocaractere.pt\/brevemente\/wp-json\/wp\/v2\/posts\/12068"}],"collection":[{"href":"https:\/\/www.atelierdocaractere.pt\/brevemente\/wp-json\/wp\/v2\/posts"}],"about":[{"href":"https:\/\/www.atelierdocaractere.pt\/brevemente\/wp-json\/wp\/v2\/types\/post"}],"author":[{"embeddable":true,"href":"https:\/\/www.atelierdocaractere.pt\/brevemente\/wp-json\/wp\/v2\/users\/7"}],"replies":[{"embeddable":true,"href":"https:\/\/www.atelierdocaractere.pt\/brevemente\/wp-json\/wp\/v2\/comments?post=12068"}],"version-history":[{"count":1,"href":"https:\/\/www.atelierdocaractere.pt\/brevemente\/wp-json\/wp\/v2\/posts\/12068\/revisions"}],"predecessor-version":[{"id":12081,"href":"https:\/\/www.atelierdocaractere.pt\/brevemente\/wp-json\/wp\/v2\/posts\/12068\/revisions\/12081"}],"wp:featuredmedia":[{"embeddable":true,"href":"https:\/\/www.atelierdocaractere.pt\/brevemente\/wp-json\/wp\/v2\/media\/12078"}],"wp:attachment":[{"href":"https:\/\/www.atelierdocaractere.pt\/brevemente\/wp-json\/wp\/v2\/media?parent=12068"}],"wp:term":[{"taxonomy":"category","embeddable":true,"href":"https:\/\/www.atelierdocaractere.pt\/brevemente\/wp-json\/wp\/v2\/categories?post=12068"},{"taxonomy":"post_tag","embeddable":true,"href":"https:\/\/www.atelierdocaractere.pt\/brevemente\/wp-json\/wp\/v2\/tags?post=12068"}],"curies":[{"name":"wp","href":"https:\/\/api.w.org\/{rel}","templated":true}]}}