{"id":12091,"date":"2023-10-28T18:40:17","date_gmt":"2023-10-28T18:40:17","guid":{"rendered":"https:\/\/www.atelierdocaractere.pt\/brevemente\/?p=12091"},"modified":"2023-11-23T18:41:23","modified_gmt":"2023-11-23T18:41:23","slug":"joao-ferreira-passa-para-a-frente-da-baja-portalegre-500-entre-os-automoveis","status":"publish","type":"post","link":"https:\/\/www.atelierdocaractere.pt\/brevemente\/joao-ferreira-passa-para-a-frente-da-baja-portalegre-500-entre-os-automoveis\/","title":{"rendered":"Jo\u00e3o Ferreira passa para a frente da Baja Portalegre 500 entre os autom\u00f3veis"},"content":{"rendered":"\n<p><strong>Os dur\u00edssimos 184,3 km do Setor Seletivo 3 colocaram Jo\u00e3o Ferreira e Filipe Palmeiro no comando da Baja Portalegre 500 entre os autom\u00f3veis. As condi\u00e7\u00f5es atmosf\u00e9ricas deixaram os pisos com muita \u00e1gua e lama, um terreno onde a dupla do Mini JCW Plus T1+ foi a mais eficaz, tendo agora uma vantagem de 1m04,7s na geral sobre Nasser Al-Attiyah e Mathieu Baumel (Prodrive Hunter T1+). O Setor Seletivo de hoje \u00e0 tarde vai decidir os vencedores da 37.\u00aa edi\u00e7\u00e3o da prova do Autom\u00f3vel Club de Portugal.<\/strong><\/p>\n\n\n\n<p>Vencedor da Baja Portalegre 500 no ano passado, Jo\u00e3o Ferreira colocou-se em boa posi\u00e7\u00e3o para lutar por novo triunfo este ano, sendo o mais r\u00e1pido no duro SS3, hoje de manh\u00e3.&nbsp;<strong><em>\u201cTivemos algumas dificuldades com a lama e rod\u00e1mos atr\u00e1s do Nasser, que tinha problemas. Perdemos a\u00ed bastante tempo. Mas isto \u00e9 Portalegre e ainda faltam muitos quil\u00f3metros\u201d<\/em><\/strong>. As fortes chuvas das \u00faltimas semanas deixaram os pisos do Alto Alentejo bastante enlameados e as ribeiras do percurso com um caudal ainda mais desafiantes para m\u00e1quinas e pilotos, condi\u00e7\u00f5es onde Jo\u00e3o Ferreira e o navegador Filipe Palmeiro foram os mais fortes.&nbsp;<\/p>\n\n\n\n<p>O regressado Nasser Al-Attiyah, que j\u00e1 confirmou em Portugal o t\u00edtulo da Ta\u00e7a do Mundo FIA de Bajas, ficou sem limpa para-brisas no Prodrive Hunter T1+, navegado por Mathieu Baumel.&nbsp;<strong><em>\u201cMuito duro desde o in\u00edcio, uma vez que o limpa para-brisas deixou de funcionar. Ainda par\u00e1mos e, com isso, perdemos bastante tempo. Vamos ver como corre durante a tarde\u201d.&nbsp;<\/em><\/strong>Ainda assim, Al-Attiyah bateu o saudita Yazeed Al-Rajhi, acompanhado por Timo Gottschalk, que ocupam o terceiro lugar da geral, a 2m43,4s de Jo\u00e3o Ferreira, depois de tamb\u00e9m ter tido problemas de embaciamento no para-brisas da Toyota Hilux T1+.<\/p>\n\n\n\n<p>Os SSV da categoria T3, que ficaram a escassos 21s de ganhar a edi\u00e7\u00e3o de 2022 \u00e0 geral, por interm\u00e9dio de Jo\u00e3o Dias e Jo\u00e3o Miranda, t\u00eam precisamente a dupla do Can-Am como melhor representante, no quarto lugar, a 3m32,6s de Jo\u00e3o Ferreira. Lu\u00eds Portela de Morais chegou a rodar no segundo lugar da geral ao km 119, mas o piloto do GRally atrasou-se. Miguel Barbosa e Paulo Fi\u00faza (Toyota Hilux T1+) fecham atualmente o top 5, logo na frente de Armindo Ara\u00fajo e Lu\u00eds Ramalho (Can-Am Maverick X3), que est\u00e3o na luta pelo t\u00edtulo nacional da categoria T3. Na categoria T1, Alexandre Franco e Rui Franco s\u00e3o, para j\u00e1, os l\u00edderes, apesar de problemas no turbo do Mercedes 350D.<\/p>\n\n\n\n<p>Os concorrentes v\u00e3o agora enfrentar o decisivo Setor Seletivo 4, \u00e0 tarde, para encontrar os vencedores da 37.\u00aa Baja Portalegre 500.<\/p>\n\n\n\n<p>Classifica\u00e7\u00f5es online:<a href=\"https:\/\/clasif.anube.es\/gen\/?rallyId=117\">https:\/\/clasif.anube.es\/gen\/?rallyId=117<\/a><\/p>\n","protected":false},"excerpt":{"rendered":"<p>Os dur\u00edssimos 184,3 km do Setor Seletivo 3 colocaram Jo\u00e3o Ferreira e Filipe Palmeiro no comando da Baja Portalegre 500&#8230;<\/p>\n","protected":false},"author":7,"featured_media":12092,"comment_status":"closed","ping_status":"open","sticky":false,"template":"","format":"standard","meta":[],"categories":[24],"tags":[333],"yoast_head":"<!-- This site is optimized with the Yoast SEO plugin v20.12 - https:\/\/yoast.com\/wordpress\/plugins\/seo\/ -->\n<title>Jo\u00e3o Ferreira passa para a frente da Baja Portalegre 500 entre os autom\u00f3veis - Atelier do Caractere<\/title>\n<meta name=\"robots\" content=\"index, follow, max-snippet:-1, max-image-preview:large, max-video-preview:-1\" \/>\n<link rel=\"canonical\" href=\"https:\/\/www.atelierdocaractere.pt\/brevemente\/joao-ferreira-passa-para-a-frente-da-baja-portalegre-500-entre-os-automoveis\/\" \/>\n<meta property=\"og:locale\" content=\"pt_PT\" \/>\n<meta property=\"og:type\" content=\"article\" \/>\n<meta property=\"og:title\" content=\"Jo\u00e3o Ferreira passa para a frente da Baja Portalegre 500 entre os autom\u00f3veis - Atelier do Caractere\" \/>\n<meta property=\"og:description\" content=\"Os dur\u00edssimos 184,3 km do Setor Seletivo 3 colocaram Jo\u00e3o Ferreira e Filipe Palmeiro no comando da Baja Portalegre 500...\" \/>\n<meta property=\"og:url\" content=\"https:\/\/www.atelierdocaractere.pt\/brevemente\/joao-ferreira-passa-para-a-frente-da-baja-portalegre-500-entre-os-automoveis\/\" \/>\n<meta property=\"og:site_name\" content=\"Atelier do Caractere\" \/>\n<meta property=\"article:publisher\" content=\"https:\/\/www.facebook.com\/AtelierdoCaractere\" \/>\n<meta property=\"article:published_time\" content=\"2023-10-28T18:40:17+00:00\" \/>\n<meta property=\"article:modified_time\" content=\"2023-11-23T18:41:23+00:00\" \/>\n<meta property=\"og:image\" content=\"https:\/\/www.atelierdocaractere.pt\/wp-content\/uploads\/2023\/11\/joao-ferreira-4.jpg\" \/>\n\t<meta property=\"og:image:width\" content=\"1920\" \/>\n\t<meta property=\"og:image:height\" content=\"1279\" \/>\n\t<meta property=\"og:image:type\" content=\"image\/jpeg\" \/>\n<meta name=\"author\" content=\"Joana Barbosa\" \/>\n<meta name=\"twitter:card\" content=\"summary_large_image\" \/>\n<meta name=\"twitter:label1\" content=\"Escrito por\" \/>\n\t<meta name=\"twitter:data1\" content=\"Joana Barbosa\" \/>\n\t<meta name=\"twitter:label2\" content=\"Tempo estimado de leitura\" \/>\n\t<meta name=\"twitter:data2\" content=\"3 minutos\" \/>\n<script type=\"application\/ld+json\" class=\"yoast-schema-graph\">{\"@context\":\"https:\/\/schema.org\",\"@graph\":[{\"@type\":\"WebPage\",\"@id\":\"https:\/\/www.atelierdocaractere.pt\/brevemente\/joao-ferreira-passa-para-a-frente-da-baja-portalegre-500-entre-os-automoveis\/\",\"url\":\"https:\/\/www.atelierdocaractere.pt\/brevemente\/joao-ferreira-passa-para-a-frente-da-baja-portalegre-500-entre-os-automoveis\/\",\"name\":\"Jo\u00e3o Ferreira passa para a frente da Baja Portalegre 500 entre os autom\u00f3veis - Atelier do Caractere\",\"isPartOf\":{\"@id\":\"https:\/\/www.atelierdocaractere.pt\/brevemente\/#website\"},\"datePublished\":\"2023-10-28T18:40:17+00:00\",\"dateModified\":\"2023-11-23T18:41:23+00:00\",\"author\":{\"@id\":\"https:\/\/www.atelierdocaractere.pt\/brevemente\/#\/schema\/person\/f2f096eb0f27d9894725af22cb97c0db\"},\"breadcrumb\":{\"@id\":\"https:\/\/www.atelierdocaractere.pt\/brevemente\/joao-ferreira-passa-para-a-frente-da-baja-portalegre-500-entre-os-automoveis\/#breadcrumb\"},\"inLanguage\":\"pt-PT\",\"potentialAction\":[{\"@type\":\"ReadAction\",\"target\":[\"https:\/\/www.atelierdocaractere.pt\/brevemente\/joao-ferreira-passa-para-a-frente-da-baja-portalegre-500-entre-os-automoveis\/\"]}]},{\"@type\":\"BreadcrumbList\",\"@id\":\"https:\/\/www.atelierdocaractere.pt\/brevemente\/joao-ferreira-passa-para-a-frente-da-baja-portalegre-500-entre-os-automoveis\/#breadcrumb\",\"itemListElement\":[{\"@type\":\"ListItem\",\"position\":1,\"name\":\"In\u00edcio\",\"item\":\"https:\/\/www.atelierdocaractere.pt\/brevemente\/\"},{\"@type\":\"ListItem\",\"position\":2,\"name\":\"Jo\u00e3o Ferreira passa para a frente da Baja Portalegre 500 entre os autom\u00f3veis\"}]},{\"@type\":\"WebSite\",\"@id\":\"https:\/\/www.atelierdocaractere.pt\/brevemente\/#website\",\"url\":\"https:\/\/www.atelierdocaractere.pt\/brevemente\/\",\"name\":\"Atelier do Caractere\",\"description\":\"\",\"potentialAction\":[{\"@type\":\"SearchAction\",\"target\":{\"@type\":\"EntryPoint\",\"urlTemplate\":\"https:\/\/www.atelierdocaractere.pt\/brevemente\/?s={search_term_string}\"},\"query-input\":\"required name=search_term_string\"}],\"inLanguage\":\"pt-PT\"},{\"@type\":\"Person\",\"@id\":\"https:\/\/www.atelierdocaractere.pt\/brevemente\/#\/schema\/person\/f2f096eb0f27d9894725af22cb97c0db\",\"name\":\"Joana Barbosa\",\"image\":{\"@type\":\"ImageObject\",\"inLanguage\":\"pt-PT\",\"@id\":\"https:\/\/www.atelierdocaractere.pt\/brevemente\/#\/schema\/person\/image\/\",\"url\":\"https:\/\/secure.gravatar.com\/avatar\/33e8214b45e9d68a3a83008731075979?s=96&d=mm&r=g\",\"contentUrl\":\"https:\/\/secure.gravatar.com\/avatar\/33e8214b45e9d68a3a83008731075979?s=96&d=mm&r=g\",\"caption\":\"Joana Barbosa\"},\"url\":\"https:\/\/www.atelierdocaractere.pt\/brevemente\/author\/joanabarbosa\/\"}]}<\/script>\n<!-- \/ Yoast SEO plugin. -->","yoast_head_json":{"title":"Jo\u00e3o Ferreira passa para a frente da Baja Portalegre 500 entre os autom\u00f3veis - Atelier do Caractere","robots":{"index":"index","follow":"follow","max-snippet":"max-snippet:-1","max-image-preview":"max-image-preview:large","max-video-preview":"max-video-preview:-1"},"canonical":"https:\/\/www.atelierdocaractere.pt\/brevemente\/joao-ferreira-passa-para-a-frente-da-baja-portalegre-500-entre-os-automoveis\/","og_locale":"pt_PT","og_type":"article","og_title":"Jo\u00e3o Ferreira passa para a frente da Baja Portalegre 500 entre os autom\u00f3veis - Atelier do Caractere","og_description":"Os dur\u00edssimos 184,3 km do Setor Seletivo 3 colocaram Jo\u00e3o Ferreira e Filipe Palmeiro no comando da Baja Portalegre 500...","og_url":"https:\/\/www.atelierdocaractere.pt\/brevemente\/joao-ferreira-passa-para-a-frente-da-baja-portalegre-500-entre-os-automoveis\/","og_site_name":"Atelier do Caractere","article_publisher":"https:\/\/www.facebook.com\/AtelierdoCaractere","article_published_time":"2023-10-28T18:40:17+00:00","article_modified_time":"2023-11-23T18:41:23+00:00","og_image":[{"width":1920,"height":1279,"url":"https:\/\/www.atelierdocaractere.pt\/wp-content\/uploads\/2023\/11\/joao-ferreira-4.jpg","type":"image\/jpeg"}],"author":"Joana Barbosa","twitter_card":"summary_large_image","twitter_misc":{"Escrito por":"Joana Barbosa","Tempo estimado de leitura":"3 minutos"},"schema":{"@context":"https:\/\/schema.org","@graph":[{"@type":"WebPage","@id":"https:\/\/www.atelierdocaractere.pt\/brevemente\/joao-ferreira-passa-para-a-frente-da-baja-portalegre-500-entre-os-automoveis\/","url":"https:\/\/www.atelierdocaractere.pt\/brevemente\/joao-ferreira-passa-para-a-frente-da-baja-portalegre-500-entre-os-automoveis\/","name":"Jo\u00e3o Ferreira passa para a frente da Baja Portalegre 500 entre os autom\u00f3veis - Atelier do Caractere","isPartOf":{"@id":"https:\/\/www.atelierdocaractere.pt\/brevemente\/#website"},"datePublished":"2023-10-28T18:40:17+00:00","dateModified":"2023-11-23T18:41:23+00:00","author":{"@id":"https:\/\/www.atelierdocaractere.pt\/brevemente\/#\/schema\/person\/f2f096eb0f27d9894725af22cb97c0db"},"breadcrumb":{"@id":"https:\/\/www.atelierdocaractere.pt\/brevemente\/joao-ferreira-passa-para-a-frente-da-baja-portalegre-500-entre-os-automoveis\/#breadcrumb"},"inLanguage":"pt-PT","potentialAction":[{"@type":"ReadAction","target":["https:\/\/www.atelierdocaractere.pt\/brevemente\/joao-ferreira-passa-para-a-frente-da-baja-portalegre-500-entre-os-automoveis\/"]}]},{"@type":"BreadcrumbList","@id":"https:\/\/www.atelierdocaractere.pt\/brevemente\/joao-ferreira-passa-para-a-frente-da-baja-portalegre-500-entre-os-automoveis\/#breadcrumb","itemListElement":[{"@type":"ListItem","position":1,"name":"In\u00edcio","item":"https:\/\/www.atelierdocaractere.pt\/brevemente\/"},{"@type":"ListItem","position":2,"name":"Jo\u00e3o Ferreira passa para a frente da Baja Portalegre 500 entre os autom\u00f3veis"}]},{"@type":"WebSite","@id":"https:\/\/www.atelierdocaractere.pt\/brevemente\/#website","url":"https:\/\/www.atelierdocaractere.pt\/brevemente\/","name":"Atelier do Caractere","description":"","potentialAction":[{"@type":"SearchAction","target":{"@type":"EntryPoint","urlTemplate":"https:\/\/www.atelierdocaractere.pt\/brevemente\/?s={search_term_string}"},"query-input":"required name=search_term_string"}],"inLanguage":"pt-PT"},{"@type":"Person","@id":"https:\/\/www.atelierdocaractere.pt\/brevemente\/#\/schema\/person\/f2f096eb0f27d9894725af22cb97c0db","name":"Joana Barbosa","image":{"@type":"ImageObject","inLanguage":"pt-PT","@id":"https:\/\/www.atelierdocaractere.pt\/brevemente\/#\/schema\/person\/image\/","url":"https:\/\/secure.gravatar.com\/avatar\/33e8214b45e9d68a3a83008731075979?s=96&d=mm&r=g","contentUrl":"https:\/\/secure.gravatar.com\/avatar\/33e8214b45e9d68a3a83008731075979?s=96&d=mm&r=g","caption":"Joana Barbosa"},"url":"https:\/\/www.atelierdocaractere.pt\/brevemente\/author\/joanabarbosa\/"}]}},"_links":{"self":[{"href":"https:\/\/www.atelierdocaractere.pt\/brevemente\/wp-json\/wp\/v2\/posts\/12091"}],"collection":[{"href":"https:\/\/www.atelierdocaractere.pt\/brevemente\/wp-json\/wp\/v2\/posts"}],"about":[{"href":"https:\/\/www.atelierdocaractere.pt\/brevemente\/wp-json\/wp\/v2\/types\/post"}],"author":[{"embeddable":true,"href":"https:\/\/www.atelierdocaractere.pt\/brevemente\/wp-json\/wp\/v2\/users\/7"}],"replies":[{"embeddable":true,"href":"https:\/\/www.atelierdocaractere.pt\/brevemente\/wp-json\/wp\/v2\/comments?post=12091"}],"version-history":[{"count":1,"href":"https:\/\/www.atelierdocaractere.pt\/brevemente\/wp-json\/wp\/v2\/posts\/12091\/revisions"}],"predecessor-version":[{"id":12093,"href":"https:\/\/www.atelierdocaractere.pt\/brevemente\/wp-json\/wp\/v2\/posts\/12091\/revisions\/12093"}],"wp:featuredmedia":[{"embeddable":true,"href":"https:\/\/www.atelierdocaractere.pt\/brevemente\/wp-json\/wp\/v2\/media\/12092"}],"wp:attachment":[{"href":"https:\/\/www.atelierdocaractere.pt\/brevemente\/wp-json\/wp\/v2\/media?parent=12091"}],"wp:term":[{"taxonomy":"category","embeddable":true,"href":"https:\/\/www.atelierdocaractere.pt\/brevemente\/wp-json\/wp\/v2\/categories?post=12091"},{"taxonomy":"post_tag","embeddable":true,"href":"https:\/\/www.atelierdocaractere.pt\/brevemente\/wp-json\/wp\/v2\/tags?post=12091"}],"curies":[{"name":"wp","href":"https:\/\/api.w.org\/{rel}","templated":true}]}}