{"id":12098,"date":"2023-11-27T19:29:16","date_gmt":"2023-11-27T19:29:16","guid":{"rendered":"https:\/\/www.atelierdocaractere.pt\/brevemente\/?p=12098"},"modified":"2023-11-28T19:44:49","modified_gmt":"2023-11-28T19:44:49","slug":"musica-historia-e-adrenalina-nos-25-anos-da-bp-ultimate-24-horas-tt-vila-de-fronteira","status":"publish","type":"post","link":"https:\/\/www.atelierdocaractere.pt\/brevemente\/musica-historia-e-adrenalina-nos-25-anos-da-bp-ultimate-24-horas-tt-vila-de-fronteira\/","title":{"rendered":"M\u00fasica, hist\u00f3ria e adrenalina nos 25 anos da BP Ultimate 24 Horas TT Vila de Fronteira"},"content":{"rendered":"\n<p><strong>Um festival de m\u00fasica com os Xutos &amp; Pontap\u00e9s como cabe\u00e7as de cartaz e o lan\u00e7amento do livro \u201cEra uma vez em Fronteira: a hist\u00f3ria e as est\u00f3rias de um fen\u00f3meno popular e desportivo\u201d s\u00e3o dois momentos altos do programa de comemora\u00e7\u00f5es dos 25 anos da BP Ultimate 24 Horas TT Vila de Fronteira. Uma festa ainda maior do que o habitual que promete levar muitos milhares de espetadores \u00e0 vila alentejana, j\u00e1 no pr\u00f3ximo fim-de-semana. No plano desportivo, destaque para a participa\u00e7\u00e3o de mais de 360 pilotos, em representa\u00e7\u00e3o de 112 equipas, de sete nacionalidades. A organiza\u00e7\u00e3o \u00e9 do Autom\u00f3vel Club de Portugal.<\/strong><\/p>\n\n\n\n<figure class=\"wp-block-image size-large\"><img decoding=\"async\" width=\"1024\" height=\"646\" src=\"https:\/\/www.atelierdocaractere.pt\/wp-content\/uploads\/2023\/11\/bp-ultimate-24h-tt-fronteira-1024x646.jpg\" alt=\"\" class=\"wp-image-12103\" srcset=\"https:\/\/www.atelierdocaractere.pt\/wp-content\/uploads\/2023\/11\/bp-ultimate-24h-tt-fronteira-1024x646.jpg 1024w, https:\/\/www.atelierdocaractere.pt\/wp-content\/uploads\/2023\/11\/bp-ultimate-24h-tt-fronteira-300x189.jpg 300w, https:\/\/www.atelierdocaractere.pt\/wp-content\/uploads\/2023\/11\/bp-ultimate-24h-tt-fronteira-768x484.jpg 768w, https:\/\/www.atelierdocaractere.pt\/wp-content\/uploads\/2023\/11\/bp-ultimate-24h-tt-fronteira-1536x969.jpg 1536w, https:\/\/www.atelierdocaractere.pt\/wp-content\/uploads\/2023\/11\/bp-ultimate-24h-tt-fronteira.jpg 1920w\" sizes=\"(max-width: 1024px) 100vw, 1024px\" \/><\/figure>\n\n\n\n<p>Em 1998 nascia na vila de Fronteira uma prova de todo-terreno \u00fanica em Portugal e que rapidamente se converteu numa das mais emblem\u00e1ticas corridas de resist\u00eancia da Europa. A BP Ultimate 24 Horas TT Vila de Fronteira comemora 25 anos com um programa especial, onde se incluem as 4 Horas SSV, a disputar na manh\u00e3 de s\u00e1bado, e a prova das 24 Horas TT, com arranque marcado para as 15h00 de s\u00e1bado.&nbsp; &nbsp;<\/p>\n\n\n\n<p>O apelo da prova do Autom\u00f3vel Club de Portugal e do munic\u00edpio de Fronteira continua a atrair centenas de pilotos, com diferentes tipos de experi\u00eancia e prepara\u00e7\u00e3o, de amadores a consagrados. Para o terr\u00f3dromo da vila alentejana est\u00e3o inscritos 112 concorrentes, divididos pelas provas de autom\u00f3veis (79) e SSV (33), num pelot\u00e3o com mais de 360 pilotos oriundos de&nbsp;Portugal, Fran\u00e7a, B\u00e9lgica, Let\u00f3nia, \u00c1ustria, Pa\u00edses Baixos e Per\u00fa.&nbsp;<\/p>\n\n\n\n<p>Uma competi\u00e7\u00e3o aguerrida que vai ser animada com um festival de m\u00fasica para comemorar os 25 anos da prova do ACP, com um cartaz onde est\u00e3o bandas e artistas de renome, como os Xutos &amp; Pontap\u00e9s ou Quim Barreiros.A C\u00e2mara Municipal de Fronteira criou um circuito de transportes p\u00fablicos para o festival. O pre\u00e7o dos bilhetes para o festival \u00e9 de 12\u20ac para sexta-feira, 14\u20ac para domingo ou 20\u20ac para os dois dias. O acesso \u00e0s zonas de restaura\u00e7\u00e3o e zonas espet\u00e1culo \u00e9 gratuito.&nbsp;<\/p>\n\n\n\n<figure class=\"wp-block-image size-large\"><img decoding=\"async\" width=\"1024\" height=\"683\" src=\"https:\/\/www.atelierdocaractere.pt\/wp-content\/uploads\/2023\/11\/bp-ultimate-24h-tt-fronteira-ii-1024x683.jpg\" alt=\"\" class=\"wp-image-12102\" srcset=\"https:\/\/www.atelierdocaractere.pt\/wp-content\/uploads\/2023\/11\/bp-ultimate-24h-tt-fronteira-ii-1024x683.jpg 1024w, https:\/\/www.atelierdocaractere.pt\/wp-content\/uploads\/2023\/11\/bp-ultimate-24h-tt-fronteira-ii-300x200.jpg 300w, https:\/\/www.atelierdocaractere.pt\/wp-content\/uploads\/2023\/11\/bp-ultimate-24h-tt-fronteira-ii-768x512.jpg 768w, https:\/\/www.atelierdocaractere.pt\/wp-content\/uploads\/2023\/11\/bp-ultimate-24h-tt-fronteira-ii-1536x1024.jpg 1536w, https:\/\/www.atelierdocaractere.pt\/wp-content\/uploads\/2023\/11\/bp-ultimate-24h-tt-fronteira-ii-900x600.jpg 900w, https:\/\/www.atelierdocaractere.pt\/wp-content\/uploads\/2023\/11\/bp-ultimate-24h-tt-fronteira-ii-675x450.jpg 675w, https:\/\/www.atelierdocaractere.pt\/wp-content\/uploads\/2023\/11\/bp-ultimate-24h-tt-fronteira-ii.jpg 1920w\" sizes=\"(max-width: 1024px) 100vw, 1024px\" \/><\/figure>\n\n\n\n<p><strong>Livro assinala anivers\u00e1rio&nbsp;<\/strong><\/p>\n\n\n\n<p>Na quinta-feira, ap\u00f3s o briefing da organiza\u00e7\u00e3o \u00e0s equipas, \u00e9 apresentado o livro&nbsp;\u201cEra uma vez em Fronteira: a hist\u00f3ria e as est\u00f3rias de um fen\u00f3meno popular e desportivo\u201d.&nbsp;Uma obra editada pelo Autom\u00f3vel Club de Portugal, escrita pelos jornalistas Alexandre Correia e Rui Cardoso. Um relato na primeira pessoa de 25 edi\u00e7\u00f5es como piloto, no caso de Rui Cardoso, e como jornalista, que Alexandre Correia acompanhou. Ao longo de quase 200 p\u00e1ginas revivem-se mem\u00f3rias e registam-se momentos para mais tarde recordar. O livro custa 24,90 euros e est\u00e1 dispon\u00edvel com condi\u00e7\u00f5es especiais para os s\u00f3cios do ACP. Encontra-se \u00e0 venda em loja.acp.pt e nas delega\u00e7\u00f5es do clube, al\u00e9m de estar dispon\u00edvel para venda no decorrer da prova.&nbsp;<\/p>\n\n\n\n<figure class=\"wp-block-image size-large\"><img decoding=\"async\" width=\"1024\" height=\"682\" src=\"https:\/\/www.atelierdocaractere.pt\/wp-content\/uploads\/2023\/11\/bp-ultimate-24h-tt-fronteira-iv-1024x682.jpeg\" alt=\"\" class=\"wp-image-12101\" srcset=\"https:\/\/www.atelierdocaractere.pt\/wp-content\/uploads\/2023\/11\/bp-ultimate-24h-tt-fronteira-iv-1024x682.jpeg 1024w, https:\/\/www.atelierdocaractere.pt\/wp-content\/uploads\/2023\/11\/bp-ultimate-24h-tt-fronteira-iv-300x200.jpeg 300w, https:\/\/www.atelierdocaractere.pt\/wp-content\/uploads\/2023\/11\/bp-ultimate-24h-tt-fronteira-iv-768x512.jpeg 768w, https:\/\/www.atelierdocaractere.pt\/wp-content\/uploads\/2023\/11\/bp-ultimate-24h-tt-fronteira-iv-1536x1023.jpeg 1536w, https:\/\/www.atelierdocaractere.pt\/wp-content\/uploads\/2023\/11\/bp-ultimate-24h-tt-fronteira-iv-900x600.jpeg 900w, https:\/\/www.atelierdocaractere.pt\/wp-content\/uploads\/2023\/11\/bp-ultimate-24h-tt-fronteira-iv-675x450.jpeg 675w, https:\/\/www.atelierdocaractere.pt\/wp-content\/uploads\/2023\/11\/bp-ultimate-24h-tt-fronteira-iv.jpeg 1600w\" sizes=\"(max-width: 1024px) 100vw, 1024px\" \/><\/figure>\n\n\n\n<p><strong>Franceses, belgas e portugueses entre os favoritos&nbsp;<\/strong><\/p>\n\n\n\n<p>Os 16,4 quil\u00f3metros do Terr\u00f3dromo de Fronteira s\u00e3o, habitualmente, palco de um embate entre as melhores equipas portuguesas e as forma\u00e7\u00f5es oriundas do Campeonato de Fran\u00e7a da especialidade, muitas delas com prot\u00f3tipos especificamente constru\u00eddos para as provas de Resist\u00eancia, ou com os competitivos SSV da categoria T3. Em 2022, o franc\u00eas Laurent Poletti chegou \u00e0 sua segunda vit\u00f3ria na prova do ACP, ao volante do prot\u00f3tipo MMP partilhado com Franck Cuisinier, Ronald Basso e Adrien Favarel. Os Can-Am tamb\u00e9m s\u00e3o m\u00e1quinas a ter em conta e, no ano passado, a equipa liderada pelo belga S\u00e9bastien Guyette, onde tamb\u00e9m estava o portugu\u00eas Marco Pereira, ficou perto da vit\u00f3ria, regressando em for\u00e7a este ano.&nbsp;<\/p>\n\n\n\n<p>Muita expectativa tamb\u00e9m para o novo carro da equipa recordista de vit\u00f3rias em Fronteira, a forma\u00e7\u00e3o de M\u00e1rio Andrade. O novo Proto Clio V6 da Andrade Competition esteve em testes nas semanas que antecederam a prova alentejana, tentando ganhar a fiabilidade que permita a Alexandre Andrade, C\u00e9dric Dupl\u00e9, Yann Morize e Florent Charvot lutarem pela vit\u00f3ria. Da distante Let\u00f3nia viajou mais um cr\u00f3nico candidato \u00e0 vit\u00f3ria em Fronteira, o Mitsubishi Pajero de Igor Skoks, R\u00fcdolfs Skoks e Arvis Pikis, um trio que venceu a prova do ACP em 2017. &nbsp;<\/p>\n\n\n\n<p>Foi h\u00e1 precisamente uma d\u00e9cada que a \u00faltima equipa (maioritariamente) portuguesa venceu as 24 Horas TT. Em 2013, Jos\u00e9 Pedro Fontes, Miguel Barbosa, Ant\u00f3nio Coimbra e Lu\u00eds Silva foram acompanhados por Nicolas Clerget no topo do p\u00f3dio. Agora, as esperan\u00e7as nacionais est\u00e3o depositadas em equipas como a da fam\u00edlia Reis, que volta a trazer a espetacular Toyota Hilux V8 pilotada pelo campe\u00e3o nacional de TT em t\u00edtulo, Tiago Reis, acompanhado pelo pai, Avelino, pelo irm\u00e3o, Edgar, e pelo cunhado, Daniel Silva.&nbsp;<\/p>\n\n\n\n<p>Depois de terem terminado no top 5 em 2022, as equipas lideradas por Am\u00e2ndio Alves (MMP) e por Jorge Cardoso (Can-Am) tamb\u00e9m podem surpreender os favoritos este ano, embora Fronteira seja sempre uma prova imprevis\u00edvel, normalmente decidida pela resili\u00eancia dos pilotos e pela resist\u00eancia das mec\u00e2nicas. Afinal de contas, s\u00e3o os 1.440 minutos mais duros do TT em Portugal.&nbsp;<\/p>\n\n\n<div class=\"wp-block-image\">\n<figure class=\"aligncenter size-large\"><img decoding=\"async\" width=\"819\" height=\"1024\" src=\"https:\/\/www.atelierdocaractere.pt\/wp-content\/uploads\/2023\/11\/bp-ultimate-24h-tt-fronteiraiii-2-819x1024.jpeg\" alt=\"\" class=\"wp-image-12099\" srcset=\"https:\/\/www.atelierdocaractere.pt\/wp-content\/uploads\/2023\/11\/bp-ultimate-24h-tt-fronteiraiii-2-819x1024.jpeg 819w, https:\/\/www.atelierdocaractere.pt\/wp-content\/uploads\/2023\/11\/bp-ultimate-24h-tt-fronteiraiii-2-240x300.jpeg 240w, https:\/\/www.atelierdocaractere.pt\/wp-content\/uploads\/2023\/11\/bp-ultimate-24h-tt-fronteiraiii-2-768x960.jpeg 768w, https:\/\/www.atelierdocaractere.pt\/wp-content\/uploads\/2023\/11\/bp-ultimate-24h-tt-fronteiraiii-2.jpeg 899w\" sizes=\"(max-width: 819px) 100vw, 819px\" \/><\/figure><\/div>\n\n\n<p><strong>Para todos<\/strong>&nbsp;<\/p>\n\n\n\n<p>Com objetivos muitos diferentes das equipas dos prot\u00f3tipos e das grandes m\u00e1quinas dos agrupamentos T1 e T3, h\u00e1 concorrentes que j\u00e1 se tornaram emblem\u00e1ticos nas 24 Horas TT. \u00c9 o caso da famosa Peugeot 504 Pick-up inscrita por Joaquim Serr\u00e3o, um dos carros mais populares do p\u00fablico de&nbsp;Fronteira, assim como a Renault 4L oriunda do Cadaval, inscrita pela equipa de Samuel Lima. E Fronteira volta a ter uma equipa totalmente feminina, formada por S\u00edlvia Reis, Carla Gameiro, Cristela Marto e Paula Marto, um quarteto que volta a alinhar com o pequeno Suzuki Jimny.&nbsp;<\/p>\n\n\n\n<p><strong>Santinho Mendes defende t\u00edtulo nos SSV&nbsp;<\/strong><\/p>\n\n\n\n<p>Unicamente destinada aos SSV que competem sob a \u00e9gide da Federa\u00e7\u00e3o de Motociclismo de Portugal, a 11.\u00aa edi\u00e7\u00e3o da BP Ultimate 4 Horas SSV anima o programa de Fronteira. Entre os 33 concorrentes est\u00e3o praticamente todos os grandes nomes da categoria em Portugal, liderados pelo vencedor do ano passado, o ex-campe\u00e3o nacional Pedro Santinho Mendes. O piloto do Can-Am, que agora \u00e9 acompanhado por M\u00e1rio Ourives, ter\u00e1 forte oposi\u00e7\u00e3o no Terr\u00f3dromo de Fronteira, num pelot\u00e3o onde est\u00e3o outros antigos vencedores das 4 Horas SSV, como o campe\u00e3o nacional em t\u00edtulo, Jo\u00e3o Monteiro (Can-Am), prestes a partir para o seu primeiro Dakar, Bruno Martins (Polaris), Ant\u00f3nio Ferreira (Quaddy) e nomes consagrados, como o jovem Gon\u00e7alo Guerreiro (Polaris) ou Jo\u00e3o Dias (Can-Am).&nbsp;<\/p>\n\n\n\n<p>Destaque ainda para as presen\u00e7as do primeiro vencedor da Baja Portalegre 500, o veterano Ant\u00f3nio Bayona, num Can-Am, e do conhecido respons\u00e1vel t\u00e9cnico da Sports&amp;You, Abel Fernandes, que partilha um Can-Am com os experientes Ant\u00f3nio Coimbra e Lu\u00eds Silva.\u00a0 \u00a0<\/p>\n\n\n\n<p><\/p>\n\n\n\n<p><strong>Hor\u00e1rio BP Ultimate 24 Horas TT Vila de&nbsp;Fronteira&nbsp;<\/strong>&nbsp;&nbsp;<\/p>\n\n\n\n<p>Sexta-feira, 1 de dezembro&nbsp;&nbsp;&nbsp;<\/p>\n\n\n\n<p>09h30\/11h30 \u2013 Treinos livres&nbsp;(todas as categorias)&nbsp;<\/p>\n\n\n\n<p>14h00\/17h00 \u2013 Treinos cronometrados (categorias T1 T2, T3, T4 e Promo\u00e7\u00e3o E)&nbsp; &nbsp;<\/p>\n\n\n\n<p>15h00\/17h00 \u2013 Treinos cronometrados (restantes categorias)&nbsp; &nbsp;<\/p>\n\n\n\n<p>17h15\/18h30 \u2013 Treinos livres todas as categorias&nbsp; &nbsp;<\/p>\n\n\n\n<p>S\u00e1bado, 2 de dezembro&nbsp;&nbsp;&nbsp;<\/p>\n\n\n\n<p>15h00 \u2013 Partida BP Ultimate 24 Horas TT Vila de Fronteira&nbsp; &nbsp;<\/p>\n\n\n\n<p>Domingo, 3 de dezembro&nbsp; &nbsp;<\/p>\n\n\n\n<p>15h00 \u2013 Chegada BP Ultimate 24 Horas TT Vila de Fronteira&nbsp;<\/p>\n\n\n\n<p>16h15 &#8211; Cerim\u00f3nia de p\u00f3dio \u00a0<\/p>\n\n\n\n<p><\/p>\n\n\n\n<p><strong>Hor\u00e1rio BP Ultimate 4 Horas SSV Vila de&nbsp;Fronteira&nbsp;<\/strong>&nbsp;&nbsp;<\/p>\n\n\n\n<p>Sexta-feira, 1 de dezembro<\/p>\n\n\n\n<p>11h45\/13h45 \u2013 Treinos livres e cronometrados&nbsp; &nbsp;<\/p>\n\n\n\n<p>S\u00e1bado, 2 de dezembro&nbsp;&nbsp;<\/p>\n\n\n\n<p>09h00 \u2013 Partida BP Ultimate 4 Horas SSV Vila de Fronteira&nbsp; &nbsp; &nbsp;<\/p>\n\n\n\n<p>12h00 \u2013 Chegada&nbsp;BP Ultimate 4 Horas SSV Vila de Fronteira&nbsp; &nbsp;<\/p>\n\n\n\n<p>13h45 &#8211; Cerim\u00f3nia de p\u00f3dio<\/p>\n\n\n\n<p><\/p>\n\n\n\n<p>Para informa\u00e7\u00f5es: press.motorsport@acp.pt<\/p>\n","protected":false},"excerpt":{"rendered":"<p>Um festival de m\u00fasica com os Xutos &amp; Pontap\u00e9s como cabe\u00e7as de cartaz e o lan\u00e7amento do livro \u201cEra uma&#8230;<\/p>\n","protected":false},"author":7,"featured_media":12100,"comment_status":"closed","ping_status":"open","sticky":false,"template":"","format":"standard","meta":[],"categories":[24],"tags":[433,532],"yoast_head":"<!-- This site is optimized with the Yoast SEO plugin v20.12 - https:\/\/yoast.com\/wordpress\/plugins\/seo\/ -->\n<title>M\u00fasica, hist\u00f3ria e adrenalina nos 25 anos da BP Ultimate 24 Horas TT Vila de Fronteira - Atelier do Caractere<\/title>\n<meta name=\"robots\" content=\"index, follow, max-snippet:-1, max-image-preview:large, max-video-preview:-1\" \/>\n<link rel=\"canonical\" href=\"https:\/\/www.atelierdocaractere.pt\/brevemente\/musica-historia-e-adrenalina-nos-25-anos-da-bp-ultimate-24-horas-tt-vila-de-fronteira\/\" \/>\n<meta property=\"og:locale\" content=\"pt_PT\" \/>\n<meta property=\"og:type\" content=\"article\" \/>\n<meta property=\"og:title\" content=\"M\u00fasica, hist\u00f3ria e adrenalina nos 25 anos da BP Ultimate 24 Horas TT Vila de Fronteira - Atelier do Caractere\" \/>\n<meta property=\"og:description\" content=\"Um festival de m\u00fasica com os Xutos &amp; Pontap\u00e9s como cabe\u00e7as de cartaz e o lan\u00e7amento do livro \u201cEra uma...\" \/>\n<meta property=\"og:url\" content=\"https:\/\/www.atelierdocaractere.pt\/brevemente\/musica-historia-e-adrenalina-nos-25-anos-da-bp-ultimate-24-horas-tt-vila-de-fronteira\/\" \/>\n<meta property=\"og:site_name\" content=\"Atelier do Caractere\" \/>\n<meta property=\"article:publisher\" content=\"https:\/\/www.facebook.com\/AtelierdoCaractere\" \/>\n<meta property=\"article:published_time\" content=\"2023-11-27T19:29:16+00:00\" \/>\n<meta property=\"article:modified_time\" content=\"2023-11-28T19:44:49+00:00\" \/>\n<meta property=\"og:image\" content=\"https:\/\/www.atelierdocaractere.pt\/wp-content\/uploads\/2023\/11\/bp-ultimate-24h-tt-fronteira-v.jpeg\" \/>\n\t<meta property=\"og:image:width\" content=\"1600\" \/>\n\t<meta property=\"og:image:height\" content=\"1066\" \/>\n\t<meta property=\"og:image:type\" content=\"image\/jpeg\" \/>\n<meta name=\"author\" content=\"Joana Barbosa\" \/>\n<meta name=\"twitter:card\" content=\"summary_large_image\" \/>\n<meta name=\"twitter:label1\" content=\"Escrito por\" \/>\n\t<meta name=\"twitter:data1\" content=\"Joana Barbosa\" \/>\n\t<meta name=\"twitter:label2\" content=\"Tempo estimado de leitura\" \/>\n\t<meta name=\"twitter:data2\" content=\"8 minutos\" \/>\n<script type=\"application\/ld+json\" class=\"yoast-schema-graph\">{\"@context\":\"https:\/\/schema.org\",\"@graph\":[{\"@type\":\"WebPage\",\"@id\":\"https:\/\/www.atelierdocaractere.pt\/brevemente\/musica-historia-e-adrenalina-nos-25-anos-da-bp-ultimate-24-horas-tt-vila-de-fronteira\/\",\"url\":\"https:\/\/www.atelierdocaractere.pt\/brevemente\/musica-historia-e-adrenalina-nos-25-anos-da-bp-ultimate-24-horas-tt-vila-de-fronteira\/\",\"name\":\"M\u00fasica, hist\u00f3ria e adrenalina nos 25 anos da BP Ultimate 24 Horas TT Vila de Fronteira - Atelier do Caractere\",\"isPartOf\":{\"@id\":\"https:\/\/www.atelierdocaractere.pt\/brevemente\/#website\"},\"datePublished\":\"2023-11-27T19:29:16+00:00\",\"dateModified\":\"2023-11-28T19:44:49+00:00\",\"author\":{\"@id\":\"https:\/\/www.atelierdocaractere.pt\/brevemente\/#\/schema\/person\/f2f096eb0f27d9894725af22cb97c0db\"},\"breadcrumb\":{\"@id\":\"https:\/\/www.atelierdocaractere.pt\/brevemente\/musica-historia-e-adrenalina-nos-25-anos-da-bp-ultimate-24-horas-tt-vila-de-fronteira\/#breadcrumb\"},\"inLanguage\":\"pt-PT\",\"potentialAction\":[{\"@type\":\"ReadAction\",\"target\":[\"https:\/\/www.atelierdocaractere.pt\/brevemente\/musica-historia-e-adrenalina-nos-25-anos-da-bp-ultimate-24-horas-tt-vila-de-fronteira\/\"]}]},{\"@type\":\"BreadcrumbList\",\"@id\":\"https:\/\/www.atelierdocaractere.pt\/brevemente\/musica-historia-e-adrenalina-nos-25-anos-da-bp-ultimate-24-horas-tt-vila-de-fronteira\/#breadcrumb\",\"itemListElement\":[{\"@type\":\"ListItem\",\"position\":1,\"name\":\"In\u00edcio\",\"item\":\"https:\/\/www.atelierdocaractere.pt\/brevemente\/\"},{\"@type\":\"ListItem\",\"position\":2,\"name\":\"M\u00fasica, hist\u00f3ria e adrenalina nos 25 anos da BP Ultimate 24 Horas TT Vila de Fronteira\"}]},{\"@type\":\"WebSite\",\"@id\":\"https:\/\/www.atelierdocaractere.pt\/brevemente\/#website\",\"url\":\"https:\/\/www.atelierdocaractere.pt\/brevemente\/\",\"name\":\"Atelier do Caractere\",\"description\":\"\",\"potentialAction\":[{\"@type\":\"SearchAction\",\"target\":{\"@type\":\"EntryPoint\",\"urlTemplate\":\"https:\/\/www.atelierdocaractere.pt\/brevemente\/?s={search_term_string}\"},\"query-input\":\"required name=search_term_string\"}],\"inLanguage\":\"pt-PT\"},{\"@type\":\"Person\",\"@id\":\"https:\/\/www.atelierdocaractere.pt\/brevemente\/#\/schema\/person\/f2f096eb0f27d9894725af22cb97c0db\",\"name\":\"Joana Barbosa\",\"image\":{\"@type\":\"ImageObject\",\"inLanguage\":\"pt-PT\",\"@id\":\"https:\/\/www.atelierdocaractere.pt\/brevemente\/#\/schema\/person\/image\/\",\"url\":\"https:\/\/secure.gravatar.com\/avatar\/33e8214b45e9d68a3a83008731075979?s=96&d=mm&r=g\",\"contentUrl\":\"https:\/\/secure.gravatar.com\/avatar\/33e8214b45e9d68a3a83008731075979?s=96&d=mm&r=g\",\"caption\":\"Joana Barbosa\"},\"url\":\"https:\/\/www.atelierdocaractere.pt\/brevemente\/author\/joanabarbosa\/\"}]}<\/script>\n<!-- \/ Yoast SEO plugin. -->","yoast_head_json":{"title":"M\u00fasica, hist\u00f3ria e adrenalina nos 25 anos da BP Ultimate 24 Horas TT Vila de Fronteira - Atelier do Caractere","robots":{"index":"index","follow":"follow","max-snippet":"max-snippet:-1","max-image-preview":"max-image-preview:large","max-video-preview":"max-video-preview:-1"},"canonical":"https:\/\/www.atelierdocaractere.pt\/brevemente\/musica-historia-e-adrenalina-nos-25-anos-da-bp-ultimate-24-horas-tt-vila-de-fronteira\/","og_locale":"pt_PT","og_type":"article","og_title":"M\u00fasica, hist\u00f3ria e adrenalina nos 25 anos da BP Ultimate 24 Horas TT Vila de Fronteira - Atelier do Caractere","og_description":"Um festival de m\u00fasica com os Xutos &amp; Pontap\u00e9s como cabe\u00e7as de cartaz e o lan\u00e7amento do livro \u201cEra uma...","og_url":"https:\/\/www.atelierdocaractere.pt\/brevemente\/musica-historia-e-adrenalina-nos-25-anos-da-bp-ultimate-24-horas-tt-vila-de-fronteira\/","og_site_name":"Atelier do Caractere","article_publisher":"https:\/\/www.facebook.com\/AtelierdoCaractere","article_published_time":"2023-11-27T19:29:16+00:00","article_modified_time":"2023-11-28T19:44:49+00:00","og_image":[{"width":1600,"height":1066,"url":"https:\/\/www.atelierdocaractere.pt\/wp-content\/uploads\/2023\/11\/bp-ultimate-24h-tt-fronteira-v.jpeg","type":"image\/jpeg"}],"author":"Joana Barbosa","twitter_card":"summary_large_image","twitter_misc":{"Escrito por":"Joana Barbosa","Tempo estimado de leitura":"8 minutos"},"schema":{"@context":"https:\/\/schema.org","@graph":[{"@type":"WebPage","@id":"https:\/\/www.atelierdocaractere.pt\/brevemente\/musica-historia-e-adrenalina-nos-25-anos-da-bp-ultimate-24-horas-tt-vila-de-fronteira\/","url":"https:\/\/www.atelierdocaractere.pt\/brevemente\/musica-historia-e-adrenalina-nos-25-anos-da-bp-ultimate-24-horas-tt-vila-de-fronteira\/","name":"M\u00fasica, hist\u00f3ria e adrenalina nos 25 anos da BP Ultimate 24 Horas TT Vila de Fronteira - Atelier do Caractere","isPartOf":{"@id":"https:\/\/www.atelierdocaractere.pt\/brevemente\/#website"},"datePublished":"2023-11-27T19:29:16+00:00","dateModified":"2023-11-28T19:44:49+00:00","author":{"@id":"https:\/\/www.atelierdocaractere.pt\/brevemente\/#\/schema\/person\/f2f096eb0f27d9894725af22cb97c0db"},"breadcrumb":{"@id":"https:\/\/www.atelierdocaractere.pt\/brevemente\/musica-historia-e-adrenalina-nos-25-anos-da-bp-ultimate-24-horas-tt-vila-de-fronteira\/#breadcrumb"},"inLanguage":"pt-PT","potentialAction":[{"@type":"ReadAction","target":["https:\/\/www.atelierdocaractere.pt\/brevemente\/musica-historia-e-adrenalina-nos-25-anos-da-bp-ultimate-24-horas-tt-vila-de-fronteira\/"]}]},{"@type":"BreadcrumbList","@id":"https:\/\/www.atelierdocaractere.pt\/brevemente\/musica-historia-e-adrenalina-nos-25-anos-da-bp-ultimate-24-horas-tt-vila-de-fronteira\/#breadcrumb","itemListElement":[{"@type":"ListItem","position":1,"name":"In\u00edcio","item":"https:\/\/www.atelierdocaractere.pt\/brevemente\/"},{"@type":"ListItem","position":2,"name":"M\u00fasica, hist\u00f3ria e adrenalina nos 25 anos da BP Ultimate 24 Horas TT Vila de Fronteira"}]},{"@type":"WebSite","@id":"https:\/\/www.atelierdocaractere.pt\/brevemente\/#website","url":"https:\/\/www.atelierdocaractere.pt\/brevemente\/","name":"Atelier do Caractere","description":"","potentialAction":[{"@type":"SearchAction","target":{"@type":"EntryPoint","urlTemplate":"https:\/\/www.atelierdocaractere.pt\/brevemente\/?s={search_term_string}"},"query-input":"required name=search_term_string"}],"inLanguage":"pt-PT"},{"@type":"Person","@id":"https:\/\/www.atelierdocaractere.pt\/brevemente\/#\/schema\/person\/f2f096eb0f27d9894725af22cb97c0db","name":"Joana Barbosa","image":{"@type":"ImageObject","inLanguage":"pt-PT","@id":"https:\/\/www.atelierdocaractere.pt\/brevemente\/#\/schema\/person\/image\/","url":"https:\/\/secure.gravatar.com\/avatar\/33e8214b45e9d68a3a83008731075979?s=96&d=mm&r=g","contentUrl":"https:\/\/secure.gravatar.com\/avatar\/33e8214b45e9d68a3a83008731075979?s=96&d=mm&r=g","caption":"Joana Barbosa"},"url":"https:\/\/www.atelierdocaractere.pt\/brevemente\/author\/joanabarbosa\/"}]}},"_links":{"self":[{"href":"https:\/\/www.atelierdocaractere.pt\/brevemente\/wp-json\/wp\/v2\/posts\/12098"}],"collection":[{"href":"https:\/\/www.atelierdocaractere.pt\/brevemente\/wp-json\/wp\/v2\/posts"}],"about":[{"href":"https:\/\/www.atelierdocaractere.pt\/brevemente\/wp-json\/wp\/v2\/types\/post"}],"author":[{"embeddable":true,"href":"https:\/\/www.atelierdocaractere.pt\/brevemente\/wp-json\/wp\/v2\/users\/7"}],"replies":[{"embeddable":true,"href":"https:\/\/www.atelierdocaractere.pt\/brevemente\/wp-json\/wp\/v2\/comments?post=12098"}],"version-history":[{"count":1,"href":"https:\/\/www.atelierdocaractere.pt\/brevemente\/wp-json\/wp\/v2\/posts\/12098\/revisions"}],"predecessor-version":[{"id":12104,"href":"https:\/\/www.atelierdocaractere.pt\/brevemente\/wp-json\/wp\/v2\/posts\/12098\/revisions\/12104"}],"wp:featuredmedia":[{"embeddable":true,"href":"https:\/\/www.atelierdocaractere.pt\/brevemente\/wp-json\/wp\/v2\/media\/12100"}],"wp:attachment":[{"href":"https:\/\/www.atelierdocaractere.pt\/brevemente\/wp-json\/wp\/v2\/media?parent=12098"}],"wp:term":[{"taxonomy":"category","embeddable":true,"href":"https:\/\/www.atelierdocaractere.pt\/brevemente\/wp-json\/wp\/v2\/categories?post=12098"},{"taxonomy":"post_tag","embeddable":true,"href":"https:\/\/www.atelierdocaractere.pt\/brevemente\/wp-json\/wp\/v2\/tags?post=12098"}],"curies":[{"name":"wp","href":"https:\/\/api.w.org\/{rel}","templated":true}]}}