{"id":12132,"date":"2023-12-07T10:36:24","date_gmt":"2023-12-07T10:36:24","guid":{"rendered":"https:\/\/www.atelierdocaractere.pt\/brevemente\/?p=12132"},"modified":"2023-12-08T10:51:05","modified_gmt":"2023-12-08T10:51:05","slug":"clio-trophy-portugal-um-competitivo-e-acessivel-trofeu-de-ralis","status":"publish","type":"post","link":"https:\/\/www.atelierdocaractere.pt\/brevemente\/clio-trophy-portugal-um-competitivo-e-acessivel-trofeu-de-ralis\/","title":{"rendered":"Clio Trophy Portugal: Um competitivo e acess\u00edvel trof\u00e9u de ralis!"},"content":{"rendered":"\n<p><strong>Quarenta anos depois da estreia oficial, a Renault Portugal est\u00e1 de regresso ao automobilismo nacional, com a organiza\u00e7\u00e3o de um competitivo e acess\u00edvel trof\u00e9u de ralis para 2024: o Clio Trophy Portugal. Uma competi\u00e7\u00e3o disputada em pisos de asfalto e de terra, vocacionada para os muitos jovens pilotos que querem fazer carreira nos ralis e que vai ter como base o modelo Clio desenvolvido de acordo com os regulamentos t\u00e9cnicos da categoria Rally5. Um competitivo e fi\u00e1vel carro de ralis, com 180 cavalos de pot\u00eancia, equipado com caixa de velocidades sequencial, diferencial autoblocante e com um custo de aquisi\u00e7\u00e3o sensivelmente um ter\u00e7o abaixo do de outras propostas do mesmo \u00e2mbito.<\/strong><\/p>\n\n\n\n<figure class=\"wp-block-image size-large\"><img decoding=\"async\" width=\"1024\" height=\"681\" src=\"https:\/\/www.atelierdocaractere.pt\/wp-content\/uploads\/2023\/12\/imagem-whatsapp-2023-12-08-as-104331-a5375bae-1024x681.jpg\" alt=\"\" class=\"wp-image-12136\" srcset=\"https:\/\/www.atelierdocaractere.pt\/wp-content\/uploads\/2023\/12\/imagem-whatsapp-2023-12-08-as-104331-a5375bae-1024x681.jpg 1024w, https:\/\/www.atelierdocaractere.pt\/wp-content\/uploads\/2023\/12\/imagem-whatsapp-2023-12-08-as-104331-a5375bae-300x200.jpg 300w, https:\/\/www.atelierdocaractere.pt\/wp-content\/uploads\/2023\/12\/imagem-whatsapp-2023-12-08-as-104331-a5375bae-768x511.jpg 768w, https:\/\/www.atelierdocaractere.pt\/wp-content\/uploads\/2023\/12\/imagem-whatsapp-2023-12-08-as-104331-a5375bae-1536x1021.jpg 1536w, https:\/\/www.atelierdocaractere.pt\/wp-content\/uploads\/2023\/12\/imagem-whatsapp-2023-12-08-as-104331-a5375bae-900x600.jpg 900w, https:\/\/www.atelierdocaractere.pt\/wp-content\/uploads\/2023\/12\/imagem-whatsapp-2023-12-08-as-104331-a5375bae-675x450.jpg 675w, https:\/\/www.atelierdocaractere.pt\/wp-content\/uploads\/2023\/12\/imagem-whatsapp-2023-12-08-as-104331-a5375bae.jpg 1600w\" sizes=\"(max-width: 1024px) 100vw, 1024px\" \/><\/figure>\n\n\n\n<p>Em 1984, a Renault Portugal fazia a estreia oficial na competi\u00e7\u00e3o e, nos ralis, em particular. A aposta reca\u00eda num Renault 5 Turbo e na dupla Joaquim Moutinho\/Edgar Fortes. Na \u00e9poca, muitas foram as vozes c\u00e9ticas que se fizeram ouvir. A equipa n\u00e3o tinha experi\u00eancia, a equipa Diabolique Motorsport e os Escort \u201cpasseavam\u201d a sua superioridade e o 5 Turbo parecia apenas talhado para ralis de asfalto. Mas a Renault rapidamente contrariou as previs\u00f5es. O \u201camarelinho\u201d s\u00f3 n\u00e3o foi campe\u00e3o nacional no ano de estreia, por ter sido v\u00edtima de uma armadilha \u2013 no sentido estrito do termo! \u2013 na \u00faltima prova do calend\u00e1rio, naquele que foi (talvez) o maior esc\u00e2ndalo da hist\u00f3ria do desporto autom\u00f3vel nacional. No entanto, nos dois anos seguintes, nada nem ningu\u00e9m impediu a equipa de se sagrar bicampe\u00e3 nacional de ralis.<\/p>\n\n\n\n<p>Em 1987, o modelo 11 Turbo permitiu \u00e0 Renault (com a dupla Inverno Amaral\/Joaquim Neto) sagrar-se tricampe\u00e3 nacional de ralis, enquanto na d\u00e9cada de 90 e, at\u00e9 2006, a marca foi uma das que mais apostou no automobilismo nacional, com diferentes vers\u00f5es do Clio e do M\u00e9gane a somarem sucessos e a proporcionarem momentos de emo\u00e7\u00e3o e de espet\u00e1culo, tanto em ralis como em circuitos.<\/p>\n\n\n\n<p>Curiosamente, 40 anos depois da estreia e 18 anos depois do \u00faltimo projeto oficial, a Renault Portugal est\u00e1 de regresso \u00e0 competi\u00e7\u00e3o, com o Clio Trophy Portugal. Um competitivo e acess\u00edvel trof\u00e9u de ralis vocacionado para jovens pilotos e uma iniciativa in\u00e9dita para a Renault Portugal. \u00c9 que apesar do hist\u00f3rico de organiza\u00e7\u00f5es de trof\u00e9us monomarca, fundamentalmente com o modelo Clio e sempre na velocidade, esta vai ser a primeira vez que a filial da marca vai promover um trof\u00e9u de ralis.<\/p>\n\n\n\n<figure class=\"wp-block-image size-large\"><img decoding=\"async\" width=\"1024\" height=\"681\" src=\"https:\/\/www.atelierdocaractere.pt\/wp-content\/uploads\/2023\/12\/imagem-whatsapp-2023-12-08-as-104330-27cd1881-1024x681.jpg\" alt=\"\" class=\"wp-image-12135\" srcset=\"https:\/\/www.atelierdocaractere.pt\/wp-content\/uploads\/2023\/12\/imagem-whatsapp-2023-12-08-as-104330-27cd1881-1024x681.jpg 1024w, https:\/\/www.atelierdocaractere.pt\/wp-content\/uploads\/2023\/12\/imagem-whatsapp-2023-12-08-as-104330-27cd1881-300x200.jpg 300w, https:\/\/www.atelierdocaractere.pt\/wp-content\/uploads\/2023\/12\/imagem-whatsapp-2023-12-08-as-104330-27cd1881-768x511.jpg 768w, https:\/\/www.atelierdocaractere.pt\/wp-content\/uploads\/2023\/12\/imagem-whatsapp-2023-12-08-as-104330-27cd1881-1536x1021.jpg 1536w, https:\/\/www.atelierdocaractere.pt\/wp-content\/uploads\/2023\/12\/imagem-whatsapp-2023-12-08-as-104330-27cd1881-900x600.jpg 900w, https:\/\/www.atelierdocaractere.pt\/wp-content\/uploads\/2023\/12\/imagem-whatsapp-2023-12-08-as-104330-27cd1881-675x450.jpg 675w, https:\/\/www.atelierdocaractere.pt\/wp-content\/uploads\/2023\/12\/imagem-whatsapp-2023-12-08-as-104330-27cd1881.jpg 1600w\" sizes=\"(max-width: 1024px) 100vw, 1024px\" \/><\/figure>\n\n\n\n<p><strong>Para jovens valores<\/strong><\/p>\n\n\n\n<p>Uma proposta \u00fanica no contexto nacional, j\u00e1 que com o Clio Trophy Portugal, os pilotos e, sobretudo, os mais jovens t\u00eam uma oportunidade extraordin\u00e1ria de competir, em ralis, com um carro competitivo, fi\u00e1vel e\u2026 com um pre\u00e7o acess\u00edvel. \u00c9 que o custo de aquisi\u00e7\u00e3o \u00e9 sensivelmente um ter\u00e7o abaixo do de outras propostas do mesmo \u00e2mbito: 48.500\u20ac na vers\u00e3o de asfalto e 52.000\u20ac com o kit de terra. E que dizer dos custos em competi\u00e7\u00e3o? Apenas entre os 12 a 15\u20ac o quil\u00f3metro, enquanto os de um R4 variam entre os 20 e os 25\u20ac e os de um R3 entre os 30 e os 35\u20ac por quil\u00f3metro e isto s\u00f3 para falar das tr\u00eas categorias que constituem a base da pir\u00e2mide FIA Rally Car.<\/p>\n\n\n\n<p>Custos que tornam o Clio Trophy Portugal uma proposta \u00fanica, at\u00e9 pelo facto do Clio Rally5 ser um verdadeiro carro de ralis, beneficiando de uma caixa de velocidades sequencial Sadev, diferencial autoblocante, suspens\u00f5es e trav\u00f5es espec\u00edficos e, claro, de todos os equipamentos de seguran\u00e7a exigidos pelos regulamentos internacionais.<\/p>\n\n\n\n<p>Quanto ao motor, \u00e9 o conhecido bloco 1.3 TCe comum a tantos modelos da gama Renault e Dacia, como o Clio, Captur, Arkana ou Duster. Mas um motor preparado de acordo com os regulamentos t\u00e9cnicos Rally5, que debita 180 cavalos de pot\u00eancia, para al\u00e9m de 300 Nm de bin\u00e1rio, \u00e0s 6.500 rpm. Sublinhe-se que tamb\u00e9m o chassis \u00e9 herdado do modelo de s\u00e9rie, enquanto a tra\u00e7\u00e3o \u00e9 feita \u00e0s rodas dianteiras.<\/p>\n\n\n\n<figure class=\"wp-block-image size-large\"><img decoding=\"async\" width=\"1024\" height=\"681\" src=\"https:\/\/www.atelierdocaractere.pt\/wp-content\/uploads\/2023\/12\/imagem-whatsapp-2023-12-08-as-104330-a0f604e1-1024x681.jpg\" alt=\"\" class=\"wp-image-12139\" srcset=\"https:\/\/www.atelierdocaractere.pt\/wp-content\/uploads\/2023\/12\/imagem-whatsapp-2023-12-08-as-104330-a0f604e1-1024x681.jpg 1024w, https:\/\/www.atelierdocaractere.pt\/wp-content\/uploads\/2023\/12\/imagem-whatsapp-2023-12-08-as-104330-a0f604e1-300x200.jpg 300w, https:\/\/www.atelierdocaractere.pt\/wp-content\/uploads\/2023\/12\/imagem-whatsapp-2023-12-08-as-104330-a0f604e1-768x511.jpg 768w, https:\/\/www.atelierdocaractere.pt\/wp-content\/uploads\/2023\/12\/imagem-whatsapp-2023-12-08-as-104330-a0f604e1-1536x1021.jpg 1536w, https:\/\/www.atelierdocaractere.pt\/wp-content\/uploads\/2023\/12\/imagem-whatsapp-2023-12-08-as-104330-a0f604e1-900x600.jpg 900w, https:\/\/www.atelierdocaractere.pt\/wp-content\/uploads\/2023\/12\/imagem-whatsapp-2023-12-08-as-104330-a0f604e1-675x450.jpg 675w, https:\/\/www.atelierdocaractere.pt\/wp-content\/uploads\/2023\/12\/imagem-whatsapp-2023-12-08-as-104330-a0f604e1.jpg 1600w\" sizes=\"(max-width: 1024px) 100vw, 1024px\" \/><\/figure>\n\n\n\n<p>No fundo, um \u201cvulgar\u201d Renault Clio, mas preparado de acordo com o princ\u00edpio orientador do regulamento Rally5: a simplicidade. E com componentes provenientes das vers\u00f5es de produ\u00e7\u00e3o, como o motor, trav\u00f5es, etc..<\/p>\n\n\n\n<p>Os meses de desenvolvimento, mas tamb\u00e9m os sucessos e os n\u00edveis de fiabilidade revelados, nos \u00faltimos anos, em diferentes campeonatos e competi\u00e7\u00f5es nacionais disputados na Europa e fora do \u201cvelho continente\u201d, confirmam o Clio Rally5 como a solu\u00e7\u00e3o perfeita para quem quer dar os primeiros passos no desporto autom\u00f3vel e com custos verdadeiramente contidos.<\/p>\n\n\n\n<p>E s\u00e3o os n\u00fameros de produ\u00e7\u00e3o que (tamb\u00e9m) o confirmam: a Renault j\u00e1 entregou a unidade 820 da vers\u00e3o de competi\u00e7\u00e3o do Clio. Um n\u00famero impressionante, sendo que 25% correm em trof\u00e9us monomarca disputados na Europa e todos preparados de acordo com os regulamentos R5.<\/p>\n\n\n\n<p>Um sucesso (tamb\u00e9m) comercial que pode ser justificado por um argumento extra: uma versatilidade sem paralelo. \u00c9 que o Clio desenvolvido a pensar na competi\u00e7\u00e3o pode desdobrar-se em tr\u00eas vers\u00f5es distintas: Clio Rally (para os ralis); Clio RX (para as provas de Off-Road) e Clio Cup (para as provas de pista). As tr\u00eas foram desenvolvidas com recurso a um banco de elementos mec\u00e2nicos e eletr\u00f3nicos comuns, mas adaptados, cada um deles, \u00e0 especificidade de cada categoria. Ou seja, com o mesmo Clio, os pilotos podem trocar de disciplina, gra\u00e7as aos Kits de convers\u00e3o especialmente desenvolvidos.<\/p>\n\n\n\n<p>E exemplo de como o Clio desenvolvido para ralis \u00e9 a solu\u00e7\u00e3o perfeita para os jovens pilotos iniciarem as suas carreiras, \u00e9 o de Gon\u00e7alo Henriques, o rec\u00e9m-coroado campe\u00e3o de Portugal de Ralis de 2RM (duas rodas motrizes).<\/p>\n\n\n\n<figure class=\"wp-block-image size-large\"><img decoding=\"async\" width=\"1024\" height=\"681\" src=\"https:\/\/www.atelierdocaractere.pt\/wp-content\/uploads\/2023\/12\/imagem-whatsapp-2023-12-08-as-104330-7b345a41-1024x681.jpg\" alt=\"\" class=\"wp-image-12134\" srcset=\"https:\/\/www.atelierdocaractere.pt\/wp-content\/uploads\/2023\/12\/imagem-whatsapp-2023-12-08-as-104330-7b345a41-1024x681.jpg 1024w, https:\/\/www.atelierdocaractere.pt\/wp-content\/uploads\/2023\/12\/imagem-whatsapp-2023-12-08-as-104330-7b345a41-300x200.jpg 300w, https:\/\/www.atelierdocaractere.pt\/wp-content\/uploads\/2023\/12\/imagem-whatsapp-2023-12-08-as-104330-7b345a41-768x511.jpg 768w, https:\/\/www.atelierdocaractere.pt\/wp-content\/uploads\/2023\/12\/imagem-whatsapp-2023-12-08-as-104330-7b345a41-1536x1021.jpg 1536w, https:\/\/www.atelierdocaractere.pt\/wp-content\/uploads\/2023\/12\/imagem-whatsapp-2023-12-08-as-104330-7b345a41-900x600.jpg 900w, https:\/\/www.atelierdocaractere.pt\/wp-content\/uploads\/2023\/12\/imagem-whatsapp-2023-12-08-as-104330-7b345a41-675x450.jpg 675w, https:\/\/www.atelierdocaractere.pt\/wp-content\/uploads\/2023\/12\/imagem-whatsapp-2023-12-08-as-104330-7b345a41.jpg 1600w\" sizes=\"(max-width: 1024px) 100vw, 1024px\" \/><\/figure>\n\n\n\n<p>O jovem piloto de Vila Nova de Poiares cresceu a ver as proezas de Jean Ragnotti, aos comandos dos Clio, no YouTube, mas tamb\u00e9m a ver o pai, ao volante de um Clio Williams, no Campeonato Regional de Ralis do Centro. Em 2018, nesse mesmo carro, concretizou o sonho de participar num rali. Em 2022, inscreveu-se no FPAK J\u00fanior Team e venceu a iniciativa da Federa\u00e7\u00e3o Portuguesa de Automobilismo e Karting, lan\u00e7ada para apoiar e incentivar a carreira de jovens pilotos nos ralis.<\/p>\n\n\n\n<p>Um investimento que se estendeu \u00e0 presente \u00e9poca, com Gon\u00e7alo Henriques a come\u00e7ar o ano com o Clio Rally5, mas a apostar no \u201cupgrade\u201d para o \u2018kit\u2019 Rally4, que lhe permitiu a proeza de conquistar o t\u00edtulo de campe\u00e3o do CPR 2RM e logo num campeonato marcado por uma extrema competitividade.<\/p>\n\n\n\n<p>Os pr\u00e9mios e o calend\u00e1rio do Clio Trophy Portugal v\u00e3o ser divulgados oportunamente, mas est\u00e1 confirmada a integra\u00e7\u00e3o em ralis disputados em pisos de asfalto e de terra.<\/p>\n\n\n\n<p>A Renault Portugal \u00e9 o promotor do Clio Trophy Portugal, enquanto a Driveland Events, tem a responsabilidade da organiza\u00e7\u00e3o desportiva e de log\u00edstica da iniciativa. A estrutura espanhola \u00e9, desde 2019, a promotora e distribuidora da Alpine Racing, para o Renault Group, em Espanha e Portugal. Atualmente, gere as seguintes competi\u00e7\u00f5es:&nbsp;Clio Trophy Spain Asfalto;&nbsp;Clio Trophy Spain Tierra;&nbsp;Clio Trophy&nbsp;Canarias;&nbsp;Clio Trophy Galicia;&nbsp;Clio Cup Spain;&nbsp;Sandero Eco Cup Spain;&nbsp;Sandero Eco Cup Galicia;&nbsp;Sandero Eco Cup&nbsp;Canarias;&nbsp;Alpine&nbsp;Recalvi&nbsp;Rallye Team e&nbsp;Renault&nbsp;Recalvi&nbsp;Rallye Team.<\/p>\n\n\n\n<p>Um ambicioso plano de promo\u00e7\u00e3o e comunica\u00e7\u00e3o do Clio Trophy Portugal est\u00e1 a ser desenvolvido pela Renault Portugal, j\u00e1 sendo poss\u00edvel acompanhar os desenvolvimentos e as novidades da competi\u00e7\u00e3o nas seguintes redes sociais:<\/p>\n\n\n\n<p>Facebook:&nbsp;<a href=\"https:\/\/www.facebook.com\/cliotrophy.pt\">https:\/\/www.facebook.com\/cliotrophy.pt<\/a><\/p>\n\n\n\n<p>Instagram:&nbsp;<a href=\"https:\/\/www.instagram.com\/clio_trophy.pt\/\">https:\/\/www.instagram.com\/clio_trophy.pt\/<\/a><\/p>\n\n\n\n<p>YouTube:&nbsp;<a href=\"https:\/\/www.youtube.com\/@ClioTrophyPortugal\">https:\/\/www.youtube.com\/@ClioTrophyPortugal<\/a><\/p>\n\n\n\n<p>Tik Tok:&nbsp;<a href=\"https:\/\/www.tiktok.com\/@cliotrophy.pt\">https:\/\/www.tiktok.com\/@cliotrophy.pt<\/a><\/p>\n\n\n\n<figure class=\"wp-block-image size-large\"><img decoding=\"async\" width=\"1024\" height=\"681\" src=\"https:\/\/www.atelierdocaractere.pt\/wp-content\/uploads\/2023\/12\/imagem-whatsapp-2023-12-08-as-104330-36a13bb2-1024x681.jpg\" alt=\"\" class=\"wp-image-12138\" srcset=\"https:\/\/www.atelierdocaractere.pt\/wp-content\/uploads\/2023\/12\/imagem-whatsapp-2023-12-08-as-104330-36a13bb2-1024x681.jpg 1024w, https:\/\/www.atelierdocaractere.pt\/wp-content\/uploads\/2023\/12\/imagem-whatsapp-2023-12-08-as-104330-36a13bb2-300x200.jpg 300w, https:\/\/www.atelierdocaractere.pt\/wp-content\/uploads\/2023\/12\/imagem-whatsapp-2023-12-08-as-104330-36a13bb2-768x511.jpg 768w, https:\/\/www.atelierdocaractere.pt\/wp-content\/uploads\/2023\/12\/imagem-whatsapp-2023-12-08-as-104330-36a13bb2-1536x1021.jpg 1536w, https:\/\/www.atelierdocaractere.pt\/wp-content\/uploads\/2023\/12\/imagem-whatsapp-2023-12-08-as-104330-36a13bb2-900x600.jpg 900w, https:\/\/www.atelierdocaractere.pt\/wp-content\/uploads\/2023\/12\/imagem-whatsapp-2023-12-08-as-104330-36a13bb2-675x450.jpg 675w, https:\/\/www.atelierdocaractere.pt\/wp-content\/uploads\/2023\/12\/imagem-whatsapp-2023-12-08-as-104330-36a13bb2.jpg 1600w\" sizes=\"(max-width: 1024px) 100vw, 1024px\" \/><\/figure>\n\n\n\n<p><strong>CLIO RALLY 5: ESPECIFICA\u00c7\u00d5ES T\u00c9CNICAS<\/strong><\/p>\n\n\n\n<p><strong>Chassis<\/strong><\/p>\n\n\n\n<p>Renault Clio R.S. Line, com arco de seguran\u00e7a integrado<\/p>\n\n\n\n<p>Eixo dianteiro: Pseudo Mc Pherson<\/p>\n\n\n\n<p>Eixo traseiro: em H<\/p>\n\n\n\n<p>Suspens\u00e3o: Amortecedores Bos n\u00e3o regul\u00e1veis<\/p>\n\n\n\n<p><\/p>\n\n\n\n<p><strong>Dimens\u00f5es e peso<\/strong><\/p>\n\n\n\n<p>Comprimento \/ Largura \/ Altura: 4050 \/ 1988 \/ 1400mm<\/p>\n\n\n\n<p>Dist\u00e2ncia entre eixos: 2579 mm<\/p>\n\n\n\n<p>Via Dianteira\/Traseira: 1550 \/ 1490mm<\/p>\n\n\n\n<p>Dep\u00f3sito de combust\u00edvel: FT3 homologado FIA<\/p>\n\n\n\n<p>Peso em vazio: 1 080 Kg (homologa\u00e7\u00e3o FIA)<\/p>\n\n\n\n<p><\/p>\n\n\n\n<p><strong>Motor<\/strong><\/p>\n\n\n\n<p>Tipo: Renault HR13 &#8211; 4 Cilindros 1.330cc Turbo<\/p>\n\n\n\n<p>Pot\u00eancia m\u00e1xima: 180 CV<\/p>\n\n\n\n<p>Bin\u00e1rio m\u00e1ximo: 300 Nm<\/p>\n\n\n\n<p>Refrigera\u00e7\u00e3o: Derivada de s\u00e9rie<\/p>\n\n\n\n<p>Alimenta\u00e7\u00e3o: Inje\u00e7\u00e3o direta<\/p>\n\n\n\n<p>Regime m\u00e1ximo: 6500 rpm<\/p>\n\n\n\n<p>Eletr\u00f3nica: ECU Life Racing<\/p>\n\n\n\n<p>Gasolina: SP98<\/p>\n\n\n\n<p><\/p>\n\n\n\n<p><strong>Transmiss\u00e3o<\/strong><\/p>\n\n\n\n<p>Caixa de velocidades: Sequencial Sadev ST82 5 velocidades + MA<\/p>\n\n\n\n<p>Diferencial: Deslizamento limitado tipo ZF<\/p>\n\n\n\n<p>Embraiagem: Sachs bidisco<\/p>\n\n\n\n<p><\/p>\n\n\n\n<p><strong>Rodas<\/strong><\/p>\n\n\n\n<p>Jantes: 7&#215;16 (asfalto), 7&#215;15 (terra)<\/p>\n\n\n\n<p>Pneus: Kuhmo<\/p>\n","protected":false},"excerpt":{"rendered":"<p>Quarenta anos depois da estreia oficial, a Renault Portugal est\u00e1 de regresso ao automobilismo nacional, com a organiza\u00e7\u00e3o de um&#8230;<\/p>\n","protected":false},"author":7,"featured_media":12137,"comment_status":"closed","ping_status":"open","sticky":false,"template":"","format":"standard","meta":[],"categories":[24],"tags":[751,752],"yoast_head":"<!-- This site is optimized with the Yoast SEO plugin v20.12 - https:\/\/yoast.com\/wordpress\/plugins\/seo\/ -->\n<title>Clio Trophy Portugal: Um competitivo e acess\u00edvel trof\u00e9u de ralis! - Atelier do Caractere<\/title>\n<meta name=\"robots\" content=\"index, follow, max-snippet:-1, max-image-preview:large, max-video-preview:-1\" \/>\n<link rel=\"canonical\" href=\"https:\/\/www.atelierdocaractere.pt\/brevemente\/clio-trophy-portugal-um-competitivo-e-acessivel-trofeu-de-ralis\/\" \/>\n<meta property=\"og:locale\" content=\"pt_PT\" \/>\n<meta property=\"og:type\" content=\"article\" \/>\n<meta property=\"og:title\" content=\"Clio Trophy Portugal: Um competitivo e acess\u00edvel trof\u00e9u de ralis! - Atelier do Caractere\" \/>\n<meta property=\"og:description\" content=\"Quarenta anos depois da estreia oficial, a Renault Portugal est\u00e1 de regresso ao automobilismo nacional, com a organiza\u00e7\u00e3o de um...\" \/>\n<meta property=\"og:url\" content=\"https:\/\/www.atelierdocaractere.pt\/brevemente\/clio-trophy-portugal-um-competitivo-e-acessivel-trofeu-de-ralis\/\" \/>\n<meta property=\"og:site_name\" content=\"Atelier do Caractere\" \/>\n<meta property=\"article:publisher\" content=\"https:\/\/www.facebook.com\/AtelierdoCaractere\" \/>\n<meta property=\"article:published_time\" content=\"2023-12-07T10:36:24+00:00\" \/>\n<meta property=\"article:modified_time\" content=\"2023-12-08T10:51:05+00:00\" \/>\n<meta property=\"og:image\" content=\"https:\/\/www.atelierdocaractere.pt\/wp-content\/uploads\/2023\/12\/imagem-whatsapp-2023-12-08-as-104329-c9476730.jpg\" \/>\n\t<meta property=\"og:image:width\" content=\"1600\" \/>\n\t<meta property=\"og:image:height\" content=\"901\" \/>\n\t<meta property=\"og:image:type\" content=\"image\/jpeg\" \/>\n<meta name=\"author\" content=\"Joana Barbosa\" \/>\n<meta name=\"twitter:card\" content=\"summary_large_image\" \/>\n<meta name=\"twitter:label1\" content=\"Escrito por\" \/>\n\t<meta name=\"twitter:data1\" content=\"Joana Barbosa\" \/>\n\t<meta name=\"twitter:label2\" content=\"Tempo estimado de leitura\" \/>\n\t<meta name=\"twitter:data2\" content=\"9 minutos\" \/>\n<script type=\"application\/ld+json\" class=\"yoast-schema-graph\">{\"@context\":\"https:\/\/schema.org\",\"@graph\":[{\"@type\":\"WebPage\",\"@id\":\"https:\/\/www.atelierdocaractere.pt\/brevemente\/clio-trophy-portugal-um-competitivo-e-acessivel-trofeu-de-ralis\/\",\"url\":\"https:\/\/www.atelierdocaractere.pt\/brevemente\/clio-trophy-portugal-um-competitivo-e-acessivel-trofeu-de-ralis\/\",\"name\":\"Clio Trophy Portugal: Um competitivo e acess\u00edvel trof\u00e9u de ralis! - Atelier do Caractere\",\"isPartOf\":{\"@id\":\"https:\/\/www.atelierdocaractere.pt\/brevemente\/#website\"},\"datePublished\":\"2023-12-07T10:36:24+00:00\",\"dateModified\":\"2023-12-08T10:51:05+00:00\",\"author\":{\"@id\":\"https:\/\/www.atelierdocaractere.pt\/brevemente\/#\/schema\/person\/f2f096eb0f27d9894725af22cb97c0db\"},\"breadcrumb\":{\"@id\":\"https:\/\/www.atelierdocaractere.pt\/brevemente\/clio-trophy-portugal-um-competitivo-e-acessivel-trofeu-de-ralis\/#breadcrumb\"},\"inLanguage\":\"pt-PT\",\"potentialAction\":[{\"@type\":\"ReadAction\",\"target\":[\"https:\/\/www.atelierdocaractere.pt\/brevemente\/clio-trophy-portugal-um-competitivo-e-acessivel-trofeu-de-ralis\/\"]}]},{\"@type\":\"BreadcrumbList\",\"@id\":\"https:\/\/www.atelierdocaractere.pt\/brevemente\/clio-trophy-portugal-um-competitivo-e-acessivel-trofeu-de-ralis\/#breadcrumb\",\"itemListElement\":[{\"@type\":\"ListItem\",\"position\":1,\"name\":\"In\u00edcio\",\"item\":\"https:\/\/www.atelierdocaractere.pt\/brevemente\/\"},{\"@type\":\"ListItem\",\"position\":2,\"name\":\"Clio Trophy Portugal: Um competitivo e acess\u00edvel trof\u00e9u de ralis!\"}]},{\"@type\":\"WebSite\",\"@id\":\"https:\/\/www.atelierdocaractere.pt\/brevemente\/#website\",\"url\":\"https:\/\/www.atelierdocaractere.pt\/brevemente\/\",\"name\":\"Atelier do Caractere\",\"description\":\"\",\"potentialAction\":[{\"@type\":\"SearchAction\",\"target\":{\"@type\":\"EntryPoint\",\"urlTemplate\":\"https:\/\/www.atelierdocaractere.pt\/brevemente\/?s={search_term_string}\"},\"query-input\":\"required name=search_term_string\"}],\"inLanguage\":\"pt-PT\"},{\"@type\":\"Person\",\"@id\":\"https:\/\/www.atelierdocaractere.pt\/brevemente\/#\/schema\/person\/f2f096eb0f27d9894725af22cb97c0db\",\"name\":\"Joana Barbosa\",\"image\":{\"@type\":\"ImageObject\",\"inLanguage\":\"pt-PT\",\"@id\":\"https:\/\/www.atelierdocaractere.pt\/brevemente\/#\/schema\/person\/image\/\",\"url\":\"https:\/\/secure.gravatar.com\/avatar\/33e8214b45e9d68a3a83008731075979?s=96&d=mm&r=g\",\"contentUrl\":\"https:\/\/secure.gravatar.com\/avatar\/33e8214b45e9d68a3a83008731075979?s=96&d=mm&r=g\",\"caption\":\"Joana Barbosa\"},\"url\":\"https:\/\/www.atelierdocaractere.pt\/brevemente\/author\/joanabarbosa\/\"}]}<\/script>\n<!-- \/ Yoast SEO plugin. -->","yoast_head_json":{"title":"Clio Trophy Portugal: Um competitivo e acess\u00edvel trof\u00e9u de ralis! - Atelier do Caractere","robots":{"index":"index","follow":"follow","max-snippet":"max-snippet:-1","max-image-preview":"max-image-preview:large","max-video-preview":"max-video-preview:-1"},"canonical":"https:\/\/www.atelierdocaractere.pt\/brevemente\/clio-trophy-portugal-um-competitivo-e-acessivel-trofeu-de-ralis\/","og_locale":"pt_PT","og_type":"article","og_title":"Clio Trophy Portugal: Um competitivo e acess\u00edvel trof\u00e9u de ralis! - Atelier do Caractere","og_description":"Quarenta anos depois da estreia oficial, a Renault Portugal est\u00e1 de regresso ao automobilismo nacional, com a organiza\u00e7\u00e3o de um...","og_url":"https:\/\/www.atelierdocaractere.pt\/brevemente\/clio-trophy-portugal-um-competitivo-e-acessivel-trofeu-de-ralis\/","og_site_name":"Atelier do Caractere","article_publisher":"https:\/\/www.facebook.com\/AtelierdoCaractere","article_published_time":"2023-12-07T10:36:24+00:00","article_modified_time":"2023-12-08T10:51:05+00:00","og_image":[{"width":1600,"height":901,"url":"https:\/\/www.atelierdocaractere.pt\/wp-content\/uploads\/2023\/12\/imagem-whatsapp-2023-12-08-as-104329-c9476730.jpg","type":"image\/jpeg"}],"author":"Joana Barbosa","twitter_card":"summary_large_image","twitter_misc":{"Escrito por":"Joana Barbosa","Tempo estimado de leitura":"9 minutos"},"schema":{"@context":"https:\/\/schema.org","@graph":[{"@type":"WebPage","@id":"https:\/\/www.atelierdocaractere.pt\/brevemente\/clio-trophy-portugal-um-competitivo-e-acessivel-trofeu-de-ralis\/","url":"https:\/\/www.atelierdocaractere.pt\/brevemente\/clio-trophy-portugal-um-competitivo-e-acessivel-trofeu-de-ralis\/","name":"Clio Trophy Portugal: Um competitivo e acess\u00edvel trof\u00e9u de ralis! - Atelier do Caractere","isPartOf":{"@id":"https:\/\/www.atelierdocaractere.pt\/brevemente\/#website"},"datePublished":"2023-12-07T10:36:24+00:00","dateModified":"2023-12-08T10:51:05+00:00","author":{"@id":"https:\/\/www.atelierdocaractere.pt\/brevemente\/#\/schema\/person\/f2f096eb0f27d9894725af22cb97c0db"},"breadcrumb":{"@id":"https:\/\/www.atelierdocaractere.pt\/brevemente\/clio-trophy-portugal-um-competitivo-e-acessivel-trofeu-de-ralis\/#breadcrumb"},"inLanguage":"pt-PT","potentialAction":[{"@type":"ReadAction","target":["https:\/\/www.atelierdocaractere.pt\/brevemente\/clio-trophy-portugal-um-competitivo-e-acessivel-trofeu-de-ralis\/"]}]},{"@type":"BreadcrumbList","@id":"https:\/\/www.atelierdocaractere.pt\/brevemente\/clio-trophy-portugal-um-competitivo-e-acessivel-trofeu-de-ralis\/#breadcrumb","itemListElement":[{"@type":"ListItem","position":1,"name":"In\u00edcio","item":"https:\/\/www.atelierdocaractere.pt\/brevemente\/"},{"@type":"ListItem","position":2,"name":"Clio Trophy Portugal: Um competitivo e acess\u00edvel trof\u00e9u de ralis!"}]},{"@type":"WebSite","@id":"https:\/\/www.atelierdocaractere.pt\/brevemente\/#website","url":"https:\/\/www.atelierdocaractere.pt\/brevemente\/","name":"Atelier do Caractere","description":"","potentialAction":[{"@type":"SearchAction","target":{"@type":"EntryPoint","urlTemplate":"https:\/\/www.atelierdocaractere.pt\/brevemente\/?s={search_term_string}"},"query-input":"required name=search_term_string"}],"inLanguage":"pt-PT"},{"@type":"Person","@id":"https:\/\/www.atelierdocaractere.pt\/brevemente\/#\/schema\/person\/f2f096eb0f27d9894725af22cb97c0db","name":"Joana Barbosa","image":{"@type":"ImageObject","inLanguage":"pt-PT","@id":"https:\/\/www.atelierdocaractere.pt\/brevemente\/#\/schema\/person\/image\/","url":"https:\/\/secure.gravatar.com\/avatar\/33e8214b45e9d68a3a83008731075979?s=96&d=mm&r=g","contentUrl":"https:\/\/secure.gravatar.com\/avatar\/33e8214b45e9d68a3a83008731075979?s=96&d=mm&r=g","caption":"Joana Barbosa"},"url":"https:\/\/www.atelierdocaractere.pt\/brevemente\/author\/joanabarbosa\/"}]}},"_links":{"self":[{"href":"https:\/\/www.atelierdocaractere.pt\/brevemente\/wp-json\/wp\/v2\/posts\/12132"}],"collection":[{"href":"https:\/\/www.atelierdocaractere.pt\/brevemente\/wp-json\/wp\/v2\/posts"}],"about":[{"href":"https:\/\/www.atelierdocaractere.pt\/brevemente\/wp-json\/wp\/v2\/types\/post"}],"author":[{"embeddable":true,"href":"https:\/\/www.atelierdocaractere.pt\/brevemente\/wp-json\/wp\/v2\/users\/7"}],"replies":[{"embeddable":true,"href":"https:\/\/www.atelierdocaractere.pt\/brevemente\/wp-json\/wp\/v2\/comments?post=12132"}],"version-history":[{"count":1,"href":"https:\/\/www.atelierdocaractere.pt\/brevemente\/wp-json\/wp\/v2\/posts\/12132\/revisions"}],"predecessor-version":[{"id":12140,"href":"https:\/\/www.atelierdocaractere.pt\/brevemente\/wp-json\/wp\/v2\/posts\/12132\/revisions\/12140"}],"wp:featuredmedia":[{"embeddable":true,"href":"https:\/\/www.atelierdocaractere.pt\/brevemente\/wp-json\/wp\/v2\/media\/12137"}],"wp:attachment":[{"href":"https:\/\/www.atelierdocaractere.pt\/brevemente\/wp-json\/wp\/v2\/media?parent=12132"}],"wp:term":[{"taxonomy":"category","embeddable":true,"href":"https:\/\/www.atelierdocaractere.pt\/brevemente\/wp-json\/wp\/v2\/categories?post=12132"},{"taxonomy":"post_tag","embeddable":true,"href":"https:\/\/www.atelierdocaractere.pt\/brevemente\/wp-json\/wp\/v2\/tags?post=12132"}],"curies":[{"name":"wp","href":"https:\/\/api.w.org\/{rel}","templated":true}]}}