{"id":12263,"date":"2024-01-31T11:39:38","date_gmt":"2024-01-31T11:39:38","guid":{"rendered":"https:\/\/www.atelierdocaractere.pt\/brevemente\/?p=12263"},"modified":"2024-02-05T11:43:31","modified_gmt":"2024-02-05T11:43:31","slug":"grupo-petrotec-anuncia-a-instalacao-em-portugal-de-uma-fabrica-de-carregadores-para-veiculos-eletricos","status":"publish","type":"post","link":"https:\/\/www.atelierdocaractere.pt\/brevemente\/grupo-petrotec-anuncia-a-instalacao-em-portugal-de-uma-fabrica-de-carregadores-para-veiculos-eletricos\/","title":{"rendered":"Grupo Petrotec anuncia a instala\u00e7\u00e3o em Portugal de uma f\u00e1brica de carregadores para ve\u00edculos el\u00e9tricos"},"content":{"rendered":"\n<p><strong>O Grupo Petrotec anuncia a constru\u00e7\u00e3o de uma nova unidade de produ\u00e7\u00e3o, em P\u00f3voa de Lanhoso, dedicada ao fabrico de carregadores el\u00e9tricos, r\u00e1pidos e ultrarr\u00e1pidos. Um investimento, no valor de 4M\u20ac, que refor\u00e7a a empresa como uma refer\u00eancia tamb\u00e9m no setor da mobilidade sustent\u00e1vel. A instala\u00e7\u00e3o vai fabricar equipamentos para a startup do Grupo, a Hellonext, mas tamb\u00e9m vai fornecer outros importantes parceiros comerciais. O in\u00edcio da produ\u00e7\u00e3o est\u00e1 previsto para o segundo semestre do ano corrente, com a expectativa de que 90% da produ\u00e7\u00e3o seja destinada \u00e0 exporta\u00e7\u00e3o. Esta nova f\u00e1brica, que representa a quinta unidade industrial do Grupo Petrotec, vai impulsionar a cria\u00e7\u00e3o de, aproximadamente, meia centena de novos empregos, no curto prazo.<\/strong><\/p>\n\n\n\n<p>Desde a sua funda\u00e7\u00e3o, em 1983, o Grupo Petrotec emergiu como l\u00edder europeu na produ\u00e7\u00e3o de equipamentos e servi\u00e7os para a ind\u00fastria de combust\u00edveis. Com capitais 100% portugueses, filiais em oito pa\u00edses e representa\u00e7\u00e3o em 84 pa\u00edses de quatro continentes, a empresa tem mais de 1.200 colaboradores, sendo o parceiro industrial e tecnol\u00f3gico de algumas das maiores companhias e retalhistas do mundo, com equipamentos instalados em mais de 200.000 esta\u00e7\u00f5es de servi\u00e7o.<\/p>\n\n\n\n<p>Mas, desde o final de 2018, que o Grupo Petrotec passou a estar posicionado em toda a cadeia de valor da mobilidade, com a marca Hellonext a assumir e a materializar a estrat\u00e9gia de transi\u00e7\u00e3o para um novo paradigma energ\u00e9tico, ao disponibilizar ao mercado uma vasta gama de solu\u00e7\u00f5es inovadoras e sustent\u00e1veis nas \u00e1reas do carregamento de ve\u00edculos el\u00e9tricos, do hidrog\u00e9nio verde e dos recursos energ\u00e9ticos distribu\u00eddos.<\/p>\n\n\n\n<p>A instala\u00e7\u00e3o de uma nova f\u00e1brica de carregadores para ve\u00edculos el\u00e9tricos, em P\u00f3voa de Lanhoso, refor\u00e7a a aposta do Grupo Petrotec no setor da mobilidade sustent\u00e1vel.<\/p>\n\n\n\n<p><strong>Uma unidade industrial em Portugal que projeta a Hellonext na Europa<\/strong><\/p>\n\n\n\n<p>No imediato, com cerca de meia centena de colaboradores, a nova f\u00e1brica do Grupo Petrotec&nbsp;<em>\u2013 a quinta do Grupo \u2013&nbsp;<\/em>vai produzir carregadores el\u00e9tricos. O arranque de produ\u00e7\u00e3o est\u00e1 previsto para o segundo semestre deste ano<em>. \u201cAs obras est\u00e3o em curso e a decorrerem de acordo com o plano delineado\u201d<\/em>, reconhece Nuno Cabral, CEO do Grupo Petrotec. Segundo o mesmo respons\u00e1vel,&nbsp;<em>\u201cnuma primeira fase, a unidade vai estar preparada para fabricar, anualmente, 3.000 carregadores r\u00e1pidos e ultrarr\u00e1pidos, na sua maioria, destinados a mercados como o Reino Unido, Espanha, Pol\u00f3nia, Rep\u00fablica Checa, Eslov\u00e1quia, Est\u00f3nia, Isl\u00e2ndia, Litu\u00e2nia e Rom\u00e9nia\u201d<\/em>.<\/p>\n\n\n<div class=\"wp-block-image\">\n<figure class=\"aligncenter size-large\"><img decoding=\"async\" width=\"683\" height=\"1024\" src=\"https:\/\/www.atelierdocaractere.pt\/wp-content\/uploads\/2024\/02\/nuno-cabral-ceo-grupo-petrotec-683x1024.jpg\" alt=\"\" class=\"wp-image-12265\" srcset=\"https:\/\/www.atelierdocaractere.pt\/wp-content\/uploads\/2024\/02\/nuno-cabral-ceo-grupo-petrotec-683x1024.jpg 683w, https:\/\/www.atelierdocaractere.pt\/wp-content\/uploads\/2024\/02\/nuno-cabral-ceo-grupo-petrotec-200x300.jpg 200w, https:\/\/www.atelierdocaractere.pt\/wp-content\/uploads\/2024\/02\/nuno-cabral-ceo-grupo-petrotec-768x1151.jpg 768w, https:\/\/www.atelierdocaractere.pt\/wp-content\/uploads\/2024\/02\/nuno-cabral-ceo-grupo-petrotec.jpg 934w\" sizes=\"(max-width: 683px) 100vw, 683px\" \/><\/figure><\/div>\n\n\n<p>A f\u00e1brica que est\u00e1 a ser instalada em P\u00f3voa de Lanhoso tem, tamb\u00e9m, como objetivo acelerar o posicionamento da Hellonext como uma das principais marcas europeias do sector.&nbsp;<em>\u201c\u00c9 nossa aspira\u00e7\u00e3o, no horizonte de 2030, ocupar uma posi\u00e7\u00e3o central no panorama europeu de carregadores el\u00e9tricos ultrarr\u00e1pidos para ve\u00edculos. Uma nova unidade industrial, \u00e9 um passo decisivo nesse sentido, na medida em que nos facilita uma capacidade de resposta mais c\u00e9lere ao mercado\u201d<\/em>, sublinha Hugo Rigor, Diretor Geral da Hellonext.<\/p>\n\n\n\n<p>Este \u00e9 um projeto que beneficia de uma parceria estrat\u00e9gica entre o Grupo Petrotec e a multinacional de Taiwan, Zerova, para o co-desenvolvimento e a distribui\u00e7\u00e3o de carregadores para ve\u00edculos el\u00e9tricos. Em termos de equipamentos, por exemplo, est\u00e1 prevista a gradual incorpora\u00e7\u00e3o de tecnologias do Grupo Petrotec que s\u00e3o refer\u00eancia de mercado, como sistemas de pagamento, gest\u00e3o de conte\u00fados, gest\u00e3o de frota e comunica\u00e7\u00e3o com o ponto de venda (POS), entre outros.<\/p>\n\n\n\n<p><strong>Sobre o Grupo Petrotec<\/strong><\/p>\n\n\n\n<p><a>O Grupo Petrotec \u00e9 o l\u00edder europeu na produ\u00e7\u00e3o de tecnologia e servi\u00e7os para a ind\u00fastria de distribui\u00e7\u00e3o e retalho de combust\u00edveis. Com capitais 100% portugueses, foi fundado em 1983 e, atrav\u00e9s das v\u00e1rias empresas do grupo, oferece solu\u00e7\u00f5es globais adaptadas \u00e0 especificidade de cada cliente ou projeto.<\/a><\/p>\n\n\n\n<p>Em apenas quatro d\u00e9cadas, a Petrotec evoluiu para um grupo com cinco unidades industriais, filiais em oito pa\u00edses e com representa\u00e7\u00e3o em 84 pa\u00edses de quatro continentes. Com um volume de neg\u00f3cios superior aos 100 milh\u00f5es de euros e mais de 1.200 colaboradores, o Grupo Petrotec j\u00e1 instalou equipamentos em mais de 200.000 esta\u00e7\u00f5es de servi\u00e7o, sendo o parceiro industrial e tecnol\u00f3gico de algumas das maiores companhias do mundo, como a BP, Cepsa, Elf, EKO, Eni, Esso, Exxon, Galp, Mobil, Ola Energy, Prio, Repsol, Shell, Sonangol, Tamoil, Texaco e Total, e de retalhistas como o Carrefour, Continente, E.Leclerc, Intermach\u00e9, Jer\u00f3nimo Martins, Morrisons, Sainsbury\u2019s e Tesco.<\/p>\n\n\n\n<p><strong>Sobre a Hellonext<\/strong><\/p>\n\n\n\n<p>A Hellonext&nbsp;\u00e9 uma empresa do Grupo Petrotec fundada em 2018 para materializar a estrat\u00e9gia de transi\u00e7\u00e3o do grupo para o fornecimento de solu\u00e7\u00f5es inovadoras e sustent\u00e1veis, no contexto de um novo paradigma energ\u00e9tico, aplicando o seu conhecimento \u00fanico nas \u00e1reas do carregamento de ve\u00edculos el\u00e9tricos e do hidrog\u00e9nio verde.<\/p>\n","protected":false},"excerpt":{"rendered":"<p>O Grupo Petrotec anuncia a constru\u00e7\u00e3o de uma nova unidade de produ\u00e7\u00e3o, em P\u00f3voa de Lanhoso, dedicada ao fabrico de&#8230;<\/p>\n","protected":false},"author":7,"featured_media":12264,"comment_status":"closed","ping_status":"open","sticky":false,"template":"","format":"standard","meta":[],"categories":[33],"tags":[335],"yoast_head":"<!-- This site is optimized with the Yoast SEO plugin v20.12 - https:\/\/yoast.com\/wordpress\/plugins\/seo\/ -->\n<title>Grupo Petrotec anuncia a instala\u00e7\u00e3o em Portugal de uma f\u00e1brica de carregadores para ve\u00edculos el\u00e9tricos - Atelier do Caractere<\/title>\n<meta name=\"robots\" content=\"index, follow, max-snippet:-1, max-image-preview:large, max-video-preview:-1\" \/>\n<link rel=\"canonical\" href=\"https:\/\/www.atelierdocaractere.pt\/brevemente\/grupo-petrotec-anuncia-a-instalacao-em-portugal-de-uma-fabrica-de-carregadores-para-veiculos-eletricos\/\" \/>\n<meta property=\"og:locale\" content=\"pt_PT\" \/>\n<meta property=\"og:type\" content=\"article\" \/>\n<meta property=\"og:title\" content=\"Grupo Petrotec anuncia a instala\u00e7\u00e3o em Portugal de uma f\u00e1brica de carregadores para ve\u00edculos el\u00e9tricos - Atelier do Caractere\" \/>\n<meta property=\"og:description\" content=\"O Grupo Petrotec anuncia a constru\u00e7\u00e3o de uma nova unidade de produ\u00e7\u00e3o, em P\u00f3voa de Lanhoso, dedicada ao fabrico de...\" \/>\n<meta property=\"og:url\" content=\"https:\/\/www.atelierdocaractere.pt\/brevemente\/grupo-petrotec-anuncia-a-instalacao-em-portugal-de-uma-fabrica-de-carregadores-para-veiculos-eletricos\/\" \/>\n<meta property=\"og:site_name\" content=\"Atelier do Caractere\" \/>\n<meta property=\"article:publisher\" content=\"https:\/\/www.facebook.com\/AtelierdoCaractere\" \/>\n<meta property=\"article:published_time\" content=\"2024-01-31T11:39:38+00:00\" \/>\n<meta property=\"article:modified_time\" content=\"2024-02-05T11:43:31+00:00\" \/>\n<meta property=\"og:image\" content=\"https:\/\/www.atelierdocaractere.pt\/wp-content\/uploads\/2024\/02\/grupo-petrotec-fabrica-povoa-de-lanhoso.jpg\" \/>\n\t<meta property=\"og:image:width\" content=\"1920\" \/>\n\t<meta property=\"og:image:height\" content=\"1080\" \/>\n\t<meta property=\"og:image:type\" content=\"image\/jpeg\" \/>\n<meta name=\"author\" content=\"Joana Barbosa\" \/>\n<meta name=\"twitter:card\" content=\"summary_large_image\" \/>\n<meta name=\"twitter:label1\" content=\"Escrito por\" \/>\n\t<meta name=\"twitter:data1\" content=\"Joana Barbosa\" \/>\n\t<meta name=\"twitter:label2\" content=\"Tempo estimado de leitura\" \/>\n\t<meta name=\"twitter:data2\" content=\"5 minutos\" \/>\n<script type=\"application\/ld+json\" class=\"yoast-schema-graph\">{\"@context\":\"https:\/\/schema.org\",\"@graph\":[{\"@type\":\"WebPage\",\"@id\":\"https:\/\/www.atelierdocaractere.pt\/brevemente\/grupo-petrotec-anuncia-a-instalacao-em-portugal-de-uma-fabrica-de-carregadores-para-veiculos-eletricos\/\",\"url\":\"https:\/\/www.atelierdocaractere.pt\/brevemente\/grupo-petrotec-anuncia-a-instalacao-em-portugal-de-uma-fabrica-de-carregadores-para-veiculos-eletricos\/\",\"name\":\"Grupo Petrotec anuncia a instala\u00e7\u00e3o em Portugal de uma f\u00e1brica de carregadores para ve\u00edculos el\u00e9tricos - Atelier do Caractere\",\"isPartOf\":{\"@id\":\"https:\/\/www.atelierdocaractere.pt\/brevemente\/#website\"},\"datePublished\":\"2024-01-31T11:39:38+00:00\",\"dateModified\":\"2024-02-05T11:43:31+00:00\",\"author\":{\"@id\":\"https:\/\/www.atelierdocaractere.pt\/brevemente\/#\/schema\/person\/f2f096eb0f27d9894725af22cb97c0db\"},\"breadcrumb\":{\"@id\":\"https:\/\/www.atelierdocaractere.pt\/brevemente\/grupo-petrotec-anuncia-a-instalacao-em-portugal-de-uma-fabrica-de-carregadores-para-veiculos-eletricos\/#breadcrumb\"},\"inLanguage\":\"pt-PT\",\"potentialAction\":[{\"@type\":\"ReadAction\",\"target\":[\"https:\/\/www.atelierdocaractere.pt\/brevemente\/grupo-petrotec-anuncia-a-instalacao-em-portugal-de-uma-fabrica-de-carregadores-para-veiculos-eletricos\/\"]}]},{\"@type\":\"BreadcrumbList\",\"@id\":\"https:\/\/www.atelierdocaractere.pt\/brevemente\/grupo-petrotec-anuncia-a-instalacao-em-portugal-de-uma-fabrica-de-carregadores-para-veiculos-eletricos\/#breadcrumb\",\"itemListElement\":[{\"@type\":\"ListItem\",\"position\":1,\"name\":\"In\u00edcio\",\"item\":\"https:\/\/www.atelierdocaractere.pt\/brevemente\/\"},{\"@type\":\"ListItem\",\"position\":2,\"name\":\"Grupo Petrotec anuncia a instala\u00e7\u00e3o em Portugal de uma f\u00e1brica de carregadores para ve\u00edculos el\u00e9tricos\"}]},{\"@type\":\"WebSite\",\"@id\":\"https:\/\/www.atelierdocaractere.pt\/brevemente\/#website\",\"url\":\"https:\/\/www.atelierdocaractere.pt\/brevemente\/\",\"name\":\"Atelier do Caractere\",\"description\":\"\",\"potentialAction\":[{\"@type\":\"SearchAction\",\"target\":{\"@type\":\"EntryPoint\",\"urlTemplate\":\"https:\/\/www.atelierdocaractere.pt\/brevemente\/?s={search_term_string}\"},\"query-input\":\"required name=search_term_string\"}],\"inLanguage\":\"pt-PT\"},{\"@type\":\"Person\",\"@id\":\"https:\/\/www.atelierdocaractere.pt\/brevemente\/#\/schema\/person\/f2f096eb0f27d9894725af22cb97c0db\",\"name\":\"Joana Barbosa\",\"image\":{\"@type\":\"ImageObject\",\"inLanguage\":\"pt-PT\",\"@id\":\"https:\/\/www.atelierdocaractere.pt\/brevemente\/#\/schema\/person\/image\/\",\"url\":\"https:\/\/secure.gravatar.com\/avatar\/33e8214b45e9d68a3a83008731075979?s=96&d=mm&r=g\",\"contentUrl\":\"https:\/\/secure.gravatar.com\/avatar\/33e8214b45e9d68a3a83008731075979?s=96&d=mm&r=g\",\"caption\":\"Joana Barbosa\"},\"url\":\"https:\/\/www.atelierdocaractere.pt\/brevemente\/author\/joanabarbosa\/\"}]}<\/script>\n<!-- \/ Yoast SEO plugin. -->","yoast_head_json":{"title":"Grupo Petrotec anuncia a instala\u00e7\u00e3o em Portugal de uma f\u00e1brica de carregadores para ve\u00edculos el\u00e9tricos - Atelier do Caractere","robots":{"index":"index","follow":"follow","max-snippet":"max-snippet:-1","max-image-preview":"max-image-preview:large","max-video-preview":"max-video-preview:-1"},"canonical":"https:\/\/www.atelierdocaractere.pt\/brevemente\/grupo-petrotec-anuncia-a-instalacao-em-portugal-de-uma-fabrica-de-carregadores-para-veiculos-eletricos\/","og_locale":"pt_PT","og_type":"article","og_title":"Grupo Petrotec anuncia a instala\u00e7\u00e3o em Portugal de uma f\u00e1brica de carregadores para ve\u00edculos el\u00e9tricos - Atelier do Caractere","og_description":"O Grupo Petrotec anuncia a constru\u00e7\u00e3o de uma nova unidade de produ\u00e7\u00e3o, em P\u00f3voa de Lanhoso, dedicada ao fabrico de...","og_url":"https:\/\/www.atelierdocaractere.pt\/brevemente\/grupo-petrotec-anuncia-a-instalacao-em-portugal-de-uma-fabrica-de-carregadores-para-veiculos-eletricos\/","og_site_name":"Atelier do Caractere","article_publisher":"https:\/\/www.facebook.com\/AtelierdoCaractere","article_published_time":"2024-01-31T11:39:38+00:00","article_modified_time":"2024-02-05T11:43:31+00:00","og_image":[{"width":1920,"height":1080,"url":"https:\/\/www.atelierdocaractere.pt\/wp-content\/uploads\/2024\/02\/grupo-petrotec-fabrica-povoa-de-lanhoso.jpg","type":"image\/jpeg"}],"author":"Joana Barbosa","twitter_card":"summary_large_image","twitter_misc":{"Escrito por":"Joana Barbosa","Tempo estimado de leitura":"5 minutos"},"schema":{"@context":"https:\/\/schema.org","@graph":[{"@type":"WebPage","@id":"https:\/\/www.atelierdocaractere.pt\/brevemente\/grupo-petrotec-anuncia-a-instalacao-em-portugal-de-uma-fabrica-de-carregadores-para-veiculos-eletricos\/","url":"https:\/\/www.atelierdocaractere.pt\/brevemente\/grupo-petrotec-anuncia-a-instalacao-em-portugal-de-uma-fabrica-de-carregadores-para-veiculos-eletricos\/","name":"Grupo Petrotec anuncia a instala\u00e7\u00e3o em Portugal de uma f\u00e1brica de carregadores para ve\u00edculos el\u00e9tricos - Atelier do Caractere","isPartOf":{"@id":"https:\/\/www.atelierdocaractere.pt\/brevemente\/#website"},"datePublished":"2024-01-31T11:39:38+00:00","dateModified":"2024-02-05T11:43:31+00:00","author":{"@id":"https:\/\/www.atelierdocaractere.pt\/brevemente\/#\/schema\/person\/f2f096eb0f27d9894725af22cb97c0db"},"breadcrumb":{"@id":"https:\/\/www.atelierdocaractere.pt\/brevemente\/grupo-petrotec-anuncia-a-instalacao-em-portugal-de-uma-fabrica-de-carregadores-para-veiculos-eletricos\/#breadcrumb"},"inLanguage":"pt-PT","potentialAction":[{"@type":"ReadAction","target":["https:\/\/www.atelierdocaractere.pt\/brevemente\/grupo-petrotec-anuncia-a-instalacao-em-portugal-de-uma-fabrica-de-carregadores-para-veiculos-eletricos\/"]}]},{"@type":"BreadcrumbList","@id":"https:\/\/www.atelierdocaractere.pt\/brevemente\/grupo-petrotec-anuncia-a-instalacao-em-portugal-de-uma-fabrica-de-carregadores-para-veiculos-eletricos\/#breadcrumb","itemListElement":[{"@type":"ListItem","position":1,"name":"In\u00edcio","item":"https:\/\/www.atelierdocaractere.pt\/brevemente\/"},{"@type":"ListItem","position":2,"name":"Grupo Petrotec anuncia a instala\u00e7\u00e3o em Portugal de uma f\u00e1brica de carregadores para ve\u00edculos el\u00e9tricos"}]},{"@type":"WebSite","@id":"https:\/\/www.atelierdocaractere.pt\/brevemente\/#website","url":"https:\/\/www.atelierdocaractere.pt\/brevemente\/","name":"Atelier do Caractere","description":"","potentialAction":[{"@type":"SearchAction","target":{"@type":"EntryPoint","urlTemplate":"https:\/\/www.atelierdocaractere.pt\/brevemente\/?s={search_term_string}"},"query-input":"required name=search_term_string"}],"inLanguage":"pt-PT"},{"@type":"Person","@id":"https:\/\/www.atelierdocaractere.pt\/brevemente\/#\/schema\/person\/f2f096eb0f27d9894725af22cb97c0db","name":"Joana Barbosa","image":{"@type":"ImageObject","inLanguage":"pt-PT","@id":"https:\/\/www.atelierdocaractere.pt\/brevemente\/#\/schema\/person\/image\/","url":"https:\/\/secure.gravatar.com\/avatar\/33e8214b45e9d68a3a83008731075979?s=96&d=mm&r=g","contentUrl":"https:\/\/secure.gravatar.com\/avatar\/33e8214b45e9d68a3a83008731075979?s=96&d=mm&r=g","caption":"Joana Barbosa"},"url":"https:\/\/www.atelierdocaractere.pt\/brevemente\/author\/joanabarbosa\/"}]}},"_links":{"self":[{"href":"https:\/\/www.atelierdocaractere.pt\/brevemente\/wp-json\/wp\/v2\/posts\/12263"}],"collection":[{"href":"https:\/\/www.atelierdocaractere.pt\/brevemente\/wp-json\/wp\/v2\/posts"}],"about":[{"href":"https:\/\/www.atelierdocaractere.pt\/brevemente\/wp-json\/wp\/v2\/types\/post"}],"author":[{"embeddable":true,"href":"https:\/\/www.atelierdocaractere.pt\/brevemente\/wp-json\/wp\/v2\/users\/7"}],"replies":[{"embeddable":true,"href":"https:\/\/www.atelierdocaractere.pt\/brevemente\/wp-json\/wp\/v2\/comments?post=12263"}],"version-history":[{"count":1,"href":"https:\/\/www.atelierdocaractere.pt\/brevemente\/wp-json\/wp\/v2\/posts\/12263\/revisions"}],"predecessor-version":[{"id":12266,"href":"https:\/\/www.atelierdocaractere.pt\/brevemente\/wp-json\/wp\/v2\/posts\/12263\/revisions\/12266"}],"wp:featuredmedia":[{"embeddable":true,"href":"https:\/\/www.atelierdocaractere.pt\/brevemente\/wp-json\/wp\/v2\/media\/12264"}],"wp:attachment":[{"href":"https:\/\/www.atelierdocaractere.pt\/brevemente\/wp-json\/wp\/v2\/media?parent=12263"}],"wp:term":[{"taxonomy":"category","embeddable":true,"href":"https:\/\/www.atelierdocaractere.pt\/brevemente\/wp-json\/wp\/v2\/categories?post=12263"},{"taxonomy":"post_tag","embeddable":true,"href":"https:\/\/www.atelierdocaractere.pt\/brevemente\/wp-json\/wp\/v2\/tags?post=12263"}],"curies":[{"name":"wp","href":"https:\/\/api.w.org\/{rel}","templated":true}]}}