{"id":12292,"date":"2024-02-09T14:48:36","date_gmt":"2024-02-09T14:48:36","guid":{"rendered":"https:\/\/www.atelierdocaractere.pt\/brevemente\/?p=12292"},"modified":"2024-02-09T14:48:39","modified_gmt":"2024-02-09T14:48:39","slug":"glex-summit-2024-portugal-volta-a-ser-o-palco-da-maior-cimeira-de-exploradores-do-mundo","status":"publish","type":"post","link":"https:\/\/www.atelierdocaractere.pt\/brevemente\/glex-summit-2024-portugal-volta-a-ser-o-palco-da-maior-cimeira-de-exploradores-do-mundo\/","title":{"rendered":"GLEX Summit 2024: Portugal volta a ser o palco da maior cimeira de exploradores do mundo"},"content":{"rendered":"\n<p><strong>Entre os dias 15 e 19 de junho, a&nbsp;<\/strong><a href=\"https:\/\/www.glexsummit.com\/\"><strong>Global Exploration Summit (GLEX Summit)<\/strong><\/a><strong>&nbsp;volta a reunir a elite da explora\u00e7\u00e3o em Portugal e, desta vez, a cidade do Porto acolhe o programa do primeiro dia da cimeira que re\u00fane a elite mundial de exploradores e cientistas. Depois da estreia na Invicta, a GLEX Summit viaja, pelo segundo ano consecutivo, at\u00e9 \u00e0 ilha da Terceira, para mais dois dias de partilha de algumas das mais extraordin\u00e1rias hist\u00f3rias da explora\u00e7\u00e3o e ci\u00eancia associadas ao Espa\u00e7o, Oceanos e conserva\u00e7\u00e3o do Planeta.<\/strong><\/p>\n\n\n\n<figure class=\"wp-block-image size-large\"><img decoding=\"async\" width=\"1024\" height=\"681\" src=\"https:\/\/www.atelierdocaractere.pt\/wp-content\/uploads\/2024\/02\/imagem-whatsapp-2024-02-09-as-144452-22140261-1024x681.jpg\" alt=\"\" class=\"wp-image-12298\" srcset=\"https:\/\/www.atelierdocaractere.pt\/wp-content\/uploads\/2024\/02\/imagem-whatsapp-2024-02-09-as-144452-22140261-1024x681.jpg 1024w, https:\/\/www.atelierdocaractere.pt\/wp-content\/uploads\/2024\/02\/imagem-whatsapp-2024-02-09-as-144452-22140261-300x200.jpg 300w, https:\/\/www.atelierdocaractere.pt\/wp-content\/uploads\/2024\/02\/imagem-whatsapp-2024-02-09-as-144452-22140261-768x511.jpg 768w, https:\/\/www.atelierdocaractere.pt\/wp-content\/uploads\/2024\/02\/imagem-whatsapp-2024-02-09-as-144452-22140261-1536x1021.jpg 1536w, https:\/\/www.atelierdocaractere.pt\/wp-content\/uploads\/2024\/02\/imagem-whatsapp-2024-02-09-as-144452-22140261-900x600.jpg 900w, https:\/\/www.atelierdocaractere.pt\/wp-content\/uploads\/2024\/02\/imagem-whatsapp-2024-02-09-as-144452-22140261-675x450.jpg 675w, https:\/\/www.atelierdocaractere.pt\/wp-content\/uploads\/2024\/02\/imagem-whatsapp-2024-02-09-as-144452-22140261.jpg 1600w\" sizes=\"(max-width: 1024px) 100vw, 1024px\" \/><\/figure>\n\n\n\n<p>Organizada pela&nbsp;<a href=\"https:\/\/www.expanding.pt\/\"><strong>Expanding World<\/strong><\/a>, com a chancela e curadoria do&nbsp;<a href=\"https:\/\/www.explorers.org\/\"><strong>The Explorers Club<\/strong><\/a>, a&nbsp;<a href=\"https:\/\/www.glexsummit.com\/\"><strong>GLEX Summit<\/strong><\/a>&nbsp;estreia-se na cidade do Porto, a 15 de junho, com a&nbsp;<strong>GLEX Ignition Session<\/strong>. O dia inaugural da quinta edi\u00e7\u00e3o da cimeira vai ser totalmente dedicado \u00e0 evolu\u00e7\u00e3o da explora\u00e7\u00e3o espacial. Nos dias 18 e 19 de junho, com sess\u00f5es abertas ao p\u00fablico, a GLEX Summit regressa aos A\u00e7ores com um programa inspirador onde v\u00e3o ser partilhadas as mais recentes descobertas, as tecnologias mais inovadoras e as novas miss\u00f5es que est\u00e3o a revolucionar o futuro do planeta.<\/p>\n\n\n\n<p>Sob o mote \u201cWhat\u2019s Next?\u201d, um dos destaques da edi\u00e7\u00e3o deste ano vai ser dedicado \u00e0 revolu\u00e7\u00e3o da pr\u00f3xima d\u00e9cada de explora\u00e7\u00e3o lunar, com destaque para a&nbsp;<strong>miss\u00e3o Artemis<\/strong>, que vai levar uma tripula\u00e7\u00e3o de astronautas a pisar a Lua, pela primeira vez, desde 1972, incluindo a primeira mulher.<\/p>\n\n\n\n<p>Esta miss\u00e3o da NASA representa um ponto de viragem na consolida\u00e7\u00e3o da explora\u00e7\u00e3o espacial, j\u00e1 que para al\u00e9m de pretender abrir portas para futuras miss\u00f5es, tem como grande objetivo estabelecer uma presen\u00e7a humana sustent\u00e1vel e duradoura na Lua.<\/p>\n\n\n\n<figure class=\"wp-block-image size-large\"><img decoding=\"async\" width=\"1024\" height=\"635\" src=\"https:\/\/www.atelierdocaractere.pt\/wp-content\/uploads\/2024\/02\/imagem-whatsapp-2024-02-09-as-144451-644242a7-1024x635.jpg\" alt=\"\" class=\"wp-image-12299\" srcset=\"https:\/\/www.atelierdocaractere.pt\/wp-content\/uploads\/2024\/02\/imagem-whatsapp-2024-02-09-as-144451-644242a7-1024x635.jpg 1024w, https:\/\/www.atelierdocaractere.pt\/wp-content\/uploads\/2024\/02\/imagem-whatsapp-2024-02-09-as-144451-644242a7-300x186.jpg 300w, https:\/\/www.atelierdocaractere.pt\/wp-content\/uploads\/2024\/02\/imagem-whatsapp-2024-02-09-as-144451-644242a7-768x476.jpg 768w, https:\/\/www.atelierdocaractere.pt\/wp-content\/uploads\/2024\/02\/imagem-whatsapp-2024-02-09-as-144451-644242a7-1536x953.jpg 1536w, https:\/\/www.atelierdocaractere.pt\/wp-content\/uploads\/2024\/02\/imagem-whatsapp-2024-02-09-as-144451-644242a7.jpg 1599w\" sizes=\"(max-width: 1024px) 100vw, 1024px\" \/><\/figure>\n\n\n\n<p>A Alf\u00e2ndega do Porto e o Centro Cultural e de Congressos de Angra do Hero\u00edsmo v\u00e3o ser o palco onde a linha da frente dos exploradores e cientistas v\u00e3o apresentar e partilhar as descobertas mais recentes, as mais recentes tecnologias e as futuras miss\u00f5es que est\u00e3o a revolucionar o futuro do&nbsp;<a>Espa\u00e7o, dos Oceanos e do Planeta<\/a>.<\/p>\n\n\n\n<p>E como as altera\u00e7\u00f5es clim\u00e1ticas tamb\u00e9m ditam o futuro, este vai ser outro tema em grande destaque na&nbsp;<a href=\"https:\/\/www.glexsummit.com\/\"><strong>GLEX Summit<\/strong><\/a>, onde vai ser abordado o papel do Espa\u00e7o e dos Oceanos para a recolha de dados que permitam investigar e mitigar os efeitos dessas altera\u00e7\u00f5es.<\/p>\n\n\n\n<p>Manuel Vaz, respons\u00e1vel da&nbsp;<a href=\"https:\/\/www.expanding.pt\/\"><strong>Expanding World<\/strong><\/a>&nbsp;afirma:&nbsp;<em>\u201cQue orgulho e que privil\u00e9gio! Mais um ano em que conseguimos trazer para Portugal o maior encontro de exploradores do nosso planeta. A cidade do Porto acolhe o primeiro dia da cimeira \u2013 uma estreia! \u2013 e depois voltamos a viajar at\u00e9 aos A\u00e7ores e \u00e0 ilha da Terceira. O GLEX Summit 2023 foi uma experi\u00eancia inspiradora e enriquecedora que nos trouxe a linha da frente de exploradores em todas as \u00e1reas, desde o Alasca at\u00e9 a floresta Amaz\u00f3nica, incluindo os oceanos e os confins do espa\u00e7o. Para al\u00e9m dos oceanos e da conserva\u00e7\u00e3o da natureza, um dos t\u00f3picos em foco desta edi\u00e7\u00e3o \u00e9 a pr\u00f3xima d\u00e9cada na lua com a miss\u00e3o Artemis que levar\u00e1 os primeiros europeus \u00e0 Lua\u201d.<\/em><\/p>\n\n\n\n<figure class=\"wp-block-image size-large\"><img decoding=\"async\" width=\"1024\" height=\"681\" src=\"https:\/\/www.atelierdocaractere.pt\/wp-content\/uploads\/2024\/02\/imagem-whatsapp-2024-02-09-as-144451-34075740-1024x681.jpg\" alt=\"\" class=\"wp-image-12296\" srcset=\"https:\/\/www.atelierdocaractere.pt\/wp-content\/uploads\/2024\/02\/imagem-whatsapp-2024-02-09-as-144451-34075740-1024x681.jpg 1024w, https:\/\/www.atelierdocaractere.pt\/wp-content\/uploads\/2024\/02\/imagem-whatsapp-2024-02-09-as-144451-34075740-300x200.jpg 300w, https:\/\/www.atelierdocaractere.pt\/wp-content\/uploads\/2024\/02\/imagem-whatsapp-2024-02-09-as-144451-34075740-768x511.jpg 768w, https:\/\/www.atelierdocaractere.pt\/wp-content\/uploads\/2024\/02\/imagem-whatsapp-2024-02-09-as-144451-34075740-1536x1022.jpg 1536w, https:\/\/www.atelierdocaractere.pt\/wp-content\/uploads\/2024\/02\/imagem-whatsapp-2024-02-09-as-144451-34075740-900x600.jpg 900w, https:\/\/www.atelierdocaractere.pt\/wp-content\/uploads\/2024\/02\/imagem-whatsapp-2024-02-09-as-144451-34075740-675x450.jpg 675w, https:\/\/www.atelierdocaractere.pt\/wp-content\/uploads\/2024\/02\/imagem-whatsapp-2024-02-09-as-144451-34075740.jpg 1599w\" sizes=\"(max-width: 1024px) 100vw, 1024px\" \/><\/figure>\n\n\n\n<p>Desde 2019 que a&nbsp;<a href=\"https:\/\/www.glexsummit.com\/\">GLEX Summit<\/a>&nbsp;celebra o esp\u00edrito de descoberta e curiosidade incessante, re\u00fane as mais brilhantes mentes exploradoras e cient\u00edficas, e d\u00e1 palco \u00e0s hist\u00f3rias mais aut\u00eanticas e exclusivas. Junte-se a n\u00f3s nesta viagem inspiradora, a 15 de junho, no Porto, e nos dias 18 e 19 de junho, na ilha Terceira, nos A\u00e7ores.<\/p>\n\n\n\n<p>A GLEX Summit 2024 conta com o apoio da&nbsp;<strong>C\u00e2mara do Com\u00e9rcio de Angra do Hero\u00edsmo<\/strong>&nbsp;e do&nbsp;<strong>Turismo Porto Norte Portugal<\/strong>.<\/p>\n\n\n\n<p>A edi\u00e7\u00e3o de 2023 pode ser recordada neste v\u00eddeo:&nbsp;<a href=\"https:\/\/www.youtube.com\/watch?v=yWQye46yFms\">https:\/\/www.youtube.com\/watch?v=yWQye46yFms<\/a><\/p>\n\n\n<div class=\"wp-block-image\">\n<figure class=\"aligncenter size-large\"><img decoding=\"async\" width=\"763\" height=\"1024\" src=\"https:\/\/www.atelierdocaractere.pt\/wp-content\/uploads\/2024\/02\/imagem-whatsapp-2024-02-09-as-144452-0a86ce7d-763x1024.jpg\" alt=\"\" class=\"wp-image-12295\" srcset=\"https:\/\/www.atelierdocaractere.pt\/wp-content\/uploads\/2024\/02\/imagem-whatsapp-2024-02-09-as-144452-0a86ce7d-763x1024.jpg 763w, https:\/\/www.atelierdocaractere.pt\/wp-content\/uploads\/2024\/02\/imagem-whatsapp-2024-02-09-as-144452-0a86ce7d-224x300.jpg 224w, https:\/\/www.atelierdocaractere.pt\/wp-content\/uploads\/2024\/02\/imagem-whatsapp-2024-02-09-as-144452-0a86ce7d-768x1030.jpg 768w, https:\/\/www.atelierdocaractere.pt\/wp-content\/uploads\/2024\/02\/imagem-whatsapp-2024-02-09-as-144452-0a86ce7d-1145x1536.jpg 1145w, https:\/\/www.atelierdocaractere.pt\/wp-content\/uploads\/2024\/02\/imagem-whatsapp-2024-02-09-as-144452-0a86ce7d.jpg 1186w\" sizes=\"(max-width: 763px) 100vw, 763px\" \/><\/figure><\/div>\n\n\n<p><strong>Acompanhe a comunica\u00e7\u00e3o da GLEX Summit:<\/strong><\/p>\n\n\n\n<p>Website:&nbsp;<a href=\"http:\/\/www.glexsummit.com\/\">glexsummit.com<\/a>&nbsp;Facebook:&nbsp;<a href=\"https:\/\/www.facebook.com\/glexsummitportugal\">facebook.com\/glexsummitportugal<\/a><\/p>\n\n\n\n<p>Instagram: @<a href=\"https:\/\/www.instagram.com\/glexsummit_portugal\/\">glexsummit_portugal<\/a><\/p>\n\n\n\n<p>YouTube: @<a href=\"https:\/\/www.youtube.com\/@GLEXSummit\">GLEXSummit<\/a><\/p>\n\n\n\n<p>LinkedIn:&nbsp;<a href=\"https:\/\/www.linkedin.com\/company\/glex-summit\/\">company\/glex-summit\/<\/a><\/p>\n\n\n\n<p><\/p>\n\n\n\n<p><strong>Sobre a GLEX Summit:<\/strong><\/p>\n\n\n\n<p>A Global Exploration Summit (GLEX Summit) foi criada no \u00e2mbito da celebra\u00e7\u00e3o do quinto centen\u00e1rio da primeira circum-navega\u00e7\u00e3o do mundo, comandada por Fern\u00e3o de Magalh\u00e3es. Em 2019, na edi\u00e7\u00e3o de estreia, a organiza\u00e7\u00e3o e o painel de oradores assinaram a Declara\u00e7\u00e3o de Lisboa, firmando o compromisso com a explora\u00e7\u00e3o fundamentada na procura de conhecimento cient\u00edfico para o progresso da humanidade e de toda a vida na Terra e no Universo.<\/p>\n\n\n\n<p>Em apenas quatro edi\u00e7\u00f5es, a GLEX Summit tornou-se a maior cimeira de exploradores \u00e0 escala global, ao conseguir reunir um not\u00e1vel leque de oradores nas \u00e1reas da conserva\u00e7\u00e3o da natureza, oceanos, Terra e Espa\u00e7o, de que s\u00e3o exemplo lendas vivas da explora\u00e7\u00e3o e investiga\u00e7\u00e3o como James Garvin, Brian Cox, Beverly e Dereck Joubert, Fabien Cousteau, Sian Proctor, Sylvia Earle, entre muitos outros. As dezenas de palestras conduziram os espectadores a uma viagem por descobertas vanguardistas, tendo sido apresentadas importantes miss\u00f5es cient\u00edficas e tecnologias de ponta que t\u00eam impulsionado a Humanidade para novas fronteiras do conhecimento.<\/p>\n\n\n\n<p>Por outro lado, a cimeira tem posicionado Portugal enquanto destino de boas pr\u00e1ticas na conserva\u00e7\u00e3o dos oceanos, na produ\u00e7\u00e3o e partilha cient\u00edfica, assim como destino refer\u00eancia de inclus\u00e3o e diversidade.<\/p>\n\n\n\n<p><strong>Certifica\u00e7\u00e3o sustent\u00e1vel<\/strong><br>A GLEX \u00e9 um evento eco-respons\u00e1vel, com a certifica\u00e7\u00e3o da gest\u00e3o sustent\u00e1vel de eventos pela norma ISO 20121. Esta certifica\u00e7\u00e3o foi atribu\u00edda \u00e0 Expanding World pelo esfor\u00e7o empreendido em conjunto com o The Explorers Club de implementa\u00e7\u00e3o de um sistema de gest\u00e3o sustent\u00e1vel da cimeira.<\/p>\n\n\n\n<p><strong>GLEX Summit no Discovery+<\/strong><br>Algumas das palestras da GLEX chegam ao Discovery+, a plataforma de\u00a0<em>streaming\u00a0<\/em>da Warner Bros. Discovery, com mais de 25 milh\u00f5es de subscritores nos EUA. Os epis\u00f3dios da terceira temporada da s\u00e9rie destacam algumas das miss\u00f5es cient\u00edficas e descobertas apresentadas na GLEX Summit, como os vulc\u00f5es ativos no universo, a primeira Esta\u00e7\u00e3o Espacial Comercial e os desafios e avan\u00e7os da medicina espacial.<\/p>\n","protected":false},"excerpt":{"rendered":"<p>Entre os dias 15 e 19 de junho, a&nbsp;Global Exploration Summit (GLEX Summit)&nbsp;volta a reunir a elite da explora\u00e7\u00e3o em&#8230;<\/p>\n","protected":false},"author":7,"featured_media":12297,"comment_status":"closed","ping_status":"open","sticky":false,"template":"","format":"standard","meta":[],"categories":[451],"tags":[470,446],"yoast_head":"<!-- This site is optimized with the Yoast SEO plugin v20.12 - https:\/\/yoast.com\/wordpress\/plugins\/seo\/ -->\n<title>GLEX Summit 2024: Portugal volta a ser o palco da maior cimeira de exploradores do mundo - Atelier do Caractere<\/title>\n<meta name=\"robots\" content=\"index, follow, max-snippet:-1, max-image-preview:large, max-video-preview:-1\" \/>\n<link rel=\"canonical\" href=\"https:\/\/www.atelierdocaractere.pt\/brevemente\/glex-summit-2024-portugal-volta-a-ser-o-palco-da-maior-cimeira-de-exploradores-do-mundo\/\" \/>\n<meta property=\"og:locale\" content=\"pt_PT\" \/>\n<meta property=\"og:type\" content=\"article\" \/>\n<meta property=\"og:title\" content=\"GLEX Summit 2024: Portugal volta a ser o palco da maior cimeira de exploradores do mundo - Atelier do Caractere\" \/>\n<meta property=\"og:description\" content=\"Entre os dias 15 e 19 de junho, a&nbsp;Global Exploration Summit (GLEX Summit)&nbsp;volta a reunir a elite da explora\u00e7\u00e3o em...\" \/>\n<meta property=\"og:url\" content=\"https:\/\/www.atelierdocaractere.pt\/brevemente\/glex-summit-2024-portugal-volta-a-ser-o-palco-da-maior-cimeira-de-exploradores-do-mundo\/\" \/>\n<meta property=\"og:site_name\" content=\"Atelier do Caractere\" \/>\n<meta property=\"article:publisher\" content=\"https:\/\/www.facebook.com\/AtelierdoCaractere\" \/>\n<meta property=\"article:published_time\" content=\"2024-02-09T14:48:36+00:00\" \/>\n<meta property=\"article:modified_time\" content=\"2024-02-09T14:48:39+00:00\" \/>\n<meta property=\"og:image\" content=\"https:\/\/www.atelierdocaractere.pt\/wp-content\/uploads\/2024\/02\/imagem-whatsapp-2024-02-09-as-144451-d1e522df.jpg\" \/>\n\t<meta property=\"og:image:width\" content=\"1600\" \/>\n\t<meta property=\"og:image:height\" content=\"1064\" \/>\n\t<meta property=\"og:image:type\" content=\"image\/jpeg\" \/>\n<meta name=\"author\" content=\"Joana Barbosa\" \/>\n<meta name=\"twitter:card\" content=\"summary_large_image\" \/>\n<meta name=\"twitter:label1\" content=\"Escrito por\" \/>\n\t<meta name=\"twitter:data1\" content=\"Joana Barbosa\" \/>\n\t<meta name=\"twitter:label2\" content=\"Tempo estimado de leitura\" \/>\n\t<meta name=\"twitter:data2\" content=\"6 minutos\" \/>\n<script type=\"application\/ld+json\" class=\"yoast-schema-graph\">{\"@context\":\"https:\/\/schema.org\",\"@graph\":[{\"@type\":\"WebPage\",\"@id\":\"https:\/\/www.atelierdocaractere.pt\/brevemente\/glex-summit-2024-portugal-volta-a-ser-o-palco-da-maior-cimeira-de-exploradores-do-mundo\/\",\"url\":\"https:\/\/www.atelierdocaractere.pt\/brevemente\/glex-summit-2024-portugal-volta-a-ser-o-palco-da-maior-cimeira-de-exploradores-do-mundo\/\",\"name\":\"GLEX Summit 2024: Portugal volta a ser o palco da maior cimeira de exploradores do mundo - Atelier do Caractere\",\"isPartOf\":{\"@id\":\"https:\/\/www.atelierdocaractere.pt\/brevemente\/#website\"},\"datePublished\":\"2024-02-09T14:48:36+00:00\",\"dateModified\":\"2024-02-09T14:48:39+00:00\",\"author\":{\"@id\":\"https:\/\/www.atelierdocaractere.pt\/brevemente\/#\/schema\/person\/f2f096eb0f27d9894725af22cb97c0db\"},\"breadcrumb\":{\"@id\":\"https:\/\/www.atelierdocaractere.pt\/brevemente\/glex-summit-2024-portugal-volta-a-ser-o-palco-da-maior-cimeira-de-exploradores-do-mundo\/#breadcrumb\"},\"inLanguage\":\"pt-PT\",\"potentialAction\":[{\"@type\":\"ReadAction\",\"target\":[\"https:\/\/www.atelierdocaractere.pt\/brevemente\/glex-summit-2024-portugal-volta-a-ser-o-palco-da-maior-cimeira-de-exploradores-do-mundo\/\"]}]},{\"@type\":\"BreadcrumbList\",\"@id\":\"https:\/\/www.atelierdocaractere.pt\/brevemente\/glex-summit-2024-portugal-volta-a-ser-o-palco-da-maior-cimeira-de-exploradores-do-mundo\/#breadcrumb\",\"itemListElement\":[{\"@type\":\"ListItem\",\"position\":1,\"name\":\"In\u00edcio\",\"item\":\"https:\/\/www.atelierdocaractere.pt\/brevemente\/\"},{\"@type\":\"ListItem\",\"position\":2,\"name\":\"GLEX Summit 2024: Portugal volta a ser o palco da maior cimeira de exploradores do mundo\"}]},{\"@type\":\"WebSite\",\"@id\":\"https:\/\/www.atelierdocaractere.pt\/brevemente\/#website\",\"url\":\"https:\/\/www.atelierdocaractere.pt\/brevemente\/\",\"name\":\"Atelier do Caractere\",\"description\":\"\",\"potentialAction\":[{\"@type\":\"SearchAction\",\"target\":{\"@type\":\"EntryPoint\",\"urlTemplate\":\"https:\/\/www.atelierdocaractere.pt\/brevemente\/?s={search_term_string}\"},\"query-input\":\"required name=search_term_string\"}],\"inLanguage\":\"pt-PT\"},{\"@type\":\"Person\",\"@id\":\"https:\/\/www.atelierdocaractere.pt\/brevemente\/#\/schema\/person\/f2f096eb0f27d9894725af22cb97c0db\",\"name\":\"Joana Barbosa\",\"image\":{\"@type\":\"ImageObject\",\"inLanguage\":\"pt-PT\",\"@id\":\"https:\/\/www.atelierdocaractere.pt\/brevemente\/#\/schema\/person\/image\/\",\"url\":\"https:\/\/secure.gravatar.com\/avatar\/33e8214b45e9d68a3a83008731075979?s=96&d=mm&r=g\",\"contentUrl\":\"https:\/\/secure.gravatar.com\/avatar\/33e8214b45e9d68a3a83008731075979?s=96&d=mm&r=g\",\"caption\":\"Joana Barbosa\"},\"url\":\"https:\/\/www.atelierdocaractere.pt\/brevemente\/author\/joanabarbosa\/\"}]}<\/script>\n<!-- \/ Yoast SEO plugin. -->","yoast_head_json":{"title":"GLEX Summit 2024: Portugal volta a ser o palco da maior cimeira de exploradores do mundo - Atelier do Caractere","robots":{"index":"index","follow":"follow","max-snippet":"max-snippet:-1","max-image-preview":"max-image-preview:large","max-video-preview":"max-video-preview:-1"},"canonical":"https:\/\/www.atelierdocaractere.pt\/brevemente\/glex-summit-2024-portugal-volta-a-ser-o-palco-da-maior-cimeira-de-exploradores-do-mundo\/","og_locale":"pt_PT","og_type":"article","og_title":"GLEX Summit 2024: Portugal volta a ser o palco da maior cimeira de exploradores do mundo - Atelier do Caractere","og_description":"Entre os dias 15 e 19 de junho, a&nbsp;Global Exploration Summit (GLEX Summit)&nbsp;volta a reunir a elite da explora\u00e7\u00e3o em...","og_url":"https:\/\/www.atelierdocaractere.pt\/brevemente\/glex-summit-2024-portugal-volta-a-ser-o-palco-da-maior-cimeira-de-exploradores-do-mundo\/","og_site_name":"Atelier do Caractere","article_publisher":"https:\/\/www.facebook.com\/AtelierdoCaractere","article_published_time":"2024-02-09T14:48:36+00:00","article_modified_time":"2024-02-09T14:48:39+00:00","og_image":[{"width":1600,"height":1064,"url":"https:\/\/www.atelierdocaractere.pt\/wp-content\/uploads\/2024\/02\/imagem-whatsapp-2024-02-09-as-144451-d1e522df.jpg","type":"image\/jpeg"}],"author":"Joana Barbosa","twitter_card":"summary_large_image","twitter_misc":{"Escrito por":"Joana Barbosa","Tempo estimado de leitura":"6 minutos"},"schema":{"@context":"https:\/\/schema.org","@graph":[{"@type":"WebPage","@id":"https:\/\/www.atelierdocaractere.pt\/brevemente\/glex-summit-2024-portugal-volta-a-ser-o-palco-da-maior-cimeira-de-exploradores-do-mundo\/","url":"https:\/\/www.atelierdocaractere.pt\/brevemente\/glex-summit-2024-portugal-volta-a-ser-o-palco-da-maior-cimeira-de-exploradores-do-mundo\/","name":"GLEX Summit 2024: Portugal volta a ser o palco da maior cimeira de exploradores do mundo - Atelier do Caractere","isPartOf":{"@id":"https:\/\/www.atelierdocaractere.pt\/brevemente\/#website"},"datePublished":"2024-02-09T14:48:36+00:00","dateModified":"2024-02-09T14:48:39+00:00","author":{"@id":"https:\/\/www.atelierdocaractere.pt\/brevemente\/#\/schema\/person\/f2f096eb0f27d9894725af22cb97c0db"},"breadcrumb":{"@id":"https:\/\/www.atelierdocaractere.pt\/brevemente\/glex-summit-2024-portugal-volta-a-ser-o-palco-da-maior-cimeira-de-exploradores-do-mundo\/#breadcrumb"},"inLanguage":"pt-PT","potentialAction":[{"@type":"ReadAction","target":["https:\/\/www.atelierdocaractere.pt\/brevemente\/glex-summit-2024-portugal-volta-a-ser-o-palco-da-maior-cimeira-de-exploradores-do-mundo\/"]}]},{"@type":"BreadcrumbList","@id":"https:\/\/www.atelierdocaractere.pt\/brevemente\/glex-summit-2024-portugal-volta-a-ser-o-palco-da-maior-cimeira-de-exploradores-do-mundo\/#breadcrumb","itemListElement":[{"@type":"ListItem","position":1,"name":"In\u00edcio","item":"https:\/\/www.atelierdocaractere.pt\/brevemente\/"},{"@type":"ListItem","position":2,"name":"GLEX Summit 2024: Portugal volta a ser o palco da maior cimeira de exploradores do mundo"}]},{"@type":"WebSite","@id":"https:\/\/www.atelierdocaractere.pt\/brevemente\/#website","url":"https:\/\/www.atelierdocaractere.pt\/brevemente\/","name":"Atelier do Caractere","description":"","potentialAction":[{"@type":"SearchAction","target":{"@type":"EntryPoint","urlTemplate":"https:\/\/www.atelierdocaractere.pt\/brevemente\/?s={search_term_string}"},"query-input":"required name=search_term_string"}],"inLanguage":"pt-PT"},{"@type":"Person","@id":"https:\/\/www.atelierdocaractere.pt\/brevemente\/#\/schema\/person\/f2f096eb0f27d9894725af22cb97c0db","name":"Joana Barbosa","image":{"@type":"ImageObject","inLanguage":"pt-PT","@id":"https:\/\/www.atelierdocaractere.pt\/brevemente\/#\/schema\/person\/image\/","url":"https:\/\/secure.gravatar.com\/avatar\/33e8214b45e9d68a3a83008731075979?s=96&d=mm&r=g","contentUrl":"https:\/\/secure.gravatar.com\/avatar\/33e8214b45e9d68a3a83008731075979?s=96&d=mm&r=g","caption":"Joana Barbosa"},"url":"https:\/\/www.atelierdocaractere.pt\/brevemente\/author\/joanabarbosa\/"}]}},"_links":{"self":[{"href":"https:\/\/www.atelierdocaractere.pt\/brevemente\/wp-json\/wp\/v2\/posts\/12292"}],"collection":[{"href":"https:\/\/www.atelierdocaractere.pt\/brevemente\/wp-json\/wp\/v2\/posts"}],"about":[{"href":"https:\/\/www.atelierdocaractere.pt\/brevemente\/wp-json\/wp\/v2\/types\/post"}],"author":[{"embeddable":true,"href":"https:\/\/www.atelierdocaractere.pt\/brevemente\/wp-json\/wp\/v2\/users\/7"}],"replies":[{"embeddable":true,"href":"https:\/\/www.atelierdocaractere.pt\/brevemente\/wp-json\/wp\/v2\/comments?post=12292"}],"version-history":[{"count":1,"href":"https:\/\/www.atelierdocaractere.pt\/brevemente\/wp-json\/wp\/v2\/posts\/12292\/revisions"}],"predecessor-version":[{"id":12300,"href":"https:\/\/www.atelierdocaractere.pt\/brevemente\/wp-json\/wp\/v2\/posts\/12292\/revisions\/12300"}],"wp:featuredmedia":[{"embeddable":true,"href":"https:\/\/www.atelierdocaractere.pt\/brevemente\/wp-json\/wp\/v2\/media\/12297"}],"wp:attachment":[{"href":"https:\/\/www.atelierdocaractere.pt\/brevemente\/wp-json\/wp\/v2\/media?parent=12292"}],"wp:term":[{"taxonomy":"category","embeddable":true,"href":"https:\/\/www.atelierdocaractere.pt\/brevemente\/wp-json\/wp\/v2\/categories?post=12292"},{"taxonomy":"post_tag","embeddable":true,"href":"https:\/\/www.atelierdocaractere.pt\/brevemente\/wp-json\/wp\/v2\/tags?post=12292"}],"curies":[{"name":"wp","href":"https:\/\/api.w.org\/{rel}","templated":true}]}}