{"id":12312,"date":"2024-02-14T16:02:32","date_gmt":"2024-02-14T16:02:32","guid":{"rendered":"https:\/\/www.atelierdocaractere.pt\/brevemente\/?p=12312"},"modified":"2024-02-14T16:02:36","modified_gmt":"2024-02-14T16:02:36","slug":"europe-direct-viseu-dao-lafoes-anuncia-iniciativas-em-ano-decisivo-para-a-construcao-europeia","status":"publish","type":"post","link":"https:\/\/www.atelierdocaractere.pt\/brevemente\/europe-direct-viseu-dao-lafoes-anuncia-iniciativas-em-ano-decisivo-para-a-construcao-europeia\/","title":{"rendered":"Europe Direct Viseu D\u00e3o Laf\u00f5es anuncia iniciativas em ano decisivo para a constru\u00e7\u00e3o europeia"},"content":{"rendered":"\n<p><strong>Comiss\u00e3o Europeia aprovou plano de atividades do EUROPE DIRECT Viseu D\u00e3o Laf\u00f5es para 2024.<\/strong><\/p>\n\n\n\n<p>O&nbsp;<strong>EUROPE DIRECT Viseu D\u00e3o Laf\u00f5es<\/strong>&nbsp;est\u00e1 preparado para que 2024 seja um ano de iniciativas marcantes, depois de o seu plano de atividades ter sido aprovado pela Comiss\u00e3o Europeia. O documento prop\u00f5e n\u00e3o apenas fortalecer os la\u00e7os entre a regi\u00e3o e a Uni\u00e3o Europeia, mas tamb\u00e9m envolver ativamente os cidad\u00e3os locais em quest\u00f5es cruciais que moldar\u00e3o o futuro da Europa.<\/p>\n\n\n\n<p>As atividades previstas mant\u00eam e intensificam as din\u00e2micas de trabalho em rede dos anos anteriores e t\u00eam como base as prioridades estrat\u00e9gicas da Uni\u00e3o Europeia. A agenda do EUROPE DIRECT Viseu D\u00e3o Laf\u00f5es para 2024 abrange temas t\u00e3o atuais como as Elei\u00e7\u00f5es Europeias, que v\u00e3o ter lugar em in\u00edcio de junho, ou o Pacto Ecol\u00f3gico Europeu, que visa colocar a Uni\u00e3o Europeia na linha da frente da transi\u00e7\u00e3o ecol\u00f3gica e alcan\u00e7ar a neutralidade clim\u00e1tica at\u00e9 2050.<\/p>\n\n\n\n<p>O plano de atividades pretende fazer chegar as iniciativas ao maior n\u00famero poss\u00edvel de pessoas de Viseu D\u00e3o Laf\u00f5es e da Regi\u00e3o de Aveiro. Para tal, aposta de forma espec\u00edfica na comunica\u00e7\u00e3o, tanto&nbsp;<em>online<\/em>&nbsp;como&nbsp;<em>offline<\/em>, na realiza\u00e7\u00e3o de exposi\u00e7\u00f5es e em&nbsp;<em>workshops<\/em>&nbsp;e sess\u00f5es de rua, bem como na dinamiza\u00e7\u00e3o de a\u00e7\u00f5es destinadas \u00e0 comunidade escolar.<br><br><strong>Principais atividades previstas<\/strong><\/p>\n\n\n\n<p>Em concreto, est\u00e3o previstas as seguintes iniciativas durante o ano de 2024:<\/p>\n\n\n\n<p><strong>\u201cEU Beach Clean Up\u201d<\/strong>: Limpeza de praia fluvial na regi\u00e3o de Viseu D\u00e3o Laf\u00f5es, com volunt\u00e1rios e com&nbsp;a equipa de sapadores florestais da&nbsp;CIM Viseu D\u00e3o Laf\u00f5es.&nbsp;O objetivo \u00e9 sensibilizar os cidad\u00e3os para a prote\u00e7\u00e3o dos oceanos e do ambiente.<\/p>\n\n\n\n<p><strong>\u201cDia da Europa &#8211; Olimp\u00edadas da UE\u201d<\/strong>: no dia 9 de maio, o&nbsp;Europe Direct realizar\u00e1 as&nbsp;Olimp\u00edadas da UE, com alunos do 3.\u00ba ciclo de diversas escolas da regi\u00e3o. Desta forma, os jovens contactam com a import\u00e2ncia de uma participa\u00e7\u00e3o ativa na constru\u00e7\u00e3o do projeto europeu.<\/p>\n\n\n\n<p><strong>\u201c3.\u00aa Edi\u00e7\u00e3o do Bootcamp Grow EU\u201d<\/strong>: a 3.\u00aa edi\u00e7\u00e3o desta iniciativa junta jovens de Viseu D\u00e3o Laf\u00f5es e de Aveiro e ser\u00e1 centrada na tem\u00e1tica das elei\u00e7\u00f5es europeias.&nbsp;Ser\u00e3o realizadas atividades e apresenta\u00e7\u00f5es, que envolver\u00e3o os jovens nos assuntos europeus. A atividade ser\u00e1 realizada em parceria com o&nbsp;Instituto Polit\u00e9cnico de Viseu, a&nbsp;Universidade de Aveiro&nbsp;e os&nbsp;<em>alumni<\/em>&nbsp;do Summer CEmp.<\/p>\n\n\n\n<p><strong>\u201cDebate &#8211; Elei\u00e7\u00f5es Europeias 2024\u201d<\/strong>: debate com a presen\u00e7a dos&nbsp;membros da BELC- Rede de Eleitos Locais.&nbsp;Ser\u00e1 moderado por um jornalista de um meio de comunica\u00e7\u00e3o local e visa levar a tem\u00e1tica das elei\u00e7\u00f5es e da import\u00e2ncia da participa\u00e7\u00e3o democr\u00e1tica ao maior n\u00famero poss\u00edvel de cidad\u00e3os.<\/p>\n\n\n\n<p><strong>\u201c3.\u00aa edi\u00e7\u00e3o do Programa UEscolas\u201d<\/strong>: O&nbsp;Programa UEscolas ser\u00e1 dividido em duas partes. Um&nbsp;<em>workshop<\/em>&nbsp;para professores pretende sensibiliz\u00e1-los para a import\u00e2ncia de abordar os assuntos europeus em contexto educativo, enquanto a atividade \u201cUE \u00e9 que sei\u201d, destinada aos alunos com mais de 12 anos, pretende levar os temas europeus \u00e0 escola de uma forma l\u00fadico-pedag\u00f3gica.<\/p>\n\n\n\n<p><strong>Nuno Martinho, Secret\u00e1rio Executivo da CIM Viseu D\u00e3o Laf\u00f5es<\/strong>&nbsp;(entidade de acolhimento do EUROPE DIRECT), destaca que 2024 \u00e9 um ano particularmente importante para o projeto europeu. \u201c<em>Este \u00e9 um ano de elei\u00e7\u00f5es europeias e queremos que os cidad\u00e3os sintam, cada vez mais, que s\u00e3o parte integrante desta Uni\u00e3o e que t\u00eam uma palavra a dizer sobre o futuro da Europa. O Plano de Atividades reflete o nosso compromisso em abordar as quest\u00f5es mais prementes que afetam a nossa regi\u00e3o e a Uni\u00e3o Europeia como um todo\u201d<\/em>, considera.<\/p>\n\n\n\n<p><em>\u201cCom este plano, o EUROPE DIRECT tem a capacidade de promover uma maior participa\u00e7\u00e3o e uma melhor compreens\u00e3o dos cidad\u00e3os em rela\u00e7\u00e3o ao funcionamento do projeto europeu. \u00c9 uma oportunidade para fortalecermos, com atividades em todo o territ\u00f3rio, os la\u00e7os entre a Uni\u00e3o Europeia e os cidad\u00e3os da nossa regi\u00e3o\u201d<\/em>, acrescenta Nuno Martinho.<\/p>\n\n\n\n<p><strong>Sobre a CIM Viseu D\u00e3o Laf\u00f5es:<\/strong><br>A CIM Viseu D\u00e3o Laf\u00f5es \u00e9 uma associa\u00e7\u00e3o de munic\u00edpios, denominada como Comunidade Intermunicipal, sendo constitu\u00edda pelos munic\u00edpios de\u00a0Aguiar da Beira, Carregal do Sal, Castro Daire, Mangualde, Nelas, Oliveira de Frades, Penalva do Castelo, Santa Comba D\u00e3o, S\u00e3o Pedro do Sul, S\u00e1t\u00e3o, Tondela, Vila Nova de Paiva, Viseu e Vouzela.<\/p>\n","protected":false},"excerpt":{"rendered":"<p>Comiss\u00e3o Europeia aprovou plano de atividades do EUROPE DIRECT Viseu D\u00e3o Laf\u00f5es para 2024. O&nbsp;EUROPE DIRECT Viseu D\u00e3o Laf\u00f5es&nbsp;est\u00e1 preparado&#8230;<\/p>\n","protected":false},"author":7,"featured_media":0,"comment_status":"closed","ping_status":"open","sticky":false,"template":"","format":"standard","meta":[],"categories":[67],"tags":[448],"yoast_head":"<!-- This site is optimized with the Yoast SEO plugin v20.12 - https:\/\/yoast.com\/wordpress\/plugins\/seo\/ -->\n<title>Europe Direct Viseu D\u00e3o Laf\u00f5es anuncia iniciativas em ano decisivo para a constru\u00e7\u00e3o europeia - Atelier do Caractere<\/title>\n<meta name=\"robots\" content=\"index, follow, max-snippet:-1, max-image-preview:large, max-video-preview:-1\" \/>\n<link rel=\"canonical\" href=\"https:\/\/www.atelierdocaractere.pt\/brevemente\/europe-direct-viseu-dao-lafoes-anuncia-iniciativas-em-ano-decisivo-para-a-construcao-europeia\/\" \/>\n<meta property=\"og:locale\" content=\"pt_PT\" \/>\n<meta property=\"og:type\" content=\"article\" \/>\n<meta property=\"og:title\" content=\"Europe Direct Viseu D\u00e3o Laf\u00f5es anuncia iniciativas em ano decisivo para a constru\u00e7\u00e3o europeia - Atelier do Caractere\" \/>\n<meta property=\"og:description\" content=\"Comiss\u00e3o Europeia aprovou plano de atividades do EUROPE DIRECT Viseu D\u00e3o Laf\u00f5es para 2024. O&nbsp;EUROPE DIRECT Viseu D\u00e3o Laf\u00f5es&nbsp;est\u00e1 preparado...\" \/>\n<meta property=\"og:url\" content=\"https:\/\/www.atelierdocaractere.pt\/brevemente\/europe-direct-viseu-dao-lafoes-anuncia-iniciativas-em-ano-decisivo-para-a-construcao-europeia\/\" \/>\n<meta property=\"og:site_name\" content=\"Atelier do Caractere\" \/>\n<meta property=\"article:publisher\" content=\"https:\/\/www.facebook.com\/AtelierdoCaractere\" \/>\n<meta property=\"article:published_time\" content=\"2024-02-14T16:02:32+00:00\" \/>\n<meta property=\"article:modified_time\" content=\"2024-02-14T16:02:36+00:00\" \/>\n<meta name=\"author\" content=\"Joana Barbosa\" \/>\n<meta name=\"twitter:card\" content=\"summary_large_image\" \/>\n<meta name=\"twitter:label1\" content=\"Escrito por\" \/>\n\t<meta name=\"twitter:data1\" content=\"Joana Barbosa\" \/>\n\t<meta name=\"twitter:label2\" content=\"Tempo estimado de leitura\" \/>\n\t<meta name=\"twitter:data2\" content=\"4 minutos\" \/>\n<script type=\"application\/ld+json\" class=\"yoast-schema-graph\">{\"@context\":\"https:\/\/schema.org\",\"@graph\":[{\"@type\":\"WebPage\",\"@id\":\"https:\/\/www.atelierdocaractere.pt\/brevemente\/europe-direct-viseu-dao-lafoes-anuncia-iniciativas-em-ano-decisivo-para-a-construcao-europeia\/\",\"url\":\"https:\/\/www.atelierdocaractere.pt\/brevemente\/europe-direct-viseu-dao-lafoes-anuncia-iniciativas-em-ano-decisivo-para-a-construcao-europeia\/\",\"name\":\"Europe Direct Viseu D\u00e3o Laf\u00f5es anuncia iniciativas em ano decisivo para a constru\u00e7\u00e3o europeia - Atelier do Caractere\",\"isPartOf\":{\"@id\":\"https:\/\/www.atelierdocaractere.pt\/brevemente\/#website\"},\"datePublished\":\"2024-02-14T16:02:32+00:00\",\"dateModified\":\"2024-02-14T16:02:36+00:00\",\"author\":{\"@id\":\"https:\/\/www.atelierdocaractere.pt\/brevemente\/#\/schema\/person\/f2f096eb0f27d9894725af22cb97c0db\"},\"breadcrumb\":{\"@id\":\"https:\/\/www.atelierdocaractere.pt\/brevemente\/europe-direct-viseu-dao-lafoes-anuncia-iniciativas-em-ano-decisivo-para-a-construcao-europeia\/#breadcrumb\"},\"inLanguage\":\"pt-PT\",\"potentialAction\":[{\"@type\":\"ReadAction\",\"target\":[\"https:\/\/www.atelierdocaractere.pt\/brevemente\/europe-direct-viseu-dao-lafoes-anuncia-iniciativas-em-ano-decisivo-para-a-construcao-europeia\/\"]}]},{\"@type\":\"BreadcrumbList\",\"@id\":\"https:\/\/www.atelierdocaractere.pt\/brevemente\/europe-direct-viseu-dao-lafoes-anuncia-iniciativas-em-ano-decisivo-para-a-construcao-europeia\/#breadcrumb\",\"itemListElement\":[{\"@type\":\"ListItem\",\"position\":1,\"name\":\"In\u00edcio\",\"item\":\"https:\/\/www.atelierdocaractere.pt\/brevemente\/\"},{\"@type\":\"ListItem\",\"position\":2,\"name\":\"Europe Direct Viseu D\u00e3o Laf\u00f5es anuncia iniciativas em ano decisivo para a constru\u00e7\u00e3o europeia\"}]},{\"@type\":\"WebSite\",\"@id\":\"https:\/\/www.atelierdocaractere.pt\/brevemente\/#website\",\"url\":\"https:\/\/www.atelierdocaractere.pt\/brevemente\/\",\"name\":\"Atelier do Caractere\",\"description\":\"\",\"potentialAction\":[{\"@type\":\"SearchAction\",\"target\":{\"@type\":\"EntryPoint\",\"urlTemplate\":\"https:\/\/www.atelierdocaractere.pt\/brevemente\/?s={search_term_string}\"},\"query-input\":\"required name=search_term_string\"}],\"inLanguage\":\"pt-PT\"},{\"@type\":\"Person\",\"@id\":\"https:\/\/www.atelierdocaractere.pt\/brevemente\/#\/schema\/person\/f2f096eb0f27d9894725af22cb97c0db\",\"name\":\"Joana Barbosa\",\"image\":{\"@type\":\"ImageObject\",\"inLanguage\":\"pt-PT\",\"@id\":\"https:\/\/www.atelierdocaractere.pt\/brevemente\/#\/schema\/person\/image\/\",\"url\":\"https:\/\/secure.gravatar.com\/avatar\/33e8214b45e9d68a3a83008731075979?s=96&d=mm&r=g\",\"contentUrl\":\"https:\/\/secure.gravatar.com\/avatar\/33e8214b45e9d68a3a83008731075979?s=96&d=mm&r=g\",\"caption\":\"Joana Barbosa\"},\"url\":\"https:\/\/www.atelierdocaractere.pt\/brevemente\/author\/joanabarbosa\/\"}]}<\/script>\n<!-- \/ Yoast SEO plugin. -->","yoast_head_json":{"title":"Europe Direct Viseu D\u00e3o Laf\u00f5es anuncia iniciativas em ano decisivo para a constru\u00e7\u00e3o europeia - Atelier do Caractere","robots":{"index":"index","follow":"follow","max-snippet":"max-snippet:-1","max-image-preview":"max-image-preview:large","max-video-preview":"max-video-preview:-1"},"canonical":"https:\/\/www.atelierdocaractere.pt\/brevemente\/europe-direct-viseu-dao-lafoes-anuncia-iniciativas-em-ano-decisivo-para-a-construcao-europeia\/","og_locale":"pt_PT","og_type":"article","og_title":"Europe Direct Viseu D\u00e3o Laf\u00f5es anuncia iniciativas em ano decisivo para a constru\u00e7\u00e3o europeia - Atelier do Caractere","og_description":"Comiss\u00e3o Europeia aprovou plano de atividades do EUROPE DIRECT Viseu D\u00e3o Laf\u00f5es para 2024. O&nbsp;EUROPE DIRECT Viseu D\u00e3o Laf\u00f5es&nbsp;est\u00e1 preparado...","og_url":"https:\/\/www.atelierdocaractere.pt\/brevemente\/europe-direct-viseu-dao-lafoes-anuncia-iniciativas-em-ano-decisivo-para-a-construcao-europeia\/","og_site_name":"Atelier do Caractere","article_publisher":"https:\/\/www.facebook.com\/AtelierdoCaractere","article_published_time":"2024-02-14T16:02:32+00:00","article_modified_time":"2024-02-14T16:02:36+00:00","author":"Joana Barbosa","twitter_card":"summary_large_image","twitter_misc":{"Escrito por":"Joana Barbosa","Tempo estimado de leitura":"4 minutos"},"schema":{"@context":"https:\/\/schema.org","@graph":[{"@type":"WebPage","@id":"https:\/\/www.atelierdocaractere.pt\/brevemente\/europe-direct-viseu-dao-lafoes-anuncia-iniciativas-em-ano-decisivo-para-a-construcao-europeia\/","url":"https:\/\/www.atelierdocaractere.pt\/brevemente\/europe-direct-viseu-dao-lafoes-anuncia-iniciativas-em-ano-decisivo-para-a-construcao-europeia\/","name":"Europe Direct Viseu D\u00e3o Laf\u00f5es anuncia iniciativas em ano decisivo para a constru\u00e7\u00e3o europeia - Atelier do Caractere","isPartOf":{"@id":"https:\/\/www.atelierdocaractere.pt\/brevemente\/#website"},"datePublished":"2024-02-14T16:02:32+00:00","dateModified":"2024-02-14T16:02:36+00:00","author":{"@id":"https:\/\/www.atelierdocaractere.pt\/brevemente\/#\/schema\/person\/f2f096eb0f27d9894725af22cb97c0db"},"breadcrumb":{"@id":"https:\/\/www.atelierdocaractere.pt\/brevemente\/europe-direct-viseu-dao-lafoes-anuncia-iniciativas-em-ano-decisivo-para-a-construcao-europeia\/#breadcrumb"},"inLanguage":"pt-PT","potentialAction":[{"@type":"ReadAction","target":["https:\/\/www.atelierdocaractere.pt\/brevemente\/europe-direct-viseu-dao-lafoes-anuncia-iniciativas-em-ano-decisivo-para-a-construcao-europeia\/"]}]},{"@type":"BreadcrumbList","@id":"https:\/\/www.atelierdocaractere.pt\/brevemente\/europe-direct-viseu-dao-lafoes-anuncia-iniciativas-em-ano-decisivo-para-a-construcao-europeia\/#breadcrumb","itemListElement":[{"@type":"ListItem","position":1,"name":"In\u00edcio","item":"https:\/\/www.atelierdocaractere.pt\/brevemente\/"},{"@type":"ListItem","position":2,"name":"Europe Direct Viseu D\u00e3o Laf\u00f5es anuncia iniciativas em ano decisivo para a constru\u00e7\u00e3o europeia"}]},{"@type":"WebSite","@id":"https:\/\/www.atelierdocaractere.pt\/brevemente\/#website","url":"https:\/\/www.atelierdocaractere.pt\/brevemente\/","name":"Atelier do Caractere","description":"","potentialAction":[{"@type":"SearchAction","target":{"@type":"EntryPoint","urlTemplate":"https:\/\/www.atelierdocaractere.pt\/brevemente\/?s={search_term_string}"},"query-input":"required name=search_term_string"}],"inLanguage":"pt-PT"},{"@type":"Person","@id":"https:\/\/www.atelierdocaractere.pt\/brevemente\/#\/schema\/person\/f2f096eb0f27d9894725af22cb97c0db","name":"Joana Barbosa","image":{"@type":"ImageObject","inLanguage":"pt-PT","@id":"https:\/\/www.atelierdocaractere.pt\/brevemente\/#\/schema\/person\/image\/","url":"https:\/\/secure.gravatar.com\/avatar\/33e8214b45e9d68a3a83008731075979?s=96&d=mm&r=g","contentUrl":"https:\/\/secure.gravatar.com\/avatar\/33e8214b45e9d68a3a83008731075979?s=96&d=mm&r=g","caption":"Joana Barbosa"},"url":"https:\/\/www.atelierdocaractere.pt\/brevemente\/author\/joanabarbosa\/"}]}},"_links":{"self":[{"href":"https:\/\/www.atelierdocaractere.pt\/brevemente\/wp-json\/wp\/v2\/posts\/12312"}],"collection":[{"href":"https:\/\/www.atelierdocaractere.pt\/brevemente\/wp-json\/wp\/v2\/posts"}],"about":[{"href":"https:\/\/www.atelierdocaractere.pt\/brevemente\/wp-json\/wp\/v2\/types\/post"}],"author":[{"embeddable":true,"href":"https:\/\/www.atelierdocaractere.pt\/brevemente\/wp-json\/wp\/v2\/users\/7"}],"replies":[{"embeddable":true,"href":"https:\/\/www.atelierdocaractere.pt\/brevemente\/wp-json\/wp\/v2\/comments?post=12312"}],"version-history":[{"count":1,"href":"https:\/\/www.atelierdocaractere.pt\/brevemente\/wp-json\/wp\/v2\/posts\/12312\/revisions"}],"predecessor-version":[{"id":12313,"href":"https:\/\/www.atelierdocaractere.pt\/brevemente\/wp-json\/wp\/v2\/posts\/12312\/revisions\/12313"}],"wp:attachment":[{"href":"https:\/\/www.atelierdocaractere.pt\/brevemente\/wp-json\/wp\/v2\/media?parent=12312"}],"wp:term":[{"taxonomy":"category","embeddable":true,"href":"https:\/\/www.atelierdocaractere.pt\/brevemente\/wp-json\/wp\/v2\/categories?post=12312"},{"taxonomy":"post_tag","embeddable":true,"href":"https:\/\/www.atelierdocaractere.pt\/brevemente\/wp-json\/wp\/v2\/tags?post=12312"}],"curies":[{"name":"wp","href":"https:\/\/api.w.org\/{rel}","templated":true}]}}