{"id":12458,"date":"2024-03-08T10:06:06","date_gmt":"2024-03-08T10:06:06","guid":{"rendered":"https:\/\/www.atelierdocaractere.pt\/brevemente\/?p=12458"},"modified":"2024-03-14T10:14:04","modified_gmt":"2024-03-14T10:14:04","slug":"bootcamp-academia-sem-fronteiras-cidades-e-comunidades-sustentaveis-aproxima-cim-viseu-dao-lafoes-universidade-de-coimbra-e-instituto-politecnico-de-viseu","status":"publish","type":"post","link":"https:\/\/www.atelierdocaractere.pt\/brevemente\/bootcamp-academia-sem-fronteiras-cidades-e-comunidades-sustentaveis-aproxima-cim-viseu-dao-lafoes-universidade-de-coimbra-e-instituto-politecnico-de-viseu\/","title":{"rendered":"Bootcamp &#8220;Academia sem Fronteiras &#8211; Cidades e Comunidades Sustent\u00e1veis&#8221; aproxima CIM Viseu D\u00e3o Laf\u00f5es, Universidade de Coimbra e Instituto Polit\u00e9cnico de Viseu"},"content":{"rendered":"\n<p><strong>Projeto vai decorrer a 20 e 21 de mar\u00e7o, em S\u00e3o Pedro do Sul, e destina-se a 50 alunos das escolas secund\u00e1rias de Viseu D\u00e3o Laf\u00f5es.<\/strong><\/p>\n\n\n\n<p>A&nbsp;<strong>Comunidade Intermunicipal (CIM) Viseu D\u00e3o Laf\u00f5es,&nbsp;<\/strong>a&nbsp;<strong>Universidade de Coimbra (UC)<\/strong>&nbsp;e o&nbsp;<strong>Instituto Polit\u00e9cnico de Viseu<\/strong>&nbsp;(<strong>IPV<\/strong>) anunciaram, esta sexta-feira (dia 08 de mar\u00e7o),um projeto inovador, em parceria, que resulta de um protocolo de coopera\u00e7\u00e3o, que vai proporcionar a 50 alunos do ensino secund\u00e1rio do territ\u00f3rio uma experi\u00eancia educativa enriquecedora.<\/p>\n\n\n\n<p>O&nbsp;<strong>Bootcamp&#8221;Academia Sem Fronteiras &#8211; Cidades e Comunidades Sustent\u00e1veis&#8221;<\/strong>vai decorrer em S\u00e3o Pedro do Sul, nos dias 20 e 21 de mar\u00e7o. Durante os dois dias, o grupo de jovens ter\u00e1 a oportunidade de conhecer melhor o territ\u00f3rio, explorar o tema da sustentabilidade e contactar com Institui\u00e7\u00f5es de Ensino Superior e respetivas&nbsp; \u00e1reas do saber.<\/p>\n\n\n\n<p>O Bootcamp proporcionar\u00e1 aos participantes a oportunidade de explorar, compreender e interagir com o tema crucial da sustentabilidade, promovendo uma vis\u00e3o abrangente do desenvolvimento sustent\u00e1vel no contexto do territ\u00f3rio de Viseu D\u00e3o Laf\u00f5es. A import\u00e2ncia da preserva\u00e7\u00e3o do patrim\u00f3nio natural e cultural, essencial para a qualidade de vida em sociedade, e a promo\u00e7\u00e3o da aprendizagem colaborativa em ambientes educativos s\u00e3o tamb\u00e9m objetivos do Bootcamp.&nbsp;<\/p>\n\n\n\n<p>Assim, no primeiro dia, ter\u00e1 lugar uma mesa-redonda dedicada ao tema &#8220;Sustentabilidade e os desafios da sociedade atual e do futuro&#8221;, seguida dos workshops &#8220;Novas tecnologias aplicadas \u00e0 Sustentabilidade&#8221; e &#8220;Como viver uma vida mais sustent\u00e1vel&#8221;, sendo conclu\u00eddo com a sess\u00e3o de prepara\u00e7\u00e3o da &#8220;Assembleia Sem Fronteiras&#8221; que decorre ap\u00f3s um momento de promo\u00e7\u00e3o de Soft Skills.<\/p>\n\n\n\n<p>No segundo dia de trabalhos, ter\u00e1 lugar o workshop &#8220;Cidades e Territ\u00f3rios do Futuro&#8221;, finalizando com a &#8220;Assembleia Sem Fronteiras&#8221; e um momento musical.<\/p>\n\n\n\n<p>Ao longo destas jornadas, desenvolvidas com o objetivo de preparar os participantes para os desafios da sociedade e do mercado de trabalho, os jovens v\u00e3o ser desafiados a colaborar, debater ideias e desenvolver compet\u00eancias essenciais para o seu futuro, al\u00e9m dos conhecimentos t\u00e9cnicos. OBootcamp vai promover tamb\u00e9m o desenvolvimento de<em>soft skills<\/em>, uma visita \u00e0s termas de S\u00e3o Pedro do Sul e momentos culturais.<\/p>\n\n\n\n<p>Esta iniciativa confere um diploma emitido pela UC,no \u00e2mbito do projeto Living the Future Academy apoiado pelo PRR Impulso Jovens STEAM, constituindo-se como um Curso N\u00e3o Conferente de Grau, com 13 horas de dura\u00e7\u00e3o, contabilizando 0,5 ECTS.<\/p>\n\n\n\n<p><strong>Declara\u00e7\u00f5es:<\/strong><\/p>\n\n\n\n<p>Segundo&nbsp;<strong>Fernando Ruas, Presidente da CIM Viseu D\u00e3o Laf\u00f5es,&nbsp;<\/strong><em>&#8220;o Bootcamp &#8216;Academia Sem Fronteiras &#8211; Cidades e Comunidades Sustent\u00e1veis&#8217; refor\u00e7a o compromisso da CIM Viseu D\u00e3o Laf\u00f5es com a educa\u00e7\u00e3o, a inova\u00e7\u00e3o e o desenvolvimento sustent\u00e1vel na regi\u00e3o, caracter\u00edsticas que s\u00e3o cada vez mais associadas a este territ\u00f3rio. Por isso, aguardamos com grande entusiasmo esta iniciativa, que ter\u00e1 um impacto muito positivo nos nossos alunos. Acreditamos que investir na educa\u00e7\u00e3o e sensibilizar para a sustentabilidade, desde cedo, \u00e9 crucial para o desenvolvimento futuro de Viseu D\u00e3o Laf\u00f5es. Agradecemos a todos os envolvidos, que ir\u00e3o tornar esta iniciativa um sucesso&#8221;<\/em>.<\/p>\n\n\n\n<p>Para&nbsp;<strong>Nuno Martinho, Secret\u00e1rio Executivo da CIM Viseu D\u00e3o Laf\u00f5es,&nbsp;<\/strong>&#8220;a<em>&nbsp;exemplo de outros, este \u00e9 mais um projeto que a CIM Viseu D\u00e3o Laf\u00f5es promove junto dos jovens do seu territ\u00f3rio. O nosso objetivo passa por disponibilizar novos desafios e experi\u00eancias aos&nbsp;nossos alunos e com isso alargar os seus horizontes e a sua vis\u00e3o do mundo, tornando-os cidad\u00e3os mais completos e capazes de darem resposta&nbsp;conscientes e esclarecidas&nbsp;aos problemas que marcam a atualidade como o desenvolvimento sustent\u00e1vel<\/em>&#8220;.<\/p>\n\n\n\n<p>De acordo com&nbsp;<strong>Helena Vala, Vice-Presidente do IPV&nbsp;<\/strong>&#8220;este&nbsp;\u00e9 um bom exemplo de coopera\u00e7\u00e3o entre diversas entidades que s\u00e3o sens\u00edveis \u00e0s necessidades do territ\u00f3rio e das suas popula\u00e7\u00f5es, nomeadamente no que concerne ao desenvolvimento sustent\u00e1vel. Esta parceria, no \u00e2mbito da qual t\u00eam sido desenvolvidas v\u00e1rias academias que promovem o desenvolvimento territorial, procura melhorar a literacia ao n\u00edvel da poupan\u00e7a de recursos da n\u00e3o polui\u00e7\u00e3o e da responsabilidade social e ambiental dos nossos jovens&#8221;.<\/p>\n\n\n\n<p>Nas palavras de&nbsp;<strong>Cristina Albuquerque, Vice-Reitora da UC:&nbsp;<\/strong>&#8220;<em>Para a Universidade de Coimbra \u00e9 crucial manter um compromisso com o Desenvolvimento Sustent\u00e1vel, sensibilizar para a import\u00e2ncia da preserva\u00e7\u00e3o do patrim\u00f3nio e promover uma aprendizagem de colabora\u00e7\u00e3o em que os jovens s\u00e3o desafiados a pensar no futuro.&nbsp;O nosso compromisso com uma cidadania esclarecida e uma educa\u00e7\u00e3o hol\u00edstica concretiza-se assim plenamente nesta iniciativa. O reconhecimento e reten\u00e7\u00e3o de talento \u00e9 essencial para o desenvolvimento da regi\u00e3o e do pa\u00eds e o ensino superior tem a este n\u00edvel um papel fundamental. \u00c9 muito gratificante para a UC colaborar com a CIM Viseu D\u00e3o Laf\u00f5es e com o Instituto Polit\u00e9cnico de Viseu para a efetiva\u00e7\u00e3o desta iniciativa, a primeira de muitas outras<\/em>&#8220;.&nbsp;<\/p>\n\n\n\n<p>J\u00e1 para&nbsp;<strong>V\u00edtor Figueiredo, Presidente da C\u00e2mara de S\u00e3o Pedro do Sul<\/strong>: &#8220;<em>Quando nos foi proposta a possibilidade de receber o BOOTCAMP em S\u00e3o Pedro do Sul abrimos as portas na medida em que as quest\u00f5es do desenvolvimento sustent\u00e1vel dizem muito a um concelho que se procura afirmar enquanto destino tur\u00edstico de excel\u00eancia<\/em>&#8220;.<\/p>\n\n\n\n<p><strong>Apoio e Reconhecimento<\/strong><\/p>\n\n\n\n<p>O Bootcamp conta com o apoio do Programa de Recupera\u00e7\u00e3o e Resili\u00eancia (PRR), atrav\u00e9s do Projeto Living the Future Academy, e confere a todos os participantes um diploma emitido pela Universidade de Coimbra.&nbsp;<\/p>\n\n\n\n<p>A CIM Viseu D\u00e3o Laf\u00f5es, a UC e o IPV esperam que esta iniciativa seja um contributo muito positivo para promover a educa\u00e7\u00e3o, a inova\u00e7\u00e3o e o desenvolvimento sustent\u00e1vel na regi\u00e3o.<\/p>\n\n\n\n<p><strong>Sobre a CIM Viseu D\u00e3o Laf\u00f5es:<\/strong><br>A CIM Viseu D\u00e3o Laf\u00f5es \u00e9 uma associa\u00e7\u00e3o de munic\u00edpios, denominada como Comunidade Intermunicipal, sendo constitu\u00edda pelos munic\u00edpios de\u00a0Aguiar da Beira, Carregal do Sal, Castro Daire, Mangualde, Nelas, Oliveira de Frades, Penalva do Castelo, Santa Comba D\u00e3o, S\u00e3o Pedro do Sul, S\u00e1t\u00e3o, Tondela, Vila Nova de Paiva, Viseu e Vouzela.<\/p>\n","protected":false},"excerpt":{"rendered":"<p>Projeto vai decorrer a 20 e 21 de mar\u00e7o, em S\u00e3o Pedro do Sul, e destina-se a 50 alunos das&#8230;<\/p>\n","protected":false},"author":7,"featured_media":12459,"comment_status":"closed","ping_status":"open","sticky":false,"template":"","format":"standard","meta":[],"categories":[67],"tags":[448],"yoast_head":"<!-- This site is optimized with the Yoast SEO plugin v20.12 - https:\/\/yoast.com\/wordpress\/plugins\/seo\/ -->\n<title>Bootcamp &quot;Academia sem Fronteiras - Cidades e Comunidades Sustent\u00e1veis&quot; aproxima CIM Viseu D\u00e3o Laf\u00f5es, Universidade de Coimbra e Instituto Polit\u00e9cnico de Viseu - Atelier do Caractere<\/title>\n<meta name=\"robots\" content=\"index, follow, max-snippet:-1, max-image-preview:large, max-video-preview:-1\" \/>\n<link rel=\"canonical\" href=\"https:\/\/www.atelierdocaractere.pt\/brevemente\/bootcamp-academia-sem-fronteiras-cidades-e-comunidades-sustentaveis-aproxima-cim-viseu-dao-lafoes-universidade-de-coimbra-e-instituto-politecnico-de-viseu\/\" \/>\n<meta property=\"og:locale\" content=\"pt_PT\" \/>\n<meta property=\"og:type\" content=\"article\" \/>\n<meta property=\"og:title\" content=\"Bootcamp &quot;Academia sem Fronteiras - Cidades e Comunidades Sustent\u00e1veis&quot; aproxima CIM Viseu D\u00e3o Laf\u00f5es, Universidade de Coimbra e Instituto Polit\u00e9cnico de Viseu - Atelier do Caractere\" \/>\n<meta property=\"og:description\" content=\"Projeto vai decorrer a 20 e 21 de mar\u00e7o, em S\u00e3o Pedro do Sul, e destina-se a 50 alunos das...\" \/>\n<meta property=\"og:url\" content=\"https:\/\/www.atelierdocaractere.pt\/brevemente\/bootcamp-academia-sem-fronteiras-cidades-e-comunidades-sustentaveis-aproxima-cim-viseu-dao-lafoes-universidade-de-coimbra-e-instituto-politecnico-de-viseu\/\" \/>\n<meta property=\"og:site_name\" content=\"Atelier do Caractere\" \/>\n<meta property=\"article:publisher\" content=\"https:\/\/www.facebook.com\/AtelierdoCaractere\" \/>\n<meta property=\"article:published_time\" content=\"2024-03-08T10:06:06+00:00\" \/>\n<meta property=\"article:modified_time\" content=\"2024-03-14T10:14:04+00:00\" \/>\n<meta property=\"og:image\" content=\"https:\/\/www.atelierdocaractere.pt\/wp-content\/uploads\/2024\/03\/f9177306-e660-2c48-890b-6b1bf6be5435-e1710411186388.jpg\" \/>\n\t<meta property=\"og:image:width\" content=\"1200\" \/>\n\t<meta property=\"og:image:height\" content=\"837\" \/>\n\t<meta property=\"og:image:type\" content=\"image\/jpeg\" \/>\n<meta name=\"author\" content=\"Joana Barbosa\" \/>\n<meta name=\"twitter:card\" content=\"summary_large_image\" \/>\n<meta name=\"twitter:label1\" content=\"Escrito por\" \/>\n\t<meta name=\"twitter:data1\" content=\"Joana Barbosa\" \/>\n\t<meta name=\"twitter:label2\" content=\"Tempo estimado de leitura\" \/>\n\t<meta name=\"twitter:data2\" content=\"6 minutos\" \/>\n<script type=\"application\/ld+json\" class=\"yoast-schema-graph\">{\"@context\":\"https:\/\/schema.org\",\"@graph\":[{\"@type\":\"WebPage\",\"@id\":\"https:\/\/www.atelierdocaractere.pt\/brevemente\/bootcamp-academia-sem-fronteiras-cidades-e-comunidades-sustentaveis-aproxima-cim-viseu-dao-lafoes-universidade-de-coimbra-e-instituto-politecnico-de-viseu\/\",\"url\":\"https:\/\/www.atelierdocaractere.pt\/brevemente\/bootcamp-academia-sem-fronteiras-cidades-e-comunidades-sustentaveis-aproxima-cim-viseu-dao-lafoes-universidade-de-coimbra-e-instituto-politecnico-de-viseu\/\",\"name\":\"Bootcamp \\\"Academia sem Fronteiras - Cidades e Comunidades Sustent\u00e1veis\\\" aproxima CIM Viseu D\u00e3o Laf\u00f5es, Universidade de Coimbra e Instituto Polit\u00e9cnico de Viseu - Atelier do Caractere\",\"isPartOf\":{\"@id\":\"https:\/\/www.atelierdocaractere.pt\/brevemente\/#website\"},\"datePublished\":\"2024-03-08T10:06:06+00:00\",\"dateModified\":\"2024-03-14T10:14:04+00:00\",\"author\":{\"@id\":\"https:\/\/www.atelierdocaractere.pt\/brevemente\/#\/schema\/person\/f2f096eb0f27d9894725af22cb97c0db\"},\"breadcrumb\":{\"@id\":\"https:\/\/www.atelierdocaractere.pt\/brevemente\/bootcamp-academia-sem-fronteiras-cidades-e-comunidades-sustentaveis-aproxima-cim-viseu-dao-lafoes-universidade-de-coimbra-e-instituto-politecnico-de-viseu\/#breadcrumb\"},\"inLanguage\":\"pt-PT\",\"potentialAction\":[{\"@type\":\"ReadAction\",\"target\":[\"https:\/\/www.atelierdocaractere.pt\/brevemente\/bootcamp-academia-sem-fronteiras-cidades-e-comunidades-sustentaveis-aproxima-cim-viseu-dao-lafoes-universidade-de-coimbra-e-instituto-politecnico-de-viseu\/\"]}]},{\"@type\":\"BreadcrumbList\",\"@id\":\"https:\/\/www.atelierdocaractere.pt\/brevemente\/bootcamp-academia-sem-fronteiras-cidades-e-comunidades-sustentaveis-aproxima-cim-viseu-dao-lafoes-universidade-de-coimbra-e-instituto-politecnico-de-viseu\/#breadcrumb\",\"itemListElement\":[{\"@type\":\"ListItem\",\"position\":1,\"name\":\"In\u00edcio\",\"item\":\"https:\/\/www.atelierdocaractere.pt\/brevemente\/\"},{\"@type\":\"ListItem\",\"position\":2,\"name\":\"Bootcamp &#8220;Academia sem Fronteiras &#8211; Cidades e Comunidades Sustent\u00e1veis&#8221; aproxima CIM Viseu D\u00e3o Laf\u00f5es, Universidade de Coimbra e Instituto Polit\u00e9cnico de Viseu\"}]},{\"@type\":\"WebSite\",\"@id\":\"https:\/\/www.atelierdocaractere.pt\/brevemente\/#website\",\"url\":\"https:\/\/www.atelierdocaractere.pt\/brevemente\/\",\"name\":\"Atelier do Caractere\",\"description\":\"\",\"potentialAction\":[{\"@type\":\"SearchAction\",\"target\":{\"@type\":\"EntryPoint\",\"urlTemplate\":\"https:\/\/www.atelierdocaractere.pt\/brevemente\/?s={search_term_string}\"},\"query-input\":\"required name=search_term_string\"}],\"inLanguage\":\"pt-PT\"},{\"@type\":\"Person\",\"@id\":\"https:\/\/www.atelierdocaractere.pt\/brevemente\/#\/schema\/person\/f2f096eb0f27d9894725af22cb97c0db\",\"name\":\"Joana Barbosa\",\"image\":{\"@type\":\"ImageObject\",\"inLanguage\":\"pt-PT\",\"@id\":\"https:\/\/www.atelierdocaractere.pt\/brevemente\/#\/schema\/person\/image\/\",\"url\":\"https:\/\/secure.gravatar.com\/avatar\/33e8214b45e9d68a3a83008731075979?s=96&d=mm&r=g\",\"contentUrl\":\"https:\/\/secure.gravatar.com\/avatar\/33e8214b45e9d68a3a83008731075979?s=96&d=mm&r=g\",\"caption\":\"Joana Barbosa\"},\"url\":\"https:\/\/www.atelierdocaractere.pt\/brevemente\/author\/joanabarbosa\/\"}]}<\/script>\n<!-- \/ Yoast SEO plugin. -->","yoast_head_json":{"title":"Bootcamp \"Academia sem Fronteiras - Cidades e Comunidades Sustent\u00e1veis\" aproxima CIM Viseu D\u00e3o Laf\u00f5es, Universidade de Coimbra e Instituto Polit\u00e9cnico de Viseu - Atelier do Caractere","robots":{"index":"index","follow":"follow","max-snippet":"max-snippet:-1","max-image-preview":"max-image-preview:large","max-video-preview":"max-video-preview:-1"},"canonical":"https:\/\/www.atelierdocaractere.pt\/brevemente\/bootcamp-academia-sem-fronteiras-cidades-e-comunidades-sustentaveis-aproxima-cim-viseu-dao-lafoes-universidade-de-coimbra-e-instituto-politecnico-de-viseu\/","og_locale":"pt_PT","og_type":"article","og_title":"Bootcamp \"Academia sem Fronteiras - Cidades e Comunidades Sustent\u00e1veis\" aproxima CIM Viseu D\u00e3o Laf\u00f5es, Universidade de Coimbra e Instituto Polit\u00e9cnico de Viseu - Atelier do Caractere","og_description":"Projeto vai decorrer a 20 e 21 de mar\u00e7o, em S\u00e3o Pedro do Sul, e destina-se a 50 alunos das...","og_url":"https:\/\/www.atelierdocaractere.pt\/brevemente\/bootcamp-academia-sem-fronteiras-cidades-e-comunidades-sustentaveis-aproxima-cim-viseu-dao-lafoes-universidade-de-coimbra-e-instituto-politecnico-de-viseu\/","og_site_name":"Atelier do Caractere","article_publisher":"https:\/\/www.facebook.com\/AtelierdoCaractere","article_published_time":"2024-03-08T10:06:06+00:00","article_modified_time":"2024-03-14T10:14:04+00:00","og_image":[{"width":1200,"height":837,"url":"https:\/\/www.atelierdocaractere.pt\/wp-content\/uploads\/2024\/03\/f9177306-e660-2c48-890b-6b1bf6be5435-e1710411186388.jpg","type":"image\/jpeg"}],"author":"Joana Barbosa","twitter_card":"summary_large_image","twitter_misc":{"Escrito por":"Joana Barbosa","Tempo estimado de leitura":"6 minutos"},"schema":{"@context":"https:\/\/schema.org","@graph":[{"@type":"WebPage","@id":"https:\/\/www.atelierdocaractere.pt\/brevemente\/bootcamp-academia-sem-fronteiras-cidades-e-comunidades-sustentaveis-aproxima-cim-viseu-dao-lafoes-universidade-de-coimbra-e-instituto-politecnico-de-viseu\/","url":"https:\/\/www.atelierdocaractere.pt\/brevemente\/bootcamp-academia-sem-fronteiras-cidades-e-comunidades-sustentaveis-aproxima-cim-viseu-dao-lafoes-universidade-de-coimbra-e-instituto-politecnico-de-viseu\/","name":"Bootcamp \"Academia sem Fronteiras - Cidades e Comunidades Sustent\u00e1veis\" aproxima CIM Viseu D\u00e3o Laf\u00f5es, Universidade de Coimbra e Instituto Polit\u00e9cnico de Viseu - Atelier do Caractere","isPartOf":{"@id":"https:\/\/www.atelierdocaractere.pt\/brevemente\/#website"},"datePublished":"2024-03-08T10:06:06+00:00","dateModified":"2024-03-14T10:14:04+00:00","author":{"@id":"https:\/\/www.atelierdocaractere.pt\/brevemente\/#\/schema\/person\/f2f096eb0f27d9894725af22cb97c0db"},"breadcrumb":{"@id":"https:\/\/www.atelierdocaractere.pt\/brevemente\/bootcamp-academia-sem-fronteiras-cidades-e-comunidades-sustentaveis-aproxima-cim-viseu-dao-lafoes-universidade-de-coimbra-e-instituto-politecnico-de-viseu\/#breadcrumb"},"inLanguage":"pt-PT","potentialAction":[{"@type":"ReadAction","target":["https:\/\/www.atelierdocaractere.pt\/brevemente\/bootcamp-academia-sem-fronteiras-cidades-e-comunidades-sustentaveis-aproxima-cim-viseu-dao-lafoes-universidade-de-coimbra-e-instituto-politecnico-de-viseu\/"]}]},{"@type":"BreadcrumbList","@id":"https:\/\/www.atelierdocaractere.pt\/brevemente\/bootcamp-academia-sem-fronteiras-cidades-e-comunidades-sustentaveis-aproxima-cim-viseu-dao-lafoes-universidade-de-coimbra-e-instituto-politecnico-de-viseu\/#breadcrumb","itemListElement":[{"@type":"ListItem","position":1,"name":"In\u00edcio","item":"https:\/\/www.atelierdocaractere.pt\/brevemente\/"},{"@type":"ListItem","position":2,"name":"Bootcamp &#8220;Academia sem Fronteiras &#8211; Cidades e Comunidades Sustent\u00e1veis&#8221; aproxima CIM Viseu D\u00e3o Laf\u00f5es, Universidade de Coimbra e Instituto Polit\u00e9cnico de Viseu"}]},{"@type":"WebSite","@id":"https:\/\/www.atelierdocaractere.pt\/brevemente\/#website","url":"https:\/\/www.atelierdocaractere.pt\/brevemente\/","name":"Atelier do Caractere","description":"","potentialAction":[{"@type":"SearchAction","target":{"@type":"EntryPoint","urlTemplate":"https:\/\/www.atelierdocaractere.pt\/brevemente\/?s={search_term_string}"},"query-input":"required name=search_term_string"}],"inLanguage":"pt-PT"},{"@type":"Person","@id":"https:\/\/www.atelierdocaractere.pt\/brevemente\/#\/schema\/person\/f2f096eb0f27d9894725af22cb97c0db","name":"Joana Barbosa","image":{"@type":"ImageObject","inLanguage":"pt-PT","@id":"https:\/\/www.atelierdocaractere.pt\/brevemente\/#\/schema\/person\/image\/","url":"https:\/\/secure.gravatar.com\/avatar\/33e8214b45e9d68a3a83008731075979?s=96&d=mm&r=g","contentUrl":"https:\/\/secure.gravatar.com\/avatar\/33e8214b45e9d68a3a83008731075979?s=96&d=mm&r=g","caption":"Joana Barbosa"},"url":"https:\/\/www.atelierdocaractere.pt\/brevemente\/author\/joanabarbosa\/"}]}},"_links":{"self":[{"href":"https:\/\/www.atelierdocaractere.pt\/brevemente\/wp-json\/wp\/v2\/posts\/12458"}],"collection":[{"href":"https:\/\/www.atelierdocaractere.pt\/brevemente\/wp-json\/wp\/v2\/posts"}],"about":[{"href":"https:\/\/www.atelierdocaractere.pt\/brevemente\/wp-json\/wp\/v2\/types\/post"}],"author":[{"embeddable":true,"href":"https:\/\/www.atelierdocaractere.pt\/brevemente\/wp-json\/wp\/v2\/users\/7"}],"replies":[{"embeddable":true,"href":"https:\/\/www.atelierdocaractere.pt\/brevemente\/wp-json\/wp\/v2\/comments?post=12458"}],"version-history":[{"count":1,"href":"https:\/\/www.atelierdocaractere.pt\/brevemente\/wp-json\/wp\/v2\/posts\/12458\/revisions"}],"predecessor-version":[{"id":12460,"href":"https:\/\/www.atelierdocaractere.pt\/brevemente\/wp-json\/wp\/v2\/posts\/12458\/revisions\/12460"}],"wp:featuredmedia":[{"embeddable":true,"href":"https:\/\/www.atelierdocaractere.pt\/brevemente\/wp-json\/wp\/v2\/media\/12459"}],"wp:attachment":[{"href":"https:\/\/www.atelierdocaractere.pt\/brevemente\/wp-json\/wp\/v2\/media?parent=12458"}],"wp:term":[{"taxonomy":"category","embeddable":true,"href":"https:\/\/www.atelierdocaractere.pt\/brevemente\/wp-json\/wp\/v2\/categories?post=12458"},{"taxonomy":"post_tag","embeddable":true,"href":"https:\/\/www.atelierdocaractere.pt\/brevemente\/wp-json\/wp\/v2\/tags?post=12458"}],"curies":[{"name":"wp","href":"https:\/\/api.w.org\/{rel}","templated":true}]}}