{"id":12461,"date":"2024-03-05T10:14:17","date_gmt":"2024-03-05T10:14:17","guid":{"rendered":"https:\/\/www.atelierdocaractere.pt\/brevemente\/?p=12461"},"modified":"2024-03-14T10:23:46","modified_gmt":"2024-03-14T10:23:46","slug":"comer-bem-crescer-feliz-cim-viseu-dao-lafoes-deu-inicio-a-acoes-de-literacia-alimentar-pelas-escolas-do-territorio","status":"publish","type":"post","link":"https:\/\/www.atelierdocaractere.pt\/brevemente\/comer-bem-crescer-feliz-cim-viseu-dao-lafoes-deu-inicio-a-acoes-de-literacia-alimentar-pelas-escolas-do-territorio\/","title":{"rendered":"\u201cComer Bem, Crescer Feliz\u201d: CIM Viseu D\u00e3o Laf\u00f5es deu in\u00edcio a a\u00e7\u00f5es de literacia alimentar pelas escolas do territ\u00f3rio"},"content":{"rendered":"\n<p><strong>Projeto-piloto com a\u00e7\u00f5es pedag\u00f3gicas vai estar presente, at\u00e9 ao m\u00eas de julho, em 14 Jardins de Inf\u00e2ncia\/Escolas B\u00e1sicas de todo o territ\u00f3rio de Viseu D\u00e3o Laf\u00f5es.<\/strong><\/p>\n\n\n\n<p>Teve in\u00edcio o projeto intermunicipal \u201cComer Bem, Crescer Feliz\u201d, uma iniciativa-piloto por 14 escolas do territ\u00f3rio de Viseu D\u00e3o Laf\u00f5es. O objetivo \u00e9 dinamizar a\u00e7\u00f5es pedag\u00f3gicas dirigidas a todas as crian\u00e7as do Pr\u00e9-Escolar e do 1.\u00ba Ciclo do Ensino B\u00e1sico dos Agrupamentos de Escolas de Viseu D\u00e3o Laf\u00f5es.<\/p>\n\n\n\n<p>O projeto foi para o terreno ontem, dia 5 de mar\u00e7o, e vai percorrer Viseu D\u00e3o Laf\u00f5es at\u00e9 ao m\u00eas de julho. Tendo por base um envolvimento em tr\u00edade &#8220;escola-fam\u00edlia-territ\u00f3rio&#8221;, com enfoque em atividades em prol da literacia alimentar, visa o desenvolvimento integral das crian\u00e7as, nomeadamente na concretiza\u00e7\u00e3o dos seguintes objetivos: sensibilizar a comunidade educativa para a import\u00e2ncia de uma alimenta\u00e7\u00e3o equilibrada, saud\u00e1vel e sustent\u00e1vel; promover o conhecimento sobre produtos do territ\u00f3rio, os seus benef\u00edcios, os seus ciclos e as vantagens de consumirmos em proximidade; mudar pr\u00e1ticas de alimenta\u00e7\u00e3o, com consci\u00eancia, envolvendo alunos, fam\u00edlia e restante equipa pedag\u00f3gica; e reduzir o desperd\u00edcio alimentar.<\/p>\n\n\n\n<p>As a\u00e7\u00f5es pedag\u00f3gicas com as crian\u00e7as ser\u00e3o mensais, acompanhadas por um gui\u00e3o pedag\u00f3gico, e permitir\u00e3o a explora\u00e7\u00e3o de um determinado alimento. A primeira a\u00e7\u00e3o decair\u00e1 sobre a descoberta das especificidades da ma\u00e7\u00e3 de Bravo de Esmolfe, uma ma\u00e7\u00e3 com Denomina\u00e7\u00e3o de Origem Protegida, que tem Viseu D\u00e3o Laf\u00f5es como principal territ\u00f3rio de produ\u00e7\u00e3o, com particular destaque para o munic\u00edpio de Penalva do Castelo.<\/p>\n\n\n\n<p>Em paralelo a estas a\u00e7\u00f5es pedag\u00f3gicas, o projeto \u201cComer Bem, Crescer Feliz\u201d possibilitar\u00e1 a toda a comunidade educativa experienciar&nbsp;<em>workshops<\/em>&nbsp;de lanches saud\u00e1veis para pais e filhos, assim como&nbsp;<em>workshops<\/em>&nbsp;de confe\u00e7\u00e3o de um alimento por um chef, experi\u00eancias sensoriais de alimentos e visitas de estudo a produtores locais.<\/p>\n\n\n\n<figure class=\"wp-block-image size-large\"><img decoding=\"async\" width=\"1024\" height=\"1024\" src=\"https:\/\/www.atelierdocaractere.pt\/wp-content\/uploads\/2024\/03\/9c23b224-ac15-4332-b34a-bcea9e531744-1024x1024.jpg\" alt=\"\" class=\"wp-image-12462\" srcset=\"https:\/\/www.atelierdocaractere.pt\/wp-content\/uploads\/2024\/03\/9c23b224-ac15-4332-b34a-bcea9e531744-1024x1024.jpg 1024w, https:\/\/www.atelierdocaractere.pt\/wp-content\/uploads\/2024\/03\/9c23b224-ac15-4332-b34a-bcea9e531744-300x300.jpg 300w, https:\/\/www.atelierdocaractere.pt\/wp-content\/uploads\/2024\/03\/9c23b224-ac15-4332-b34a-bcea9e531744-150x150.jpg 150w, https:\/\/www.atelierdocaractere.pt\/wp-content\/uploads\/2024\/03\/9c23b224-ac15-4332-b34a-bcea9e531744-768x768.jpg 768w, https:\/\/www.atelierdocaractere.pt\/wp-content\/uploads\/2024\/03\/9c23b224-ac15-4332-b34a-bcea9e531744-1536x1536.jpg 1536w, https:\/\/www.atelierdocaractere.pt\/wp-content\/uploads\/2024\/03\/9c23b224-ac15-4332-b34a-bcea9e531744-100x100.jpg 100w, https:\/\/www.atelierdocaractere.pt\/wp-content\/uploads\/2024\/03\/9c23b224-ac15-4332-b34a-bcea9e531744-140x140.jpg 140w, https:\/\/www.atelierdocaractere.pt\/wp-content\/uploads\/2024\/03\/9c23b224-ac15-4332-b34a-bcea9e531744-500x500.jpg 500w, https:\/\/www.atelierdocaractere.pt\/wp-content\/uploads\/2024\/03\/9c23b224-ac15-4332-b34a-bcea9e531744-350x350.jpg 350w, https:\/\/www.atelierdocaractere.pt\/wp-content\/uploads\/2024\/03\/9c23b224-ac15-4332-b34a-bcea9e531744-1000x1000.jpg 1000w, https:\/\/www.atelierdocaractere.pt\/wp-content\/uploads\/2024\/03\/9c23b224-ac15-4332-b34a-bcea9e531744-800x800.jpg 800w, https:\/\/www.atelierdocaractere.pt\/wp-content\/uploads\/2024\/03\/9c23b224-ac15-4332-b34a-bcea9e531744.jpg 1920w\" sizes=\"(max-width: 1024px) 100vw, 1024px\" \/><\/figure>\n\n\n\n<p>As a\u00e7\u00f5es incluem ainda a distribui\u00e7\u00e3o de uma brochura informativa e sess\u00f5es online sobre tem\u00e1ticas imperativas para uma alimenta\u00e7\u00e3o saud\u00e1vel, equilibrada e sustent\u00e1vel. O convite para participar ser\u00e1 extens\u00edvel a toda a comunidade do territ\u00f3rio Viseu D\u00e3o Laf\u00f5es, valorizando o papel fulcral dos Encarregados de Educa\u00e7\u00e3o na promo\u00e7\u00e3o de literacia alimentar junto das crian\u00e7as,<\/p>\n\n\n\n<p>Hoje, no centro de Escolar de Nelas, numa visita ao projeto, o&nbsp;<strong>Secret\u00e1rio Executivo da CIM Viseu D\u00e3o Laf\u00f5es<\/strong>,&nbsp;<strong>Nuno Martinho<\/strong>, referiu que&nbsp;<em>&#8220;este n\u00e3o \u00e9 um projeto isolado, na medida que deriva de iniciativas pedag\u00f3gicas desenvolvidas pela CIM no seu territ\u00f3rio em prol do Sucesso Educativo. Entre outras, destacamos o \u2018Cantinas Verdes \u2013 Estrutura\u00e7\u00e3o do Mercado Institucional de Alimentos em Viseu D\u00e3o Laf\u00f5es\u2019 e o \u2018Comer Bem, Sorrir Melhor\u2019, projetos que d\u00e3o \u00eanfase e respostas a situa\u00e7\u00f5es cl\u00ednicas e educativas registadas na regi\u00e3o&#8221;<\/em>.<\/p>\n\n\n\n<p>Nuno Martinho destacou ainda a&nbsp;<em>\u201cimport\u00e2ncia das a\u00e7\u00f5es de literacia alimentar nas escolas, desde idades precoces\u201d<\/em>.&nbsp;<em>\u201cEstas iniciativas desempenham um papel crucial no desenvolvimento integral das crian\u00e7as, nomeadamente, na promo\u00e7\u00e3o de h\u00e1bitos alimentares mais saud\u00e1veis, preven\u00e7\u00e3o de doen\u00e7as, consci\u00eancia ambiental e fomento de escolhas informadas. A consci\u00eancia cultural e regional concorre ainda para a valoriza\u00e7\u00e3o dos produtos locais e de \u00e9poca, promovendo a sustentabilidade das popula\u00e7\u00f5es\u201d<\/em>, considerou.<\/p>\n\n\n\n<p>Tamb\u00e9m presente nesta visita, o\u00a0<strong>Presidente do Munic\u00edpio de Nelas, Joaquim Amaral<\/strong>, valorizou a import\u00e2ncia da alimenta\u00e7\u00e3o saud\u00e1vel.\u00a0<em>&#8220;Este projeto \u00e9 muito importante, na medida em que envolve a componente aprendizagem, no sentido de sensibilizar para comer de uma forma saud\u00e1vel, de saber identificar os produtos, de criar h\u00e1bitos de vida e de alimenta\u00e7\u00e3o saud\u00e1veis, fazendo uso de algo muito importante que s\u00e3o os produtos locais. Vamos ensinar os nossos jovens a alimentarem-se bem, ao mesmo tempo que tem a vertente de promover empregos locais, ao consumirem os nossos produtos&#8221;<\/em>, disse.<\/p>\n\n\n\n<p><strong>Sobre a CIM Viseu D\u00e3o Laf\u00f5es:<\/strong><br>A CIM Viseu D\u00e3o Laf\u00f5es \u00e9 uma associa\u00e7\u00e3o de munic\u00edpios, denominada como Comunidade Intermunicipal, sendo constitu\u00edda pelos munic\u00edpios de\u00a0Aguiar da Beira, Carregal do Sal, Castro Daire, Mangualde, Nelas, Oliveira de Frades, Penalva do Castelo, Santa Comba D\u00e3o, S\u00e3o Pedro do Sul, S\u00e1t\u00e3o, Tondela, Vila Nova de Paiva, Viseu e Vouzela.<\/p>\n","protected":false},"excerpt":{"rendered":"<p>Projeto-piloto com a\u00e7\u00f5es pedag\u00f3gicas vai estar presente, at\u00e9 ao m\u00eas de julho, em 14 Jardins de Inf\u00e2ncia\/Escolas B\u00e1sicas de todo&#8230;<\/p>\n","protected":false},"author":7,"featured_media":12463,"comment_status":"closed","ping_status":"open","sticky":false,"template":"","format":"standard","meta":[],"categories":[67],"tags":[448],"yoast_head":"<!-- This site is optimized with the Yoast SEO plugin v20.12 - https:\/\/yoast.com\/wordpress\/plugins\/seo\/ -->\n<title>\u201cComer Bem, Crescer Feliz\u201d: CIM Viseu D\u00e3o Laf\u00f5es deu in\u00edcio a a\u00e7\u00f5es de literacia alimentar pelas escolas do territ\u00f3rio - Atelier do Caractere<\/title>\n<meta name=\"robots\" content=\"index, follow, max-snippet:-1, max-image-preview:large, max-video-preview:-1\" \/>\n<link rel=\"canonical\" href=\"https:\/\/www.atelierdocaractere.pt\/brevemente\/comer-bem-crescer-feliz-cim-viseu-dao-lafoes-deu-inicio-a-acoes-de-literacia-alimentar-pelas-escolas-do-territorio\/\" \/>\n<meta property=\"og:locale\" content=\"pt_PT\" \/>\n<meta property=\"og:type\" content=\"article\" \/>\n<meta property=\"og:title\" content=\"\u201cComer Bem, Crescer Feliz\u201d: CIM Viseu D\u00e3o Laf\u00f5es deu in\u00edcio a a\u00e7\u00f5es de literacia alimentar pelas escolas do territ\u00f3rio - Atelier do Caractere\" \/>\n<meta property=\"og:description\" content=\"Projeto-piloto com a\u00e7\u00f5es pedag\u00f3gicas vai estar presente, at\u00e9 ao m\u00eas de julho, em 14 Jardins de Inf\u00e2ncia\/Escolas B\u00e1sicas de todo...\" \/>\n<meta property=\"og:url\" content=\"https:\/\/www.atelierdocaractere.pt\/brevemente\/comer-bem-crescer-feliz-cim-viseu-dao-lafoes-deu-inicio-a-acoes-de-literacia-alimentar-pelas-escolas-do-territorio\/\" \/>\n<meta property=\"og:site_name\" content=\"Atelier do Caractere\" \/>\n<meta property=\"article:publisher\" content=\"https:\/\/www.facebook.com\/AtelierdoCaractere\" \/>\n<meta property=\"article:published_time\" content=\"2024-03-05T10:14:17+00:00\" \/>\n<meta property=\"article:modified_time\" content=\"2024-03-14T10:23:46+00:00\" \/>\n<meta property=\"og:image\" content=\"https:\/\/www.atelierdocaractere.pt\/wp-content\/uploads\/2024\/03\/imagem-whatsapp-2024-03-14-as-102208-43c971bc-e1710411786485.jpg\" \/>\n\t<meta property=\"og:image:width\" content=\"1600\" \/>\n\t<meta property=\"og:image:height\" content=\"1000\" \/>\n\t<meta property=\"og:image:type\" content=\"image\/jpeg\" \/>\n<meta name=\"author\" content=\"Joana Barbosa\" \/>\n<meta name=\"twitter:card\" content=\"summary_large_image\" \/>\n<meta name=\"twitter:label1\" content=\"Escrito por\" \/>\n\t<meta name=\"twitter:data1\" content=\"Joana Barbosa\" \/>\n\t<meta name=\"twitter:label2\" content=\"Tempo estimado de leitura\" \/>\n\t<meta name=\"twitter:data2\" content=\"4 minutos\" \/>\n<script type=\"application\/ld+json\" class=\"yoast-schema-graph\">{\"@context\":\"https:\/\/schema.org\",\"@graph\":[{\"@type\":\"WebPage\",\"@id\":\"https:\/\/www.atelierdocaractere.pt\/brevemente\/comer-bem-crescer-feliz-cim-viseu-dao-lafoes-deu-inicio-a-acoes-de-literacia-alimentar-pelas-escolas-do-territorio\/\",\"url\":\"https:\/\/www.atelierdocaractere.pt\/brevemente\/comer-bem-crescer-feliz-cim-viseu-dao-lafoes-deu-inicio-a-acoes-de-literacia-alimentar-pelas-escolas-do-territorio\/\",\"name\":\"\u201cComer Bem, Crescer Feliz\u201d: CIM Viseu D\u00e3o Laf\u00f5es deu in\u00edcio a a\u00e7\u00f5es de literacia alimentar pelas escolas do territ\u00f3rio - Atelier do Caractere\",\"isPartOf\":{\"@id\":\"https:\/\/www.atelierdocaractere.pt\/brevemente\/#website\"},\"datePublished\":\"2024-03-05T10:14:17+00:00\",\"dateModified\":\"2024-03-14T10:23:46+00:00\",\"author\":{\"@id\":\"https:\/\/www.atelierdocaractere.pt\/brevemente\/#\/schema\/person\/f2f096eb0f27d9894725af22cb97c0db\"},\"breadcrumb\":{\"@id\":\"https:\/\/www.atelierdocaractere.pt\/brevemente\/comer-bem-crescer-feliz-cim-viseu-dao-lafoes-deu-inicio-a-acoes-de-literacia-alimentar-pelas-escolas-do-territorio\/#breadcrumb\"},\"inLanguage\":\"pt-PT\",\"potentialAction\":[{\"@type\":\"ReadAction\",\"target\":[\"https:\/\/www.atelierdocaractere.pt\/brevemente\/comer-bem-crescer-feliz-cim-viseu-dao-lafoes-deu-inicio-a-acoes-de-literacia-alimentar-pelas-escolas-do-territorio\/\"]}]},{\"@type\":\"BreadcrumbList\",\"@id\":\"https:\/\/www.atelierdocaractere.pt\/brevemente\/comer-bem-crescer-feliz-cim-viseu-dao-lafoes-deu-inicio-a-acoes-de-literacia-alimentar-pelas-escolas-do-territorio\/#breadcrumb\",\"itemListElement\":[{\"@type\":\"ListItem\",\"position\":1,\"name\":\"In\u00edcio\",\"item\":\"https:\/\/www.atelierdocaractere.pt\/brevemente\/\"},{\"@type\":\"ListItem\",\"position\":2,\"name\":\"\u201cComer Bem, Crescer Feliz\u201d: CIM Viseu D\u00e3o Laf\u00f5es deu in\u00edcio a a\u00e7\u00f5es de literacia alimentar pelas escolas do territ\u00f3rio\"}]},{\"@type\":\"WebSite\",\"@id\":\"https:\/\/www.atelierdocaractere.pt\/brevemente\/#website\",\"url\":\"https:\/\/www.atelierdocaractere.pt\/brevemente\/\",\"name\":\"Atelier do Caractere\",\"description\":\"\",\"potentialAction\":[{\"@type\":\"SearchAction\",\"target\":{\"@type\":\"EntryPoint\",\"urlTemplate\":\"https:\/\/www.atelierdocaractere.pt\/brevemente\/?s={search_term_string}\"},\"query-input\":\"required name=search_term_string\"}],\"inLanguage\":\"pt-PT\"},{\"@type\":\"Person\",\"@id\":\"https:\/\/www.atelierdocaractere.pt\/brevemente\/#\/schema\/person\/f2f096eb0f27d9894725af22cb97c0db\",\"name\":\"Joana Barbosa\",\"image\":{\"@type\":\"ImageObject\",\"inLanguage\":\"pt-PT\",\"@id\":\"https:\/\/www.atelierdocaractere.pt\/brevemente\/#\/schema\/person\/image\/\",\"url\":\"https:\/\/secure.gravatar.com\/avatar\/33e8214b45e9d68a3a83008731075979?s=96&d=mm&r=g\",\"contentUrl\":\"https:\/\/secure.gravatar.com\/avatar\/33e8214b45e9d68a3a83008731075979?s=96&d=mm&r=g\",\"caption\":\"Joana Barbosa\"},\"url\":\"https:\/\/www.atelierdocaractere.pt\/brevemente\/author\/joanabarbosa\/\"}]}<\/script>\n<!-- \/ Yoast SEO plugin. -->","yoast_head_json":{"title":"\u201cComer Bem, Crescer Feliz\u201d: CIM Viseu D\u00e3o Laf\u00f5es deu in\u00edcio a a\u00e7\u00f5es de literacia alimentar pelas escolas do territ\u00f3rio - Atelier do Caractere","robots":{"index":"index","follow":"follow","max-snippet":"max-snippet:-1","max-image-preview":"max-image-preview:large","max-video-preview":"max-video-preview:-1"},"canonical":"https:\/\/www.atelierdocaractere.pt\/brevemente\/comer-bem-crescer-feliz-cim-viseu-dao-lafoes-deu-inicio-a-acoes-de-literacia-alimentar-pelas-escolas-do-territorio\/","og_locale":"pt_PT","og_type":"article","og_title":"\u201cComer Bem, Crescer Feliz\u201d: CIM Viseu D\u00e3o Laf\u00f5es deu in\u00edcio a a\u00e7\u00f5es de literacia alimentar pelas escolas do territ\u00f3rio - Atelier do Caractere","og_description":"Projeto-piloto com a\u00e7\u00f5es pedag\u00f3gicas vai estar presente, at\u00e9 ao m\u00eas de julho, em 14 Jardins de Inf\u00e2ncia\/Escolas B\u00e1sicas de todo...","og_url":"https:\/\/www.atelierdocaractere.pt\/brevemente\/comer-bem-crescer-feliz-cim-viseu-dao-lafoes-deu-inicio-a-acoes-de-literacia-alimentar-pelas-escolas-do-territorio\/","og_site_name":"Atelier do Caractere","article_publisher":"https:\/\/www.facebook.com\/AtelierdoCaractere","article_published_time":"2024-03-05T10:14:17+00:00","article_modified_time":"2024-03-14T10:23:46+00:00","og_image":[{"width":1600,"height":1000,"url":"https:\/\/www.atelierdocaractere.pt\/wp-content\/uploads\/2024\/03\/imagem-whatsapp-2024-03-14-as-102208-43c971bc-e1710411786485.jpg","type":"image\/jpeg"}],"author":"Joana Barbosa","twitter_card":"summary_large_image","twitter_misc":{"Escrito por":"Joana Barbosa","Tempo estimado de leitura":"4 minutos"},"schema":{"@context":"https:\/\/schema.org","@graph":[{"@type":"WebPage","@id":"https:\/\/www.atelierdocaractere.pt\/brevemente\/comer-bem-crescer-feliz-cim-viseu-dao-lafoes-deu-inicio-a-acoes-de-literacia-alimentar-pelas-escolas-do-territorio\/","url":"https:\/\/www.atelierdocaractere.pt\/brevemente\/comer-bem-crescer-feliz-cim-viseu-dao-lafoes-deu-inicio-a-acoes-de-literacia-alimentar-pelas-escolas-do-territorio\/","name":"\u201cComer Bem, Crescer Feliz\u201d: CIM Viseu D\u00e3o Laf\u00f5es deu in\u00edcio a a\u00e7\u00f5es de literacia alimentar pelas escolas do territ\u00f3rio - Atelier do Caractere","isPartOf":{"@id":"https:\/\/www.atelierdocaractere.pt\/brevemente\/#website"},"datePublished":"2024-03-05T10:14:17+00:00","dateModified":"2024-03-14T10:23:46+00:00","author":{"@id":"https:\/\/www.atelierdocaractere.pt\/brevemente\/#\/schema\/person\/f2f096eb0f27d9894725af22cb97c0db"},"breadcrumb":{"@id":"https:\/\/www.atelierdocaractere.pt\/brevemente\/comer-bem-crescer-feliz-cim-viseu-dao-lafoes-deu-inicio-a-acoes-de-literacia-alimentar-pelas-escolas-do-territorio\/#breadcrumb"},"inLanguage":"pt-PT","potentialAction":[{"@type":"ReadAction","target":["https:\/\/www.atelierdocaractere.pt\/brevemente\/comer-bem-crescer-feliz-cim-viseu-dao-lafoes-deu-inicio-a-acoes-de-literacia-alimentar-pelas-escolas-do-territorio\/"]}]},{"@type":"BreadcrumbList","@id":"https:\/\/www.atelierdocaractere.pt\/brevemente\/comer-bem-crescer-feliz-cim-viseu-dao-lafoes-deu-inicio-a-acoes-de-literacia-alimentar-pelas-escolas-do-territorio\/#breadcrumb","itemListElement":[{"@type":"ListItem","position":1,"name":"In\u00edcio","item":"https:\/\/www.atelierdocaractere.pt\/brevemente\/"},{"@type":"ListItem","position":2,"name":"\u201cComer Bem, Crescer Feliz\u201d: CIM Viseu D\u00e3o Laf\u00f5es deu in\u00edcio a a\u00e7\u00f5es de literacia alimentar pelas escolas do territ\u00f3rio"}]},{"@type":"WebSite","@id":"https:\/\/www.atelierdocaractere.pt\/brevemente\/#website","url":"https:\/\/www.atelierdocaractere.pt\/brevemente\/","name":"Atelier do Caractere","description":"","potentialAction":[{"@type":"SearchAction","target":{"@type":"EntryPoint","urlTemplate":"https:\/\/www.atelierdocaractere.pt\/brevemente\/?s={search_term_string}"},"query-input":"required name=search_term_string"}],"inLanguage":"pt-PT"},{"@type":"Person","@id":"https:\/\/www.atelierdocaractere.pt\/brevemente\/#\/schema\/person\/f2f096eb0f27d9894725af22cb97c0db","name":"Joana Barbosa","image":{"@type":"ImageObject","inLanguage":"pt-PT","@id":"https:\/\/www.atelierdocaractere.pt\/brevemente\/#\/schema\/person\/image\/","url":"https:\/\/secure.gravatar.com\/avatar\/33e8214b45e9d68a3a83008731075979?s=96&d=mm&r=g","contentUrl":"https:\/\/secure.gravatar.com\/avatar\/33e8214b45e9d68a3a83008731075979?s=96&d=mm&r=g","caption":"Joana Barbosa"},"url":"https:\/\/www.atelierdocaractere.pt\/brevemente\/author\/joanabarbosa\/"}]}},"_links":{"self":[{"href":"https:\/\/www.atelierdocaractere.pt\/brevemente\/wp-json\/wp\/v2\/posts\/12461"}],"collection":[{"href":"https:\/\/www.atelierdocaractere.pt\/brevemente\/wp-json\/wp\/v2\/posts"}],"about":[{"href":"https:\/\/www.atelierdocaractere.pt\/brevemente\/wp-json\/wp\/v2\/types\/post"}],"author":[{"embeddable":true,"href":"https:\/\/www.atelierdocaractere.pt\/brevemente\/wp-json\/wp\/v2\/users\/7"}],"replies":[{"embeddable":true,"href":"https:\/\/www.atelierdocaractere.pt\/brevemente\/wp-json\/wp\/v2\/comments?post=12461"}],"version-history":[{"count":1,"href":"https:\/\/www.atelierdocaractere.pt\/brevemente\/wp-json\/wp\/v2\/posts\/12461\/revisions"}],"predecessor-version":[{"id":12464,"href":"https:\/\/www.atelierdocaractere.pt\/brevemente\/wp-json\/wp\/v2\/posts\/12461\/revisions\/12464"}],"wp:featuredmedia":[{"embeddable":true,"href":"https:\/\/www.atelierdocaractere.pt\/brevemente\/wp-json\/wp\/v2\/media\/12463"}],"wp:attachment":[{"href":"https:\/\/www.atelierdocaractere.pt\/brevemente\/wp-json\/wp\/v2\/media?parent=12461"}],"wp:term":[{"taxonomy":"category","embeddable":true,"href":"https:\/\/www.atelierdocaractere.pt\/brevemente\/wp-json\/wp\/v2\/categories?post=12461"},{"taxonomy":"post_tag","embeddable":true,"href":"https:\/\/www.atelierdocaractere.pt\/brevemente\/wp-json\/wp\/v2\/tags?post=12461"}],"curies":[{"name":"wp","href":"https:\/\/api.w.org\/{rel}","templated":true}]}}