{"id":12548,"date":"2024-03-26T14:09:59","date_gmt":"2024-03-26T14:09:59","guid":{"rendered":"https:\/\/www.atelierdocaractere.pt\/brevemente\/?p=12548"},"modified":"2024-04-10T14:12:40","modified_gmt":"2024-04-10T14:12:40","slug":"projeto-uescolas-esta-de-regresso-as-escolas-dos-territorios-de-viseu-dao-lafoes-e-de-aveiro","status":"publish","type":"post","link":"https:\/\/www.atelierdocaractere.pt\/brevemente\/projeto-uescolas-esta-de-regresso-as-escolas-dos-territorios-de-viseu-dao-lafoes-e-de-aveiro\/","title":{"rendered":"Projeto \u201cUEscolas\u201d est\u00e1 de regresso \u00e0s escolas dos territ\u00f3rios de Viseu D\u00e3o Laf\u00f5es e de Aveiro"},"content":{"rendered":"\n<p><strong>Iniciativa do EUROPE DIRECT, que visa dar a conhecer os v\u00e1rios pa\u00edses da Uni\u00e3o Europeia, conta este ano com a participa\u00e7\u00e3o de mais de 600 alunos de escolas do 3.\u00ba Ciclo.<\/strong><\/p>\n\n\n\n<p>Ap\u00f3s o sucesso das duas primeiras edi\u00e7\u00f5es, o&nbsp;<strong>EUROPE DIRECT Viseu D\u00e3o Laf\u00f5es<\/strong>&nbsp;est\u00e1 de regresso \u00e0s escolas com o programa&nbsp;<strong>\u201cUEscolas\u201d<\/strong>, que consiste nos jogos pedag\u00f3gicos \u201cEU \u00e9 que sei!\u201d. Naquela que \u00e9 a sua terceira edi\u00e7\u00e3o, o programa j\u00e1 conta com 616 alunos inscritos, de escolas de Viseu D\u00e3o Laf\u00f5es e da Regi\u00e3o de Aveiro. Desde a sua primeira edi\u00e7\u00e3o, j\u00e1 participaram nesta iniciativa mais de 1100 alunos.<\/p>\n\n\n\n<p>O programa \u201cUEscolas\u201d \u00e9 destinado a professores e alunos do 3.\u00ba ciclo e visa promover, junto da comunidade escolar, a hist\u00f3ria e as din\u00e2micas culturais, pol\u00edticas e geogr\u00e1ficas do projeto europeu. Desta forma, procura dar resposta ao crescente interesse dos alunos pelas diferentes culturas dos 27 Estados Membros da Uni\u00e3o Europeia.<\/p>\n\n\n\n<p>As sess\u00f5es s\u00e3o dinamizadas em sala de aula, atrav\u00e9s de jogos did\u00e1ticos que apresentam temas de \u00e2mbito europeu num formato l\u00fadico e interativo. No final de cada sess\u00e3o, h\u00e1 pr\u00e9mios para distribuir entre os alunos vencedores dos jogos.&nbsp;<\/p>\n\n\n\n<p>Hoje, dia 26 de mar\u00e7o, o projeto come\u00e7a a percorrer as escolas das duas regi\u00f5es.&nbsp;Na primeira semana, os jogos \u201cEU \u00e9 que sei!\u201d v\u00e3o desafiar alunos de escolas de&nbsp;<strong>Vila Nova de Paiva<\/strong>&nbsp;(dia 26) e&nbsp;<strong>Castro Daire<\/strong>&nbsp;(dias 27 e 28).&nbsp;<\/p>\n\n\n\n<p>O programa arrancou a 28 de fevereiro, com um&nbsp;<em>workshop<\/em>&nbsp;para os professores participantes,&nbsp;que teve por objetivo a apresenta\u00e7\u00e3o do projeto e dos seus objetivos. Nesta sess\u00e3o de trabalho o EUROPE DIRECT teve a oportunidade de proporcionar aos docentes os conte\u00fados e os recursos did\u00e1ticos que lhes v\u00e3o permitir preparar as atividades.<\/p>\n\n\n\n<p><strong>Nuno Martinho, Secret\u00e1rio Executivo da Comunidade Intermunicipal (CIM) Viseu D\u00e3o Laf\u00f5es<\/strong>, entidade gestora doEUROPE DIRECT Viseu D\u00e3o Laf\u00f5es, lembra que&nbsp;<em>\u201c<\/em><em>o programa \u2018UEscolas\u2019 alcan\u00e7ou grande sucesso nas primeiras duas edi\u00e7\u00f5es, o que nos motivou a continuar a desafiar os alunos dos territ\u00f3rios de Viseu D\u00e3o Laf\u00f5es e da Regi\u00e3o de Aveiro a participar nestes jogos. As escolas s\u00e3o uma prioridade para a a\u00e7\u00e3o do EUROPE DIRECT, que tem levado variadas atividades \u00e0s salas de aula&#8221;.<\/em><\/p>\n\n\n\n<p><em>\u00a0&#8220;Para n\u00f3s \u00e9 crucial partilhar os valores fundamentais da Uni\u00e3o Europeia e discutir os grandes temas que afetam o dia a dia de todos os europeus. Assim, neste ano de elei\u00e7\u00f5es europeias, faz todo o sentido desenvolver a\u00e7\u00f5es que, a exemplo desta atividade, promovam um contacto pr\u00f3ximo com a popula\u00e7\u00e3o, em particular com os segmentos mais jovens, para que, ao longo das suas vidas, possam participar, de forma esclarecida, neste grande projeto que \u00e9 a\u00a0Uni\u00e3o Europeia&#8221;, acrescenta.<\/em><\/p>\n\n\n\n<p><strong>Sobre a CIM Viseu D\u00e3o Laf\u00f5es:<\/strong><br>A CIM Viseu D\u00e3o Laf\u00f5es \u00e9 uma associa\u00e7\u00e3o de munic\u00edpios, denominada como Comunidade Intermunicipal, sendo constitu\u00edda pelos munic\u00edpios de\u00a0Aguiar da Beira, Carregal do Sal, Castro Daire, Mangualde, Nelas, Oliveira de Frades, Penalva do Castelo, Santa Comba D\u00e3o, S\u00e3o Pedro do Sul, S\u00e1t\u00e3o, Tondela, Vila Nova de Paiva, Viseu e Vouzela.<\/p>\n","protected":false},"excerpt":{"rendered":"<p>Iniciativa do EUROPE DIRECT, que visa dar a conhecer os v\u00e1rios pa\u00edses da Uni\u00e3o Europeia, conta este ano com a&#8230;<\/p>\n","protected":false},"author":7,"featured_media":0,"comment_status":"closed","ping_status":"open","sticky":false,"template":"","format":"standard","meta":[],"categories":[33],"tags":[552,741,636],"yoast_head":"<!-- This site is optimized with the Yoast SEO plugin v20.12 - https:\/\/yoast.com\/wordpress\/plugins\/seo\/ -->\n<title>Projeto \u201cUEscolas\u201d est\u00e1 de regresso \u00e0s escolas dos territ\u00f3rios de Viseu D\u00e3o Laf\u00f5es e de Aveiro - Atelier do Caractere<\/title>\n<meta name=\"robots\" content=\"index, follow, max-snippet:-1, max-image-preview:large, max-video-preview:-1\" \/>\n<link rel=\"canonical\" href=\"https:\/\/www.atelierdocaractere.pt\/brevemente\/projeto-uescolas-esta-de-regresso-as-escolas-dos-territorios-de-viseu-dao-lafoes-e-de-aveiro\/\" \/>\n<meta property=\"og:locale\" content=\"pt_PT\" \/>\n<meta property=\"og:type\" content=\"article\" \/>\n<meta property=\"og:title\" content=\"Projeto \u201cUEscolas\u201d est\u00e1 de regresso \u00e0s escolas dos territ\u00f3rios de Viseu D\u00e3o Laf\u00f5es e de Aveiro - Atelier do Caractere\" \/>\n<meta property=\"og:description\" content=\"Iniciativa do EUROPE DIRECT, que visa dar a conhecer os v\u00e1rios pa\u00edses da Uni\u00e3o Europeia, conta este ano com a...\" \/>\n<meta property=\"og:url\" content=\"https:\/\/www.atelierdocaractere.pt\/brevemente\/projeto-uescolas-esta-de-regresso-as-escolas-dos-territorios-de-viseu-dao-lafoes-e-de-aveiro\/\" \/>\n<meta property=\"og:site_name\" content=\"Atelier do Caractere\" \/>\n<meta property=\"article:publisher\" content=\"https:\/\/www.facebook.com\/AtelierdoCaractere\" \/>\n<meta property=\"article:published_time\" content=\"2024-03-26T14:09:59+00:00\" \/>\n<meta property=\"article:modified_time\" content=\"2024-04-10T14:12:40+00:00\" \/>\n<meta name=\"author\" content=\"Joana Barbosa\" \/>\n<meta name=\"twitter:card\" content=\"summary_large_image\" \/>\n<meta name=\"twitter:label1\" content=\"Escrito por\" \/>\n\t<meta name=\"twitter:data1\" content=\"Joana Barbosa\" \/>\n\t<meta name=\"twitter:label2\" content=\"Tempo estimado de leitura\" \/>\n\t<meta name=\"twitter:data2\" content=\"3 minutos\" \/>\n<script type=\"application\/ld+json\" class=\"yoast-schema-graph\">{\"@context\":\"https:\/\/schema.org\",\"@graph\":[{\"@type\":\"WebPage\",\"@id\":\"https:\/\/www.atelierdocaractere.pt\/brevemente\/projeto-uescolas-esta-de-regresso-as-escolas-dos-territorios-de-viseu-dao-lafoes-e-de-aveiro\/\",\"url\":\"https:\/\/www.atelierdocaractere.pt\/brevemente\/projeto-uescolas-esta-de-regresso-as-escolas-dos-territorios-de-viseu-dao-lafoes-e-de-aveiro\/\",\"name\":\"Projeto \u201cUEscolas\u201d est\u00e1 de regresso \u00e0s escolas dos territ\u00f3rios de Viseu D\u00e3o Laf\u00f5es e de Aveiro - Atelier do Caractere\",\"isPartOf\":{\"@id\":\"https:\/\/www.atelierdocaractere.pt\/brevemente\/#website\"},\"datePublished\":\"2024-03-26T14:09:59+00:00\",\"dateModified\":\"2024-04-10T14:12:40+00:00\",\"author\":{\"@id\":\"https:\/\/www.atelierdocaractere.pt\/brevemente\/#\/schema\/person\/f2f096eb0f27d9894725af22cb97c0db\"},\"breadcrumb\":{\"@id\":\"https:\/\/www.atelierdocaractere.pt\/brevemente\/projeto-uescolas-esta-de-regresso-as-escolas-dos-territorios-de-viseu-dao-lafoes-e-de-aveiro\/#breadcrumb\"},\"inLanguage\":\"pt-PT\",\"potentialAction\":[{\"@type\":\"ReadAction\",\"target\":[\"https:\/\/www.atelierdocaractere.pt\/brevemente\/projeto-uescolas-esta-de-regresso-as-escolas-dos-territorios-de-viseu-dao-lafoes-e-de-aveiro\/\"]}]},{\"@type\":\"BreadcrumbList\",\"@id\":\"https:\/\/www.atelierdocaractere.pt\/brevemente\/projeto-uescolas-esta-de-regresso-as-escolas-dos-territorios-de-viseu-dao-lafoes-e-de-aveiro\/#breadcrumb\",\"itemListElement\":[{\"@type\":\"ListItem\",\"position\":1,\"name\":\"In\u00edcio\",\"item\":\"https:\/\/www.atelierdocaractere.pt\/brevemente\/\"},{\"@type\":\"ListItem\",\"position\":2,\"name\":\"Projeto \u201cUEscolas\u201d est\u00e1 de regresso \u00e0s escolas dos territ\u00f3rios de Viseu D\u00e3o Laf\u00f5es e de Aveiro\"}]},{\"@type\":\"WebSite\",\"@id\":\"https:\/\/www.atelierdocaractere.pt\/brevemente\/#website\",\"url\":\"https:\/\/www.atelierdocaractere.pt\/brevemente\/\",\"name\":\"Atelier do Caractere\",\"description\":\"\",\"potentialAction\":[{\"@type\":\"SearchAction\",\"target\":{\"@type\":\"EntryPoint\",\"urlTemplate\":\"https:\/\/www.atelierdocaractere.pt\/brevemente\/?s={search_term_string}\"},\"query-input\":\"required name=search_term_string\"}],\"inLanguage\":\"pt-PT\"},{\"@type\":\"Person\",\"@id\":\"https:\/\/www.atelierdocaractere.pt\/brevemente\/#\/schema\/person\/f2f096eb0f27d9894725af22cb97c0db\",\"name\":\"Joana Barbosa\",\"image\":{\"@type\":\"ImageObject\",\"inLanguage\":\"pt-PT\",\"@id\":\"https:\/\/www.atelierdocaractere.pt\/brevemente\/#\/schema\/person\/image\/\",\"url\":\"https:\/\/secure.gravatar.com\/avatar\/33e8214b45e9d68a3a83008731075979?s=96&d=mm&r=g\",\"contentUrl\":\"https:\/\/secure.gravatar.com\/avatar\/33e8214b45e9d68a3a83008731075979?s=96&d=mm&r=g\",\"caption\":\"Joana Barbosa\"},\"url\":\"https:\/\/www.atelierdocaractere.pt\/brevemente\/author\/joanabarbosa\/\"}]}<\/script>\n<!-- \/ Yoast SEO plugin. -->","yoast_head_json":{"title":"Projeto \u201cUEscolas\u201d est\u00e1 de regresso \u00e0s escolas dos territ\u00f3rios de Viseu D\u00e3o Laf\u00f5es e de Aveiro - Atelier do Caractere","robots":{"index":"index","follow":"follow","max-snippet":"max-snippet:-1","max-image-preview":"max-image-preview:large","max-video-preview":"max-video-preview:-1"},"canonical":"https:\/\/www.atelierdocaractere.pt\/brevemente\/projeto-uescolas-esta-de-regresso-as-escolas-dos-territorios-de-viseu-dao-lafoes-e-de-aveiro\/","og_locale":"pt_PT","og_type":"article","og_title":"Projeto \u201cUEscolas\u201d est\u00e1 de regresso \u00e0s escolas dos territ\u00f3rios de Viseu D\u00e3o Laf\u00f5es e de Aveiro - Atelier do Caractere","og_description":"Iniciativa do EUROPE DIRECT, que visa dar a conhecer os v\u00e1rios pa\u00edses da Uni\u00e3o Europeia, conta este ano com a...","og_url":"https:\/\/www.atelierdocaractere.pt\/brevemente\/projeto-uescolas-esta-de-regresso-as-escolas-dos-territorios-de-viseu-dao-lafoes-e-de-aveiro\/","og_site_name":"Atelier do Caractere","article_publisher":"https:\/\/www.facebook.com\/AtelierdoCaractere","article_published_time":"2024-03-26T14:09:59+00:00","article_modified_time":"2024-04-10T14:12:40+00:00","author":"Joana Barbosa","twitter_card":"summary_large_image","twitter_misc":{"Escrito por":"Joana Barbosa","Tempo estimado de leitura":"3 minutos"},"schema":{"@context":"https:\/\/schema.org","@graph":[{"@type":"WebPage","@id":"https:\/\/www.atelierdocaractere.pt\/brevemente\/projeto-uescolas-esta-de-regresso-as-escolas-dos-territorios-de-viseu-dao-lafoes-e-de-aveiro\/","url":"https:\/\/www.atelierdocaractere.pt\/brevemente\/projeto-uescolas-esta-de-regresso-as-escolas-dos-territorios-de-viseu-dao-lafoes-e-de-aveiro\/","name":"Projeto \u201cUEscolas\u201d est\u00e1 de regresso \u00e0s escolas dos territ\u00f3rios de Viseu D\u00e3o Laf\u00f5es e de Aveiro - Atelier do Caractere","isPartOf":{"@id":"https:\/\/www.atelierdocaractere.pt\/brevemente\/#website"},"datePublished":"2024-03-26T14:09:59+00:00","dateModified":"2024-04-10T14:12:40+00:00","author":{"@id":"https:\/\/www.atelierdocaractere.pt\/brevemente\/#\/schema\/person\/f2f096eb0f27d9894725af22cb97c0db"},"breadcrumb":{"@id":"https:\/\/www.atelierdocaractere.pt\/brevemente\/projeto-uescolas-esta-de-regresso-as-escolas-dos-territorios-de-viseu-dao-lafoes-e-de-aveiro\/#breadcrumb"},"inLanguage":"pt-PT","potentialAction":[{"@type":"ReadAction","target":["https:\/\/www.atelierdocaractere.pt\/brevemente\/projeto-uescolas-esta-de-regresso-as-escolas-dos-territorios-de-viseu-dao-lafoes-e-de-aveiro\/"]}]},{"@type":"BreadcrumbList","@id":"https:\/\/www.atelierdocaractere.pt\/brevemente\/projeto-uescolas-esta-de-regresso-as-escolas-dos-territorios-de-viseu-dao-lafoes-e-de-aveiro\/#breadcrumb","itemListElement":[{"@type":"ListItem","position":1,"name":"In\u00edcio","item":"https:\/\/www.atelierdocaractere.pt\/brevemente\/"},{"@type":"ListItem","position":2,"name":"Projeto \u201cUEscolas\u201d est\u00e1 de regresso \u00e0s escolas dos territ\u00f3rios de Viseu D\u00e3o Laf\u00f5es e de Aveiro"}]},{"@type":"WebSite","@id":"https:\/\/www.atelierdocaractere.pt\/brevemente\/#website","url":"https:\/\/www.atelierdocaractere.pt\/brevemente\/","name":"Atelier do Caractere","description":"","potentialAction":[{"@type":"SearchAction","target":{"@type":"EntryPoint","urlTemplate":"https:\/\/www.atelierdocaractere.pt\/brevemente\/?s={search_term_string}"},"query-input":"required name=search_term_string"}],"inLanguage":"pt-PT"},{"@type":"Person","@id":"https:\/\/www.atelierdocaractere.pt\/brevemente\/#\/schema\/person\/f2f096eb0f27d9894725af22cb97c0db","name":"Joana Barbosa","image":{"@type":"ImageObject","inLanguage":"pt-PT","@id":"https:\/\/www.atelierdocaractere.pt\/brevemente\/#\/schema\/person\/image\/","url":"https:\/\/secure.gravatar.com\/avatar\/33e8214b45e9d68a3a83008731075979?s=96&d=mm&r=g","contentUrl":"https:\/\/secure.gravatar.com\/avatar\/33e8214b45e9d68a3a83008731075979?s=96&d=mm&r=g","caption":"Joana Barbosa"},"url":"https:\/\/www.atelierdocaractere.pt\/brevemente\/author\/joanabarbosa\/"}]}},"_links":{"self":[{"href":"https:\/\/www.atelierdocaractere.pt\/brevemente\/wp-json\/wp\/v2\/posts\/12548"}],"collection":[{"href":"https:\/\/www.atelierdocaractere.pt\/brevemente\/wp-json\/wp\/v2\/posts"}],"about":[{"href":"https:\/\/www.atelierdocaractere.pt\/brevemente\/wp-json\/wp\/v2\/types\/post"}],"author":[{"embeddable":true,"href":"https:\/\/www.atelierdocaractere.pt\/brevemente\/wp-json\/wp\/v2\/users\/7"}],"replies":[{"embeddable":true,"href":"https:\/\/www.atelierdocaractere.pt\/brevemente\/wp-json\/wp\/v2\/comments?post=12548"}],"version-history":[{"count":1,"href":"https:\/\/www.atelierdocaractere.pt\/brevemente\/wp-json\/wp\/v2\/posts\/12548\/revisions"}],"predecessor-version":[{"id":12549,"href":"https:\/\/www.atelierdocaractere.pt\/brevemente\/wp-json\/wp\/v2\/posts\/12548\/revisions\/12549"}],"wp:attachment":[{"href":"https:\/\/www.atelierdocaractere.pt\/brevemente\/wp-json\/wp\/v2\/media?parent=12548"}],"wp:term":[{"taxonomy":"category","embeddable":true,"href":"https:\/\/www.atelierdocaractere.pt\/brevemente\/wp-json\/wp\/v2\/categories?post=12548"},{"taxonomy":"post_tag","embeddable":true,"href":"https:\/\/www.atelierdocaractere.pt\/brevemente\/wp-json\/wp\/v2\/tags?post=12548"}],"curies":[{"name":"wp","href":"https:\/\/api.w.org\/{rel}","templated":true}]}}