{"id":12582,"date":"2024-04-03T14:42:09","date_gmt":"2024-04-03T14:42:09","guid":{"rendered":"https:\/\/www.atelierdocaractere.pt\/brevemente\/?p=12582"},"modified":"2024-04-10T14:46:04","modified_gmt":"2024-04-10T14:46:04","slug":"escola-internacional-de-torres-vedras-cumpre-ciclo-de-investimento-de-1-milhao-de-euros-e-reforca-aposta-na-oferta-da-educacao-de-excelencia","status":"publish","type":"post","link":"https:\/\/www.atelierdocaractere.pt\/brevemente\/escola-internacional-de-torres-vedras-cumpre-ciclo-de-investimento-de-1-milhao-de-euros-e-reforca-aposta-na-oferta-da-educacao-de-excelencia\/","title":{"rendered":"Escola Internacional de Torres Vedras cumpre ciclo de investimento de 1 milh\u00e3o de euros e refor\u00e7a aposta na oferta da Educa\u00e7\u00e3o de excel\u00eancia"},"content":{"rendered":"\n<p>\u00b7\u00a0\u00a0\u00a0\u00a0\u00a0\u00a0Principais investimentos ao n\u00edvel curricular: i<strong>mplementa\u00e7\u00e3o de Plano Curricular Cambridge (ingl\u00eas), com o objetivo de duplicar o n\u00famero de alunos<\/strong>, ap\u00f3s a estreia neste ano letivo;\u00a0<strong>desenvolvimento de parceria com a Microsoft\u00a0<\/strong>(rumo \u00e0 rara certifica\u00e7\u00e3o\u00a0<em>Microsoft Showcase School<\/em>); e continua\u00e7\u00e3o da oferta do curr\u00edculo\u00a0<strong>norte-americano Dual Diploma (foi a primeira institui\u00e7\u00e3o de ensino em Portugal autorizada a faz\u00ea-lo).<\/strong><\/p>\n\n\n\n<figure class=\"wp-block-image size-large\"><img decoding=\"async\" width=\"1024\" height=\"692\" src=\"https:\/\/www.atelierdocaractere.pt\/wp-content\/uploads\/2024\/04\/eitv-vista-aerea-1024x692.jpg\" alt=\"\" class=\"wp-image-12583\" srcset=\"https:\/\/www.atelierdocaractere.pt\/wp-content\/uploads\/2024\/04\/eitv-vista-aerea-1024x692.jpg 1024w, https:\/\/www.atelierdocaractere.pt\/wp-content\/uploads\/2024\/04\/eitv-vista-aerea-300x203.jpg 300w, https:\/\/www.atelierdocaractere.pt\/wp-content\/uploads\/2024\/04\/eitv-vista-aerea-768x519.jpg 768w, https:\/\/www.atelierdocaractere.pt\/wp-content\/uploads\/2024\/04\/eitv-vista-aerea-1536x1038.jpg 1536w, https:\/\/www.atelierdocaractere.pt\/wp-content\/uploads\/2024\/04\/eitv-vista-aerea-400x269.jpg 400w, https:\/\/www.atelierdocaractere.pt\/wp-content\/uploads\/2024\/04\/eitv-vista-aerea.jpg 1789w\" sizes=\"(max-width: 1024px) 100vw, 1024px\" \/><\/figure>\n\n\n\n<p><a>A Escola Internacional de Torres Vedras (a EITV) prepara-se para fechar o ano letivo de 2023\/24 cumprindo um ciclo de investimento na ordem de 1 milh\u00e3o de euros, refor\u00e7ando a aposta na educa\u00e7\u00e3o de excel\u00eancia, em particular na implementa\u00e7\u00e3o dos planos curriculares&nbsp;<strong>Cambridge&nbsp;<\/strong>(ingl\u00eas) e<strong>&nbsp;Dual Diploma&nbsp;<\/strong>(norte-americano), bem como no processo de&nbsp;<strong>certifica\u00e7\u00e3o&nbsp;<em>Microsoft Showcase School<\/em><\/strong>.<\/a><\/p>\n\n\n\n<p>A EITV iniciou o presente ano letivo com a estreia do Plano Curricular Cambridge, acolhendo de imediato 61 alunos de 17 nacionalidades e dando resposta, al\u00e9m do mercado nacional, a um mercado internacional cada vez mais presente, sobretudo em virtude das novas din\u00e2micas profissionais e atratividade de Portugal e da Regi\u00e3o Oeste&nbsp;mas, tamb\u00e9m, da di\u00e1spora das guerras.&nbsp;<strong>\u201c<em>Gra\u00e7as ao investimento realizado, principalmente em recursos humanos e tecnologia, porque a infraestrutura j\u00e1 a t\u00ednhamos e tamb\u00e9m \u00e9 de excel\u00eancia, desenvolvemos capacidade de resposta num Plano Curricular Cambridge, que \u00e9 crucial para a internacionaliza\u00e7\u00e3o da nossa oferta e no qual estamos preparados para continuar a crescer, dobrando o n\u00famero de alunos j\u00e1 em 2024\/25\u201d<\/em><\/strong>, enquadra Eduardo Castro, Diretor da Escola Internacional de Torres Vedras.<\/p>\n\n\n\n<p>Paralelamente, em 2023\/24, a EITV prossegiu o&nbsp;<strong>Plano Dual Diploma<\/strong>&nbsp;estreado em 2020\/21, assegurando a possibilidade de um aluno alcan\u00e7ar dois diplomas em simult\u00e2neo (o secund\u00e1rio do pa\u00eds de origem, presencial, conjugado com o norte-americano American High School Diploma, lecionado online como oferta extracurricular).&nbsp;<strong>Al\u00e9m disso, encetou o processo de certifica\u00e7\u00e3o como Microsoft Showcase School, candidatando-se assim a um programa de transforma\u00e7\u00e3o escolar para escolas pioneiras de todo mundo.&nbsp;<\/strong>Este programa est\u00e1focado na cria\u00e7\u00e3o de experi\u00eancias centradas nos alunos, atrav\u00e9s de novos recursos, em particular, do digital. \u201c<strong><em>70 equipamentos Microsoft Surface est\u00e3o j\u00e1 ativos na EITV, num primeiro passo para implementa\u00e7\u00e3o do projeto, rumo \u00e0 certifica\u00e7\u00e3o como Microsoft Showcase School. Este \u00e9 mais um investimento significativo, n\u00e3o apenas na tecnologia, mas na implementa\u00e7\u00e3o de novas pr\u00e1ticas que decorrem da mesma e que nos posicionam como uma das raras escolas em Portugal a disponibilizar estes recursos para os alunos\u201d<\/em><\/strong>, termina Eduardo Castro.<\/p>\n\n\n\n<figure class=\"wp-block-image size-full\"><img decoding=\"async\" width=\"1024\" height=\"685\" src=\"https:\/\/www.atelierdocaractere.pt\/wp-content\/uploads\/2024\/04\/eitv-entrada.jpg\" alt=\"\" class=\"wp-image-12584\" srcset=\"https:\/\/www.atelierdocaractere.pt\/wp-content\/uploads\/2024\/04\/eitv-entrada.jpg 1024w, https:\/\/www.atelierdocaractere.pt\/wp-content\/uploads\/2024\/04\/eitv-entrada-300x201.jpg 300w, https:\/\/www.atelierdocaractere.pt\/wp-content\/uploads\/2024\/04\/eitv-entrada-768x514.jpg 768w, https:\/\/www.atelierdocaractere.pt\/wp-content\/uploads\/2024\/04\/eitv-entrada-400x269.jpg 400w\" sizes=\"(max-width: 1024px) 100vw, 1024px\" \/><\/figure>\n\n\n\n<p><strong>EITV: uma Escola com tr\u00eas percursos educativos paralelos<\/strong><\/p>\n\n\n\n<p>Fundada em 2005, a EITV &#8211; Escola Internacional de Torres Vedras tem como miss\u00e3o oferecer uma educa\u00e7\u00e3o de qualidade, preparando os jovens para os desafios do mundo moderno. Com uma oferta desde o ber\u00e7\u00e1rio ao 12.\u00ba ano, e com alunos de 25 nacionalidades, a escola procura explorar ao m\u00e1ximo o potencial de cada estudante, oferecendo tr\u00eas percursos educativos distintos:<strong>&nbsp;o curr\u00edculo nacional portugu\u00eas; o curr\u00edculo ingl\u00eas de Cambridge (uma novidade neste ano letivo); e complementarmente o Dual Diploma norte-americano (primeira institui\u00e7\u00e3o em Portugal autorizada, em parceria com a &#8220;Academica International Studies&#8221;).<\/strong><\/p>\n\n\n\n<p>A EITV proporciona aos seus alunos uma forma\u00e7\u00e3o de prest\u00edgio reconhecida internacionalmente. A inclus\u00e3o, este ano, do curr\u00edculo certificado de Cambridge ampliou ainda mais as oportunidades educacionais, com exames que validam de forma oficial a profici\u00eancia educativa, um recurso valioso num mundo cada vez mais globalizado.<\/p>\n\n\n\n<p>Al\u00e9m disso, a escola prioriza o ensino de idiomas, oferecendo forma\u00e7\u00e3o certificada em ingl\u00eas, espanhol e franc\u00eas, desde tenra idade.&nbsp;<strong>Atualmente, a EITV acolhe 442 alunos, sendo que 61 seguem o curr\u00edculo Cambridge, o que reflete a diversidade educativa da escola e o seu compromisso com a excel\u00eancia acad\u00e9mica<\/strong>.<\/p>\n\n\n\n<p><strong>Um m\u00e9todo de ensino diferenciado<\/strong><\/p>\n\n\n\n<p>Um dos pontos distintivos da EITV \u00e9 o seu m\u00e9todo de&nbsp;<strong>ensino diferenciado<\/strong>, que enfatiza o acompanhamento individualizado dos alunos, promovendo a sua responsabilidade e autonomia no processo de aprendizagem. Os professores realizam discuss\u00f5es regulares com cada aluno e com os seus pais, para avaliar o progresso e identificar \u00e1reas de desenvolvimento, garantindo uma abordagem personalizada e eficaz.<\/p>\n\n\n\n<p>As atividades letivas incluem apresenta\u00e7\u00f5es e trabalhos de grupo desde o 1.\u00ba ano. Desde a pr\u00e9-escola que \u00e9 proporcionada uma variedade de atividades extracurriculares, como artes e desportos de grupo, que promovem o esp\u00edrito de equipa, criatividade e responsabilidade.<\/p>\n\n\n\n<p><a><strong>Eduardo Castro, diretor da Escola Internacional de Torres Vedras<\/strong><\/a>, destaca o compromisso da institui\u00e7\u00e3o em oferecer uma educa\u00e7\u00e3o de excel\u00eancia, preparando os alunos para enfrentar os desafios do s\u00e9culo XXI.&nbsp;<strong><em>&#8220;A EITV n\u00e3o \u00e9 apenas uma escola, \u00e9 uma comunidade dedicada ao crescimento e ao sucesso de cada aluno. Com uma infraestrutura moderna, tecnologia de ponta e um ambiente multicultural, estamos preparados para oferecer uma educa\u00e7\u00e3o de classe mundial&#8221;<\/em><\/strong>, sublinha.<strong>&nbsp;<em>\u201cEstou convicto de que somos uma das melhores op\u00e7\u00f5es a n\u00edvel educacional da Grande Lisboa\u201d<\/em>,<\/strong>&nbsp;acrescenta.<\/p>\n\n\n\n<p><strong>Instala\u00e7\u00f5es privilegiadas<\/strong><\/p>\n\n\n\n<p>Al\u00e9m de m\u00e9todo de ensino diferenciado, a EITV proporciona instala\u00e7\u00f5es de qualidade superior \u00e0 comunidade educativa.&nbsp;Localizada&nbsp;<strong>a apenas 40 minutos de Lisboa<\/strong>, num ambiente privilegiado,&nbsp;a Escola disp\u00f5e de 45.000 m\u00b2 ao servi\u00e7o da Educa\u00e7\u00e3o,&nbsp;com 10.000m2 de edificado, rodeados por 35.000m2 de espa\u00e7os verdes e ar puro \u2013 que incluem&nbsp;uma quinta florestal e pedag\u00f3gica, onde os alunos podem aprender sobre agricultura e sustentabilidade ambiental.<\/p>\n\n\n\n<p>As salas de aula s\u00e3o espa\u00e7osas e equipadas com os melhores materiais, enquanto as instala\u00e7\u00f5es desportivas promovem a sa\u00fade f\u00edsica e o trabalho em equipa. A escola tamb\u00e9m oferece acesso a laborat\u00f3rios e salas de inform\u00e1tica que incentivam os alunos a explorar os seus interesses e a expandir os seus conhecimentos.<\/p>\n","protected":false},"excerpt":{"rendered":"<p>\u00b7\u00a0\u00a0\u00a0\u00a0\u00a0\u00a0Principais investimentos ao n\u00edvel curricular: implementa\u00e7\u00e3o de Plano Curricular Cambridge (ingl\u00eas), com o objetivo de duplicar o n\u00famero de alunos,&#8230;<\/p>\n","protected":false},"author":7,"featured_media":12583,"comment_status":"closed","ping_status":"open","sticky":false,"template":"","format":"standard","meta":[],"categories":[67],"tags":[744,773],"yoast_head":"<!-- This site is optimized with the Yoast SEO plugin v20.12 - https:\/\/yoast.com\/wordpress\/plugins\/seo\/ -->\n<title>Escola Internacional de Torres Vedras cumpre ciclo de investimento de 1 milh\u00e3o de euros e refor\u00e7a aposta na oferta da Educa\u00e7\u00e3o de excel\u00eancia - Atelier do Caractere<\/title>\n<meta name=\"robots\" content=\"index, follow, max-snippet:-1, max-image-preview:large, max-video-preview:-1\" \/>\n<link rel=\"canonical\" href=\"https:\/\/www.atelierdocaractere.pt\/brevemente\/escola-internacional-de-torres-vedras-cumpre-ciclo-de-investimento-de-1-milhao-de-euros-e-reforca-aposta-na-oferta-da-educacao-de-excelencia\/\" \/>\n<meta property=\"og:locale\" content=\"pt_PT\" \/>\n<meta property=\"og:type\" content=\"article\" \/>\n<meta property=\"og:title\" content=\"Escola Internacional de Torres Vedras cumpre ciclo de investimento de 1 milh\u00e3o de euros e refor\u00e7a aposta na oferta da Educa\u00e7\u00e3o de excel\u00eancia - Atelier do Caractere\" \/>\n<meta property=\"og:description\" content=\"\u00b7\u00a0\u00a0\u00a0\u00a0\u00a0\u00a0Principais investimentos ao n\u00edvel curricular: implementa\u00e7\u00e3o de Plano Curricular Cambridge (ingl\u00eas), com o objetivo de duplicar o n\u00famero de alunos,...\" \/>\n<meta property=\"og:url\" content=\"https:\/\/www.atelierdocaractere.pt\/brevemente\/escola-internacional-de-torres-vedras-cumpre-ciclo-de-investimento-de-1-milhao-de-euros-e-reforca-aposta-na-oferta-da-educacao-de-excelencia\/\" \/>\n<meta property=\"og:site_name\" content=\"Atelier do Caractere\" \/>\n<meta property=\"article:publisher\" content=\"https:\/\/www.facebook.com\/AtelierdoCaractere\" \/>\n<meta property=\"article:published_time\" content=\"2024-04-03T14:42:09+00:00\" \/>\n<meta property=\"article:modified_time\" content=\"2024-04-10T14:46:04+00:00\" \/>\n<meta property=\"og:image\" content=\"https:\/\/www.atelierdocaractere.pt\/wp-content\/uploads\/2024\/04\/eitv-vista-aerea.jpg\" \/>\n\t<meta property=\"og:image:width\" content=\"1789\" \/>\n\t<meta property=\"og:image:height\" content=\"1209\" \/>\n\t<meta property=\"og:image:type\" content=\"image\/jpeg\" \/>\n<meta name=\"author\" content=\"Joana Barbosa\" \/>\n<meta name=\"twitter:card\" content=\"summary_large_image\" \/>\n<meta name=\"twitter:label1\" content=\"Escrito por\" \/>\n\t<meta name=\"twitter:data1\" content=\"Joana Barbosa\" \/>\n\t<meta name=\"twitter:label2\" content=\"Tempo estimado de leitura\" \/>\n\t<meta name=\"twitter:data2\" content=\"6 minutos\" \/>\n<script type=\"application\/ld+json\" class=\"yoast-schema-graph\">{\"@context\":\"https:\/\/schema.org\",\"@graph\":[{\"@type\":\"WebPage\",\"@id\":\"https:\/\/www.atelierdocaractere.pt\/brevemente\/escola-internacional-de-torres-vedras-cumpre-ciclo-de-investimento-de-1-milhao-de-euros-e-reforca-aposta-na-oferta-da-educacao-de-excelencia\/\",\"url\":\"https:\/\/www.atelierdocaractere.pt\/brevemente\/escola-internacional-de-torres-vedras-cumpre-ciclo-de-investimento-de-1-milhao-de-euros-e-reforca-aposta-na-oferta-da-educacao-de-excelencia\/\",\"name\":\"Escola Internacional de Torres Vedras cumpre ciclo de investimento de 1 milh\u00e3o de euros e refor\u00e7a aposta na oferta da Educa\u00e7\u00e3o de excel\u00eancia - Atelier do Caractere\",\"isPartOf\":{\"@id\":\"https:\/\/www.atelierdocaractere.pt\/brevemente\/#website\"},\"datePublished\":\"2024-04-03T14:42:09+00:00\",\"dateModified\":\"2024-04-10T14:46:04+00:00\",\"author\":{\"@id\":\"https:\/\/www.atelierdocaractere.pt\/brevemente\/#\/schema\/person\/f2f096eb0f27d9894725af22cb97c0db\"},\"breadcrumb\":{\"@id\":\"https:\/\/www.atelierdocaractere.pt\/brevemente\/escola-internacional-de-torres-vedras-cumpre-ciclo-de-investimento-de-1-milhao-de-euros-e-reforca-aposta-na-oferta-da-educacao-de-excelencia\/#breadcrumb\"},\"inLanguage\":\"pt-PT\",\"potentialAction\":[{\"@type\":\"ReadAction\",\"target\":[\"https:\/\/www.atelierdocaractere.pt\/brevemente\/escola-internacional-de-torres-vedras-cumpre-ciclo-de-investimento-de-1-milhao-de-euros-e-reforca-aposta-na-oferta-da-educacao-de-excelencia\/\"]}]},{\"@type\":\"BreadcrumbList\",\"@id\":\"https:\/\/www.atelierdocaractere.pt\/brevemente\/escola-internacional-de-torres-vedras-cumpre-ciclo-de-investimento-de-1-milhao-de-euros-e-reforca-aposta-na-oferta-da-educacao-de-excelencia\/#breadcrumb\",\"itemListElement\":[{\"@type\":\"ListItem\",\"position\":1,\"name\":\"In\u00edcio\",\"item\":\"https:\/\/www.atelierdocaractere.pt\/brevemente\/\"},{\"@type\":\"ListItem\",\"position\":2,\"name\":\"Escola Internacional de Torres Vedras cumpre ciclo de investimento de 1 milh\u00e3o de euros e refor\u00e7a aposta na oferta da Educa\u00e7\u00e3o de excel\u00eancia\"}]},{\"@type\":\"WebSite\",\"@id\":\"https:\/\/www.atelierdocaractere.pt\/brevemente\/#website\",\"url\":\"https:\/\/www.atelierdocaractere.pt\/brevemente\/\",\"name\":\"Atelier do Caractere\",\"description\":\"\",\"potentialAction\":[{\"@type\":\"SearchAction\",\"target\":{\"@type\":\"EntryPoint\",\"urlTemplate\":\"https:\/\/www.atelierdocaractere.pt\/brevemente\/?s={search_term_string}\"},\"query-input\":\"required name=search_term_string\"}],\"inLanguage\":\"pt-PT\"},{\"@type\":\"Person\",\"@id\":\"https:\/\/www.atelierdocaractere.pt\/brevemente\/#\/schema\/person\/f2f096eb0f27d9894725af22cb97c0db\",\"name\":\"Joana Barbosa\",\"image\":{\"@type\":\"ImageObject\",\"inLanguage\":\"pt-PT\",\"@id\":\"https:\/\/www.atelierdocaractere.pt\/brevemente\/#\/schema\/person\/image\/\",\"url\":\"https:\/\/secure.gravatar.com\/avatar\/33e8214b45e9d68a3a83008731075979?s=96&d=mm&r=g\",\"contentUrl\":\"https:\/\/secure.gravatar.com\/avatar\/33e8214b45e9d68a3a83008731075979?s=96&d=mm&r=g\",\"caption\":\"Joana Barbosa\"},\"url\":\"https:\/\/www.atelierdocaractere.pt\/brevemente\/author\/joanabarbosa\/\"}]}<\/script>\n<!-- \/ Yoast SEO plugin. -->","yoast_head_json":{"title":"Escola Internacional de Torres Vedras cumpre ciclo de investimento de 1 milh\u00e3o de euros e refor\u00e7a aposta na oferta da Educa\u00e7\u00e3o de excel\u00eancia - Atelier do Caractere","robots":{"index":"index","follow":"follow","max-snippet":"max-snippet:-1","max-image-preview":"max-image-preview:large","max-video-preview":"max-video-preview:-1"},"canonical":"https:\/\/www.atelierdocaractere.pt\/brevemente\/escola-internacional-de-torres-vedras-cumpre-ciclo-de-investimento-de-1-milhao-de-euros-e-reforca-aposta-na-oferta-da-educacao-de-excelencia\/","og_locale":"pt_PT","og_type":"article","og_title":"Escola Internacional de Torres Vedras cumpre ciclo de investimento de 1 milh\u00e3o de euros e refor\u00e7a aposta na oferta da Educa\u00e7\u00e3o de excel\u00eancia - Atelier do Caractere","og_description":"\u00b7\u00a0\u00a0\u00a0\u00a0\u00a0\u00a0Principais investimentos ao n\u00edvel curricular: implementa\u00e7\u00e3o de Plano Curricular Cambridge (ingl\u00eas), com o objetivo de duplicar o n\u00famero de alunos,...","og_url":"https:\/\/www.atelierdocaractere.pt\/brevemente\/escola-internacional-de-torres-vedras-cumpre-ciclo-de-investimento-de-1-milhao-de-euros-e-reforca-aposta-na-oferta-da-educacao-de-excelencia\/","og_site_name":"Atelier do Caractere","article_publisher":"https:\/\/www.facebook.com\/AtelierdoCaractere","article_published_time":"2024-04-03T14:42:09+00:00","article_modified_time":"2024-04-10T14:46:04+00:00","og_image":[{"width":1789,"height":1209,"url":"https:\/\/www.atelierdocaractere.pt\/wp-content\/uploads\/2024\/04\/eitv-vista-aerea.jpg","type":"image\/jpeg"}],"author":"Joana Barbosa","twitter_card":"summary_large_image","twitter_misc":{"Escrito por":"Joana Barbosa","Tempo estimado de leitura":"6 minutos"},"schema":{"@context":"https:\/\/schema.org","@graph":[{"@type":"WebPage","@id":"https:\/\/www.atelierdocaractere.pt\/brevemente\/escola-internacional-de-torres-vedras-cumpre-ciclo-de-investimento-de-1-milhao-de-euros-e-reforca-aposta-na-oferta-da-educacao-de-excelencia\/","url":"https:\/\/www.atelierdocaractere.pt\/brevemente\/escola-internacional-de-torres-vedras-cumpre-ciclo-de-investimento-de-1-milhao-de-euros-e-reforca-aposta-na-oferta-da-educacao-de-excelencia\/","name":"Escola Internacional de Torres Vedras cumpre ciclo de investimento de 1 milh\u00e3o de euros e refor\u00e7a aposta na oferta da Educa\u00e7\u00e3o de excel\u00eancia - Atelier do Caractere","isPartOf":{"@id":"https:\/\/www.atelierdocaractere.pt\/brevemente\/#website"},"datePublished":"2024-04-03T14:42:09+00:00","dateModified":"2024-04-10T14:46:04+00:00","author":{"@id":"https:\/\/www.atelierdocaractere.pt\/brevemente\/#\/schema\/person\/f2f096eb0f27d9894725af22cb97c0db"},"breadcrumb":{"@id":"https:\/\/www.atelierdocaractere.pt\/brevemente\/escola-internacional-de-torres-vedras-cumpre-ciclo-de-investimento-de-1-milhao-de-euros-e-reforca-aposta-na-oferta-da-educacao-de-excelencia\/#breadcrumb"},"inLanguage":"pt-PT","potentialAction":[{"@type":"ReadAction","target":["https:\/\/www.atelierdocaractere.pt\/brevemente\/escola-internacional-de-torres-vedras-cumpre-ciclo-de-investimento-de-1-milhao-de-euros-e-reforca-aposta-na-oferta-da-educacao-de-excelencia\/"]}]},{"@type":"BreadcrumbList","@id":"https:\/\/www.atelierdocaractere.pt\/brevemente\/escola-internacional-de-torres-vedras-cumpre-ciclo-de-investimento-de-1-milhao-de-euros-e-reforca-aposta-na-oferta-da-educacao-de-excelencia\/#breadcrumb","itemListElement":[{"@type":"ListItem","position":1,"name":"In\u00edcio","item":"https:\/\/www.atelierdocaractere.pt\/brevemente\/"},{"@type":"ListItem","position":2,"name":"Escola Internacional de Torres Vedras cumpre ciclo de investimento de 1 milh\u00e3o de euros e refor\u00e7a aposta na oferta da Educa\u00e7\u00e3o de excel\u00eancia"}]},{"@type":"WebSite","@id":"https:\/\/www.atelierdocaractere.pt\/brevemente\/#website","url":"https:\/\/www.atelierdocaractere.pt\/brevemente\/","name":"Atelier do Caractere","description":"","potentialAction":[{"@type":"SearchAction","target":{"@type":"EntryPoint","urlTemplate":"https:\/\/www.atelierdocaractere.pt\/brevemente\/?s={search_term_string}"},"query-input":"required name=search_term_string"}],"inLanguage":"pt-PT"},{"@type":"Person","@id":"https:\/\/www.atelierdocaractere.pt\/brevemente\/#\/schema\/person\/f2f096eb0f27d9894725af22cb97c0db","name":"Joana Barbosa","image":{"@type":"ImageObject","inLanguage":"pt-PT","@id":"https:\/\/www.atelierdocaractere.pt\/brevemente\/#\/schema\/person\/image\/","url":"https:\/\/secure.gravatar.com\/avatar\/33e8214b45e9d68a3a83008731075979?s=96&d=mm&r=g","contentUrl":"https:\/\/secure.gravatar.com\/avatar\/33e8214b45e9d68a3a83008731075979?s=96&d=mm&r=g","caption":"Joana Barbosa"},"url":"https:\/\/www.atelierdocaractere.pt\/brevemente\/author\/joanabarbosa\/"}]}},"_links":{"self":[{"href":"https:\/\/www.atelierdocaractere.pt\/brevemente\/wp-json\/wp\/v2\/posts\/12582"}],"collection":[{"href":"https:\/\/www.atelierdocaractere.pt\/brevemente\/wp-json\/wp\/v2\/posts"}],"about":[{"href":"https:\/\/www.atelierdocaractere.pt\/brevemente\/wp-json\/wp\/v2\/types\/post"}],"author":[{"embeddable":true,"href":"https:\/\/www.atelierdocaractere.pt\/brevemente\/wp-json\/wp\/v2\/users\/7"}],"replies":[{"embeddable":true,"href":"https:\/\/www.atelierdocaractere.pt\/brevemente\/wp-json\/wp\/v2\/comments?post=12582"}],"version-history":[{"count":1,"href":"https:\/\/www.atelierdocaractere.pt\/brevemente\/wp-json\/wp\/v2\/posts\/12582\/revisions"}],"predecessor-version":[{"id":12585,"href":"https:\/\/www.atelierdocaractere.pt\/brevemente\/wp-json\/wp\/v2\/posts\/12582\/revisions\/12585"}],"wp:featuredmedia":[{"embeddable":true,"href":"https:\/\/www.atelierdocaractere.pt\/brevemente\/wp-json\/wp\/v2\/media\/12583"}],"wp:attachment":[{"href":"https:\/\/www.atelierdocaractere.pt\/brevemente\/wp-json\/wp\/v2\/media?parent=12582"}],"wp:term":[{"taxonomy":"category","embeddable":true,"href":"https:\/\/www.atelierdocaractere.pt\/brevemente\/wp-json\/wp\/v2\/categories?post=12582"},{"taxonomy":"post_tag","embeddable":true,"href":"https:\/\/www.atelierdocaractere.pt\/brevemente\/wp-json\/wp\/v2\/tags?post=12582"}],"curies":[{"name":"wp","href":"https:\/\/api.w.org\/{rel}","templated":true}]}}