{"id":12628,"date":"2024-04-09T15:47:35","date_gmt":"2024-04-09T15:47:35","guid":{"rendered":"https:\/\/www.atelierdocaractere.pt\/brevemente\/?p=12628"},"modified":"2024-04-10T15:59:54","modified_gmt":"2024-04-10T15:59:54","slug":"estudantes-debateram-questoes-europeias-em-simulacao-do-parlamento-europeu-na-universidade-de-aveiro","status":"publish","type":"post","link":"https:\/\/www.atelierdocaractere.pt\/brevemente\/estudantes-debateram-questoes-europeias-em-simulacao-do-parlamento-europeu-na-universidade-de-aveiro\/","title":{"rendered":"Estudantes debateram quest\u00f5es europeias em simula\u00e7\u00e3o do Parlamento Europeu na Universidade de Aveiro"},"content":{"rendered":"\n<p><strong>Alunos de Economia e membros da comunidade acad\u00e9mica reuniram-se para discutir alguns desafios atuais da Uni\u00e3o Europeia, na 11.\u00aa edi\u00e7\u00e3o do concurso universit\u00e1rio de Simula\u00e7\u00e3o do Parlamento Europeu.<\/strong><\/p>\n\n\n\n<figure class=\"wp-block-image size-large is-resized\"><img decoding=\"async\" src=\"https:\/\/www.atelierdocaractere.pt\/wp-content\/uploads\/2024\/04\/img-20240409-wa0020-768x1024.jpg\" alt=\"\" class=\"wp-image-12630\" width=\"841\" height=\"1121\" srcset=\"https:\/\/www.atelierdocaractere.pt\/wp-content\/uploads\/2024\/04\/img-20240409-wa0020-768x1024.jpg 768w, https:\/\/www.atelierdocaractere.pt\/wp-content\/uploads\/2024\/04\/img-20240409-wa0020-225x300.jpg 225w, https:\/\/www.atelierdocaractere.pt\/wp-content\/uploads\/2024\/04\/img-20240409-wa0020-1152x1536.jpg 1152w, https:\/\/www.atelierdocaractere.pt\/wp-content\/uploads\/2024\/04\/img-20240409-wa0020-450x600.jpg 450w, https:\/\/www.atelierdocaractere.pt\/wp-content\/uploads\/2024\/04\/img-20240409-wa0020-350x467.jpg 350w, https:\/\/www.atelierdocaractere.pt\/wp-content\/uploads\/2024\/04\/img-20240409-wa0020-900x1200.jpg 900w, https:\/\/www.atelierdocaractere.pt\/wp-content\/uploads\/2024\/04\/img-20240409-wa0020.jpg 1536w\" sizes=\"(max-width: 841px) 100vw, 841px\" \/><\/figure>\n\n\n\n<p>O&nbsp;<strong>EUROPE DIRECT Viseu D\u00e3o Laf\u00f5es<\/strong>&nbsp;e a&nbsp;<strong>Universidade de Aveiro<\/strong>&nbsp;(UA) dinamizaram, em parceria, a 11.\u00aa edi\u00e7\u00e3o do concurso universit\u00e1rio de Simula\u00e7\u00e3o do Parlamento Europeu. A iniciativa decorreu nos dias 8 e 9 de abril e ofereceu aos participantes, estudantes de Economia da UA, uma plataforma para discuss\u00e3o sobre alguns desafios atuais da Uni\u00e3o Europeia.<\/p>\n\n\n\n<p>Durante os dois dias de evento, os estudantes e membros da comunidade acad\u00e9mica participaram em debates e atividades direcionadas para quatro temas em agenda: &#8220;Objetivos do Desenvolvimento Sustent\u00e1vel (ODS) e a Uni\u00e3o Europeia&#8221;, &#8220;Agricultura e o ajustamento da PAC&#8221;, &#8220;Aumento da extrema-direita e populismo na UE&#8221; e &#8220;Posi\u00e7\u00e3o da UE face aos conflitos no mundo&#8221;.<\/p>\n\n\n\n<p>O primeiro dia foi preenchido por sess\u00f5es de discuss\u00e3o paralelas, nas quais os estudantes da Universidade de Aveiro debateram intensamente os temas e preparam as propostas que apresentaram a concurso no dia seguinte.<\/p>\n\n\n\n<p>No segundo dia os estudantes apresentaram as propostas preparadas na v\u00e9spera, com interven\u00e7\u00f5es introdut\u00f3rias por parte de especialistas em cada \u00e1rea tem\u00e1tica, que enriqueceram ainda mais o debate com a partilha dos seus conhecimentos sobre os assuntos em discuss\u00e3o.<\/p>\n\n\n\n<figure class=\"wp-block-image size-large is-resized\"><img decoding=\"async\" src=\"https:\/\/www.atelierdocaractere.pt\/wp-content\/uploads\/2024\/04\/img-20240409-wa0019-768x1024.jpg\" alt=\"\" class=\"wp-image-12631\" width=\"841\" height=\"1121\" srcset=\"https:\/\/www.atelierdocaractere.pt\/wp-content\/uploads\/2024\/04\/img-20240409-wa0019-768x1024.jpg 768w, https:\/\/www.atelierdocaractere.pt\/wp-content\/uploads\/2024\/04\/img-20240409-wa0019-225x300.jpg 225w, https:\/\/www.atelierdocaractere.pt\/wp-content\/uploads\/2024\/04\/img-20240409-wa0019-1152x1536.jpg 1152w, https:\/\/www.atelierdocaractere.pt\/wp-content\/uploads\/2024\/04\/img-20240409-wa0019-450x600.jpg 450w, https:\/\/www.atelierdocaractere.pt\/wp-content\/uploads\/2024\/04\/img-20240409-wa0019-350x467.jpg 350w, https:\/\/www.atelierdocaractere.pt\/wp-content\/uploads\/2024\/04\/img-20240409-wa0019-900x1200.jpg 900w, https:\/\/www.atelierdocaractere.pt\/wp-content\/uploads\/2024\/04\/img-20240409-wa0019.jpg 1200w\" sizes=\"(max-width: 841px) 100vw, 841px\" \/><\/figure>\n\n\n\n<p><strong>Myriam Lopes<\/strong>, Professora do Departamento de Ambiente e Ordenamento da UA, apresentou o tema&nbsp;<em>\u201cObjetivos do Desenvolvimento Sustent\u00e1vel (ODS) e a Uni\u00e3o Europeia\u201d<\/em>, enquanto&nbsp;<strong>Miguel Viegas<\/strong>,&nbsp;M\u00e9dico Veterin\u00e1rio, Professor de Economia na UA e ex-deputado europeufalou sobrea<em>&nbsp;\u201cAgricultura e o ajustamento da PAC\u201d<\/em>. A terceira interven\u00e7\u00e3o, de<strong>&nbsp;Jos\u00e9 Rocha<\/strong>,&nbsp;engenheiro inform\u00e1tico e empreendedor, foi sobre o&nbsp;<em>\u201cAumento da extrema-direita e populismo na UE\u201d<\/em>&nbsp;e, a terminar,&nbsp;<strong>Andr\u00e9 Pereira Matos<\/strong>, Professor Auxiliar de Estudos Europeus na Universidade Aberta, abordou o tema \u201c<em>Posi\u00e7\u00e3o da UE face aos conflitos no mundo<\/em>\u201d.<\/p>\n\n\n\n<p>Para&nbsp;<strong>Nuno Martinho, Secret\u00e1rio Executivo da CIM Viseu D\u00e3o Laf\u00f5es<\/strong>, \u201cem primeiro lugar, \u00e9 importante dar os parab\u00e9ns a todos os jovens que se envolveram em mais uma edi\u00e7\u00e3o da \u00abSimula\u00e7\u00e3o do Parlamento Europeu\u00bb, uma iniciativa que j\u00e1 tem ra\u00edzes na UA, eles s\u00e3o os principais respons\u00e1veis pelo sucesso desta iniciativa.\u201d<\/p>\n\n\n\n<p>\u201cPelo terceiro ano consecutivo, cumprindo a sua miss\u00e3o de ser um ponto de contacto da Uni\u00e3o Europeia com a regi\u00e3o, o EUROPE DIRECT Viseu D\u00e3o Laf\u00f5es associou-se a este evento que pretende aproximar os jovens dos temas europeus. Neste ano, fruto das elei\u00e7\u00f5es europeias, sentimos que \u00e9 cada vez mais importante promover a informa\u00e7\u00e3o dos nossos cidad\u00e3os, de modo a estes poderem participar ativamente, neste grande momento da democracia que se avizinha&#8221; .<\/p>\n\n\n\n<p><strong>Sobre a CIM Viseu D\u00e3o Laf\u00f5es:<\/strong><br>A CIM Viseu D\u00e3o Laf\u00f5es \u00e9 uma associa\u00e7\u00e3o de munic\u00edpios, denominada como Comunidade Intermunicipal, sendo constitu\u00edda pelos munic\u00edpios de\u00a0Aguiar da Beira, Carregal do Sal, Castro Daire, Mangualde, Nelas, Oliveira de Frades, Penalva do Castelo, Santa Comba D\u00e3o, S\u00e3o Pedro do Sul, S\u00e1t\u00e3o, Tondela, Vila Nova de Paiva, Viseu e Vouzela.<\/p>\n","protected":false},"excerpt":{"rendered":"<p>Alunos de Economia e membros da comunidade acad\u00e9mica reuniram-se para discutir alguns desafios atuais da Uni\u00e3o Europeia, na 11.\u00aa edi\u00e7\u00e3o&#8230;<\/p>\n","protected":false},"author":7,"featured_media":12629,"comment_status":"closed","ping_status":"open","sticky":false,"template":"","format":"standard","meta":[],"categories":[67],"tags":[744,776,777],"yoast_head":"<!-- This site is optimized with the Yoast SEO plugin v20.12 - https:\/\/yoast.com\/wordpress\/plugins\/seo\/ -->\n<title>Estudantes debateram quest\u00f5es europeias em simula\u00e7\u00e3o do Parlamento Europeu na Universidade de Aveiro - Atelier do Caractere<\/title>\n<meta name=\"robots\" content=\"index, follow, max-snippet:-1, max-image-preview:large, max-video-preview:-1\" \/>\n<link rel=\"canonical\" href=\"https:\/\/www.atelierdocaractere.pt\/brevemente\/estudantes-debateram-questoes-europeias-em-simulacao-do-parlamento-europeu-na-universidade-de-aveiro\/\" \/>\n<meta property=\"og:locale\" content=\"pt_PT\" \/>\n<meta property=\"og:type\" content=\"article\" \/>\n<meta property=\"og:title\" content=\"Estudantes debateram quest\u00f5es europeias em simula\u00e7\u00e3o do Parlamento Europeu na Universidade de Aveiro - Atelier do Caractere\" \/>\n<meta property=\"og:description\" content=\"Alunos de Economia e membros da comunidade acad\u00e9mica reuniram-se para discutir alguns desafios atuais da Uni\u00e3o Europeia, na 11.\u00aa edi\u00e7\u00e3o...\" \/>\n<meta property=\"og:url\" content=\"https:\/\/www.atelierdocaractere.pt\/brevemente\/estudantes-debateram-questoes-europeias-em-simulacao-do-parlamento-europeu-na-universidade-de-aveiro\/\" \/>\n<meta property=\"og:site_name\" content=\"Atelier do Caractere\" \/>\n<meta property=\"article:publisher\" content=\"https:\/\/www.facebook.com\/AtelierdoCaractere\" \/>\n<meta property=\"article:published_time\" content=\"2024-04-09T15:47:35+00:00\" \/>\n<meta property=\"article:modified_time\" content=\"2024-04-10T15:59:54+00:00\" \/>\n<meta property=\"og:image\" content=\"https:\/\/www.atelierdocaractere.pt\/wp-content\/uploads\/2024\/04\/img-20240409-wa00201.jpg\" \/>\n\t<meta property=\"og:image:width\" content=\"1536\" \/>\n\t<meta property=\"og:image:height\" content=\"864\" \/>\n\t<meta property=\"og:image:type\" content=\"image\/jpeg\" \/>\n<meta name=\"author\" content=\"Joana Barbosa\" \/>\n<meta name=\"twitter:card\" content=\"summary_large_image\" \/>\n<meta name=\"twitter:label1\" content=\"Escrito por\" \/>\n\t<meta name=\"twitter:data1\" content=\"Joana Barbosa\" \/>\n\t<meta name=\"twitter:label2\" content=\"Tempo estimado de leitura\" \/>\n\t<meta name=\"twitter:data2\" content=\"4 minutos\" \/>\n<script type=\"application\/ld+json\" class=\"yoast-schema-graph\">{\"@context\":\"https:\/\/schema.org\",\"@graph\":[{\"@type\":\"WebPage\",\"@id\":\"https:\/\/www.atelierdocaractere.pt\/brevemente\/estudantes-debateram-questoes-europeias-em-simulacao-do-parlamento-europeu-na-universidade-de-aveiro\/\",\"url\":\"https:\/\/www.atelierdocaractere.pt\/brevemente\/estudantes-debateram-questoes-europeias-em-simulacao-do-parlamento-europeu-na-universidade-de-aveiro\/\",\"name\":\"Estudantes debateram quest\u00f5es europeias em simula\u00e7\u00e3o do Parlamento Europeu na Universidade de Aveiro - Atelier do Caractere\",\"isPartOf\":{\"@id\":\"https:\/\/www.atelierdocaractere.pt\/brevemente\/#website\"},\"datePublished\":\"2024-04-09T15:47:35+00:00\",\"dateModified\":\"2024-04-10T15:59:54+00:00\",\"author\":{\"@id\":\"https:\/\/www.atelierdocaractere.pt\/brevemente\/#\/schema\/person\/f2f096eb0f27d9894725af22cb97c0db\"},\"breadcrumb\":{\"@id\":\"https:\/\/www.atelierdocaractere.pt\/brevemente\/estudantes-debateram-questoes-europeias-em-simulacao-do-parlamento-europeu-na-universidade-de-aveiro\/#breadcrumb\"},\"inLanguage\":\"pt-PT\",\"potentialAction\":[{\"@type\":\"ReadAction\",\"target\":[\"https:\/\/www.atelierdocaractere.pt\/brevemente\/estudantes-debateram-questoes-europeias-em-simulacao-do-parlamento-europeu-na-universidade-de-aveiro\/\"]}]},{\"@type\":\"BreadcrumbList\",\"@id\":\"https:\/\/www.atelierdocaractere.pt\/brevemente\/estudantes-debateram-questoes-europeias-em-simulacao-do-parlamento-europeu-na-universidade-de-aveiro\/#breadcrumb\",\"itemListElement\":[{\"@type\":\"ListItem\",\"position\":1,\"name\":\"In\u00edcio\",\"item\":\"https:\/\/www.atelierdocaractere.pt\/brevemente\/\"},{\"@type\":\"ListItem\",\"position\":2,\"name\":\"Estudantes debateram quest\u00f5es europeias em simula\u00e7\u00e3o do Parlamento Europeu na Universidade de Aveiro\"}]},{\"@type\":\"WebSite\",\"@id\":\"https:\/\/www.atelierdocaractere.pt\/brevemente\/#website\",\"url\":\"https:\/\/www.atelierdocaractere.pt\/brevemente\/\",\"name\":\"Atelier do Caractere\",\"description\":\"\",\"potentialAction\":[{\"@type\":\"SearchAction\",\"target\":{\"@type\":\"EntryPoint\",\"urlTemplate\":\"https:\/\/www.atelierdocaractere.pt\/brevemente\/?s={search_term_string}\"},\"query-input\":\"required name=search_term_string\"}],\"inLanguage\":\"pt-PT\"},{\"@type\":\"Person\",\"@id\":\"https:\/\/www.atelierdocaractere.pt\/brevemente\/#\/schema\/person\/f2f096eb0f27d9894725af22cb97c0db\",\"name\":\"Joana Barbosa\",\"image\":{\"@type\":\"ImageObject\",\"inLanguage\":\"pt-PT\",\"@id\":\"https:\/\/www.atelierdocaractere.pt\/brevemente\/#\/schema\/person\/image\/\",\"url\":\"https:\/\/secure.gravatar.com\/avatar\/33e8214b45e9d68a3a83008731075979?s=96&d=mm&r=g\",\"contentUrl\":\"https:\/\/secure.gravatar.com\/avatar\/33e8214b45e9d68a3a83008731075979?s=96&d=mm&r=g\",\"caption\":\"Joana Barbosa\"},\"url\":\"https:\/\/www.atelierdocaractere.pt\/brevemente\/author\/joanabarbosa\/\"}]}<\/script>\n<!-- \/ Yoast SEO plugin. -->","yoast_head_json":{"title":"Estudantes debateram quest\u00f5es europeias em simula\u00e7\u00e3o do Parlamento Europeu na Universidade de Aveiro - Atelier do Caractere","robots":{"index":"index","follow":"follow","max-snippet":"max-snippet:-1","max-image-preview":"max-image-preview:large","max-video-preview":"max-video-preview:-1"},"canonical":"https:\/\/www.atelierdocaractere.pt\/brevemente\/estudantes-debateram-questoes-europeias-em-simulacao-do-parlamento-europeu-na-universidade-de-aveiro\/","og_locale":"pt_PT","og_type":"article","og_title":"Estudantes debateram quest\u00f5es europeias em simula\u00e7\u00e3o do Parlamento Europeu na Universidade de Aveiro - Atelier do Caractere","og_description":"Alunos de Economia e membros da comunidade acad\u00e9mica reuniram-se para discutir alguns desafios atuais da Uni\u00e3o Europeia, na 11.\u00aa edi\u00e7\u00e3o...","og_url":"https:\/\/www.atelierdocaractere.pt\/brevemente\/estudantes-debateram-questoes-europeias-em-simulacao-do-parlamento-europeu-na-universidade-de-aveiro\/","og_site_name":"Atelier do Caractere","article_publisher":"https:\/\/www.facebook.com\/AtelierdoCaractere","article_published_time":"2024-04-09T15:47:35+00:00","article_modified_time":"2024-04-10T15:59:54+00:00","og_image":[{"width":1536,"height":864,"url":"https:\/\/www.atelierdocaractere.pt\/wp-content\/uploads\/2024\/04\/img-20240409-wa00201.jpg","type":"image\/jpeg"}],"author":"Joana Barbosa","twitter_card":"summary_large_image","twitter_misc":{"Escrito por":"Joana Barbosa","Tempo estimado de leitura":"4 minutos"},"schema":{"@context":"https:\/\/schema.org","@graph":[{"@type":"WebPage","@id":"https:\/\/www.atelierdocaractere.pt\/brevemente\/estudantes-debateram-questoes-europeias-em-simulacao-do-parlamento-europeu-na-universidade-de-aveiro\/","url":"https:\/\/www.atelierdocaractere.pt\/brevemente\/estudantes-debateram-questoes-europeias-em-simulacao-do-parlamento-europeu-na-universidade-de-aveiro\/","name":"Estudantes debateram quest\u00f5es europeias em simula\u00e7\u00e3o do Parlamento Europeu na Universidade de Aveiro - Atelier do Caractere","isPartOf":{"@id":"https:\/\/www.atelierdocaractere.pt\/brevemente\/#website"},"datePublished":"2024-04-09T15:47:35+00:00","dateModified":"2024-04-10T15:59:54+00:00","author":{"@id":"https:\/\/www.atelierdocaractere.pt\/brevemente\/#\/schema\/person\/f2f096eb0f27d9894725af22cb97c0db"},"breadcrumb":{"@id":"https:\/\/www.atelierdocaractere.pt\/brevemente\/estudantes-debateram-questoes-europeias-em-simulacao-do-parlamento-europeu-na-universidade-de-aveiro\/#breadcrumb"},"inLanguage":"pt-PT","potentialAction":[{"@type":"ReadAction","target":["https:\/\/www.atelierdocaractere.pt\/brevemente\/estudantes-debateram-questoes-europeias-em-simulacao-do-parlamento-europeu-na-universidade-de-aveiro\/"]}]},{"@type":"BreadcrumbList","@id":"https:\/\/www.atelierdocaractere.pt\/brevemente\/estudantes-debateram-questoes-europeias-em-simulacao-do-parlamento-europeu-na-universidade-de-aveiro\/#breadcrumb","itemListElement":[{"@type":"ListItem","position":1,"name":"In\u00edcio","item":"https:\/\/www.atelierdocaractere.pt\/brevemente\/"},{"@type":"ListItem","position":2,"name":"Estudantes debateram quest\u00f5es europeias em simula\u00e7\u00e3o do Parlamento Europeu na Universidade de Aveiro"}]},{"@type":"WebSite","@id":"https:\/\/www.atelierdocaractere.pt\/brevemente\/#website","url":"https:\/\/www.atelierdocaractere.pt\/brevemente\/","name":"Atelier do Caractere","description":"","potentialAction":[{"@type":"SearchAction","target":{"@type":"EntryPoint","urlTemplate":"https:\/\/www.atelierdocaractere.pt\/brevemente\/?s={search_term_string}"},"query-input":"required name=search_term_string"}],"inLanguage":"pt-PT"},{"@type":"Person","@id":"https:\/\/www.atelierdocaractere.pt\/brevemente\/#\/schema\/person\/f2f096eb0f27d9894725af22cb97c0db","name":"Joana Barbosa","image":{"@type":"ImageObject","inLanguage":"pt-PT","@id":"https:\/\/www.atelierdocaractere.pt\/brevemente\/#\/schema\/person\/image\/","url":"https:\/\/secure.gravatar.com\/avatar\/33e8214b45e9d68a3a83008731075979?s=96&d=mm&r=g","contentUrl":"https:\/\/secure.gravatar.com\/avatar\/33e8214b45e9d68a3a83008731075979?s=96&d=mm&r=g","caption":"Joana Barbosa"},"url":"https:\/\/www.atelierdocaractere.pt\/brevemente\/author\/joanabarbosa\/"}]}},"_links":{"self":[{"href":"https:\/\/www.atelierdocaractere.pt\/brevemente\/wp-json\/wp\/v2\/posts\/12628"}],"collection":[{"href":"https:\/\/www.atelierdocaractere.pt\/brevemente\/wp-json\/wp\/v2\/posts"}],"about":[{"href":"https:\/\/www.atelierdocaractere.pt\/brevemente\/wp-json\/wp\/v2\/types\/post"}],"author":[{"embeddable":true,"href":"https:\/\/www.atelierdocaractere.pt\/brevemente\/wp-json\/wp\/v2\/users\/7"}],"replies":[{"embeddable":true,"href":"https:\/\/www.atelierdocaractere.pt\/brevemente\/wp-json\/wp\/v2\/comments?post=12628"}],"version-history":[{"count":1,"href":"https:\/\/www.atelierdocaractere.pt\/brevemente\/wp-json\/wp\/v2\/posts\/12628\/revisions"}],"predecessor-version":[{"id":12632,"href":"https:\/\/www.atelierdocaractere.pt\/brevemente\/wp-json\/wp\/v2\/posts\/12628\/revisions\/12632"}],"wp:featuredmedia":[{"embeddable":true,"href":"https:\/\/www.atelierdocaractere.pt\/brevemente\/wp-json\/wp\/v2\/media\/12629"}],"wp:attachment":[{"href":"https:\/\/www.atelierdocaractere.pt\/brevemente\/wp-json\/wp\/v2\/media?parent=12628"}],"wp:term":[{"taxonomy":"category","embeddable":true,"href":"https:\/\/www.atelierdocaractere.pt\/brevemente\/wp-json\/wp\/v2\/categories?post=12628"},{"taxonomy":"post_tag","embeddable":true,"href":"https:\/\/www.atelierdocaractere.pt\/brevemente\/wp-json\/wp\/v2\/tags?post=12628"}],"curies":[{"name":"wp","href":"https:\/\/api.w.org\/{rel}","templated":true}]}}