{"id":12652,"date":"2024-04-11T17:48:29","date_gmt":"2024-04-11T17:48:29","guid":{"rendered":"https:\/\/www.atelierdocaractere.pt\/brevemente\/?p=12652"},"modified":"2024-04-12T17:50:47","modified_gmt":"2024-04-12T17:50:47","slug":"cim-viseu-dao-lafoes-lidera-projeto-europeu-de-combate-aos-residuos-urbanos-com-visita-a-regiao-neerlandesa-de-almere","status":"publish","type":"post","link":"https:\/\/www.atelierdocaractere.pt\/brevemente\/cim-viseu-dao-lafoes-lidera-projeto-europeu-de-combate-aos-residuos-urbanos-com-visita-a-regiao-neerlandesa-de-almere\/","title":{"rendered":"CIM Viseu D\u00e3o Laf\u00f5es lidera projeto europeu de combate aos res\u00edduos urbanos com visita \u00e0 regi\u00e3o neerlandesa de Almere"},"content":{"rendered":"\n<p><strong>No \u00e2mbito da 3\u00aa reuni\u00e3o do projeto europeu StopWaste que teve lugar na cidade de Almere, Pa\u00edses Baixos, a CIM Viseu D\u00e3o Laf\u00f5es marcou presen\u00e7a durante dois dias na mesma com o intuito de conhecer as estrat\u00e9gias inovadoras na gest\u00e3o de res\u00edduos urbanos.\u00a0<\/strong><\/p>\n\n\n\n<figure class=\"wp-block-image size-large\"><img decoding=\"async\" width=\"1024\" height=\"658\" src=\"https:\/\/www.atelierdocaractere.pt\/wp-content\/uploads\/2024\/04\/2f347ae0-8d02-44e5-884f-2194b77dec20-1-1024x658.jpg\" alt=\"\" class=\"wp-image-12654\" srcset=\"https:\/\/www.atelierdocaractere.pt\/wp-content\/uploads\/2024\/04\/2f347ae0-8d02-44e5-884f-2194b77dec20-1-1024x658.jpg 1024w, https:\/\/www.atelierdocaractere.pt\/wp-content\/uploads\/2024\/04\/2f347ae0-8d02-44e5-884f-2194b77dec20-1-300x193.jpg 300w, https:\/\/www.atelierdocaractere.pt\/wp-content\/uploads\/2024\/04\/2f347ae0-8d02-44e5-884f-2194b77dec20-1-768x494.jpg 768w, https:\/\/www.atelierdocaractere.pt\/wp-content\/uploads\/2024\/04\/2f347ae0-8d02-44e5-884f-2194b77dec20-1-1536x987.jpg 1536w, https:\/\/www.atelierdocaractere.pt\/wp-content\/uploads\/2024\/04\/2f347ae0-8d02-44e5-884f-2194b77dec20-1.jpg 1750w\" sizes=\"(max-width: 1024px) 100vw, 1024px\" \/><\/figure>\n\n\n\n<p>A&nbsp;<strong>Comunidade Intermunicipal (CIM) Viseu D\u00e3o Laf\u00f5es<\/strong>&nbsp;participou, nos \u00faltimos dois dias, numa visita de estudo aos Pa\u00edses Baixos, no \u00e2mbito do&nbsp;<strong>StopWaste<\/strong>, um projeto europeu de combate aos res\u00edduos urbanos que \u00e9 liderado por esta CIM. A delega\u00e7\u00e3o teve a oportunidade de conhecer de perto as medidas adotadas pelo munic\u00edpio de Almere na promo\u00e7\u00e3o da sustentabilidade ambiental.<\/p>\n\n\n\n<p>Na manh\u00e3 do primeiro dia, 10 de abril, os participantes ficaram a conhecer a agenda para a sustentabilidade de Almere, bem como a sua estrat\u00e9gia de preven\u00e7\u00e3o e o sistema de an\u00e1lise de fluxos de res\u00edduos urbanos. Durante a tarde, a comitiva visitou dois exemplos de boas pr\u00e1ticas no setor, que adotam abordagens distintas: um centro de reciclagem e um centro de reutiliza\u00e7\u00e3o de materiais, ambos em Almere.<\/p>\n\n\n\n<p>O segundo dia foi dedicado a visitas a uma unidade de reciclagem de pl\u00e1stico, em Roterd\u00e3o, e uma f\u00e1brica de pl\u00e1stico &#8220;verde&#8221;, em Arnhem.<\/p>\n\n\n\n<p>A delega\u00e7\u00e3o da&nbsp;<strong>CIM Viseu D\u00e3o Laf\u00f5es<\/strong>&nbsp;foi composta pelo&nbsp;<strong>Secret\u00e1rio Executivo<\/strong>,&nbsp;<strong>Nuno Martinho<\/strong>, pelo&nbsp;<strong>Presidente do Munic\u00edpio de Castro Daire<\/strong>,&nbsp;<strong>Paulo Almeida<\/strong>, pelo&nbsp;<strong>Presidente do Munic\u00edpio de S\u00e3o Pedro do Sul<\/strong>,&nbsp;<strong>V\u00edtor Figueiredo<\/strong>, pelo&nbsp;<strong>Presidente da Associa\u00e7\u00e3o de Munic\u00edpios da Regi\u00e3o do Planalto Beir\u00e3o<\/strong>&nbsp;(AMRPB),&nbsp;<strong>Leonel Gouveia<\/strong>, pelo&nbsp;<strong>Secret\u00e1rio Executivo da AMRPB<\/strong>,&nbsp;<strong>Jos\u00e9 Portela<\/strong>, e pelo&nbsp;<strong>Presidente do Instituto Polit\u00e9cnico de Viseu<\/strong>,&nbsp;<strong>Jos\u00e9 Costa<\/strong>. Integraram ainda a comitiva dirigentes dos restantes parceiros do projeto, provenientes dos Pa\u00edses Baixos, Litu\u00e2nia e Rom\u00e9nia.<\/p>\n\n\n\n<p><strong>Nuno Martinho<\/strong>&nbsp;faz um balan\u00e7o muito positivo da visita:&nbsp;<em>\u201cComo \u00e9 do dom\u00ednio p\u00fablico, a CIM est\u00e1 fortemente empenhada na promo\u00e7\u00e3o das quest\u00f5es da sustentabilidade e da economia circular no seu territ\u00f3rio. Assim, todos os projetos que, a exemplo do StopWaste, promovem a troca de experi\u00eancias e a partilha de boas pr\u00e1ticas entre diversas regi\u00f5es e realidades europeias, do nosso ponto de vista, s\u00e3o momentos valiosos de aprendizagem e que queremos continuar a desenvolver e a aprofundar\u201d.<\/em><\/p>\n\n\n\n<p>O\u00a0Secret\u00e1rio Executivo da CIM acrescenta:\u00a0<em>\u201c\u00c9 de real\u00e7ar, ainda, o envolvimento e o trabalho conjunto nesta iniciativa com a Associa\u00e7\u00e3o de Munic\u00edpios da Regi\u00e3o do Planalto Beir\u00e3o e com o Instituto Polit\u00e9cnico de Viseu, com quem temos vindo a desenvolver v\u00e1rias iniciativas, em diferentes dom\u00ednios tem\u00e1ticos\u201d<\/em>.<\/p>\n\n\n\n<figure class=\"wp-block-image size-large\"><img decoding=\"async\" width=\"1024\" height=\"658\" src=\"https:\/\/www.atelierdocaractere.pt\/wp-content\/uploads\/2024\/04\/a99cfa86-b095-46d3-b765-325f8c2f81ec-1-1024x658.jpg\" alt=\"\" class=\"wp-image-12653\" srcset=\"https:\/\/www.atelierdocaractere.pt\/wp-content\/uploads\/2024\/04\/a99cfa86-b095-46d3-b765-325f8c2f81ec-1-1024x658.jpg 1024w, https:\/\/www.atelierdocaractere.pt\/wp-content\/uploads\/2024\/04\/a99cfa86-b095-46d3-b765-325f8c2f81ec-1-300x193.jpg 300w, https:\/\/www.atelierdocaractere.pt\/wp-content\/uploads\/2024\/04\/a99cfa86-b095-46d3-b765-325f8c2f81ec-1-768x494.jpg 768w, https:\/\/www.atelierdocaractere.pt\/wp-content\/uploads\/2024\/04\/a99cfa86-b095-46d3-b765-325f8c2f81ec-1-1536x987.jpg 1536w, https:\/\/www.atelierdocaractere.pt\/wp-content\/uploads\/2024\/04\/a99cfa86-b095-46d3-b765-325f8c2f81ec-1.jpg 1680w\" sizes=\"(max-width: 1024px) 100vw, 1024px\" \/><\/figure>\n\n\n\n<p><strong>StopWaste \u2013 prevenir a produ\u00e7\u00e3o de res\u00edduos<\/strong><\/p>\n\n\n\n<p>Liderado pela&nbsp;<strong>CIM Viseu D\u00e3o Laf\u00f5es<\/strong>, o StopWaste \u00e9 um dos 72 projetos, entre mais de 300 candidaturas apresentadas em toda a Uni\u00e3o Europeia (EU), que foram aprovados pelo programa europeu \u201cInterreg Europe 2021-2027\u201d. O prazo de dura\u00e7\u00e3o do projeto \u00e9 de 36 meses, at\u00e9 fevereiro de 2026.<\/p>\n\n\n\n<p>O StopWaste tem como objetivo estimular a troca de experi\u00eancias inter-regionais e a aprendizagem m\u00fatua na preven\u00e7\u00e3o da gera\u00e7\u00e3o de res\u00edduos. O projeto assenta na evid\u00eancia de que o lixo \u00e9 um dos maiores problemas ambientais, sociais e econ\u00f3micos da Europa. Na Uni\u00e3o Europeia, mais de 3 mil milh\u00f5es de toneladas de lixo s\u00e3o descartadas a cada ano e mais de 90% dos recursos utilizados tornam-se lixo ap\u00f3s o primeiro uso.<\/p>\n\n\n\n<p>A primeira fase do projeto, que decorre, consiste na partilha de boas pr\u00e1ticas na preven\u00e7\u00e3o de res\u00edduos urbanos, a que se seguir\u00e1 a implementa\u00e7\u00e3o de projetos-piloto em cada territ\u00f3rio. Posteriormente, haver\u00e1 uma fase de acompanhamento, dedicada \u00e0 evolu\u00e7\u00e3o e avalia\u00e7\u00e3o dos resultados alcan\u00e7ados.<\/p>\n\n\n\n<p>A designa\u00e7\u00e3o completa do projeto \u00e9&nbsp;<em>\u201cStopWaste &#8211; Enhancing the efficiency of policy instruments for accelerating waste generation prevention\u201d<\/em>. Em portugu\u00eas, numa tradu\u00e7\u00e3o livre, significa&nbsp;<em>\u201cParar o Desperd\u00edcio &#8211; Melhorar a efici\u00eancia dos instrumentos pol\u00edticos para acelerar a preven\u00e7\u00e3o da produ\u00e7\u00e3o de res\u00edduos\u201d<\/em>.<\/p>\n\n\n\n<p>Integram o projeto a&nbsp;<strong>CIM Viseu D\u00e3o Laf\u00f5es<\/strong>&nbsp;e a CEDES \u2013 Centro de Estudos para o Desenvolvimento Sustent\u00e1vel, em Portugal, o Munic\u00edpio de Almere, nos Pa\u00edses Baixos, a JSC &#8211; Alytus Region Waste Management Center, na Litu\u00e2nia, e a Bucharest-Ilfov Regional Development Agency, na Rom\u00e9nia.<\/p>\n\n\n\n<p>O Interreg Europe \u00e9 um programa de coopera\u00e7\u00e3o inter-regional, cofinanciado pela Uni\u00e3o Europeia, que pretende reduzir as disparidades nos n\u00edveis de desenvolvimento, crescimento e qualidade de vida das regi\u00f5es da Europa.<br><br><strong>Munic\u00edpio de Almere<\/strong><\/p>\n\n\n\n<p>Com mais de 200 mil habitantes, o munic\u00edpio de Almere \u00e9 o s\u00e9timo maior dos Pa\u00edses Baixos, sendo uma refer\u00eancia mundial no contexto da economia circular. Tendo sido projetado e constru\u00eddo nos anos 70 de s\u00e9culo passado, foi pensado com a preocupa\u00e7\u00e3o da sustentabilidade ambiental e salvaguarda dos recursos naturais.<\/p>\n\n\n\n<p><strong>Sobre a CIM Viseu D\u00e3o Laf\u00f5es:<\/strong><br>A CIM Viseu D\u00e3o Laf\u00f5es \u00e9 uma associa\u00e7\u00e3o de munic\u00edpios, denominada como Comunidade Intermunicipal, sendo constitu\u00edda pelos munic\u00edpios de\u00a0Aguiar da Beira, Carregal do Sal, Castro Daire, Mangualde, Nelas, Oliveira de Frades, Penalva do Castelo, Santa Comba D\u00e3o, S\u00e3o Pedro do Sul, S\u00e1t\u00e3o, Tondela, Vila Nova de Paiva, Viseu e Vouzela.<\/p>\n","protected":false},"excerpt":{"rendered":"<p>No \u00e2mbito da 3\u00aa reuni\u00e3o do projeto europeu StopWaste que teve lugar na cidade de Almere, Pa\u00edses Baixos, a CIM&#8230;<\/p>\n","protected":false},"author":7,"featured_media":12654,"comment_status":"closed","ping_status":"open","sticky":false,"template":"","format":"standard","meta":[],"categories":[67],"tags":[448],"yoast_head":"<!-- This site is optimized with the Yoast SEO plugin v20.12 - https:\/\/yoast.com\/wordpress\/plugins\/seo\/ -->\n<title>CIM Viseu D\u00e3o Laf\u00f5es lidera projeto europeu de combate aos res\u00edduos urbanos com visita \u00e0 regi\u00e3o neerlandesa de Almere - Atelier do Caractere<\/title>\n<meta name=\"robots\" content=\"index, follow, max-snippet:-1, max-image-preview:large, max-video-preview:-1\" \/>\n<link rel=\"canonical\" href=\"https:\/\/www.atelierdocaractere.pt\/brevemente\/cim-viseu-dao-lafoes-lidera-projeto-europeu-de-combate-aos-residuos-urbanos-com-visita-a-regiao-neerlandesa-de-almere\/\" \/>\n<meta property=\"og:locale\" content=\"pt_PT\" \/>\n<meta property=\"og:type\" content=\"article\" \/>\n<meta property=\"og:title\" content=\"CIM Viseu D\u00e3o Laf\u00f5es lidera projeto europeu de combate aos res\u00edduos urbanos com visita \u00e0 regi\u00e3o neerlandesa de Almere - Atelier do Caractere\" \/>\n<meta property=\"og:description\" content=\"No \u00e2mbito da 3\u00aa reuni\u00e3o do projeto europeu StopWaste que teve lugar na cidade de Almere, Pa\u00edses Baixos, a CIM...\" \/>\n<meta property=\"og:url\" content=\"https:\/\/www.atelierdocaractere.pt\/brevemente\/cim-viseu-dao-lafoes-lidera-projeto-europeu-de-combate-aos-residuos-urbanos-com-visita-a-regiao-neerlandesa-de-almere\/\" \/>\n<meta property=\"og:site_name\" content=\"Atelier do Caractere\" \/>\n<meta property=\"article:publisher\" content=\"https:\/\/www.facebook.com\/AtelierdoCaractere\" \/>\n<meta property=\"article:published_time\" content=\"2024-04-11T17:48:29+00:00\" \/>\n<meta property=\"article:modified_time\" content=\"2024-04-12T17:50:47+00:00\" \/>\n<meta property=\"og:image\" content=\"https:\/\/www.atelierdocaractere.pt\/wp-content\/uploads\/2024\/04\/2f347ae0-8d02-44e5-884f-2194b77dec20-1.jpg\" \/>\n\t<meta property=\"og:image:width\" content=\"1750\" \/>\n\t<meta property=\"og:image:height\" content=\"1125\" \/>\n\t<meta property=\"og:image:type\" content=\"image\/jpeg\" \/>\n<meta name=\"author\" content=\"Joana Barbosa\" \/>\n<meta name=\"twitter:card\" content=\"summary_large_image\" \/>\n<meta name=\"twitter:label1\" content=\"Escrito por\" \/>\n\t<meta name=\"twitter:data1\" content=\"Joana Barbosa\" \/>\n\t<meta name=\"twitter:label2\" content=\"Tempo estimado de leitura\" \/>\n\t<meta name=\"twitter:data2\" content=\"5 minutos\" \/>\n<script type=\"application\/ld+json\" class=\"yoast-schema-graph\">{\"@context\":\"https:\/\/schema.org\",\"@graph\":[{\"@type\":\"WebPage\",\"@id\":\"https:\/\/www.atelierdocaractere.pt\/brevemente\/cim-viseu-dao-lafoes-lidera-projeto-europeu-de-combate-aos-residuos-urbanos-com-visita-a-regiao-neerlandesa-de-almere\/\",\"url\":\"https:\/\/www.atelierdocaractere.pt\/brevemente\/cim-viseu-dao-lafoes-lidera-projeto-europeu-de-combate-aos-residuos-urbanos-com-visita-a-regiao-neerlandesa-de-almere\/\",\"name\":\"CIM Viseu D\u00e3o Laf\u00f5es lidera projeto europeu de combate aos res\u00edduos urbanos com visita \u00e0 regi\u00e3o neerlandesa de Almere - Atelier do Caractere\",\"isPartOf\":{\"@id\":\"https:\/\/www.atelierdocaractere.pt\/brevemente\/#website\"},\"datePublished\":\"2024-04-11T17:48:29+00:00\",\"dateModified\":\"2024-04-12T17:50:47+00:00\",\"author\":{\"@id\":\"https:\/\/www.atelierdocaractere.pt\/brevemente\/#\/schema\/person\/f2f096eb0f27d9894725af22cb97c0db\"},\"breadcrumb\":{\"@id\":\"https:\/\/www.atelierdocaractere.pt\/brevemente\/cim-viseu-dao-lafoes-lidera-projeto-europeu-de-combate-aos-residuos-urbanos-com-visita-a-regiao-neerlandesa-de-almere\/#breadcrumb\"},\"inLanguage\":\"pt-PT\",\"potentialAction\":[{\"@type\":\"ReadAction\",\"target\":[\"https:\/\/www.atelierdocaractere.pt\/brevemente\/cim-viseu-dao-lafoes-lidera-projeto-europeu-de-combate-aos-residuos-urbanos-com-visita-a-regiao-neerlandesa-de-almere\/\"]}]},{\"@type\":\"BreadcrumbList\",\"@id\":\"https:\/\/www.atelierdocaractere.pt\/brevemente\/cim-viseu-dao-lafoes-lidera-projeto-europeu-de-combate-aos-residuos-urbanos-com-visita-a-regiao-neerlandesa-de-almere\/#breadcrumb\",\"itemListElement\":[{\"@type\":\"ListItem\",\"position\":1,\"name\":\"In\u00edcio\",\"item\":\"https:\/\/www.atelierdocaractere.pt\/brevemente\/\"},{\"@type\":\"ListItem\",\"position\":2,\"name\":\"CIM Viseu D\u00e3o Laf\u00f5es lidera projeto europeu de combate aos res\u00edduos urbanos com visita \u00e0 regi\u00e3o neerlandesa de Almere\"}]},{\"@type\":\"WebSite\",\"@id\":\"https:\/\/www.atelierdocaractere.pt\/brevemente\/#website\",\"url\":\"https:\/\/www.atelierdocaractere.pt\/brevemente\/\",\"name\":\"Atelier do Caractere\",\"description\":\"\",\"potentialAction\":[{\"@type\":\"SearchAction\",\"target\":{\"@type\":\"EntryPoint\",\"urlTemplate\":\"https:\/\/www.atelierdocaractere.pt\/brevemente\/?s={search_term_string}\"},\"query-input\":\"required name=search_term_string\"}],\"inLanguage\":\"pt-PT\"},{\"@type\":\"Person\",\"@id\":\"https:\/\/www.atelierdocaractere.pt\/brevemente\/#\/schema\/person\/f2f096eb0f27d9894725af22cb97c0db\",\"name\":\"Joana Barbosa\",\"image\":{\"@type\":\"ImageObject\",\"inLanguage\":\"pt-PT\",\"@id\":\"https:\/\/www.atelierdocaractere.pt\/brevemente\/#\/schema\/person\/image\/\",\"url\":\"https:\/\/secure.gravatar.com\/avatar\/33e8214b45e9d68a3a83008731075979?s=96&d=mm&r=g\",\"contentUrl\":\"https:\/\/secure.gravatar.com\/avatar\/33e8214b45e9d68a3a83008731075979?s=96&d=mm&r=g\",\"caption\":\"Joana Barbosa\"},\"url\":\"https:\/\/www.atelierdocaractere.pt\/brevemente\/author\/joanabarbosa\/\"}]}<\/script>\n<!-- \/ Yoast SEO plugin. -->","yoast_head_json":{"title":"CIM Viseu D\u00e3o Laf\u00f5es lidera projeto europeu de combate aos res\u00edduos urbanos com visita \u00e0 regi\u00e3o neerlandesa de Almere - Atelier do Caractere","robots":{"index":"index","follow":"follow","max-snippet":"max-snippet:-1","max-image-preview":"max-image-preview:large","max-video-preview":"max-video-preview:-1"},"canonical":"https:\/\/www.atelierdocaractere.pt\/brevemente\/cim-viseu-dao-lafoes-lidera-projeto-europeu-de-combate-aos-residuos-urbanos-com-visita-a-regiao-neerlandesa-de-almere\/","og_locale":"pt_PT","og_type":"article","og_title":"CIM Viseu D\u00e3o Laf\u00f5es lidera projeto europeu de combate aos res\u00edduos urbanos com visita \u00e0 regi\u00e3o neerlandesa de Almere - Atelier do Caractere","og_description":"No \u00e2mbito da 3\u00aa reuni\u00e3o do projeto europeu StopWaste que teve lugar na cidade de Almere, Pa\u00edses Baixos, a CIM...","og_url":"https:\/\/www.atelierdocaractere.pt\/brevemente\/cim-viseu-dao-lafoes-lidera-projeto-europeu-de-combate-aos-residuos-urbanos-com-visita-a-regiao-neerlandesa-de-almere\/","og_site_name":"Atelier do Caractere","article_publisher":"https:\/\/www.facebook.com\/AtelierdoCaractere","article_published_time":"2024-04-11T17:48:29+00:00","article_modified_time":"2024-04-12T17:50:47+00:00","og_image":[{"width":1750,"height":1125,"url":"https:\/\/www.atelierdocaractere.pt\/wp-content\/uploads\/2024\/04\/2f347ae0-8d02-44e5-884f-2194b77dec20-1.jpg","type":"image\/jpeg"}],"author":"Joana Barbosa","twitter_card":"summary_large_image","twitter_misc":{"Escrito por":"Joana Barbosa","Tempo estimado de leitura":"5 minutos"},"schema":{"@context":"https:\/\/schema.org","@graph":[{"@type":"WebPage","@id":"https:\/\/www.atelierdocaractere.pt\/brevemente\/cim-viseu-dao-lafoes-lidera-projeto-europeu-de-combate-aos-residuos-urbanos-com-visita-a-regiao-neerlandesa-de-almere\/","url":"https:\/\/www.atelierdocaractere.pt\/brevemente\/cim-viseu-dao-lafoes-lidera-projeto-europeu-de-combate-aos-residuos-urbanos-com-visita-a-regiao-neerlandesa-de-almere\/","name":"CIM Viseu D\u00e3o Laf\u00f5es lidera projeto europeu de combate aos res\u00edduos urbanos com visita \u00e0 regi\u00e3o neerlandesa de Almere - Atelier do Caractere","isPartOf":{"@id":"https:\/\/www.atelierdocaractere.pt\/brevemente\/#website"},"datePublished":"2024-04-11T17:48:29+00:00","dateModified":"2024-04-12T17:50:47+00:00","author":{"@id":"https:\/\/www.atelierdocaractere.pt\/brevemente\/#\/schema\/person\/f2f096eb0f27d9894725af22cb97c0db"},"breadcrumb":{"@id":"https:\/\/www.atelierdocaractere.pt\/brevemente\/cim-viseu-dao-lafoes-lidera-projeto-europeu-de-combate-aos-residuos-urbanos-com-visita-a-regiao-neerlandesa-de-almere\/#breadcrumb"},"inLanguage":"pt-PT","potentialAction":[{"@type":"ReadAction","target":["https:\/\/www.atelierdocaractere.pt\/brevemente\/cim-viseu-dao-lafoes-lidera-projeto-europeu-de-combate-aos-residuos-urbanos-com-visita-a-regiao-neerlandesa-de-almere\/"]}]},{"@type":"BreadcrumbList","@id":"https:\/\/www.atelierdocaractere.pt\/brevemente\/cim-viseu-dao-lafoes-lidera-projeto-europeu-de-combate-aos-residuos-urbanos-com-visita-a-regiao-neerlandesa-de-almere\/#breadcrumb","itemListElement":[{"@type":"ListItem","position":1,"name":"In\u00edcio","item":"https:\/\/www.atelierdocaractere.pt\/brevemente\/"},{"@type":"ListItem","position":2,"name":"CIM Viseu D\u00e3o Laf\u00f5es lidera projeto europeu de combate aos res\u00edduos urbanos com visita \u00e0 regi\u00e3o neerlandesa de Almere"}]},{"@type":"WebSite","@id":"https:\/\/www.atelierdocaractere.pt\/brevemente\/#website","url":"https:\/\/www.atelierdocaractere.pt\/brevemente\/","name":"Atelier do Caractere","description":"","potentialAction":[{"@type":"SearchAction","target":{"@type":"EntryPoint","urlTemplate":"https:\/\/www.atelierdocaractere.pt\/brevemente\/?s={search_term_string}"},"query-input":"required name=search_term_string"}],"inLanguage":"pt-PT"},{"@type":"Person","@id":"https:\/\/www.atelierdocaractere.pt\/brevemente\/#\/schema\/person\/f2f096eb0f27d9894725af22cb97c0db","name":"Joana Barbosa","image":{"@type":"ImageObject","inLanguage":"pt-PT","@id":"https:\/\/www.atelierdocaractere.pt\/brevemente\/#\/schema\/person\/image\/","url":"https:\/\/secure.gravatar.com\/avatar\/33e8214b45e9d68a3a83008731075979?s=96&d=mm&r=g","contentUrl":"https:\/\/secure.gravatar.com\/avatar\/33e8214b45e9d68a3a83008731075979?s=96&d=mm&r=g","caption":"Joana Barbosa"},"url":"https:\/\/www.atelierdocaractere.pt\/brevemente\/author\/joanabarbosa\/"}]}},"_links":{"self":[{"href":"https:\/\/www.atelierdocaractere.pt\/brevemente\/wp-json\/wp\/v2\/posts\/12652"}],"collection":[{"href":"https:\/\/www.atelierdocaractere.pt\/brevemente\/wp-json\/wp\/v2\/posts"}],"about":[{"href":"https:\/\/www.atelierdocaractere.pt\/brevemente\/wp-json\/wp\/v2\/types\/post"}],"author":[{"embeddable":true,"href":"https:\/\/www.atelierdocaractere.pt\/brevemente\/wp-json\/wp\/v2\/users\/7"}],"replies":[{"embeddable":true,"href":"https:\/\/www.atelierdocaractere.pt\/brevemente\/wp-json\/wp\/v2\/comments?post=12652"}],"version-history":[{"count":1,"href":"https:\/\/www.atelierdocaractere.pt\/brevemente\/wp-json\/wp\/v2\/posts\/12652\/revisions"}],"predecessor-version":[{"id":12660,"href":"https:\/\/www.atelierdocaractere.pt\/brevemente\/wp-json\/wp\/v2\/posts\/12652\/revisions\/12660"}],"wp:featuredmedia":[{"embeddable":true,"href":"https:\/\/www.atelierdocaractere.pt\/brevemente\/wp-json\/wp\/v2\/media\/12654"}],"wp:attachment":[{"href":"https:\/\/www.atelierdocaractere.pt\/brevemente\/wp-json\/wp\/v2\/media?parent=12652"}],"wp:term":[{"taxonomy":"category","embeddable":true,"href":"https:\/\/www.atelierdocaractere.pt\/brevemente\/wp-json\/wp\/v2\/categories?post=12652"},{"taxonomy":"post_tag","embeddable":true,"href":"https:\/\/www.atelierdocaractere.pt\/brevemente\/wp-json\/wp\/v2\/tags?post=12652"}],"curies":[{"name":"wp","href":"https:\/\/api.w.org\/{rel}","templated":true}]}}