{"id":12674,"date":"2024-04-15T18:48:54","date_gmt":"2024-04-15T18:48:54","guid":{"rendered":"https:\/\/www.atelierdocaractere.pt\/brevemente\/?p=12674"},"modified":"2024-04-15T18:48:58","modified_gmt":"2024-04-15T18:48:58","slug":"alunos-de-torres-vedras-inspiram-se-nas-pinturas-rupestres-para-mostrar-as-especies-animais-que-vao-desaparecer-nos-proximos-anos","status":"publish","type":"post","link":"https:\/\/www.atelierdocaractere.pt\/brevemente\/alunos-de-torres-vedras-inspiram-se-nas-pinturas-rupestres-para-mostrar-as-especies-animais-que-vao-desaparecer-nos-proximos-anos\/","title":{"rendered":"Alunos de Torres Vedras inspiram-se nas pinturas rupestres para mostrar as esp\u00e9cies animais que v\u00e3o desaparecer nos pr\u00f3ximos anos"},"content":{"rendered":"\n<p><strong>\u201cDon`t Say It, Do It\u201d.\u00a0Projeto da EITV &#8211; Escola Internacional de Torres Vedras fixa na pedra mem\u00f3rias para o futuro, imortalizando 20 animais que est\u00e3o em risco de desaparecer e dando origem a exposi\u00e7\u00e3o que convoca aten\u00e7\u00f5es para urg\u00eancia na defesa do Planeta. A colorida joaninha \u00e9 um dos animais que pode entrar em extin\u00e7\u00e3o brevemente<\/strong><\/p>\n\n\n\n<figure class=\"wp-block-image size-large\"><img decoding=\"async\" width=\"1024\" height=\"767\" src=\"https:\/\/www.atelierdocaractere.pt\/wp-content\/uploads\/2024\/04\/projeto-zoo-1-1024x767.jpg\" alt=\"\" class=\"wp-image-12675\" srcset=\"https:\/\/www.atelierdocaractere.pt\/wp-content\/uploads\/2024\/04\/projeto-zoo-1-1024x767.jpg 1024w, https:\/\/www.atelierdocaractere.pt\/wp-content\/uploads\/2024\/04\/projeto-zoo-1-300x225.jpg 300w, https:\/\/www.atelierdocaractere.pt\/wp-content\/uploads\/2024\/04\/projeto-zoo-1-768x575.jpg 768w, https:\/\/www.atelierdocaractere.pt\/wp-content\/uploads\/2024\/04\/projeto-zoo-1-1536x1151.jpg 1536w, https:\/\/www.atelierdocaractere.pt\/wp-content\/uploads\/2024\/04\/projeto-zoo-1.jpg 1650w\" sizes=\"(max-width: 1024px) 100vw, 1024px\" \/><\/figure>\n\n\n\n<p>O que t\u00eam em comum a colorida joaninha, a raposa vermelha da serra nevada, o hipop\u00f3tamo pigmeu, o papagaio de coroa vermelha, o flamingo chileno ou a imponente borboleta monarca. Todos estes animais e 20 outras esp\u00e9cies v\u00e3o desaparecer em breve da face da Terra, se nada for feito para o evitar.<\/p>\n\n\n\n<p>Esta realidade levou alunos de v\u00e1rias nacionalidades do 7.\u00ba ano da&nbsp;<strong>EITV &#8211; Escola Internacional de Torres Vedras<\/strong>, a pintarem em pedra as figuras de 20 animais que est\u00e3o em risco de desaparecer nos pr\u00f3ximos anos \u2013 e fizeram-nos inspirados pelo legado dos nossos antepassados, que atrav\u00e9s das pinturas rupestres nos deixaram mem\u00f3ria dos mais diversos animais, como o Mamute ou o Tigre Dentes-de-Sabre. O resultado \u00e9 a exposi\u00e7\u00e3o&nbsp;<strong>\u201cDon`t Say It, Do It\u201d (\u201cN\u00e3o falem, atuem\u201d)<\/strong>, que pretende agitar as consci\u00eancias e alertar para um problema s\u00e9rio nos dias de hoje: a amea\u00e7a iminente de extin\u00e7\u00e3o que enfrentam esp\u00e9cies que todos conhecemos.<\/p>\n\n\n\n<p><em>\u201cDe acordo com o World Wildlife Fund (WWF), desde 1970 que desapareceu mais de 60 por cento da vida animal do nosso Planeta, por a\u00e7\u00e3o direta e indireta do Homem. Se nada for feito, este processo de extin\u00e7\u00e3o vai acelerar. Este \u00e9 o mote para que a EITV, atrav\u00e9s do programa do 7.\u00ba ano para a Educa\u00e7\u00e3o Visual (EV) e Educa\u00e7\u00e3o Tecnol\u00f3gica (ET), procurasse uma forma visual, com impacto, de mostrar esta situa\u00e7\u00e3o, suscitando a aten\u00e7\u00e3o de toda a comunidade escolar para a extin\u00e7\u00e3o constante e irrevers\u00edvel no mundo animal\u201d<\/em>, explica&nbsp;<strong>Alexandre Pataca, professor da Escola Internacional de Torres Vedras<\/strong>.<\/p>\n\n\n\n<p>Os alunos foram desafiados a pintarem em pedras naturais os pr\u00f3ximos animais que ir\u00e3o desaparecer, muitos dos quais durante o seu per\u00edodo de vida.&nbsp;<em>\u201cSabemos da exist\u00eancia de animais que foram extintos, como o Mamute e o Tigre Dentes-de-Sabre, pelas pinturas que os nossos antepassados fizeram nas cavernas. O simbolismo deste projeto, uma exposi\u00e7\u00e3o de pedras pintadas com a figura de animais em vias de extin\u00e7\u00e3o, remete para a constata\u00e7\u00e3o&nbsp;<\/em><em>de que, se n\u00e3o atuarmos, as futuras gera\u00e7\u00f5es ir\u00e3o conhecer estas esp\u00e9cies tamb\u00e9m apenas atrav\u00e9s destas pinturas\u201d<\/em>, complementa&nbsp;<strong>Eduardo Castro, Diretor da Escola Internacional<\/strong>.<\/p>\n\n\n\n<p>A escolha de cada animal foi aleat\u00f3ria e, segundo Alexandre Pataca, professor da EITV, os alunos ficaram surpreendidos por descobrirem que a fr\u00e1gil e colorida joaninha \u00e9 um dos animais em risco:&nbsp;<em>\u201cQuando conversarem com amigos, daqui a 15 anos, sobre joaninhas ou borboletas monarca, a \u00fanica forma de mostrar a exist\u00eancia destes animais ser\u00e1 mostrando um filme, uma foto ou a pedra que pintaram quando estavam numa aula na EITV\u201d<\/em>.<\/p>\n\n\n\n<p>A exposi\u00e7\u00e3o \u201cDon`t Say It, Do It\u201d pode ser visitada na EITV &#8211; Escola Internacional de Torres Vedras e refor\u00e7a um apelo:&nbsp;<strong>\u201cDesacelerem a Extin\u00e7\u00e3o. Protejam a Biodiversidade\u201d<\/strong>.<\/p>\n\n\n\n<figure class=\"wp-block-image size-large\"><img decoding=\"async\" width=\"1024\" height=\"767\" src=\"https:\/\/www.atelierdocaractere.pt\/wp-content\/uploads\/2024\/04\/projeto-zoo-2-1024x767.jpg\" alt=\"\" class=\"wp-image-12676\" srcset=\"https:\/\/www.atelierdocaractere.pt\/wp-content\/uploads\/2024\/04\/projeto-zoo-2-1024x767.jpg 1024w, https:\/\/www.atelierdocaractere.pt\/wp-content\/uploads\/2024\/04\/projeto-zoo-2-300x225.jpg 300w, https:\/\/www.atelierdocaractere.pt\/wp-content\/uploads\/2024\/04\/projeto-zoo-2-768x575.jpg 768w, https:\/\/www.atelierdocaractere.pt\/wp-content\/uploads\/2024\/04\/projeto-zoo-2-1536x1151.jpg 1536w, https:\/\/www.atelierdocaractere.pt\/wp-content\/uploads\/2024\/04\/projeto-zoo-2.jpg 1650w\" sizes=\"(max-width: 1024px) 100vw, 1024px\" \/><\/figure>\n\n\n\n<p><strong>EITV: uma Escola com tr\u00eas percursos educativos paralelos<\/strong><\/p>\n\n\n\n<p>Fundada em 2005, a EITV &#8211; Escola Internacional de Torres Vedras tem como miss\u00e3o oferecer uma educa\u00e7\u00e3o de qualidade, preparando os jovens para os desafios do mundo moderno. Com uma oferta desde o ber\u00e7\u00e1rio ao 12.\u00ba ano, e com alunos de 25 nacionalidades, a escola procura explorar ao m\u00e1ximo o potencial de cada estudante, oferecendo tr\u00eas percursos educativos distintos:<strong>&nbsp;o curr\u00edculo nacional portugu\u00eas; o curr\u00edculo ingl\u00eas de Cambridge (uma novidade neste ano letivo); e complementarmente o Dual Diploma norte-americano (primeira institui\u00e7\u00e3o em Portugal autorizada, em parceria com a &#8220;Academica International Studies&#8221;).<\/strong><\/p>\n\n\n\n<p>A EITV proporciona aos seus alunos uma forma\u00e7\u00e3o de prest\u00edgio reconhecida internacionalmente. A inclus\u00e3o, este ano, do curr\u00edculo certificado de Cambridge ampliou ainda mais as oportunidades educacionais, com exames que validam de forma oficial a profici\u00eancia educativa, um recurso valioso num mundo cada vez mais globalizado.<\/p>\n\n\n\n<p>Al\u00e9m disso, a escola prioriza o ensino de idiomas, oferecendo forma\u00e7\u00e3o certificada em ingl\u00eas, espanhol e franc\u00eas, desde tenra idade.&nbsp;<strong>Atualmente, a EITV acolhe 442 alunos, sendo que 61 seguem o curr\u00edculo Cambridge, o que reflete a diversidade educativa da escola e o seu compromisso com a excel\u00eancia acad\u00e9mica<\/strong>.<\/p>\n\n\n\n<p><strong>Um m\u00e9todo de ensino diferenciado<\/strong><\/p>\n\n\n\n<p>&nbsp;Um dos pontos distintivos da EITV \u00e9 o seu m\u00e9todo de&nbsp;<strong>ensino diferenciado<\/strong>, que enfatiza o acompanhamento individualizado dos alunos, promovendo a sua responsabilidade e autonomia no processo de aprendizagem. Os professores realizam discuss\u00f5es regulares com cada aluno e com os seus pais, para avaliar o progresso e identificar \u00e1reas de desenvolvimento, garantindo uma abordagem personalizada e eficaz.<\/p>\n\n\n\n<p>As atividades letivas incluem apresenta\u00e7\u00f5es e trabalhos de grupo desde o 1.\u00ba ano. Desde a pr\u00e9-escola que \u00e9 proporcionada uma variedade de atividades extracurriculares, como artes e desportos de grupo, que promovem o esp\u00edrito de equipa, criatividade e responsabilidade.<\/p>\n\n\n\n<p><a><strong>Eduardo Castro, diretor da Escola Internacional de Torres Vedras<\/strong><\/a>, destaca o compromisso da institui\u00e7\u00e3o em oferecer uma educa\u00e7\u00e3o de excel\u00eancia, preparando os alunos para enfrentar os desafios do s\u00e9culo XXI.&nbsp;<strong><em>&#8220;A EITV n\u00e3o \u00e9 apenas uma escola, \u00e9 uma comunidade dedicada \u00e0 compreens\u00e3o do mundo atual, ao crescimento e ao sucesso de cada aluno. Com uma infraestrutura moderna, tecnologia de ponta e um ambiente multicultural, estamos preparados para oferecer uma educa\u00e7\u00e3o certificada de classe mundial&#8221;<\/em><\/strong>, sublinha.<strong>&nbsp;<em>\u201cEstou convicto de que somos uma das melhores op\u00e7\u00f5es a n\u00edvel educacional da Grande Lisboa e de toda a Zona Oeste\u201d<\/em>,<\/strong>&nbsp;acrescenta.<\/p>\n\n\n\n<p><strong>Instala\u00e7\u00f5es privilegiadas<\/strong><\/p>\n\n\n\n<p>Al\u00e9m de m\u00e9todo de ensino diferenciado, a EITV proporciona instala\u00e7\u00f5es de qualidade superior \u00e0 comunidade educativa.&nbsp;Localizada&nbsp;<strong>a apenas 40 minutos de Lisboa<\/strong>, num ambiente privilegiado,&nbsp;a Escola disp\u00f5e de 45.000 m\u00b2 ao servi\u00e7o da Educa\u00e7\u00e3o,&nbsp;com 10.000m2 de edificado, rodeados por 35.000m2 de espa\u00e7os verdes e ar puro \u2013 que incluem&nbsp;uma quinta florestal e pedag\u00f3gica, onde os alunos podem aprender sobre agricultura e sustentabilidade ambiental.<\/p>\n\n\n\n<p>As salas de aula s\u00e3o espa\u00e7osas e equipadas com os melhores materiais, enquanto as instala\u00e7\u00f5es desportivas promovem a sa\u00fade f\u00edsica e o trabalho em equipa. A escola tamb\u00e9m oferece acesso a laborat\u00f3rios e salas de inform\u00e1tica que incentivam os alunos a explorar os seus interesses e a expandir os seus conhecimentos.<\/p>\n","protected":false},"excerpt":{"rendered":"<p>\u201cDon`t Say It, Do It\u201d.\u00a0Projeto da EITV &#8211; Escola Internacional de Torres Vedras fixa na pedra mem\u00f3rias para o futuro,&#8230;<\/p>\n","protected":false},"author":7,"featured_media":12675,"comment_status":"closed","ping_status":"open","sticky":false,"template":"","format":"standard","meta":[],"categories":[779],"tags":[773],"yoast_head":"<!-- This site is optimized with the Yoast SEO plugin v20.12 - https:\/\/yoast.com\/wordpress\/plugins\/seo\/ -->\n<title>Alunos de Torres Vedras inspiram-se nas pinturas rupestres para mostrar as esp\u00e9cies animais que v\u00e3o desaparecer nos pr\u00f3ximos anos - Atelier do Caractere<\/title>\n<meta name=\"robots\" content=\"index, follow, max-snippet:-1, max-image-preview:large, max-video-preview:-1\" \/>\n<link rel=\"canonical\" href=\"https:\/\/www.atelierdocaractere.pt\/brevemente\/alunos-de-torres-vedras-inspiram-se-nas-pinturas-rupestres-para-mostrar-as-especies-animais-que-vao-desaparecer-nos-proximos-anos\/\" \/>\n<meta property=\"og:locale\" content=\"pt_PT\" \/>\n<meta property=\"og:type\" content=\"article\" \/>\n<meta property=\"og:title\" content=\"Alunos de Torres Vedras inspiram-se nas pinturas rupestres para mostrar as esp\u00e9cies animais que v\u00e3o desaparecer nos pr\u00f3ximos anos - Atelier do Caractere\" \/>\n<meta property=\"og:description\" content=\"\u201cDon`t Say It, Do It\u201d.\u00a0Projeto da EITV &#8211; Escola Internacional de Torres Vedras fixa na pedra mem\u00f3rias para o futuro,...\" \/>\n<meta property=\"og:url\" content=\"https:\/\/www.atelierdocaractere.pt\/brevemente\/alunos-de-torres-vedras-inspiram-se-nas-pinturas-rupestres-para-mostrar-as-especies-animais-que-vao-desaparecer-nos-proximos-anos\/\" \/>\n<meta property=\"og:site_name\" content=\"Atelier do Caractere\" \/>\n<meta property=\"article:publisher\" content=\"https:\/\/www.facebook.com\/AtelierdoCaractere\" \/>\n<meta property=\"article:published_time\" content=\"2024-04-15T18:48:54+00:00\" \/>\n<meta property=\"article:modified_time\" content=\"2024-04-15T18:48:58+00:00\" \/>\n<meta property=\"og:image\" content=\"https:\/\/www.atelierdocaractere.pt\/wp-content\/uploads\/2024\/04\/projeto-zoo-1.jpg\" \/>\n\t<meta property=\"og:image:width\" content=\"1650\" \/>\n\t<meta property=\"og:image:height\" content=\"1236\" \/>\n\t<meta property=\"og:image:type\" content=\"image\/jpeg\" \/>\n<meta name=\"author\" content=\"Joana Barbosa\" \/>\n<meta name=\"twitter:card\" content=\"summary_large_image\" \/>\n<meta name=\"twitter:label1\" content=\"Escrito por\" \/>\n\t<meta name=\"twitter:data1\" content=\"Joana Barbosa\" \/>\n\t<meta name=\"twitter:label2\" content=\"Tempo estimado de leitura\" \/>\n\t<meta name=\"twitter:data2\" content=\"6 minutos\" \/>\n<script type=\"application\/ld+json\" class=\"yoast-schema-graph\">{\"@context\":\"https:\/\/schema.org\",\"@graph\":[{\"@type\":\"WebPage\",\"@id\":\"https:\/\/www.atelierdocaractere.pt\/brevemente\/alunos-de-torres-vedras-inspiram-se-nas-pinturas-rupestres-para-mostrar-as-especies-animais-que-vao-desaparecer-nos-proximos-anos\/\",\"url\":\"https:\/\/www.atelierdocaractere.pt\/brevemente\/alunos-de-torres-vedras-inspiram-se-nas-pinturas-rupestres-para-mostrar-as-especies-animais-que-vao-desaparecer-nos-proximos-anos\/\",\"name\":\"Alunos de Torres Vedras inspiram-se nas pinturas rupestres para mostrar as esp\u00e9cies animais que v\u00e3o desaparecer nos pr\u00f3ximos anos - Atelier do Caractere\",\"isPartOf\":{\"@id\":\"https:\/\/www.atelierdocaractere.pt\/brevemente\/#website\"},\"datePublished\":\"2024-04-15T18:48:54+00:00\",\"dateModified\":\"2024-04-15T18:48:58+00:00\",\"author\":{\"@id\":\"https:\/\/www.atelierdocaractere.pt\/brevemente\/#\/schema\/person\/f2f096eb0f27d9894725af22cb97c0db\"},\"breadcrumb\":{\"@id\":\"https:\/\/www.atelierdocaractere.pt\/brevemente\/alunos-de-torres-vedras-inspiram-se-nas-pinturas-rupestres-para-mostrar-as-especies-animais-que-vao-desaparecer-nos-proximos-anos\/#breadcrumb\"},\"inLanguage\":\"pt-PT\",\"potentialAction\":[{\"@type\":\"ReadAction\",\"target\":[\"https:\/\/www.atelierdocaractere.pt\/brevemente\/alunos-de-torres-vedras-inspiram-se-nas-pinturas-rupestres-para-mostrar-as-especies-animais-que-vao-desaparecer-nos-proximos-anos\/\"]}]},{\"@type\":\"BreadcrumbList\",\"@id\":\"https:\/\/www.atelierdocaractere.pt\/brevemente\/alunos-de-torres-vedras-inspiram-se-nas-pinturas-rupestres-para-mostrar-as-especies-animais-que-vao-desaparecer-nos-proximos-anos\/#breadcrumb\",\"itemListElement\":[{\"@type\":\"ListItem\",\"position\":1,\"name\":\"In\u00edcio\",\"item\":\"https:\/\/www.atelierdocaractere.pt\/brevemente\/\"},{\"@type\":\"ListItem\",\"position\":2,\"name\":\"Alunos de Torres Vedras inspiram-se nas pinturas rupestres para mostrar as esp\u00e9cies animais que v\u00e3o desaparecer nos pr\u00f3ximos anos\"}]},{\"@type\":\"WebSite\",\"@id\":\"https:\/\/www.atelierdocaractere.pt\/brevemente\/#website\",\"url\":\"https:\/\/www.atelierdocaractere.pt\/brevemente\/\",\"name\":\"Atelier do Caractere\",\"description\":\"\",\"potentialAction\":[{\"@type\":\"SearchAction\",\"target\":{\"@type\":\"EntryPoint\",\"urlTemplate\":\"https:\/\/www.atelierdocaractere.pt\/brevemente\/?s={search_term_string}\"},\"query-input\":\"required name=search_term_string\"}],\"inLanguage\":\"pt-PT\"},{\"@type\":\"Person\",\"@id\":\"https:\/\/www.atelierdocaractere.pt\/brevemente\/#\/schema\/person\/f2f096eb0f27d9894725af22cb97c0db\",\"name\":\"Joana Barbosa\",\"image\":{\"@type\":\"ImageObject\",\"inLanguage\":\"pt-PT\",\"@id\":\"https:\/\/www.atelierdocaractere.pt\/brevemente\/#\/schema\/person\/image\/\",\"url\":\"https:\/\/secure.gravatar.com\/avatar\/33e8214b45e9d68a3a83008731075979?s=96&d=mm&r=g\",\"contentUrl\":\"https:\/\/secure.gravatar.com\/avatar\/33e8214b45e9d68a3a83008731075979?s=96&d=mm&r=g\",\"caption\":\"Joana Barbosa\"},\"url\":\"https:\/\/www.atelierdocaractere.pt\/brevemente\/author\/joanabarbosa\/\"}]}<\/script>\n<!-- \/ Yoast SEO plugin. -->","yoast_head_json":{"title":"Alunos de Torres Vedras inspiram-se nas pinturas rupestres para mostrar as esp\u00e9cies animais que v\u00e3o desaparecer nos pr\u00f3ximos anos - Atelier do Caractere","robots":{"index":"index","follow":"follow","max-snippet":"max-snippet:-1","max-image-preview":"max-image-preview:large","max-video-preview":"max-video-preview:-1"},"canonical":"https:\/\/www.atelierdocaractere.pt\/brevemente\/alunos-de-torres-vedras-inspiram-se-nas-pinturas-rupestres-para-mostrar-as-especies-animais-que-vao-desaparecer-nos-proximos-anos\/","og_locale":"pt_PT","og_type":"article","og_title":"Alunos de Torres Vedras inspiram-se nas pinturas rupestres para mostrar as esp\u00e9cies animais que v\u00e3o desaparecer nos pr\u00f3ximos anos - Atelier do Caractere","og_description":"\u201cDon`t Say It, Do It\u201d.\u00a0Projeto da EITV &#8211; Escola Internacional de Torres Vedras fixa na pedra mem\u00f3rias para o futuro,...","og_url":"https:\/\/www.atelierdocaractere.pt\/brevemente\/alunos-de-torres-vedras-inspiram-se-nas-pinturas-rupestres-para-mostrar-as-especies-animais-que-vao-desaparecer-nos-proximos-anos\/","og_site_name":"Atelier do Caractere","article_publisher":"https:\/\/www.facebook.com\/AtelierdoCaractere","article_published_time":"2024-04-15T18:48:54+00:00","article_modified_time":"2024-04-15T18:48:58+00:00","og_image":[{"width":1650,"height":1236,"url":"https:\/\/www.atelierdocaractere.pt\/wp-content\/uploads\/2024\/04\/projeto-zoo-1.jpg","type":"image\/jpeg"}],"author":"Joana Barbosa","twitter_card":"summary_large_image","twitter_misc":{"Escrito por":"Joana Barbosa","Tempo estimado de leitura":"6 minutos"},"schema":{"@context":"https:\/\/schema.org","@graph":[{"@type":"WebPage","@id":"https:\/\/www.atelierdocaractere.pt\/brevemente\/alunos-de-torres-vedras-inspiram-se-nas-pinturas-rupestres-para-mostrar-as-especies-animais-que-vao-desaparecer-nos-proximos-anos\/","url":"https:\/\/www.atelierdocaractere.pt\/brevemente\/alunos-de-torres-vedras-inspiram-se-nas-pinturas-rupestres-para-mostrar-as-especies-animais-que-vao-desaparecer-nos-proximos-anos\/","name":"Alunos de Torres Vedras inspiram-se nas pinturas rupestres para mostrar as esp\u00e9cies animais que v\u00e3o desaparecer nos pr\u00f3ximos anos - Atelier do Caractere","isPartOf":{"@id":"https:\/\/www.atelierdocaractere.pt\/brevemente\/#website"},"datePublished":"2024-04-15T18:48:54+00:00","dateModified":"2024-04-15T18:48:58+00:00","author":{"@id":"https:\/\/www.atelierdocaractere.pt\/brevemente\/#\/schema\/person\/f2f096eb0f27d9894725af22cb97c0db"},"breadcrumb":{"@id":"https:\/\/www.atelierdocaractere.pt\/brevemente\/alunos-de-torres-vedras-inspiram-se-nas-pinturas-rupestres-para-mostrar-as-especies-animais-que-vao-desaparecer-nos-proximos-anos\/#breadcrumb"},"inLanguage":"pt-PT","potentialAction":[{"@type":"ReadAction","target":["https:\/\/www.atelierdocaractere.pt\/brevemente\/alunos-de-torres-vedras-inspiram-se-nas-pinturas-rupestres-para-mostrar-as-especies-animais-que-vao-desaparecer-nos-proximos-anos\/"]}]},{"@type":"BreadcrumbList","@id":"https:\/\/www.atelierdocaractere.pt\/brevemente\/alunos-de-torres-vedras-inspiram-se-nas-pinturas-rupestres-para-mostrar-as-especies-animais-que-vao-desaparecer-nos-proximos-anos\/#breadcrumb","itemListElement":[{"@type":"ListItem","position":1,"name":"In\u00edcio","item":"https:\/\/www.atelierdocaractere.pt\/brevemente\/"},{"@type":"ListItem","position":2,"name":"Alunos de Torres Vedras inspiram-se nas pinturas rupestres para mostrar as esp\u00e9cies animais que v\u00e3o desaparecer nos pr\u00f3ximos anos"}]},{"@type":"WebSite","@id":"https:\/\/www.atelierdocaractere.pt\/brevemente\/#website","url":"https:\/\/www.atelierdocaractere.pt\/brevemente\/","name":"Atelier do Caractere","description":"","potentialAction":[{"@type":"SearchAction","target":{"@type":"EntryPoint","urlTemplate":"https:\/\/www.atelierdocaractere.pt\/brevemente\/?s={search_term_string}"},"query-input":"required name=search_term_string"}],"inLanguage":"pt-PT"},{"@type":"Person","@id":"https:\/\/www.atelierdocaractere.pt\/brevemente\/#\/schema\/person\/f2f096eb0f27d9894725af22cb97c0db","name":"Joana Barbosa","image":{"@type":"ImageObject","inLanguage":"pt-PT","@id":"https:\/\/www.atelierdocaractere.pt\/brevemente\/#\/schema\/person\/image\/","url":"https:\/\/secure.gravatar.com\/avatar\/33e8214b45e9d68a3a83008731075979?s=96&d=mm&r=g","contentUrl":"https:\/\/secure.gravatar.com\/avatar\/33e8214b45e9d68a3a83008731075979?s=96&d=mm&r=g","caption":"Joana Barbosa"},"url":"https:\/\/www.atelierdocaractere.pt\/brevemente\/author\/joanabarbosa\/"}]}},"_links":{"self":[{"href":"https:\/\/www.atelierdocaractere.pt\/brevemente\/wp-json\/wp\/v2\/posts\/12674"}],"collection":[{"href":"https:\/\/www.atelierdocaractere.pt\/brevemente\/wp-json\/wp\/v2\/posts"}],"about":[{"href":"https:\/\/www.atelierdocaractere.pt\/brevemente\/wp-json\/wp\/v2\/types\/post"}],"author":[{"embeddable":true,"href":"https:\/\/www.atelierdocaractere.pt\/brevemente\/wp-json\/wp\/v2\/users\/7"}],"replies":[{"embeddable":true,"href":"https:\/\/www.atelierdocaractere.pt\/brevemente\/wp-json\/wp\/v2\/comments?post=12674"}],"version-history":[{"count":1,"href":"https:\/\/www.atelierdocaractere.pt\/brevemente\/wp-json\/wp\/v2\/posts\/12674\/revisions"}],"predecessor-version":[{"id":12677,"href":"https:\/\/www.atelierdocaractere.pt\/brevemente\/wp-json\/wp\/v2\/posts\/12674\/revisions\/12677"}],"wp:featuredmedia":[{"embeddable":true,"href":"https:\/\/www.atelierdocaractere.pt\/brevemente\/wp-json\/wp\/v2\/media\/12675"}],"wp:attachment":[{"href":"https:\/\/www.atelierdocaractere.pt\/brevemente\/wp-json\/wp\/v2\/media?parent=12674"}],"wp:term":[{"taxonomy":"category","embeddable":true,"href":"https:\/\/www.atelierdocaractere.pt\/brevemente\/wp-json\/wp\/v2\/categories?post=12674"},{"taxonomy":"post_tag","embeddable":true,"href":"https:\/\/www.atelierdocaractere.pt\/brevemente\/wp-json\/wp\/v2\/tags?post=12674"}],"curies":[{"name":"wp","href":"https:\/\/api.w.org\/{rel}","templated":true}]}}