{"id":12735,"date":"2024-04-24T13:36:43","date_gmt":"2024-04-24T13:36:43","guid":{"rendered":"https:\/\/www.atelierdocaractere.pt\/brevemente\/?p=12735"},"modified":"2024-04-24T13:36:49","modified_gmt":"2024-04-24T13:36:49","slug":"alunos-da-escola-internacional-de-torres-vedras-desenham-liberdade-25-de-abril","status":"publish","type":"post","link":"https:\/\/www.atelierdocaractere.pt\/brevemente\/alunos-da-escola-internacional-de-torres-vedras-desenham-liberdade-25-de-abril\/","title":{"rendered":"Alunos da Escola Internacional de Torres Vedras desenham \u201cLiberdade 25 de Abril\u201d em imagem para a posteridade"},"content":{"rendered":"\n<p><strong>\u00b7\u00a0 \u00a0 \u00a0\u00a0Estudantes, empunhando cravos vermelhos, criaram as palavras \u201cLIBERDADE 25 DE ABRIL\u201d no relvado da escola. Iniciativa surge na sequ\u00eancia dos 50 anos do 25 de Abril, comemorados ainda com concerto que recriou can\u00e7\u00f5es da Revolu\u00e7\u00e3o e uma exposi\u00e7\u00e3o comemorativa da data.<\/strong><\/p>\n\n\n\n<figure class=\"wp-block-image size-large\"><img decoding=\"async\" width=\"1024\" height=\"620\" src=\"https:\/\/www.atelierdocaractere.pt\/wp-content\/uploads\/2024\/04\/eitv-foto-2-1024x620.jpg\" alt=\"\" class=\"wp-image-12736\" srcset=\"https:\/\/www.atelierdocaractere.pt\/wp-content\/uploads\/2024\/04\/eitv-foto-2-1024x620.jpg 1024w, https:\/\/www.atelierdocaractere.pt\/wp-content\/uploads\/2024\/04\/eitv-foto-2-300x182.jpg 300w, https:\/\/www.atelierdocaractere.pt\/wp-content\/uploads\/2024\/04\/eitv-foto-2-768x465.jpg 768w, https:\/\/www.atelierdocaractere.pt\/wp-content\/uploads\/2024\/04\/eitv-foto-2-1536x930.jpg 1536w, https:\/\/www.atelierdocaractere.pt\/wp-content\/uploads\/2024\/04\/eitv-foto-2.jpg 1593w\" sizes=\"(max-width: 1024px) 100vw, 1024px\" \/><\/figure>\n\n\n\n<p>Alunos da&nbsp;<strong>Escola Internacional de Torres Vedras<\/strong>&nbsp;(EITV) desenharam a palavra \u201cLIBERDADE 25 de ABRIL\u201d, empunhando cravos vermelhos, numa imagem que encheu o relvado da escola e que fica para a posteridade. Este foi um dos momentos altos das celebra\u00e7\u00f5es dos 50 anos do 25 de Abril na institui\u00e7\u00e3o de ensino, que mobilizou toda a comunidade educativa para o evento, incluindo os mais de 400 estudantes,&nbsp;corpo docente e demais colaboradores.<\/p>\n\n\n\n<p>A data simb\u00f3lica foi assinalada com a realiza\u00e7\u00e3o de um concerto especial para os alunos, onde foram interpretadas as can\u00e7\u00f5es mais emblem\u00e1ticas da Revolu\u00e7\u00e3o dos Cravos, e com uma exposi\u00e7\u00e3o alusiva ao tema. Durante o concerto, a assist\u00eancia construiu ent\u00e3o a imagem. Com estas a\u00e7\u00f5es, a EITV pretendeu n\u00e3o apenas prestar homenagem \u00e0 Hist\u00f3ria de Portugal, mas tamb\u00e9m inspirar os alunos a serem agentes de mudan\u00e7a, mantendo viva a chama da Liberdade e da Democracia.<\/p>\n\n\n\n<p>A iniciativa, no campo relvado da escola, reuniu alunos de todos os n\u00edveis educativos, professores e colaboradores, numa atmosfera de celebra\u00e7\u00e3o e reflex\u00e3o sobre o significado hist\u00f3rico do 25 de Abril de 1974. Sob a orienta\u00e7\u00e3o dos professores de M\u00fasica, Hist\u00f3ria e Artes, os alunos demonstraram o seu talento musical, ao recriarem os hinos que marcaram a revolu\u00e7\u00e3o que trouxe a Democracia a Portugal.<\/p>\n\n\n\n<figure class=\"wp-block-image size-large\"><img decoding=\"async\" width=\"1024\" height=\"582\" src=\"https:\/\/www.atelierdocaractere.pt\/wp-content\/uploads\/2024\/04\/eitv-foto-1-1024x582.jpg\" alt=\"\" class=\"wp-image-12737\" srcset=\"https:\/\/www.atelierdocaractere.pt\/wp-content\/uploads\/2024\/04\/eitv-foto-1-1024x582.jpg 1024w, https:\/\/www.atelierdocaractere.pt\/wp-content\/uploads\/2024\/04\/eitv-foto-1-300x170.jpg 300w, https:\/\/www.atelierdocaractere.pt\/wp-content\/uploads\/2024\/04\/eitv-foto-1-768x436.jpg 768w, https:\/\/www.atelierdocaractere.pt\/wp-content\/uploads\/2024\/04\/eitv-foto-1.jpg 1391w\" sizes=\"(max-width: 1024px) 100vw, 1024px\" \/><\/figure>\n\n\n\n<p>Entre as can\u00e7\u00f5es apresentadas n\u00e3o faltaram \u201cOs Vampiros\u201d, &#8220;Venham Mais Cinco\u201d, e &#8220;Gr\u00e2ndola, Vila Morena&#8221;, de Zeca Afonso, considerada o hino n\u00e3o oficial da Revolu\u00e7\u00e3o dos Cravos e a segunda senha do \u201cMovimento das For\u00e7as Armadas\u201d, e outras que se tornaram s\u00edmbolos da liberdade conquistada pelo povo.<\/p>\n\n\n\n<p>Todos os alunos, empunhando cravos vermelhos, criaram ent\u00e3o as palavras \u201cLIBERDADE 25 DE ABRIL\u201d e \u201cEITV\u201d, com a distribui\u00e7\u00e3o das flores no relvado.<\/p>\n\n\n\n<p>O evento constituiu uma oportunidade para os alunos se envolverem com a Hist\u00f3ria do pa\u00eds, mas tamb\u00e9m para refletirem sobre os valores democr\u00e1ticos e a import\u00e2ncia da participa\u00e7\u00e3o c\u00edvica na sociedade. Al\u00e9m das performances musicais, houve tamb\u00e9m oportunidade para a partilha de hist\u00f3rias e reflex\u00f5es sobre o impacto do 25 de Abril nas vidas dos portugueses.<\/p>\n\n\n\n<p>O diretor da Escola Internacional de Torres Vedras,&nbsp;<strong>Eduardo Castro<\/strong>, salientou a import\u00e2ncia de momentos como este para a forma\u00e7\u00e3o dos alunos.&nbsp;<em>&#8220;\u00c9 fundamental que nossos estudantes compreendam a Hist\u00f3ria do nosso pa\u00eds e valorizem os princ\u00edpios democr\u00e1ticos que conquist\u00e1mos em 1974. Com esta iniciativa, concerto e exposi\u00e7\u00e3o, a nossa escola proporcionou aos alunos uma oportunidade \u00fanica para se conectarem com o passado e entenderem como todos podem contribuir para o futuro de uma sociedade mais livre e justa&#8221;<\/em>, sublinhou.<\/p>\n","protected":false},"excerpt":{"rendered":"<p>\u00b7\u00a0 \u00a0 \u00a0\u00a0Estudantes, empunhando cravos vermelhos, criaram as palavras \u201cLIBERDADE 25 DE ABRIL\u201d no relvado da escola. Iniciativa surge na&#8230;<\/p>\n","protected":false},"author":7,"featured_media":12736,"comment_status":"closed","ping_status":"open","sticky":false,"template":"","format":"standard","meta":[],"categories":[779],"tags":[788,744,773],"yoast_head":"<!-- This site is optimized with the Yoast SEO plugin v20.12 - https:\/\/yoast.com\/wordpress\/plugins\/seo\/ -->\n<title>Alunos da Escola Internacional de Torres Vedras desenham \u201cLiberdade 25 de Abril\u201d em imagem para a posteridade - Atelier do Caractere<\/title>\n<meta name=\"description\" content=\"Estudantes, empunhando cravos vermelhos, criaram as palavras \u201cLIBERDADE 25 DE ABRIL\u201d no relvado da escola.\" \/>\n<meta name=\"robots\" content=\"index, follow, max-snippet:-1, max-image-preview:large, max-video-preview:-1\" \/>\n<link rel=\"canonical\" href=\"https:\/\/www.atelierdocaractere.pt\/brevemente\/alunos-da-escola-internacional-de-torres-vedras-desenham-liberdade-25-de-abril\/\" \/>\n<meta property=\"og:locale\" content=\"pt_PT\" \/>\n<meta property=\"og:type\" content=\"article\" \/>\n<meta property=\"og:title\" content=\"Alunos da Escola Internacional de Torres Vedras desenham \u201cLiberdade 25 de Abril\u201d em imagem para a posteridade - Atelier do Caractere\" \/>\n<meta property=\"og:description\" content=\"Estudantes, empunhando cravos vermelhos, criaram as palavras \u201cLIBERDADE 25 DE ABRIL\u201d no relvado da escola.\" \/>\n<meta property=\"og:url\" content=\"https:\/\/www.atelierdocaractere.pt\/brevemente\/alunos-da-escola-internacional-de-torres-vedras-desenham-liberdade-25-de-abril\/\" \/>\n<meta property=\"og:site_name\" content=\"Atelier do Caractere\" \/>\n<meta property=\"article:publisher\" content=\"https:\/\/www.facebook.com\/AtelierdoCaractere\" \/>\n<meta property=\"article:published_time\" content=\"2024-04-24T13:36:43+00:00\" \/>\n<meta property=\"article:modified_time\" content=\"2024-04-24T13:36:49+00:00\" \/>\n<meta property=\"og:image\" content=\"https:\/\/www.atelierdocaractere.pt\/wp-content\/uploads\/2024\/04\/eitv-foto-2.jpg\" \/>\n\t<meta property=\"og:image:width\" content=\"1593\" \/>\n\t<meta property=\"og:image:height\" content=\"965\" \/>\n\t<meta property=\"og:image:type\" content=\"image\/jpeg\" \/>\n<meta name=\"author\" content=\"Joana Barbosa\" \/>\n<meta name=\"twitter:card\" content=\"summary_large_image\" \/>\n<meta name=\"twitter:label1\" content=\"Escrito por\" \/>\n\t<meta name=\"twitter:data1\" content=\"Joana Barbosa\" \/>\n\t<meta name=\"twitter:label2\" content=\"Tempo estimado de leitura\" \/>\n\t<meta name=\"twitter:data2\" content=\"3 minutos\" \/>\n<script type=\"application\/ld+json\" class=\"yoast-schema-graph\">{\"@context\":\"https:\/\/schema.org\",\"@graph\":[{\"@type\":\"WebPage\",\"@id\":\"https:\/\/www.atelierdocaractere.pt\/brevemente\/alunos-da-escola-internacional-de-torres-vedras-desenham-liberdade-25-de-abril\/\",\"url\":\"https:\/\/www.atelierdocaractere.pt\/brevemente\/alunos-da-escola-internacional-de-torres-vedras-desenham-liberdade-25-de-abril\/\",\"name\":\"Alunos da Escola Internacional de Torres Vedras desenham \u201cLiberdade 25 de Abril\u201d em imagem para a posteridade - Atelier do Caractere\",\"isPartOf\":{\"@id\":\"https:\/\/www.atelierdocaractere.pt\/brevemente\/#website\"},\"datePublished\":\"2024-04-24T13:36:43+00:00\",\"dateModified\":\"2024-04-24T13:36:49+00:00\",\"author\":{\"@id\":\"https:\/\/www.atelierdocaractere.pt\/brevemente\/#\/schema\/person\/f2f096eb0f27d9894725af22cb97c0db\"},\"description\":\"Estudantes, empunhando cravos vermelhos, criaram as palavras \u201cLIBERDADE 25 DE ABRIL\u201d no relvado da escola.\",\"breadcrumb\":{\"@id\":\"https:\/\/www.atelierdocaractere.pt\/brevemente\/alunos-da-escola-internacional-de-torres-vedras-desenham-liberdade-25-de-abril\/#breadcrumb\"},\"inLanguage\":\"pt-PT\",\"potentialAction\":[{\"@type\":\"ReadAction\",\"target\":[\"https:\/\/www.atelierdocaractere.pt\/brevemente\/alunos-da-escola-internacional-de-torres-vedras-desenham-liberdade-25-de-abril\/\"]}]},{\"@type\":\"BreadcrumbList\",\"@id\":\"https:\/\/www.atelierdocaractere.pt\/brevemente\/alunos-da-escola-internacional-de-torres-vedras-desenham-liberdade-25-de-abril\/#breadcrumb\",\"itemListElement\":[{\"@type\":\"ListItem\",\"position\":1,\"name\":\"In\u00edcio\",\"item\":\"https:\/\/www.atelierdocaractere.pt\/brevemente\/\"},{\"@type\":\"ListItem\",\"position\":2,\"name\":\"Alunos da Escola Internacional de Torres Vedras desenham \u201cLiberdade 25 de Abril\u201d em imagem para a posteridade\"}]},{\"@type\":\"WebSite\",\"@id\":\"https:\/\/www.atelierdocaractere.pt\/brevemente\/#website\",\"url\":\"https:\/\/www.atelierdocaractere.pt\/brevemente\/\",\"name\":\"Atelier do Caractere\",\"description\":\"\",\"potentialAction\":[{\"@type\":\"SearchAction\",\"target\":{\"@type\":\"EntryPoint\",\"urlTemplate\":\"https:\/\/www.atelierdocaractere.pt\/brevemente\/?s={search_term_string}\"},\"query-input\":\"required name=search_term_string\"}],\"inLanguage\":\"pt-PT\"},{\"@type\":\"Person\",\"@id\":\"https:\/\/www.atelierdocaractere.pt\/brevemente\/#\/schema\/person\/f2f096eb0f27d9894725af22cb97c0db\",\"name\":\"Joana Barbosa\",\"image\":{\"@type\":\"ImageObject\",\"inLanguage\":\"pt-PT\",\"@id\":\"https:\/\/www.atelierdocaractere.pt\/brevemente\/#\/schema\/person\/image\/\",\"url\":\"https:\/\/secure.gravatar.com\/avatar\/33e8214b45e9d68a3a83008731075979?s=96&d=mm&r=g\",\"contentUrl\":\"https:\/\/secure.gravatar.com\/avatar\/33e8214b45e9d68a3a83008731075979?s=96&d=mm&r=g\",\"caption\":\"Joana Barbosa\"},\"url\":\"https:\/\/www.atelierdocaractere.pt\/brevemente\/author\/joanabarbosa\/\"}]}<\/script>\n<!-- \/ Yoast SEO plugin. -->","yoast_head_json":{"title":"Alunos da Escola Internacional de Torres Vedras desenham \u201cLiberdade 25 de Abril\u201d em imagem para a posteridade - Atelier do Caractere","description":"Estudantes, empunhando cravos vermelhos, criaram as palavras \u201cLIBERDADE 25 DE ABRIL\u201d no relvado da escola.","robots":{"index":"index","follow":"follow","max-snippet":"max-snippet:-1","max-image-preview":"max-image-preview:large","max-video-preview":"max-video-preview:-1"},"canonical":"https:\/\/www.atelierdocaractere.pt\/brevemente\/alunos-da-escola-internacional-de-torres-vedras-desenham-liberdade-25-de-abril\/","og_locale":"pt_PT","og_type":"article","og_title":"Alunos da Escola Internacional de Torres Vedras desenham \u201cLiberdade 25 de Abril\u201d em imagem para a posteridade - Atelier do Caractere","og_description":"Estudantes, empunhando cravos vermelhos, criaram as palavras \u201cLIBERDADE 25 DE ABRIL\u201d no relvado da escola.","og_url":"https:\/\/www.atelierdocaractere.pt\/brevemente\/alunos-da-escola-internacional-de-torres-vedras-desenham-liberdade-25-de-abril\/","og_site_name":"Atelier do Caractere","article_publisher":"https:\/\/www.facebook.com\/AtelierdoCaractere","article_published_time":"2024-04-24T13:36:43+00:00","article_modified_time":"2024-04-24T13:36:49+00:00","og_image":[{"width":1593,"height":965,"url":"https:\/\/www.atelierdocaractere.pt\/wp-content\/uploads\/2024\/04\/eitv-foto-2.jpg","type":"image\/jpeg"}],"author":"Joana Barbosa","twitter_card":"summary_large_image","twitter_misc":{"Escrito por":"Joana Barbosa","Tempo estimado de leitura":"3 minutos"},"schema":{"@context":"https:\/\/schema.org","@graph":[{"@type":"WebPage","@id":"https:\/\/www.atelierdocaractere.pt\/brevemente\/alunos-da-escola-internacional-de-torres-vedras-desenham-liberdade-25-de-abril\/","url":"https:\/\/www.atelierdocaractere.pt\/brevemente\/alunos-da-escola-internacional-de-torres-vedras-desenham-liberdade-25-de-abril\/","name":"Alunos da Escola Internacional de Torres Vedras desenham \u201cLiberdade 25 de Abril\u201d em imagem para a posteridade - Atelier do Caractere","isPartOf":{"@id":"https:\/\/www.atelierdocaractere.pt\/brevemente\/#website"},"datePublished":"2024-04-24T13:36:43+00:00","dateModified":"2024-04-24T13:36:49+00:00","author":{"@id":"https:\/\/www.atelierdocaractere.pt\/brevemente\/#\/schema\/person\/f2f096eb0f27d9894725af22cb97c0db"},"description":"Estudantes, empunhando cravos vermelhos, criaram as palavras \u201cLIBERDADE 25 DE ABRIL\u201d no relvado da escola.","breadcrumb":{"@id":"https:\/\/www.atelierdocaractere.pt\/brevemente\/alunos-da-escola-internacional-de-torres-vedras-desenham-liberdade-25-de-abril\/#breadcrumb"},"inLanguage":"pt-PT","potentialAction":[{"@type":"ReadAction","target":["https:\/\/www.atelierdocaractere.pt\/brevemente\/alunos-da-escola-internacional-de-torres-vedras-desenham-liberdade-25-de-abril\/"]}]},{"@type":"BreadcrumbList","@id":"https:\/\/www.atelierdocaractere.pt\/brevemente\/alunos-da-escola-internacional-de-torres-vedras-desenham-liberdade-25-de-abril\/#breadcrumb","itemListElement":[{"@type":"ListItem","position":1,"name":"In\u00edcio","item":"https:\/\/www.atelierdocaractere.pt\/brevemente\/"},{"@type":"ListItem","position":2,"name":"Alunos da Escola Internacional de Torres Vedras desenham \u201cLiberdade 25 de Abril\u201d em imagem para a posteridade"}]},{"@type":"WebSite","@id":"https:\/\/www.atelierdocaractere.pt\/brevemente\/#website","url":"https:\/\/www.atelierdocaractere.pt\/brevemente\/","name":"Atelier do Caractere","description":"","potentialAction":[{"@type":"SearchAction","target":{"@type":"EntryPoint","urlTemplate":"https:\/\/www.atelierdocaractere.pt\/brevemente\/?s={search_term_string}"},"query-input":"required name=search_term_string"}],"inLanguage":"pt-PT"},{"@type":"Person","@id":"https:\/\/www.atelierdocaractere.pt\/brevemente\/#\/schema\/person\/f2f096eb0f27d9894725af22cb97c0db","name":"Joana Barbosa","image":{"@type":"ImageObject","inLanguage":"pt-PT","@id":"https:\/\/www.atelierdocaractere.pt\/brevemente\/#\/schema\/person\/image\/","url":"https:\/\/secure.gravatar.com\/avatar\/33e8214b45e9d68a3a83008731075979?s=96&d=mm&r=g","contentUrl":"https:\/\/secure.gravatar.com\/avatar\/33e8214b45e9d68a3a83008731075979?s=96&d=mm&r=g","caption":"Joana Barbosa"},"url":"https:\/\/www.atelierdocaractere.pt\/brevemente\/author\/joanabarbosa\/"}]}},"_links":{"self":[{"href":"https:\/\/www.atelierdocaractere.pt\/brevemente\/wp-json\/wp\/v2\/posts\/12735"}],"collection":[{"href":"https:\/\/www.atelierdocaractere.pt\/brevemente\/wp-json\/wp\/v2\/posts"}],"about":[{"href":"https:\/\/www.atelierdocaractere.pt\/brevemente\/wp-json\/wp\/v2\/types\/post"}],"author":[{"embeddable":true,"href":"https:\/\/www.atelierdocaractere.pt\/brevemente\/wp-json\/wp\/v2\/users\/7"}],"replies":[{"embeddable":true,"href":"https:\/\/www.atelierdocaractere.pt\/brevemente\/wp-json\/wp\/v2\/comments?post=12735"}],"version-history":[{"count":1,"href":"https:\/\/www.atelierdocaractere.pt\/brevemente\/wp-json\/wp\/v2\/posts\/12735\/revisions"}],"predecessor-version":[{"id":12738,"href":"https:\/\/www.atelierdocaractere.pt\/brevemente\/wp-json\/wp\/v2\/posts\/12735\/revisions\/12738"}],"wp:featuredmedia":[{"embeddable":true,"href":"https:\/\/www.atelierdocaractere.pt\/brevemente\/wp-json\/wp\/v2\/media\/12736"}],"wp:attachment":[{"href":"https:\/\/www.atelierdocaractere.pt\/brevemente\/wp-json\/wp\/v2\/media?parent=12735"}],"wp:term":[{"taxonomy":"category","embeddable":true,"href":"https:\/\/www.atelierdocaractere.pt\/brevemente\/wp-json\/wp\/v2\/categories?post=12735"},{"taxonomy":"post_tag","embeddable":true,"href":"https:\/\/www.atelierdocaractere.pt\/brevemente\/wp-json\/wp\/v2\/tags?post=12735"}],"curies":[{"name":"wp","href":"https:\/\/api.w.org\/{rel}","templated":true}]}}