{"id":12739,"date":"2024-04-24T15:44:38","date_gmt":"2024-04-24T15:44:38","guid":{"rendered":"https:\/\/www.atelierdocaractere.pt\/brevemente\/?p=12739"},"modified":"2024-04-24T15:44:41","modified_gmt":"2024-04-24T15:44:41","slug":"explora-acores-concurso-educacional-impulsionado-pela-glex-summit","status":"publish","type":"post","link":"https:\/\/www.atelierdocaractere.pt\/brevemente\/explora-acores-concurso-educacional-impulsionado-pela-glex-summit\/","title":{"rendered":"EXPLORA A\u00c7ORES: CONCURSO EDUCACIONAL IMPULSIONADO PELA GLEX SUMMIT"},"content":{"rendered":"\n<p>Angra do Hero\u00edsmo, A\u00e7ores &#8211; A biodiversidade e o patrim\u00f3nio natural dos A\u00e7ores s\u00e3o o ponto de partida para uma iniciativa inovadora que visa inspirar jovens estudantes a preservar o arquip\u00e9lago. Introduzido como parte do programa educacional da&nbsp;<a href=\"https:\/\/www.glexsummit.com\/\">GLEX Summit<\/a>, o concurso &#8220;Explora A\u00e7ores&#8221; desafia alunos a\u00e7orianos, entre os 13 e os 18 anos, a embarcarem numa jornada de descoberta, inova\u00e7\u00e3o e mudan\u00e7a, com oportunidade de ganharem pr\u00e9mios transformadores.<\/p>\n\n\n\n<figure class=\"wp-block-image size-large\"><img decoding=\"async\" width=\"1024\" height=\"698\" src=\"https:\/\/www.atelierdocaractere.pt\/wp-content\/uploads\/2024\/04\/concurso-explora-acores-1024x698.jpg\" alt=\"\" class=\"wp-image-12741\" srcset=\"https:\/\/www.atelierdocaractere.pt\/wp-content\/uploads\/2024\/04\/concurso-explora-acores-1024x698.jpg 1024w, https:\/\/www.atelierdocaractere.pt\/wp-content\/uploads\/2024\/04\/concurso-explora-acores-300x205.jpg 300w, https:\/\/www.atelierdocaractere.pt\/wp-content\/uploads\/2024\/04\/concurso-explora-acores-768x524.jpg 768w, https:\/\/www.atelierdocaractere.pt\/wp-content\/uploads\/2024\/04\/concurso-explora-acores.jpg 1283w\" sizes=\"(max-width: 1024px) 100vw, 1024px\" \/><\/figure>\n\n\n\n<p>O concurso &#8220;Explora A\u00e7ores&#8221; abrange tr\u00eas temas:<\/p>\n\n\n\n<ol type=\"1\" start=\"1\">\n<li>Biodiversidade a\u00e7oriana: Os alunos s\u00e3o desafiados a descobrir a fauna e flora \u00fanicas das suas ilhas atrav\u00e9s de investiga\u00e7\u00e3o, fotografia ou cria\u00e7\u00e3o de trilhos para identifica\u00e7\u00e3o de esp\u00e9cies locais.<\/li>\n\n\n\n<li>Inova\u00e7\u00e3o Tecnol\u00f3gica para a Investiga\u00e7\u00e3o Marinha: Os participantes devem criar solu\u00e7\u00f5es inovadoras, como drones subaqu\u00e1ticos, sensores ambientais ou aplica\u00e7\u00f5es de monitoriza\u00e7\u00e3o, para explorar e conservar os recursos marinhos dos A\u00e7ores, ou qualquer outra ideia que considerem e demonstrem como transformadora.<\/li>\n\n\n\n<li>Explora\u00e7\u00e3o Espacial e Ecossistemas Marinhos: Este tema incentiva a investiga\u00e7\u00e3o do impacto da explora\u00e7\u00e3o espacial nos ecossistemas marinhos, abordando quest\u00f5es como polui\u00e7\u00e3o luminosa, detritos espaciais , conserva\u00e7\u00e3o marinha, em suma o que o espa\u00e7o pode ajudar nos ecossistemas marinhos.<\/li>\n<\/ol>\n\n\n\n<p>Esta \u00e9 uma oportunidade extraordin\u00e1ria para os jovens estudantes a\u00e7orianos demonstrarem a sua criatividade, paix\u00e3o e compromisso com a explora\u00e7\u00e3o sustent\u00e1vel dos A\u00e7ores. Desde a pesquisa e identifica\u00e7\u00e3o de esp\u00e9cies locais, at\u00e9 ao desenvolvimento de tecnologias inovadoras para monitoriza\u00e7\u00e3o ambiental, as possibilidades s\u00e3o infinitas. Os trabalhos devem ser enviados a partir do dia 30 de abril, at\u00e9 ao dia 4 de junho, atrav\u00e9s do formul\u00e1rio que vai estar dispon\u00edvel em&nbsp;<a href=\"https:\/\/www.glexsummit.com\/\">https:\/\/www.glexsummit.com\/<\/a>.<\/p>\n\n\n\n<p>Al\u00e9m de fazerem uma contribui\u00e7\u00e3o importante para o territ\u00f3rio e a comunidade dos A\u00e7ores, os estudantes participantes no concurso &#8220;Explora A\u00e7ores&#8221; v\u00e3o ter a oportunidade de ganhar pr\u00e9mios muito aspiracionais e transformadores, incluindo uma viagem a Nova Iorque, uma visita \u00e0 sede do maior clube de explora\u00e7\u00e3o do mundo e uma ades\u00e3o ao Young Explorers do The Explorers Club, acompanhada por um exclusivo programa de mentoria, com dura\u00e7\u00e3o de um ano.<\/p>\n\n\n\n<p>Um painel de especialistas vai avaliar&nbsp;os projetos com base na criatividade e impacto, sendo que os melhores v\u00e3o&nbsp;ser exibidos durante a GLEX Summit.<\/p>\n\n\n\n<p>Esta a\u00e7\u00e3o conta com o apoio da Autarquia de Angra do Hero\u00edsmo, C\u00e2mara de Com\u00e9rcio de Angra do Hero\u00edsmo, e apoio \u00e0 divulga\u00e7\u00e3o da Dire\u00e7\u00e3o Regional de Educa\u00e7\u00e3o dos A\u00e7ores.<\/p>\n\n\n\n<p>Nos dias 18 e 19 de junho, a GLEX Summit re\u00fane a elite mundial de exploradores e cientistas nos A\u00e7ores. Pelo segundo ano consecutivo, na ilha da Terceira, v\u00e3o ser reveladas algumas das miss\u00f5es mais extraordin\u00e1rias relacionadas com a explora\u00e7\u00e3o espacial, os oceanos e a conserva\u00e7\u00e3o do planeta.<\/p>\n","protected":false},"excerpt":{"rendered":"<p>Angra do Hero\u00edsmo, A\u00e7ores &#8211; A biodiversidade e o patrim\u00f3nio natural dos A\u00e7ores s\u00e3o o ponto de partida para uma&#8230;<\/p>\n","protected":false},"author":7,"featured_media":12740,"comment_status":"closed","ping_status":"open","sticky":false,"template":"","format":"standard","meta":[],"categories":[779],"tags":[470,563,789,446],"yoast_head":"<!-- This site is optimized with the Yoast SEO plugin v20.12 - https:\/\/yoast.com\/wordpress\/plugins\/seo\/ -->\n<title>EXPLORA A\u00c7ORES: CONCURSO EDUCACIONAL IMPULSIONADO PELA GLEX SUMMIT - Atelier do Caractere<\/title>\n<meta name=\"robots\" content=\"index, follow, max-snippet:-1, max-image-preview:large, max-video-preview:-1\" \/>\n<link rel=\"canonical\" href=\"https:\/\/www.atelierdocaractere.pt\/brevemente\/explora-acores-concurso-educacional-impulsionado-pela-glex-summit\/\" \/>\n<meta property=\"og:locale\" content=\"pt_PT\" \/>\n<meta property=\"og:type\" content=\"article\" \/>\n<meta property=\"og:title\" content=\"EXPLORA A\u00c7ORES: CONCURSO EDUCACIONAL IMPULSIONADO PELA GLEX SUMMIT - Atelier do Caractere\" \/>\n<meta property=\"og:description\" content=\"Angra do Hero\u00edsmo, A\u00e7ores &#8211; A biodiversidade e o patrim\u00f3nio natural dos A\u00e7ores s\u00e3o o ponto de partida para uma...\" \/>\n<meta property=\"og:url\" content=\"https:\/\/www.atelierdocaractere.pt\/brevemente\/explora-acores-concurso-educacional-impulsionado-pela-glex-summit\/\" \/>\n<meta property=\"og:site_name\" content=\"Atelier do Caractere\" \/>\n<meta property=\"article:publisher\" content=\"https:\/\/www.facebook.com\/AtelierdoCaractere\" \/>\n<meta property=\"article:published_time\" content=\"2024-04-24T15:44:38+00:00\" \/>\n<meta property=\"article:modified_time\" content=\"2024-04-24T15:44:41+00:00\" \/>\n<meta property=\"og:image\" content=\"https:\/\/www.atelierdocaractere.pt\/wp-content\/uploads\/2024\/04\/glex-summit1-1.jpg\" \/>\n\t<meta property=\"og:image:width\" content=\"1920\" \/>\n\t<meta property=\"og:image:height\" content=\"1278\" \/>\n\t<meta property=\"og:image:type\" content=\"image\/jpeg\" \/>\n<meta name=\"author\" content=\"Joana Barbosa\" \/>\n<meta name=\"twitter:card\" content=\"summary_large_image\" \/>\n<meta name=\"twitter:label1\" content=\"Escrito por\" \/>\n\t<meta name=\"twitter:data1\" content=\"Joana Barbosa\" \/>\n\t<meta name=\"twitter:label2\" content=\"Tempo estimado de leitura\" \/>\n\t<meta name=\"twitter:data2\" content=\"3 minutos\" \/>\n<script type=\"application\/ld+json\" class=\"yoast-schema-graph\">{\"@context\":\"https:\/\/schema.org\",\"@graph\":[{\"@type\":\"WebPage\",\"@id\":\"https:\/\/www.atelierdocaractere.pt\/brevemente\/explora-acores-concurso-educacional-impulsionado-pela-glex-summit\/\",\"url\":\"https:\/\/www.atelierdocaractere.pt\/brevemente\/explora-acores-concurso-educacional-impulsionado-pela-glex-summit\/\",\"name\":\"EXPLORA A\u00c7ORES: CONCURSO EDUCACIONAL IMPULSIONADO PELA GLEX SUMMIT - Atelier do Caractere\",\"isPartOf\":{\"@id\":\"https:\/\/www.atelierdocaractere.pt\/brevemente\/#website\"},\"datePublished\":\"2024-04-24T15:44:38+00:00\",\"dateModified\":\"2024-04-24T15:44:41+00:00\",\"author\":{\"@id\":\"https:\/\/www.atelierdocaractere.pt\/brevemente\/#\/schema\/person\/f2f096eb0f27d9894725af22cb97c0db\"},\"breadcrumb\":{\"@id\":\"https:\/\/www.atelierdocaractere.pt\/brevemente\/explora-acores-concurso-educacional-impulsionado-pela-glex-summit\/#breadcrumb\"},\"inLanguage\":\"pt-PT\",\"potentialAction\":[{\"@type\":\"ReadAction\",\"target\":[\"https:\/\/www.atelierdocaractere.pt\/brevemente\/explora-acores-concurso-educacional-impulsionado-pela-glex-summit\/\"]}]},{\"@type\":\"BreadcrumbList\",\"@id\":\"https:\/\/www.atelierdocaractere.pt\/brevemente\/explora-acores-concurso-educacional-impulsionado-pela-glex-summit\/#breadcrumb\",\"itemListElement\":[{\"@type\":\"ListItem\",\"position\":1,\"name\":\"In\u00edcio\",\"item\":\"https:\/\/www.atelierdocaractere.pt\/brevemente\/\"},{\"@type\":\"ListItem\",\"position\":2,\"name\":\"EXPLORA A\u00c7ORES: CONCURSO EDUCACIONAL IMPULSIONADO PELA GLEX SUMMIT\"}]},{\"@type\":\"WebSite\",\"@id\":\"https:\/\/www.atelierdocaractere.pt\/brevemente\/#website\",\"url\":\"https:\/\/www.atelierdocaractere.pt\/brevemente\/\",\"name\":\"Atelier do Caractere\",\"description\":\"\",\"potentialAction\":[{\"@type\":\"SearchAction\",\"target\":{\"@type\":\"EntryPoint\",\"urlTemplate\":\"https:\/\/www.atelierdocaractere.pt\/brevemente\/?s={search_term_string}\"},\"query-input\":\"required name=search_term_string\"}],\"inLanguage\":\"pt-PT\"},{\"@type\":\"Person\",\"@id\":\"https:\/\/www.atelierdocaractere.pt\/brevemente\/#\/schema\/person\/f2f096eb0f27d9894725af22cb97c0db\",\"name\":\"Joana Barbosa\",\"image\":{\"@type\":\"ImageObject\",\"inLanguage\":\"pt-PT\",\"@id\":\"https:\/\/www.atelierdocaractere.pt\/brevemente\/#\/schema\/person\/image\/\",\"url\":\"https:\/\/secure.gravatar.com\/avatar\/33e8214b45e9d68a3a83008731075979?s=96&d=mm&r=g\",\"contentUrl\":\"https:\/\/secure.gravatar.com\/avatar\/33e8214b45e9d68a3a83008731075979?s=96&d=mm&r=g\",\"caption\":\"Joana Barbosa\"},\"url\":\"https:\/\/www.atelierdocaractere.pt\/brevemente\/author\/joanabarbosa\/\"}]}<\/script>\n<!-- \/ Yoast SEO plugin. -->","yoast_head_json":{"title":"EXPLORA A\u00c7ORES: CONCURSO EDUCACIONAL IMPULSIONADO PELA GLEX SUMMIT - Atelier do Caractere","robots":{"index":"index","follow":"follow","max-snippet":"max-snippet:-1","max-image-preview":"max-image-preview:large","max-video-preview":"max-video-preview:-1"},"canonical":"https:\/\/www.atelierdocaractere.pt\/brevemente\/explora-acores-concurso-educacional-impulsionado-pela-glex-summit\/","og_locale":"pt_PT","og_type":"article","og_title":"EXPLORA A\u00c7ORES: CONCURSO EDUCACIONAL IMPULSIONADO PELA GLEX SUMMIT - Atelier do Caractere","og_description":"Angra do Hero\u00edsmo, A\u00e7ores &#8211; A biodiversidade e o patrim\u00f3nio natural dos A\u00e7ores s\u00e3o o ponto de partida para uma...","og_url":"https:\/\/www.atelierdocaractere.pt\/brevemente\/explora-acores-concurso-educacional-impulsionado-pela-glex-summit\/","og_site_name":"Atelier do Caractere","article_publisher":"https:\/\/www.facebook.com\/AtelierdoCaractere","article_published_time":"2024-04-24T15:44:38+00:00","article_modified_time":"2024-04-24T15:44:41+00:00","og_image":[{"width":1920,"height":1278,"url":"https:\/\/www.atelierdocaractere.pt\/wp-content\/uploads\/2024\/04\/glex-summit1-1.jpg","type":"image\/jpeg"}],"author":"Joana Barbosa","twitter_card":"summary_large_image","twitter_misc":{"Escrito por":"Joana Barbosa","Tempo estimado de leitura":"3 minutos"},"schema":{"@context":"https:\/\/schema.org","@graph":[{"@type":"WebPage","@id":"https:\/\/www.atelierdocaractere.pt\/brevemente\/explora-acores-concurso-educacional-impulsionado-pela-glex-summit\/","url":"https:\/\/www.atelierdocaractere.pt\/brevemente\/explora-acores-concurso-educacional-impulsionado-pela-glex-summit\/","name":"EXPLORA A\u00c7ORES: CONCURSO EDUCACIONAL IMPULSIONADO PELA GLEX SUMMIT - Atelier do Caractere","isPartOf":{"@id":"https:\/\/www.atelierdocaractere.pt\/brevemente\/#website"},"datePublished":"2024-04-24T15:44:38+00:00","dateModified":"2024-04-24T15:44:41+00:00","author":{"@id":"https:\/\/www.atelierdocaractere.pt\/brevemente\/#\/schema\/person\/f2f096eb0f27d9894725af22cb97c0db"},"breadcrumb":{"@id":"https:\/\/www.atelierdocaractere.pt\/brevemente\/explora-acores-concurso-educacional-impulsionado-pela-glex-summit\/#breadcrumb"},"inLanguage":"pt-PT","potentialAction":[{"@type":"ReadAction","target":["https:\/\/www.atelierdocaractere.pt\/brevemente\/explora-acores-concurso-educacional-impulsionado-pela-glex-summit\/"]}]},{"@type":"BreadcrumbList","@id":"https:\/\/www.atelierdocaractere.pt\/brevemente\/explora-acores-concurso-educacional-impulsionado-pela-glex-summit\/#breadcrumb","itemListElement":[{"@type":"ListItem","position":1,"name":"In\u00edcio","item":"https:\/\/www.atelierdocaractere.pt\/brevemente\/"},{"@type":"ListItem","position":2,"name":"EXPLORA A\u00c7ORES: CONCURSO EDUCACIONAL IMPULSIONADO PELA GLEX SUMMIT"}]},{"@type":"WebSite","@id":"https:\/\/www.atelierdocaractere.pt\/brevemente\/#website","url":"https:\/\/www.atelierdocaractere.pt\/brevemente\/","name":"Atelier do Caractere","description":"","potentialAction":[{"@type":"SearchAction","target":{"@type":"EntryPoint","urlTemplate":"https:\/\/www.atelierdocaractere.pt\/brevemente\/?s={search_term_string}"},"query-input":"required name=search_term_string"}],"inLanguage":"pt-PT"},{"@type":"Person","@id":"https:\/\/www.atelierdocaractere.pt\/brevemente\/#\/schema\/person\/f2f096eb0f27d9894725af22cb97c0db","name":"Joana Barbosa","image":{"@type":"ImageObject","inLanguage":"pt-PT","@id":"https:\/\/www.atelierdocaractere.pt\/brevemente\/#\/schema\/person\/image\/","url":"https:\/\/secure.gravatar.com\/avatar\/33e8214b45e9d68a3a83008731075979?s=96&d=mm&r=g","contentUrl":"https:\/\/secure.gravatar.com\/avatar\/33e8214b45e9d68a3a83008731075979?s=96&d=mm&r=g","caption":"Joana Barbosa"},"url":"https:\/\/www.atelierdocaractere.pt\/brevemente\/author\/joanabarbosa\/"}]}},"_links":{"self":[{"href":"https:\/\/www.atelierdocaractere.pt\/brevemente\/wp-json\/wp\/v2\/posts\/12739"}],"collection":[{"href":"https:\/\/www.atelierdocaractere.pt\/brevemente\/wp-json\/wp\/v2\/posts"}],"about":[{"href":"https:\/\/www.atelierdocaractere.pt\/brevemente\/wp-json\/wp\/v2\/types\/post"}],"author":[{"embeddable":true,"href":"https:\/\/www.atelierdocaractere.pt\/brevemente\/wp-json\/wp\/v2\/users\/7"}],"replies":[{"embeddable":true,"href":"https:\/\/www.atelierdocaractere.pt\/brevemente\/wp-json\/wp\/v2\/comments?post=12739"}],"version-history":[{"count":1,"href":"https:\/\/www.atelierdocaractere.pt\/brevemente\/wp-json\/wp\/v2\/posts\/12739\/revisions"}],"predecessor-version":[{"id":12742,"href":"https:\/\/www.atelierdocaractere.pt\/brevemente\/wp-json\/wp\/v2\/posts\/12739\/revisions\/12742"}],"wp:featuredmedia":[{"embeddable":true,"href":"https:\/\/www.atelierdocaractere.pt\/brevemente\/wp-json\/wp\/v2\/media\/12740"}],"wp:attachment":[{"href":"https:\/\/www.atelierdocaractere.pt\/brevemente\/wp-json\/wp\/v2\/media?parent=12739"}],"wp:term":[{"taxonomy":"category","embeddable":true,"href":"https:\/\/www.atelierdocaractere.pt\/brevemente\/wp-json\/wp\/v2\/categories?post=12739"},{"taxonomy":"post_tag","embeddable":true,"href":"https:\/\/www.atelierdocaractere.pt\/brevemente\/wp-json\/wp\/v2\/tags?post=12739"}],"curies":[{"name":"wp","href":"https:\/\/api.w.org\/{rel}","templated":true}]}}