{"id":12764,"date":"2024-05-15T17:50:00","date_gmt":"2024-05-15T17:50:00","guid":{"rendered":"https:\/\/www.atelierdocaractere.pt\/brevemente\/?p=12764"},"modified":"2024-05-15T17:50:04","modified_gmt":"2024-05-15T17:50:04","slug":"alunos-de-torres-vedras-criam-12-bandeiras-inspiradas-na-onu-para-enviar-a-antonio-guterres","status":"publish","type":"post","link":"https:\/\/www.atelierdocaractere.pt\/brevemente\/alunos-de-torres-vedras-criam-12-bandeiras-inspiradas-na-onu-para-enviar-a-antonio-guterres\/","title":{"rendered":"Alunos de Torres Vedras criam 12 bandeiras inspiradas na ONU para enviar a Ant\u00f3nio\u00a0Guterres"},"content":{"rendered":"\n<p><strong>Projeto &#8220;Bandeiras do Planeta&#8221; est\u00e1 em exposi\u00e7\u00e3o que se destaca na programa\u00e7\u00e3o do Dia Aberto da Escola Internacional de Torres Vedras, a 18 de maio, um desafio \u00e0 comunidade que acolhe cerca de 2 mil pessoas<\/strong><\/p>\n\n\n\n<figure class=\"wp-block-image size-large\"><img decoding=\"async\" width=\"1024\" height=\"768\" src=\"https:\/\/www.atelierdocaractere.pt\/wp-content\/uploads\/2024\/05\/foto1-1024x768.jpg\" alt=\"\" class=\"wp-image-12766\" srcset=\"https:\/\/www.atelierdocaractere.pt\/wp-content\/uploads\/2024\/05\/foto1-1024x768.jpg 1024w, https:\/\/www.atelierdocaractere.pt\/wp-content\/uploads\/2024\/05\/foto1-300x225.jpg 300w, https:\/\/www.atelierdocaractere.pt\/wp-content\/uploads\/2024\/05\/foto1-768x576.jpg 768w, https:\/\/www.atelierdocaractere.pt\/wp-content\/uploads\/2024\/05\/foto1-1536x1152.jpg 1536w, https:\/\/www.atelierdocaractere.pt\/wp-content\/uploads\/2024\/05\/foto1.jpg 1920w\" sizes=\"(max-width: 1024px) 100vw, 1024px\" \/><\/figure>\n\n\n\n<p>Alunos de v\u00e1rias nacionalidades da&nbsp;<strong>Escola Internacional de Torres Vedras (EITV)<\/strong>&nbsp;conceberam e realizaram 12 propostas de&nbsp;<strong>\u201cBandeiras do Planeta\u201d<\/strong>, que representam os ideais das Na\u00e7\u00f5es Unidas. As bandeiras est\u00e3o em exposi\u00e7\u00e3o na escola at\u00e9 ao final do ano letivo e ser\u00e3o depois enviadas ao cuidado do&nbsp;<strong>Secret\u00e1rio-Geral das Na\u00e7\u00f5es Unidas, Ant\u00f3nio Guterres<\/strong>, na sede da institui\u00e7\u00e3o, em Nova Iorque.<\/p>\n\n\n\n<p>A exposi\u00e7\u00e3o \u201cBandeiras do Planeta\u201d \u00e9 um dos pontos altos do Open Day (Dia Aberto) que a EITV vai proporcionar a quem quiser conhecer a escola, no dia 18 de maio. Um festival de teatro, em que participam sete escolas de Torres Vedras, \u00e9 outro dos destaques de um dia aberto a toda a comunidade, que re\u00fane cerca de 2 mil pessoas.<\/p>\n\n\n\n<p><strong>Bandeiras criadas por alunos de 14 anos<\/strong><\/p>\n\n\n\n<p>As &#8220;Bandeiras do Planeta&#8221; foram criadas por 26 alunos do 8.\u00ba ano da EITV. Estas bandeiras, com dimens\u00f5es e especifica\u00e7\u00f5es oficiais, simbolizam a uni\u00e3o em torno de causas e valores fundamentais, promovendo a paz, coopera\u00e7\u00e3o e compreens\u00e3o entre os povos.<\/p>\n\n\n\n<p>V\u00e1rias individualidades e l\u00edderes pol\u00edticos nacionais foram convidados pelos alunos a visitar a exposi\u00e7\u00e3o, incluindo o Secret\u00e1rio-Geral das Na\u00e7\u00f5es Unidas.&nbsp;<strong>Ant\u00f3nio Guterres<\/strong>&nbsp;respondeu, agradecendo a iniciativa, mas explicando que a sua agenda sobrecarregada impossibilita que possa marcar presen\u00e7a. Ainda assim, ter\u00e1 oportunidade de ver as bandeiras quando estas forem enviadas para a ONU, no final do ano letivo.<\/p>\n\n\n\n<p>Na carta enviada a&nbsp;<strong>Ant\u00f3nio Guterres<\/strong>, os alunos sublinham que&nbsp;<em>\u201cas 12 Bandeiras do Planeta refletem um compromisso com a promo\u00e7\u00e3o da paz, da coopera\u00e7\u00e3o e da compreens\u00e3o entre os povos. O mais simples dos gestos \u2013 como esta iniciativa \u2013 pode trazer tanta for\u00e7a que acreditamos verdadeiramente que este exerc\u00edcio visual cria um impacto positivo e tamb\u00e9m um sorriso aut\u00eantico. O conte\u00fado desta exposi\u00e7\u00e3o n\u00e3o pertence apenas aos alunos envolvidos, mas sim a toda a Humanidade\u201d<\/em>.<\/p>\n\n\n\n<p><strong>Eduardo Castro<\/strong>, diretor pedag\u00f3gico da EITV, explica que&nbsp;<em>\u201cnuma altura em que dois conflitos de grandes propor\u00e7\u00f5es enchem os notici\u00e1rios das televis\u00f5es, estas bandeiras expressam os sentimentos de 26 jovens estudantes, com apenas 14 anos de idade, mas que j\u00e1 demonstram uma not\u00e1vel capacidade de reflex\u00e3o e a\u00e7\u00e3o, inspirando-nos a todos com a sua determina\u00e7\u00e3o e vis\u00e3o de futuro. Estamos cientes da agenda sobrecarregada do Secret\u00e1rio-Geral das Na\u00e7\u00f5es Unidas e fic\u00e1mos muito felizes pela gentileza de ter respondido aos alunos, que ficar\u00e3o muito orgulhosos por poderem enviar as bandeiras para as Na\u00e7\u00f5es Unidas\u201d<\/em>.<\/p>\n\n\n\n<figure class=\"wp-block-image size-large\"><img decoding=\"async\" width=\"1024\" height=\"809\" src=\"https:\/\/www.atelierdocaractere.pt\/wp-content\/uploads\/2024\/05\/foto2-1024x809.jpg\" alt=\"\" class=\"wp-image-12765\" srcset=\"https:\/\/www.atelierdocaractere.pt\/wp-content\/uploads\/2024\/05\/foto2-1024x809.jpg 1024w, https:\/\/www.atelierdocaractere.pt\/wp-content\/uploads\/2024\/05\/foto2-300x237.jpg 300w, https:\/\/www.atelierdocaractere.pt\/wp-content\/uploads\/2024\/05\/foto2-768x607.jpg 768w, https:\/\/www.atelierdocaractere.pt\/wp-content\/uploads\/2024\/05\/foto2.jpg 1352w\" sizes=\"(max-width: 1024px) 100vw, 1024px\" \/><\/figure>\n\n\n\n<p><strong>Open Day \u00e9 um dia de festa<\/strong><\/p>\n\n\n\n<p>O Open Day \/ Dia Aberto \u00e9 um dos momentos mais altos do ano para a Escola Internacional de Torres Vedras. Na tarde de dia 18 de maio, a partir das 14h30, a escola abre as suas portas para dar a conhecer o espa\u00e7o e a oferta educativa de forma hol\u00edstica e integrada, dando oportunidade \u00e0s fam\u00edlias de explorar o campus e falar com os professores e encarregados de educa\u00e7\u00e3o.<\/p>\n\n\n\n<p>Ao longo da tarde, um conjunto alargado de atividades foi pensado para envolver todos os visitantes. As atividades passam pelas artes \u2013 com teatro, dan\u00e7a, m\u00fasica ao vivo, poesia, artes circenses, exposi\u00e7\u00f5es \u2013 e pelo desporto, com torneios de v\u00e1rias modalidades e jogos tradicionais, sem esquecer os insufl\u00e1veis e as pinturas faciais para os mais novos.<\/p>\n\n\n\n<p>As vagas para o Open Day s\u00e3o limitadas e a inscri\u00e7\u00e3o deve ser feita no site da escola, em&nbsp;<a href=\"http:\/\/www.eitv.pt\/\">www.eitv.pt<\/a>.<\/p>\n\n\n\n<p>Um atrativo extra \u00e9 a realiza\u00e7\u00e3o, tamb\u00e9m na tarde do Open Day, de um Festival de Teatro em que participam alunos, professores e encarregados de educa\u00e7\u00e3o de sete escolas do concelho de Torres Vedras, numa celebra\u00e7\u00e3o da arte e cultura local, e que conta com a presen\u00e7a de respons\u00e1veis da autarquia. Este ano, as escolas confirmadas s\u00e3o, al\u00e9m da EITV, as Secund\u00e1rias Henriques Nogueira e Madeira Torres, as EB 2,3 Padre V\u00edtor Mel\u00edcias e Freiria, o Externato de Penafirme e a ESCO &#8211; Escola de Servi\u00e7os e Com\u00e9rcio do Oeste.<\/p>\n\n\n\n<p><strong>Programa do Open Day \/ Festival de Teatro da EITV<\/strong><\/p>\n\n\n\n<p>14h30 &#8211; Pe\u00e7a \u201cResistimos\u201d (EB 2,3 Padre V\u00edtor Mel\u00edcias) \/ Apresenta\u00e7\u00e3o \u201cDan\u00e7arte\u201d (Escola Henriques Nogueira)<\/p>\n\n\n\n<p>14h45 &#8211; Workshop de Percuss\u00e3o<\/p>\n\n\n\n<p>15h00 &#8211; Hist\u00f3rias com \u201cKamishibai\u201d (Escola Sec. Madeira Torres)<\/p>\n\n\n\n<p>15h30 &#8211; M\u00fasica ao Vivo (Copo 3)<\/p>\n\n\n\n<p>15h40 &#8211; Workshop de Patinagem<\/p>\n\n\n\n<p>15h45 &#8211; Coro Leitor (EB 2,3 Freiria)<\/p>\n\n\n\n<p>16h00 &#8211; Pe\u00e7a \u201cAlice e o Pa\u00eds das Maravilhas\u201d (EITV)<\/p>\n\n\n\n<p>16h10 &#8211; Hist\u00f3rias com \u201cKamishibai\u201d (Escola Sec. Madeira Torres)<\/p>\n\n\n\n<p>16h30 &#8211; EITV -&gt; Portela da Villa &#8211; Passeio de bicicletas<\/p>\n\n\n\n<p>17h00 &#8211; Pe\u00e7a \u201cA minha av\u00f3 contou-me\u201d (Externato de Penafirme)<\/p>\n\n\n\n<p>17h30 &#8211; Pe\u00e7a \u201cRomeu e Julieta\u201d (EITV)<\/p>\n\n\n\n<p>17H45 &#8211; M\u00fasica ao Vivo (Copo 3)<\/p>\n\n\n\n<p>Al\u00e9m destas atividades calendarizadas, durante toda a tarde decorrer\u00e3o atividades permanentes. A saber: Carrossel, Circo Social (ESCO), Exposi\u00e7\u00e3o \u201cEmocion\u00e1rio\u201d (Escola Henriques Nogueira), Exposi\u00e7\u00e3o \u201cInvas\u00e3o Criativa\u201d (Escola Madeira Torres), Futebol, Gincana de Bicicletas, Insufl\u00e1veis, Minigolfe, Desenho ao Vivo (Escola Henriques Nogueira), Pinturas Faciais, Torneio de Padel e Demonstra\u00e7\u00e3o de Realidade Virtual.<\/p>\n\n\n\n<p><strong>Sobre a EITV: uma Escola com tr\u00eas percursos educativos paralelos<\/strong><\/p>\n\n\n\n<p>Fundada em 2005, a EITV &#8211; Escola Internacional de Torres Vedras tem como miss\u00e3o oferecer uma educa\u00e7\u00e3o de qualidade, preparando os jovens para os desafios do mundo moderno. Com uma oferta desde o ber\u00e7\u00e1rio ao 12.\u00ba ano, e com alunos de 25 nacionalidades, a escola&nbsp;proporciona aos seus alunos uma forma\u00e7\u00e3o de prest\u00edgio reconhecida internacionalmente, oferecendo tr\u00eas percursos educativos distintos:o curr\u00edculo nacional portugu\u00eas; o curr\u00edculo ingl\u00eas de Cambridge; e o Dual Diploma norte-americano (primeira institui\u00e7\u00e3o em Portugal autorizada, em parceria com a &#8220;Academica International Studies&#8221;).<\/p>\n\n\n\n<p>Al\u00e9m disso, a escola prioriza o ensino de idiomas, oferecendo forma\u00e7\u00e3o certificada em ingl\u00eas, espanhol e franc\u00eas, desde tenra idade. Atualmente, a EITV acolhe 442 alunos, sendo que 61 seguem o curr\u00edculo Cambridge, o que reflete a diversidade educativa da escola e o seu compromisso com a excel\u00eancia acad\u00e9mica.<\/p>\n\n\n\n<p>Um dos pontos distintivos da EITV \u00e9 o seu m\u00e9todo de ensino diferenciado, que enfatiza o acompanhamento individualizado dos alunos, promovendo a sua responsabilidade e autonomia no processo de aprendizagem. Os professores realizam discuss\u00f5es regulares com cada aluno e com os seus pais, para avaliar o progresso e identificar \u00e1reas de desenvolvimento, garantindo uma abordagem personalizada e eficaz.<\/p>\n\n\n\n<p>Al\u00e9m de m\u00e9todo de ensino diferenciado, a EITV proporciona instala\u00e7\u00f5es de qualidade superior \u00e0 comunidade educativa.&nbsp;Localizada a apenas 40 minutos de Lisboa, num ambiente privilegiado,&nbsp;a Escola disp\u00f5e de 45.000 m\u00b2 ao servi\u00e7o da Educa\u00e7\u00e3o,&nbsp;com 10.000m2 de edificado, rodeados por 35.000m2 de espa\u00e7os verdes e ar puro.<\/p>\n\n\n\n<p>As salas de aula s\u00e3o espa\u00e7osas e equipadas com os melhores materiais, enquanto as instala\u00e7\u00f5es desportivas promovem a sa\u00fade f\u00edsica e o trabalho em equipa. A escola tamb\u00e9m oferece acesso a laborat\u00f3rios e salas de inform\u00e1tica que incentivam os alunos a explorar os seus interesses e a expandir os seus conhecimentos.\u201d<\/p>\n","protected":false},"excerpt":{"rendered":"<p>Projeto &#8220;Bandeiras do Planeta&#8221; est\u00e1 em exposi\u00e7\u00e3o que se destaca na programa\u00e7\u00e3o do Dia Aberto da Escola Internacional de Torres&#8230;<\/p>\n","protected":false},"author":7,"featured_media":12766,"comment_status":"closed","ping_status":"open","sticky":false,"template":"","format":"standard","meta":[],"categories":[779],"tags":[797,796],"yoast_head":"<!-- This site is optimized with the Yoast SEO plugin v20.12 - https:\/\/yoast.com\/wordpress\/plugins\/seo\/ -->\n<title>Alunos de Torres Vedras criam 12 bandeiras inspiradas na ONU para enviar a Ant\u00f3nio\u00a0Guterres - Atelier do Caractere<\/title>\n<meta name=\"robots\" content=\"index, follow, max-snippet:-1, max-image-preview:large, max-video-preview:-1\" \/>\n<link rel=\"canonical\" href=\"https:\/\/www.atelierdocaractere.pt\/brevemente\/alunos-de-torres-vedras-criam-12-bandeiras-inspiradas-na-onu-para-enviar-a-antonio-guterres\/\" \/>\n<meta property=\"og:locale\" content=\"pt_PT\" \/>\n<meta property=\"og:type\" content=\"article\" \/>\n<meta property=\"og:title\" content=\"Alunos de Torres Vedras criam 12 bandeiras inspiradas na ONU para enviar a Ant\u00f3nio\u00a0Guterres - Atelier do Caractere\" \/>\n<meta property=\"og:description\" content=\"Projeto &#8220;Bandeiras do Planeta&#8221; est\u00e1 em exposi\u00e7\u00e3o que se destaca na programa\u00e7\u00e3o do Dia Aberto da Escola Internacional de Torres...\" \/>\n<meta property=\"og:url\" content=\"https:\/\/www.atelierdocaractere.pt\/brevemente\/alunos-de-torres-vedras-criam-12-bandeiras-inspiradas-na-onu-para-enviar-a-antonio-guterres\/\" \/>\n<meta property=\"og:site_name\" content=\"Atelier do Caractere\" \/>\n<meta property=\"article:publisher\" content=\"https:\/\/www.facebook.com\/AtelierdoCaractere\" \/>\n<meta property=\"article:published_time\" content=\"2024-05-15T17:50:00+00:00\" \/>\n<meta property=\"article:modified_time\" content=\"2024-05-15T17:50:04+00:00\" \/>\n<meta property=\"og:image\" content=\"https:\/\/www.atelierdocaractere.pt\/wp-content\/uploads\/2024\/05\/foto1.jpg\" \/>\n\t<meta property=\"og:image:width\" content=\"1920\" \/>\n\t<meta property=\"og:image:height\" content=\"1440\" \/>\n\t<meta property=\"og:image:type\" content=\"image\/jpeg\" \/>\n<meta name=\"author\" content=\"Joana Barbosa\" \/>\n<meta name=\"twitter:card\" content=\"summary_large_image\" \/>\n<meta name=\"twitter:label1\" content=\"Escrito por\" \/>\n\t<meta name=\"twitter:data1\" content=\"Joana Barbosa\" \/>\n\t<meta name=\"twitter:label2\" content=\"Tempo estimado de leitura\" \/>\n\t<meta name=\"twitter:data2\" content=\"7 minutos\" \/>\n<script type=\"application\/ld+json\" class=\"yoast-schema-graph\">{\"@context\":\"https:\/\/schema.org\",\"@graph\":[{\"@type\":\"WebPage\",\"@id\":\"https:\/\/www.atelierdocaractere.pt\/brevemente\/alunos-de-torres-vedras-criam-12-bandeiras-inspiradas-na-onu-para-enviar-a-antonio-guterres\/\",\"url\":\"https:\/\/www.atelierdocaractere.pt\/brevemente\/alunos-de-torres-vedras-criam-12-bandeiras-inspiradas-na-onu-para-enviar-a-antonio-guterres\/\",\"name\":\"Alunos de Torres Vedras criam 12 bandeiras inspiradas na ONU para enviar a Ant\u00f3nio\u00a0Guterres - Atelier do Caractere\",\"isPartOf\":{\"@id\":\"https:\/\/www.atelierdocaractere.pt\/brevemente\/#website\"},\"datePublished\":\"2024-05-15T17:50:00+00:00\",\"dateModified\":\"2024-05-15T17:50:04+00:00\",\"author\":{\"@id\":\"https:\/\/www.atelierdocaractere.pt\/brevemente\/#\/schema\/person\/f2f096eb0f27d9894725af22cb97c0db\"},\"breadcrumb\":{\"@id\":\"https:\/\/www.atelierdocaractere.pt\/brevemente\/alunos-de-torres-vedras-criam-12-bandeiras-inspiradas-na-onu-para-enviar-a-antonio-guterres\/#breadcrumb\"},\"inLanguage\":\"pt-PT\",\"potentialAction\":[{\"@type\":\"ReadAction\",\"target\":[\"https:\/\/www.atelierdocaractere.pt\/brevemente\/alunos-de-torres-vedras-criam-12-bandeiras-inspiradas-na-onu-para-enviar-a-antonio-guterres\/\"]}]},{\"@type\":\"BreadcrumbList\",\"@id\":\"https:\/\/www.atelierdocaractere.pt\/brevemente\/alunos-de-torres-vedras-criam-12-bandeiras-inspiradas-na-onu-para-enviar-a-antonio-guterres\/#breadcrumb\",\"itemListElement\":[{\"@type\":\"ListItem\",\"position\":1,\"name\":\"In\u00edcio\",\"item\":\"https:\/\/www.atelierdocaractere.pt\/brevemente\/\"},{\"@type\":\"ListItem\",\"position\":2,\"name\":\"Alunos de Torres Vedras criam 12 bandeiras inspiradas na ONU para enviar a Ant\u00f3nio\u00a0Guterres\"}]},{\"@type\":\"WebSite\",\"@id\":\"https:\/\/www.atelierdocaractere.pt\/brevemente\/#website\",\"url\":\"https:\/\/www.atelierdocaractere.pt\/brevemente\/\",\"name\":\"Atelier do Caractere\",\"description\":\"\",\"potentialAction\":[{\"@type\":\"SearchAction\",\"target\":{\"@type\":\"EntryPoint\",\"urlTemplate\":\"https:\/\/www.atelierdocaractere.pt\/brevemente\/?s={search_term_string}\"},\"query-input\":\"required name=search_term_string\"}],\"inLanguage\":\"pt-PT\"},{\"@type\":\"Person\",\"@id\":\"https:\/\/www.atelierdocaractere.pt\/brevemente\/#\/schema\/person\/f2f096eb0f27d9894725af22cb97c0db\",\"name\":\"Joana Barbosa\",\"image\":{\"@type\":\"ImageObject\",\"inLanguage\":\"pt-PT\",\"@id\":\"https:\/\/www.atelierdocaractere.pt\/brevemente\/#\/schema\/person\/image\/\",\"url\":\"https:\/\/secure.gravatar.com\/avatar\/33e8214b45e9d68a3a83008731075979?s=96&d=mm&r=g\",\"contentUrl\":\"https:\/\/secure.gravatar.com\/avatar\/33e8214b45e9d68a3a83008731075979?s=96&d=mm&r=g\",\"caption\":\"Joana Barbosa\"},\"url\":\"https:\/\/www.atelierdocaractere.pt\/brevemente\/author\/joanabarbosa\/\"}]}<\/script>\n<!-- \/ Yoast SEO plugin. -->","yoast_head_json":{"title":"Alunos de Torres Vedras criam 12 bandeiras inspiradas na ONU para enviar a Ant\u00f3nio\u00a0Guterres - Atelier do Caractere","robots":{"index":"index","follow":"follow","max-snippet":"max-snippet:-1","max-image-preview":"max-image-preview:large","max-video-preview":"max-video-preview:-1"},"canonical":"https:\/\/www.atelierdocaractere.pt\/brevemente\/alunos-de-torres-vedras-criam-12-bandeiras-inspiradas-na-onu-para-enviar-a-antonio-guterres\/","og_locale":"pt_PT","og_type":"article","og_title":"Alunos de Torres Vedras criam 12 bandeiras inspiradas na ONU para enviar a Ant\u00f3nio\u00a0Guterres - Atelier do Caractere","og_description":"Projeto &#8220;Bandeiras do Planeta&#8221; est\u00e1 em exposi\u00e7\u00e3o que se destaca na programa\u00e7\u00e3o do Dia Aberto da Escola Internacional de Torres...","og_url":"https:\/\/www.atelierdocaractere.pt\/brevemente\/alunos-de-torres-vedras-criam-12-bandeiras-inspiradas-na-onu-para-enviar-a-antonio-guterres\/","og_site_name":"Atelier do Caractere","article_publisher":"https:\/\/www.facebook.com\/AtelierdoCaractere","article_published_time":"2024-05-15T17:50:00+00:00","article_modified_time":"2024-05-15T17:50:04+00:00","og_image":[{"width":1920,"height":1440,"url":"https:\/\/www.atelierdocaractere.pt\/wp-content\/uploads\/2024\/05\/foto1.jpg","type":"image\/jpeg"}],"author":"Joana Barbosa","twitter_card":"summary_large_image","twitter_misc":{"Escrito por":"Joana Barbosa","Tempo estimado de leitura":"7 minutos"},"schema":{"@context":"https:\/\/schema.org","@graph":[{"@type":"WebPage","@id":"https:\/\/www.atelierdocaractere.pt\/brevemente\/alunos-de-torres-vedras-criam-12-bandeiras-inspiradas-na-onu-para-enviar-a-antonio-guterres\/","url":"https:\/\/www.atelierdocaractere.pt\/brevemente\/alunos-de-torres-vedras-criam-12-bandeiras-inspiradas-na-onu-para-enviar-a-antonio-guterres\/","name":"Alunos de Torres Vedras criam 12 bandeiras inspiradas na ONU para enviar a Ant\u00f3nio\u00a0Guterres - Atelier do Caractere","isPartOf":{"@id":"https:\/\/www.atelierdocaractere.pt\/brevemente\/#website"},"datePublished":"2024-05-15T17:50:00+00:00","dateModified":"2024-05-15T17:50:04+00:00","author":{"@id":"https:\/\/www.atelierdocaractere.pt\/brevemente\/#\/schema\/person\/f2f096eb0f27d9894725af22cb97c0db"},"breadcrumb":{"@id":"https:\/\/www.atelierdocaractere.pt\/brevemente\/alunos-de-torres-vedras-criam-12-bandeiras-inspiradas-na-onu-para-enviar-a-antonio-guterres\/#breadcrumb"},"inLanguage":"pt-PT","potentialAction":[{"@type":"ReadAction","target":["https:\/\/www.atelierdocaractere.pt\/brevemente\/alunos-de-torres-vedras-criam-12-bandeiras-inspiradas-na-onu-para-enviar-a-antonio-guterres\/"]}]},{"@type":"BreadcrumbList","@id":"https:\/\/www.atelierdocaractere.pt\/brevemente\/alunos-de-torres-vedras-criam-12-bandeiras-inspiradas-na-onu-para-enviar-a-antonio-guterres\/#breadcrumb","itemListElement":[{"@type":"ListItem","position":1,"name":"In\u00edcio","item":"https:\/\/www.atelierdocaractere.pt\/brevemente\/"},{"@type":"ListItem","position":2,"name":"Alunos de Torres Vedras criam 12 bandeiras inspiradas na ONU para enviar a Ant\u00f3nio\u00a0Guterres"}]},{"@type":"WebSite","@id":"https:\/\/www.atelierdocaractere.pt\/brevemente\/#website","url":"https:\/\/www.atelierdocaractere.pt\/brevemente\/","name":"Atelier do Caractere","description":"","potentialAction":[{"@type":"SearchAction","target":{"@type":"EntryPoint","urlTemplate":"https:\/\/www.atelierdocaractere.pt\/brevemente\/?s={search_term_string}"},"query-input":"required name=search_term_string"}],"inLanguage":"pt-PT"},{"@type":"Person","@id":"https:\/\/www.atelierdocaractere.pt\/brevemente\/#\/schema\/person\/f2f096eb0f27d9894725af22cb97c0db","name":"Joana Barbosa","image":{"@type":"ImageObject","inLanguage":"pt-PT","@id":"https:\/\/www.atelierdocaractere.pt\/brevemente\/#\/schema\/person\/image\/","url":"https:\/\/secure.gravatar.com\/avatar\/33e8214b45e9d68a3a83008731075979?s=96&d=mm&r=g","contentUrl":"https:\/\/secure.gravatar.com\/avatar\/33e8214b45e9d68a3a83008731075979?s=96&d=mm&r=g","caption":"Joana Barbosa"},"url":"https:\/\/www.atelierdocaractere.pt\/brevemente\/author\/joanabarbosa\/"}]}},"_links":{"self":[{"href":"https:\/\/www.atelierdocaractere.pt\/brevemente\/wp-json\/wp\/v2\/posts\/12764"}],"collection":[{"href":"https:\/\/www.atelierdocaractere.pt\/brevemente\/wp-json\/wp\/v2\/posts"}],"about":[{"href":"https:\/\/www.atelierdocaractere.pt\/brevemente\/wp-json\/wp\/v2\/types\/post"}],"author":[{"embeddable":true,"href":"https:\/\/www.atelierdocaractere.pt\/brevemente\/wp-json\/wp\/v2\/users\/7"}],"replies":[{"embeddable":true,"href":"https:\/\/www.atelierdocaractere.pt\/brevemente\/wp-json\/wp\/v2\/comments?post=12764"}],"version-history":[{"count":1,"href":"https:\/\/www.atelierdocaractere.pt\/brevemente\/wp-json\/wp\/v2\/posts\/12764\/revisions"}],"predecessor-version":[{"id":12767,"href":"https:\/\/www.atelierdocaractere.pt\/brevemente\/wp-json\/wp\/v2\/posts\/12764\/revisions\/12767"}],"wp:featuredmedia":[{"embeddable":true,"href":"https:\/\/www.atelierdocaractere.pt\/brevemente\/wp-json\/wp\/v2\/media\/12766"}],"wp:attachment":[{"href":"https:\/\/www.atelierdocaractere.pt\/brevemente\/wp-json\/wp\/v2\/media?parent=12764"}],"wp:term":[{"taxonomy":"category","embeddable":true,"href":"https:\/\/www.atelierdocaractere.pt\/brevemente\/wp-json\/wp\/v2\/categories?post=12764"},{"taxonomy":"post_tag","embeddable":true,"href":"https:\/\/www.atelierdocaractere.pt\/brevemente\/wp-json\/wp\/v2\/tags?post=12764"}],"curies":[{"name":"wp","href":"https:\/\/api.w.org\/{rel}","templated":true}]}}