{"id":12797,"date":"2024-05-08T14:19:20","date_gmt":"2024-05-08T14:19:20","guid":{"rendered":"https:\/\/www.atelierdocaractere.pt\/brevemente\/?p=12797"},"modified":"2024-05-23T14:33:49","modified_gmt":"2024-05-23T14:33:49","slug":"bootcamps-cria-o-teu-futuro-voltam-a-inspirar-jovens-empreendedores-em-viseu-dao-lafoes","status":"publish","type":"post","link":"https:\/\/www.atelierdocaractere.pt\/brevemente\/bootcamps-cria-o-teu-futuro-voltam-a-inspirar-jovens-empreendedores-em-viseu-dao-lafoes\/","title":{"rendered":"Bootcamps \u201cCria o Teu Futuro\u201d voltam a inspirar jovens empreendedores em Viseu D\u00e3o Laf\u00f5es"},"content":{"rendered":"\n<p><strong>Iniciativa ensina aos alunos de escolas secund\u00e1rias e profissionais da regi\u00e3o os passos a seguir para serem empreendedores de sucesso.<\/strong><\/p>\n\n\n\n<figure class=\"wp-block-image size-full\"><img decoding=\"async\" width=\"989\" height=\"652\" src=\"https:\/\/www.atelierdocaractere.pt\/wp-content\/uploads\/2024\/05\/54172c00-67d1-a65e-d2f2-bbbc67e980c2.png\" alt=\"\" class=\"wp-image-12798\" srcset=\"https:\/\/www.atelierdocaractere.pt\/wp-content\/uploads\/2024\/05\/54172c00-67d1-a65e-d2f2-bbbc67e980c2.png 989w, https:\/\/www.atelierdocaractere.pt\/wp-content\/uploads\/2024\/05\/54172c00-67d1-a65e-d2f2-bbbc67e980c2-300x198.png 300w, https:\/\/www.atelierdocaractere.pt\/wp-content\/uploads\/2024\/05\/54172c00-67d1-a65e-d2f2-bbbc67e980c2-768x506.png 768w\" sizes=\"(max-width: 989px) 100vw, 989px\" \/><\/figure>\n\n\n\n<p>Os\u00a0<em>bootcamps<\/em><strong> \u201cCria o Teu Futuro\u201d<\/strong>\u00a0est\u00e3o de regresso \u00e0s escolas de Viseu D\u00e3o Laf\u00f5es, com o primeiro evento de 2024 a ter lugar esta quinta-feira, 9 de maio, em Viseu. Seguem-se mais tr\u00eas\u00a0<em>bootcamps<\/em>, em Tondela, Vouzela e Mangualde, respetivamente nos dias 10, 13 e 15 de maio.<\/p>\n\n\n\n<p>Estes&nbsp;<em>bootcamps<\/em>&nbsp;fazem parte do programa \u201cWanted \u2013 Escolas Empreendedoras\u201d, uma iniciativa da&nbsp;<strong>CIM Viseu D\u00e3o Laf\u00f5es<\/strong>. O objetivo principal \u00e9 proporcionar aos candidatos a empreendedores \u2013 alunos do ensino secund\u00e1rio e profissional da regi\u00e3o \u2013 um dia de forma\u00e7\u00e3o intensiva, durante o qual t\u00eam a oportunidade de acelerar e melhorar as suas ideias de neg\u00f3cio.<\/p>\n\n\n\n<p>Os participantes s\u00e3o as equipas dos alunos que submeteram previamente as suas ideias no programa Wanted. Nesta 12.\u00aa edi\u00e7\u00e3o do programa, foram submetidas 49&nbsp;ideias de neg\u00f3cios, por parte de 120 alunos de 15 escolas da regi\u00e3o.<\/p>\n\n\n\n<p>Com a dura\u00e7\u00e3o de um dia, cada&nbsp;<em>bootcamp<\/em>&nbsp;come\u00e7a com a rece\u00e7\u00e3o dos participantes e a apresenta\u00e7\u00e3o da \u201cIdeias &#8211; Elevator Pitch\u201d. Em seguida, os alunos assistem a palestras com empreendedores \u2013 hoje, em Viseu, o orador foi Jos\u00e9 Pedro Moura. Os momentos seguintes consistem nas atividades &#8220;Olimp\u00edadas Empreendedoras&#8221;, \u201cV\u00eddeo Pitch\u201d e tamb\u00e9m em per\u00edodos de trabalho personalizado.<\/p>\n\n\n\n<p>Ap\u00f3s os quatro&nbsp;<em>bootcamps<\/em>, a pr\u00f3xima fase do programa Wanted envolve a submiss\u00e3o de projetos j\u00e1 mais desenvolvidos por parte das equipas concorrentes. Por fim, o j\u00fari selecionar\u00e1 as 12 ideias de neg\u00f3cio finalistas, que ser\u00e3o apresentadas na final do Concurso Intermunicipal. De entre estas, sair\u00e1 a grande vencedora.<\/p>\n\n\n\n<p>Para&nbsp;<strong>Nuno Martinho, Secret\u00e1rio Executivo da CIM Viseu D\u00e3o Laf\u00f5es<\/strong>,&nbsp;<em>\u201co projeto Wanted Escolas Empreendedoras \u00e9 mais uma iniciativa de sucesso junto da comunidade educativa e empresarial, do qual muito nos orgulhamos. Com esta 12.\u00aa edi\u00e7\u00e3o, queremos continuar a inspirar os jovens da regi\u00e3o a desenvolverem as suas ideias de neg\u00f3cios, trabalhando as suas compet\u00eancias ao n\u00edvel do empreendedorismo. Viseu D\u00e3o Laf\u00f5es \u00e9 um territ\u00f3rio din\u00e2mico, que aposta na criatividade dos seus jovens, como o demonstram este e outros projetos que a CIM tem a decorrer\u201d<\/em>.<\/p>\n\n\n\n<p>O programa Wanted visa proporcionar aos alunos do ensino secund\u00e1rio e profissional o contato com jovens empreendedores, estimulando assim o seu pr\u00f3prio empreendedorismo, a criatividade e o desenvolvimento de compet\u00eancias de comunica\u00e7\u00e3o e de defini\u00e7\u00e3o de modelos de neg\u00f3cio.<\/p>\n\n\n\n<p><strong>Distribui\u00e7\u00e3o Geogr\u00e1fica dos Bootcamps<\/strong><\/p>\n\n\n\n<p>&#8211;&nbsp;<em>Bootcamp<\/em>&nbsp;A (9 de maio, na Escola Secund\u00e1ria Alves Martins, em Viseu): participa\u00e7\u00e3o das Escolas Profissionais D. Mariana Seixas e Profitecla (Viseu), Escola Secund\u00e1ria de Nelas e Escola Secund\u00e1ria de Canas de Senhorim.<\/p>\n\n\n\n<p>&#8211;&nbsp;<em>Bootcamp<\/em>&nbsp;B (10 de maio, na Escola Profissional de Tondela): participa\u00e7\u00e3o da Escola Profissional de Tondela, Escola Secund\u00e1ria Tom\u00e1z Ribeiro (Tondela) e Escola Secund\u00e1ria de Santa Comba D\u00e3o.<\/p>\n\n\n\n<p>&#8211;&nbsp;<em>Bootcamp<\/em>&nbsp;C (13 de maio, na Escola Secund\u00e1ria de Vouzela): participa\u00e7\u00e3o da Escola Secund\u00e1ria de Vouzela, Escola Secund\u00e1ria de Castro Daire, Escola Secund\u00e1ria de S\u00e3o Pedro do Sul e da Escola Profissional de Carvalhais.<\/p>\n\n\n\n<p>&#8211;\u00a0<em>Bootcamp<\/em>\u00a0D (15 de maio, local a definir em Mangualde): participa\u00e7\u00e3o das Escolas Secund\u00e1rias Dra. Felismina Alc\u00e2ntara (Mangualde), Escola Secund\u00e1ria de Aguiar da Beira e Escola Secund\u00e1ria de Penalva do Castelo.<\/p>\n\n\n\n<p><strong>Sobre a CIM Viseu D\u00e3o Laf\u00f5es:<\/strong><br>A CIM Viseu D\u00e3o Laf\u00f5es \u00e9 uma associa\u00e7\u00e3o de munic\u00edpios, denominada como Comunidade Intermunicipal, sendo constitu\u00edda pelos munic\u00edpios de\u00a0Aguiar da Beira, Carregal do Sal, Castro Daire, Mangualde, Nelas, Oliveira de Frades, Penalva do Castelo, Santa Comba D\u00e3o, S\u00e3o Pedro do Sul, S\u00e1t\u00e3o, Tondela, Vila Nova de Paiva, Viseu e Vouzela.<\/p>\n","protected":false},"excerpt":{"rendered":"<p>Iniciativa ensina aos alunos de escolas secund\u00e1rias e profissionais da regi\u00e3o os passos a seguir para serem empreendedores de sucesso&#8230;.<\/p>\n","protected":false},"author":7,"featured_media":12798,"comment_status":"closed","ping_status":"open","sticky":false,"template":"","format":"standard","meta":[],"categories":[779],"tags":[448,744,636],"yoast_head":"<!-- This site is optimized with the Yoast SEO plugin v20.12 - https:\/\/yoast.com\/wordpress\/plugins\/seo\/ -->\n<title>Bootcamps \u201cCria o Teu Futuro\u201d voltam a inspirar jovens empreendedores em Viseu D\u00e3o Laf\u00f5es - Atelier do Caractere<\/title>\n<meta name=\"robots\" content=\"index, follow, max-snippet:-1, max-image-preview:large, max-video-preview:-1\" \/>\n<link rel=\"canonical\" href=\"https:\/\/www.atelierdocaractere.pt\/brevemente\/bootcamps-cria-o-teu-futuro-voltam-a-inspirar-jovens-empreendedores-em-viseu-dao-lafoes\/\" \/>\n<meta property=\"og:locale\" content=\"pt_PT\" \/>\n<meta property=\"og:type\" content=\"article\" \/>\n<meta property=\"og:title\" content=\"Bootcamps \u201cCria o Teu Futuro\u201d voltam a inspirar jovens empreendedores em Viseu D\u00e3o Laf\u00f5es - Atelier do Caractere\" \/>\n<meta property=\"og:description\" content=\"Iniciativa ensina aos alunos de escolas secund\u00e1rias e profissionais da regi\u00e3o os passos a seguir para serem empreendedores de sucesso....\" \/>\n<meta property=\"og:url\" content=\"https:\/\/www.atelierdocaractere.pt\/brevemente\/bootcamps-cria-o-teu-futuro-voltam-a-inspirar-jovens-empreendedores-em-viseu-dao-lafoes\/\" \/>\n<meta property=\"og:site_name\" content=\"Atelier do Caractere\" \/>\n<meta property=\"article:publisher\" content=\"https:\/\/www.facebook.com\/AtelierdoCaractere\" \/>\n<meta property=\"article:published_time\" content=\"2024-05-08T14:19:20+00:00\" \/>\n<meta property=\"article:modified_time\" content=\"2024-05-23T14:33:49+00:00\" \/>\n<meta property=\"og:image\" content=\"https:\/\/www.atelierdocaractere.pt\/wp-content\/uploads\/2024\/05\/54172c00-67d1-a65e-d2f2-bbbc67e980c2.png\" \/>\n\t<meta property=\"og:image:width\" content=\"989\" \/>\n\t<meta property=\"og:image:height\" content=\"652\" \/>\n\t<meta property=\"og:image:type\" content=\"image\/png\" \/>\n<meta name=\"author\" content=\"Joana Barbosa\" \/>\n<meta name=\"twitter:card\" content=\"summary_large_image\" \/>\n<meta name=\"twitter:label1\" content=\"Escrito por\" \/>\n\t<meta name=\"twitter:data1\" content=\"Joana Barbosa\" \/>\n\t<meta name=\"twitter:label2\" content=\"Tempo estimado de leitura\" \/>\n\t<meta name=\"twitter:data2\" content=\"4 minutos\" \/>\n<script type=\"application\/ld+json\" class=\"yoast-schema-graph\">{\"@context\":\"https:\/\/schema.org\",\"@graph\":[{\"@type\":\"WebPage\",\"@id\":\"https:\/\/www.atelierdocaractere.pt\/brevemente\/bootcamps-cria-o-teu-futuro-voltam-a-inspirar-jovens-empreendedores-em-viseu-dao-lafoes\/\",\"url\":\"https:\/\/www.atelierdocaractere.pt\/brevemente\/bootcamps-cria-o-teu-futuro-voltam-a-inspirar-jovens-empreendedores-em-viseu-dao-lafoes\/\",\"name\":\"Bootcamps \u201cCria o Teu Futuro\u201d voltam a inspirar jovens empreendedores em Viseu D\u00e3o Laf\u00f5es - Atelier do Caractere\",\"isPartOf\":{\"@id\":\"https:\/\/www.atelierdocaractere.pt\/brevemente\/#website\"},\"datePublished\":\"2024-05-08T14:19:20+00:00\",\"dateModified\":\"2024-05-23T14:33:49+00:00\",\"author\":{\"@id\":\"https:\/\/www.atelierdocaractere.pt\/brevemente\/#\/schema\/person\/f2f096eb0f27d9894725af22cb97c0db\"},\"breadcrumb\":{\"@id\":\"https:\/\/www.atelierdocaractere.pt\/brevemente\/bootcamps-cria-o-teu-futuro-voltam-a-inspirar-jovens-empreendedores-em-viseu-dao-lafoes\/#breadcrumb\"},\"inLanguage\":\"pt-PT\",\"potentialAction\":[{\"@type\":\"ReadAction\",\"target\":[\"https:\/\/www.atelierdocaractere.pt\/brevemente\/bootcamps-cria-o-teu-futuro-voltam-a-inspirar-jovens-empreendedores-em-viseu-dao-lafoes\/\"]}]},{\"@type\":\"BreadcrumbList\",\"@id\":\"https:\/\/www.atelierdocaractere.pt\/brevemente\/bootcamps-cria-o-teu-futuro-voltam-a-inspirar-jovens-empreendedores-em-viseu-dao-lafoes\/#breadcrumb\",\"itemListElement\":[{\"@type\":\"ListItem\",\"position\":1,\"name\":\"In\u00edcio\",\"item\":\"https:\/\/www.atelierdocaractere.pt\/brevemente\/\"},{\"@type\":\"ListItem\",\"position\":2,\"name\":\"Bootcamps \u201cCria o Teu Futuro\u201d voltam a inspirar jovens empreendedores em Viseu D\u00e3o Laf\u00f5es\"}]},{\"@type\":\"WebSite\",\"@id\":\"https:\/\/www.atelierdocaractere.pt\/brevemente\/#website\",\"url\":\"https:\/\/www.atelierdocaractere.pt\/brevemente\/\",\"name\":\"Atelier do Caractere\",\"description\":\"\",\"potentialAction\":[{\"@type\":\"SearchAction\",\"target\":{\"@type\":\"EntryPoint\",\"urlTemplate\":\"https:\/\/www.atelierdocaractere.pt\/brevemente\/?s={search_term_string}\"},\"query-input\":\"required name=search_term_string\"}],\"inLanguage\":\"pt-PT\"},{\"@type\":\"Person\",\"@id\":\"https:\/\/www.atelierdocaractere.pt\/brevemente\/#\/schema\/person\/f2f096eb0f27d9894725af22cb97c0db\",\"name\":\"Joana Barbosa\",\"image\":{\"@type\":\"ImageObject\",\"inLanguage\":\"pt-PT\",\"@id\":\"https:\/\/www.atelierdocaractere.pt\/brevemente\/#\/schema\/person\/image\/\",\"url\":\"https:\/\/secure.gravatar.com\/avatar\/33e8214b45e9d68a3a83008731075979?s=96&d=mm&r=g\",\"contentUrl\":\"https:\/\/secure.gravatar.com\/avatar\/33e8214b45e9d68a3a83008731075979?s=96&d=mm&r=g\",\"caption\":\"Joana Barbosa\"},\"url\":\"https:\/\/www.atelierdocaractere.pt\/brevemente\/author\/joanabarbosa\/\"}]}<\/script>\n<!-- \/ Yoast SEO plugin. -->","yoast_head_json":{"title":"Bootcamps \u201cCria o Teu Futuro\u201d voltam a inspirar jovens empreendedores em Viseu D\u00e3o Laf\u00f5es - Atelier do Caractere","robots":{"index":"index","follow":"follow","max-snippet":"max-snippet:-1","max-image-preview":"max-image-preview:large","max-video-preview":"max-video-preview:-1"},"canonical":"https:\/\/www.atelierdocaractere.pt\/brevemente\/bootcamps-cria-o-teu-futuro-voltam-a-inspirar-jovens-empreendedores-em-viseu-dao-lafoes\/","og_locale":"pt_PT","og_type":"article","og_title":"Bootcamps \u201cCria o Teu Futuro\u201d voltam a inspirar jovens empreendedores em Viseu D\u00e3o Laf\u00f5es - Atelier do Caractere","og_description":"Iniciativa ensina aos alunos de escolas secund\u00e1rias e profissionais da regi\u00e3o os passos a seguir para serem empreendedores de sucesso....","og_url":"https:\/\/www.atelierdocaractere.pt\/brevemente\/bootcamps-cria-o-teu-futuro-voltam-a-inspirar-jovens-empreendedores-em-viseu-dao-lafoes\/","og_site_name":"Atelier do Caractere","article_publisher":"https:\/\/www.facebook.com\/AtelierdoCaractere","article_published_time":"2024-05-08T14:19:20+00:00","article_modified_time":"2024-05-23T14:33:49+00:00","og_image":[{"width":989,"height":652,"url":"https:\/\/www.atelierdocaractere.pt\/wp-content\/uploads\/2024\/05\/54172c00-67d1-a65e-d2f2-bbbc67e980c2.png","type":"image\/png"}],"author":"Joana Barbosa","twitter_card":"summary_large_image","twitter_misc":{"Escrito por":"Joana Barbosa","Tempo estimado de leitura":"4 minutos"},"schema":{"@context":"https:\/\/schema.org","@graph":[{"@type":"WebPage","@id":"https:\/\/www.atelierdocaractere.pt\/brevemente\/bootcamps-cria-o-teu-futuro-voltam-a-inspirar-jovens-empreendedores-em-viseu-dao-lafoes\/","url":"https:\/\/www.atelierdocaractere.pt\/brevemente\/bootcamps-cria-o-teu-futuro-voltam-a-inspirar-jovens-empreendedores-em-viseu-dao-lafoes\/","name":"Bootcamps \u201cCria o Teu Futuro\u201d voltam a inspirar jovens empreendedores em Viseu D\u00e3o Laf\u00f5es - Atelier do Caractere","isPartOf":{"@id":"https:\/\/www.atelierdocaractere.pt\/brevemente\/#website"},"datePublished":"2024-05-08T14:19:20+00:00","dateModified":"2024-05-23T14:33:49+00:00","author":{"@id":"https:\/\/www.atelierdocaractere.pt\/brevemente\/#\/schema\/person\/f2f096eb0f27d9894725af22cb97c0db"},"breadcrumb":{"@id":"https:\/\/www.atelierdocaractere.pt\/brevemente\/bootcamps-cria-o-teu-futuro-voltam-a-inspirar-jovens-empreendedores-em-viseu-dao-lafoes\/#breadcrumb"},"inLanguage":"pt-PT","potentialAction":[{"@type":"ReadAction","target":["https:\/\/www.atelierdocaractere.pt\/brevemente\/bootcamps-cria-o-teu-futuro-voltam-a-inspirar-jovens-empreendedores-em-viseu-dao-lafoes\/"]}]},{"@type":"BreadcrumbList","@id":"https:\/\/www.atelierdocaractere.pt\/brevemente\/bootcamps-cria-o-teu-futuro-voltam-a-inspirar-jovens-empreendedores-em-viseu-dao-lafoes\/#breadcrumb","itemListElement":[{"@type":"ListItem","position":1,"name":"In\u00edcio","item":"https:\/\/www.atelierdocaractere.pt\/brevemente\/"},{"@type":"ListItem","position":2,"name":"Bootcamps \u201cCria o Teu Futuro\u201d voltam a inspirar jovens empreendedores em Viseu D\u00e3o Laf\u00f5es"}]},{"@type":"WebSite","@id":"https:\/\/www.atelierdocaractere.pt\/brevemente\/#website","url":"https:\/\/www.atelierdocaractere.pt\/brevemente\/","name":"Atelier do Caractere","description":"","potentialAction":[{"@type":"SearchAction","target":{"@type":"EntryPoint","urlTemplate":"https:\/\/www.atelierdocaractere.pt\/brevemente\/?s={search_term_string}"},"query-input":"required name=search_term_string"}],"inLanguage":"pt-PT"},{"@type":"Person","@id":"https:\/\/www.atelierdocaractere.pt\/brevemente\/#\/schema\/person\/f2f096eb0f27d9894725af22cb97c0db","name":"Joana Barbosa","image":{"@type":"ImageObject","inLanguage":"pt-PT","@id":"https:\/\/www.atelierdocaractere.pt\/brevemente\/#\/schema\/person\/image\/","url":"https:\/\/secure.gravatar.com\/avatar\/33e8214b45e9d68a3a83008731075979?s=96&d=mm&r=g","contentUrl":"https:\/\/secure.gravatar.com\/avatar\/33e8214b45e9d68a3a83008731075979?s=96&d=mm&r=g","caption":"Joana Barbosa"},"url":"https:\/\/www.atelierdocaractere.pt\/brevemente\/author\/joanabarbosa\/"}]}},"_links":{"self":[{"href":"https:\/\/www.atelierdocaractere.pt\/brevemente\/wp-json\/wp\/v2\/posts\/12797"}],"collection":[{"href":"https:\/\/www.atelierdocaractere.pt\/brevemente\/wp-json\/wp\/v2\/posts"}],"about":[{"href":"https:\/\/www.atelierdocaractere.pt\/brevemente\/wp-json\/wp\/v2\/types\/post"}],"author":[{"embeddable":true,"href":"https:\/\/www.atelierdocaractere.pt\/brevemente\/wp-json\/wp\/v2\/users\/7"}],"replies":[{"embeddable":true,"href":"https:\/\/www.atelierdocaractere.pt\/brevemente\/wp-json\/wp\/v2\/comments?post=12797"}],"version-history":[{"count":1,"href":"https:\/\/www.atelierdocaractere.pt\/brevemente\/wp-json\/wp\/v2\/posts\/12797\/revisions"}],"predecessor-version":[{"id":12799,"href":"https:\/\/www.atelierdocaractere.pt\/brevemente\/wp-json\/wp\/v2\/posts\/12797\/revisions\/12799"}],"wp:featuredmedia":[{"embeddable":true,"href":"https:\/\/www.atelierdocaractere.pt\/brevemente\/wp-json\/wp\/v2\/media\/12798"}],"wp:attachment":[{"href":"https:\/\/www.atelierdocaractere.pt\/brevemente\/wp-json\/wp\/v2\/media?parent=12797"}],"wp:term":[{"taxonomy":"category","embeddable":true,"href":"https:\/\/www.atelierdocaractere.pt\/brevemente\/wp-json\/wp\/v2\/categories?post=12797"},{"taxonomy":"post_tag","embeddable":true,"href":"https:\/\/www.atelierdocaractere.pt\/brevemente\/wp-json\/wp\/v2\/tags?post=12797"}],"curies":[{"name":"wp","href":"https:\/\/api.w.org\/{rel}","templated":true}]}}