{"id":12842,"date":"2024-05-20T15:32:42","date_gmt":"2024-05-20T15:32:42","guid":{"rendered":"https:\/\/www.atelierdocaractere.pt\/brevemente\/?p=12842"},"modified":"2024-05-23T15:38:55","modified_gmt":"2024-05-23T15:38:55","slug":"cim-viseu-dao-lafoes-abre-as-portas-do-territorio-com-projeto-descobre-e-aprende-em-viseu-dao-lafoes","status":"publish","type":"post","link":"https:\/\/www.atelierdocaractere.pt\/brevemente\/cim-viseu-dao-lafoes-abre-as-portas-do-territorio-com-projeto-descobre-e-aprende-em-viseu-dao-lafoes\/","title":{"rendered":"CIM Viseu D\u00e3o Laf\u00f5es abre as portas do territ\u00f3rio com projeto &#8220;Descobre e Aprende em Viseu D\u00e3o Laf\u00f5es&#8221;"},"content":{"rendered":"\n<p><strong>Mais de 3500 alunos das escolas da regi\u00e3o est\u00e3o a visitar locais do territ\u00f3rio com especial interesse pedag\u00f3gico nos 14 munic\u00edpios.<\/strong><\/p>\n\n\n\n<figure class=\"wp-block-image size-large\"><img decoding=\"async\" width=\"1024\" height=\"1024\" src=\"https:\/\/www.atelierdocaractere.pt\/wp-content\/uploads\/2024\/05\/descobre-e-aprende-em-viseu-dao-lafoes-2-1024x1024.jpg\" alt=\"\" class=\"wp-image-12845\" srcset=\"https:\/\/www.atelierdocaractere.pt\/wp-content\/uploads\/2024\/05\/descobre-e-aprende-em-viseu-dao-lafoes-2-1024x1024.jpg 1024w, https:\/\/www.atelierdocaractere.pt\/wp-content\/uploads\/2024\/05\/descobre-e-aprende-em-viseu-dao-lafoes-2-300x300.jpg 300w, https:\/\/www.atelierdocaractere.pt\/wp-content\/uploads\/2024\/05\/descobre-e-aprende-em-viseu-dao-lafoes-2-150x150.jpg 150w, https:\/\/www.atelierdocaractere.pt\/wp-content\/uploads\/2024\/05\/descobre-e-aprende-em-viseu-dao-lafoes-2-768x768.jpg 768w, https:\/\/www.atelierdocaractere.pt\/wp-content\/uploads\/2024\/05\/descobre-e-aprende-em-viseu-dao-lafoes-2-100x100.jpg 100w, https:\/\/www.atelierdocaractere.pt\/wp-content\/uploads\/2024\/05\/descobre-e-aprende-em-viseu-dao-lafoes-2-140x140.jpg 140w, https:\/\/www.atelierdocaractere.pt\/wp-content\/uploads\/2024\/05\/descobre-e-aprende-em-viseu-dao-lafoes-2-500x500.jpg 500w, https:\/\/www.atelierdocaractere.pt\/wp-content\/uploads\/2024\/05\/descobre-e-aprende-em-viseu-dao-lafoes-2-350x350.jpg 350w, https:\/\/www.atelierdocaractere.pt\/wp-content\/uploads\/2024\/05\/descobre-e-aprende-em-viseu-dao-lafoes-2-1000x1000.jpg 1000w, https:\/\/www.atelierdocaractere.pt\/wp-content\/uploads\/2024\/05\/descobre-e-aprende-em-viseu-dao-lafoes-2-800x800.jpg 800w, https:\/\/www.atelierdocaractere.pt\/wp-content\/uploads\/2024\/05\/descobre-e-aprende-em-viseu-dao-lafoes-2.jpg 1500w\" sizes=\"(max-width: 1024px) 100vw, 1024px\" \/><\/figure>\n\n\n\n<p>No \u00e2mbito do projeto&nbsp;&#8220;Descobre e Aprende em Viseu D\u00e3o Laf\u00f5es&#8221;,&nbsp;a&nbsp;<strong>Comunidade Intermunicipal (CIM) Viseu D\u00e3o Laf\u00f5es<\/strong>&nbsp;est\u00e1 a levar mais de 3500 alunos de escolas da regi\u00e3o a conhecer locais com especial interesse pedag\u00f3gico nos 14 munic\u00edpios do territ\u00f3rio. As visitas j\u00e1 tiveram in\u00edcio.<\/p>\n\n\n\n<p>Com&nbsp;cerca de&nbsp;100 visitas de estudo previstas, o projeto &#8220;Descobre e Aprende em Viseu D\u00e3o Laf\u00f5es&#8221; foi desenvolvido com o objetivo de enriquecer o conhecimento dos alunos em contexto educativo fora da sala de aula. Ao proporcionar a descoberta de diferentes locais e espa\u00e7os da regi\u00e3o, promove a aquisi\u00e7\u00e3o de compet\u00eancias curriculares transversais, atrav\u00e9s de uma vis\u00e3o educativa, cultural e l\u00fadica.<\/p>\n\n\n\n<p>Cada um dos locais inclu\u00eddos no projeto disponibiliza um \u201cGui\u00e3o de Atividade Educativa\u201d, que fornece aos educadores sugest\u00f5es valiosas de atividades pedag\u00f3gicas para os diferentes momentos da visita de estudo. Estas atividades est\u00e3o articuladas com os programas dos diferentes anos letivos, desde o pr\u00e9-escolar ao ensino secund\u00e1rio.<\/p>\n\n\n\n<p>O projeto \u201cDescobre e Aprender em Viseu D\u00e3o Laf\u00f5es\u201d est\u00e1 inserido no\u00a0programa \u201cValoriza-te!\u201d, no \u00e2mbito do Plano Inovador de Promo\u00e7\u00e3o do Sucesso Educativo em Viseu D\u00e3o Laf\u00f5es, candidatura apresentada pela CIM Viseu D\u00e3o Laf\u00f5es e pelos 14 munic\u00edpios associados.<\/p>\n\n\n\n<figure class=\"wp-block-image size-large\"><img decoding=\"async\" width=\"1024\" height=\"1024\" src=\"https:\/\/www.atelierdocaractere.pt\/wp-content\/uploads\/2024\/05\/descobre-e-aprende-em-viseu-dao-lafoes-1-1024x1024.jpg\" alt=\"\" class=\"wp-image-12844\" srcset=\"https:\/\/www.atelierdocaractere.pt\/wp-content\/uploads\/2024\/05\/descobre-e-aprende-em-viseu-dao-lafoes-1-1024x1024.jpg 1024w, https:\/\/www.atelierdocaractere.pt\/wp-content\/uploads\/2024\/05\/descobre-e-aprende-em-viseu-dao-lafoes-1-300x300.jpg 300w, https:\/\/www.atelierdocaractere.pt\/wp-content\/uploads\/2024\/05\/descobre-e-aprende-em-viseu-dao-lafoes-1-150x150.jpg 150w, https:\/\/www.atelierdocaractere.pt\/wp-content\/uploads\/2024\/05\/descobre-e-aprende-em-viseu-dao-lafoes-1-768x768.jpg 768w, https:\/\/www.atelierdocaractere.pt\/wp-content\/uploads\/2024\/05\/descobre-e-aprende-em-viseu-dao-lafoes-1-100x100.jpg 100w, https:\/\/www.atelierdocaractere.pt\/wp-content\/uploads\/2024\/05\/descobre-e-aprende-em-viseu-dao-lafoes-1-140x140.jpg 140w, https:\/\/www.atelierdocaractere.pt\/wp-content\/uploads\/2024\/05\/descobre-e-aprende-em-viseu-dao-lafoes-1-500x500.jpg 500w, https:\/\/www.atelierdocaractere.pt\/wp-content\/uploads\/2024\/05\/descobre-e-aprende-em-viseu-dao-lafoes-1-350x350.jpg 350w, https:\/\/www.atelierdocaractere.pt\/wp-content\/uploads\/2024\/05\/descobre-e-aprende-em-viseu-dao-lafoes-1-1000x1000.jpg 1000w, https:\/\/www.atelierdocaractere.pt\/wp-content\/uploads\/2024\/05\/descobre-e-aprende-em-viseu-dao-lafoes-1-800x800.jpg 800w, https:\/\/www.atelierdocaractere.pt\/wp-content\/uploads\/2024\/05\/descobre-e-aprende-em-viseu-dao-lafoes-1.jpg 1536w\" sizes=\"(max-width: 1024px) 100vw, 1024px\" \/><\/figure>\n\n\n\n<p>Para&nbsp;<strong>Fernando Ruas, Presidente da CIM Viseu D\u00e3o Laf\u00f5es<\/strong>,&nbsp;<em>&#8220;este projeto vai mais al\u00e9m do que um mero conjunto de visitas de estudo tradicionais. As atividades pedag\u00f3gicas inclu\u00eddas oferecem uma oportunidade \u00fanica para os alunos descobrirem a sua regi\u00e3o de uma forma educativa mas tamb\u00e9m l\u00fadica. Desta forma, os alunos regressam \u00e0s suas casas com os horizontes alargados e com um v\u00ednculo fortalecido com o territ\u00f3rio onde vivem. A CIM est\u00e1 comprometida em proporcionar experi\u00eancias que fortale\u00e7am o sentimento de perten\u00e7a \u00e0 regi\u00e3o e este \u00e9 um excelente exemplo&#8221;.<\/em><\/p>\n\n\n\n<p><strong>Nuno Martinho, Secret\u00e1rio Executivo da CIM<\/strong>, destaca que esta iniciativa envolve todos os munic\u00edpios da regi\u00e3o.&nbsp;<em>\u201cAo longo dos \u00faltimos anos&nbsp;a&nbsp;educa\u00e7\u00e3o tem sido uma forte aposta da CIM&nbsp;e&nbsp;atrav\u00e9s de diversos projetos temos sido capazes de desenvolver novas literacias, que deixam os nossos jovens mais bem preparados para o seu futuro. Com este projeto pretendemos refor\u00e7ar o gosto e a vontade de aprender dos nossos estudantes, ao aliar a descoberta do territ\u00f3rio ao&nbsp;processo de aprendizagem&#8221;.&nbsp;<\/em><\/p>\n\n\n\n<p><em>&#8220;Dado que o territ\u00f3rio de Viseu D\u00e3o Laf\u00f5es \u00e9 uma fonte inesgot\u00e1vel de experi\u00eancias educativas, facilmente descobrimos variadas possibilidades de visitas enriquecedoras em todos os 14 munic\u00edpios, entre museus, unidades industriais, artesanato e recantos naturais. Estou certo de que ser\u00e3o visitas inesquec\u00edveis para todos os participantes\u201d<\/em>, acrescentou o Secret\u00e1rio Executivo.<\/p>\n\n\n\n<figure class=\"wp-block-image size-large\"><img decoding=\"async\" width=\"1024\" height=\"1024\" src=\"https:\/\/www.atelierdocaractere.pt\/wp-content\/uploads\/2024\/05\/descobre-e-aprende-em-viseu-dao-lafoes-3-1024x1024.jpg\" alt=\"\" class=\"wp-image-12846\" srcset=\"https:\/\/www.atelierdocaractere.pt\/wp-content\/uploads\/2024\/05\/descobre-e-aprende-em-viseu-dao-lafoes-3-1024x1024.jpg 1024w, https:\/\/www.atelierdocaractere.pt\/wp-content\/uploads\/2024\/05\/descobre-e-aprende-em-viseu-dao-lafoes-3-300x300.jpg 300w, https:\/\/www.atelierdocaractere.pt\/wp-content\/uploads\/2024\/05\/descobre-e-aprende-em-viseu-dao-lafoes-3-150x150.jpg 150w, https:\/\/www.atelierdocaractere.pt\/wp-content\/uploads\/2024\/05\/descobre-e-aprende-em-viseu-dao-lafoes-3-768x768.jpg 768w, https:\/\/www.atelierdocaractere.pt\/wp-content\/uploads\/2024\/05\/descobre-e-aprende-em-viseu-dao-lafoes-3-100x100.jpg 100w, https:\/\/www.atelierdocaractere.pt\/wp-content\/uploads\/2024\/05\/descobre-e-aprende-em-viseu-dao-lafoes-3-140x140.jpg 140w, https:\/\/www.atelierdocaractere.pt\/wp-content\/uploads\/2024\/05\/descobre-e-aprende-em-viseu-dao-lafoes-3-500x500.jpg 500w, https:\/\/www.atelierdocaractere.pt\/wp-content\/uploads\/2024\/05\/descobre-e-aprende-em-viseu-dao-lafoes-3-350x350.jpg 350w, https:\/\/www.atelierdocaractere.pt\/wp-content\/uploads\/2024\/05\/descobre-e-aprende-em-viseu-dao-lafoes-3-1000x1000.jpg 1000w, https:\/\/www.atelierdocaractere.pt\/wp-content\/uploads\/2024\/05\/descobre-e-aprende-em-viseu-dao-lafoes-3-800x800.jpg 800w, https:\/\/www.atelierdocaractere.pt\/wp-content\/uploads\/2024\/05\/descobre-e-aprende-em-viseu-dao-lafoes-3.jpg 1536w\" sizes=\"(max-width: 1024px) 100vw, 1024px\" \/><\/figure>\n\n\n\n<p><strong>Locais a visitar nos 14 munic\u00edpios<\/strong><\/p>\n\n\n\n<p><strong>Aguiar da Beira:\u00a0<\/strong>Centro de Interpreta\u00e7\u00e3o Vivo do Castanheiro e da Castanha; Trilogia Monumental de Aguiar da Beira<\/p>\n\n\n\n<p><strong>Carregal do Sal<\/strong>: Carnaval de Cabanas de Viriato; N\u00facleo Museol\u00f3gico das Escolas Prim\u00e1rias de Carregal do Sal; Monumentos Megal\u00edticos; Casa do Passal\u00a0<\/p>\n\n\n\n<p><strong>Castro Daire<\/strong>: Centro de Interpreta\u00e7\u00e3o de Montemuro e Paiva; A \u00daltima Rota da Transum\u00e2ncia; Empresa Ervital; Clube de Ca\u00e7a e Pesca de Castro Daire<\/p>\n\n\n\n<p><strong>Mangualde<\/strong>: Empresa Stellantis Mangualde; Patronato \u2013 Pastelaria do Complexo Paroquial de Mangualde; Pal\u00e1cio dos Condes de Anadia; Aldeia de Tibaldinho<\/p>\n\n\n\n<p><strong>Nelas<\/strong>: \u00a0Centro de Estudos Vitivin\u00edcolas do D\u00e3o; Funda\u00e7\u00e3o Lapa do Lobo<\/p>\n\n\n\n<p><strong>Oliveira de Frades<\/strong>: Rota dos Rios e Levadas; Museu Municipal e Passeio Hist\u00f3rico por Oliveira de Frades; Barragem de Ribeiradio; Roteiro da Serra do Caramulo<\/p>\n\n\n\n<p><strong>Penalva do Castelo<\/strong>: Forno Comunit\u00e1rio de Sangemil; Casa da \u00cdnsua; Roteiro Arqueol\u00f3gico; Caminho dos Galegos<\/p>\n\n\n\n<p><strong>Santa Comba D\u00e3o<\/strong>: Escolinha de Cadetes e Infantes &#8211; Bombeiros Volunt\u00e1rios de Santa Comba D\u00e3o; Ecopista do D\u00e3o<\/p>\n\n\n\n<p><strong>S\u00e3o Pedro do Sul<\/strong>: Bioparque de Carvalhais; Termas de S\u00e3o Pedro do Sul e Balne\u00e1rio Romano; Roteiro Arquitet\u00f3nico e Hist\u00f3rico; Mosteiro de S\u00e3o Crist\u00f3v\u00e3o de Laf\u00f5es<\/p>\n\n\n\n<p><strong>S\u00e1t\u00e3o<\/strong>: Convento de Santa Euf\u00e9mia; Empresa Cerutil; Rota do M\u00edscaro; Capela de Nossa Senhora da Esperan\u00e7a<\/p>\n\n\n\n<p><strong>Tondela<\/strong>: Museu do Caramulo; Olarias de Molelos; Museu Terras de Besteiros; Empresa HUF<\/p>\n\n\n\n<p><strong>Vila Nova de Paiva<\/strong>: Parque Bot\u00e2nico Arbutus do Demo; Centro Municipal de Trail; Museu Rural de Pendilhe; Percurso Aquilino Ribeiro<\/p>\n\n\n\n<p><strong>Viseu<\/strong>: Museu Nacional Gr\u00e3o Vasco; Museu do Quartzo<\/p>\n\n\n\n<p><strong>Vouzela<\/strong>: Circuito com Hist\u00f3ria; Centro Portugu\u00eas de Sustentabilidade; Reserva Bot\u00e2nica de Cambarinho e Mata da Penoita; Circuito das Torres Medievais<\/p>\n\n\n\n<p>Mais informa\u00e7\u00f5es sobre o projeto em\u00a0<a href=\"https:\/\/mixlife.us21.list-manage.com\/track\/click?u=6fa784dd5dedbb105dedc3702&amp;id=b778c2c859&amp;e=a88eb34a0e\">https:\/\/valorizateviseudaolafoes.pt\/descobre-e-aprende-em-viseu-dao-lafoes\/<\/a> <\/p>\n\n\n\n<p><strong>Sobre a CIM Viseu D\u00e3o Laf\u00f5es:<\/strong><br>A CIM Viseu D\u00e3o Laf\u00f5es \u00e9 uma associa\u00e7\u00e3o de munic\u00edpios, denominada como Comunidade Intermunicipal, sendo constitu\u00edda pelos munic\u00edpios de\u00a0Aguiar da Beira, Carregal do Sal, Castro Daire, Mangualde, Nelas, Oliveira de Frades, Penalva do Castelo, Santa Comba D\u00e3o, S\u00e3o Pedro do Sul, S\u00e1t\u00e3o, Tondela, Vila Nova de Paiva, Viseu e Vouzela.<\/p>\n","protected":false},"excerpt":{"rendered":"<p>Mais de 3500 alunos das escolas da regi\u00e3o est\u00e3o a visitar locais do territ\u00f3rio com especial interesse pedag\u00f3gico nos 14&#8230;<\/p>\n","protected":false},"author":7,"featured_media":12847,"comment_status":"closed","ping_status":"open","sticky":false,"template":"","format":"standard","meta":[],"categories":[779],"tags":[448,744,636],"yoast_head":"<!-- This site is optimized with the Yoast SEO plugin v20.12 - https:\/\/yoast.com\/wordpress\/plugins\/seo\/ -->\n<title>CIM Viseu D\u00e3o Laf\u00f5es abre as portas do territ\u00f3rio com projeto &quot;Descobre e Aprende em Viseu D\u00e3o Laf\u00f5es&quot; - Atelier do Caractere<\/title>\n<meta name=\"robots\" content=\"index, follow, max-snippet:-1, max-image-preview:large, max-video-preview:-1\" \/>\n<link rel=\"canonical\" href=\"https:\/\/www.atelierdocaractere.pt\/brevemente\/cim-viseu-dao-lafoes-abre-as-portas-do-territorio-com-projeto-descobre-e-aprende-em-viseu-dao-lafoes\/\" \/>\n<meta property=\"og:locale\" content=\"pt_PT\" \/>\n<meta property=\"og:type\" content=\"article\" \/>\n<meta property=\"og:title\" content=\"CIM Viseu D\u00e3o Laf\u00f5es abre as portas do territ\u00f3rio com projeto &quot;Descobre e Aprende em Viseu D\u00e3o Laf\u00f5es&quot; - Atelier do Caractere\" \/>\n<meta property=\"og:description\" content=\"Mais de 3500 alunos das escolas da regi\u00e3o est\u00e3o a visitar locais do territ\u00f3rio com especial interesse pedag\u00f3gico nos 14...\" \/>\n<meta property=\"og:url\" content=\"https:\/\/www.atelierdocaractere.pt\/brevemente\/cim-viseu-dao-lafoes-abre-as-portas-do-territorio-com-projeto-descobre-e-aprende-em-viseu-dao-lafoes\/\" \/>\n<meta property=\"og:site_name\" content=\"Atelier do Caractere\" \/>\n<meta property=\"article:publisher\" content=\"https:\/\/www.facebook.com\/AtelierdoCaractere\" \/>\n<meta property=\"article:published_time\" content=\"2024-05-20T15:32:42+00:00\" \/>\n<meta property=\"article:modified_time\" content=\"2024-05-23T15:38:55+00:00\" \/>\n<meta property=\"og:image\" content=\"https:\/\/www.atelierdocaractere.pt\/wp-content\/uploads\/2024\/05\/descobre-e-aprende-em-viseu-dao-lafoes-22.jpg\" \/>\n\t<meta property=\"og:image:width\" content=\"1500\" \/>\n\t<meta property=\"og:image:height\" content=\"844\" \/>\n\t<meta property=\"og:image:type\" content=\"image\/jpeg\" \/>\n<meta name=\"author\" content=\"Joana Barbosa\" \/>\n<meta name=\"twitter:card\" content=\"summary_large_image\" \/>\n<meta name=\"twitter:label1\" content=\"Escrito por\" \/>\n\t<meta name=\"twitter:data1\" content=\"Joana Barbosa\" \/>\n\t<meta name=\"twitter:label2\" content=\"Tempo estimado de leitura\" \/>\n\t<meta name=\"twitter:data2\" content=\"5 minutos\" \/>\n<script type=\"application\/ld+json\" class=\"yoast-schema-graph\">{\"@context\":\"https:\/\/schema.org\",\"@graph\":[{\"@type\":\"WebPage\",\"@id\":\"https:\/\/www.atelierdocaractere.pt\/brevemente\/cim-viseu-dao-lafoes-abre-as-portas-do-territorio-com-projeto-descobre-e-aprende-em-viseu-dao-lafoes\/\",\"url\":\"https:\/\/www.atelierdocaractere.pt\/brevemente\/cim-viseu-dao-lafoes-abre-as-portas-do-territorio-com-projeto-descobre-e-aprende-em-viseu-dao-lafoes\/\",\"name\":\"CIM Viseu D\u00e3o Laf\u00f5es abre as portas do territ\u00f3rio com projeto \\\"Descobre e Aprende em Viseu D\u00e3o Laf\u00f5es\\\" - Atelier do Caractere\",\"isPartOf\":{\"@id\":\"https:\/\/www.atelierdocaractere.pt\/brevemente\/#website\"},\"datePublished\":\"2024-05-20T15:32:42+00:00\",\"dateModified\":\"2024-05-23T15:38:55+00:00\",\"author\":{\"@id\":\"https:\/\/www.atelierdocaractere.pt\/brevemente\/#\/schema\/person\/f2f096eb0f27d9894725af22cb97c0db\"},\"breadcrumb\":{\"@id\":\"https:\/\/www.atelierdocaractere.pt\/brevemente\/cim-viseu-dao-lafoes-abre-as-portas-do-territorio-com-projeto-descobre-e-aprende-em-viseu-dao-lafoes\/#breadcrumb\"},\"inLanguage\":\"pt-PT\",\"potentialAction\":[{\"@type\":\"ReadAction\",\"target\":[\"https:\/\/www.atelierdocaractere.pt\/brevemente\/cim-viseu-dao-lafoes-abre-as-portas-do-territorio-com-projeto-descobre-e-aprende-em-viseu-dao-lafoes\/\"]}]},{\"@type\":\"BreadcrumbList\",\"@id\":\"https:\/\/www.atelierdocaractere.pt\/brevemente\/cim-viseu-dao-lafoes-abre-as-portas-do-territorio-com-projeto-descobre-e-aprende-em-viseu-dao-lafoes\/#breadcrumb\",\"itemListElement\":[{\"@type\":\"ListItem\",\"position\":1,\"name\":\"In\u00edcio\",\"item\":\"https:\/\/www.atelierdocaractere.pt\/brevemente\/\"},{\"@type\":\"ListItem\",\"position\":2,\"name\":\"CIM Viseu D\u00e3o Laf\u00f5es abre as portas do territ\u00f3rio com projeto &#8220;Descobre e Aprende em Viseu D\u00e3o Laf\u00f5es&#8221;\"}]},{\"@type\":\"WebSite\",\"@id\":\"https:\/\/www.atelierdocaractere.pt\/brevemente\/#website\",\"url\":\"https:\/\/www.atelierdocaractere.pt\/brevemente\/\",\"name\":\"Atelier do Caractere\",\"description\":\"\",\"potentialAction\":[{\"@type\":\"SearchAction\",\"target\":{\"@type\":\"EntryPoint\",\"urlTemplate\":\"https:\/\/www.atelierdocaractere.pt\/brevemente\/?s={search_term_string}\"},\"query-input\":\"required name=search_term_string\"}],\"inLanguage\":\"pt-PT\"},{\"@type\":\"Person\",\"@id\":\"https:\/\/www.atelierdocaractere.pt\/brevemente\/#\/schema\/person\/f2f096eb0f27d9894725af22cb97c0db\",\"name\":\"Joana Barbosa\",\"image\":{\"@type\":\"ImageObject\",\"inLanguage\":\"pt-PT\",\"@id\":\"https:\/\/www.atelierdocaractere.pt\/brevemente\/#\/schema\/person\/image\/\",\"url\":\"https:\/\/secure.gravatar.com\/avatar\/33e8214b45e9d68a3a83008731075979?s=96&d=mm&r=g\",\"contentUrl\":\"https:\/\/secure.gravatar.com\/avatar\/33e8214b45e9d68a3a83008731075979?s=96&d=mm&r=g\",\"caption\":\"Joana Barbosa\"},\"url\":\"https:\/\/www.atelierdocaractere.pt\/brevemente\/author\/joanabarbosa\/\"}]}<\/script>\n<!-- \/ Yoast SEO plugin. -->","yoast_head_json":{"title":"CIM Viseu D\u00e3o Laf\u00f5es abre as portas do territ\u00f3rio com projeto \"Descobre e Aprende em Viseu D\u00e3o Laf\u00f5es\" - Atelier do Caractere","robots":{"index":"index","follow":"follow","max-snippet":"max-snippet:-1","max-image-preview":"max-image-preview:large","max-video-preview":"max-video-preview:-1"},"canonical":"https:\/\/www.atelierdocaractere.pt\/brevemente\/cim-viseu-dao-lafoes-abre-as-portas-do-territorio-com-projeto-descobre-e-aprende-em-viseu-dao-lafoes\/","og_locale":"pt_PT","og_type":"article","og_title":"CIM Viseu D\u00e3o Laf\u00f5es abre as portas do territ\u00f3rio com projeto \"Descobre e Aprende em Viseu D\u00e3o Laf\u00f5es\" - Atelier do Caractere","og_description":"Mais de 3500 alunos das escolas da regi\u00e3o est\u00e3o a visitar locais do territ\u00f3rio com especial interesse pedag\u00f3gico nos 14...","og_url":"https:\/\/www.atelierdocaractere.pt\/brevemente\/cim-viseu-dao-lafoes-abre-as-portas-do-territorio-com-projeto-descobre-e-aprende-em-viseu-dao-lafoes\/","og_site_name":"Atelier do Caractere","article_publisher":"https:\/\/www.facebook.com\/AtelierdoCaractere","article_published_time":"2024-05-20T15:32:42+00:00","article_modified_time":"2024-05-23T15:38:55+00:00","og_image":[{"width":1500,"height":844,"url":"https:\/\/www.atelierdocaractere.pt\/wp-content\/uploads\/2024\/05\/descobre-e-aprende-em-viseu-dao-lafoes-22.jpg","type":"image\/jpeg"}],"author":"Joana Barbosa","twitter_card":"summary_large_image","twitter_misc":{"Escrito por":"Joana Barbosa","Tempo estimado de leitura":"5 minutos"},"schema":{"@context":"https:\/\/schema.org","@graph":[{"@type":"WebPage","@id":"https:\/\/www.atelierdocaractere.pt\/brevemente\/cim-viseu-dao-lafoes-abre-as-portas-do-territorio-com-projeto-descobre-e-aprende-em-viseu-dao-lafoes\/","url":"https:\/\/www.atelierdocaractere.pt\/brevemente\/cim-viseu-dao-lafoes-abre-as-portas-do-territorio-com-projeto-descobre-e-aprende-em-viseu-dao-lafoes\/","name":"CIM Viseu D\u00e3o Laf\u00f5es abre as portas do territ\u00f3rio com projeto \"Descobre e Aprende em Viseu D\u00e3o Laf\u00f5es\" - Atelier do Caractere","isPartOf":{"@id":"https:\/\/www.atelierdocaractere.pt\/brevemente\/#website"},"datePublished":"2024-05-20T15:32:42+00:00","dateModified":"2024-05-23T15:38:55+00:00","author":{"@id":"https:\/\/www.atelierdocaractere.pt\/brevemente\/#\/schema\/person\/f2f096eb0f27d9894725af22cb97c0db"},"breadcrumb":{"@id":"https:\/\/www.atelierdocaractere.pt\/brevemente\/cim-viseu-dao-lafoes-abre-as-portas-do-territorio-com-projeto-descobre-e-aprende-em-viseu-dao-lafoes\/#breadcrumb"},"inLanguage":"pt-PT","potentialAction":[{"@type":"ReadAction","target":["https:\/\/www.atelierdocaractere.pt\/brevemente\/cim-viseu-dao-lafoes-abre-as-portas-do-territorio-com-projeto-descobre-e-aprende-em-viseu-dao-lafoes\/"]}]},{"@type":"BreadcrumbList","@id":"https:\/\/www.atelierdocaractere.pt\/brevemente\/cim-viseu-dao-lafoes-abre-as-portas-do-territorio-com-projeto-descobre-e-aprende-em-viseu-dao-lafoes\/#breadcrumb","itemListElement":[{"@type":"ListItem","position":1,"name":"In\u00edcio","item":"https:\/\/www.atelierdocaractere.pt\/brevemente\/"},{"@type":"ListItem","position":2,"name":"CIM Viseu D\u00e3o Laf\u00f5es abre as portas do territ\u00f3rio com projeto &#8220;Descobre e Aprende em Viseu D\u00e3o Laf\u00f5es&#8221;"}]},{"@type":"WebSite","@id":"https:\/\/www.atelierdocaractere.pt\/brevemente\/#website","url":"https:\/\/www.atelierdocaractere.pt\/brevemente\/","name":"Atelier do Caractere","description":"","potentialAction":[{"@type":"SearchAction","target":{"@type":"EntryPoint","urlTemplate":"https:\/\/www.atelierdocaractere.pt\/brevemente\/?s={search_term_string}"},"query-input":"required name=search_term_string"}],"inLanguage":"pt-PT"},{"@type":"Person","@id":"https:\/\/www.atelierdocaractere.pt\/brevemente\/#\/schema\/person\/f2f096eb0f27d9894725af22cb97c0db","name":"Joana Barbosa","image":{"@type":"ImageObject","inLanguage":"pt-PT","@id":"https:\/\/www.atelierdocaractere.pt\/brevemente\/#\/schema\/person\/image\/","url":"https:\/\/secure.gravatar.com\/avatar\/33e8214b45e9d68a3a83008731075979?s=96&d=mm&r=g","contentUrl":"https:\/\/secure.gravatar.com\/avatar\/33e8214b45e9d68a3a83008731075979?s=96&d=mm&r=g","caption":"Joana Barbosa"},"url":"https:\/\/www.atelierdocaractere.pt\/brevemente\/author\/joanabarbosa\/"}]}},"_links":{"self":[{"href":"https:\/\/www.atelierdocaractere.pt\/brevemente\/wp-json\/wp\/v2\/posts\/12842"}],"collection":[{"href":"https:\/\/www.atelierdocaractere.pt\/brevemente\/wp-json\/wp\/v2\/posts"}],"about":[{"href":"https:\/\/www.atelierdocaractere.pt\/brevemente\/wp-json\/wp\/v2\/types\/post"}],"author":[{"embeddable":true,"href":"https:\/\/www.atelierdocaractere.pt\/brevemente\/wp-json\/wp\/v2\/users\/7"}],"replies":[{"embeddable":true,"href":"https:\/\/www.atelierdocaractere.pt\/brevemente\/wp-json\/wp\/v2\/comments?post=12842"}],"version-history":[{"count":1,"href":"https:\/\/www.atelierdocaractere.pt\/brevemente\/wp-json\/wp\/v2\/posts\/12842\/revisions"}],"predecessor-version":[{"id":12848,"href":"https:\/\/www.atelierdocaractere.pt\/brevemente\/wp-json\/wp\/v2\/posts\/12842\/revisions\/12848"}],"wp:featuredmedia":[{"embeddable":true,"href":"https:\/\/www.atelierdocaractere.pt\/brevemente\/wp-json\/wp\/v2\/media\/12847"}],"wp:attachment":[{"href":"https:\/\/www.atelierdocaractere.pt\/brevemente\/wp-json\/wp\/v2\/media?parent=12842"}],"wp:term":[{"taxonomy":"category","embeddable":true,"href":"https:\/\/www.atelierdocaractere.pt\/brevemente\/wp-json\/wp\/v2\/categories?post=12842"},{"taxonomy":"post_tag","embeddable":true,"href":"https:\/\/www.atelierdocaractere.pt\/brevemente\/wp-json\/wp\/v2\/tags?post=12842"}],"curies":[{"name":"wp","href":"https:\/\/api.w.org\/{rel}","templated":true}]}}