{"id":12878,"date":"2024-05-29T09:17:10","date_gmt":"2024-05-29T09:17:10","guid":{"rendered":"https:\/\/www.atelierdocaractere.pt\/brevemente\/?p=12878"},"modified":"2024-05-30T09:19:52","modified_gmt":"2024-05-30T09:19:52","slug":"projeto-smart-feed-pets-e-o-grande-vencedor-da-12-a-edicao-do-projeto-wanted-escolas-empreendedoras-da-cim-viseu-dao-lafoes","status":"publish","type":"post","link":"https:\/\/www.atelierdocaractere.pt\/brevemente\/projeto-smart-feed-pets-e-o-grande-vencedor-da-12-a-edicao-do-projeto-wanted-escolas-empreendedoras-da-cim-viseu-dao-lafoes\/","title":{"rendered":"Projeto &#8220;Smart Feed Pets&#8221; \u00e9 o grande vencedor da 12.\u00aa edi\u00e7\u00e3o do projeto Wanted &#8211; Escolas Empreendedoras da CIM Viseu D\u00e3o Laf\u00f5es"},"content":{"rendered":"\n<p><strong>28 alunos apresentaram as 12 ideias finalistas na Aula Magna do Instituto Polit\u00e9cnico de Viseu.<\/strong><\/p>\n\n\n\n<p>O projeto &#8220;Smart Feed Pets&#8221;, desenvolvido pelos alunos Tom\u00e1s Coimbra e Manuel Carvalho, da Escola Secund\u00e1ria de Tondela, foi o grande vencedor da 12.\u00aa edi\u00e7\u00e3o do projeto&nbsp;<strong>Wanted- Escolas Empreendedoras da CIM Viseu D\u00e3o Laf\u00f5es<\/strong>, concurso promovido pela<strong>&nbsp;Comunidade Intermunicipal<\/strong>&nbsp;(CIM)<strong>&nbsp;Viseu D\u00e3o Laf\u00f5es,&nbsp;<\/strong>que&nbsp;<strong>decorreu na Aula Magna do Instituto Polit\u00e9cnico de Viseu<\/strong>.&nbsp;Nesta&nbsp;<strong>Final Intermunicipal,&nbsp;<\/strong>conduzida pela apresentadora Catarina Camacho<strong>, foram apresentadas as 12 ideias finalistas.&nbsp;<\/strong><\/p>\n\n\n\n<p>Os autores dos projetos que chegaram \u00e0 grande final \u2013 um total&nbsp;de&nbsp;28 alunos, divididos por equipas \u2013 reuniram-se nos dias 28&nbsp;e 29 de&nbsp;maio, em Viseu, num evento colaborativo que teve um programa diversificado. Durante os dois dias foram promovidas a\u00e7\u00f5es&nbsp;de&nbsp;mentoria, que serviram para acelerar as 12 ideias.<\/p>\n\n\n\n<p>O evento terminou nesta quarta-feira, dia 29&nbsp;de&nbsp;maio, com a apresenta\u00e7\u00e3o final das 12 ideias candidatas.&nbsp;<strong>O j\u00fari distinguiu os seguintes projetos vencedores:<\/strong><\/p>\n\n\n\n<p>\u2022 &#8220;Smart Feed Pets&#8221;,&nbsp;da Escola Secund\u00e1ria Tondela, 1.\u00ba pr\u00e9mio &#8211; uma Miss\u00e3o&nbsp;de&nbsp;Empreendedorismo&nbsp;de&nbsp;4 dias, a Dublin;<br>\u2022&nbsp; &#8220;Piezo Mat&#8221;,&nbsp;da Escola Secund\u00e1ria de Penalva do Castelo, 2.\u00ba pr\u00e9mio &#8211; uma Miss\u00e3o&nbsp;de&nbsp;Empreendedorismo&nbsp;de&nbsp;3 dias, a Barcelona;<br>\u2022 &#8220;Human Energy&#8221;,&nbsp;da Escola Secund\u00e1ria de Penalva do Castelo, 3.\u00ba pr\u00e9mio &#8211; uma Miss\u00e3o&nbsp;de&nbsp;Empreendedorismo&nbsp;de&nbsp;3 dias, a Madrid.<br><br>O projeto que venceu o primeiro pr\u00e9mio destacou-se pela inova\u00e7\u00e3o na alimenta\u00e7\u00e3o animal, levando a concurso um alimentador autom\u00e1tico desenvolvido com recurso a tecnologia IoT.&nbsp;<\/p>\n\n\n\n<p><strong>Competi\u00e7\u00e3o teve v\u00e1rias fases<\/strong><\/p>\n\n\n\n<p>Para chegarem \u00e0 final, as ideias passaram por v\u00e1rias fases&nbsp;de&nbsp;competi\u00e7\u00e3o. As equipas, constitu\u00eddas por alunos do Ensino Secund\u00e1rio&nbsp;Cient\u00edfico-Human\u00edstico&nbsp;e Profissional da regi\u00e3o, come\u00e7aram por submeter as suas ideias. Nesta 12.\u00aa edi\u00e7\u00e3o do programa, foram submetidas 28 Ideias&nbsp;de&nbsp;Neg\u00f3cio, por parte&nbsp;de&nbsp;122 jovens&nbsp;de&nbsp;escolas da regi\u00e3o.<\/p>\n\n\n\n<p>As equipas participaram&nbsp;depois em quatro&nbsp;<em>bootcamps<\/em>&nbsp;&#8220;Cria o Teu Futuro&#8221;, em Viseu, Tondela, Vouzela e Mangualde. Nestes, os candidatos a empreendedores usufru\u00edram&nbsp;de&nbsp;um dia&nbsp;de&nbsp;forma\u00e7\u00e3o intensiva, durante o qual tiveram a oportunidade&nbsp;de&nbsp;acelerar e melhorar as ideias empreendedoras.<\/p>\n\n\n\n<p>Ap\u00f3s os&nbsp;<em>bootcamps<\/em>, a fase seguinte envolveu a submiss\u00e3o&nbsp;de&nbsp;projetos atrav\u00e9s&nbsp;de&nbsp;v\u00eddeos&nbsp;<em>pitch<\/em>&nbsp;por parte das equipas concorrentes. Por fim, o j\u00fari, constitu\u00eddo pela Chefe da Divis\u00e3o da Unidade&nbsp;de&nbsp;Planeamento e&nbsp;Desenvolvimento Regional da Comiss\u00e3o&nbsp;de&nbsp;Coordena\u00e7\u00e3o e&nbsp;Desenvolvimento da Regi\u00e3o Centro (CCDRC), Carla Coimbra, pelo&nbsp;Diretor Geral da Associa\u00e7\u00e3o Empresarial da Regi\u00e3o&nbsp;de&nbsp;Viseu (AIRV), Paulo Sousa,&nbsp;pelo CEO da 2Play, M\u00e1rcio Cortez, pela Pr\u00f3-Presidente para a Comunica\u00e7\u00e3o Estrat\u00e9gica do Instituto Polit\u00e9cnico&nbsp;de&nbsp;Viseu, Lu\u00edsa Augusto, e pelo Representante do IAPMEI&nbsp;de&nbsp;Viseu,&nbsp;Lu\u00eds Tavares,&nbsp;selecionou as 12 Ideias&nbsp;de&nbsp;Neg\u00f3cio finalistas, que foram apresentadas na final do Concurso Intermunicipal.<\/p>\n\n\n\n<p><strong>Nuno Martinho, Secret\u00e1rio Executivo da CIM Viseu D\u00e3o Laf\u00f5es<\/strong>, sublinha a import\u00e2ncia crescente&nbsp;desta iniciativa.&nbsp;<em>\u201cOs concursos ligados ao empreendedorismo t\u00eam vindo a afirmar-se como um evento&nbsp;de&nbsp;grande import\u00e2ncia junto da comunidade educativa da regi\u00e3o. Queremos que os nossos jovens sejam empreendedores, que pensem fora da caixa e que tenham ideias inovadoras. Esse objetivo tem sido alcan\u00e7ado com grande sucesso, muito gra\u00e7as ao apoio por parte dos professores e dos empres\u00e1rios que se envolvem nestas iniciativas. \u00c9 isso que distingue este projeto, que junta v\u00e1rios esfor\u00e7os para um mesmo fim\u201d<\/em>,&nbsp;destaca.<\/p>\n\n\n\n<p><em>\u201cFelicito todos os participantes, em particular os vencedores&nbsp;desta final, pela sua criatividade e empenho cont\u00ednuo no&nbsp;desenvolvimento das ideias. Estou certo que o projeto&nbsp;Wanted&nbsp;est\u00e1 a lan\u00e7ar a semente do empreendedorismo na regi\u00e3o\u201d<\/em>, acrescenta Nuno Martinho.<\/p>\n\n\n\n<p>O programa\u00a0<strong>Wanted\u00a0&#8211; Escolas Empreendedoras da CIM Viseu D\u00e3o Laf\u00f5es\u00a0<\/strong>tem como objetivo promover compet\u00eancias pessoais e\u00a0sociais nos jovens, em idade escolar e sensibilizar para as pr\u00e1ticas empreendedoras, promovendo o\u00a0 esp\u00edrito\u00a0de\u00a0iniciativa e o dinamismo nos concelhos envolvidos e o\u00a0desenvolvimento\u00a0de\u00a0toda a regi\u00e3o Viseu D\u00e3o Laf\u00f5es.\u00a0<br><br><strong>As 12 ideias finalistas:<\/strong><br>Nutricookies &#8211; Aguiar da Beira<br>BlueDaire &#8211; Castro Daire<br>Citrus &#8211; Castro Daire<br>Matilde Sun &#8211; Mangualde<br>Carbon Dye &#8211; Nelas<br>Care Fall &#8211; Nelas<br>Data Food &#8211; Penalva do Castelo<br>Human Energy &#8211; Penalva do Castelo<br>Piezo Mat &#8211; Penalva do Castelo<br>Green Day &#8211; Santa Comba D\u00e3o<br>Just a Mom &#8211; S\u00e3o Pedro do Sul<br>Smart Feed Pets \u2013 Tondela<\/p>\n\n\n\n<p><strong>Sobre a CIM Viseu D\u00e3o Laf\u00f5es:<\/strong><br>A CIM Viseu D\u00e3o Laf\u00f5es \u00e9 uma associa\u00e7\u00e3o de munic\u00edpios, denominada como Comunidade Intermunicipal, sendo constitu\u00edda pelos munic\u00edpios de\u00a0Aguiar da Beira, Carregal do Sal, Castro Daire, Mangualde, Nelas, Oliveira de Frades, Penalva do Castelo, Santa Comba D\u00e3o, S\u00e3o Pedro do Sul, S\u00e1t\u00e3o, Tondela, Vila Nova de Paiva, Viseu e Vouzela.<\/p>\n","protected":false},"excerpt":{"rendered":"<p>28 alunos apresentaram as 12 ideias finalistas na Aula Magna do Instituto Polit\u00e9cnico de Viseu. O projeto &#8220;Smart Feed Pets&#8221;,&#8230;<\/p>\n","protected":false},"author":7,"featured_media":12871,"comment_status":"closed","ping_status":"open","sticky":false,"template":"","format":"standard","meta":[],"categories":[779],"tags":[448,807,636,808],"yoast_head":"<!-- This site is optimized with the Yoast SEO plugin v20.12 - https:\/\/yoast.com\/wordpress\/plugins\/seo\/ -->\n<title>Projeto &quot;Smart Feed Pets&quot; \u00e9 o grande vencedor da 12.\u00aa edi\u00e7\u00e3o do projeto Wanted - Escolas Empreendedoras da CIM Viseu D\u00e3o Laf\u00f5es - Atelier do Caractere<\/title>\n<meta name=\"robots\" content=\"index, follow, max-snippet:-1, max-image-preview:large, max-video-preview:-1\" \/>\n<link rel=\"canonical\" href=\"https:\/\/www.atelierdocaractere.pt\/brevemente\/projeto-smart-feed-pets-e-o-grande-vencedor-da-12-a-edicao-do-projeto-wanted-escolas-empreendedoras-da-cim-viseu-dao-lafoes\/\" \/>\n<meta property=\"og:locale\" content=\"pt_PT\" \/>\n<meta property=\"og:type\" content=\"article\" \/>\n<meta property=\"og:title\" content=\"Projeto &quot;Smart Feed Pets&quot; \u00e9 o grande vencedor da 12.\u00aa edi\u00e7\u00e3o do projeto Wanted - Escolas Empreendedoras da CIM Viseu D\u00e3o Laf\u00f5es - Atelier do Caractere\" \/>\n<meta property=\"og:description\" content=\"28 alunos apresentaram as 12 ideias finalistas na Aula Magna do Instituto Polit\u00e9cnico de Viseu. O projeto &#8220;Smart Feed Pets&#8221;,...\" \/>\n<meta property=\"og:url\" content=\"https:\/\/www.atelierdocaractere.pt\/brevemente\/projeto-smart-feed-pets-e-o-grande-vencedor-da-12-a-edicao-do-projeto-wanted-escolas-empreendedoras-da-cim-viseu-dao-lafoes\/\" \/>\n<meta property=\"og:site_name\" content=\"Atelier do Caractere\" \/>\n<meta property=\"article:publisher\" content=\"https:\/\/www.facebook.com\/AtelierdoCaractere\" \/>\n<meta property=\"article:published_time\" content=\"2024-05-29T09:17:10+00:00\" \/>\n<meta property=\"article:modified_time\" content=\"2024-05-30T09:19:52+00:00\" \/>\n<meta property=\"og:image\" content=\"https:\/\/www.atelierdocaractere.pt\/wp-content\/uploads\/2024\/05\/vencedor-wanted.jpg\" \/>\n\t<meta property=\"og:image:width\" content=\"2048\" \/>\n\t<meta property=\"og:image:height\" content=\"1362\" \/>\n\t<meta property=\"og:image:type\" content=\"image\/jpeg\" \/>\n<meta name=\"author\" content=\"Joana Barbosa\" \/>\n<meta name=\"twitter:card\" content=\"summary_large_image\" \/>\n<meta name=\"twitter:label1\" content=\"Escrito por\" \/>\n\t<meta name=\"twitter:data1\" content=\"Joana Barbosa\" \/>\n\t<meta name=\"twitter:label2\" content=\"Tempo estimado de leitura\" \/>\n\t<meta name=\"twitter:data2\" content=\"5 minutos\" \/>\n<script type=\"application\/ld+json\" class=\"yoast-schema-graph\">{\"@context\":\"https:\/\/schema.org\",\"@graph\":[{\"@type\":\"WebPage\",\"@id\":\"https:\/\/www.atelierdocaractere.pt\/brevemente\/projeto-smart-feed-pets-e-o-grande-vencedor-da-12-a-edicao-do-projeto-wanted-escolas-empreendedoras-da-cim-viseu-dao-lafoes\/\",\"url\":\"https:\/\/www.atelierdocaractere.pt\/brevemente\/projeto-smart-feed-pets-e-o-grande-vencedor-da-12-a-edicao-do-projeto-wanted-escolas-empreendedoras-da-cim-viseu-dao-lafoes\/\",\"name\":\"Projeto \\\"Smart Feed Pets\\\" \u00e9 o grande vencedor da 12.\u00aa edi\u00e7\u00e3o do projeto Wanted - Escolas Empreendedoras da CIM Viseu D\u00e3o Laf\u00f5es - Atelier do Caractere\",\"isPartOf\":{\"@id\":\"https:\/\/www.atelierdocaractere.pt\/brevemente\/#website\"},\"datePublished\":\"2024-05-29T09:17:10+00:00\",\"dateModified\":\"2024-05-30T09:19:52+00:00\",\"author\":{\"@id\":\"https:\/\/www.atelierdocaractere.pt\/brevemente\/#\/schema\/person\/f2f096eb0f27d9894725af22cb97c0db\"},\"breadcrumb\":{\"@id\":\"https:\/\/www.atelierdocaractere.pt\/brevemente\/projeto-smart-feed-pets-e-o-grande-vencedor-da-12-a-edicao-do-projeto-wanted-escolas-empreendedoras-da-cim-viseu-dao-lafoes\/#breadcrumb\"},\"inLanguage\":\"pt-PT\",\"potentialAction\":[{\"@type\":\"ReadAction\",\"target\":[\"https:\/\/www.atelierdocaractere.pt\/brevemente\/projeto-smart-feed-pets-e-o-grande-vencedor-da-12-a-edicao-do-projeto-wanted-escolas-empreendedoras-da-cim-viseu-dao-lafoes\/\"]}]},{\"@type\":\"BreadcrumbList\",\"@id\":\"https:\/\/www.atelierdocaractere.pt\/brevemente\/projeto-smart-feed-pets-e-o-grande-vencedor-da-12-a-edicao-do-projeto-wanted-escolas-empreendedoras-da-cim-viseu-dao-lafoes\/#breadcrumb\",\"itemListElement\":[{\"@type\":\"ListItem\",\"position\":1,\"name\":\"In\u00edcio\",\"item\":\"https:\/\/www.atelierdocaractere.pt\/brevemente\/\"},{\"@type\":\"ListItem\",\"position\":2,\"name\":\"Projeto &#8220;Smart Feed Pets&#8221; \u00e9 o grande vencedor da 12.\u00aa edi\u00e7\u00e3o do projeto Wanted &#8211; Escolas Empreendedoras da CIM Viseu D\u00e3o Laf\u00f5es\"}]},{\"@type\":\"WebSite\",\"@id\":\"https:\/\/www.atelierdocaractere.pt\/brevemente\/#website\",\"url\":\"https:\/\/www.atelierdocaractere.pt\/brevemente\/\",\"name\":\"Atelier do Caractere\",\"description\":\"\",\"potentialAction\":[{\"@type\":\"SearchAction\",\"target\":{\"@type\":\"EntryPoint\",\"urlTemplate\":\"https:\/\/www.atelierdocaractere.pt\/brevemente\/?s={search_term_string}\"},\"query-input\":\"required name=search_term_string\"}],\"inLanguage\":\"pt-PT\"},{\"@type\":\"Person\",\"@id\":\"https:\/\/www.atelierdocaractere.pt\/brevemente\/#\/schema\/person\/f2f096eb0f27d9894725af22cb97c0db\",\"name\":\"Joana Barbosa\",\"image\":{\"@type\":\"ImageObject\",\"inLanguage\":\"pt-PT\",\"@id\":\"https:\/\/www.atelierdocaractere.pt\/brevemente\/#\/schema\/person\/image\/\",\"url\":\"https:\/\/secure.gravatar.com\/avatar\/33e8214b45e9d68a3a83008731075979?s=96&d=mm&r=g\",\"contentUrl\":\"https:\/\/secure.gravatar.com\/avatar\/33e8214b45e9d68a3a83008731075979?s=96&d=mm&r=g\",\"caption\":\"Joana Barbosa\"},\"url\":\"https:\/\/www.atelierdocaractere.pt\/brevemente\/author\/joanabarbosa\/\"}]}<\/script>\n<!-- \/ Yoast SEO plugin. -->","yoast_head_json":{"title":"Projeto \"Smart Feed Pets\" \u00e9 o grande vencedor da 12.\u00aa edi\u00e7\u00e3o do projeto Wanted - Escolas Empreendedoras da CIM Viseu D\u00e3o Laf\u00f5es - Atelier do Caractere","robots":{"index":"index","follow":"follow","max-snippet":"max-snippet:-1","max-image-preview":"max-image-preview:large","max-video-preview":"max-video-preview:-1"},"canonical":"https:\/\/www.atelierdocaractere.pt\/brevemente\/projeto-smart-feed-pets-e-o-grande-vencedor-da-12-a-edicao-do-projeto-wanted-escolas-empreendedoras-da-cim-viseu-dao-lafoes\/","og_locale":"pt_PT","og_type":"article","og_title":"Projeto \"Smart Feed Pets\" \u00e9 o grande vencedor da 12.\u00aa edi\u00e7\u00e3o do projeto Wanted - Escolas Empreendedoras da CIM Viseu D\u00e3o Laf\u00f5es - Atelier do Caractere","og_description":"28 alunos apresentaram as 12 ideias finalistas na Aula Magna do Instituto Polit\u00e9cnico de Viseu. O projeto &#8220;Smart Feed Pets&#8221;,...","og_url":"https:\/\/www.atelierdocaractere.pt\/brevemente\/projeto-smart-feed-pets-e-o-grande-vencedor-da-12-a-edicao-do-projeto-wanted-escolas-empreendedoras-da-cim-viseu-dao-lafoes\/","og_site_name":"Atelier do Caractere","article_publisher":"https:\/\/www.facebook.com\/AtelierdoCaractere","article_published_time":"2024-05-29T09:17:10+00:00","article_modified_time":"2024-05-30T09:19:52+00:00","og_image":[{"width":2048,"height":1362,"url":"https:\/\/www.atelierdocaractere.pt\/wp-content\/uploads\/2024\/05\/vencedor-wanted.jpg","type":"image\/jpeg"}],"author":"Joana Barbosa","twitter_card":"summary_large_image","twitter_misc":{"Escrito por":"Joana Barbosa","Tempo estimado de leitura":"5 minutos"},"schema":{"@context":"https:\/\/schema.org","@graph":[{"@type":"WebPage","@id":"https:\/\/www.atelierdocaractere.pt\/brevemente\/projeto-smart-feed-pets-e-o-grande-vencedor-da-12-a-edicao-do-projeto-wanted-escolas-empreendedoras-da-cim-viseu-dao-lafoes\/","url":"https:\/\/www.atelierdocaractere.pt\/brevemente\/projeto-smart-feed-pets-e-o-grande-vencedor-da-12-a-edicao-do-projeto-wanted-escolas-empreendedoras-da-cim-viseu-dao-lafoes\/","name":"Projeto \"Smart Feed Pets\" \u00e9 o grande vencedor da 12.\u00aa edi\u00e7\u00e3o do projeto Wanted - Escolas Empreendedoras da CIM Viseu D\u00e3o Laf\u00f5es - Atelier do Caractere","isPartOf":{"@id":"https:\/\/www.atelierdocaractere.pt\/brevemente\/#website"},"datePublished":"2024-05-29T09:17:10+00:00","dateModified":"2024-05-30T09:19:52+00:00","author":{"@id":"https:\/\/www.atelierdocaractere.pt\/brevemente\/#\/schema\/person\/f2f096eb0f27d9894725af22cb97c0db"},"breadcrumb":{"@id":"https:\/\/www.atelierdocaractere.pt\/brevemente\/projeto-smart-feed-pets-e-o-grande-vencedor-da-12-a-edicao-do-projeto-wanted-escolas-empreendedoras-da-cim-viseu-dao-lafoes\/#breadcrumb"},"inLanguage":"pt-PT","potentialAction":[{"@type":"ReadAction","target":["https:\/\/www.atelierdocaractere.pt\/brevemente\/projeto-smart-feed-pets-e-o-grande-vencedor-da-12-a-edicao-do-projeto-wanted-escolas-empreendedoras-da-cim-viseu-dao-lafoes\/"]}]},{"@type":"BreadcrumbList","@id":"https:\/\/www.atelierdocaractere.pt\/brevemente\/projeto-smart-feed-pets-e-o-grande-vencedor-da-12-a-edicao-do-projeto-wanted-escolas-empreendedoras-da-cim-viseu-dao-lafoes\/#breadcrumb","itemListElement":[{"@type":"ListItem","position":1,"name":"In\u00edcio","item":"https:\/\/www.atelierdocaractere.pt\/brevemente\/"},{"@type":"ListItem","position":2,"name":"Projeto &#8220;Smart Feed Pets&#8221; \u00e9 o grande vencedor da 12.\u00aa edi\u00e7\u00e3o do projeto Wanted &#8211; Escolas Empreendedoras da CIM Viseu D\u00e3o Laf\u00f5es"}]},{"@type":"WebSite","@id":"https:\/\/www.atelierdocaractere.pt\/brevemente\/#website","url":"https:\/\/www.atelierdocaractere.pt\/brevemente\/","name":"Atelier do Caractere","description":"","potentialAction":[{"@type":"SearchAction","target":{"@type":"EntryPoint","urlTemplate":"https:\/\/www.atelierdocaractere.pt\/brevemente\/?s={search_term_string}"},"query-input":"required name=search_term_string"}],"inLanguage":"pt-PT"},{"@type":"Person","@id":"https:\/\/www.atelierdocaractere.pt\/brevemente\/#\/schema\/person\/f2f096eb0f27d9894725af22cb97c0db","name":"Joana Barbosa","image":{"@type":"ImageObject","inLanguage":"pt-PT","@id":"https:\/\/www.atelierdocaractere.pt\/brevemente\/#\/schema\/person\/image\/","url":"https:\/\/secure.gravatar.com\/avatar\/33e8214b45e9d68a3a83008731075979?s=96&d=mm&r=g","contentUrl":"https:\/\/secure.gravatar.com\/avatar\/33e8214b45e9d68a3a83008731075979?s=96&d=mm&r=g","caption":"Joana Barbosa"},"url":"https:\/\/www.atelierdocaractere.pt\/brevemente\/author\/joanabarbosa\/"}]}},"_links":{"self":[{"href":"https:\/\/www.atelierdocaractere.pt\/brevemente\/wp-json\/wp\/v2\/posts\/12878"}],"collection":[{"href":"https:\/\/www.atelierdocaractere.pt\/brevemente\/wp-json\/wp\/v2\/posts"}],"about":[{"href":"https:\/\/www.atelierdocaractere.pt\/brevemente\/wp-json\/wp\/v2\/types\/post"}],"author":[{"embeddable":true,"href":"https:\/\/www.atelierdocaractere.pt\/brevemente\/wp-json\/wp\/v2\/users\/7"}],"replies":[{"embeddable":true,"href":"https:\/\/www.atelierdocaractere.pt\/brevemente\/wp-json\/wp\/v2\/comments?post=12878"}],"version-history":[{"count":1,"href":"https:\/\/www.atelierdocaractere.pt\/brevemente\/wp-json\/wp\/v2\/posts\/12878\/revisions"}],"predecessor-version":[{"id":12879,"href":"https:\/\/www.atelierdocaractere.pt\/brevemente\/wp-json\/wp\/v2\/posts\/12878\/revisions\/12879"}],"wp:featuredmedia":[{"embeddable":true,"href":"https:\/\/www.atelierdocaractere.pt\/brevemente\/wp-json\/wp\/v2\/media\/12871"}],"wp:attachment":[{"href":"https:\/\/www.atelierdocaractere.pt\/brevemente\/wp-json\/wp\/v2\/media?parent=12878"}],"wp:term":[{"taxonomy":"category","embeddable":true,"href":"https:\/\/www.atelierdocaractere.pt\/brevemente\/wp-json\/wp\/v2\/categories?post=12878"},{"taxonomy":"post_tag","embeddable":true,"href":"https:\/\/www.atelierdocaractere.pt\/brevemente\/wp-json\/wp\/v2\/tags?post=12878"}],"curies":[{"name":"wp","href":"https:\/\/api.w.org\/{rel}","templated":true}]}}