{"id":12893,"date":"2024-06-26T16:30:03","date_gmt":"2024-06-26T16:30:03","guid":{"rendered":"https:\/\/www.atelierdocaractere.pt\/brevemente\/?p=12893"},"modified":"2024-06-26T16:30:08","modified_gmt":"2024-06-26T16:30:08","slug":"uniao-europeia-de-triatlo-considera-que-campeonatos-em-coimbra-foram-dos-melhores-de-sempre","status":"publish","type":"post","link":"https:\/\/www.atelierdocaractere.pt\/brevemente\/uniao-europeia-de-triatlo-considera-que-campeonatos-em-coimbra-foram-dos-melhores-de-sempre\/","title":{"rendered":"Uni\u00e3o Europeia de Triatlo considera que campeonatos em Coimbra foram \u201cdos melhores de sempre\u201d"},"content":{"rendered":"\n<ul>\n<li>Renato Bertrandi, presidente da Uni\u00e3o Europeia de Triatlo, sublinha que os \u201cpercursos foram magn\u00edficos\u201d e que \u201cos dez dias de desporto em Coimbra ofereceram aos atletas de toda a Europa uma mistura \u00fanica de lazer, cultura e excel\u00eancia atl\u00e9tica\u201d.<\/li>\n<\/ul>\n\n\n\n<ul>\n<li>Ricardo Lacerda, diretor do evento, destaca feedback positivo por parte de atletas. Ambi\u00e7\u00e3o de organizar um Campeonato do Mundo \u00e9 real, mas depende de v\u00e1rios fatores.<\/li>\n<\/ul>\n\n\n\n<figure class=\"wp-block-image size-full is-resized\"><img decoding=\"async\" src=\"https:\/\/www.atelierdocaractere.pt\/wp-content\/uploads\/2024\/06\/descarregar-3.png\" alt=\"\" class=\"wp-image-12894\" width=\"839\" height=\"559\" srcset=\"https:\/\/www.atelierdocaractere.pt\/wp-content\/uploads\/2024\/06\/descarregar-3.png 602w, https:\/\/www.atelierdocaractere.pt\/wp-content\/uploads\/2024\/06\/descarregar-3-300x200.png 300w, https:\/\/www.atelierdocaractere.pt\/wp-content\/uploads\/2024\/06\/descarregar-3-600x401.png 600w\" sizes=\"(max-width: 839px) 100vw, 839px\" \/><\/figure>\n\n\n\n<p>A cidade de Coimbra foi a capital do triatlo internacional durante dez dias, de 14 a 23 de junho, com a realiza\u00e7\u00e3o de seis Campeonatos da Europa das v\u00e1rias vertentes da modalidade. O&nbsp;<strong>Festival Europeu de Triatlo Multisport<\/strong>, que terminou em ambiente de festa, com o Multisport Weekend Coimbra,&nbsp;atraiu&nbsp;dezenas de milhares de pessoas \u00e0s margens do Mondego, entre atletas, familiares, organiza\u00e7\u00e3o e p\u00fablico em geral.<\/p>\n\n\n\n<p>\u00c9 de salientar que os Campeonatos da Europa contaram com a participa\u00e7\u00e3o de 2100 atletas de todo o continente, aos quais se juntaram cerca de 2500 atletas que participaram no Campeonato Nacional e nas&nbsp;provas&nbsp;abertas do \u00faltimo fim de semana.<\/p>\n\n\n\n<p>A Uni\u00e3o Europeia de Triatlo, entidade respons\u00e1vel por este desporto na Europa, n\u00e3o tem d\u00favidas: Coimbra foi uma das melhores edi\u00e7\u00f5es de sempre do evento.<\/p>\n\n\n\n<figure class=\"wp-block-image size-full is-resized\"><img decoding=\"async\" src=\"https:\/\/www.atelierdocaractere.pt\/wp-content\/uploads\/2024\/06\/descarregar.png\" alt=\"\" class=\"wp-image-12897\" width=\"838\" height=\"559\" srcset=\"https:\/\/www.atelierdocaractere.pt\/wp-content\/uploads\/2024\/06\/descarregar.png 450w, https:\/\/www.atelierdocaractere.pt\/wp-content\/uploads\/2024\/06\/descarregar-300x200.png 300w\" sizes=\"(max-width: 838px) 100vw, 838px\" \/><\/figure>\n\n\n\n<p><em>\u201cTemos o orgulho de afirmar que a edi\u00e7\u00e3o de 2024 em Coimbra foi uma das melhores que alguma vez tivemos do Festival Europeu de Triatlo Multisport. Cada parte envolvida fez um trabalho fant\u00e1stico. A pol\u00edcia, apoiada pelos volunt\u00e1rios, garantiu um percurso seguro aos atletas que pedalaram e correram pela cidade. Todos os percursos foram magn\u00edficos, mas o percurso de bicicleta pelo centro hist\u00f3rico de Coimbra, Patrim\u00f3nio Mundial da UNESCO, foi particularmente deslumbrante\u201d<\/em>, elogia Renato Bertrandi, presidente da ETU \u2013 Uni\u00e3o Europeia de Triatlo.<\/p>\n\n\n\n<p>Para Renato Bertrandi,&nbsp;<em>\u201co Festival Europeu de Triatlo Multisport em Coimbra foi um evento marcante no nosso calend\u00e1rio de corridas. Ao longo de quase dez dias de eventos emocionantes, organiz\u00e1mos em conjunto com Coimbra seis Campeonatos da Europa, mostrando o que h\u00e1 de melhor no multidesporto\u201d<\/em>.<\/p>\n\n\n\n<p><em>\u201cOrganizar um evento deste g\u00e9nero n\u00e3o \u00e9 tarefa f\u00e1cil, dada a log\u00edstica complexa e a necessidade de encerramento de estradas. No entanto, com a participa\u00e7\u00e3o de 32 federa\u00e7\u00f5es nacionais e cerca de 2.000 atletas, conseguimos alcan\u00e7ar um sucesso not\u00e1vel. Estes n\u00fameros impressionantes destacam a crescente import\u00e2ncia e atratividade do festival\u201d<\/em>, continua o presidente da ETU.<\/p>\n\n\n\n<p><em>\u201cOs dez dias de desporto em Coimbra ofereceram aos atletas de toda a Europa uma mistura \u00fanica de lazer, cultura e excel\u00eancia atl\u00e9tica. O encanto da cidade e os eventos, meticulosamente planeados, proporcionaram uma experi\u00eancia inesquec\u00edvel a todos os participantes\u201d<\/em>, concluiu o respons\u00e1vel.<\/p>\n\n\n\n<figure class=\"wp-block-image size-full is-resized\"><img decoding=\"async\" src=\"https:\/\/www.atelierdocaractere.pt\/wp-content\/uploads\/2024\/06\/descarregar-1.png\" alt=\"\" class=\"wp-image-12896\" width=\"839\" height=\"559\" srcset=\"https:\/\/www.atelierdocaractere.pt\/wp-content\/uploads\/2024\/06\/descarregar-1.png 621w, https:\/\/www.atelierdocaractere.pt\/wp-content\/uploads\/2024\/06\/descarregar-1-300x200.png 300w\" sizes=\"(max-width: 839px) 100vw, 839px\" \/><\/figure>\n\n\n\n<p><strong>Ricardo Lacerda: \u201cFoi um grande sucesso a n\u00edvel desportivo\u201d<\/strong><\/p>\n\n\n\n<p>Em jeito de balan\u00e7o,&nbsp;<strong>Ricardo Lacerda<\/strong>, da Multisport, diretor do evento, destaca o sucesso da iniciativa, a n\u00edvel desportivo e n\u00e3o s\u00f3. E n\u00e3o esconde a ambi\u00e7\u00e3o de levar para Coimbra um Campeonato Mundial de Triatlo.<\/p>\n\n\n\n<p><em>\u201c<\/em><em>O Campeonato da Europa foi uma revolu\u00e7\u00e3o para a cidade, com as ruas, os restaurantes e os hot\u00e9is cheios. Estamos a falar de um evento em que a maior parte das pessoas ficam quatro ou cinco dias.<\/em>&nbsp;<em>Desportivamente, foi tamb\u00e9m um enorme sucesso. Tivemos feedback muito positivo de todos os atletas, estrangeiros e nacionais, com rasgad\u00edssimos elogios \u00e0 organiza\u00e7\u00e3o. Gostaram de tudo, desde os tra\u00e7ados, \u00e0 race village, aos abastecimentos e \u00e0 aten\u00e7\u00e3o constante que tiveram. Isto \u00e9 o mais importante para um balan\u00e7o final\u201d<\/em>, considera&nbsp;<strong>Ricardo Lacerda<\/strong>.&nbsp;<\/p>\n\n\n\n<p><em>\u201cA parte desportiva claramente foi uma aposta ganha.&nbsp;<\/em><em>Tivemos resultados fant\u00e1sticos, com percursos&nbsp;<\/em><em>que foram muito r\u00e1pidos e possibilitaram bons tempos<\/em><em>&nbsp;e com provas em que houve chegadas taco a taco, que deram tamb\u00e9m muita anima\u00e7\u00e3o\u201d<\/em>, explica.<\/p>\n\n\n\n<figure class=\"wp-block-image size-full is-resized\"><img decoding=\"async\" src=\"https:\/\/www.atelierdocaractere.pt\/wp-content\/uploads\/2024\/06\/descarregar-2.png\" alt=\"\" class=\"wp-image-12895\" width=\"840\" height=\"560\" srcset=\"https:\/\/www.atelierdocaractere.pt\/wp-content\/uploads\/2024\/06\/descarregar-2.png 619w, https:\/\/www.atelierdocaractere.pt\/wp-content\/uploads\/2024\/06\/descarregar-2-300x200.png 300w\" sizes=\"(max-width: 840px) 100vw, 840px\" \/><\/figure>\n\n\n\n<p><strong>Campeonato do Mundo em Coimbra \u201cdepende de muitos fatores\u201d<\/strong><\/p>\n\n\n\n<p>A aposta em levar grandes eventos desportivos de triatlo a Coimbra \u00e9 para continuar, diz o diretor da prova. Mas uma eventual candidatura a um Campeonato do Mundo depende da conjuga\u00e7\u00e3o de v\u00e1rios fatores.<\/p>\n\n\n\n<p><em>\u201c<\/em><em>A opini\u00e3o generalizada \u00e9 que a organiza\u00e7\u00e3o de grandes eventos de triatlo em Coimbra \u00e9 para continuar e \u00e9 para tentar ir sempre um bocadinho mais al\u00e9m. Se \u00e9 um Mundial ou n\u00e3o, se \u00e9 para breve ou n\u00e3o, vai depender de muitos fatores.<\/em>&nbsp;<em>A organiza\u00e7\u00e3o de um Campeonato do Mundo n\u00e3o \u00e9 muito diferente desta, tem \u00e9 um acr\u00e9scimo em termos de dimens\u00e3o. Se agora conseguimos trazer cerca de 4600 atletas para um Europeu, um Campeonato do Mundo ter\u00e1 quase o dobro, 7500 a 8000. Isto quer dizer que ter\u00edamos de resolver, em primeiro lugar, o problema da estadia, alargando a \u00e1rea de alojamento na zona de Coimbra e nos arredores\u201d<\/em>, explica Ricardo Lacerda.<\/p>\n\n\n\n<p>Por outro lado, diz, \u201c<em>\u00e9 preciso fazer contas, pois um Mundial representa um esfor\u00e7o enorme. Temos de pensar se o retorno financeiro compensa toda a dedica\u00e7\u00e3o da equipa:&nbsp;<\/em><em>n\u00e3o podemos ser apenas um grupo de amigos que se dedicam de corpo e alma a este evento. \u00c9 fundamental termos todas as for\u00e7as vivas da cidade ao nosso lado. Mas a ambi\u00e7\u00e3o existe, obviamente, em especial depois de termos organizado a maior prova de triatlo que h\u00e1 na Europa. Assim haja vontade de todos os intervenientes\u201d<\/em>.<\/p>\n\n\n\n<p><strong>Constrangimentos de tr\u00e2nsito foram um mal necess\u00e1rio<\/strong><\/p>\n\n\n\n<p>Apesar de tudo o de bom que o&nbsp;<strong>Festival Europeu de Triatlo Multisport<\/strong>&nbsp;trouxe \u00e0 cidade de Coimbra, nem tudo foi perfeito, em especial os constrangimentos provocados pelas obras, reconhece Ricardo Lacerda.<\/p>\n\n\n\n<p><em>\u201cO facto de os&nbsp;<\/em><em>constrangimentos de tr\u00e2nsito, que se deveram \u00e0s obras do Metro Mondego,&nbsp;<\/em><em>terem parado a cidade de Coimbra, por vezes por causa de 10 ou 15 atletas, foi, a meu ver, a parte menos positiva deste Campeonato\u201d<\/em>, assume o diretor do evento.<\/p>\n\n\n\n<p><em>\u201cSenti a cidade um pouco de costas voltadas, porque as pessoas est\u00e3o cansadas com os transtornos que as obras provocam. E claro que tudo o que cause um pouco mais de entropia n\u00e3o \u00e9 bem aceite por todos, mesmo que seja um evento que trouxe tanto \u00e0 cidade. H\u00e1 claramente uma vontade grande das pessoas em terem estes eventos em Coimbra, mas o timing n\u00e3o foi perfeito, por causa da cidade estar em obras. Todos tiveram de se adaptar,&nbsp;<\/em><em>para a cidade pode dizer, com orgulho, que j\u00e1 recebeu esta prova, para os comerciantes poderem dizer que tiveram uma semana de restaurantes cheios\u201d<\/em>, conclui Ricardo Lacerda.<\/p>\n\n\n\n<p><\/p>\n","protected":false},"excerpt":{"rendered":"<p>A cidade de Coimbra foi a capital do triatlo internacional durante dez dias, de 14 a 23 de junho, com&#8230;<\/p>\n","protected":false},"author":7,"featured_media":12894,"comment_status":"closed","ping_status":"open","sticky":false,"template":"","format":"standard","meta":[],"categories":[26],"tags":[737,814,813],"yoast_head":"<!-- This site is optimized with the Yoast SEO plugin v20.12 - https:\/\/yoast.com\/wordpress\/plugins\/seo\/ -->\n<title>Uni\u00e3o Europeia de Triatlo considera que campeonatos em Coimbra foram \u201cdos melhores de sempre\u201d - Atelier do Caractere<\/title>\n<meta name=\"robots\" content=\"index, follow, max-snippet:-1, max-image-preview:large, max-video-preview:-1\" \/>\n<link rel=\"canonical\" href=\"https:\/\/www.atelierdocaractere.pt\/brevemente\/uniao-europeia-de-triatlo-considera-que-campeonatos-em-coimbra-foram-dos-melhores-de-sempre\/\" \/>\n<meta property=\"og:locale\" content=\"pt_PT\" \/>\n<meta property=\"og:type\" content=\"article\" \/>\n<meta property=\"og:title\" content=\"Uni\u00e3o Europeia de Triatlo considera que campeonatos em Coimbra foram \u201cdos melhores de sempre\u201d - Atelier do Caractere\" \/>\n<meta property=\"og:description\" content=\"A cidade de Coimbra foi a capital do triatlo internacional durante dez dias, de 14 a 23 de junho, com...\" \/>\n<meta property=\"og:url\" content=\"https:\/\/www.atelierdocaractere.pt\/brevemente\/uniao-europeia-de-triatlo-considera-que-campeonatos-em-coimbra-foram-dos-melhores-de-sempre\/\" \/>\n<meta property=\"og:site_name\" content=\"Atelier do Caractere\" \/>\n<meta property=\"article:publisher\" content=\"https:\/\/www.facebook.com\/AtelierdoCaractere\" \/>\n<meta property=\"article:published_time\" content=\"2024-06-26T16:30:03+00:00\" \/>\n<meta property=\"article:modified_time\" content=\"2024-06-26T16:30:08+00:00\" \/>\n<meta property=\"og:image\" content=\"https:\/\/www.atelierdocaractere.pt\/wp-content\/uploads\/2024\/06\/descarregar-3.png\" \/>\n\t<meta property=\"og:image:width\" content=\"602\" \/>\n\t<meta property=\"og:image:height\" content=\"401\" \/>\n\t<meta property=\"og:image:type\" content=\"image\/png\" \/>\n<meta name=\"author\" content=\"Joana Barbosa\" \/>\n<meta name=\"twitter:card\" content=\"summary_large_image\" \/>\n<meta name=\"twitter:label1\" content=\"Escrito por\" \/>\n\t<meta name=\"twitter:data1\" content=\"Joana Barbosa\" \/>\n\t<meta name=\"twitter:label2\" content=\"Tempo estimado de leitura\" \/>\n\t<meta name=\"twitter:data2\" content=\"7 minutos\" \/>\n<script type=\"application\/ld+json\" class=\"yoast-schema-graph\">{\"@context\":\"https:\/\/schema.org\",\"@graph\":[{\"@type\":\"WebPage\",\"@id\":\"https:\/\/www.atelierdocaractere.pt\/brevemente\/uniao-europeia-de-triatlo-considera-que-campeonatos-em-coimbra-foram-dos-melhores-de-sempre\/\",\"url\":\"https:\/\/www.atelierdocaractere.pt\/brevemente\/uniao-europeia-de-triatlo-considera-que-campeonatos-em-coimbra-foram-dos-melhores-de-sempre\/\",\"name\":\"Uni\u00e3o Europeia de Triatlo considera que campeonatos em Coimbra foram \u201cdos melhores de sempre\u201d - Atelier do Caractere\",\"isPartOf\":{\"@id\":\"https:\/\/www.atelierdocaractere.pt\/brevemente\/#website\"},\"datePublished\":\"2024-06-26T16:30:03+00:00\",\"dateModified\":\"2024-06-26T16:30:08+00:00\",\"author\":{\"@id\":\"https:\/\/www.atelierdocaractere.pt\/brevemente\/#\/schema\/person\/f2f096eb0f27d9894725af22cb97c0db\"},\"breadcrumb\":{\"@id\":\"https:\/\/www.atelierdocaractere.pt\/brevemente\/uniao-europeia-de-triatlo-considera-que-campeonatos-em-coimbra-foram-dos-melhores-de-sempre\/#breadcrumb\"},\"inLanguage\":\"pt-PT\",\"potentialAction\":[{\"@type\":\"ReadAction\",\"target\":[\"https:\/\/www.atelierdocaractere.pt\/brevemente\/uniao-europeia-de-triatlo-considera-que-campeonatos-em-coimbra-foram-dos-melhores-de-sempre\/\"]}]},{\"@type\":\"BreadcrumbList\",\"@id\":\"https:\/\/www.atelierdocaractere.pt\/brevemente\/uniao-europeia-de-triatlo-considera-que-campeonatos-em-coimbra-foram-dos-melhores-de-sempre\/#breadcrumb\",\"itemListElement\":[{\"@type\":\"ListItem\",\"position\":1,\"name\":\"In\u00edcio\",\"item\":\"https:\/\/www.atelierdocaractere.pt\/brevemente\/\"},{\"@type\":\"ListItem\",\"position\":2,\"name\":\"Uni\u00e3o Europeia de Triatlo considera que campeonatos em Coimbra foram \u201cdos melhores de sempre\u201d\"}]},{\"@type\":\"WebSite\",\"@id\":\"https:\/\/www.atelierdocaractere.pt\/brevemente\/#website\",\"url\":\"https:\/\/www.atelierdocaractere.pt\/brevemente\/\",\"name\":\"Atelier do Caractere\",\"description\":\"\",\"potentialAction\":[{\"@type\":\"SearchAction\",\"target\":{\"@type\":\"EntryPoint\",\"urlTemplate\":\"https:\/\/www.atelierdocaractere.pt\/brevemente\/?s={search_term_string}\"},\"query-input\":\"required name=search_term_string\"}],\"inLanguage\":\"pt-PT\"},{\"@type\":\"Person\",\"@id\":\"https:\/\/www.atelierdocaractere.pt\/brevemente\/#\/schema\/person\/f2f096eb0f27d9894725af22cb97c0db\",\"name\":\"Joana Barbosa\",\"image\":{\"@type\":\"ImageObject\",\"inLanguage\":\"pt-PT\",\"@id\":\"https:\/\/www.atelierdocaractere.pt\/brevemente\/#\/schema\/person\/image\/\",\"url\":\"https:\/\/secure.gravatar.com\/avatar\/33e8214b45e9d68a3a83008731075979?s=96&d=mm&r=g\",\"contentUrl\":\"https:\/\/secure.gravatar.com\/avatar\/33e8214b45e9d68a3a83008731075979?s=96&d=mm&r=g\",\"caption\":\"Joana Barbosa\"},\"url\":\"https:\/\/www.atelierdocaractere.pt\/brevemente\/author\/joanabarbosa\/\"}]}<\/script>\n<!-- \/ Yoast SEO plugin. -->","yoast_head_json":{"title":"Uni\u00e3o Europeia de Triatlo considera que campeonatos em Coimbra foram \u201cdos melhores de sempre\u201d - Atelier do Caractere","robots":{"index":"index","follow":"follow","max-snippet":"max-snippet:-1","max-image-preview":"max-image-preview:large","max-video-preview":"max-video-preview:-1"},"canonical":"https:\/\/www.atelierdocaractere.pt\/brevemente\/uniao-europeia-de-triatlo-considera-que-campeonatos-em-coimbra-foram-dos-melhores-de-sempre\/","og_locale":"pt_PT","og_type":"article","og_title":"Uni\u00e3o Europeia de Triatlo considera que campeonatos em Coimbra foram \u201cdos melhores de sempre\u201d - Atelier do Caractere","og_description":"A cidade de Coimbra foi a capital do triatlo internacional durante dez dias, de 14 a 23 de junho, com...","og_url":"https:\/\/www.atelierdocaractere.pt\/brevemente\/uniao-europeia-de-triatlo-considera-que-campeonatos-em-coimbra-foram-dos-melhores-de-sempre\/","og_site_name":"Atelier do Caractere","article_publisher":"https:\/\/www.facebook.com\/AtelierdoCaractere","article_published_time":"2024-06-26T16:30:03+00:00","article_modified_time":"2024-06-26T16:30:08+00:00","og_image":[{"width":602,"height":401,"url":"https:\/\/www.atelierdocaractere.pt\/wp-content\/uploads\/2024\/06\/descarregar-3.png","type":"image\/png"}],"author":"Joana Barbosa","twitter_card":"summary_large_image","twitter_misc":{"Escrito por":"Joana Barbosa","Tempo estimado de leitura":"7 minutos"},"schema":{"@context":"https:\/\/schema.org","@graph":[{"@type":"WebPage","@id":"https:\/\/www.atelierdocaractere.pt\/brevemente\/uniao-europeia-de-triatlo-considera-que-campeonatos-em-coimbra-foram-dos-melhores-de-sempre\/","url":"https:\/\/www.atelierdocaractere.pt\/brevemente\/uniao-europeia-de-triatlo-considera-que-campeonatos-em-coimbra-foram-dos-melhores-de-sempre\/","name":"Uni\u00e3o Europeia de Triatlo considera que campeonatos em Coimbra foram \u201cdos melhores de sempre\u201d - Atelier do Caractere","isPartOf":{"@id":"https:\/\/www.atelierdocaractere.pt\/brevemente\/#website"},"datePublished":"2024-06-26T16:30:03+00:00","dateModified":"2024-06-26T16:30:08+00:00","author":{"@id":"https:\/\/www.atelierdocaractere.pt\/brevemente\/#\/schema\/person\/f2f096eb0f27d9894725af22cb97c0db"},"breadcrumb":{"@id":"https:\/\/www.atelierdocaractere.pt\/brevemente\/uniao-europeia-de-triatlo-considera-que-campeonatos-em-coimbra-foram-dos-melhores-de-sempre\/#breadcrumb"},"inLanguage":"pt-PT","potentialAction":[{"@type":"ReadAction","target":["https:\/\/www.atelierdocaractere.pt\/brevemente\/uniao-europeia-de-triatlo-considera-que-campeonatos-em-coimbra-foram-dos-melhores-de-sempre\/"]}]},{"@type":"BreadcrumbList","@id":"https:\/\/www.atelierdocaractere.pt\/brevemente\/uniao-europeia-de-triatlo-considera-que-campeonatos-em-coimbra-foram-dos-melhores-de-sempre\/#breadcrumb","itemListElement":[{"@type":"ListItem","position":1,"name":"In\u00edcio","item":"https:\/\/www.atelierdocaractere.pt\/brevemente\/"},{"@type":"ListItem","position":2,"name":"Uni\u00e3o Europeia de Triatlo considera que campeonatos em Coimbra foram \u201cdos melhores de sempre\u201d"}]},{"@type":"WebSite","@id":"https:\/\/www.atelierdocaractere.pt\/brevemente\/#website","url":"https:\/\/www.atelierdocaractere.pt\/brevemente\/","name":"Atelier do Caractere","description":"","potentialAction":[{"@type":"SearchAction","target":{"@type":"EntryPoint","urlTemplate":"https:\/\/www.atelierdocaractere.pt\/brevemente\/?s={search_term_string}"},"query-input":"required name=search_term_string"}],"inLanguage":"pt-PT"},{"@type":"Person","@id":"https:\/\/www.atelierdocaractere.pt\/brevemente\/#\/schema\/person\/f2f096eb0f27d9894725af22cb97c0db","name":"Joana Barbosa","image":{"@type":"ImageObject","inLanguage":"pt-PT","@id":"https:\/\/www.atelierdocaractere.pt\/brevemente\/#\/schema\/person\/image\/","url":"https:\/\/secure.gravatar.com\/avatar\/33e8214b45e9d68a3a83008731075979?s=96&d=mm&r=g","contentUrl":"https:\/\/secure.gravatar.com\/avatar\/33e8214b45e9d68a3a83008731075979?s=96&d=mm&r=g","caption":"Joana Barbosa"},"url":"https:\/\/www.atelierdocaractere.pt\/brevemente\/author\/joanabarbosa\/"}]}},"_links":{"self":[{"href":"https:\/\/www.atelierdocaractere.pt\/brevemente\/wp-json\/wp\/v2\/posts\/12893"}],"collection":[{"href":"https:\/\/www.atelierdocaractere.pt\/brevemente\/wp-json\/wp\/v2\/posts"}],"about":[{"href":"https:\/\/www.atelierdocaractere.pt\/brevemente\/wp-json\/wp\/v2\/types\/post"}],"author":[{"embeddable":true,"href":"https:\/\/www.atelierdocaractere.pt\/brevemente\/wp-json\/wp\/v2\/users\/7"}],"replies":[{"embeddable":true,"href":"https:\/\/www.atelierdocaractere.pt\/brevemente\/wp-json\/wp\/v2\/comments?post=12893"}],"version-history":[{"count":1,"href":"https:\/\/www.atelierdocaractere.pt\/brevemente\/wp-json\/wp\/v2\/posts\/12893\/revisions"}],"predecessor-version":[{"id":12898,"href":"https:\/\/www.atelierdocaractere.pt\/brevemente\/wp-json\/wp\/v2\/posts\/12893\/revisions\/12898"}],"wp:featuredmedia":[{"embeddable":true,"href":"https:\/\/www.atelierdocaractere.pt\/brevemente\/wp-json\/wp\/v2\/media\/12894"}],"wp:attachment":[{"href":"https:\/\/www.atelierdocaractere.pt\/brevemente\/wp-json\/wp\/v2\/media?parent=12893"}],"wp:term":[{"taxonomy":"category","embeddable":true,"href":"https:\/\/www.atelierdocaractere.pt\/brevemente\/wp-json\/wp\/v2\/categories?post=12893"},{"taxonomy":"post_tag","embeddable":true,"href":"https:\/\/www.atelierdocaractere.pt\/brevemente\/wp-json\/wp\/v2\/tags?post=12893"}],"curies":[{"name":"wp","href":"https:\/\/api.w.org\/{rel}","templated":true}]}}