{"id":12899,"date":"2024-06-25T16:32:11","date_gmt":"2024-06-25T16:32:11","guid":{"rendered":"https:\/\/www.atelierdocaractere.pt\/brevemente\/?p=12899"},"modified":"2024-06-26T16:35:59","modified_gmt":"2024-06-26T16:35:59","slug":"jovens-acorianos-mostram-paixao-pelo-arquipelago-e-a-natureza-com-projetos-inovadores-em-concurso-da-glex-summit","status":"publish","type":"post","link":"https:\/\/www.atelierdocaractere.pt\/brevemente\/jovens-acorianos-mostram-paixao-pelo-arquipelago-e-a-natureza-com-projetos-inovadores-em-concurso-da-glex-summit\/","title":{"rendered":"Jovens a\u00e7orianos mostram paix\u00e3o pelo arquip\u00e9lago e a natureza com projetos inovadores em concurso da GLEX Summit"},"content":{"rendered":"\n<p><strong>A GLEX Summit 2024 desafiou os jovens estudantes dos A\u00e7ores a entregar projetos para a preserva\u00e7\u00e3o da incr\u00edvel biodiversidade e o extraordin\u00e1rio patrim\u00f3nio natural do arquip\u00e9lago, no \u201cConcurso Jovens Exploradores 13-18: Explora A\u00e7ores!\u201d. Os jovens aderiram com entusiasmo \u00e0 chamada, com projetos criativos e originais, o que demonstra que est\u00e3o alerta para a import\u00e2ncia da preserva\u00e7\u00e3o da natureza \u2013 e que a GLEX Summit n\u00e3o deixa ningu\u00e9m indiferente. Os finalistas foram anunciados na cimeira, que decorreu na semana passada na Ilha Terceira.<\/strong><\/p>\n\n\n\n<figure class=\"wp-block-image size-large\"><img decoding=\"async\" width=\"1024\" height=\"681\" src=\"https:\/\/www.atelierdocaractere.pt\/wp-content\/uploads\/2024\/06\/glex-concurso03-1024x681.jpg\" alt=\"\" class=\"wp-image-12900\" srcset=\"https:\/\/www.atelierdocaractere.pt\/wp-content\/uploads\/2024\/06\/glex-concurso03-1024x681.jpg 1024w, https:\/\/www.atelierdocaractere.pt\/wp-content\/uploads\/2024\/06\/glex-concurso03-300x200.jpg 300w, https:\/\/www.atelierdocaractere.pt\/wp-content\/uploads\/2024\/06\/glex-concurso03-768x511.jpg 768w, https:\/\/www.atelierdocaractere.pt\/wp-content\/uploads\/2024\/06\/glex-concurso03-1536x1022.jpg 1536w, https:\/\/www.atelierdocaractere.pt\/wp-content\/uploads\/2024\/06\/glex-concurso03-900x600.jpg 900w, https:\/\/www.atelierdocaractere.pt\/wp-content\/uploads\/2024\/06\/glex-concurso03-675x450.jpg 675w, https:\/\/www.atelierdocaractere.pt\/wp-content\/uploads\/2024\/06\/glex-concurso03.jpg 1920w\" sizes=\"(max-width: 1024px) 100vw, 1024px\" \/><\/figure>\n\n\n\n<p>Com o objetivo de envolver os jovens a\u00e7orianos, a GLEX Summit 2024 promoveu o \u201cConcurso Jovens Exploradores 13-18: Explora A\u00e7ores!\u201d, para estudantes entre os 13 e 18 anos de idade. Verificou-se uma excelente ades\u00e3o \u00e0 iniciativa, com v\u00e1rias ideias inovadoras e originais, o que confirma o entusiasmo dos jovens por temas t\u00e3o fraturantes como a urg\u00eancia da preserva\u00e7\u00e3o da natureza e o advento das altera\u00e7\u00f5es clim\u00e1ticas, assim como o impacto que a GLEX Summit (tamb\u00e9m) tem nos jovens.<\/p>\n\n\n\n<p>Constan\u00e7a Ormonde, Clara Couto, Clara Sousa, Francisco Cabral e Gon\u00e7alo Ricardo s\u00e3o os cinco finalistas do concurso, anunciados na GLEX Summit 2024. Os seus projetos encontram-se neste momento a ser avaliados por um j\u00fari especializado, composto por: Ana Pires (cientista-astronauta portuguesa), Carlos Ormonde (professor e CEO\/fundador da Floriazoris), Carlos Pican\u00e7o (diretor de vendas e marketing da Futurismo Azores Adventures), Hugo Vau (surfista de grandes ondas e ocean lover) e Rita Madruga (presidente do N\u00facleo Empresarial da Ilha de S\u00e3o Jorge-NESJ). Os vencedores ser\u00e3o anunciados oportunamente.<\/p>\n\n\n\n<p>Uma oportunidade extraordin\u00e1ria para os estudantes dos A\u00e7ores mostrarem a sua criatividade, paix\u00e3o e compromisso pela explora\u00e7\u00e3o sustent\u00e1vel dos A\u00e7ores. Desde a pesquisa e identifica\u00e7\u00e3o de esp\u00e9cies locais, at\u00e9 ao desenvolvimento de tecnologias inovadoras para monitoriza\u00e7\u00e3o ambiental, as possibilidades eram infinitas. Os estudantes foram convidados a entregar os seus trabalhos at\u00e9 4 de junho, atrav\u00e9s de um formul\u00e1rio dispon\u00edvel em\u00a0<a href=\"https:\/\/glexsummit.uingress.com\/ClosedExploraAcores\">https:\/\/glexsummit.uingress.com\/ClosedExploraAcores<\/a>.<br><br>Al\u00e9m de fazerem uma contribui\u00e7\u00e3o importante para o territ\u00f3rio e a comunidade dos A\u00e7ores, os estudantes participantes no concurso \u201cExplora A\u00e7ores\u201d t\u00eam a oportunidade de ganhar pr\u00e9mios muito aspiracionais e transformadores, incluindo uma viagem a Nova Iorque, uma visita \u00e0 sede do maior clube de explora\u00e7\u00e3o do mundo e uma ades\u00e3o ao Young Explorers do The Explorers Club, acompanhada por um exclusivo programa de mentoria, com dura\u00e7\u00e3o de um ano.<\/p>\n\n\n\n<figure class=\"wp-block-image size-large\"><img decoding=\"async\" width=\"1024\" height=\"681\" src=\"https:\/\/www.atelierdocaractere.pt\/wp-content\/uploads\/2024\/06\/glex-concurso02-1024x681.jpg\" alt=\"\" class=\"wp-image-12901\" srcset=\"https:\/\/www.atelierdocaractere.pt\/wp-content\/uploads\/2024\/06\/glex-concurso02-1024x681.jpg 1024w, https:\/\/www.atelierdocaractere.pt\/wp-content\/uploads\/2024\/06\/glex-concurso02-300x200.jpg 300w, https:\/\/www.atelierdocaractere.pt\/wp-content\/uploads\/2024\/06\/glex-concurso02-768x511.jpg 768w, https:\/\/www.atelierdocaractere.pt\/wp-content\/uploads\/2024\/06\/glex-concurso02-1536x1022.jpg 1536w, https:\/\/www.atelierdocaractere.pt\/wp-content\/uploads\/2024\/06\/glex-concurso02-900x600.jpg 900w, https:\/\/www.atelierdocaractere.pt\/wp-content\/uploads\/2024\/06\/glex-concurso02-675x450.jpg 675w, https:\/\/www.atelierdocaractere.pt\/wp-content\/uploads\/2024\/06\/glex-concurso02.jpg 1920w\" sizes=\"(max-width: 1024px) 100vw, 1024px\" \/><\/figure>\n\n\n\n<p>Estes eram os tr\u00eas temas que os organizadores desafiaram os estudantes a explorar:<\/p>\n\n\n\n<p><strong>Biodiversidade a\u00e7oriana:<\/strong>&nbsp;Descobrir a fauna e flora \u00fanicas da tua ilha, atrav\u00e9s de investiga\u00e7\u00e3o, fotografia ou cria\u00e7\u00e3o de trilhos para identifica\u00e7\u00e3o de esp\u00e9cies locais.<\/p>\n\n\n\n<p><strong>Inova\u00e7\u00e3o tecnol\u00f3gica para a investiga\u00e7\u00e3o marinha:<\/strong>&nbsp;Criar solu\u00e7\u00f5es inovadoras, como drones subaqu\u00e1ticos, sensores ambientais ou aplica\u00e7\u00f5es de monitoriza\u00e7\u00e3o, para explorar e conservar os recursos marinhos dos A\u00e7ores.<\/p>\n\n\n\n<p><strong>Explora\u00e7\u00e3o espacial e ecossistemas marinhos:<\/strong>&nbsp;Investigar o impacto da explora\u00e7\u00e3o espacial nos ecossistemas marinhos, abordando quest\u00f5es como polui\u00e7\u00e3o luminosa, detritos espaciais e conserva\u00e7\u00e3o marinha. Pensar em como o espa\u00e7o pode ajudar a preservar os ecossistemas marinhos.<\/p>\n\n\n\n<p><strong>Apoios Locais<\/strong><\/p>\n\n\n\n<p>Esta iniciativa contou com o apoio da Autarquia de Angra do Hero\u00edsmo, da C\u00e2mara de Com\u00e9rcio de Angra do Hero\u00edsmo e da Dire\u00e7\u00e3o Regional de Educa\u00e7\u00e3o dos A\u00e7ores.<br><br><strong>SATA Azores Airlines<br><\/strong><br>O concurso, bem como a GLEX Summit 2024, contou tamb\u00e9m com o apoio da Azores Airlines by SATA, companhia subsidi\u00e1ria do Grupo SATA.<\/p>\n\n\n\n<figure class=\"wp-block-image size-large\"><img decoding=\"async\" width=\"888\" height=\"1024\" src=\"https:\/\/www.atelierdocaractere.pt\/wp-content\/uploads\/2024\/06\/glex-concurso01-888x1024.jpg\" alt=\"\" class=\"wp-image-12902\" srcset=\"https:\/\/www.atelierdocaractere.pt\/wp-content\/uploads\/2024\/06\/glex-concurso01-888x1024.jpg 888w, https:\/\/www.atelierdocaractere.pt\/wp-content\/uploads\/2024\/06\/glex-concurso01-260x300.jpg 260w, https:\/\/www.atelierdocaractere.pt\/wp-content\/uploads\/2024\/06\/glex-concurso01-768x886.jpg 768w, https:\/\/www.atelierdocaractere.pt\/wp-content\/uploads\/2024\/06\/glex-concurso01-1332x1536.jpg 1332w, https:\/\/www.atelierdocaractere.pt\/wp-content\/uploads\/2024\/06\/glex-concurso01.jpg 1776w\" sizes=\"(max-width: 888px) 100vw, 888px\" \/><\/figure>\n\n\n\n<p><br><strong>Sobre a GLEX Summit:<\/strong><\/p>\n\n\n\n<p>A Global Exploration Summit (GLEX Summit) foi criada no \u00e2mbito da celebra\u00e7\u00e3o do quinto centen\u00e1rio da primeira circum-navega\u00e7\u00e3o do mundo, comandada por Fern\u00e3o de Magalh\u00e3es. Em 2019, na edi\u00e7\u00e3o de estreia, a organiza\u00e7\u00e3o e o painel de oradores assinaram a Declara\u00e7\u00e3o de Lisboa, firmando o compromisso com a explora\u00e7\u00e3o fundamentada na procura de conhecimento cient\u00edfico para o progresso da humanidade e de toda a vida na Terra e no Universo.<\/p>\n\n\n\n<p>Em apenas quatro edi\u00e7\u00f5es, a GLEX Summit tornou-se a maior cimeira de exploradores \u00e0 escala global, ao conseguir reunir um not\u00e1vel leque de oradores nas \u00e1reas da conserva\u00e7\u00e3o da natureza, oceanos, Terra e Espa\u00e7o, de que s\u00e3o exemplo lendas vivas da explora\u00e7\u00e3o e investiga\u00e7\u00e3o como James Garvin, Brian Cox, Beverly e Dereck Joubert, Fabien Cousteau, Sian Proctor, Sylvia Earle, entre muitos outros. As dezenas de palestras conduziram os espectadores a uma viagem por descobertas vanguardistas, tendo sido apresentadas importantes miss\u00f5es cient\u00edficas e tecnologias de ponta que t\u00eam impulsionado a Humanidade para novas fronteiras do conhecimento.<\/p>\n\n\n\n<p>Por outro lado, a cimeira tem posicionado Portugal enquanto destino de boas pr\u00e1ticas na conserva\u00e7\u00e3o dos oceanos, na produ\u00e7\u00e3o e partilha cient\u00edfica, assim como destino refer\u00eancia de inclus\u00e3o e diversidade.<\/p>\n\n\n\n<p><strong>Certifica\u00e7\u00e3o sustent\u00e1vel<\/strong><\/p>\n\n\n\n<p>A GLEX \u00e9 um evento eco-respons\u00e1vel, com a certifica\u00e7\u00e3o da gest\u00e3o sustent\u00e1vel de eventos pela norma ISO 20121. Esta certifica\u00e7\u00e3o foi atribu\u00edda \u00e0 Expanding World pelo esfor\u00e7o empreendido em conjunto com o The Explorers Club de implementa\u00e7\u00e3o de um sistema de gest\u00e3o sustent\u00e1vel da cimeira.<\/p>\n\n\n\n<p><strong>GLEX Summit no Discovery+<\/strong><\/p>\n\n\n\n<p>Algumas das palestras da GLEX chegam ao Discovery+, a plataforma de streaming da Warner Bros. Discovery, com mais de 25 milh\u00f5es de subscritores nos EUA. Os epis\u00f3dios da terceira temporada da s\u00e9rie destacam algumas das miss\u00f5es cient\u00edficas e descobertas apresentadas na GLEX Summit, como os vulc\u00f5es ativos no universo, a primeira Esta\u00e7\u00e3o Espacial Comercial e os desafios e avan\u00e7os da medicina espacial.<\/p>\n","protected":false},"excerpt":{"rendered":"<p>A GLEX Summit 2024 desafiou os jovens estudantes dos A\u00e7ores a entregar projetos para a preserva\u00e7\u00e3o da incr\u00edvel biodiversidade e&#8230;<\/p>\n","protected":false},"author":7,"featured_media":12900,"comment_status":"closed","ping_status":"open","sticky":false,"template":"","format":"standard","meta":[],"categories":[451],"tags":[744,789,446],"yoast_head":"<!-- This site is optimized with the Yoast SEO plugin v20.12 - https:\/\/yoast.com\/wordpress\/plugins\/seo\/ -->\n<title>Jovens a\u00e7orianos mostram paix\u00e3o pelo arquip\u00e9lago e a natureza com projetos inovadores em concurso da GLEX Summit - Atelier do Caractere<\/title>\n<meta name=\"robots\" content=\"index, follow, max-snippet:-1, max-image-preview:large, max-video-preview:-1\" \/>\n<link rel=\"canonical\" href=\"https:\/\/www.atelierdocaractere.pt\/brevemente\/jovens-acorianos-mostram-paixao-pelo-arquipelago-e-a-natureza-com-projetos-inovadores-em-concurso-da-glex-summit\/\" \/>\n<meta property=\"og:locale\" content=\"pt_PT\" \/>\n<meta property=\"og:type\" content=\"article\" \/>\n<meta property=\"og:title\" content=\"Jovens a\u00e7orianos mostram paix\u00e3o pelo arquip\u00e9lago e a natureza com projetos inovadores em concurso da GLEX Summit - Atelier do Caractere\" \/>\n<meta property=\"og:description\" content=\"A GLEX Summit 2024 desafiou os jovens estudantes dos A\u00e7ores a entregar projetos para a preserva\u00e7\u00e3o da incr\u00edvel biodiversidade e...\" \/>\n<meta property=\"og:url\" content=\"https:\/\/www.atelierdocaractere.pt\/brevemente\/jovens-acorianos-mostram-paixao-pelo-arquipelago-e-a-natureza-com-projetos-inovadores-em-concurso-da-glex-summit\/\" \/>\n<meta property=\"og:site_name\" content=\"Atelier do Caractere\" \/>\n<meta property=\"article:publisher\" content=\"https:\/\/www.facebook.com\/AtelierdoCaractere\" \/>\n<meta property=\"article:published_time\" content=\"2024-06-25T16:32:11+00:00\" \/>\n<meta property=\"article:modified_time\" content=\"2024-06-26T16:35:59+00:00\" \/>\n<meta property=\"og:image\" content=\"https:\/\/www.atelierdocaractere.pt\/wp-content\/uploads\/2024\/06\/glex-concurso03.jpg\" \/>\n\t<meta property=\"og:image:width\" content=\"1920\" \/>\n\t<meta property=\"og:image:height\" content=\"1277\" \/>\n\t<meta property=\"og:image:type\" content=\"image\/jpeg\" \/>\n<meta name=\"author\" content=\"Joana Barbosa\" \/>\n<meta name=\"twitter:card\" content=\"summary_large_image\" \/>\n<meta name=\"twitter:label1\" content=\"Escrito por\" \/>\n\t<meta name=\"twitter:data1\" content=\"Joana Barbosa\" \/>\n\t<meta name=\"twitter:label2\" content=\"Tempo estimado de leitura\" \/>\n\t<meta name=\"twitter:data2\" content=\"6 minutos\" \/>\n<script type=\"application\/ld+json\" class=\"yoast-schema-graph\">{\"@context\":\"https:\/\/schema.org\",\"@graph\":[{\"@type\":\"WebPage\",\"@id\":\"https:\/\/www.atelierdocaractere.pt\/brevemente\/jovens-acorianos-mostram-paixao-pelo-arquipelago-e-a-natureza-com-projetos-inovadores-em-concurso-da-glex-summit\/\",\"url\":\"https:\/\/www.atelierdocaractere.pt\/brevemente\/jovens-acorianos-mostram-paixao-pelo-arquipelago-e-a-natureza-com-projetos-inovadores-em-concurso-da-glex-summit\/\",\"name\":\"Jovens a\u00e7orianos mostram paix\u00e3o pelo arquip\u00e9lago e a natureza com projetos inovadores em concurso da GLEX Summit - Atelier do Caractere\",\"isPartOf\":{\"@id\":\"https:\/\/www.atelierdocaractere.pt\/brevemente\/#website\"},\"datePublished\":\"2024-06-25T16:32:11+00:00\",\"dateModified\":\"2024-06-26T16:35:59+00:00\",\"author\":{\"@id\":\"https:\/\/www.atelierdocaractere.pt\/brevemente\/#\/schema\/person\/f2f096eb0f27d9894725af22cb97c0db\"},\"breadcrumb\":{\"@id\":\"https:\/\/www.atelierdocaractere.pt\/brevemente\/jovens-acorianos-mostram-paixao-pelo-arquipelago-e-a-natureza-com-projetos-inovadores-em-concurso-da-glex-summit\/#breadcrumb\"},\"inLanguage\":\"pt-PT\",\"potentialAction\":[{\"@type\":\"ReadAction\",\"target\":[\"https:\/\/www.atelierdocaractere.pt\/brevemente\/jovens-acorianos-mostram-paixao-pelo-arquipelago-e-a-natureza-com-projetos-inovadores-em-concurso-da-glex-summit\/\"]}]},{\"@type\":\"BreadcrumbList\",\"@id\":\"https:\/\/www.atelierdocaractere.pt\/brevemente\/jovens-acorianos-mostram-paixao-pelo-arquipelago-e-a-natureza-com-projetos-inovadores-em-concurso-da-glex-summit\/#breadcrumb\",\"itemListElement\":[{\"@type\":\"ListItem\",\"position\":1,\"name\":\"In\u00edcio\",\"item\":\"https:\/\/www.atelierdocaractere.pt\/brevemente\/\"},{\"@type\":\"ListItem\",\"position\":2,\"name\":\"Jovens a\u00e7orianos mostram paix\u00e3o pelo arquip\u00e9lago e a natureza com projetos inovadores em concurso da GLEX Summit\"}]},{\"@type\":\"WebSite\",\"@id\":\"https:\/\/www.atelierdocaractere.pt\/brevemente\/#website\",\"url\":\"https:\/\/www.atelierdocaractere.pt\/brevemente\/\",\"name\":\"Atelier do Caractere\",\"description\":\"\",\"potentialAction\":[{\"@type\":\"SearchAction\",\"target\":{\"@type\":\"EntryPoint\",\"urlTemplate\":\"https:\/\/www.atelierdocaractere.pt\/brevemente\/?s={search_term_string}\"},\"query-input\":\"required name=search_term_string\"}],\"inLanguage\":\"pt-PT\"},{\"@type\":\"Person\",\"@id\":\"https:\/\/www.atelierdocaractere.pt\/brevemente\/#\/schema\/person\/f2f096eb0f27d9894725af22cb97c0db\",\"name\":\"Joana Barbosa\",\"image\":{\"@type\":\"ImageObject\",\"inLanguage\":\"pt-PT\",\"@id\":\"https:\/\/www.atelierdocaractere.pt\/brevemente\/#\/schema\/person\/image\/\",\"url\":\"https:\/\/secure.gravatar.com\/avatar\/33e8214b45e9d68a3a83008731075979?s=96&d=mm&r=g\",\"contentUrl\":\"https:\/\/secure.gravatar.com\/avatar\/33e8214b45e9d68a3a83008731075979?s=96&d=mm&r=g\",\"caption\":\"Joana Barbosa\"},\"url\":\"https:\/\/www.atelierdocaractere.pt\/brevemente\/author\/joanabarbosa\/\"}]}<\/script>\n<!-- \/ Yoast SEO plugin. -->","yoast_head_json":{"title":"Jovens a\u00e7orianos mostram paix\u00e3o pelo arquip\u00e9lago e a natureza com projetos inovadores em concurso da GLEX Summit - Atelier do Caractere","robots":{"index":"index","follow":"follow","max-snippet":"max-snippet:-1","max-image-preview":"max-image-preview:large","max-video-preview":"max-video-preview:-1"},"canonical":"https:\/\/www.atelierdocaractere.pt\/brevemente\/jovens-acorianos-mostram-paixao-pelo-arquipelago-e-a-natureza-com-projetos-inovadores-em-concurso-da-glex-summit\/","og_locale":"pt_PT","og_type":"article","og_title":"Jovens a\u00e7orianos mostram paix\u00e3o pelo arquip\u00e9lago e a natureza com projetos inovadores em concurso da GLEX Summit - Atelier do Caractere","og_description":"A GLEX Summit 2024 desafiou os jovens estudantes dos A\u00e7ores a entregar projetos para a preserva\u00e7\u00e3o da incr\u00edvel biodiversidade e...","og_url":"https:\/\/www.atelierdocaractere.pt\/brevemente\/jovens-acorianos-mostram-paixao-pelo-arquipelago-e-a-natureza-com-projetos-inovadores-em-concurso-da-glex-summit\/","og_site_name":"Atelier do Caractere","article_publisher":"https:\/\/www.facebook.com\/AtelierdoCaractere","article_published_time":"2024-06-25T16:32:11+00:00","article_modified_time":"2024-06-26T16:35:59+00:00","og_image":[{"width":1920,"height":1277,"url":"https:\/\/www.atelierdocaractere.pt\/wp-content\/uploads\/2024\/06\/glex-concurso03.jpg","type":"image\/jpeg"}],"author":"Joana Barbosa","twitter_card":"summary_large_image","twitter_misc":{"Escrito por":"Joana Barbosa","Tempo estimado de leitura":"6 minutos"},"schema":{"@context":"https:\/\/schema.org","@graph":[{"@type":"WebPage","@id":"https:\/\/www.atelierdocaractere.pt\/brevemente\/jovens-acorianos-mostram-paixao-pelo-arquipelago-e-a-natureza-com-projetos-inovadores-em-concurso-da-glex-summit\/","url":"https:\/\/www.atelierdocaractere.pt\/brevemente\/jovens-acorianos-mostram-paixao-pelo-arquipelago-e-a-natureza-com-projetos-inovadores-em-concurso-da-glex-summit\/","name":"Jovens a\u00e7orianos mostram paix\u00e3o pelo arquip\u00e9lago e a natureza com projetos inovadores em concurso da GLEX Summit - Atelier do Caractere","isPartOf":{"@id":"https:\/\/www.atelierdocaractere.pt\/brevemente\/#website"},"datePublished":"2024-06-25T16:32:11+00:00","dateModified":"2024-06-26T16:35:59+00:00","author":{"@id":"https:\/\/www.atelierdocaractere.pt\/brevemente\/#\/schema\/person\/f2f096eb0f27d9894725af22cb97c0db"},"breadcrumb":{"@id":"https:\/\/www.atelierdocaractere.pt\/brevemente\/jovens-acorianos-mostram-paixao-pelo-arquipelago-e-a-natureza-com-projetos-inovadores-em-concurso-da-glex-summit\/#breadcrumb"},"inLanguage":"pt-PT","potentialAction":[{"@type":"ReadAction","target":["https:\/\/www.atelierdocaractere.pt\/brevemente\/jovens-acorianos-mostram-paixao-pelo-arquipelago-e-a-natureza-com-projetos-inovadores-em-concurso-da-glex-summit\/"]}]},{"@type":"BreadcrumbList","@id":"https:\/\/www.atelierdocaractere.pt\/brevemente\/jovens-acorianos-mostram-paixao-pelo-arquipelago-e-a-natureza-com-projetos-inovadores-em-concurso-da-glex-summit\/#breadcrumb","itemListElement":[{"@type":"ListItem","position":1,"name":"In\u00edcio","item":"https:\/\/www.atelierdocaractere.pt\/brevemente\/"},{"@type":"ListItem","position":2,"name":"Jovens a\u00e7orianos mostram paix\u00e3o pelo arquip\u00e9lago e a natureza com projetos inovadores em concurso da GLEX Summit"}]},{"@type":"WebSite","@id":"https:\/\/www.atelierdocaractere.pt\/brevemente\/#website","url":"https:\/\/www.atelierdocaractere.pt\/brevemente\/","name":"Atelier do Caractere","description":"","potentialAction":[{"@type":"SearchAction","target":{"@type":"EntryPoint","urlTemplate":"https:\/\/www.atelierdocaractere.pt\/brevemente\/?s={search_term_string}"},"query-input":"required name=search_term_string"}],"inLanguage":"pt-PT"},{"@type":"Person","@id":"https:\/\/www.atelierdocaractere.pt\/brevemente\/#\/schema\/person\/f2f096eb0f27d9894725af22cb97c0db","name":"Joana Barbosa","image":{"@type":"ImageObject","inLanguage":"pt-PT","@id":"https:\/\/www.atelierdocaractere.pt\/brevemente\/#\/schema\/person\/image\/","url":"https:\/\/secure.gravatar.com\/avatar\/33e8214b45e9d68a3a83008731075979?s=96&d=mm&r=g","contentUrl":"https:\/\/secure.gravatar.com\/avatar\/33e8214b45e9d68a3a83008731075979?s=96&d=mm&r=g","caption":"Joana Barbosa"},"url":"https:\/\/www.atelierdocaractere.pt\/brevemente\/author\/joanabarbosa\/"}]}},"_links":{"self":[{"href":"https:\/\/www.atelierdocaractere.pt\/brevemente\/wp-json\/wp\/v2\/posts\/12899"}],"collection":[{"href":"https:\/\/www.atelierdocaractere.pt\/brevemente\/wp-json\/wp\/v2\/posts"}],"about":[{"href":"https:\/\/www.atelierdocaractere.pt\/brevemente\/wp-json\/wp\/v2\/types\/post"}],"author":[{"embeddable":true,"href":"https:\/\/www.atelierdocaractere.pt\/brevemente\/wp-json\/wp\/v2\/users\/7"}],"replies":[{"embeddable":true,"href":"https:\/\/www.atelierdocaractere.pt\/brevemente\/wp-json\/wp\/v2\/comments?post=12899"}],"version-history":[{"count":1,"href":"https:\/\/www.atelierdocaractere.pt\/brevemente\/wp-json\/wp\/v2\/posts\/12899\/revisions"}],"predecessor-version":[{"id":12903,"href":"https:\/\/www.atelierdocaractere.pt\/brevemente\/wp-json\/wp\/v2\/posts\/12899\/revisions\/12903"}],"wp:featuredmedia":[{"embeddable":true,"href":"https:\/\/www.atelierdocaractere.pt\/brevemente\/wp-json\/wp\/v2\/media\/12900"}],"wp:attachment":[{"href":"https:\/\/www.atelierdocaractere.pt\/brevemente\/wp-json\/wp\/v2\/media?parent=12899"}],"wp:term":[{"taxonomy":"category","embeddable":true,"href":"https:\/\/www.atelierdocaractere.pt\/brevemente\/wp-json\/wp\/v2\/categories?post=12899"},{"taxonomy":"post_tag","embeddable":true,"href":"https:\/\/www.atelierdocaractere.pt\/brevemente\/wp-json\/wp\/v2\/tags?post=12899"}],"curies":[{"name":"wp","href":"https:\/\/api.w.org\/{rel}","templated":true}]}}