{"id":12909,"date":"2024-06-18T17:04:04","date_gmt":"2024-06-18T17:04:04","guid":{"rendered":"https:\/\/www.atelierdocaractere.pt\/brevemente\/?p=12909"},"modified":"2024-06-26T17:18:04","modified_gmt":"2024-06-26T17:18:04","slug":"mais-do-que-nunca-precisamos-de-cuidar-do-nosso-planeta-e-de-toda-a-vida-que-o-habita","status":"publish","type":"post","link":"https:\/\/www.atelierdocaractere.pt\/brevemente\/mais-do-que-nunca-precisamos-de-cuidar-do-nosso-planeta-e-de-toda-a-vida-que-o-habita\/","title":{"rendered":"\u201cMais do que nunca, precisamos de cuidar do nosso Planeta e de toda a vida que o habita\u201d"},"content":{"rendered":"\n<p><strong>A frase \u00e9 de Fabien Cousteau, que teve as honras de abertura da GLEX Summit 2024. O aquanauta franc\u00eas prometeu a primeira \u201cesta\u00e7\u00e3o espacial\u201d para 2026, mas essa foi apenas uma das muitas surpresas que a elite da explora\u00e7\u00e3o mundial revelou na cidade de Angra do Hero\u00edsmo. Um americano falou como evoluiu do p\u00e2nico para a investiga\u00e7\u00e3o das abelhas, o degelo e os pl\u00e1sticos e o degelo dos oceanos foram outro dos temas falados na cimeira, bem como a visita \u00e0 ilha, em 2025, da expedi\u00e7\u00e3o \u201cDarwin200\u201d, ou as incr\u00edveis est\u00f3rias de um ucraniano e de um iraniano, ou a amizade improv\u00e1vel entre uma israelita e um palestiniano. A discuss\u00e3o sobre o poder e o futuro da explora\u00e7\u00e3o, desde o fundo dos oceanos at\u00e9 \u00e0s novas miss\u00f5es espaciais continua amanh\u00e3. O almirante Henrique Gouveia e Melo, Chefe do Estado-Maior da Armada, encerra a cimeira. <\/strong><\/p>\n\n\n\n<figure class=\"wp-block-image size-large is-resized\"><img decoding=\"async\" src=\"https:\/\/www.atelierdocaractere.pt\/wp-content\/uploads\/2024\/06\/glex-summit20241-819x1024.jpg\" alt=\"\" class=\"wp-image-12912\" width=\"839\" height=\"1049\" srcset=\"https:\/\/www.atelierdocaractere.pt\/wp-content\/uploads\/2024\/06\/glex-summit20241-819x1024.jpg 819w, https:\/\/www.atelierdocaractere.pt\/wp-content\/uploads\/2024\/06\/glex-summit20241-240x300.jpg 240w, https:\/\/www.atelierdocaractere.pt\/wp-content\/uploads\/2024\/06\/glex-summit20241-768x960.jpg 768w, https:\/\/www.atelierdocaractere.pt\/wp-content\/uploads\/2024\/06\/glex-summit20241.jpg 863w\" sizes=\"(max-width: 839px) 100vw, 839px\" \/><\/figure>\n\n\n\n<p>Desde domingo, que mais de uma centena dos mais reputados exploradores, cientistas e astronautas est\u00e3o, em Portugal, para discutir a import\u00e2ncia e o futuro da explora\u00e7\u00e3o e quatro dezenas deles (de 18 nacionalidades) est\u00e3o mesmo a partilhar as suas experi\u00eancias e descobertas como oradores da quinta edi\u00e7\u00e3o da GLEX Summit. <\/p>\n\n\n\n<p><strong>Cousteau anunciou uma \u201cesta\u00e7\u00e3o espacial\u201d submarina para 2026<\/strong><\/p>\n\n\n\n<p>O dia de abertura da cimeira come\u00e7ou com a sess\u00e3o <strong>\u201cStargazers &amp; Trailblazers\u201d<\/strong>.<\/p>\n\n\n\n<p><strong>Fabien Cousteau <\/strong>recordou a import\u00e2ncia dos oceanos e dos ecossistemas naturais da Terra. <strong><em>\u201cEste Planeta n\u00e3o devia chamar-se Planeta Terra nem Planeta Oceano, devia chamar-se Planeta O\u00e1sis. Aqui, temos tudo o que precisamos. \u00c9 por isso que hoje, mais do que nunca, precisamos de cuidar do nosso Planeta e de toda a vida que o habita\u201d<\/em><\/strong>.<\/p>\n\n\n\n<p>Mas o neto do famoso explorador franc\u00eas Jacques Cousteau apresentou, ainda, o Proteus. Uma \u201cesta\u00e7\u00e3o espacial\u201d submarina que vai explorar os mist\u00e9rios do oceano, a mais de 18 metros de profundidade, no mar das Cara\u00edbas. A instala\u00e7\u00e3o com uma dimens\u00e3o de 370 metros quadrados, vista pelos criadores como uma vers\u00e3o aqu\u00e1tica da Esta\u00e7\u00e3o Espacial Internacional, ser\u00e1 habitada por cientistas e investigadores de todo o mundo. A ideia nasceu em 2014, durante a \u201cMission-31\u201d, em que Fabien Cousteau viveu<\/p>\n\n\n\n<p>31 dias a bordo do submarino Aquarius, acompanhado por cinco aquanautas. A experi\u00eancia, que rendeu o equivalente a tr\u00eas anos de explora\u00e7\u00e3o marinha, inspirou a ideia do Proteus, que o explorador espera tornar uma realidade dentro de dois anos. <\/p>\n\n\n\n<figure class=\"wp-block-image size-large is-resized\"><img decoding=\"async\" src=\"https:\/\/www.atelierdocaractere.pt\/wp-content\/uploads\/2024\/06\/fabien-cousteau-819x1024.jpg\" alt=\"\" class=\"wp-image-12911\" width=\"839\" height=\"1049\" srcset=\"https:\/\/www.atelierdocaractere.pt\/wp-content\/uploads\/2024\/06\/fabien-cousteau-819x1024.jpg 819w, https:\/\/www.atelierdocaractere.pt\/wp-content\/uploads\/2024\/06\/fabien-cousteau-240x300.jpg 240w, https:\/\/www.atelierdocaractere.pt\/wp-content\/uploads\/2024\/06\/fabien-cousteau-768x960.jpg 768w, https:\/\/www.atelierdocaractere.pt\/wp-content\/uploads\/2024\/06\/fabien-cousteau.jpg 863w\" sizes=\"(max-width: 839px) 100vw, 839px\" \/><\/figure>\n\n\n\n<p><strong>Do p\u00e2nico \u00e0 paix\u00e3o pelas abelhas<\/strong><\/p>\n\n\n\n<p>Aos seis anos, <strong>Sammy Ramsey <\/strong>vivia aterrorizado por insetos, ao ponto de n\u00e3o sair da sala de aula durante o intervalo, na escola. Os seus pais foram ent\u00e3o chamados pela professora, que alertou para a situa\u00e7\u00e3o, explicando que a crian\u00e7a n\u00e3o sa\u00eda porque tinha medo de insetos. \u00c0 noite, o pai de Sammy fingia matar insetos \u201cinvis\u00edveis\u201d para acalmar o filho e ajud\u00e1-lo a adormecer, pois este dizia que via insetos no quarto e \u00e0 volta da cama. Levaram-no ent\u00e3o at\u00e9 \u00e0 biblioteca local, at\u00e9 \u00e0 \u00e1rea de entomologia, e explicaram-lhe que as pessoas t\u00eam medo e n\u00e3o gostam do que n\u00e3o conhecem, e que se ele come\u00e7asse a estudar insetos, provavelmente iria gostar deles. Foi o que aconteceu; aos 7 anos Sammy Ramsey j\u00e1 dizia que queria ser entomologista, passado apenas um ano de dizer que tinha fobia dos mesmos. Anos depois, seria rejeitado no programa de doutoramento, mas um laborat\u00f3rio que estudava abelhas aceitou-o, por isso, ele decidiu tornar-se um investigador de abelhas e de todas as suas incr\u00edveis particularidades. Descobriu ent\u00e3o a sua maior amea\u00e7a: o \u201cvarroa destructor\u201d, um parasita que agora estuda e que ajuda a combater. <\/p>\n\n\n\n<figure class=\"wp-block-image size-large is-resized\"><img decoding=\"async\" src=\"https:\/\/www.atelierdocaractere.pt\/wp-content\/uploads\/2024\/06\/sammy-ramsey-819x1024.jpg\" alt=\"\" class=\"wp-image-12910\" width=\"841\" height=\"1052\" srcset=\"https:\/\/www.atelierdocaractere.pt\/wp-content\/uploads\/2024\/06\/sammy-ramsey-819x1024.jpg 819w, https:\/\/www.atelierdocaractere.pt\/wp-content\/uploads\/2024\/06\/sammy-ramsey-240x300.jpg 240w, https:\/\/www.atelierdocaractere.pt\/wp-content\/uploads\/2024\/06\/sammy-ramsey-768x960.jpg 768w, https:\/\/www.atelierdocaractere.pt\/wp-content\/uploads\/2024\/06\/sammy-ramsey.jpg 1080w\" sizes=\"(max-width: 841px) 100vw, 841px\" \/><\/figure>\n\n\n\n<p><strong>A amea\u00e7a dos pl\u00e1sticos dos oceanos e a import\u00e2ncia das rochas dos vulc\u00f5es<\/strong><\/p>\n\n\n\n<p>J\u00e1 a bi\u00f3loga italiana, <strong>Martina Capriotti, <\/strong>refor\u00e7ou a ideia de que os pl\u00e1sticos s\u00e3o, efetivamente, uma das maiores amea\u00e7as dos oceanos: <strong><em>\u201cOs micropl\u00e1sticos n\u00e3o est\u00e3o apenas a amea\u00e7ar os ecossistemas marinhos, como tamb\u00e9m interferem com o nosso sistema end\u00f3crino\u201d<\/em><\/strong>.<\/p>\n\n\n\n<p>A vulcan\u00f3loga, <strong>Jess Phoenix<\/strong>, destacou: <strong><em>\u201ccada rocha de um vulc\u00e3o \u00e9 uma viagem no tempo. Guarda parte da Hist\u00f3ria da Humanidade e \u00e9 importante estudar cada uma delas para compreender o nosso passado\u201d<\/em><\/strong>. A americana lembrou a plateia, cheia de cientistas e exploradores, que \u00e9 cada vez mais importante aprender a contar hist\u00f3rias, para envolver as gera\u00e7\u00f5es futuras de exploradores e o p\u00fablico comum sobre a magia da natureza e a import\u00e2ncia de estud\u00e1-la, nomeadamente os fascinantes vulc\u00f5es.<\/p>\n\n\n\n<p><strong>A expedi\u00e7\u00e3o \u201cDarwin200\u201d vai terminar na ilha da Terceira em 2025<\/strong><\/p>\n\n\n\n<p>Quase 200 anos depois de Charles Darwin ter feito a volta ao mundo com v\u00e1rias descobertas para a hist\u00f3ria natural, 200 jovens naturalistas est\u00e3o a recriar o percurso para promover a prote\u00e7\u00e3o da natureza. <strong>Stewart McPherson<\/strong>, fundador da expedi\u00e7\u00e3o \u201cDarwin200\u201d, veio \u00e0 GLEX Summit recordar que a incr\u00edvel viagem que deu origem \u00e0 controversa obra \u2018A Origem das Esp\u00e9cies\u2019, <strong><em>\u201ctamb\u00e9m passou pela ilha da Terceira, em 1836 e ser\u00e1 aqui que, no dia 13 de junho do pr\u00f3ximo ano, terminar\u00e1 a \u2018Darwin200\u2019<\/em><\/strong>.<\/p>\n\n\n\n<p>Com 90 anos, a famosa primatologista, et\u00f3loga e antrop\u00f3loga brit\u00e2nica, Jane van Lawick- Goodall, \u00e9 uma das apoiantes da iniciativa. <\/p>\n\n\n\n<p><strong>O alerta para o degelo na Ant\u00e1rtida<\/strong><\/p>\n\n\n\n<p>Em 2023, considerada pela Time como uma das 100 pessoas mais influentes do planeta, a astrobiologista e ocean\u00f3grafa polar, <strong>Britney Schmidt <\/strong>falou sobre a import\u00e2ncia da conserva\u00e7\u00e3o da Ant\u00e1rtida, numa altura em que as altera\u00e7\u00f5es clim\u00e1ticas amea\u00e7am cada vez mais o planeta, e justamente esta regi\u00e3o, e como os robots podem ajudar a explorar e compreender o que se est\u00e1 a passar. <strong><em>\u201cA Humanidade devia estar realmente preocupada com o todo o gelo que estamos a perder na Ant\u00e1rtida e com as mudan\u00e7as que dev\u00edamos fazer para impedir que isso continue\u201d<\/em><\/strong>, alertou. <\/p>\n\n\n\n<p><strong>As est\u00f3rias inspiradoras de um ucraniano e de um iraniano<\/strong><\/p>\n\n\n\n<p>A segunda sess\u00e3o do dia, <strong>\u201cFrom the Front Lines\u201d <\/strong>deu a voz a exploradores que, em situa\u00e7\u00f5es de conflito, superaram todas as expectativas dando seguimento \u00e0 sua investiga\u00e7\u00e3o e aos seus objetivos.<\/p>\n\n\n\n<p><strong>Morad Tahbaz <\/strong>\u00e9 um ambientalista e cidad\u00e3o dos Estados Unidos, do Reino Unido e do Ir\u00e3o. A paix\u00e3o de Tahbaz pela vida selvagem e pela natureza come\u00e7ou na sua juventude. Como cofundador da Persian Wildlife Heritage Foundation (PWHF), uma organiza\u00e7\u00e3o que fazia doa\u00e7\u00f5es a grupos de conserva\u00e7\u00e3o internacionais, ele e oito dos seus colegas foram detidos, em janeiro de 2018. As armadilhas fotogr\u00e1ficas que montaram para monitorizar esp\u00e9cies amea\u00e7adas de extin\u00e7\u00e3o, como o leopardo persa e a chita asi\u00e1tica, foram consideradas como sendo de espionagem pelo Corpo de Guardas da Revolu\u00e7\u00e3o Isl\u00e2mica do Ir\u00e3o (IRGC). <strong><em>\u201cFui preso no aeroporto, sem explica\u00e7\u00f5es, e fui colocado numa solit\u00e1ria durante anos\u201d<\/em><\/strong>. Pelo seu legado para a ci\u00eancia e pelos tempos dif\u00edceis que passou, recebeu uma ova\u00e7\u00e3o, de p\u00e9, da plateia, no final da sua palestra.<\/p>\n\n\n\n<p>Com o in\u00edcio da Guerra Russo-Ucraniana, em 2022, o ativista cultural, etn\u00f3logo, muse\u00f3logo e curador de arte ucraniano, <strong>Ihor Poshyvailo<\/strong>, assumiu a coordena\u00e7\u00e3o da Iniciativa de Resposta de Emerg\u00eancia ao Patrim\u00f3nio (HERI) e tornou-se membro do Conselho Nacional para a Reconstru\u00e7\u00e3o da Ucr\u00e2nia ap\u00f3s o fim da guerra. Ao longo do conflito tem prestado apoio no terreno a institui\u00e7\u00f5es culturais e a milhares de pessoas, tem realizado trabalho de campo para documentar os danos causados ao patrim\u00f3nio cultural, tem recolhido objetos e est\u00f3rias. Na GLEX Summit 2024, apresentou v\u00e1rias fotos de patrim\u00f3nio hist\u00f3rico-cultural ucraniano que tem sido destru\u00eddo pela guerra e destacou uma declara\u00e7\u00e3o de Joe Biden: <strong><em>\u201co objetivo de Vladimir Putin \u00e9 eliminar, totalmente, a Hist\u00f3ria e a cultura ucraniana\u201d<\/em><\/strong>. <\/p>\n\n\n\n<p><strong>Uma amizade improv\u00e1vel entre uma israelita e um palestiniano<\/strong><\/p>\n\n\n\n<p><strong>Kim Passy-Youseph<\/strong>, israelita nascida em Tel Aviv, \u00e9 respons\u00e1vel de uma empresa que se dedica a viagens socialmente conscientes e respons\u00e1veis. \u00c9 amiga e trabalha com o palestianiano <strong>Aziz Abu Sarah<\/strong>, um ativista da paz, jornalista, empres\u00e1rio social e pol\u00edtico. Uma amiga de Kim foi capturada e mantida ref\u00e9m do Hamas, a 7 de outubro de 2023. Amiga de Aziz e de outros palestianianos, e m\u00e3e de dois filhos com 2 e 5 anos, na altura refletiu sobre a sua amizade e trabalho com Aziz \u2013 mas rapidamente percebeu, tamb\u00e9m gra\u00e7as \u00e0 ingenuidade dos seus filhos, que adoram Aziz, <strong><em>\u201cque o caminho \u00e9 a paz e n\u00e3o o \u00f3dio\u201d<\/em><\/strong>. J\u00e1 Aziz Abu Sarah alertou para <strong><em>\u201co perigo da indiferen\u00e7a, dos governos e do p\u00fablico, que n\u00e3o ajuda na solu\u00e7\u00e3o do conflito\u201d<\/em><\/strong>.<\/p>\n\n\n\n<p>O dia terminou com uma sess\u00e3o especial com a SOE&#8217;24 &#8211; Space, Ocean and Earth Insights, promovida pela INESC TEC, tendo como tema <strong>\u201cWomen in Exploration: Breaking Boundaries\u201d<\/strong>.<\/p>\n\n\n\n<p>Apesar de ser especialista em diferentes mat\u00e9rias espaciais, <strong>Yvette Gonzalez <\/strong>partilhou, na GLEX Summit, a sua experi\u00eancia em miss\u00f5es humanit\u00e1rias: no Congo, o que mais a impressionou foi conhecer uma crian\u00e7a soldado e perceber a permeabilidade do ser humano e a forma como as crian\u00e7as s\u00e3o afetadas pelos conflitos mundiais.<\/p>\n\n\n\n<p>Nicole Mann, astronauta da NASA e a primeira mulher nativo-americana no espa\u00e7o destacou: \u201cEstou ansiosa por saber mais sobre primeira miss\u00e3o an\u00e1loga, realizada na gruta do Natal, na Terceira, A\u00e7ores. Sou a primeira mulher nativo-americana a viajar at\u00e9 ao espa\u00e7o, e acredito que as mulheres v\u00e3o liderar os pr\u00f3ximos tempos da explora\u00e7\u00e3o espacial. Quero dizer \u00e0s gera\u00e7\u00f5es mais novas de mulheres que precisam de continuar a sonhar, e a sonhar em grande\u201d.<\/p>\n\n\n\n<p><strong>Beatriz Flamini<\/strong>, atleta e montanhista extrema, confessou: \u201c<strong><em>Em 2014, vivia uma vida convencional, em casal, mas n\u00e3o era feliz. Decidi mudar-me para as montanhas e viver sozinha, na minha carrinha. Foi assim durante dois anos, at\u00e9 decidir viajar pela Mong\u00f3lia, em 2016\u201d. <\/em><\/strong>Quando tomou a decis\u00e3o de viver 500 dias fechada numa gruta, decidiu as regras do jogo: \u201c<strong><em>n\u00e3o haver contacto humano de qualquer esp\u00e9cie, nem computador, telem\u00f3vel, tablets, espelho, calend\u00e1rio, rel\u00f3gio, nem not\u00edcias do exterior\u201d. <\/em><\/strong>Depois da experi\u00eancia, a sua vis\u00e3o melhorou em 100% e a prova disso \u00e9 que quando renovou a sua carta, conseguia ler at\u00e9 a \u00faltima linha, mais pequena. Neste momento, sente que n\u00e3o pertence a este mundo exterior, ainda est\u00e1 em processo de adapta\u00e7\u00e3o.<\/p>\n\n\n\n<p><strong>Tess Caswell<\/strong>, chefe de testes de opera\u00e7\u00f5es de EVA de explora\u00e7\u00e3o da NASA, sublinhou a import\u00e2ncia das miss\u00f5es an\u00e1logas como a realizada na ilha da Terceira: <em>\u201c<\/em><strong><em>\u00c9 a \u00fanica forma de nos prepararmos para desafios como o regresso \u00e0 Lua\u201d.<\/em><\/strong><\/p>\n\n\n\n<p>Sabrina Thompson, engenheira aeroespacial, recordou o epis\u00f3dio que a despertou para o mais recente desafio: &#8220;Estava em Amesterd\u00e3o, em plena pandemia, e totalmente em baixo sem saber o que fazer. Aquela crian\u00e7a criativa voltou e eu soube que o que queria era criar fatos de astronauta para as mulheres. Qualquer mulher astronauta dir\u00e1 que os fatos de astronauta, que foram criados a pensar em homens, n\u00e3o s\u00e3o os ideais para mulheres. S\u00e3o um problema para as mulheres, por exemplo, para irem \u00e0 casa-de- banho. Queremos inclus\u00e3o e diversidade. \u00c9 assim que conseguimos, criando solu\u00e7\u00f5es ideais para todos\u201d.<\/p>\n\n\n\n<p><strong>Kirstin Schulz<\/strong>, investigadora polar com experi\u00eancia em oceanografia f\u00edsica, foi uma das l\u00edderes da equipa de oceanografia na inovadora expedi\u00e7\u00e3o MOSAiC, o maior esfor\u00e7o de investiga\u00e7\u00e3o no \u00c1rtico at\u00e9 \u00e0 data. A sua investiga\u00e7\u00e3o centra-se nas intera\u00e7\u00f5es intrincadas no sistema terrestre acoplado, particularmente nos fiordes da Gronel\u00e2ndia e no alto Oceano \u00c1rtico e, na GLEX Summit, falou sobre as suas experi\u00eancias no \u00c1rtico, as esp\u00e9cies de animais que encontrou e os desafios da explora\u00e7\u00e3o polar.<\/p>\n\n\n\n<p><strong>Fatma Kaplan<\/strong>, uma empres\u00e1ria e cientista de sucesso com experi\u00eancia em biologia e qu\u00edmica, descobriu a primeira feromona sexual do nem\u00e1todo Caenorhabditis elegans e publicou-a na Nature em 2008. Depois, descobriu que as feromonas regulam outros comportamentos em nem\u00e1todos parasitas e ben\u00e9ficos. Essas descobertas, bem como a realiza\u00e7\u00e3o da primeira experi\u00eancia de biocontrolo agr\u00edcola no Espa\u00e7o, na Esta\u00e7\u00e3o Espacial Internacional, em 2020, foram destacadas em Angra do Hero\u00edsmo.<\/p>\n\n\n\n<p><strong>Ana Pires<\/strong>, investigadora do INESC TEC e Comandante da miss\u00e3o CAM\u00f5es, destacou: <strong><em>\u201cComo Lu\u00eds Vaz de Cam\u00f5es, o escritor e poeta que escreveu as conquistas dos Descobrimentos portugueses, este \u00e9 um projeto que vai revolucionar a explora\u00e7\u00e3o lunar. Conseguimos, encontrando na gruta do Natal, na ilha Terceira, um ambiente semelhante com o da Lua, levar a cabo uma miss\u00e3o an\u00e1loga que nos ensinou tanto. A gruta falou connosco, contou-nos as suas hist\u00f3rias. Vamos publicar todos os resultados desta miss\u00e3o num livro exclusivamente dedicado \u00e0 miss\u00e3o CAM\u00f5es, que \u00e9 de extrema import\u00e2ncia para a comunidade cient\u00edfica e que, por isso, todos devem ter acesso\u201d.<\/em><\/strong> <\/p>\n\n\n\n<p><strong>A \u201cDavos\u201d da explora\u00e7\u00e3o prossegue amanh\u00e3<\/strong><\/p>\n\n\n\n<p>Amanh\u00e3 (quarta-feira), o Centro Cultural e de Congressos de Angra do Hero\u00edsmo acolhe o segundo e derradeiro dia da GLEX Summit 2024. Com in\u00edcio \u00e0s 9h30, o painel <strong>\u201cInfinite Horizons\u201d <\/strong>vai focar-se nas formas mais ambiciosas e inovadoras de explora\u00e7\u00e3o, bem como abordar o projeto <strong>TITAN <\/strong>e a expedi\u00e7\u00e3o &#8220;Darwin200&#8221;, para al\u00e9m de discutir o impacto de eventos tr\u00e1gicos, como a implos\u00e3o do submers\u00edvel TITAN, e como essas li\u00e7\u00f5es s\u00e3o aplicadas para futuras explora\u00e7\u00f5es.<\/p>\n\n\n\n<p>Os segredos da natureza e as origens da humanidade d\u00e3o o mote \u00e0 segunda sess\u00e3o do dia, com um painel designado <strong>\u201cBeyond the Veil\u201d<\/strong>. <strong>Lvcas Fiat<\/strong>, designer naturalista, vai discutir a beleza e complexidade do design na natureza, enquanto <strong>Juan Pablo Culasso<\/strong>, engenheiro bioac\u00fastico, vai falar sobre a import\u00e2ncia do som na identifica\u00e7\u00e3o de esp\u00e9cies e conserva\u00e7\u00e3o. <strong>Justin Fornal<\/strong>, explorador e maratonista aqu\u00e1tico, vai partilhar as suas experi\u00eancias em expedi\u00e7\u00f5es extremas, enquanto <strong>Lee Berger<\/strong>, paleoantrop\u00f3logo, vai discutir as mais recentes descobertas sobre as origens humanas.<\/p>\n\n\n\n<p><strong>\u201cThe Magic of Exploration\u201d, <\/strong>a derradeira sess\u00e3o da GLEX Summit 2024 \u00e9 dedicada \u00e0 magia da explora\u00e7\u00e3o e aos encantos da natureza. <strong>Brendan Hall<\/strong>, documentarista, vai debater a narra\u00e7\u00e3o de hist\u00f3rias atrav\u00e9s do cinema. <strong>Karim Ilya<\/strong>, fot\u00f3grafo e realizador, vai falar sobre a documenta\u00e7\u00e3o de esp\u00e9cies em risco de extin\u00e7\u00e3o. <strong>Rebecca Hui<\/strong>, designer e fundadora do Roots Studio, vai discutir como o design pode preservar culturas ind\u00edgenas, ao passo que <strong>Joe Rohde<\/strong>, conhecido arquiteto e designer da Disney, vai partilhar a sua vis\u00e3o sobre a cria\u00e7\u00e3o de mundos imagin\u00e1rios baseados na explora\u00e7\u00e3o.<\/p>\n\n\n\n<p>A cerim\u00f3nia de encerramento ser\u00e1 conduzida pelo <strong>Almirante Gouveia e Melo<\/strong>, Chefe do Estado-Maior da Armada, encerrando oficialmente a GLEX Summit 2024.<\/p>\n\n\n\n<p>A GLEX Summit \u00e9 organizada pela portuguesa <a href=\"https:\/\/www.expanding.pt\/\">Expanding<\/a>, com a chancela e a curadoria do nova-iorquino <a href=\"https:\/\/www.explorers.org\/\">The Explorers Club<\/a>, garantindo uma cimeira de n\u00edvel internacional.<\/p>\n","protected":false},"excerpt":{"rendered":"<p>A frase \u00e9 de Fabien Cousteau, que teve as honras de abertura da GLEX Summit 2024. O aquanauta franc\u00eas prometeu&#8230;<\/p>\n","protected":false},"author":7,"featured_media":12913,"comment_status":"closed","ping_status":"open","sticky":false,"template":"","format":"standard","meta":[],"categories":[451],"tags":[470,563,789,446],"yoast_head":"<!-- This site is optimized with the Yoast SEO plugin v20.12 - https:\/\/yoast.com\/wordpress\/plugins\/seo\/ -->\n<title>\u201cMais do que nunca, precisamos de cuidar do nosso Planeta e de toda a vida que o habita\u201d - Atelier do Caractere<\/title>\n<meta name=\"robots\" content=\"index, follow, max-snippet:-1, max-image-preview:large, max-video-preview:-1\" \/>\n<link rel=\"canonical\" href=\"https:\/\/www.atelierdocaractere.pt\/brevemente\/mais-do-que-nunca-precisamos-de-cuidar-do-nosso-planeta-e-de-toda-a-vida-que-o-habita\/\" \/>\n<meta property=\"og:locale\" content=\"pt_PT\" \/>\n<meta property=\"og:type\" content=\"article\" \/>\n<meta property=\"og:title\" content=\"\u201cMais do que nunca, precisamos de cuidar do nosso Planeta e de toda a vida que o habita\u201d - Atelier do Caractere\" \/>\n<meta property=\"og:description\" content=\"A frase \u00e9 de Fabien Cousteau, que teve as honras de abertura da GLEX Summit 2024. O aquanauta franc\u00eas prometeu...\" \/>\n<meta property=\"og:url\" content=\"https:\/\/www.atelierdocaractere.pt\/brevemente\/mais-do-que-nunca-precisamos-de-cuidar-do-nosso-planeta-e-de-toda-a-vida-que-o-habita\/\" \/>\n<meta property=\"og:site_name\" content=\"Atelier do Caractere\" \/>\n<meta property=\"article:publisher\" content=\"https:\/\/www.facebook.com\/AtelierdoCaractere\" \/>\n<meta property=\"article:published_time\" content=\"2024-06-18T17:04:04+00:00\" \/>\n<meta property=\"article:modified_time\" content=\"2024-06-26T17:18:04+00:00\" \/>\n<meta property=\"og:image\" content=\"https:\/\/www.atelierdocaractere.pt\/wp-content\/uploads\/2024\/06\/glex-summit20241-1.jpg\" \/>\n\t<meta property=\"og:image:width\" content=\"863\" \/>\n\t<meta property=\"og:image:height\" content=\"575\" \/>\n\t<meta property=\"og:image:type\" content=\"image\/jpeg\" \/>\n<meta name=\"author\" content=\"Joana Barbosa\" \/>\n<meta name=\"twitter:card\" content=\"summary_large_image\" \/>\n<meta name=\"twitter:label1\" content=\"Escrito por\" \/>\n\t<meta name=\"twitter:data1\" content=\"Joana Barbosa\" \/>\n\t<meta name=\"twitter:label2\" content=\"Tempo estimado de leitura\" \/>\n\t<meta name=\"twitter:data2\" content=\"14 minutos\" \/>\n<script type=\"application\/ld+json\" class=\"yoast-schema-graph\">{\"@context\":\"https:\/\/schema.org\",\"@graph\":[{\"@type\":\"WebPage\",\"@id\":\"https:\/\/www.atelierdocaractere.pt\/brevemente\/mais-do-que-nunca-precisamos-de-cuidar-do-nosso-planeta-e-de-toda-a-vida-que-o-habita\/\",\"url\":\"https:\/\/www.atelierdocaractere.pt\/brevemente\/mais-do-que-nunca-precisamos-de-cuidar-do-nosso-planeta-e-de-toda-a-vida-que-o-habita\/\",\"name\":\"\u201cMais do que nunca, precisamos de cuidar do nosso Planeta e de toda a vida que o habita\u201d - Atelier do Caractere\",\"isPartOf\":{\"@id\":\"https:\/\/www.atelierdocaractere.pt\/brevemente\/#website\"},\"datePublished\":\"2024-06-18T17:04:04+00:00\",\"dateModified\":\"2024-06-26T17:18:04+00:00\",\"author\":{\"@id\":\"https:\/\/www.atelierdocaractere.pt\/brevemente\/#\/schema\/person\/f2f096eb0f27d9894725af22cb97c0db\"},\"breadcrumb\":{\"@id\":\"https:\/\/www.atelierdocaractere.pt\/brevemente\/mais-do-que-nunca-precisamos-de-cuidar-do-nosso-planeta-e-de-toda-a-vida-que-o-habita\/#breadcrumb\"},\"inLanguage\":\"pt-PT\",\"potentialAction\":[{\"@type\":\"ReadAction\",\"target\":[\"https:\/\/www.atelierdocaractere.pt\/brevemente\/mais-do-que-nunca-precisamos-de-cuidar-do-nosso-planeta-e-de-toda-a-vida-que-o-habita\/\"]}]},{\"@type\":\"BreadcrumbList\",\"@id\":\"https:\/\/www.atelierdocaractere.pt\/brevemente\/mais-do-que-nunca-precisamos-de-cuidar-do-nosso-planeta-e-de-toda-a-vida-que-o-habita\/#breadcrumb\",\"itemListElement\":[{\"@type\":\"ListItem\",\"position\":1,\"name\":\"In\u00edcio\",\"item\":\"https:\/\/www.atelierdocaractere.pt\/brevemente\/\"},{\"@type\":\"ListItem\",\"position\":2,\"name\":\"\u201cMais do que nunca, precisamos de cuidar do nosso Planeta e de toda a vida que o habita\u201d\"}]},{\"@type\":\"WebSite\",\"@id\":\"https:\/\/www.atelierdocaractere.pt\/brevemente\/#website\",\"url\":\"https:\/\/www.atelierdocaractere.pt\/brevemente\/\",\"name\":\"Atelier do Caractere\",\"description\":\"\",\"potentialAction\":[{\"@type\":\"SearchAction\",\"target\":{\"@type\":\"EntryPoint\",\"urlTemplate\":\"https:\/\/www.atelierdocaractere.pt\/brevemente\/?s={search_term_string}\"},\"query-input\":\"required name=search_term_string\"}],\"inLanguage\":\"pt-PT\"},{\"@type\":\"Person\",\"@id\":\"https:\/\/www.atelierdocaractere.pt\/brevemente\/#\/schema\/person\/f2f096eb0f27d9894725af22cb97c0db\",\"name\":\"Joana Barbosa\",\"image\":{\"@type\":\"ImageObject\",\"inLanguage\":\"pt-PT\",\"@id\":\"https:\/\/www.atelierdocaractere.pt\/brevemente\/#\/schema\/person\/image\/\",\"url\":\"https:\/\/secure.gravatar.com\/avatar\/33e8214b45e9d68a3a83008731075979?s=96&d=mm&r=g\",\"contentUrl\":\"https:\/\/secure.gravatar.com\/avatar\/33e8214b45e9d68a3a83008731075979?s=96&d=mm&r=g\",\"caption\":\"Joana Barbosa\"},\"url\":\"https:\/\/www.atelierdocaractere.pt\/brevemente\/author\/joanabarbosa\/\"}]}<\/script>\n<!-- \/ Yoast SEO plugin. -->","yoast_head_json":{"title":"\u201cMais do que nunca, precisamos de cuidar do nosso Planeta e de toda a vida que o habita\u201d - Atelier do Caractere","robots":{"index":"index","follow":"follow","max-snippet":"max-snippet:-1","max-image-preview":"max-image-preview:large","max-video-preview":"max-video-preview:-1"},"canonical":"https:\/\/www.atelierdocaractere.pt\/brevemente\/mais-do-que-nunca-precisamos-de-cuidar-do-nosso-planeta-e-de-toda-a-vida-que-o-habita\/","og_locale":"pt_PT","og_type":"article","og_title":"\u201cMais do que nunca, precisamos de cuidar do nosso Planeta e de toda a vida que o habita\u201d - Atelier do Caractere","og_description":"A frase \u00e9 de Fabien Cousteau, que teve as honras de abertura da GLEX Summit 2024. O aquanauta franc\u00eas prometeu...","og_url":"https:\/\/www.atelierdocaractere.pt\/brevemente\/mais-do-que-nunca-precisamos-de-cuidar-do-nosso-planeta-e-de-toda-a-vida-que-o-habita\/","og_site_name":"Atelier do Caractere","article_publisher":"https:\/\/www.facebook.com\/AtelierdoCaractere","article_published_time":"2024-06-18T17:04:04+00:00","article_modified_time":"2024-06-26T17:18:04+00:00","og_image":[{"width":863,"height":575,"url":"https:\/\/www.atelierdocaractere.pt\/wp-content\/uploads\/2024\/06\/glex-summit20241-1.jpg","type":"image\/jpeg"}],"author":"Joana Barbosa","twitter_card":"summary_large_image","twitter_misc":{"Escrito por":"Joana Barbosa","Tempo estimado de leitura":"14 minutos"},"schema":{"@context":"https:\/\/schema.org","@graph":[{"@type":"WebPage","@id":"https:\/\/www.atelierdocaractere.pt\/brevemente\/mais-do-que-nunca-precisamos-de-cuidar-do-nosso-planeta-e-de-toda-a-vida-que-o-habita\/","url":"https:\/\/www.atelierdocaractere.pt\/brevemente\/mais-do-que-nunca-precisamos-de-cuidar-do-nosso-planeta-e-de-toda-a-vida-que-o-habita\/","name":"\u201cMais do que nunca, precisamos de cuidar do nosso Planeta e de toda a vida que o habita\u201d - Atelier do Caractere","isPartOf":{"@id":"https:\/\/www.atelierdocaractere.pt\/brevemente\/#website"},"datePublished":"2024-06-18T17:04:04+00:00","dateModified":"2024-06-26T17:18:04+00:00","author":{"@id":"https:\/\/www.atelierdocaractere.pt\/brevemente\/#\/schema\/person\/f2f096eb0f27d9894725af22cb97c0db"},"breadcrumb":{"@id":"https:\/\/www.atelierdocaractere.pt\/brevemente\/mais-do-que-nunca-precisamos-de-cuidar-do-nosso-planeta-e-de-toda-a-vida-que-o-habita\/#breadcrumb"},"inLanguage":"pt-PT","potentialAction":[{"@type":"ReadAction","target":["https:\/\/www.atelierdocaractere.pt\/brevemente\/mais-do-que-nunca-precisamos-de-cuidar-do-nosso-planeta-e-de-toda-a-vida-que-o-habita\/"]}]},{"@type":"BreadcrumbList","@id":"https:\/\/www.atelierdocaractere.pt\/brevemente\/mais-do-que-nunca-precisamos-de-cuidar-do-nosso-planeta-e-de-toda-a-vida-que-o-habita\/#breadcrumb","itemListElement":[{"@type":"ListItem","position":1,"name":"In\u00edcio","item":"https:\/\/www.atelierdocaractere.pt\/brevemente\/"},{"@type":"ListItem","position":2,"name":"\u201cMais do que nunca, precisamos de cuidar do nosso Planeta e de toda a vida que o habita\u201d"}]},{"@type":"WebSite","@id":"https:\/\/www.atelierdocaractere.pt\/brevemente\/#website","url":"https:\/\/www.atelierdocaractere.pt\/brevemente\/","name":"Atelier do Caractere","description":"","potentialAction":[{"@type":"SearchAction","target":{"@type":"EntryPoint","urlTemplate":"https:\/\/www.atelierdocaractere.pt\/brevemente\/?s={search_term_string}"},"query-input":"required name=search_term_string"}],"inLanguage":"pt-PT"},{"@type":"Person","@id":"https:\/\/www.atelierdocaractere.pt\/brevemente\/#\/schema\/person\/f2f096eb0f27d9894725af22cb97c0db","name":"Joana Barbosa","image":{"@type":"ImageObject","inLanguage":"pt-PT","@id":"https:\/\/www.atelierdocaractere.pt\/brevemente\/#\/schema\/person\/image\/","url":"https:\/\/secure.gravatar.com\/avatar\/33e8214b45e9d68a3a83008731075979?s=96&d=mm&r=g","contentUrl":"https:\/\/secure.gravatar.com\/avatar\/33e8214b45e9d68a3a83008731075979?s=96&d=mm&r=g","caption":"Joana Barbosa"},"url":"https:\/\/www.atelierdocaractere.pt\/brevemente\/author\/joanabarbosa\/"}]}},"_links":{"self":[{"href":"https:\/\/www.atelierdocaractere.pt\/brevemente\/wp-json\/wp\/v2\/posts\/12909"}],"collection":[{"href":"https:\/\/www.atelierdocaractere.pt\/brevemente\/wp-json\/wp\/v2\/posts"}],"about":[{"href":"https:\/\/www.atelierdocaractere.pt\/brevemente\/wp-json\/wp\/v2\/types\/post"}],"author":[{"embeddable":true,"href":"https:\/\/www.atelierdocaractere.pt\/brevemente\/wp-json\/wp\/v2\/users\/7"}],"replies":[{"embeddable":true,"href":"https:\/\/www.atelierdocaractere.pt\/brevemente\/wp-json\/wp\/v2\/comments?post=12909"}],"version-history":[{"count":1,"href":"https:\/\/www.atelierdocaractere.pt\/brevemente\/wp-json\/wp\/v2\/posts\/12909\/revisions"}],"predecessor-version":[{"id":12914,"href":"https:\/\/www.atelierdocaractere.pt\/brevemente\/wp-json\/wp\/v2\/posts\/12909\/revisions\/12914"}],"wp:featuredmedia":[{"embeddable":true,"href":"https:\/\/www.atelierdocaractere.pt\/brevemente\/wp-json\/wp\/v2\/media\/12913"}],"wp:attachment":[{"href":"https:\/\/www.atelierdocaractere.pt\/brevemente\/wp-json\/wp\/v2\/media?parent=12909"}],"wp:term":[{"taxonomy":"category","embeddable":true,"href":"https:\/\/www.atelierdocaractere.pt\/brevemente\/wp-json\/wp\/v2\/categories?post=12909"},{"taxonomy":"post_tag","embeddable":true,"href":"https:\/\/www.atelierdocaractere.pt\/brevemente\/wp-json\/wp\/v2\/tags?post=12909"}],"curies":[{"name":"wp","href":"https:\/\/api.w.org\/{rel}","templated":true}]}}