{"id":12925,"date":"2024-06-17T17:46:34","date_gmt":"2024-06-17T17:46:34","guid":{"rendered":"https:\/\/www.atelierdocaractere.pt\/brevemente\/?p=12925"},"modified":"2024-06-26T17:52:33","modified_gmt":"2024-06-26T17:52:33","slug":"glex-summit-a-davos-da-exploracao-comeca-amanha-em-angra-do-heroismo","status":"publish","type":"post","link":"https:\/\/www.atelierdocaractere.pt\/brevemente\/glex-summit-a-davos-da-exploracao-comeca-amanha-em-angra-do-heroismo\/","title":{"rendered":"GLEX Summit: A \u201cDavos da explora\u00e7\u00e3o\u201d come\u00e7a amanh\u00e3 em Angra do Hero\u00edsmo"},"content":{"rendered":"\n<p><strong>Ap\u00f3s a inspiradora GLEX Ignition no Porto, a elite da explora\u00e7\u00e3o mundial viaja com destino \u00e0 cidade de Angra do Hero\u00edsmo, na ilha da Terceira, para a&nbsp;<a href=\"https:\/\/www.glexsummit.com\/\">GLEX Summit 2024<\/a>, que decorre amanh\u00e3 (ter\u00e7a-feira) e quarta-feira. A quinta edi\u00e7\u00e3o da iniciativa volta a reunir alguns dos mais renomados exploradores e cientistas do planeta, como Fabien Cousteau, Lee Berger, Britney Schmidt e Tess Caswell, com o objetivo de discutir o poder e o futuro da explora\u00e7\u00e3o, desde o fundo dos oceanos at\u00e9 \u00e0s novas miss\u00f5es espaciais. O almirante Henrique Gouveia e Melo,<\/strong><strong>&nbsp;Chefe do Estado-Maior da Armada, encerra a cimeira.<\/strong><\/p>\n\n\n\n<figure class=\"wp-block-image size-large\"><img decoding=\"async\" width=\"1024\" height=\"681\" src=\"https:\/\/www.atelierdocaractere.pt\/wp-content\/uploads\/2024\/06\/glex-summit1-1024x681.jpg\" alt=\"\" class=\"wp-image-12928\" srcset=\"https:\/\/www.atelierdocaractere.pt\/wp-content\/uploads\/2024\/06\/glex-summit1-1024x681.jpg 1024w, https:\/\/www.atelierdocaractere.pt\/wp-content\/uploads\/2024\/06\/glex-summit1-300x200.jpg 300w, https:\/\/www.atelierdocaractere.pt\/wp-content\/uploads\/2024\/06\/glex-summit1-768x511.jpg 768w, https:\/\/www.atelierdocaractere.pt\/wp-content\/uploads\/2024\/06\/glex-summit1-1536x1021.jpg 1536w, https:\/\/www.atelierdocaractere.pt\/wp-content\/uploads\/2024\/06\/glex-summit1-900x600.jpg 900w, https:\/\/www.atelierdocaractere.pt\/wp-content\/uploads\/2024\/06\/glex-summit1-675x450.jpg 675w, https:\/\/www.atelierdocaractere.pt\/wp-content\/uploads\/2024\/06\/glex-summit1.jpg 1600w\" sizes=\"(max-width: 1024px) 100vw, 1024px\" \/><\/figure>\n\n\n\n<p>\u00c9 j\u00e1 amanh\u00e3 (ter\u00e7a-feira), que come\u00e7a a t\u00e3o aguardada quinta edi\u00e7\u00e3o da GLEX Summit 2024. \u00c0 cidade de Angra do Hero\u00edsmo j\u00e1 chegaram mais de quatro dezenas de exploradores \u2013 muitos deles, aut\u00eanticas lendas vivas nas suas \u00e1reas. Esta \u00e9 a segunda edi\u00e7\u00e3o consecutiva da GLEX Summit na Terceira, uma escolha que se justifica pelo valor hist\u00f3rico da ilha, com mais de 500 anos, e uma crescente import\u00e2ncia geoestrat\u00e9gica no centro do Atl\u00e2ntico.<\/p>\n\n\n\n<p>A Terceira, uma ilha fortificada que come\u00e7ou a ser povoada em 1450, foi local de paragem de v\u00e1rias rotas comerciais e transatl\u00e2nticas nos s\u00e9culos XVI e XVIII e est\u00e1 associada a v\u00e1rios marcos hist\u00f3ricos de Portugal. E a ic\u00f3nica viagem pelo mundo do naturalista Charles Darwin, que come\u00e7ou em Davenport no dia 27 de dezembro de 1831, tamb\u00e9m passou pela ilha, em 1836.<br><br>O programa da cimeira arranca \u00e0s 9h30, com a sess\u00e3o\u00a0<strong>\u201cStargazers &amp; Trailblazers\u201d<\/strong>, que re\u00fane alguns dos maiores apaixonados pela explora\u00e7\u00e3o espacial e das profundezas do mar e da terra.\u00a0<strong>Fabien Cousteau<\/strong>, aquanauta e conservacionista oce\u00e2nico, vai partilhar a sua experi\u00eancia na explora\u00e7\u00e3o subaqu\u00e1tica.\u00a0<strong>Sammy Ramsey<\/strong>, entomologista e conservacionista, vai partilhar as suas investiga\u00e7\u00f5es sobre esp\u00e9cies de insetos e a sua import\u00e2ncia para o ecossistema.\u00a0<strong>Martina Capriotti<\/strong>, bi\u00f3loga, vai explorar a intersec\u00e7\u00e3o entre biologia marinha e mudan\u00e7as clim\u00e1ticas.\u00a0<strong>Jess Phoenix<\/strong>, vulcan\u00f3loga, vai falar sobre os riscos naturais e como eles afetam as comunidades.\u00a0<strong>Andrea Presotto<\/strong>, professora associada e diretora de programa em Sistemas de Informa\u00e7\u00f5es Geogr\u00e1ficas, vai trazer a sua perspetiva sobre a gest\u00e3o de dados geoespaciais.<\/p>\n\n\n\n<figure class=\"wp-block-image size-large\"><img decoding=\"async\" width=\"1024\" height=\"681\" src=\"https:\/\/www.atelierdocaractere.pt\/wp-content\/uploads\/2024\/06\/glex-summit2-1024x681.jpg\" alt=\"\" class=\"wp-image-12926\" srcset=\"https:\/\/www.atelierdocaractere.pt\/wp-content\/uploads\/2024\/06\/glex-summit2-1024x681.jpg 1024w, https:\/\/www.atelierdocaractere.pt\/wp-content\/uploads\/2024\/06\/glex-summit2-300x200.jpg 300w, https:\/\/www.atelierdocaractere.pt\/wp-content\/uploads\/2024\/06\/glex-summit2-768x511.jpg 768w, https:\/\/www.atelierdocaractere.pt\/wp-content\/uploads\/2024\/06\/glex-summit2-1536x1021.jpg 1536w, https:\/\/www.atelierdocaractere.pt\/wp-content\/uploads\/2024\/06\/glex-summit2-900x600.jpg 900w, https:\/\/www.atelierdocaractere.pt\/wp-content\/uploads\/2024\/06\/glex-summit2-675x450.jpg 675w, https:\/\/www.atelierdocaractere.pt\/wp-content\/uploads\/2024\/06\/glex-summit2.jpg 1600w\" sizes=\"(max-width: 1024px) 100vw, 1024px\" \/><\/figure>\n\n\n\n<p>A segunda sess\u00e3o do dia,\u00a0<strong>\u201cFrom the Front Lines\u201d<\/strong>\u00a0d\u00e1 destaque aos exploradores que, em situa\u00e7\u00f5es de conflito, superaram todas as expectativas dando seguimento \u00e0 sua investiga\u00e7\u00e3o e aos seus objetivos.\u00a0<strong>Morad Tahbaz<\/strong>, empres\u00e1rio e conservacionista, vai discutir os desafios enfrentados na conserva\u00e7\u00e3o em regi\u00f5es de conflito.\u00a0<strong>Ihor Poshyvailo<\/strong>, ativista cultural e curador de arte, vai falar sobre a preserva\u00e7\u00e3o do patrim\u00f3nio cultural durante a guerra.\u00a0<strong>Aziz Abu Sarah<\/strong>, ativista da paz e jornalista, vai partilhar a sua experi\u00eancia em promover a paz atrav\u00e9s do turismo socialmente consciente.\u00a0<strong>Kim Passy-Yoseph<\/strong>, diretora de opera\u00e7\u00f5es da MEJDI Tours, vai defender como as viagens respons\u00e1veis podem contribuir para a paz e a compreens\u00e3o entre culturas.<br><br>O dia termina com uma sess\u00e3o especial com a SOE&#8217;24 &#8211; Space, Ocean and Earth Insights, promovida pela INESC TEC, que ter\u00e1 como tema\u00a0<strong>\u201cWomen in Exploration: Breaking Boundaries\u201d<\/strong>.\u00a0<strong>Ana Pires<\/strong>, investigadora do INESC TEC e Comandante da miss\u00e3o CAM\u00f5es, vai discutir as suas experi\u00eancias em rob\u00f3tica e sistemas aut\u00f3nomos.\u00a0<strong>Yvette Gonzalez<\/strong>, consultora de estrat\u00e9gia espacial, VAI falar sobre o papel das mulheres na estrat\u00e9gia e pol\u00edtica espacial.\u00a0<strong>Tess Caswell<\/strong>, chefe de testes de opera\u00e7\u00f5es de EVA de explora\u00e7\u00e3o da NASA, vai partilhar os desafios e inova\u00e7\u00f5es nas opera\u00e7\u00f5es extraveiculares.\u00a0<strong>Beatriz Flamini<\/strong>, atleta e montanhista extrema, vai falar sobre a sua experi\u00eancia em condi\u00e7\u00f5es extremas, enquanto\u00a0<strong>Sabrina Thompson<\/strong>, engenheira aeroespacial, vai falar sobre a engenharia e design de naves espaciais.\u00a0<strong>Kirstin Schulz<\/strong>, investigadora polar, vai trazer a sua perspetiva em oceanografia f\u00edsica.\u00a0<strong>Fatma Kaplan<\/strong>, cientista e empreendedora, vai revelar as mais recentes inova\u00e7\u00f5es na biotecnologia, enquanto\u00a0<strong>Nicole Mann<\/strong>, astronauta da NASA, vai partilhar a sua experi\u00eancia como a primeira mulher nativo-americana no espa\u00e7o.<\/p>\n\n\n\n<p>O segundo dia de palestras no Centro Cultural e de Congressos de Angra do Hero\u00edsmo, quarta-feira, dia 19 de junho, come\u00e7a \u00e0s 9h30, com um painel dedicado ao tema&nbsp;<strong>\u201cInfinite Horizons\u201d<\/strong>: focando-se nas formas mais ambiciosas e inovadoras de explora\u00e7\u00e3o, esta sess\u00e3o vai abordar o projeto&nbsp;<strong>TITAN<\/strong>&nbsp;e a expedi\u00e7\u00e3o &#8220;Darwin200&#8221;, para al\u00e9m de discutir o impacto de eventos tr\u00e1gicos, como a implos\u00e3o do submers\u00edvel TITAN, e como essas li\u00e7\u00f5es s\u00e3o aplicadas para futuras explora\u00e7\u00f5es.<br><br>Os segredos da natureza e as origens da humanidade d\u00e3o o mote \u00e0 segunda sess\u00e3o do dia, com um painel designado&nbsp;<strong>\u201cBeyond the Veil\u201d<\/strong>.&nbsp;<strong>Lvcas Fiat<\/strong>, designer naturalista, vai discutir a beleza e complexidade do design na natureza, enquanto&nbsp;<strong>Juan Pablo Culasso<\/strong>, engenheiro bioac\u00fastico, vai falar sobre a import\u00e2ncia do som na identifica\u00e7\u00e3o de esp\u00e9cies e conserva\u00e7\u00e3o.&nbsp;<strong>Justin Fornal<\/strong>, explorador e maratonista aqu\u00e1tico, vai partilhar as suas experi\u00eancias em expedi\u00e7\u00f5es extremas, enquanto Lee Berger, paleoantrop\u00f3logo, vai discutir as mais recentes descobertas sobre as origens humanas.<\/p>\n\n\n\n<figure class=\"wp-block-image size-large\"><img decoding=\"async\" width=\"1024\" height=\"681\" src=\"https:\/\/www.atelierdocaractere.pt\/wp-content\/uploads\/2024\/06\/glex-summit3-1024x681.jpg\" alt=\"\" class=\"wp-image-12927\" srcset=\"https:\/\/www.atelierdocaractere.pt\/wp-content\/uploads\/2024\/06\/glex-summit3-1024x681.jpg 1024w, https:\/\/www.atelierdocaractere.pt\/wp-content\/uploads\/2024\/06\/glex-summit3-300x200.jpg 300w, https:\/\/www.atelierdocaractere.pt\/wp-content\/uploads\/2024\/06\/glex-summit3-768x511.jpg 768w, https:\/\/www.atelierdocaractere.pt\/wp-content\/uploads\/2024\/06\/glex-summit3-1536x1021.jpg 1536w, https:\/\/www.atelierdocaractere.pt\/wp-content\/uploads\/2024\/06\/glex-summit3-900x600.jpg 900w, https:\/\/www.atelierdocaractere.pt\/wp-content\/uploads\/2024\/06\/glex-summit3-675x450.jpg 675w, https:\/\/www.atelierdocaractere.pt\/wp-content\/uploads\/2024\/06\/glex-summit3.jpg 1600w\" sizes=\"(max-width: 1024px) 100vw, 1024px\" \/><\/figure>\n\n\n\n<p><strong>\u201cThe Magic of Exploration\u201d,&nbsp;<\/strong>a derradeira sess\u00e3o da GLEX Summit 2024 \u00e9 dedicada \u00e0 magia da explora\u00e7\u00e3o e aos encantos da natureza.&nbsp;<strong>Brendan Hall<\/strong>, documentarista, vai debater a narra\u00e7\u00e3o de hist\u00f3rias atrav\u00e9s do cinema.&nbsp;<strong>Karim Ilya<\/strong>, fot\u00f3grafo e realizador, vai falar sobre a documenta\u00e7\u00e3o de esp\u00e9cies em risco de extin\u00e7\u00e3o.&nbsp;<strong>Rebecca Hui<\/strong>, designer e fundadora do Roots Studio, vai discutir como o design pode preservar culturas ind\u00edgenas, ao passo que&nbsp;<strong>Joe Rohde<\/strong>, conhecido arquiteto e designer da Disney, vai partilhar a sua vis\u00e3o sobre a cria\u00e7\u00e3o de mundos imagin\u00e1rios baseados na explora\u00e7\u00e3o.<\/p>\n\n\n\n<p>A cerim\u00f3nia de encerramento ser\u00e1 conduzida pelo&nbsp;<strong>Almirante Gouveia e Melo<\/strong>, Chefe do Estado-Maior da Armada, encerrando oficialmente a GLEX Summit 2024.<\/p>\n\n\n\n<p>A GLEX Summit promete levar os participantes numa viagem inesquec\u00edvel atrav\u00e9s de descobertas vanguardistas, miss\u00f5es cient\u00edficas e tecnologias de ponta que t\u00eam impulsionado a humanidade para novas fronteiras do conhecimento. Os A\u00e7ores, com a sua localiza\u00e7\u00e3o estrat\u00e9gica no meio do Atl\u00e2ntico, s\u00e3o o cen\u00e1rio perfeito para discutir temas que moldam o futuro da explora\u00e7\u00e3o.<\/p>\n\n\n\n<p>A GLEX Summit \u00e9 organizada pela portuguesa&nbsp;<a href=\"https:\/\/www.expanding.pt\/\">Expanding<\/a>, com a chancela e a curadoria do nova-iorquino&nbsp;<a href=\"https:\/\/www.explorers.org\/\">The Explorers Club<\/a>, garantindo uma cimeira de n\u00edvel internacional.<\/p>\n\n\n\n<p><strong>A GLEX Ignition no Porto<\/strong><\/p>\n\n\n\n<p>A GLEX Ignition, que decorreu a 15 de junho no Centro de Congressos da Alf\u00e2ndega do Porto, abriu com chave de ouro, celebrando a cidade onde nasceu o Infante D. Henrique, \u201cO Navegador\u201d. Este evento inaugural contou com a presen\u00e7a de figuras de destaque e discutiu temas como o futuro das esta\u00e7\u00f5es espaciais e o regresso \u00e0 Lua, estabelecendo o tom para a cimeira principal<\/p>\n","protected":false},"excerpt":{"rendered":"<p>Ap\u00f3s a inspiradora GLEX Ignition no Porto, a elite da explora\u00e7\u00e3o mundial viaja com destino \u00e0 cidade de Angra do&#8230;<\/p>\n","protected":false},"author":7,"featured_media":12928,"comment_status":"closed","ping_status":"open","sticky":false,"template":"","format":"standard","meta":[],"categories":[451],"tags":[470,789,446],"yoast_head":"<!-- This site is optimized with the Yoast SEO plugin v20.12 - https:\/\/yoast.com\/wordpress\/plugins\/seo\/ -->\n<title>GLEX Summit: A \u201cDavos da explora\u00e7\u00e3o\u201d come\u00e7a amanh\u00e3 em Angra do Hero\u00edsmo - Atelier do Caractere<\/title>\n<meta name=\"robots\" content=\"index, follow, max-snippet:-1, max-image-preview:large, max-video-preview:-1\" \/>\n<link rel=\"canonical\" href=\"https:\/\/www.atelierdocaractere.pt\/brevemente\/glex-summit-a-davos-da-exploracao-comeca-amanha-em-angra-do-heroismo\/\" \/>\n<meta property=\"og:locale\" content=\"pt_PT\" \/>\n<meta property=\"og:type\" content=\"article\" \/>\n<meta property=\"og:title\" content=\"GLEX Summit: A \u201cDavos da explora\u00e7\u00e3o\u201d come\u00e7a amanh\u00e3 em Angra do Hero\u00edsmo - Atelier do Caractere\" \/>\n<meta property=\"og:description\" content=\"Ap\u00f3s a inspiradora GLEX Ignition no Porto, a elite da explora\u00e7\u00e3o mundial viaja com destino \u00e0 cidade de Angra do...\" \/>\n<meta property=\"og:url\" content=\"https:\/\/www.atelierdocaractere.pt\/brevemente\/glex-summit-a-davos-da-exploracao-comeca-amanha-em-angra-do-heroismo\/\" \/>\n<meta property=\"og:site_name\" content=\"Atelier do Caractere\" \/>\n<meta property=\"article:publisher\" content=\"https:\/\/www.facebook.com\/AtelierdoCaractere\" \/>\n<meta property=\"article:published_time\" content=\"2024-06-17T17:46:34+00:00\" \/>\n<meta property=\"article:modified_time\" content=\"2024-06-26T17:52:33+00:00\" \/>\n<meta property=\"og:image\" content=\"https:\/\/www.atelierdocaractere.pt\/wp-content\/uploads\/2024\/06\/glex-summit1.jpg\" \/>\n\t<meta property=\"og:image:width\" content=\"1600\" \/>\n\t<meta property=\"og:image:height\" content=\"1064\" \/>\n\t<meta property=\"og:image:type\" content=\"image\/jpeg\" \/>\n<meta name=\"author\" content=\"Joana Barbosa\" \/>\n<meta name=\"twitter:card\" content=\"summary_large_image\" \/>\n<meta name=\"twitter:label1\" content=\"Escrito por\" \/>\n\t<meta name=\"twitter:data1\" content=\"Joana Barbosa\" \/>\n\t<meta name=\"twitter:label2\" content=\"Tempo estimado de leitura\" \/>\n\t<meta name=\"twitter:data2\" content=\"7 minutos\" \/>\n<script type=\"application\/ld+json\" class=\"yoast-schema-graph\">{\"@context\":\"https:\/\/schema.org\",\"@graph\":[{\"@type\":\"WebPage\",\"@id\":\"https:\/\/www.atelierdocaractere.pt\/brevemente\/glex-summit-a-davos-da-exploracao-comeca-amanha-em-angra-do-heroismo\/\",\"url\":\"https:\/\/www.atelierdocaractere.pt\/brevemente\/glex-summit-a-davos-da-exploracao-comeca-amanha-em-angra-do-heroismo\/\",\"name\":\"GLEX Summit: A \u201cDavos da explora\u00e7\u00e3o\u201d come\u00e7a amanh\u00e3 em Angra do Hero\u00edsmo - Atelier do Caractere\",\"isPartOf\":{\"@id\":\"https:\/\/www.atelierdocaractere.pt\/brevemente\/#website\"},\"datePublished\":\"2024-06-17T17:46:34+00:00\",\"dateModified\":\"2024-06-26T17:52:33+00:00\",\"author\":{\"@id\":\"https:\/\/www.atelierdocaractere.pt\/brevemente\/#\/schema\/person\/f2f096eb0f27d9894725af22cb97c0db\"},\"breadcrumb\":{\"@id\":\"https:\/\/www.atelierdocaractere.pt\/brevemente\/glex-summit-a-davos-da-exploracao-comeca-amanha-em-angra-do-heroismo\/#breadcrumb\"},\"inLanguage\":\"pt-PT\",\"potentialAction\":[{\"@type\":\"ReadAction\",\"target\":[\"https:\/\/www.atelierdocaractere.pt\/brevemente\/glex-summit-a-davos-da-exploracao-comeca-amanha-em-angra-do-heroismo\/\"]}]},{\"@type\":\"BreadcrumbList\",\"@id\":\"https:\/\/www.atelierdocaractere.pt\/brevemente\/glex-summit-a-davos-da-exploracao-comeca-amanha-em-angra-do-heroismo\/#breadcrumb\",\"itemListElement\":[{\"@type\":\"ListItem\",\"position\":1,\"name\":\"In\u00edcio\",\"item\":\"https:\/\/www.atelierdocaractere.pt\/brevemente\/\"},{\"@type\":\"ListItem\",\"position\":2,\"name\":\"GLEX Summit: A \u201cDavos da explora\u00e7\u00e3o\u201d come\u00e7a amanh\u00e3 em Angra do Hero\u00edsmo\"}]},{\"@type\":\"WebSite\",\"@id\":\"https:\/\/www.atelierdocaractere.pt\/brevemente\/#website\",\"url\":\"https:\/\/www.atelierdocaractere.pt\/brevemente\/\",\"name\":\"Atelier do Caractere\",\"description\":\"\",\"potentialAction\":[{\"@type\":\"SearchAction\",\"target\":{\"@type\":\"EntryPoint\",\"urlTemplate\":\"https:\/\/www.atelierdocaractere.pt\/brevemente\/?s={search_term_string}\"},\"query-input\":\"required name=search_term_string\"}],\"inLanguage\":\"pt-PT\"},{\"@type\":\"Person\",\"@id\":\"https:\/\/www.atelierdocaractere.pt\/brevemente\/#\/schema\/person\/f2f096eb0f27d9894725af22cb97c0db\",\"name\":\"Joana Barbosa\",\"image\":{\"@type\":\"ImageObject\",\"inLanguage\":\"pt-PT\",\"@id\":\"https:\/\/www.atelierdocaractere.pt\/brevemente\/#\/schema\/person\/image\/\",\"url\":\"https:\/\/secure.gravatar.com\/avatar\/33e8214b45e9d68a3a83008731075979?s=96&d=mm&r=g\",\"contentUrl\":\"https:\/\/secure.gravatar.com\/avatar\/33e8214b45e9d68a3a83008731075979?s=96&d=mm&r=g\",\"caption\":\"Joana Barbosa\"},\"url\":\"https:\/\/www.atelierdocaractere.pt\/brevemente\/author\/joanabarbosa\/\"}]}<\/script>\n<!-- \/ Yoast SEO plugin. -->","yoast_head_json":{"title":"GLEX Summit: A \u201cDavos da explora\u00e7\u00e3o\u201d come\u00e7a amanh\u00e3 em Angra do Hero\u00edsmo - Atelier do Caractere","robots":{"index":"index","follow":"follow","max-snippet":"max-snippet:-1","max-image-preview":"max-image-preview:large","max-video-preview":"max-video-preview:-1"},"canonical":"https:\/\/www.atelierdocaractere.pt\/brevemente\/glex-summit-a-davos-da-exploracao-comeca-amanha-em-angra-do-heroismo\/","og_locale":"pt_PT","og_type":"article","og_title":"GLEX Summit: A \u201cDavos da explora\u00e7\u00e3o\u201d come\u00e7a amanh\u00e3 em Angra do Hero\u00edsmo - Atelier do Caractere","og_description":"Ap\u00f3s a inspiradora GLEX Ignition no Porto, a elite da explora\u00e7\u00e3o mundial viaja com destino \u00e0 cidade de Angra do...","og_url":"https:\/\/www.atelierdocaractere.pt\/brevemente\/glex-summit-a-davos-da-exploracao-comeca-amanha-em-angra-do-heroismo\/","og_site_name":"Atelier do Caractere","article_publisher":"https:\/\/www.facebook.com\/AtelierdoCaractere","article_published_time":"2024-06-17T17:46:34+00:00","article_modified_time":"2024-06-26T17:52:33+00:00","og_image":[{"width":1600,"height":1064,"url":"https:\/\/www.atelierdocaractere.pt\/wp-content\/uploads\/2024\/06\/glex-summit1.jpg","type":"image\/jpeg"}],"author":"Joana Barbosa","twitter_card":"summary_large_image","twitter_misc":{"Escrito por":"Joana Barbosa","Tempo estimado de leitura":"7 minutos"},"schema":{"@context":"https:\/\/schema.org","@graph":[{"@type":"WebPage","@id":"https:\/\/www.atelierdocaractere.pt\/brevemente\/glex-summit-a-davos-da-exploracao-comeca-amanha-em-angra-do-heroismo\/","url":"https:\/\/www.atelierdocaractere.pt\/brevemente\/glex-summit-a-davos-da-exploracao-comeca-amanha-em-angra-do-heroismo\/","name":"GLEX Summit: A \u201cDavos da explora\u00e7\u00e3o\u201d come\u00e7a amanh\u00e3 em Angra do Hero\u00edsmo - Atelier do Caractere","isPartOf":{"@id":"https:\/\/www.atelierdocaractere.pt\/brevemente\/#website"},"datePublished":"2024-06-17T17:46:34+00:00","dateModified":"2024-06-26T17:52:33+00:00","author":{"@id":"https:\/\/www.atelierdocaractere.pt\/brevemente\/#\/schema\/person\/f2f096eb0f27d9894725af22cb97c0db"},"breadcrumb":{"@id":"https:\/\/www.atelierdocaractere.pt\/brevemente\/glex-summit-a-davos-da-exploracao-comeca-amanha-em-angra-do-heroismo\/#breadcrumb"},"inLanguage":"pt-PT","potentialAction":[{"@type":"ReadAction","target":["https:\/\/www.atelierdocaractere.pt\/brevemente\/glex-summit-a-davos-da-exploracao-comeca-amanha-em-angra-do-heroismo\/"]}]},{"@type":"BreadcrumbList","@id":"https:\/\/www.atelierdocaractere.pt\/brevemente\/glex-summit-a-davos-da-exploracao-comeca-amanha-em-angra-do-heroismo\/#breadcrumb","itemListElement":[{"@type":"ListItem","position":1,"name":"In\u00edcio","item":"https:\/\/www.atelierdocaractere.pt\/brevemente\/"},{"@type":"ListItem","position":2,"name":"GLEX Summit: A \u201cDavos da explora\u00e7\u00e3o\u201d come\u00e7a amanh\u00e3 em Angra do Hero\u00edsmo"}]},{"@type":"WebSite","@id":"https:\/\/www.atelierdocaractere.pt\/brevemente\/#website","url":"https:\/\/www.atelierdocaractere.pt\/brevemente\/","name":"Atelier do Caractere","description":"","potentialAction":[{"@type":"SearchAction","target":{"@type":"EntryPoint","urlTemplate":"https:\/\/www.atelierdocaractere.pt\/brevemente\/?s={search_term_string}"},"query-input":"required name=search_term_string"}],"inLanguage":"pt-PT"},{"@type":"Person","@id":"https:\/\/www.atelierdocaractere.pt\/brevemente\/#\/schema\/person\/f2f096eb0f27d9894725af22cb97c0db","name":"Joana Barbosa","image":{"@type":"ImageObject","inLanguage":"pt-PT","@id":"https:\/\/www.atelierdocaractere.pt\/brevemente\/#\/schema\/person\/image\/","url":"https:\/\/secure.gravatar.com\/avatar\/33e8214b45e9d68a3a83008731075979?s=96&d=mm&r=g","contentUrl":"https:\/\/secure.gravatar.com\/avatar\/33e8214b45e9d68a3a83008731075979?s=96&d=mm&r=g","caption":"Joana Barbosa"},"url":"https:\/\/www.atelierdocaractere.pt\/brevemente\/author\/joanabarbosa\/"}]}},"_links":{"self":[{"href":"https:\/\/www.atelierdocaractere.pt\/brevemente\/wp-json\/wp\/v2\/posts\/12925"}],"collection":[{"href":"https:\/\/www.atelierdocaractere.pt\/brevemente\/wp-json\/wp\/v2\/posts"}],"about":[{"href":"https:\/\/www.atelierdocaractere.pt\/brevemente\/wp-json\/wp\/v2\/types\/post"}],"author":[{"embeddable":true,"href":"https:\/\/www.atelierdocaractere.pt\/brevemente\/wp-json\/wp\/v2\/users\/7"}],"replies":[{"embeddable":true,"href":"https:\/\/www.atelierdocaractere.pt\/brevemente\/wp-json\/wp\/v2\/comments?post=12925"}],"version-history":[{"count":1,"href":"https:\/\/www.atelierdocaractere.pt\/brevemente\/wp-json\/wp\/v2\/posts\/12925\/revisions"}],"predecessor-version":[{"id":12929,"href":"https:\/\/www.atelierdocaractere.pt\/brevemente\/wp-json\/wp\/v2\/posts\/12925\/revisions\/12929"}],"wp:featuredmedia":[{"embeddable":true,"href":"https:\/\/www.atelierdocaractere.pt\/brevemente\/wp-json\/wp\/v2\/media\/12928"}],"wp:attachment":[{"href":"https:\/\/www.atelierdocaractere.pt\/brevemente\/wp-json\/wp\/v2\/media?parent=12925"}],"wp:term":[{"taxonomy":"category","embeddable":true,"href":"https:\/\/www.atelierdocaractere.pt\/brevemente\/wp-json\/wp\/v2\/categories?post=12925"},{"taxonomy":"post_tag","embeddable":true,"href":"https:\/\/www.atelierdocaractere.pt\/brevemente\/wp-json\/wp\/v2\/tags?post=12925"}],"curies":[{"name":"wp","href":"https:\/\/api.w.org\/{rel}","templated":true}]}}