{"id":12930,"date":"2024-06-13T17:53:17","date_gmt":"2024-06-13T17:53:17","guid":{"rendered":"https:\/\/www.atelierdocaractere.pt\/brevemente\/?p=12930"},"modified":"2024-06-26T18:02:28","modified_gmt":"2024-06-26T18:02:28","slug":"a-maior-cimeira-de-exploracao-do-planeta-comeca-ja-este-sabado-com-a-glex-ignition-na-cidade-do-porto","status":"publish","type":"post","link":"https:\/\/www.atelierdocaractere.pt\/brevemente\/a-maior-cimeira-de-exploracao-do-planeta-comeca-ja-este-sabado-com-a-glex-ignition-na-cidade-do-porto\/","title":{"rendered":"A maior cimeira de explora\u00e7\u00e3o do planeta come\u00e7a j\u00e1 este s\u00e1bado com a GLEX Ignition na cidade do Porto"},"content":{"rendered":"\n<p><strong>Este s\u00e1bado, dia 15 de junho, o Porto recebe a \u201cGLEX Ignition\u201d, a abertura da quinta edi\u00e7\u00e3o da&nbsp;<a href=\"https:\/\/glexsummit.com\/\">Global ExplorationSummit (GLEX Summit)<\/a>. Pela primeira vez, a cidade do Porto abre a cimeira, com um dia dedicado \u00e0 explora\u00e7\u00e3o espacial e \u00e0 inova\u00e7\u00e3o, que inclui um momento \u00fanico de grava\u00e7\u00e3o ao vivo do famoso podcast da BBC \u201cThe Infinite Monkey Cage\u201d, pelo apresentador e comediante Robin Ince, com Brian Cox, f\u00edsico e apresentador de programas cient\u00edficos da BBC, e convidados.&nbsp;<a href=\"https:\/\/glexsummit.com\/explorers\">A elite da explora\u00e7\u00e3o mundial<\/a>, representada por nomes como Fabien Cousteau, Lee Berger, Britney Schmidt ou Tess Caswell, segue depois para Angra do Hero\u00edsmo, na ilha da Terceira, onde, nos dias 18 e 19 de junho, vai ser discutido o poder e o futuro da explora\u00e7\u00e3o, do fundo dos oceanos, \u00e0s novas miss\u00f5es espaciais.<\/strong><\/p>\n\n\n\n<figure class=\"wp-block-image size-large\"><img decoding=\"async\" width=\"1024\" height=\"681\" src=\"https:\/\/www.atelierdocaractere.pt\/wp-content\/uploads\/2024\/06\/glex-summit6-1024x681.jpg\" alt=\"\" class=\"wp-image-12931\" srcset=\"https:\/\/www.atelierdocaractere.pt\/wp-content\/uploads\/2024\/06\/glex-summit6-1024x681.jpg 1024w, https:\/\/www.atelierdocaractere.pt\/wp-content\/uploads\/2024\/06\/glex-summit6-300x200.jpg 300w, https:\/\/www.atelierdocaractere.pt\/wp-content\/uploads\/2024\/06\/glex-summit6-768x511.jpg 768w, https:\/\/www.atelierdocaractere.pt\/wp-content\/uploads\/2024\/06\/glex-summit6-1536x1022.jpg 1536w, https:\/\/www.atelierdocaractere.pt\/wp-content\/uploads\/2024\/06\/glex-summit6-900x600.jpg 900w, https:\/\/www.atelierdocaractere.pt\/wp-content\/uploads\/2024\/06\/glex-summit6-675x450.jpg 675w, https:\/\/www.atelierdocaractere.pt\/wp-content\/uploads\/2024\/06\/glex-summit6.jpg 1920w\" sizes=\"(max-width: 1024px) 100vw, 1024px\" \/><\/figure>\n\n\n\n<p>Foi no Porto que nasceu o Infante D. Henrique, de cognome \u201cO Navegador\u201d, figura incontorn\u00e1vel dos Descobrimentos portugueses \u2013 e este ano, \u00e9 nesta cidade que acontece a \u201cGLEX Ignition\u201d, a abertura da GLEX Summit 2024, numa edi\u00e7\u00e3o onde o mote s\u00e3o as mais recentes descobertas e as novas miss\u00f5es que est\u00e3o a revolucionar o futuro do planeta. Este s\u00e1bado, dia 15 de junho, chegam tamb\u00e9m ao Porto, a grande maioria das quatro dezenas de exploradores e cientistas que v\u00e3o participar na cimeira \u2013 muitos deles, aut\u00eanticas lendas vivas das suas \u00e1reas. A elite da explora\u00e7\u00e3o mundial segue depois para Angra do Hero\u00edsmo, na ilha da Terceira, para partilhar o seu conhecimento nos dias 18 e 19 de junho, em mais um ciclo de palestras.<\/p>\n\n\n\n<p>A \u201cGLEX Ignition\u201d acontece no s\u00e1bado, pelas 10h15, no Centro de Congressos da Alf\u00e2ndega do Porto, com uma sess\u00e3o de abertura pelo Secret\u00e1rio de Estado Adjunto e da Defesa Nacional, \u00c1lvaro Castelo Branco. Este \u00e9 um dia dedicado \u00e0 explora\u00e7\u00e3o espacial e \u00e0 inova\u00e7\u00e3o, come\u00e7ando com a sess\u00e3o&nbsp;<strong>\u201cLiving in Space: From Space Stations to Deep Space\u201d<\/strong>, em que se ir\u00e1 discutir a evolu\u00e7\u00e3o das esta\u00e7\u00f5es espaciais e o seu papel na prepara\u00e7\u00e3o de miss\u00f5es espaciais de longa dura\u00e7\u00e3o, assim como as implica\u00e7\u00f5es sociais de estabelecer&nbsp;<em>habitats<\/em>&nbsp;humanos sustent\u00e1veis para al\u00e9m do planeta Terra. No painel participa o portugu\u00eas Ant\u00f3nio Rios Amorim, CEO da Amorim Cork, Mike L\u00f3pez-Alegr\u00eda, astronauta, Vice-Presidente da Axiom Space, Tom Shelley, Vice-Presidente da Private crew recuitment na VAST e Ricardo Conde, da Portugal Space Agency, como moderador.<\/p>\n\n\n\n<figure class=\"wp-block-image size-large\"><img decoding=\"async\" width=\"1024\" height=\"684\" src=\"https:\/\/www.atelierdocaractere.pt\/wp-content\/uploads\/2024\/06\/glex-summit4-1024x684.jpg\" alt=\"\" class=\"wp-image-12934\" srcset=\"https:\/\/www.atelierdocaractere.pt\/wp-content\/uploads\/2024\/06\/glex-summit4-1024x684.jpg 1024w, https:\/\/www.atelierdocaractere.pt\/wp-content\/uploads\/2024\/06\/glex-summit4-300x200.jpg 300w, https:\/\/www.atelierdocaractere.pt\/wp-content\/uploads\/2024\/06\/glex-summit4-768x513.jpg 768w, https:\/\/www.atelierdocaractere.pt\/wp-content\/uploads\/2024\/06\/glex-summit4-1536x1026.jpg 1536w, https:\/\/www.atelierdocaractere.pt\/wp-content\/uploads\/2024\/06\/glex-summit4-900x600.jpg 900w, https:\/\/www.atelierdocaractere.pt\/wp-content\/uploads\/2024\/06\/glex-summit4-675x450.jpg 675w, https:\/\/www.atelierdocaractere.pt\/wp-content\/uploads\/2024\/06\/glex-summit4.jpg 1920w\" sizes=\"(max-width: 1024px) 100vw, 1024px\" \/><\/figure>\n\n\n\n<p><strong>\u201cReturning to the Moon and Beyond: Exploration in the next Decade\u201d<\/strong>&nbsp;\u00e9 a sess\u00e3o que se segue, onde vai ser debatida a import\u00e2ncia do regresso \u00e0 Lua, os objetivos para a pr\u00f3xima d\u00e9cada lunar,&nbsp;<a>os desafios e os riscos<\/a>&nbsp;envolvidos, assim como o papel da inova\u00e7\u00e3o, tecnologia e empreendedorismo no avan\u00e7o da ind\u00fastria espacial. Nesta sess\u00e3o, destaque para as participa\u00e7\u00f5es de Britney Schmidt (em 2023, eleita pela Time, como uma das 100 pessoas mais influentes do mundo) e Paul Wizikowski. O comunicador e&nbsp;<em>storyteller<\/em>&nbsp;ligado \u00e0 NASA e \u00e0 explora\u00e7\u00e3o espacial, vai apresentar a miss\u00e3o Art\u00e9mis, que tem como objetivo levar os humanos de volta \u00e0 Lua ainda esta d\u00e9cada, como tamb\u00e9m as primeiras astronautas mulheres e afrodescendentes.<\/p>\n\n\n\n<p>Ao final da manh\u00e3, tempo para falar com aventureiros e apaixonados pelo espa\u00e7o, no painel&nbsp;<strong>\u201cCelebrating Space Dreams: Conversations with Suborbital Pioneers\u201d<\/strong>, com a presen\u00e7a de Sara Sabry, a primeira astronauta eg\u00edpcia na miss\u00e3o Blue Origin NS-22, M\u00e1rio Ferreira, o primeiro portugu\u00eas a viajar at\u00e9 ao espa\u00e7o na miss\u00e3o Blue Origin NS-22 e Joe Rohde, conceituado arquiteto e designer norte-americano, conhecido pelo seu trabalho de conceptualiza\u00e7\u00e3o, design e produ\u00e7\u00e3o do parque tem\u00e1tico Animal Kingdom, no Walt Disney World.<\/p>\n\n\n\n<p>Ao in\u00edcio da tarde, o reputado paleoantrop\u00f3logo Lee Berger fala sobre&nbsp;<strong>\u201cNovas Descobertas sobre as Origens Humanas\u201d<\/strong>&nbsp;e a seguir a plateia assiste \u00e0 grava\u00e7\u00e3o ao vivo do famoso&nbsp;<em>podcast<\/em>&nbsp;da BBC&nbsp;<strong>\u201cThe Infinite Monkey Cage\u201d<\/strong>, do comediante e apresentador Robin Ince, com Brian Cox, f\u00edsico e apresentador de programas cient\u00edficos da BBC, e os convidados especiais Mike Massimino (ex-astronauta da NASA, autor bestseller, professor universit\u00e1rio e personalidade televisiva), Jess Phoenix (vulcanologista, especialista em riscos naturais e fundadora de uma organiza\u00e7\u00e3o sem fins lucrativos) e Britney Schmidt (astrobi\u00f3loga e ocean\u00f3grafa Polar).<\/p>\n\n\n\n<figure class=\"wp-block-image size-large\"><img decoding=\"async\" width=\"1024\" height=\"681\" src=\"https:\/\/www.atelierdocaractere.pt\/wp-content\/uploads\/2024\/06\/glex-summit1-1-1024x681.jpg\" alt=\"\" class=\"wp-image-12936\" srcset=\"https:\/\/www.atelierdocaractere.pt\/wp-content\/uploads\/2024\/06\/glex-summit1-1-1024x681.jpg 1024w, https:\/\/www.atelierdocaractere.pt\/wp-content\/uploads\/2024\/06\/glex-summit1-1-300x200.jpg 300w, https:\/\/www.atelierdocaractere.pt\/wp-content\/uploads\/2024\/06\/glex-summit1-1-768x511.jpg 768w, https:\/\/www.atelierdocaractere.pt\/wp-content\/uploads\/2024\/06\/glex-summit1-1-1536x1022.jpg 1536w, https:\/\/www.atelierdocaractere.pt\/wp-content\/uploads\/2024\/06\/glex-summit1-1-2048x1363.jpg 2048w, https:\/\/www.atelierdocaractere.pt\/wp-content\/uploads\/2024\/06\/glex-summit1-1-900x600.jpg 900w, https:\/\/www.atelierdocaractere.pt\/wp-content\/uploads\/2024\/06\/glex-summit1-1-675x450.jpg 675w\" sizes=\"(max-width: 1024px) 100vw, 1024px\" \/><\/figure>\n\n\n\n<p><strong>Ilha Terceira volta a receber a elite da explora\u00e7\u00e3o do planeta<\/strong><\/p>\n\n\n\n<p>Depois do Porto, a \u201cnata\u201d da explora\u00e7\u00e3o mundial viaja, pelo segundo ano consecutivo, para a ilha da Terceira, onde nos dias 18 e 19 de junho continuam as palestras sobre as mais emocionantes descobertas destas cerca de quatro dezenas de exploradores e cientistas, no Centro Cultural e de Congressos de Angra do Hero\u00edsmo.<\/p>\n\n\n\n<p>Na ter\u00e7a-feira, dia 18, o programa come\u00e7a pelas 9h30, com a sess\u00e3o&nbsp;<strong>\u201cStargazers &amp; Trailblazers\u201d<\/strong>, que re\u00fane alguns dos maiores apaixonados pela explora\u00e7\u00e3o espacial e das profundezas do mar e da terra, como Fabien Cousteau (aquanauta, conservacionista oce\u00e2nico, documentarista e neto do famoso explorador Jacques Cousteau), Sammy Ramsey (entomologista e conservacionista), Martina Capriotti (bi\u00f3loga), Jess Phoenix (vulcan\u00f3loga, especialista em riscos naturais, fundadora de uma organiza\u00e7\u00e3o sem fins lucrativos) e Andrea Presotto (professora associada, diretora do programa de P\u00f3s-Gradua\u00e7\u00e3o de Gest\u00e3o de Sistemas de Informa\u00e7\u00f5es Geogr\u00e1ficas\/Geografia e Geoci\u00eancias).<\/p>\n\n\n\n<p>A segunda sess\u00e3o do dia,&nbsp;<strong>\u201cFrom the Front Lines\u201d<\/strong>&nbsp;d\u00e1 destaque aos exploradores que, em situa\u00e7\u00f5es de conflito, superaram todas as expectativas, dando seguimento \u00e0 sua investiga\u00e7\u00e3o e aos seus objetivos. Sobem a palco Morad Tahbaz (empres\u00e1rio e conservacionista iraniano-americano), Ihor Poshyvailo (ativista cultural, etn\u00f3logo, muse\u00f3logo e curador de arte ucraniano), Aziz Abu Sarah (ativista da paz, jornalista, empres\u00e1rio social e pol\u00edtico palestiano) e Kim Passy-Yoseph (israelita nascida em Tel Aviv, \u00e9 Diretora de Opera\u00e7\u00f5es da MEJDI Tours, uma empresa que se dedica a viagens socialmente conscientes e respons\u00e1veis).<\/p>\n\n\n\n<figure class=\"wp-block-image size-large\"><img decoding=\"async\" width=\"1024\" height=\"635\" src=\"https:\/\/www.atelierdocaractere.pt\/wp-content\/uploads\/2024\/06\/glex-summit3-1-1024x635.jpg\" alt=\"\" class=\"wp-image-12933\" srcset=\"https:\/\/www.atelierdocaractere.pt\/wp-content\/uploads\/2024\/06\/glex-summit3-1-1024x635.jpg 1024w, https:\/\/www.atelierdocaractere.pt\/wp-content\/uploads\/2024\/06\/glex-summit3-1-300x186.jpg 300w, https:\/\/www.atelierdocaractere.pt\/wp-content\/uploads\/2024\/06\/glex-summit3-1-768x476.jpg 768w, https:\/\/www.atelierdocaractere.pt\/wp-content\/uploads\/2024\/06\/glex-summit3-1-1536x953.jpg 1536w, https:\/\/www.atelierdocaractere.pt\/wp-content\/uploads\/2024\/06\/glex-summit3-1-2048x1271.jpg 2048w, https:\/\/www.atelierdocaractere.pt\/wp-content\/uploads\/2024\/06\/glex-summit3-1.jpg 1920w\" sizes=\"(max-width: 1024px) 100vw, 1024px\" \/><\/figure>\n\n\n\n<p>O \u00faltimo momento do primeiro dia no Centro Cultural e de Congressos de Angra do Hero\u00edsmo \u00e9 uma sess\u00e3o especial com a SOE&#8217;24 &#8211; Space, Ocean and Earth Insights, promovida pela INESC TEC, que ter\u00e1 como tema&nbsp;<strong>\u201cWomen in Exploration: Breaking Boundaries\u201d<\/strong>. Participam no debate a portuguesa Ana Pires (investigadora do INESC TEC, Centro de Rob\u00f3tica e Sistemas Aut\u00f3nomos, e Comandante da miss\u00e3o CAM\u00f5es), Yvette Gonzalez (consultora s\u00e9nior de estrat\u00e9gia espacial, autora e investigadora visitante na Universidade de Plymouth), Tess Casswell (chefe de testes de opera\u00e7\u00f5es de EVA de explora\u00e7\u00e3o, Centro Espacial Johnson da NASA), Beatriz Flamini (atleta e montanhista extrema), Sabrina Thompson (engenheira aeroespacial norte-americana), Kirstin Schulz (investigadora polar, com experi\u00eancia em oceanografia f\u00edsica), Fatma Kaplan (empreendedora e cientista, cofundadora e CEO da Pheronym) e Nicole Mann (astronauta da NASA, a primeira mulher nativo-americana a viajar para o espa\u00e7o).<\/p>\n\n\n\n<p>O segundo dia de palestras no Centro Cultural e de Congressos de Angra do Hero\u00edsmo, quarta-feira dia 19 de junho, come\u00e7a \u00e0s 9h30, com um painel dedicado ao tema&nbsp;<strong>\u201cInfinite Horizons\u201d<\/strong>, que d\u00e1 destaque \u00e0s mais ambiciosas e inovadoras formas de explora\u00e7\u00e3o. Um dos t\u00f3picos da discuss\u00e3o ser\u00e1 o TITAN, numa altura em que se assinala o anivers\u00e1rio de um ano da implos\u00e3o que provocou a morte dos cinco passageiros que seguiam a bordo do submers\u00edvel. O projeto \u201cDarwin200\u201d, uma expedi\u00e7\u00e3o que recria a viagem do cientista em nome do ambiente, estar\u00e1 tamb\u00e9m em destaque.<\/p>\n\n\n\n<p>Os segredos da natureza e as origens da humanidade d\u00e3o o mote \u00e0 segunda sess\u00e3o do dia, com um painel designado&nbsp;<strong>\u201cBeyond the Veil\u201d<\/strong>, que conta com personalidades como Lvcas Fiat (designer naturalista), Juan Pablo Culasso (engenheiro bioac\u00fastico e ativista pela acessibilidade), Justin Fornal (explorador e maratonista aqu\u00e1tico) e Lee Berger.<\/p>\n\n\n\n<p>A sess\u00e3o&nbsp;<strong>\u201cThe Magic of Exploration\u201d<\/strong>&nbsp;encerra a quinta edi\u00e7\u00e3o da GLEX Summit 2024, subindo a palco Brendan Hall (documentarista), Karim Ilya (fot\u00f3grafo e realizador, dedicado \u00e0s esp\u00e9cies em vias de extin\u00e7\u00e3o), Rebecca Hui (empres\u00e1ria, designer e fundadora do Roots Studio) e Joe Rohde.<\/p>\n\n\n\n<p>A cerim\u00f3nia de encerramento da GLEX Summit 2024 acontece pelas 16h55 e estar\u00e1 a cargo do Almirante Gouveia e Meio, Chefe do Estado-Maior da Armada.<\/p>\n\n\n\n<p>Em suma, uma cimeira imperd\u00edvel, onde de 15 a 19 de junho, a elite da explora\u00e7\u00e3o mundial leva os espectadores por inesquec\u00edveis viagens por descobertas vanguardistas, miss\u00f5es cient\u00edficas e tecnologias de ponta que t\u00eam impulsionado a Humanidade para novas fronteiras do conhecimento.<\/p>\n\n\n\n<p>A GLEX Summit \u00e9 organizada pela portuguesa&nbsp;<a href=\"https:\/\/www.expanding.pt\/\">Expanding<\/a>, com a chancela e a curadoria do nova-iorquino&nbsp;<a href=\"https:\/\/www.explorers.org\/\">The Explorers Club<\/a>.<\/p>\n\n\n\n<figure class=\"wp-block-image size-large\"><img decoding=\"async\" width=\"1024\" height=\"682\" src=\"https:\/\/www.atelierdocaractere.pt\/wp-content\/uploads\/2024\/06\/glex-summit5-1024x682.jpg\" alt=\"\" class=\"wp-image-12932\" srcset=\"https:\/\/www.atelierdocaractere.pt\/wp-content\/uploads\/2024\/06\/glex-summit5-1024x682.jpg 1024w, https:\/\/www.atelierdocaractere.pt\/wp-content\/uploads\/2024\/06\/glex-summit5-300x200.jpg 300w, https:\/\/www.atelierdocaractere.pt\/wp-content\/uploads\/2024\/06\/glex-summit5-768x511.jpg 768w, https:\/\/www.atelierdocaractere.pt\/wp-content\/uploads\/2024\/06\/glex-summit5-1536x1022.jpg 1536w, https:\/\/www.atelierdocaractere.pt\/wp-content\/uploads\/2024\/06\/glex-summit5-900x600.jpg 900w, https:\/\/www.atelierdocaractere.pt\/wp-content\/uploads\/2024\/06\/glex-summit5-675x450.jpg 675w, https:\/\/www.atelierdocaractere.pt\/wp-content\/uploads\/2024\/06\/glex-summit5.jpg 1920w\" sizes=\"(max-width: 1024px) 100vw, 1024px\" \/><\/figure>\n\n\n\n<p><strong>Sobre a GLEX Summit:<\/strong><\/p>\n\n\n\n<p>A Global Exploration Summit (GLEX Summit) foi criada no \u00e2mbito da celebra\u00e7\u00e3o do quinto centen\u00e1rio da primeira circum-navega\u00e7\u00e3o do mundo, comandada por Fern\u00e3o de Magalh\u00e3es. Em 2019, na edi\u00e7\u00e3o de estreia, a organiza\u00e7\u00e3o e o painel de oradores assinaram a Declara\u00e7\u00e3o de Lisboa, firmando o compromisso com a explora\u00e7\u00e3o fundamentada na procura de conhecimento cient\u00edfico para o progresso da humanidade e de toda a vida na Terra e no Universo.<\/p>\n\n\n\n<p>Em apenas quatro edi\u00e7\u00f5es, a GLEX Summit tornou-se a maior cimeira de exploradores \u00e0 escala global, ao conseguir reunir um not\u00e1vel leque de oradores nas \u00e1reas da conserva\u00e7\u00e3o da natureza, oceanos, Terra e Espa\u00e7o, de que s\u00e3o exemplo lendas vivas da explora\u00e7\u00e3o e investiga\u00e7\u00e3o como James Garvin, Brian Cox, Beverly e Dereck Joubert, Fabien Cousteau, Sian Proctor, Sylvia Earle, entre muitos outros. As dezenas de palestras conduziram os espectadores a uma viagem por descobertas vanguardistas, tendo sido apresentadas importantes miss\u00f5es cient\u00edficas e tecnologias de ponta que t\u00eam impulsionado a Humanidade para novas fronteiras do conhecimento.<\/p>\n\n\n\n<p>Por outro lado, a cimeira tem posicionado Portugal enquanto destino de boas pr\u00e1ticas na conserva\u00e7\u00e3o dos oceanos, na produ\u00e7\u00e3o e partilha cient\u00edfica, assim como destino refer\u00eancia de inclus\u00e3o e diversidade.<\/p>\n\n\n\n<p><strong>Certifica\u00e7\u00e3o sustent\u00e1vel<\/strong><\/p>\n\n\n\n<p>A GLEX \u00e9 um evento eco-respons\u00e1vel, com a certifica\u00e7\u00e3o da gest\u00e3o sustent\u00e1vel de eventos pela norma ISO 20121. Esta certifica\u00e7\u00e3o foi atribu\u00edda \u00e0 Expanding World pelo esfor\u00e7o empreendido em conjunto com o The Explorers Club de implementa\u00e7\u00e3o de um sistema de gest\u00e3o sustent\u00e1vel da cimeira.<\/p>\n\n\n\n<p><strong>GLEX Summit no Discovery+<\/strong><\/p>\n\n\n\n<p>Algumas das palestras da GLEX chegaram ao Discovery+, a plataforma de streaming da Warner Bros. Discovery, com mais de 25 milh\u00f5es de subscritores nos EUA. Os epis\u00f3dios da terceira temporada da s\u00e9rie destacam algumas das miss\u00f5es cient\u00edficas e descobertas apresentadas na GLEX Summit, como os vulc\u00f5es ativos no universo, a primeira Esta\u00e7\u00e3o Espacial Comercial e os desafios e avan\u00e7os da medicina espacial.<\/p>\n","protected":false},"excerpt":{"rendered":"<p>Este s\u00e1bado, dia 15 de junho, o Porto recebe a \u201cGLEX Ignition\u201d, a abertura da quinta edi\u00e7\u00e3o da&nbsp;Global ExplorationSummit (GLEX&#8230;<\/p>\n","protected":false},"author":7,"featured_media":12931,"comment_status":"closed","ping_status":"open","sticky":false,"template":"","format":"standard","meta":[],"categories":[451],"tags":[789,818,446,109],"yoast_head":"<!-- This site is optimized with the Yoast SEO plugin v20.12 - https:\/\/yoast.com\/wordpress\/plugins\/seo\/ -->\n<title>A maior cimeira de explora\u00e7\u00e3o do planeta come\u00e7a j\u00e1 este s\u00e1bado com a GLEX Ignition na cidade do Porto - Atelier do Caractere<\/title>\n<meta name=\"robots\" content=\"index, follow, max-snippet:-1, max-image-preview:large, max-video-preview:-1\" \/>\n<link rel=\"canonical\" href=\"https:\/\/www.atelierdocaractere.pt\/brevemente\/a-maior-cimeira-de-exploracao-do-planeta-comeca-ja-este-sabado-com-a-glex-ignition-na-cidade-do-porto\/\" \/>\n<meta property=\"og:locale\" content=\"pt_PT\" \/>\n<meta property=\"og:type\" content=\"article\" \/>\n<meta property=\"og:title\" content=\"A maior cimeira de explora\u00e7\u00e3o do planeta come\u00e7a j\u00e1 este s\u00e1bado com a GLEX Ignition na cidade do Porto - Atelier do Caractere\" \/>\n<meta property=\"og:description\" content=\"Este s\u00e1bado, dia 15 de junho, o Porto recebe a \u201cGLEX Ignition\u201d, a abertura da quinta edi\u00e7\u00e3o da&nbsp;Global ExplorationSummit (GLEX...\" \/>\n<meta property=\"og:url\" content=\"https:\/\/www.atelierdocaractere.pt\/brevemente\/a-maior-cimeira-de-exploracao-do-planeta-comeca-ja-este-sabado-com-a-glex-ignition-na-cidade-do-porto\/\" \/>\n<meta property=\"og:site_name\" content=\"Atelier do Caractere\" \/>\n<meta property=\"article:publisher\" content=\"https:\/\/www.facebook.com\/AtelierdoCaractere\" \/>\n<meta property=\"article:published_time\" content=\"2024-06-13T17:53:17+00:00\" \/>\n<meta property=\"article:modified_time\" content=\"2024-06-26T18:02:28+00:00\" \/>\n<meta property=\"og:image\" content=\"https:\/\/www.atelierdocaractere.pt\/wp-content\/uploads\/2024\/06\/glex-summit6.jpg\" \/>\n\t<meta property=\"og:image:width\" content=\"1920\" \/>\n\t<meta property=\"og:image:height\" content=\"1277\" \/>\n\t<meta property=\"og:image:type\" content=\"image\/jpeg\" \/>\n<meta name=\"author\" content=\"Joana Barbosa\" \/>\n<meta name=\"twitter:card\" content=\"summary_large_image\" \/>\n<meta name=\"twitter:label1\" content=\"Escrito por\" \/>\n\t<meta name=\"twitter:data1\" content=\"Joana Barbosa\" \/>\n\t<meta name=\"twitter:label2\" content=\"Tempo estimado de leitura\" \/>\n\t<meta name=\"twitter:data2\" content=\"11 minutos\" \/>\n<script type=\"application\/ld+json\" class=\"yoast-schema-graph\">{\"@context\":\"https:\/\/schema.org\",\"@graph\":[{\"@type\":\"WebPage\",\"@id\":\"https:\/\/www.atelierdocaractere.pt\/brevemente\/a-maior-cimeira-de-exploracao-do-planeta-comeca-ja-este-sabado-com-a-glex-ignition-na-cidade-do-porto\/\",\"url\":\"https:\/\/www.atelierdocaractere.pt\/brevemente\/a-maior-cimeira-de-exploracao-do-planeta-comeca-ja-este-sabado-com-a-glex-ignition-na-cidade-do-porto\/\",\"name\":\"A maior cimeira de explora\u00e7\u00e3o do planeta come\u00e7a j\u00e1 este s\u00e1bado com a GLEX Ignition na cidade do Porto - Atelier do Caractere\",\"isPartOf\":{\"@id\":\"https:\/\/www.atelierdocaractere.pt\/brevemente\/#website\"},\"datePublished\":\"2024-06-13T17:53:17+00:00\",\"dateModified\":\"2024-06-26T18:02:28+00:00\",\"author\":{\"@id\":\"https:\/\/www.atelierdocaractere.pt\/brevemente\/#\/schema\/person\/f2f096eb0f27d9894725af22cb97c0db\"},\"breadcrumb\":{\"@id\":\"https:\/\/www.atelierdocaractere.pt\/brevemente\/a-maior-cimeira-de-exploracao-do-planeta-comeca-ja-este-sabado-com-a-glex-ignition-na-cidade-do-porto\/#breadcrumb\"},\"inLanguage\":\"pt-PT\",\"potentialAction\":[{\"@type\":\"ReadAction\",\"target\":[\"https:\/\/www.atelierdocaractere.pt\/brevemente\/a-maior-cimeira-de-exploracao-do-planeta-comeca-ja-este-sabado-com-a-glex-ignition-na-cidade-do-porto\/\"]}]},{\"@type\":\"BreadcrumbList\",\"@id\":\"https:\/\/www.atelierdocaractere.pt\/brevemente\/a-maior-cimeira-de-exploracao-do-planeta-comeca-ja-este-sabado-com-a-glex-ignition-na-cidade-do-porto\/#breadcrumb\",\"itemListElement\":[{\"@type\":\"ListItem\",\"position\":1,\"name\":\"In\u00edcio\",\"item\":\"https:\/\/www.atelierdocaractere.pt\/brevemente\/\"},{\"@type\":\"ListItem\",\"position\":2,\"name\":\"A maior cimeira de explora\u00e7\u00e3o do planeta come\u00e7a j\u00e1 este s\u00e1bado com a GLEX Ignition na cidade do Porto\"}]},{\"@type\":\"WebSite\",\"@id\":\"https:\/\/www.atelierdocaractere.pt\/brevemente\/#website\",\"url\":\"https:\/\/www.atelierdocaractere.pt\/brevemente\/\",\"name\":\"Atelier do Caractere\",\"description\":\"\",\"potentialAction\":[{\"@type\":\"SearchAction\",\"target\":{\"@type\":\"EntryPoint\",\"urlTemplate\":\"https:\/\/www.atelierdocaractere.pt\/brevemente\/?s={search_term_string}\"},\"query-input\":\"required name=search_term_string\"}],\"inLanguage\":\"pt-PT\"},{\"@type\":\"Person\",\"@id\":\"https:\/\/www.atelierdocaractere.pt\/brevemente\/#\/schema\/person\/f2f096eb0f27d9894725af22cb97c0db\",\"name\":\"Joana Barbosa\",\"image\":{\"@type\":\"ImageObject\",\"inLanguage\":\"pt-PT\",\"@id\":\"https:\/\/www.atelierdocaractere.pt\/brevemente\/#\/schema\/person\/image\/\",\"url\":\"https:\/\/secure.gravatar.com\/avatar\/33e8214b45e9d68a3a83008731075979?s=96&d=mm&r=g\",\"contentUrl\":\"https:\/\/secure.gravatar.com\/avatar\/33e8214b45e9d68a3a83008731075979?s=96&d=mm&r=g\",\"caption\":\"Joana Barbosa\"},\"url\":\"https:\/\/www.atelierdocaractere.pt\/brevemente\/author\/joanabarbosa\/\"}]}<\/script>\n<!-- \/ Yoast SEO plugin. -->","yoast_head_json":{"title":"A maior cimeira de explora\u00e7\u00e3o do planeta come\u00e7a j\u00e1 este s\u00e1bado com a GLEX Ignition na cidade do Porto - Atelier do Caractere","robots":{"index":"index","follow":"follow","max-snippet":"max-snippet:-1","max-image-preview":"max-image-preview:large","max-video-preview":"max-video-preview:-1"},"canonical":"https:\/\/www.atelierdocaractere.pt\/brevemente\/a-maior-cimeira-de-exploracao-do-planeta-comeca-ja-este-sabado-com-a-glex-ignition-na-cidade-do-porto\/","og_locale":"pt_PT","og_type":"article","og_title":"A maior cimeira de explora\u00e7\u00e3o do planeta come\u00e7a j\u00e1 este s\u00e1bado com a GLEX Ignition na cidade do Porto - Atelier do Caractere","og_description":"Este s\u00e1bado, dia 15 de junho, o Porto recebe a \u201cGLEX Ignition\u201d, a abertura da quinta edi\u00e7\u00e3o da&nbsp;Global ExplorationSummit (GLEX...","og_url":"https:\/\/www.atelierdocaractere.pt\/brevemente\/a-maior-cimeira-de-exploracao-do-planeta-comeca-ja-este-sabado-com-a-glex-ignition-na-cidade-do-porto\/","og_site_name":"Atelier do Caractere","article_publisher":"https:\/\/www.facebook.com\/AtelierdoCaractere","article_published_time":"2024-06-13T17:53:17+00:00","article_modified_time":"2024-06-26T18:02:28+00:00","og_image":[{"width":1920,"height":1277,"url":"https:\/\/www.atelierdocaractere.pt\/wp-content\/uploads\/2024\/06\/glex-summit6.jpg","type":"image\/jpeg"}],"author":"Joana Barbosa","twitter_card":"summary_large_image","twitter_misc":{"Escrito por":"Joana Barbosa","Tempo estimado de leitura":"11 minutos"},"schema":{"@context":"https:\/\/schema.org","@graph":[{"@type":"WebPage","@id":"https:\/\/www.atelierdocaractere.pt\/brevemente\/a-maior-cimeira-de-exploracao-do-planeta-comeca-ja-este-sabado-com-a-glex-ignition-na-cidade-do-porto\/","url":"https:\/\/www.atelierdocaractere.pt\/brevemente\/a-maior-cimeira-de-exploracao-do-planeta-comeca-ja-este-sabado-com-a-glex-ignition-na-cidade-do-porto\/","name":"A maior cimeira de explora\u00e7\u00e3o do planeta come\u00e7a j\u00e1 este s\u00e1bado com a GLEX Ignition na cidade do Porto - Atelier do Caractere","isPartOf":{"@id":"https:\/\/www.atelierdocaractere.pt\/brevemente\/#website"},"datePublished":"2024-06-13T17:53:17+00:00","dateModified":"2024-06-26T18:02:28+00:00","author":{"@id":"https:\/\/www.atelierdocaractere.pt\/brevemente\/#\/schema\/person\/f2f096eb0f27d9894725af22cb97c0db"},"breadcrumb":{"@id":"https:\/\/www.atelierdocaractere.pt\/brevemente\/a-maior-cimeira-de-exploracao-do-planeta-comeca-ja-este-sabado-com-a-glex-ignition-na-cidade-do-porto\/#breadcrumb"},"inLanguage":"pt-PT","potentialAction":[{"@type":"ReadAction","target":["https:\/\/www.atelierdocaractere.pt\/brevemente\/a-maior-cimeira-de-exploracao-do-planeta-comeca-ja-este-sabado-com-a-glex-ignition-na-cidade-do-porto\/"]}]},{"@type":"BreadcrumbList","@id":"https:\/\/www.atelierdocaractere.pt\/brevemente\/a-maior-cimeira-de-exploracao-do-planeta-comeca-ja-este-sabado-com-a-glex-ignition-na-cidade-do-porto\/#breadcrumb","itemListElement":[{"@type":"ListItem","position":1,"name":"In\u00edcio","item":"https:\/\/www.atelierdocaractere.pt\/brevemente\/"},{"@type":"ListItem","position":2,"name":"A maior cimeira de explora\u00e7\u00e3o do planeta come\u00e7a j\u00e1 este s\u00e1bado com a GLEX Ignition na cidade do Porto"}]},{"@type":"WebSite","@id":"https:\/\/www.atelierdocaractere.pt\/brevemente\/#website","url":"https:\/\/www.atelierdocaractere.pt\/brevemente\/","name":"Atelier do Caractere","description":"","potentialAction":[{"@type":"SearchAction","target":{"@type":"EntryPoint","urlTemplate":"https:\/\/www.atelierdocaractere.pt\/brevemente\/?s={search_term_string}"},"query-input":"required name=search_term_string"}],"inLanguage":"pt-PT"},{"@type":"Person","@id":"https:\/\/www.atelierdocaractere.pt\/brevemente\/#\/schema\/person\/f2f096eb0f27d9894725af22cb97c0db","name":"Joana Barbosa","image":{"@type":"ImageObject","inLanguage":"pt-PT","@id":"https:\/\/www.atelierdocaractere.pt\/brevemente\/#\/schema\/person\/image\/","url":"https:\/\/secure.gravatar.com\/avatar\/33e8214b45e9d68a3a83008731075979?s=96&d=mm&r=g","contentUrl":"https:\/\/secure.gravatar.com\/avatar\/33e8214b45e9d68a3a83008731075979?s=96&d=mm&r=g","caption":"Joana Barbosa"},"url":"https:\/\/www.atelierdocaractere.pt\/brevemente\/author\/joanabarbosa\/"}]}},"_links":{"self":[{"href":"https:\/\/www.atelierdocaractere.pt\/brevemente\/wp-json\/wp\/v2\/posts\/12930"}],"collection":[{"href":"https:\/\/www.atelierdocaractere.pt\/brevemente\/wp-json\/wp\/v2\/posts"}],"about":[{"href":"https:\/\/www.atelierdocaractere.pt\/brevemente\/wp-json\/wp\/v2\/types\/post"}],"author":[{"embeddable":true,"href":"https:\/\/www.atelierdocaractere.pt\/brevemente\/wp-json\/wp\/v2\/users\/7"}],"replies":[{"embeddable":true,"href":"https:\/\/www.atelierdocaractere.pt\/brevemente\/wp-json\/wp\/v2\/comments?post=12930"}],"version-history":[{"count":1,"href":"https:\/\/www.atelierdocaractere.pt\/brevemente\/wp-json\/wp\/v2\/posts\/12930\/revisions"}],"predecessor-version":[{"id":12937,"href":"https:\/\/www.atelierdocaractere.pt\/brevemente\/wp-json\/wp\/v2\/posts\/12930\/revisions\/12937"}],"wp:featuredmedia":[{"embeddable":true,"href":"https:\/\/www.atelierdocaractere.pt\/brevemente\/wp-json\/wp\/v2\/media\/12931"}],"wp:attachment":[{"href":"https:\/\/www.atelierdocaractere.pt\/brevemente\/wp-json\/wp\/v2\/media?parent=12930"}],"wp:term":[{"taxonomy":"category","embeddable":true,"href":"https:\/\/www.atelierdocaractere.pt\/brevemente\/wp-json\/wp\/v2\/categories?post=12930"},{"taxonomy":"post_tag","embeddable":true,"href":"https:\/\/www.atelierdocaractere.pt\/brevemente\/wp-json\/wp\/v2\/tags?post=12930"}],"curies":[{"name":"wp","href":"https:\/\/api.w.org\/{rel}","templated":true}]}}