{"id":12960,"date":"2024-05-28T18:24:28","date_gmt":"2024-05-28T18:24:28","guid":{"rendered":"https:\/\/www.atelierdocaractere.pt\/brevemente\/?p=12960"},"modified":"2024-06-26T18:36:29","modified_gmt":"2024-06-26T18:36:29","slug":"glex-summit-promove-concurso-para-jovens-estudantes-acorianos","status":"publish","type":"post","link":"https:\/\/www.atelierdocaractere.pt\/brevemente\/glex-summit-promove-concurso-para-jovens-estudantes-acorianos\/","title":{"rendered":"GLEX Summit promove concurso para jovens estudantes a\u00e7orianos"},"content":{"rendered":"\n<p><strong>\u00c9s aluno do ensino b\u00e1sico e secund\u00e1rio dos A\u00e7ores e tens uma idade entre os 13 e 18 anos? A incr\u00edvel biodiversidade e o extraordin\u00e1rio patrim\u00f3nio natural do arquip\u00e9lago s\u00e3o o ponto de partida para uma iniciativa inovadora que te convida a preservar o territ\u00f3rio. A&nbsp;<a href=\"https:\/\/www.glexsummit.com\/\">GLEX Summit<\/a>, atrav\u00e9s do&nbsp;<a href=\"https:\/\/glexsummit.uingress.com\/ExploraAcores\">\u201cConcurso Jovens Exploradores 13-18: Explora A\u00e7ores!\u201d<\/a>, desafia-te a embarcar numa jornada de descoberta, inova\u00e7\u00e3o e mudan\u00e7a, com a oportunidade de ganhares pr\u00e9mios transformadores. Os astronautas, os exploradores e os cientistas que, nos dias 18 e 19 de junho, v\u00e3o visitar os A\u00e7ores, est\u00e3o curiosos e ansiosos para ver as tuas ideias e projetos inovadores.<\/strong><\/p>\n\n\n\n<figure class=\"wp-block-image size-large\"><img decoding=\"async\" width=\"1024\" height=\"1024\" src=\"https:\/\/www.atelierdocaractere.pt\/wp-content\/uploads\/2024\/06\/concursoexploraacores-1024x1024.jpg\" alt=\"\" class=\"wp-image-12966\" srcset=\"https:\/\/www.atelierdocaractere.pt\/wp-content\/uploads\/2024\/06\/concursoexploraacores-1024x1024.jpg 1024w, https:\/\/www.atelierdocaractere.pt\/wp-content\/uploads\/2024\/06\/concursoexploraacores-300x300.jpg 300w, https:\/\/www.atelierdocaractere.pt\/wp-content\/uploads\/2024\/06\/concursoexploraacores-150x150.jpg 150w, https:\/\/www.atelierdocaractere.pt\/wp-content\/uploads\/2024\/06\/concursoexploraacores-768x768.jpg 768w, https:\/\/www.atelierdocaractere.pt\/wp-content\/uploads\/2024\/06\/concursoexploraacores-1536x1536.jpg 1536w, https:\/\/www.atelierdocaractere.pt\/wp-content\/uploads\/2024\/06\/concursoexploraacores-2048x2048.jpg 2048w, https:\/\/www.atelierdocaractere.pt\/wp-content\/uploads\/2024\/06\/concursoexploraacores-100x100.jpg 100w, https:\/\/www.atelierdocaractere.pt\/wp-content\/uploads\/2024\/06\/concursoexploraacores-140x140.jpg 140w, https:\/\/www.atelierdocaractere.pt\/wp-content\/uploads\/2024\/06\/concursoexploraacores-500x500.jpg 500w, https:\/\/www.atelierdocaractere.pt\/wp-content\/uploads\/2024\/06\/concursoexploraacores-350x350.jpg 350w, https:\/\/www.atelierdocaractere.pt\/wp-content\/uploads\/2024\/06\/concursoexploraacores-1000x1000.jpg 1000w, https:\/\/www.atelierdocaractere.pt\/wp-content\/uploads\/2024\/06\/concursoexploraacores-800x800.jpg 800w\" sizes=\"(max-width: 1024px) 100vw, 1024px\" \/><\/figure>\n\n\n\n<p>Esta \u00e9 uma oportunidade extraordin\u00e1ria para mostrares a tua criatividade, paix\u00e3o e compromisso com a explora\u00e7\u00e3o sustent\u00e1vel dos A\u00e7ores. Desde a pesquisa e identifica\u00e7\u00e3o de esp\u00e9cies locais, at\u00e9 ao desenvolvimento de tecnologias inovadoras para monitoriza\u00e7\u00e3o ambiental, as possibilidades s\u00e3o infinitas. Podes enviar o teu trabalho at\u00e9 4 de junho, atrav\u00e9s do formul\u00e1rio dispon\u00edvel em&nbsp;<a href=\"https:\/\/glexsummit.uingress.com\/ExploraAcores\">GLEX Summit<\/a>.<\/p>\n\n\n\n<figure class=\"wp-block-image size-large\"><img decoding=\"async\" width=\"1024\" height=\"1024\" src=\"https:\/\/www.atelierdocaractere.pt\/wp-content\/uploads\/2024\/06\/ana-pires-1024x1024.jpg\" alt=\"\" class=\"wp-image-12965\" srcset=\"https:\/\/www.atelierdocaractere.pt\/wp-content\/uploads\/2024\/06\/ana-pires-1024x1024.jpg 1024w, https:\/\/www.atelierdocaractere.pt\/wp-content\/uploads\/2024\/06\/ana-pires-300x300.jpg 300w, https:\/\/www.atelierdocaractere.pt\/wp-content\/uploads\/2024\/06\/ana-pires-150x150.jpg 150w, https:\/\/www.atelierdocaractere.pt\/wp-content\/uploads\/2024\/06\/ana-pires-768x768.jpg 768w, https:\/\/www.atelierdocaractere.pt\/wp-content\/uploads\/2024\/06\/ana-pires-1536x1536.jpg 1536w, https:\/\/www.atelierdocaractere.pt\/wp-content\/uploads\/2024\/06\/ana-pires-100x100.jpg 100w, https:\/\/www.atelierdocaractere.pt\/wp-content\/uploads\/2024\/06\/ana-pires-140x140.jpg 140w, https:\/\/www.atelierdocaractere.pt\/wp-content\/uploads\/2024\/06\/ana-pires-500x500.jpg 500w, https:\/\/www.atelierdocaractere.pt\/wp-content\/uploads\/2024\/06\/ana-pires-350x350.jpg 350w, https:\/\/www.atelierdocaractere.pt\/wp-content\/uploads\/2024\/06\/ana-pires-1000x1000.jpg 1000w, https:\/\/www.atelierdocaractere.pt\/wp-content\/uploads\/2024\/06\/ana-pires-800x800.jpg 800w, https:\/\/www.atelierdocaractere.pt\/wp-content\/uploads\/2024\/06\/ana-pires.jpg 1575w\" sizes=\"(max-width: 1024px) 100vw, 1024px\" \/><\/figure>\n\n\n\n<p><strong>Pr\u00e9mios Incr\u00edveis<\/strong><\/p>\n\n\n\n<p>Com participa\u00e7\u00e3o no&nbsp;<a href=\"https:\/\/glexsummit.uingress.com\/ExploraAcores\">\u201cConcurso Jovens Exploradores 13-18: Explora A\u00e7ores!\u201d<\/a>, tens a chance de ganhar pr\u00e9mios inspiradores, incluindo uma viagem a Nova Iorque, uma visita \u00e0 sede do maior clube de explora\u00e7\u00e3o do mundo e uma ades\u00e3o ao Young Explorers do The Explorers Club, acompanhada por um exclusivo programa de mentoria com dura\u00e7\u00e3o de um ano.<\/p>\n\n\n\n<figure class=\"wp-block-image size-large\"><img decoding=\"async\" width=\"1024\" height=\"1024\" src=\"https:\/\/www.atelierdocaractere.pt\/wp-content\/uploads\/2024\/06\/rita-madruga-1024x1024.jpg\" alt=\"\" class=\"wp-image-12961\" srcset=\"https:\/\/www.atelierdocaractere.pt\/wp-content\/uploads\/2024\/06\/rita-madruga-1024x1024.jpg 1024w, https:\/\/www.atelierdocaractere.pt\/wp-content\/uploads\/2024\/06\/rita-madruga-300x300.jpg 300w, https:\/\/www.atelierdocaractere.pt\/wp-content\/uploads\/2024\/06\/rita-madruga-150x150.jpg 150w, https:\/\/www.atelierdocaractere.pt\/wp-content\/uploads\/2024\/06\/rita-madruga-768x768.jpg 768w, https:\/\/www.atelierdocaractere.pt\/wp-content\/uploads\/2024\/06\/rita-madruga-1536x1536.jpg 1536w, https:\/\/www.atelierdocaractere.pt\/wp-content\/uploads\/2024\/06\/rita-madruga-100x100.jpg 100w, https:\/\/www.atelierdocaractere.pt\/wp-content\/uploads\/2024\/06\/rita-madruga-140x140.jpg 140w, https:\/\/www.atelierdocaractere.pt\/wp-content\/uploads\/2024\/06\/rita-madruga-500x500.jpg 500w, https:\/\/www.atelierdocaractere.pt\/wp-content\/uploads\/2024\/06\/rita-madruga-350x350.jpg 350w, https:\/\/www.atelierdocaractere.pt\/wp-content\/uploads\/2024\/06\/rita-madruga-1000x1000.jpg 1000w, https:\/\/www.atelierdocaractere.pt\/wp-content\/uploads\/2024\/06\/rita-madruga-800x800.jpg 800w, https:\/\/www.atelierdocaractere.pt\/wp-content\/uploads\/2024\/06\/rita-madruga.jpg 1920w\" sizes=\"(max-width: 1024px) 100vw, 1024px\" \/><\/figure>\n\n\n\n<p><strong>J\u00fari Especializado<\/strong><\/p>\n\n\n\n<p>O teu projeto vai ser avaliado por um painel de especialistas composto por Ana Pires (cientista-astronauta portuguesa), Carlos Ormonde (professor e CEO\/fundador da&nbsp;Floriazoris), Carlos Pican\u00e7o (diretor de vendas e marketing da Futurismo Azores Adventures), Hugo Vau (surfista de grandes ondas e ocean lover) e Rita Madruga (presidente do N\u00facleo Empresarial da Ilha de S\u00e3o Jorge-NESJ). Eles v\u00e3o avaliar a criatividade e o impacto do teu trabalho. Os melhores projetos v\u00e3o ser exibidos durante a GLEX Summit.<\/p>\n\n\n\n<p>E s\u00e3o estes os tr\u00eas temas que os organizadores te desafiam a explorar:<\/p>\n\n\n\n<figure class=\"wp-block-image size-large\"><img decoding=\"async\" width=\"1024\" height=\"1024\" src=\"https:\/\/www.atelierdocaractere.pt\/wp-content\/uploads\/2024\/06\/carlos-picanco-1024x1024.jpg\" alt=\"\" class=\"wp-image-12963\" srcset=\"https:\/\/www.atelierdocaractere.pt\/wp-content\/uploads\/2024\/06\/carlos-picanco-1024x1024.jpg 1024w, https:\/\/www.atelierdocaractere.pt\/wp-content\/uploads\/2024\/06\/carlos-picanco-300x300.jpg 300w, https:\/\/www.atelierdocaractere.pt\/wp-content\/uploads\/2024\/06\/carlos-picanco-150x150.jpg 150w, https:\/\/www.atelierdocaractere.pt\/wp-content\/uploads\/2024\/06\/carlos-picanco-768x768.jpg 768w, https:\/\/www.atelierdocaractere.pt\/wp-content\/uploads\/2024\/06\/carlos-picanco-1536x1536.jpg 1536w, https:\/\/www.atelierdocaractere.pt\/wp-content\/uploads\/2024\/06\/carlos-picanco-100x100.jpg 100w, https:\/\/www.atelierdocaractere.pt\/wp-content\/uploads\/2024\/06\/carlos-picanco-140x140.jpg 140w, https:\/\/www.atelierdocaractere.pt\/wp-content\/uploads\/2024\/06\/carlos-picanco-500x500.jpg 500w, https:\/\/www.atelierdocaractere.pt\/wp-content\/uploads\/2024\/06\/carlos-picanco-350x350.jpg 350w, https:\/\/www.atelierdocaractere.pt\/wp-content\/uploads\/2024\/06\/carlos-picanco-1000x1000.jpg 1000w, https:\/\/www.atelierdocaractere.pt\/wp-content\/uploads\/2024\/06\/carlos-picanco-800x800.jpg 800w, https:\/\/www.atelierdocaractere.pt\/wp-content\/uploads\/2024\/06\/carlos-picanco.jpg 1920w\" sizes=\"(max-width: 1024px) 100vw, 1024px\" \/><\/figure>\n\n\n\n<p><strong>Biodiversidade a\u00e7oriana<\/strong>: Descobre a fauna e flora \u00fanicas da tua ilha, atrav\u00e9s de investiga\u00e7\u00e3o, fotografia ou cria\u00e7\u00e3o de trilhos para identifica\u00e7\u00e3o de esp\u00e9cies locais.<\/p>\n\n\n\n<p><strong>Inova\u00e7\u00e3o tecnol\u00f3gica para a investiga\u00e7\u00e3o marinha<\/strong>: Cria solu\u00e7\u00f5es inovadoras, como drones subaqu\u00e1ticos, sensores ambientais ou aplica\u00e7\u00f5es de monitoriza\u00e7\u00e3o, para explorar e conservar os recursos marinhos dos A\u00e7ores. Qualquer ideia transformadora \u00e9 bem-vinda!<\/p>\n\n\n\n<p><strong>Explora\u00e7\u00e3o espacial e ecossistemas marinhos<\/strong>: Investiga o impacto da explora\u00e7\u00e3o espacial nos ecossistemas marinhos, abordando quest\u00f5es como polui\u00e7\u00e3o luminosa, detritos espaciais e conserva\u00e7\u00e3o marinha. Pensa em como o espa\u00e7o pode ajudar a preservar os ecossistemas marinhos.<\/p>\n\n\n\n<figure class=\"wp-block-image size-large\"><img decoding=\"async\" width=\"1024\" height=\"1024\" src=\"https:\/\/www.atelierdocaractere.pt\/wp-content\/uploads\/2024\/06\/hugo-vau-1024x1024.jpg\" alt=\"\" class=\"wp-image-12962\" srcset=\"https:\/\/www.atelierdocaractere.pt\/wp-content\/uploads\/2024\/06\/hugo-vau-1024x1024.jpg 1024w, https:\/\/www.atelierdocaractere.pt\/wp-content\/uploads\/2024\/06\/hugo-vau-300x300.jpg 300w, https:\/\/www.atelierdocaractere.pt\/wp-content\/uploads\/2024\/06\/hugo-vau-150x150.jpg 150w, https:\/\/www.atelierdocaractere.pt\/wp-content\/uploads\/2024\/06\/hugo-vau-768x768.jpg 768w, https:\/\/www.atelierdocaractere.pt\/wp-content\/uploads\/2024\/06\/hugo-vau-1536x1536.jpg 1536w, https:\/\/www.atelierdocaractere.pt\/wp-content\/uploads\/2024\/06\/hugo-vau-100x100.jpg 100w, https:\/\/www.atelierdocaractere.pt\/wp-content\/uploads\/2024\/06\/hugo-vau-140x140.jpg 140w, https:\/\/www.atelierdocaractere.pt\/wp-content\/uploads\/2024\/06\/hugo-vau-500x500.jpg 500w, https:\/\/www.atelierdocaractere.pt\/wp-content\/uploads\/2024\/06\/hugo-vau-350x350.jpg 350w, https:\/\/www.atelierdocaractere.pt\/wp-content\/uploads\/2024\/06\/hugo-vau-1000x1000.jpg 1000w, https:\/\/www.atelierdocaractere.pt\/wp-content\/uploads\/2024\/06\/hugo-vau-800x800.jpg 800w, https:\/\/www.atelierdocaractere.pt\/wp-content\/uploads\/2024\/06\/hugo-vau.jpg 1920w\" sizes=\"(max-width: 1024px) 100vw, 1024px\" \/><\/figure>\n\n\n\n<p><strong>Apoios Locais<\/strong><\/p>\n\n\n\n<p>Esta iniciativa conta com o apoio da Autarquia de Angra do Hero\u00edsmo, da C\u00e2mara de Com\u00e9rcio de Angra do Hero\u00edsmo e da Dire\u00e7\u00e3o Regional de Educa\u00e7\u00e3o dos A\u00e7ores.<\/p>\n\n\n\n<figure class=\"wp-block-image size-large\"><img decoding=\"async\" width=\"1024\" height=\"1024\" src=\"https:\/\/www.atelierdocaractere.pt\/wp-content\/uploads\/2024\/06\/carlos-ormonde-1024x1024.jpg\" alt=\"\" class=\"wp-image-12964\" srcset=\"https:\/\/www.atelierdocaractere.pt\/wp-content\/uploads\/2024\/06\/carlos-ormonde-1024x1024.jpg 1024w, https:\/\/www.atelierdocaractere.pt\/wp-content\/uploads\/2024\/06\/carlos-ormonde-300x300.jpg 300w, https:\/\/www.atelierdocaractere.pt\/wp-content\/uploads\/2024\/06\/carlos-ormonde-150x150.jpg 150w, https:\/\/www.atelierdocaractere.pt\/wp-content\/uploads\/2024\/06\/carlos-ormonde-768x768.jpg 768w, https:\/\/www.atelierdocaractere.pt\/wp-content\/uploads\/2024\/06\/carlos-ormonde-1536x1536.jpg 1536w, https:\/\/www.atelierdocaractere.pt\/wp-content\/uploads\/2024\/06\/carlos-ormonde-100x100.jpg 100w, https:\/\/www.atelierdocaractere.pt\/wp-content\/uploads\/2024\/06\/carlos-ormonde-140x140.jpg 140w, https:\/\/www.atelierdocaractere.pt\/wp-content\/uploads\/2024\/06\/carlos-ormonde-500x500.jpg 500w, https:\/\/www.atelierdocaractere.pt\/wp-content\/uploads\/2024\/06\/carlos-ormonde-350x350.jpg 350w, https:\/\/www.atelierdocaractere.pt\/wp-content\/uploads\/2024\/06\/carlos-ormonde-1000x1000.jpg 1000w, https:\/\/www.atelierdocaractere.pt\/wp-content\/uploads\/2024\/06\/carlos-ormonde-800x800.jpg 800w, https:\/\/www.atelierdocaractere.pt\/wp-content\/uploads\/2024\/06\/carlos-ormonde.jpg 1920w\" sizes=\"(max-width: 1024px) 100vw, 1024px\" \/><\/figure>\n\n\n\n<p><strong>GLEX Summit<\/strong><\/p>\n\n\n\n<p>Nos dias 18 e 19 de junho, a GLEX Summit reunir\u00e1 a elite mundial de exploradores e cientistas aqui nos A\u00e7ores. Pelo segundo ano consecutivo, na ilha Terceira, v\u00e3o ser reveladas algumas das miss\u00f5es mais extraordin\u00e1rias relacionadas com a explora\u00e7\u00e3o espacial, os oceanos e a conserva\u00e7\u00e3o do planeta.<\/p>\n","protected":false},"excerpt":{"rendered":"<p>\u00c9s aluno do ensino b\u00e1sico e secund\u00e1rio dos A\u00e7ores e tens uma idade entre os 13 e 18 anos? A&#8230;<\/p>\n","protected":false},"author":7,"featured_media":12966,"comment_status":"closed","ping_status":"open","sticky":false,"template":"","format":"standard","meta":[],"categories":[451],"tags":[470,563,789,446],"yoast_head":"<!-- This site is optimized with the Yoast SEO plugin v20.12 - https:\/\/yoast.com\/wordpress\/plugins\/seo\/ -->\n<title>GLEX Summit promove concurso para jovens estudantes a\u00e7orianos - Atelier do Caractere<\/title>\n<meta name=\"robots\" content=\"index, follow, max-snippet:-1, max-image-preview:large, max-video-preview:-1\" \/>\n<link rel=\"canonical\" href=\"https:\/\/www.atelierdocaractere.pt\/brevemente\/glex-summit-promove-concurso-para-jovens-estudantes-acorianos\/\" \/>\n<meta property=\"og:locale\" content=\"pt_PT\" \/>\n<meta property=\"og:type\" content=\"article\" \/>\n<meta property=\"og:title\" content=\"GLEX Summit promove concurso para jovens estudantes a\u00e7orianos - Atelier do Caractere\" \/>\n<meta property=\"og:description\" content=\"\u00c9s aluno do ensino b\u00e1sico e secund\u00e1rio dos A\u00e7ores e tens uma idade entre os 13 e 18 anos? A...\" \/>\n<meta property=\"og:url\" content=\"https:\/\/www.atelierdocaractere.pt\/brevemente\/glex-summit-promove-concurso-para-jovens-estudantes-acorianos\/\" \/>\n<meta property=\"og:site_name\" content=\"Atelier do Caractere\" \/>\n<meta property=\"article:publisher\" content=\"https:\/\/www.facebook.com\/AtelierdoCaractere\" \/>\n<meta property=\"article:published_time\" content=\"2024-05-28T18:24:28+00:00\" \/>\n<meta property=\"article:modified_time\" content=\"2024-06-26T18:36:29+00:00\" \/>\n<meta property=\"og:image\" content=\"https:\/\/www.atelierdocaractere.pt\/wp-content\/uploads\/2024\/06\/concursoexploraacores.jpg\" \/>\n\t<meta property=\"og:image:width\" content=\"2250\" \/>\n\t<meta property=\"og:image:height\" content=\"2250\" \/>\n\t<meta property=\"og:image:type\" content=\"image\/jpeg\" \/>\n<meta name=\"author\" content=\"Joana Barbosa\" \/>\n<meta name=\"twitter:card\" content=\"summary_large_image\" \/>\n<meta name=\"twitter:label1\" content=\"Escrito por\" \/>\n\t<meta name=\"twitter:data1\" content=\"Joana Barbosa\" \/>\n\t<meta name=\"twitter:label2\" content=\"Tempo estimado de leitura\" \/>\n\t<meta name=\"twitter:data2\" content=\"4 minutos\" \/>\n<script type=\"application\/ld+json\" class=\"yoast-schema-graph\">{\"@context\":\"https:\/\/schema.org\",\"@graph\":[{\"@type\":\"WebPage\",\"@id\":\"https:\/\/www.atelierdocaractere.pt\/brevemente\/glex-summit-promove-concurso-para-jovens-estudantes-acorianos\/\",\"url\":\"https:\/\/www.atelierdocaractere.pt\/brevemente\/glex-summit-promove-concurso-para-jovens-estudantes-acorianos\/\",\"name\":\"GLEX Summit promove concurso para jovens estudantes a\u00e7orianos - Atelier do Caractere\",\"isPartOf\":{\"@id\":\"https:\/\/www.atelierdocaractere.pt\/brevemente\/#website\"},\"datePublished\":\"2024-05-28T18:24:28+00:00\",\"dateModified\":\"2024-06-26T18:36:29+00:00\",\"author\":{\"@id\":\"https:\/\/www.atelierdocaractere.pt\/brevemente\/#\/schema\/person\/f2f096eb0f27d9894725af22cb97c0db\"},\"breadcrumb\":{\"@id\":\"https:\/\/www.atelierdocaractere.pt\/brevemente\/glex-summit-promove-concurso-para-jovens-estudantes-acorianos\/#breadcrumb\"},\"inLanguage\":\"pt-PT\",\"potentialAction\":[{\"@type\":\"ReadAction\",\"target\":[\"https:\/\/www.atelierdocaractere.pt\/brevemente\/glex-summit-promove-concurso-para-jovens-estudantes-acorianos\/\"]}]},{\"@type\":\"BreadcrumbList\",\"@id\":\"https:\/\/www.atelierdocaractere.pt\/brevemente\/glex-summit-promove-concurso-para-jovens-estudantes-acorianos\/#breadcrumb\",\"itemListElement\":[{\"@type\":\"ListItem\",\"position\":1,\"name\":\"In\u00edcio\",\"item\":\"https:\/\/www.atelierdocaractere.pt\/brevemente\/\"},{\"@type\":\"ListItem\",\"position\":2,\"name\":\"GLEX Summit promove concurso para jovens estudantes a\u00e7orianos\"}]},{\"@type\":\"WebSite\",\"@id\":\"https:\/\/www.atelierdocaractere.pt\/brevemente\/#website\",\"url\":\"https:\/\/www.atelierdocaractere.pt\/brevemente\/\",\"name\":\"Atelier do Caractere\",\"description\":\"\",\"potentialAction\":[{\"@type\":\"SearchAction\",\"target\":{\"@type\":\"EntryPoint\",\"urlTemplate\":\"https:\/\/www.atelierdocaractere.pt\/brevemente\/?s={search_term_string}\"},\"query-input\":\"required name=search_term_string\"}],\"inLanguage\":\"pt-PT\"},{\"@type\":\"Person\",\"@id\":\"https:\/\/www.atelierdocaractere.pt\/brevemente\/#\/schema\/person\/f2f096eb0f27d9894725af22cb97c0db\",\"name\":\"Joana Barbosa\",\"image\":{\"@type\":\"ImageObject\",\"inLanguage\":\"pt-PT\",\"@id\":\"https:\/\/www.atelierdocaractere.pt\/brevemente\/#\/schema\/person\/image\/\",\"url\":\"https:\/\/secure.gravatar.com\/avatar\/33e8214b45e9d68a3a83008731075979?s=96&d=mm&r=g\",\"contentUrl\":\"https:\/\/secure.gravatar.com\/avatar\/33e8214b45e9d68a3a83008731075979?s=96&d=mm&r=g\",\"caption\":\"Joana Barbosa\"},\"url\":\"https:\/\/www.atelierdocaractere.pt\/brevemente\/author\/joanabarbosa\/\"}]}<\/script>\n<!-- \/ Yoast SEO plugin. -->","yoast_head_json":{"title":"GLEX Summit promove concurso para jovens estudantes a\u00e7orianos - Atelier do Caractere","robots":{"index":"index","follow":"follow","max-snippet":"max-snippet:-1","max-image-preview":"max-image-preview:large","max-video-preview":"max-video-preview:-1"},"canonical":"https:\/\/www.atelierdocaractere.pt\/brevemente\/glex-summit-promove-concurso-para-jovens-estudantes-acorianos\/","og_locale":"pt_PT","og_type":"article","og_title":"GLEX Summit promove concurso para jovens estudantes a\u00e7orianos - Atelier do Caractere","og_description":"\u00c9s aluno do ensino b\u00e1sico e secund\u00e1rio dos A\u00e7ores e tens uma idade entre os 13 e 18 anos? A...","og_url":"https:\/\/www.atelierdocaractere.pt\/brevemente\/glex-summit-promove-concurso-para-jovens-estudantes-acorianos\/","og_site_name":"Atelier do Caractere","article_publisher":"https:\/\/www.facebook.com\/AtelierdoCaractere","article_published_time":"2024-05-28T18:24:28+00:00","article_modified_time":"2024-06-26T18:36:29+00:00","og_image":[{"width":2250,"height":2250,"url":"https:\/\/www.atelierdocaractere.pt\/wp-content\/uploads\/2024\/06\/concursoexploraacores.jpg","type":"image\/jpeg"}],"author":"Joana Barbosa","twitter_card":"summary_large_image","twitter_misc":{"Escrito por":"Joana Barbosa","Tempo estimado de leitura":"4 minutos"},"schema":{"@context":"https:\/\/schema.org","@graph":[{"@type":"WebPage","@id":"https:\/\/www.atelierdocaractere.pt\/brevemente\/glex-summit-promove-concurso-para-jovens-estudantes-acorianos\/","url":"https:\/\/www.atelierdocaractere.pt\/brevemente\/glex-summit-promove-concurso-para-jovens-estudantes-acorianos\/","name":"GLEX Summit promove concurso para jovens estudantes a\u00e7orianos - Atelier do Caractere","isPartOf":{"@id":"https:\/\/www.atelierdocaractere.pt\/brevemente\/#website"},"datePublished":"2024-05-28T18:24:28+00:00","dateModified":"2024-06-26T18:36:29+00:00","author":{"@id":"https:\/\/www.atelierdocaractere.pt\/brevemente\/#\/schema\/person\/f2f096eb0f27d9894725af22cb97c0db"},"breadcrumb":{"@id":"https:\/\/www.atelierdocaractere.pt\/brevemente\/glex-summit-promove-concurso-para-jovens-estudantes-acorianos\/#breadcrumb"},"inLanguage":"pt-PT","potentialAction":[{"@type":"ReadAction","target":["https:\/\/www.atelierdocaractere.pt\/brevemente\/glex-summit-promove-concurso-para-jovens-estudantes-acorianos\/"]}]},{"@type":"BreadcrumbList","@id":"https:\/\/www.atelierdocaractere.pt\/brevemente\/glex-summit-promove-concurso-para-jovens-estudantes-acorianos\/#breadcrumb","itemListElement":[{"@type":"ListItem","position":1,"name":"In\u00edcio","item":"https:\/\/www.atelierdocaractere.pt\/brevemente\/"},{"@type":"ListItem","position":2,"name":"GLEX Summit promove concurso para jovens estudantes a\u00e7orianos"}]},{"@type":"WebSite","@id":"https:\/\/www.atelierdocaractere.pt\/brevemente\/#website","url":"https:\/\/www.atelierdocaractere.pt\/brevemente\/","name":"Atelier do Caractere","description":"","potentialAction":[{"@type":"SearchAction","target":{"@type":"EntryPoint","urlTemplate":"https:\/\/www.atelierdocaractere.pt\/brevemente\/?s={search_term_string}"},"query-input":"required name=search_term_string"}],"inLanguage":"pt-PT"},{"@type":"Person","@id":"https:\/\/www.atelierdocaractere.pt\/brevemente\/#\/schema\/person\/f2f096eb0f27d9894725af22cb97c0db","name":"Joana Barbosa","image":{"@type":"ImageObject","inLanguage":"pt-PT","@id":"https:\/\/www.atelierdocaractere.pt\/brevemente\/#\/schema\/person\/image\/","url":"https:\/\/secure.gravatar.com\/avatar\/33e8214b45e9d68a3a83008731075979?s=96&d=mm&r=g","contentUrl":"https:\/\/secure.gravatar.com\/avatar\/33e8214b45e9d68a3a83008731075979?s=96&d=mm&r=g","caption":"Joana Barbosa"},"url":"https:\/\/www.atelierdocaractere.pt\/brevemente\/author\/joanabarbosa\/"}]}},"_links":{"self":[{"href":"https:\/\/www.atelierdocaractere.pt\/brevemente\/wp-json\/wp\/v2\/posts\/12960"}],"collection":[{"href":"https:\/\/www.atelierdocaractere.pt\/brevemente\/wp-json\/wp\/v2\/posts"}],"about":[{"href":"https:\/\/www.atelierdocaractere.pt\/brevemente\/wp-json\/wp\/v2\/types\/post"}],"author":[{"embeddable":true,"href":"https:\/\/www.atelierdocaractere.pt\/brevemente\/wp-json\/wp\/v2\/users\/7"}],"replies":[{"embeddable":true,"href":"https:\/\/www.atelierdocaractere.pt\/brevemente\/wp-json\/wp\/v2\/comments?post=12960"}],"version-history":[{"count":1,"href":"https:\/\/www.atelierdocaractere.pt\/brevemente\/wp-json\/wp\/v2\/posts\/12960\/revisions"}],"predecessor-version":[{"id":12967,"href":"https:\/\/www.atelierdocaractere.pt\/brevemente\/wp-json\/wp\/v2\/posts\/12960\/revisions\/12967"}],"wp:featuredmedia":[{"embeddable":true,"href":"https:\/\/www.atelierdocaractere.pt\/brevemente\/wp-json\/wp\/v2\/media\/12966"}],"wp:attachment":[{"href":"https:\/\/www.atelierdocaractere.pt\/brevemente\/wp-json\/wp\/v2\/media?parent=12960"}],"wp:term":[{"taxonomy":"category","embeddable":true,"href":"https:\/\/www.atelierdocaractere.pt\/brevemente\/wp-json\/wp\/v2\/categories?post=12960"},{"taxonomy":"post_tag","embeddable":true,"href":"https:\/\/www.atelierdocaractere.pt\/brevemente\/wp-json\/wp\/v2\/tags?post=12960"}],"curies":[{"name":"wp","href":"https:\/\/api.w.org\/{rel}","templated":true}]}}