{"id":12973,"date":"2024-06-27T18:12:52","date_gmt":"2024-06-27T18:12:52","guid":{"rendered":"https:\/\/www.atelierdocaractere.pt\/brevemente\/?p=12973"},"modified":"2024-06-28T18:28:41","modified_gmt":"2024-06-28T18:28:41","slug":"renault-scenic-e-tech-100-eletrico-esta-preparado-para-uma-nova-era-de-conforto-e-sustentabilidade","status":"publish","type":"post","link":"https:\/\/www.atelierdocaractere.pt\/brevemente\/renault-scenic-e-tech-100-eletrico-esta-preparado-para-uma-nova-era-de-conforto-e-sustentabilidade\/","title":{"rendered":"RENAULT SCENIC E-TECH 100% EL\u00c9TRICO: EST\u00c1 PREPARADO PARA UMA NOVA ERA DE CONFORTO E SUSTENTABILIDADE?"},"content":{"rendered":"\n<p><strong>Impressionante e surpreendente, certo? Sim, \u00e9 o novo Renault Scenic E-Tech 100% el\u00e9trico, o Carro do Ano 2024, uma distin\u00e7\u00e3o conferida por 59 jornalistas europeus especializados. Em comum com as gera\u00e7\u00f5es anteriores, s\u00f3 o espa\u00e7o e o conforto. Tudo o resto \u00e9 novo e at\u00e9 radicalmente diferente: do design, ao motor, ao \u201ccombust\u00edvel\u201d, \u00e0 tecnologia, \u00e0 seguran\u00e7a. Com pre\u00e7os a partir dos 40.690\u20ac (PVPR), o Renault Scenic E-Tech 100% el\u00e9trico j\u00e1 chegou \u00e0 Rede de Concession\u00e1rios, sendo tamb\u00e9m um dos autom\u00f3veis el\u00e9tricos com mais autonomia do mercado \u2013 at\u00e9 625 quil\u00f3metros! Ou seja, um valor que s\u00f3 consegue ser reivindicado por modelos de segmentos e pre\u00e7os incomparavelmente superiores.<\/strong><\/p>\n\n\n\n<figure class=\"wp-block-image size-large\"><img decoding=\"async\" width=\"1024\" height=\"683\" src=\"https:\/\/www.atelierdocaractere.pt\/wp-content\/uploads\/2024\/06\/607dc8b70d525c2b79dba841add88237-l.jpg-1024x683.webp\" alt=\"\" class=\"wp-image-12980\" srcset=\"https:\/\/www.atelierdocaractere.pt\/wp-content\/uploads\/2024\/06\/607dc8b70d525c2b79dba841add88237-l.jpg-1024x683.webp 1024w, https:\/\/www.atelierdocaractere.pt\/wp-content\/uploads\/2024\/06\/607dc8b70d525c2b79dba841add88237-l.jpg-300x200.webp 300w, https:\/\/www.atelierdocaractere.pt\/wp-content\/uploads\/2024\/06\/607dc8b70d525c2b79dba841add88237-l.jpg-768x512.webp 768w, https:\/\/www.atelierdocaractere.pt\/wp-content\/uploads\/2024\/06\/607dc8b70d525c2b79dba841add88237-l.jpg-1536x1025.webp 1536w, https:\/\/www.atelierdocaractere.pt\/wp-content\/uploads\/2024\/06\/607dc8b70d525c2b79dba841add88237-l.jpg-900x600.webp 900w, https:\/\/www.atelierdocaractere.pt\/wp-content\/uploads\/2024\/06\/607dc8b70d525c2b79dba841add88237-l.jpg-675x450.webp 675w, https:\/\/www.atelierdocaractere.pt\/wp-content\/uploads\/2024\/06\/607dc8b70d525c2b79dba841add88237-l.jpg.webp 2000w\" sizes=\"(max-width: 1024px) 100vw, 1024px\" \/><\/figure>\n\n\n\n<p>A Renaulution continua em curso. Vinte e oito anos depois do lan\u00e7amento da primeira gera\u00e7\u00e3o, a Renault reinventa, por completo, o Scenic. Como a pr\u00f3pria designa\u00e7\u00e3o deixa entender, agora um modelo 100% el\u00e9trico, mas igualmente perfeito para as longas viagens de fim-de-semana ou de f\u00e9rias e por diferentes raz\u00f5es: pela qualidade, conforto, espa\u00e7o, tecnologia a bordo e\u2026 pela autonomia que reivindica: at\u00e9 625 quil\u00f3metros (WLTP)! E com a possibilidade de recuperar mais de 200 quil\u00f3metros de autonomia, em apenas 20 minutos, j\u00e1 que permite carregamentos r\u00e1pidos at\u00e9 150 kW.<\/p>\n\n\n\n<figure class=\"wp-block-image size-full\"><img decoding=\"async\" width=\"1000\" height=\"750\" src=\"https:\/\/www.atelierdocaractere.pt\/wp-content\/uploads\/2024\/06\/1-1719485131.jpg\" alt=\"\" class=\"wp-image-12979\" srcset=\"https:\/\/www.atelierdocaractere.pt\/wp-content\/uploads\/2024\/06\/1-1719485131.jpg 1000w, https:\/\/www.atelierdocaractere.pt\/wp-content\/uploads\/2024\/06\/1-1719485131-300x225.jpg 300w, https:\/\/www.atelierdocaractere.pt\/wp-content\/uploads\/2024\/06\/1-1719485131-768x576.jpg 768w\" sizes=\"(max-width: 1000px) 100vw, 1000px\" \/><\/figure>\n\n\n\n<p><strong>Linhas arrojadas que impressionam<\/strong><\/p>\n\n\n\n<p>O primeiro contacto visual confirma-o, independentemente do \u00e2ngulo ou mesmo se o olhar for displicente: o Renault Scenic E-Tech 100% el\u00e9trico \u00e9 um autom\u00f3vel disruptivo e apaixonante. Um SUV com linhas arrojadas e elegantes, mas com a linha de cintura rebaixada a conferir-lhe um ar de berlina. A nova assinatura luminosa e as amplas superf\u00edcies vidradas destacam-se, enquanto o padr\u00e3o que resulta das pequenas formas de diamante da grelha dianteira \u00e9 um dos muitos pormenores que refor\u00e7am o arrojo das linhas. Mas que dizer do desenho das imponentes jantes de 20 polegadas? \u00c9 inquestion\u00e1vel! O Renault Scenic E-Tech 100% el\u00e9trico \u00e9 um autom\u00f3vel verdadeiramente surpreendente, que n\u00e3o deixa ningu\u00e9m indiferente.<\/p>\n\n\n\n<figure class=\"wp-block-image size-full\"><img decoding=\"async\" width=\"1000\" height=\"667\" src=\"https:\/\/www.atelierdocaractere.pt\/wp-content\/uploads\/2024\/06\/image-94828357021719485291472-1719485292.jpg\" alt=\"\" class=\"wp-image-12978\" srcset=\"https:\/\/www.atelierdocaractere.pt\/wp-content\/uploads\/2024\/06\/image-94828357021719485291472-1719485292.jpg 1000w, https:\/\/www.atelierdocaractere.pt\/wp-content\/uploads\/2024\/06\/image-94828357021719485291472-1719485292-300x200.jpg 300w, https:\/\/www.atelierdocaractere.pt\/wp-content\/uploads\/2024\/06\/image-94828357021719485291472-1719485292-768x512.jpg 768w, https:\/\/www.atelierdocaractere.pt\/wp-content\/uploads\/2024\/06\/image-94828357021719485291472-1719485292-900x600.jpg 900w, https:\/\/www.atelierdocaractere.pt\/wp-content\/uploads\/2024\/06\/image-94828357021719485291472-1719485292-675x450.jpg 675w\" sizes=\"(max-width: 1000px) 100vw, 1000px\" \/><\/figure>\n\n\n\n<p><strong>Espa\u00e7o e conforto refer\u00eancia para passageiros<\/strong><\/p>\n\n\n\n<p>No habit\u00e1culo est\u00e1 bem patente a capacidade tecnol\u00f3gica e inovadora da Renault, assim como o enorme salto qualitativo dado pela marca na qualidade percecionada. A criteriosa escolha dos materiais e dos acabamentos, bem como os pormenores de montagem confirmam-no.<\/p>\n\n\n\n<p>Fazendo jus \u00e0s gera\u00e7\u00f5es anteriores, n\u00e3o h\u00e1 ced\u00eancias no espa\u00e7o e conforto para os ocupantes. A voca\u00e7\u00e3o familiar \u00e9 expressa no generoso espa\u00e7o para os joelhos e cabe\u00e7a dos passageiros traseiros, assim como na capacidade da mala \u2013 simplesmente, a maior do segmento!<\/p>\n\n\n\n<p>Os confort\u00e1veis bancos destacam-se pelo design moderno e elegante. Os dianteiros podem ser regulados eletricamente, com a percentagem de tecidos reciclados a variar entre os 87 e os 100 por cento, consoante os revestimentos dos diferentes n\u00edveis de equipamento. J\u00e1 os passageiros traseiros beneficiam de um engenhoso apoio de bra\u00e7os, que inclui dois bra\u00e7os girat\u00f3rios para cada um dos passageiros, espa\u00e7o para arruma\u00e7\u00e3o de smartphones e tablets, dois suportes para bebidas e duas tomadas USB-C. Mais uma inven\u00e7\u00e3o Renault que prioriza a qualidade de vida a bordo.<\/p>\n\n\n\n<p>Com 38,7 litros de espa\u00e7os de arruma\u00e7\u00e3o, o Scenic E-Tech 100% el\u00e9trico \u00e9 s\u00f3 o melhor da categoria.<\/p>\n\n\n\n<p>O teto panor\u00e2mico de vidro Solarbay \u00e9 outro dos equipamentos diferenciadores do Scenic E-Tech 100% el\u00e9trico. Um teto opacificante \u2013 a Renault \u00e9 a primeira marca generalista a disponibilizar esta tecnologia \u2013 que permite aos ocupantes optarem por um teto transparente ou opaco, permitindo mesmo configura\u00e7\u00f5es diferentes para os passageiros da frente e traseiros.<\/p>\n\n\n\n<figure class=\"wp-block-image size-full\"><img decoding=\"async\" width=\"1000\" height=\"667\" src=\"https:\/\/www.atelierdocaractere.pt\/wp-content\/uploads\/2024\/06\/image-52173762831719485305703-1719485307.jpg\" alt=\"\" class=\"wp-image-12977\" srcset=\"https:\/\/www.atelierdocaractere.pt\/wp-content\/uploads\/2024\/06\/image-52173762831719485305703-1719485307.jpg 1000w, https:\/\/www.atelierdocaractere.pt\/wp-content\/uploads\/2024\/06\/image-52173762831719485305703-1719485307-300x200.jpg 300w, https:\/\/www.atelierdocaractere.pt\/wp-content\/uploads\/2024\/06\/image-52173762831719485305703-1719485307-768x512.jpg 768w, https:\/\/www.atelierdocaractere.pt\/wp-content\/uploads\/2024\/06\/image-52173762831719485305703-1719485307-900x600.jpg 900w, https:\/\/www.atelierdocaractere.pt\/wp-content\/uploads\/2024\/06\/image-52173762831719485305703-1719485307-675x450.jpg 675w\" sizes=\"(max-width: 1000px) 100vw, 1000px\" \/><\/figure>\n\n\n\n<p><strong>Um aut\u00eantico campus tecnol\u00f3gico<\/strong><\/p>\n\n\n\n<p>Mas o habit\u00e1culo do Scenic E-Tech 100% el\u00e9trico tamb\u00e9m \u00e9 sin\u00f3nimo de tecnologia. O sistema de infoentretenimento \u00e9 um dos mais impressionantes do mercado, assentando em dois ecr\u00e3s cont\u00ednuos, em forma de L: um horizontal, de 12,3 polegadas, para o painel de instrumentos e um t\u00e1til, vertical, de 12 polegadas, colocado em posi\u00e7\u00e3o central.<\/p>\n\n\n\n<p>Com o Google e a integra\u00e7\u00e3o do Android Auto e Apple CarPlay, o sistema multim\u00e9dia OpenR Link \u00e9 um dos mais simples e intuitivos do mercado, integrando aplica\u00e7\u00f5es como o Google Maps, Waze ou Spotify, mas tamb\u00e9m permitindo descarregar dezenas de outras no Google Play.<\/p>\n\n\n\n<p>Atrav\u00e9s do Google Assistente est\u00e3o dispon\u00edveis mais de 70 comandos de voz, sendo poss\u00edvel planear uma viagem, efetuar chamadas telef\u00f3nicas, ler e responder a mensagens, reproduzir e escolher as fontes de m\u00fasica, abrir e fechar o teto Solarbay, alternar entre os modos MULTI-SENSE, ajustar a temperatura interior, entre muitas outras fun\u00e7\u00f5es.<\/p>\n\n\n\n<p>E se, a exemplo dos smartphone, as atualiza\u00e7\u00f5es de software s\u00e3o feitas remotamente, sublinhe-se que o Scenic E-Tech 100% el\u00e9trico inclui v\u00e1rias funcionalidades de IA que melhoram a experi\u00eancia do condutor e dos passageiros, com recomenda\u00e7\u00f5es proactivas baseadas em &#8220;rotinas&#8221;, que o sistema regista e analisa ao longo do tempo.<\/p>\n\n\n\n<figure class=\"wp-block-image size-full\"><img decoding=\"async\" width=\"1000\" height=\"667\" src=\"https:\/\/www.atelierdocaractere.pt\/wp-content\/uploads\/2024\/06\/image-1679121741719485327502-1719485328.jpg\" alt=\"\" class=\"wp-image-12976\" srcset=\"https:\/\/www.atelierdocaractere.pt\/wp-content\/uploads\/2024\/06\/image-1679121741719485327502-1719485328.jpg 1000w, https:\/\/www.atelierdocaractere.pt\/wp-content\/uploads\/2024\/06\/image-1679121741719485327502-1719485328-300x200.jpg 300w, https:\/\/www.atelierdocaractere.pt\/wp-content\/uploads\/2024\/06\/image-1679121741719485327502-1719485328-768x512.jpg 768w, https:\/\/www.atelierdocaractere.pt\/wp-content\/uploads\/2024\/06\/image-1679121741719485327502-1719485328-900x600.jpg 900w, https:\/\/www.atelierdocaractere.pt\/wp-content\/uploads\/2024\/06\/image-1679121741719485327502-1719485328-675x450.jpg 675w\" sizes=\"(max-width: 1000px) 100vw, 1000px\" \/><\/figure>\n\n\n\n<p><strong>Prazer de condu\u00e7\u00e3o e at\u00e9 625 quil\u00f3metros de autonomia<\/strong><\/p>\n\n\n\n<p>O Scenic E-Tech 100% el\u00e9trico \u00e9 equipado com um compacto e leve motor el\u00e9trico, montado na dianteira, dispon\u00edvel em duas vers\u00f5es:<\/p>\n\n\n\n<p>O mais potente, com 160 kW (220 cavalos) e 300 Nm de bin\u00e1rio, est\u00e1 associado a uma bateria com 87 kWh de capacidade, que proporciona uma autonomia at\u00e9 625 quil\u00f3metros (WLTP). Ou seja, a solu\u00e7\u00e3o perfeita para quem tamb\u00e9m privilegia as longas viagens de fim-de-semana ou de f\u00e9rias.<\/p>\n\n\n\n<p>Uma segunda vers\u00e3o, de 125 kW (170 cavalos) e 280 Nm de bin\u00e1rio, est\u00e1 dispon\u00edvel com uma bateria de 60 kWh de capacidade, capaz de oferecer uma autonomia at\u00e9 430 quil\u00f3metros (WLTP).<\/p>\n\n\n\n<p>As baterias do Scenic E-Tech 100% el\u00e9trico s\u00e3o compostas por 12 m\u00f3dulos de 16 ou 24 c\u00e9lulas que podem ser reparadas ou substitu\u00eddas individualmente. Uma grande mais-valia que n\u00e3o \u00e9 transversal \u00e0s restantes propostas do mercado, sendo que a Renault tamb\u00e9m j\u00e1 investiu, em Portugal, num centro de repara\u00e7\u00e3o de baterias, com tudo o que isso implica de vantagem no servi\u00e7o p\u00f3s-venda.<\/p>\n\n\n\n<p>O Renault Scenic E-Tech 100% el\u00e9trico \u00e9 compat\u00edvel com os v\u00e1rios sistemas de carregamento dispon\u00edveis no mercado.<\/p>\n\n\n\n<figure class=\"wp-block-image size-full\"><img decoding=\"async\" width=\"1000\" height=\"666\" src=\"https:\/\/www.atelierdocaractere.pt\/wp-content\/uploads\/2024\/06\/image-83123189251719485346788-1719485349.jpg\" alt=\"\" class=\"wp-image-12975\" srcset=\"https:\/\/www.atelierdocaractere.pt\/wp-content\/uploads\/2024\/06\/image-83123189251719485346788-1719485349.jpg 1000w, https:\/\/www.atelierdocaractere.pt\/wp-content\/uploads\/2024\/06\/image-83123189251719485346788-1719485349-300x200.jpg 300w, https:\/\/www.atelierdocaractere.pt\/wp-content\/uploads\/2024\/06\/image-83123189251719485346788-1719485349-768x511.jpg 768w, https:\/\/www.atelierdocaractere.pt\/wp-content\/uploads\/2024\/06\/image-83123189251719485346788-1719485349-900x600.jpg 900w, https:\/\/www.atelierdocaractere.pt\/wp-content\/uploads\/2024\/06\/image-83123189251719485346788-1719485349-675x450.jpg 675w\" sizes=\"(max-width: 1000px) 100vw, 1000px\" \/><\/figure>\n\n\n\n<p><strong>Um viajante nato<\/strong><\/p>\n\n\n\n<p>Equipado com mais de 30 dispositivos ADAS e de seguran\u00e7a, o novo Renault Scenic E-Tech 100% el\u00e9trico \u00e9 um viajante nato que impressiona pelo conforto a bordo e de rolamento, pelo prazer de condu\u00e7\u00e3o, pelo isolamento ac\u00fastico, pela linearidade da entrega de pot\u00eancia e bin\u00e1rio, pelos consumos comedidos (16,3 ou 16,8 kWh\/100 km, respetivamente, para as vers\u00f5es de 160 kW e 125 kW) e, claro, pela autonomia que proporciona.<\/p>\n\n\n\n<p>O Scenic E-Tech 100% el\u00e9trico disponibiliza quatro n\u00edveis de travagem regenerativa. Ou seja, sempre que se tira o p\u00e9 do acelerador ou se trava, a energia cin\u00e9tica do autom\u00f3vel \u00e9 transformada em energia el\u00e9trica, que \u00e9 depois armazenada na bateria.<\/p>\n\n\n\n<p>Gra\u00e7as \u00e0 tecnologia MULTI-SENSE, o condutor tem dispon\u00edvel quatro diferentes personaliza\u00e7\u00f5es: Comfort, Sport, Eco e Perso (personalizado). Cada modo cria uma atmosfera diferente, combinando as luzes interiores, o conforto do banco do condutor, a temperatura interior e a cor do ecr\u00e3 com aspetos de condu\u00e7\u00e3o, como o \u201cpeso\u201d da dire\u00e7\u00e3o, a calibra\u00e7\u00e3o do grupo propulsor e a resposta dos pedais.<\/p>\n\n\n\n<p><strong>Um exemplo de desenvolvimento sustent\u00e1vel<\/strong><\/p>\n\n\n\n<p>Com uma pegada de carbono 50 por cento inferior \u00e0 gera\u00e7\u00e3o anterior, o Scenic E-Tech 100% el\u00e9trico \u00e9 o autom\u00f3vel mais sustent\u00e1vel do mercado: pelo menos 24 por cento \u00e9 fabricado com materiais de economia circular; no final da sua vida \u00fatil, 90% da sua massa (incluindo a bateria) \u00e9 recicl\u00e1vel; n\u00e3o incorpora qualquer pele de origem animal; uma percentagem significativa dos vidros s\u00e3o reciclados; e nem a eletr\u00f3nica, a bateria ou o motor incorporam materiais de terras raras.<\/p>\n\n\n\n<p><strong>Dispon\u00edvel a partir de 40.690\u20ac (PVPR)<\/strong><\/p>\n\n\n\n<p>O Renault Scenic E-Tech 100% el\u00e9trico j\u00e1 chegou \u00e0 Rede de Concession\u00e1rios, estando dispon\u00edvel a partir de 40.690\u20ac (PVPR), em quatro n\u00edveis de equipamento, incluindo a vers\u00e3o Esprit Alpine, que adiciona um toque desportivo.<\/p>\n\n\n\n<p>Uma excelente solu\u00e7\u00e3o para profissionais, na medida em que podem beneficiar da isen\u00e7\u00e3o do valor total de IVA, bem como do pagamento de tributa\u00e7\u00e3o aut\u00f3noma, ISV e IUC, entre outros benef\u00edcios fiscais.<\/p>\n\n\n\n<figure class=\"wp-block-image size-full\"><img decoding=\"async\" width=\"738\" height=\"291\" src=\"https:\/\/www.atelierdocaractere.pt\/wp-content\/uploads\/2024\/06\/image-71821515721719487681632-1719487682.png\" alt=\"\" class=\"wp-image-12974\" srcset=\"https:\/\/www.atelierdocaractere.pt\/wp-content\/uploads\/2024\/06\/image-71821515721719487681632-1719487682.png 738w, https:\/\/www.atelierdocaractere.pt\/wp-content\/uploads\/2024\/06\/image-71821515721719487681632-1719487682-300x118.png 300w\" sizes=\"(max-width: 738px) 100vw, 738px\" \/><\/figure>\n","protected":false},"excerpt":{"rendered":"<p>Impressionante e surpreendente, certo? Sim, \u00e9 o novo Renault Scenic E-Tech 100% el\u00e9trico, o Carro do Ano 2024, uma distin\u00e7\u00e3o&#8230;<\/p>\n","protected":false},"author":7,"featured_media":12980,"comment_status":"closed","ping_status":"open","sticky":false,"template":"","format":"standard","meta":[],"categories":[28],"tags":[85,821],"yoast_head":"<!-- This site is optimized with the Yoast SEO plugin v20.12 - https:\/\/yoast.com\/wordpress\/plugins\/seo\/ -->\n<title>RENAULT SCENIC E-TECH 100% EL\u00c9TRICO: EST\u00c1 PREPARADO PARA UMA NOVA ERA DE CONFORTO E SUSTENTABILIDADE? - Atelier do Caractere<\/title>\n<meta name=\"robots\" content=\"index, follow, max-snippet:-1, max-image-preview:large, max-video-preview:-1\" \/>\n<link rel=\"canonical\" href=\"https:\/\/www.atelierdocaractere.pt\/brevemente\/renault-scenic-e-tech-100-eletrico-esta-preparado-para-uma-nova-era-de-conforto-e-sustentabilidade\/\" \/>\n<meta property=\"og:locale\" content=\"pt_PT\" \/>\n<meta property=\"og:type\" content=\"article\" \/>\n<meta property=\"og:title\" content=\"RENAULT SCENIC E-TECH 100% EL\u00c9TRICO: EST\u00c1 PREPARADO PARA UMA NOVA ERA DE CONFORTO E SUSTENTABILIDADE? - Atelier do Caractere\" \/>\n<meta property=\"og:description\" content=\"Impressionante e surpreendente, certo? Sim, \u00e9 o novo Renault Scenic E-Tech 100% el\u00e9trico, o Carro do Ano 2024, uma distin\u00e7\u00e3o...\" \/>\n<meta property=\"og:url\" content=\"https:\/\/www.atelierdocaractere.pt\/brevemente\/renault-scenic-e-tech-100-eletrico-esta-preparado-para-uma-nova-era-de-conforto-e-sustentabilidade\/\" \/>\n<meta property=\"og:site_name\" content=\"Atelier do Caractere\" \/>\n<meta property=\"article:publisher\" content=\"https:\/\/www.facebook.com\/AtelierdoCaractere\" \/>\n<meta property=\"article:published_time\" content=\"2024-06-27T18:12:52+00:00\" \/>\n<meta property=\"article:modified_time\" content=\"2024-06-28T18:28:41+00:00\" \/>\n<meta property=\"og:image\" content=\"https:\/\/www.atelierdocaractere.pt\/wp-content\/uploads\/2024\/06\/607dc8b70d525c2b79dba841add88237-l.jpg.webp\" \/>\n\t<meta property=\"og:image:width\" content=\"2000\" \/>\n\t<meta property=\"og:image:height\" content=\"1334\" \/>\n\t<meta property=\"og:image:type\" content=\"image\/webp\" \/>\n<meta name=\"author\" content=\"Joana Barbosa\" \/>\n<meta name=\"twitter:card\" content=\"summary_large_image\" \/>\n<meta name=\"twitter:label1\" content=\"Escrito por\" \/>\n\t<meta name=\"twitter:data1\" content=\"Joana Barbosa\" \/>\n\t<meta name=\"twitter:label2\" content=\"Tempo estimado de leitura\" \/>\n\t<meta name=\"twitter:data2\" content=\"9 minutos\" \/>\n<script type=\"application\/ld+json\" class=\"yoast-schema-graph\">{\"@context\":\"https:\/\/schema.org\",\"@graph\":[{\"@type\":\"WebPage\",\"@id\":\"https:\/\/www.atelierdocaractere.pt\/brevemente\/renault-scenic-e-tech-100-eletrico-esta-preparado-para-uma-nova-era-de-conforto-e-sustentabilidade\/\",\"url\":\"https:\/\/www.atelierdocaractere.pt\/brevemente\/renault-scenic-e-tech-100-eletrico-esta-preparado-para-uma-nova-era-de-conforto-e-sustentabilidade\/\",\"name\":\"RENAULT SCENIC E-TECH 100% EL\u00c9TRICO: EST\u00c1 PREPARADO PARA UMA NOVA ERA DE CONFORTO E SUSTENTABILIDADE? - Atelier do Caractere\",\"isPartOf\":{\"@id\":\"https:\/\/www.atelierdocaractere.pt\/brevemente\/#website\"},\"datePublished\":\"2024-06-27T18:12:52+00:00\",\"dateModified\":\"2024-06-28T18:28:41+00:00\",\"author\":{\"@id\":\"https:\/\/www.atelierdocaractere.pt\/brevemente\/#\/schema\/person\/f2f096eb0f27d9894725af22cb97c0db\"},\"breadcrumb\":{\"@id\":\"https:\/\/www.atelierdocaractere.pt\/brevemente\/renault-scenic-e-tech-100-eletrico-esta-preparado-para-uma-nova-era-de-conforto-e-sustentabilidade\/#breadcrumb\"},\"inLanguage\":\"pt-PT\",\"potentialAction\":[{\"@type\":\"ReadAction\",\"target\":[\"https:\/\/www.atelierdocaractere.pt\/brevemente\/renault-scenic-e-tech-100-eletrico-esta-preparado-para-uma-nova-era-de-conforto-e-sustentabilidade\/\"]}]},{\"@type\":\"BreadcrumbList\",\"@id\":\"https:\/\/www.atelierdocaractere.pt\/brevemente\/renault-scenic-e-tech-100-eletrico-esta-preparado-para-uma-nova-era-de-conforto-e-sustentabilidade\/#breadcrumb\",\"itemListElement\":[{\"@type\":\"ListItem\",\"position\":1,\"name\":\"In\u00edcio\",\"item\":\"https:\/\/www.atelierdocaractere.pt\/brevemente\/\"},{\"@type\":\"ListItem\",\"position\":2,\"name\":\"RENAULT SCENIC E-TECH 100% EL\u00c9TRICO: EST\u00c1 PREPARADO PARA UMA NOVA ERA DE CONFORTO E SUSTENTABILIDADE?\"}]},{\"@type\":\"WebSite\",\"@id\":\"https:\/\/www.atelierdocaractere.pt\/brevemente\/#website\",\"url\":\"https:\/\/www.atelierdocaractere.pt\/brevemente\/\",\"name\":\"Atelier do Caractere\",\"description\":\"\",\"potentialAction\":[{\"@type\":\"SearchAction\",\"target\":{\"@type\":\"EntryPoint\",\"urlTemplate\":\"https:\/\/www.atelierdocaractere.pt\/brevemente\/?s={search_term_string}\"},\"query-input\":\"required name=search_term_string\"}],\"inLanguage\":\"pt-PT\"},{\"@type\":\"Person\",\"@id\":\"https:\/\/www.atelierdocaractere.pt\/brevemente\/#\/schema\/person\/f2f096eb0f27d9894725af22cb97c0db\",\"name\":\"Joana Barbosa\",\"image\":{\"@type\":\"ImageObject\",\"inLanguage\":\"pt-PT\",\"@id\":\"https:\/\/www.atelierdocaractere.pt\/brevemente\/#\/schema\/person\/image\/\",\"url\":\"https:\/\/secure.gravatar.com\/avatar\/33e8214b45e9d68a3a83008731075979?s=96&d=mm&r=g\",\"contentUrl\":\"https:\/\/secure.gravatar.com\/avatar\/33e8214b45e9d68a3a83008731075979?s=96&d=mm&r=g\",\"caption\":\"Joana Barbosa\"},\"url\":\"https:\/\/www.atelierdocaractere.pt\/brevemente\/author\/joanabarbosa\/\"}]}<\/script>\n<!-- \/ Yoast SEO plugin. -->","yoast_head_json":{"title":"RENAULT SCENIC E-TECH 100% EL\u00c9TRICO: EST\u00c1 PREPARADO PARA UMA NOVA ERA DE CONFORTO E SUSTENTABILIDADE? - Atelier do Caractere","robots":{"index":"index","follow":"follow","max-snippet":"max-snippet:-1","max-image-preview":"max-image-preview:large","max-video-preview":"max-video-preview:-1"},"canonical":"https:\/\/www.atelierdocaractere.pt\/brevemente\/renault-scenic-e-tech-100-eletrico-esta-preparado-para-uma-nova-era-de-conforto-e-sustentabilidade\/","og_locale":"pt_PT","og_type":"article","og_title":"RENAULT SCENIC E-TECH 100% EL\u00c9TRICO: EST\u00c1 PREPARADO PARA UMA NOVA ERA DE CONFORTO E SUSTENTABILIDADE? - Atelier do Caractere","og_description":"Impressionante e surpreendente, certo? Sim, \u00e9 o novo Renault Scenic E-Tech 100% el\u00e9trico, o Carro do Ano 2024, uma distin\u00e7\u00e3o...","og_url":"https:\/\/www.atelierdocaractere.pt\/brevemente\/renault-scenic-e-tech-100-eletrico-esta-preparado-para-uma-nova-era-de-conforto-e-sustentabilidade\/","og_site_name":"Atelier do Caractere","article_publisher":"https:\/\/www.facebook.com\/AtelierdoCaractere","article_published_time":"2024-06-27T18:12:52+00:00","article_modified_time":"2024-06-28T18:28:41+00:00","og_image":[{"width":2000,"height":1334,"url":"https:\/\/www.atelierdocaractere.pt\/wp-content\/uploads\/2024\/06\/607dc8b70d525c2b79dba841add88237-l.jpg.webp","type":"image\/webp"}],"author":"Joana Barbosa","twitter_card":"summary_large_image","twitter_misc":{"Escrito por":"Joana Barbosa","Tempo estimado de leitura":"9 minutos"},"schema":{"@context":"https:\/\/schema.org","@graph":[{"@type":"WebPage","@id":"https:\/\/www.atelierdocaractere.pt\/brevemente\/renault-scenic-e-tech-100-eletrico-esta-preparado-para-uma-nova-era-de-conforto-e-sustentabilidade\/","url":"https:\/\/www.atelierdocaractere.pt\/brevemente\/renault-scenic-e-tech-100-eletrico-esta-preparado-para-uma-nova-era-de-conforto-e-sustentabilidade\/","name":"RENAULT SCENIC E-TECH 100% EL\u00c9TRICO: EST\u00c1 PREPARADO PARA UMA NOVA ERA DE CONFORTO E SUSTENTABILIDADE? - Atelier do Caractere","isPartOf":{"@id":"https:\/\/www.atelierdocaractere.pt\/brevemente\/#website"},"datePublished":"2024-06-27T18:12:52+00:00","dateModified":"2024-06-28T18:28:41+00:00","author":{"@id":"https:\/\/www.atelierdocaractere.pt\/brevemente\/#\/schema\/person\/f2f096eb0f27d9894725af22cb97c0db"},"breadcrumb":{"@id":"https:\/\/www.atelierdocaractere.pt\/brevemente\/renault-scenic-e-tech-100-eletrico-esta-preparado-para-uma-nova-era-de-conforto-e-sustentabilidade\/#breadcrumb"},"inLanguage":"pt-PT","potentialAction":[{"@type":"ReadAction","target":["https:\/\/www.atelierdocaractere.pt\/brevemente\/renault-scenic-e-tech-100-eletrico-esta-preparado-para-uma-nova-era-de-conforto-e-sustentabilidade\/"]}]},{"@type":"BreadcrumbList","@id":"https:\/\/www.atelierdocaractere.pt\/brevemente\/renault-scenic-e-tech-100-eletrico-esta-preparado-para-uma-nova-era-de-conforto-e-sustentabilidade\/#breadcrumb","itemListElement":[{"@type":"ListItem","position":1,"name":"In\u00edcio","item":"https:\/\/www.atelierdocaractere.pt\/brevemente\/"},{"@type":"ListItem","position":2,"name":"RENAULT SCENIC E-TECH 100% EL\u00c9TRICO: EST\u00c1 PREPARADO PARA UMA NOVA ERA DE CONFORTO E SUSTENTABILIDADE?"}]},{"@type":"WebSite","@id":"https:\/\/www.atelierdocaractere.pt\/brevemente\/#website","url":"https:\/\/www.atelierdocaractere.pt\/brevemente\/","name":"Atelier do Caractere","description":"","potentialAction":[{"@type":"SearchAction","target":{"@type":"EntryPoint","urlTemplate":"https:\/\/www.atelierdocaractere.pt\/brevemente\/?s={search_term_string}"},"query-input":"required name=search_term_string"}],"inLanguage":"pt-PT"},{"@type":"Person","@id":"https:\/\/www.atelierdocaractere.pt\/brevemente\/#\/schema\/person\/f2f096eb0f27d9894725af22cb97c0db","name":"Joana Barbosa","image":{"@type":"ImageObject","inLanguage":"pt-PT","@id":"https:\/\/www.atelierdocaractere.pt\/brevemente\/#\/schema\/person\/image\/","url":"https:\/\/secure.gravatar.com\/avatar\/33e8214b45e9d68a3a83008731075979?s=96&d=mm&r=g","contentUrl":"https:\/\/secure.gravatar.com\/avatar\/33e8214b45e9d68a3a83008731075979?s=96&d=mm&r=g","caption":"Joana Barbosa"},"url":"https:\/\/www.atelierdocaractere.pt\/brevemente\/author\/joanabarbosa\/"}]}},"_links":{"self":[{"href":"https:\/\/www.atelierdocaractere.pt\/brevemente\/wp-json\/wp\/v2\/posts\/12973"}],"collection":[{"href":"https:\/\/www.atelierdocaractere.pt\/brevemente\/wp-json\/wp\/v2\/posts"}],"about":[{"href":"https:\/\/www.atelierdocaractere.pt\/brevemente\/wp-json\/wp\/v2\/types\/post"}],"author":[{"embeddable":true,"href":"https:\/\/www.atelierdocaractere.pt\/brevemente\/wp-json\/wp\/v2\/users\/7"}],"replies":[{"embeddable":true,"href":"https:\/\/www.atelierdocaractere.pt\/brevemente\/wp-json\/wp\/v2\/comments?post=12973"}],"version-history":[{"count":1,"href":"https:\/\/www.atelierdocaractere.pt\/brevemente\/wp-json\/wp\/v2\/posts\/12973\/revisions"}],"predecessor-version":[{"id":12981,"href":"https:\/\/www.atelierdocaractere.pt\/brevemente\/wp-json\/wp\/v2\/posts\/12973\/revisions\/12981"}],"wp:featuredmedia":[{"embeddable":true,"href":"https:\/\/www.atelierdocaractere.pt\/brevemente\/wp-json\/wp\/v2\/media\/12980"}],"wp:attachment":[{"href":"https:\/\/www.atelierdocaractere.pt\/brevemente\/wp-json\/wp\/v2\/media?parent=12973"}],"wp:term":[{"taxonomy":"category","embeddable":true,"href":"https:\/\/www.atelierdocaractere.pt\/brevemente\/wp-json\/wp\/v2\/categories?post=12973"},{"taxonomy":"post_tag","embeddable":true,"href":"https:\/\/www.atelierdocaractere.pt\/brevemente\/wp-json\/wp\/v2\/tags?post=12973"}],"curies":[{"name":"wp","href":"https:\/\/api.w.org\/{rel}","templated":true}]}}