{"id":12991,"date":"2024-06-23T18:38:41","date_gmt":"2024-06-23T18:38:41","guid":{"rendered":"https:\/\/www.atelierdocaractere.pt\/brevemente\/?p=12991"},"modified":"2024-06-28T18:42:44","modified_gmt":"2024-06-28T18:42:44","slug":"marcio-neves-vence-em-coimbra-o-campeonato-nacional-individual-de-triatlo-de-longa-distancia","status":"publish","type":"post","link":"https:\/\/www.atelierdocaractere.pt\/brevemente\/marcio-neves-vence-em-coimbra-o-campeonato-nacional-individual-de-triatlo-de-longa-distancia\/","title":{"rendered":"M\u00e1rcio Neves vence em Coimbra o Campeonato Nacional Individual de Triatlo de Longa Dist\u00e2ncia"},"content":{"rendered":"\n<ul>\n<li>Atleta cumpriu percurso em&nbsp;<a>8h17m12s<\/a>.<\/li>\n\n\n\n<li>Coimbra foi a capital do triatlo durante nove dias.<\/li>\n<\/ul>\n\n\n<div class=\"wp-block-image\">\n<figure class=\"aligncenter size-full\"><img decoding=\"async\" width=\"622\" height=\"415\" src=\"https:\/\/www.atelierdocaractere.pt\/wp-content\/uploads\/2024\/06\/descarregar-4.png\" alt=\"\" class=\"wp-image-12992\" srcset=\"https:\/\/www.atelierdocaractere.pt\/wp-content\/uploads\/2024\/06\/descarregar-4.png 622w, https:\/\/www.atelierdocaractere.pt\/wp-content\/uploads\/2024\/06\/descarregar-4-300x200.png 300w\" sizes=\"(max-width: 622px) 100vw, 622px\" \/><\/figure><\/div>\n\n\n<p>O triatleta&nbsp;<strong>M\u00e1rcio Neves<\/strong>&nbsp;sagrou-se hoje, dia 23, campe\u00e3o nacional individual masculino de Triatlo de Longa Dist\u00e2ncia, numa prova que decorreu em Coimbra. O atleta de Peniche completou o percurso com um tempo de 8h17m12s, quatro minutos mais r\u00e1pido que o segundo classificado, S\u00e9rgio Marques. No escal\u00e3o feminino, a vencedora foi&nbsp;<strong>Eva Silva<\/strong>, com 11h00m43s.<\/p>\n\n\n\n<p>A prova teve in\u00edcio \u00e0s 7h00, num percurso composto por 3800 metros de nata\u00e7\u00e3o (uma volta no rio Mondego), 180 km de ciclismo (um total de quatro voltas, de 45km cada, nas duas margens do rio) e uma corrida de 42 km (quatro voltas de 10,5km cada).<\/p>\n\n\n\n<p>M\u00e1rcio Neves demorou 54m41s no segmento de nata\u00e7\u00e3o, 4h24m20s no ciclismo, 2h54m02s na corrida e 4m09s nas transi\u00e7\u00f5es.<\/p>\n\n\n<div class=\"wp-block-image\">\n<figure class=\"aligncenter size-full\"><img decoding=\"async\" width=\"624\" height=\"416\" src=\"https:\/\/www.atelierdocaractere.pt\/wp-content\/uploads\/2024\/06\/thumbnail-image009.jpg\" alt=\"\" class=\"wp-image-12993\" srcset=\"https:\/\/www.atelierdocaractere.pt\/wp-content\/uploads\/2024\/06\/thumbnail-image009.jpg 624w, https:\/\/www.atelierdocaractere.pt\/wp-content\/uploads\/2024\/06\/thumbnail-image009-300x200.jpg 300w\" sizes=\"(max-width: 624px) 100vw, 624px\" \/><\/figure><\/div>\n\n\n<p><a>O&nbsp;<\/a><a>Campeonato Nacional de Triatlo de Longa Dist\u00e2ncia&nbsp;<\/a>foi o corol\u00e1rio de nove dias de competi\u00e7\u00e3o intensa, em que Coimbra se transformou na capital do triatlo, sendo o cen\u00e1rio para as diversas provas do&nbsp;<strong>Campeonato da Europa de Triatlo Multisport<\/strong>.<\/p>\n\n\n\n<p>Hoje, o Parque Verde foi o centro nevr\u00e1lgico de v\u00e1rias provas abertas&nbsp;a todos os que se inscreveram, no evento Multisport Coimbra, que levou milhares de pessoas at\u00e9 \u00e0s margens do Mondego. Al\u00e9m do Nacional de Triatlo de Longa Dist\u00e2ncia, decorreram as provas de Aquabike Longa Dist\u00e2ncia (com percurso id\u00eantico ao triatlo, mas sem o segmento de corrida), Duatlo Longa Dist\u00e2ncia (composta por ciclismo e corrida), triatlo, duatlo e aquabike na dist\u00e2ncia standard, que inclu\u00edram combina\u00e7\u00f5es de segmentos de nata\u00e7\u00e3o (1900 m), ciclismo (45 km) e corrida (10,5 km), e ainda as corridas \u201cSummer Run\u201d, nas dist\u00e2ncias de 10,5 km, meia maratona (21 km) e maratona (42 km).<\/p>\n\n\n<div class=\"wp-block-image\">\n<figure class=\"aligncenter size-full\"><img decoding=\"async\" width=\"621\" height=\"414\" src=\"https:\/\/www.atelierdocaractere.pt\/wp-content\/uploads\/2024\/06\/thumbnail-image002.jpg\" alt=\"\" class=\"wp-image-12994\" srcset=\"https:\/\/www.atelierdocaractere.pt\/wp-content\/uploads\/2024\/06\/thumbnail-image002.jpg 621w, https:\/\/www.atelierdocaractere.pt\/wp-content\/uploads\/2024\/06\/thumbnail-image002-300x200.jpg 300w\" sizes=\"(max-width: 621px) 100vw, 621px\" \/><\/figure><\/div>\n\n\n<p><strong>Resultados do dia:<\/strong><\/p>\n\n\n\n<p><strong>Campeonato Nacional Individual de Triatlo de Longa Dist\u00e2ncia<\/strong><\/p>\n\n\n\n<p><em>Masculino<\/em><\/p>\n\n\n\n<ol type=\"1\">\n<li><strong>M\u00e1rcio Neves<\/strong>&nbsp;&#8211; 08h17m12s<\/li>\n\n\n\n<li>S\u00e9rgio Marques &#8211; 08h21m26s<\/li>\n\n\n\n<li>Pablo Cueto &#8211; 08h35m02s<\/li>\n<\/ol>\n\n\n\n<p><em>Feminino<\/em><\/p>\n\n\n\n<ol type=\"1\">\n<li><strong>Eva Silva (Portugal)<\/strong>&nbsp;\u2013&nbsp;11h00m43s<\/li>\n\n\n\n<li>Sonia Canzobre (Espanha) \u2013 11h37m20s<\/li>\n\n\n\n<li>Ana Costa (Portugal) \u2013 12h08m22s<\/li>\n<\/ol>\n\n\n\n<p><strong>Aquabike Longa Dist\u00e2ncia<\/strong><strong><\/strong><\/p>\n\n\n\n<p><em>Masculino<\/em><\/p>\n\n\n\n<ol type=\"1\">\n<li><strong>S\u00e9rgio Costa<\/strong>&nbsp;&#8211; 05h52m56s<\/li>\n\n\n\n<li>Jo\u00e3o Pinto &#8211; 05h56m35s<\/li>\n\n\n\n<li>Jo\u00e3o Rebelo &#8211; 06h03m38s<\/li>\n<\/ol>\n\n\n\n<p><strong>Duatlo Longa Dist\u00e2ncia<\/strong><\/p>\n\n\n\n<p><em>Masculino<\/em><\/p>\n\n\n\n<ol type=\"1\">\n<li><strong>Bruno Martins<\/strong>&nbsp;&#8211; 08h30m49s<\/li>\n\n\n\n<li>V\u00edtor Gomes &#8211; 08h37m16s<\/li>\n\n\n\n<li>V\u00edtor Lopes &#8211; 08h38m10s<\/li>\n<\/ol>\n\n\n\n<p><strong>Triatlo Standard<\/strong><strong><\/strong><\/p>\n\n\n\n<p><em>Masculino<\/em><\/p>\n\n\n\n<ol type=\"1\">\n<li><strong>David Abreu&nbsp;<\/strong>&#8211; 02h14m25s<\/li>\n\n\n\n<li>Jo\u00e3o Martinho &#8211; 02h30m35s<\/li>\n\n\n\n<li>Gon\u00e7alo Vale &#8211; 02h32m23s<\/li>\n<\/ol>\n\n\n\n<p><em>Feminino<\/em><\/p>\n\n\n\n<ol type=\"1\">\n<li><strong>Nat\u00e1lia Guilherme&nbsp;<\/strong>&#8211; 02h50m46s<\/li>\n\n\n\n<li>H\u00e9lia Santos &#8211; 03h06m50s<\/li>\n\n\n\n<li>Izabela Pires \u2013 03h08m14s<\/li>\n<\/ol>\n\n\n\n<p><strong>Duatlo Standard<\/strong><\/p>\n\n\n\n<p><em>Masculino<\/em><\/p>\n\n\n\n<ol type=\"1\">\n<li><strong>Marco Pinto&nbsp;<\/strong>&#8211; 01h55m22s<\/li>\n\n\n\n<li>M\u00e1rio Arag\u00e3o &#8211; 01h57m18s<\/li>\n\n\n\n<li>Gary Blesson &#8211; 02h01m34s<\/li>\n<\/ol>\n\n\n\n<p><em>Feminino<\/em><\/p>\n\n\n\n<ol type=\"1\">\n<li><strong>Anabela Marques&nbsp;<\/strong>&#8211; 02h23m16s<\/li>\n\n\n\n<li>Andreia Pita &#8211; 02h24m56s<\/li>\n\n\n\n<li>Joana Salgado &#8211; 02h28m46s<\/li>\n<\/ol>\n\n\n\n<p><strong>Summer Run \u2013 42 km<\/strong><\/p>\n\n\n\n<p><em>Masculino<\/em><\/p>\n\n\n\n<ol type=\"1\">\n<li><strong>Andr\u00e9 Costa<\/strong>&nbsp;&#8211; 02h43m25s<\/li>\n\n\n\n<li>Jos\u00e9 Gomes &#8211; 02h48m22s<\/li>\n\n\n\n<li>Paulo Pires &#8211; 02h54m35s<\/li>\n<\/ol>\n\n\n\n<p><em>Feminino<\/em><\/p>\n\n\n\n<ol type=\"1\">\n<li><strong>Ana Mota &#8211; 03h33m21s<\/strong><\/li>\n\n\n\n<li><strong>Raquel Vasconcelos<\/strong>&nbsp;&#8211; 03h40m27s<\/li>\n\n\n\n<li>Josy Mello &#8211; 03h41m42s<\/li>\n\n\n\n<li><\/li>\n<\/ol>\n\n\n\n<p><strong>Summer Run \u2013 21,5 km<\/strong><\/p>\n\n\n\n<p><em>Masculino<\/em><\/p>\n\n\n\n<ol type=\"1\">\n<li><strong>Nuno Raposo<\/strong>&nbsp;\u2013 01h14m50s<\/li>\n\n\n\n<li>Andr\u00e9 Carvalho \u2013 01h19m28s<\/li>\n\n\n\n<li>Armindo Antunes \u2013 01h21m00s<\/li>\n<\/ol>\n\n\n\n<p><em>Feminino<\/em><\/p>\n\n\n\n<ol type=\"1\">\n<li><strong>Julia Klein<\/strong>&nbsp;\u2013 01h21m01s<\/li>\n\n\n\n<li>C\u00e1tia Rodrigues \u2013 01h32m01s<\/li>\n\n\n\n<li>L\u00edgia Casimiro \u2013 01h34m49s<\/li>\n<\/ol>\n\n\n\n<p><strong>Summer Run \u2013 10,5 km<\/strong><\/p>\n\n\n\n<p><em>Masculino<\/em><\/p>\n\n\n\n<ol type=\"1\">\n<li><strong>Hermano Ferreira<\/strong>&nbsp;\u2013 34m17s<\/li>\n\n\n\n<li>Carlos Costa &#8211; 35m14s<\/li>\n\n\n\n<li>Ricardo Gaspar \u2013 36m29s<\/li>\n<\/ol>\n\n\n\n<p><em>Feminino<\/em><\/p>\n\n\n\n<ol type=\"1\">\n<li><strong>Patr\u00edcia Carreira<\/strong>&nbsp;\u2013 40m00s<\/li>\n\n\n\n<li>Matilde Lomba &#8211; 41m40s<\/li>\n\n\n\n<li>Lucy Brown \u2013 45m01s<\/li>\n<\/ol>\n\n\n\n<p>Mais informa\u00e7\u00f5es:<\/p>\n\n\n\n<p><a href=\"https:\/\/www.multisport.pt\">https:\/\/www.multisport.pt<\/a><\/p>\n\n\n\n<p><a href=\"https:\/\/europe.triathlon.org\">https:\/\/europe.triathlon.org<\/a><\/p>\n","protected":false},"excerpt":{"rendered":"<p>O triatleta&nbsp;M\u00e1rcio Neves&nbsp;sagrou-se hoje, dia 23, campe\u00e3o nacional individual masculino de Triatlo de Longa Dist\u00e2ncia, numa prova que decorreu em&#8230;<\/p>\n","protected":false},"author":7,"featured_media":12995,"comment_status":"closed","ping_status":"open","sticky":false,"template":"","format":"standard","meta":[],"categories":[26],"tags":[737,267],"yoast_head":"<!-- This site is optimized with the Yoast SEO plugin v20.12 - https:\/\/yoast.com\/wordpress\/plugins\/seo\/ -->\n<title>M\u00e1rcio Neves vence em Coimbra o Campeonato Nacional Individual de Triatlo de Longa Dist\u00e2ncia - Atelier do Caractere<\/title>\n<meta name=\"robots\" content=\"index, follow, max-snippet:-1, max-image-preview:large, max-video-preview:-1\" \/>\n<link rel=\"canonical\" href=\"https:\/\/www.atelierdocaractere.pt\/brevemente\/marcio-neves-vence-em-coimbra-o-campeonato-nacional-individual-de-triatlo-de-longa-distancia\/\" \/>\n<meta property=\"og:locale\" content=\"pt_PT\" \/>\n<meta property=\"og:type\" content=\"article\" \/>\n<meta property=\"og:title\" content=\"M\u00e1rcio Neves vence em Coimbra o Campeonato Nacional Individual de Triatlo de Longa Dist\u00e2ncia - Atelier do Caractere\" \/>\n<meta property=\"og:description\" content=\"O triatleta&nbsp;M\u00e1rcio Neves&nbsp;sagrou-se hoje, dia 23, campe\u00e3o nacional individual masculino de Triatlo de Longa Dist\u00e2ncia, numa prova que decorreu em...\" \/>\n<meta property=\"og:url\" content=\"https:\/\/www.atelierdocaractere.pt\/brevemente\/marcio-neves-vence-em-coimbra-o-campeonato-nacional-individual-de-triatlo-de-longa-distancia\/\" \/>\n<meta property=\"og:site_name\" content=\"Atelier do Caractere\" \/>\n<meta property=\"article:publisher\" content=\"https:\/\/www.facebook.com\/AtelierdoCaractere\" \/>\n<meta property=\"article:published_time\" content=\"2024-06-23T18:38:41+00:00\" \/>\n<meta property=\"article:modified_time\" content=\"2024-06-28T18:42:44+00:00\" \/>\n<meta property=\"og:image\" content=\"https:\/\/www.atelierdocaractere.pt\/wp-content\/uploads\/2024\/06\/thumbnail-image001.jpg\" \/>\n\t<meta property=\"og:image:width\" content=\"626\" \/>\n\t<meta property=\"og:image:height\" content=\"417\" \/>\n\t<meta property=\"og:image:type\" content=\"image\/jpeg\" \/>\n<meta name=\"author\" content=\"Joana Barbosa\" \/>\n<meta name=\"twitter:card\" content=\"summary_large_image\" \/>\n<meta name=\"twitter:label1\" content=\"Escrito por\" \/>\n\t<meta name=\"twitter:data1\" content=\"Joana Barbosa\" \/>\n\t<meta name=\"twitter:label2\" content=\"Tempo estimado de leitura\" \/>\n\t<meta name=\"twitter:data2\" content=\"4 minutos\" \/>\n<script type=\"application\/ld+json\" class=\"yoast-schema-graph\">{\"@context\":\"https:\/\/schema.org\",\"@graph\":[{\"@type\":\"WebPage\",\"@id\":\"https:\/\/www.atelierdocaractere.pt\/brevemente\/marcio-neves-vence-em-coimbra-o-campeonato-nacional-individual-de-triatlo-de-longa-distancia\/\",\"url\":\"https:\/\/www.atelierdocaractere.pt\/brevemente\/marcio-neves-vence-em-coimbra-o-campeonato-nacional-individual-de-triatlo-de-longa-distancia\/\",\"name\":\"M\u00e1rcio Neves vence em Coimbra o Campeonato Nacional Individual de Triatlo de Longa Dist\u00e2ncia - Atelier do Caractere\",\"isPartOf\":{\"@id\":\"https:\/\/www.atelierdocaractere.pt\/brevemente\/#website\"},\"datePublished\":\"2024-06-23T18:38:41+00:00\",\"dateModified\":\"2024-06-28T18:42:44+00:00\",\"author\":{\"@id\":\"https:\/\/www.atelierdocaractere.pt\/brevemente\/#\/schema\/person\/f2f096eb0f27d9894725af22cb97c0db\"},\"breadcrumb\":{\"@id\":\"https:\/\/www.atelierdocaractere.pt\/brevemente\/marcio-neves-vence-em-coimbra-o-campeonato-nacional-individual-de-triatlo-de-longa-distancia\/#breadcrumb\"},\"inLanguage\":\"pt-PT\",\"potentialAction\":[{\"@type\":\"ReadAction\",\"target\":[\"https:\/\/www.atelierdocaractere.pt\/brevemente\/marcio-neves-vence-em-coimbra-o-campeonato-nacional-individual-de-triatlo-de-longa-distancia\/\"]}]},{\"@type\":\"BreadcrumbList\",\"@id\":\"https:\/\/www.atelierdocaractere.pt\/brevemente\/marcio-neves-vence-em-coimbra-o-campeonato-nacional-individual-de-triatlo-de-longa-distancia\/#breadcrumb\",\"itemListElement\":[{\"@type\":\"ListItem\",\"position\":1,\"name\":\"In\u00edcio\",\"item\":\"https:\/\/www.atelierdocaractere.pt\/brevemente\/\"},{\"@type\":\"ListItem\",\"position\":2,\"name\":\"M\u00e1rcio Neves vence em Coimbra o Campeonato Nacional Individual de Triatlo de Longa Dist\u00e2ncia\"}]},{\"@type\":\"WebSite\",\"@id\":\"https:\/\/www.atelierdocaractere.pt\/brevemente\/#website\",\"url\":\"https:\/\/www.atelierdocaractere.pt\/brevemente\/\",\"name\":\"Atelier do Caractere\",\"description\":\"\",\"potentialAction\":[{\"@type\":\"SearchAction\",\"target\":{\"@type\":\"EntryPoint\",\"urlTemplate\":\"https:\/\/www.atelierdocaractere.pt\/brevemente\/?s={search_term_string}\"},\"query-input\":\"required name=search_term_string\"}],\"inLanguage\":\"pt-PT\"},{\"@type\":\"Person\",\"@id\":\"https:\/\/www.atelierdocaractere.pt\/brevemente\/#\/schema\/person\/f2f096eb0f27d9894725af22cb97c0db\",\"name\":\"Joana Barbosa\",\"image\":{\"@type\":\"ImageObject\",\"inLanguage\":\"pt-PT\",\"@id\":\"https:\/\/www.atelierdocaractere.pt\/brevemente\/#\/schema\/person\/image\/\",\"url\":\"https:\/\/secure.gravatar.com\/avatar\/33e8214b45e9d68a3a83008731075979?s=96&d=mm&r=g\",\"contentUrl\":\"https:\/\/secure.gravatar.com\/avatar\/33e8214b45e9d68a3a83008731075979?s=96&d=mm&r=g\",\"caption\":\"Joana Barbosa\"},\"url\":\"https:\/\/www.atelierdocaractere.pt\/brevemente\/author\/joanabarbosa\/\"}]}<\/script>\n<!-- \/ Yoast SEO plugin. -->","yoast_head_json":{"title":"M\u00e1rcio Neves vence em Coimbra o Campeonato Nacional Individual de Triatlo de Longa Dist\u00e2ncia - Atelier do Caractere","robots":{"index":"index","follow":"follow","max-snippet":"max-snippet:-1","max-image-preview":"max-image-preview:large","max-video-preview":"max-video-preview:-1"},"canonical":"https:\/\/www.atelierdocaractere.pt\/brevemente\/marcio-neves-vence-em-coimbra-o-campeonato-nacional-individual-de-triatlo-de-longa-distancia\/","og_locale":"pt_PT","og_type":"article","og_title":"M\u00e1rcio Neves vence em Coimbra o Campeonato Nacional Individual de Triatlo de Longa Dist\u00e2ncia - Atelier do Caractere","og_description":"O triatleta&nbsp;M\u00e1rcio Neves&nbsp;sagrou-se hoje, dia 23, campe\u00e3o nacional individual masculino de Triatlo de Longa Dist\u00e2ncia, numa prova que decorreu em...","og_url":"https:\/\/www.atelierdocaractere.pt\/brevemente\/marcio-neves-vence-em-coimbra-o-campeonato-nacional-individual-de-triatlo-de-longa-distancia\/","og_site_name":"Atelier do Caractere","article_publisher":"https:\/\/www.facebook.com\/AtelierdoCaractere","article_published_time":"2024-06-23T18:38:41+00:00","article_modified_time":"2024-06-28T18:42:44+00:00","og_image":[{"width":626,"height":417,"url":"https:\/\/www.atelierdocaractere.pt\/wp-content\/uploads\/2024\/06\/thumbnail-image001.jpg","type":"image\/jpeg"}],"author":"Joana Barbosa","twitter_card":"summary_large_image","twitter_misc":{"Escrito por":"Joana Barbosa","Tempo estimado de leitura":"4 minutos"},"schema":{"@context":"https:\/\/schema.org","@graph":[{"@type":"WebPage","@id":"https:\/\/www.atelierdocaractere.pt\/brevemente\/marcio-neves-vence-em-coimbra-o-campeonato-nacional-individual-de-triatlo-de-longa-distancia\/","url":"https:\/\/www.atelierdocaractere.pt\/brevemente\/marcio-neves-vence-em-coimbra-o-campeonato-nacional-individual-de-triatlo-de-longa-distancia\/","name":"M\u00e1rcio Neves vence em Coimbra o Campeonato Nacional Individual de Triatlo de Longa Dist\u00e2ncia - Atelier do Caractere","isPartOf":{"@id":"https:\/\/www.atelierdocaractere.pt\/brevemente\/#website"},"datePublished":"2024-06-23T18:38:41+00:00","dateModified":"2024-06-28T18:42:44+00:00","author":{"@id":"https:\/\/www.atelierdocaractere.pt\/brevemente\/#\/schema\/person\/f2f096eb0f27d9894725af22cb97c0db"},"breadcrumb":{"@id":"https:\/\/www.atelierdocaractere.pt\/brevemente\/marcio-neves-vence-em-coimbra-o-campeonato-nacional-individual-de-triatlo-de-longa-distancia\/#breadcrumb"},"inLanguage":"pt-PT","potentialAction":[{"@type":"ReadAction","target":["https:\/\/www.atelierdocaractere.pt\/brevemente\/marcio-neves-vence-em-coimbra-o-campeonato-nacional-individual-de-triatlo-de-longa-distancia\/"]}]},{"@type":"BreadcrumbList","@id":"https:\/\/www.atelierdocaractere.pt\/brevemente\/marcio-neves-vence-em-coimbra-o-campeonato-nacional-individual-de-triatlo-de-longa-distancia\/#breadcrumb","itemListElement":[{"@type":"ListItem","position":1,"name":"In\u00edcio","item":"https:\/\/www.atelierdocaractere.pt\/brevemente\/"},{"@type":"ListItem","position":2,"name":"M\u00e1rcio Neves vence em Coimbra o Campeonato Nacional Individual de Triatlo de Longa Dist\u00e2ncia"}]},{"@type":"WebSite","@id":"https:\/\/www.atelierdocaractere.pt\/brevemente\/#website","url":"https:\/\/www.atelierdocaractere.pt\/brevemente\/","name":"Atelier do Caractere","description":"","potentialAction":[{"@type":"SearchAction","target":{"@type":"EntryPoint","urlTemplate":"https:\/\/www.atelierdocaractere.pt\/brevemente\/?s={search_term_string}"},"query-input":"required name=search_term_string"}],"inLanguage":"pt-PT"},{"@type":"Person","@id":"https:\/\/www.atelierdocaractere.pt\/brevemente\/#\/schema\/person\/f2f096eb0f27d9894725af22cb97c0db","name":"Joana Barbosa","image":{"@type":"ImageObject","inLanguage":"pt-PT","@id":"https:\/\/www.atelierdocaractere.pt\/brevemente\/#\/schema\/person\/image\/","url":"https:\/\/secure.gravatar.com\/avatar\/33e8214b45e9d68a3a83008731075979?s=96&d=mm&r=g","contentUrl":"https:\/\/secure.gravatar.com\/avatar\/33e8214b45e9d68a3a83008731075979?s=96&d=mm&r=g","caption":"Joana Barbosa"},"url":"https:\/\/www.atelierdocaractere.pt\/brevemente\/author\/joanabarbosa\/"}]}},"_links":{"self":[{"href":"https:\/\/www.atelierdocaractere.pt\/brevemente\/wp-json\/wp\/v2\/posts\/12991"}],"collection":[{"href":"https:\/\/www.atelierdocaractere.pt\/brevemente\/wp-json\/wp\/v2\/posts"}],"about":[{"href":"https:\/\/www.atelierdocaractere.pt\/brevemente\/wp-json\/wp\/v2\/types\/post"}],"author":[{"embeddable":true,"href":"https:\/\/www.atelierdocaractere.pt\/brevemente\/wp-json\/wp\/v2\/users\/7"}],"replies":[{"embeddable":true,"href":"https:\/\/www.atelierdocaractere.pt\/brevemente\/wp-json\/wp\/v2\/comments?post=12991"}],"version-history":[{"count":1,"href":"https:\/\/www.atelierdocaractere.pt\/brevemente\/wp-json\/wp\/v2\/posts\/12991\/revisions"}],"predecessor-version":[{"id":12996,"href":"https:\/\/www.atelierdocaractere.pt\/brevemente\/wp-json\/wp\/v2\/posts\/12991\/revisions\/12996"}],"wp:featuredmedia":[{"embeddable":true,"href":"https:\/\/www.atelierdocaractere.pt\/brevemente\/wp-json\/wp\/v2\/media\/12995"}],"wp:attachment":[{"href":"https:\/\/www.atelierdocaractere.pt\/brevemente\/wp-json\/wp\/v2\/media?parent=12991"}],"wp:term":[{"taxonomy":"category","embeddable":true,"href":"https:\/\/www.atelierdocaractere.pt\/brevemente\/wp-json\/wp\/v2\/categories?post=12991"},{"taxonomy":"post_tag","embeddable":true,"href":"https:\/\/www.atelierdocaractere.pt\/brevemente\/wp-json\/wp\/v2\/tags?post=12991"}],"curies":[{"name":"wp","href":"https:\/\/api.w.org\/{rel}","templated":true}]}}