{"id":13155,"date":"2024-07-08T10:51:37","date_gmt":"2024-07-08T10:51:37","guid":{"rendered":"https:\/\/www.atelierdocaractere.pt\/brevemente\/?p=13155"},"modified":"2024-07-17T10:54:32","modified_gmt":"2024-07-17T10:54:32","slug":"novo-renault-master-disponivel-para-encomenda-em-portugal","status":"publish","type":"post","link":"https:\/\/www.atelierdocaractere.pt\/brevemente\/novo-renault-master-disponivel-para-encomenda-em-portugal\/","title":{"rendered":"Novo Renault Master dispon\u00edvel para encomenda em Portugal"},"content":{"rendered":"\n<ul>\n<li>Quatro motores diesel Blue dCi e um motor el\u00e9trico para responder a todas as necessidades.<\/li>\n\n\n\n<li>Novo Renault Master dispon\u00edvel para encomenda a partir de 42.930\u20ac (PVPR) com o motor Blue dCi 105 cv.<\/li>\n\n\n\n<li>Motoriza\u00e7\u00e3o E-Tech 100% el\u00e9trico com bateria de 87 kWh a partir de 67.150\u20ac (PVPR).<\/li>\n\n\n\n<li>Um n\u00edvel de equipamento transversal a toda a gama: advance.<\/li>\n\n\n\n<li>Primeiras entregas previstas para Setembro.<\/li>\n<\/ul>\n\n\n\n<figure class=\"wp-block-image size-large\"><img decoding=\"async\" width=\"1024\" height=\"736\" src=\"https:\/\/www.atelierdocaractere.pt\/wp-content\/uploads\/2024\/07\/b255f6cbb5237733ee19aa999ae43403-l.jpg-1024x736.webp\" alt=\"\" class=\"wp-image-13157\" srcset=\"https:\/\/www.atelierdocaractere.pt\/wp-content\/uploads\/2024\/07\/b255f6cbb5237733ee19aa999ae43403-l.jpg-1024x736.webp 1024w, https:\/\/www.atelierdocaractere.pt\/wp-content\/uploads\/2024\/07\/b255f6cbb5237733ee19aa999ae43403-l.jpg-300x216.webp 300w, https:\/\/www.atelierdocaractere.pt\/wp-content\/uploads\/2024\/07\/b255f6cbb5237733ee19aa999ae43403-l.jpg-768x552.webp 768w, https:\/\/www.atelierdocaractere.pt\/wp-content\/uploads\/2024\/07\/b255f6cbb5237733ee19aa999ae43403-l.jpg-1536x1104.webp 1536w, https:\/\/www.atelierdocaractere.pt\/wp-content\/uploads\/2024\/07\/b255f6cbb5237733ee19aa999ae43403-l.jpg.webp 2000w\" sizes=\"(max-width: 1024px) 100vw, 1024px\" \/><\/figure>\n\n\n\n<p>Apresentado na feira Solutrans, em Lyon, a 21 de novembro de 2023, o Novo Master foi concebido para \u201cir mais longe, transportar mais e custar menos\u201d. J\u00e1 est\u00e1 dispon\u00edvel para encomenda em Portugal a partir de 42.930\u20ac (PVPR).<\/p>\n\n\n\n<p>Desde o lan\u00e7amento, em 1980, o Renault Master j\u00e1 vendeu mais de tr\u00eas milh\u00f5es de unidades. L\u00edder hist\u00f3rico no mercado europeu, esteve sempre dispon\u00edvel numa gama muita completa, capaz de satisfazer todas as necessidades (urbanas e suburbanas) e exig\u00eancias dos utilizadores profissionais. O Novo Renault Master \u00e9 disso exemplo: apresenta-se com 20 tipos de carro\u00e7aria e mais 20 transforma\u00e7\u00f5es poss\u00edveis em f\u00e1brica Renault e, ainda, um n\u00famero infinito de transforma\u00e7\u00f5es poss\u00edveis locais; oferece uma carga \u00fatil melhorada de at\u00e9 2,4 toneladas; um volume de carga entre os 11 e os 22 m3; tra\u00e7\u00e3o dianteira ou traseira; bem como a melhor largura de acesso e comprimento de carga da sua classe.<\/p>\n\n\n\n<h3 class=\"wp-block-heading\"><strong>Uma mudan\u00e7a para um n\u00edvel superior<\/strong><\/h3>\n\n\n\n<p>Um furg\u00e3o de nova gera\u00e7\u00e3o e uma refer\u00eancia em termos de consumo de combust\u00edvel, inova\u00e7\u00e3o e equipamento, o Novo Master est\u00e1 dispon\u00edvel no n\u00edvel de equipamento advance, com uma vasta gama de elementos de s\u00e9rie.<\/p>\n\n\n\n<figure class=\"wp-block-image size-full\"><img decoding=\"async\" width=\"1000\" height=\"669\" src=\"https:\/\/www.atelierdocaractere.pt\/wp-content\/uploads\/2024\/07\/image-96309241421720105388290-1720105389.png\" alt=\"\" class=\"wp-image-13156\" srcset=\"https:\/\/www.atelierdocaractere.pt\/wp-content\/uploads\/2024\/07\/image-96309241421720105388290-1720105389.png 1000w, https:\/\/www.atelierdocaractere.pt\/wp-content\/uploads\/2024\/07\/image-96309241421720105388290-1720105389-300x201.png 300w, https:\/\/www.atelierdocaractere.pt\/wp-content\/uploads\/2024\/07\/image-96309241421720105388290-1720105389-768x514.png 768w, https:\/\/www.atelierdocaractere.pt\/wp-content\/uploads\/2024\/07\/image-96309241421720105388290-1720105389-400x269.png 400w\" sizes=\"(max-width: 1000px) 100vw, 1000px\" \/><\/figure>\n\n\n\n<h3 class=\"wp-block-heading\"><strong>Motores e pre\u00e7os<\/strong><\/h3>\n\n\n\n<p>O Novo Master \u00e9 o furg\u00e3o mais eficiente da categoria, com um design \u201cAerovan\u201d e uma resist\u00eancia aerodin\u00e2mica (CdA) reduzida em 20%.<\/p>\n\n\n\n<p>O motor diesel Blue dCi est\u00e1 dispon\u00edvel em quatro variantes, com pot\u00eancias de 105, 130, 150 e 170 cv. &nbsp;<\/p>\n\n\n\n<p>Todos os motores proporcionam melhorias significativas no consumo de combust\u00edvel (- 1,5l\/100 km, em m\u00e9dia) e nas emiss\u00f5es de CO2 (- 39g\/km), mantendo o Novo Master abaixo da marca dos 200g\/km. No final do ano, vai estar dispon\u00edvel uma variante com caixa autom\u00e1tica de 9 velocidades.<\/p>\n\n\n\n<h3 class=\"wp-block-heading\"><strong>Os pre\u00e7os come\u00e7am nos 42.930\u20ac, com o motor Blue dCi 105<\/strong><\/h3>\n\n\n\n<p>O novo furg\u00e3o el\u00e9trico de refer\u00eancia na Europa, tamb\u00e9m est\u00e1 dispon\u00edvel numa vers\u00e3o E-Tech 100% el\u00e9trico com bateria de 87 kWh, perfeita para percursos longos e que responde a todas as necessidades, com uma autonomia recorde de at\u00e9 460 km.<\/p>\n\n\n\n<h3 class=\"wp-block-heading\"><strong>Com a bateria de 87 kWh por 67.150\u20ac<\/strong><\/h3>\n\n\n\n<p>O Novo Renault Master bate recordes, com uma carga \u00fatil de at\u00e9 1625 kg compat\u00edvel com a carta B, uma autonomia de at\u00e9 460 km. O consumo de energia mant\u00e9m-se moderado, com um valor WLTP de 21 kWh\/100 km com a bateria de 87 kWh, gra\u00e7as a um inovador sistema de gest\u00e3o t\u00e9rmica. O carregamento r\u00e1pido de 130 kW CC permite recuperar 230 km de autonomia, em 30 minutos. Em casa, com uma wallbox de 22 kW CA, a bateria pode ser carregada de 10% a 100% em quatro horas. Posteriormente ficar\u00e3o dispon\u00edvel vers\u00f5es equipadas com uma bateria de 40 kWh e at\u00e9 200 km de autonomia com pre\u00e7os a serem revelados em Setembro.<\/p>\n\n\n\n<p>As motoriza\u00e7\u00f5es com caixa de velocidades manual est\u00e3o dispon\u00edveis para encomenda, em Portugal, com as primeiras entregas previstas para o m\u00eas de Setembro. As vers\u00f5es com caixa de velocidades autom\u00e1tica est\u00e3o previstas chegar no in\u00edcio de 2025.<\/p>\n\n\n\n<h3 class=\"wp-block-heading\"><strong>Pre\u00e7os<\/strong><\/h3>\n\n\n\n<figure class=\"wp-block-table\"><table><tbody><tr><td><strong>Van<\/strong><\/td><td><strong>Blue dCi 105<\/strong><\/td><td><strong>Blue dCi 130<\/strong><\/td><td><strong>Blue dCi 150<\/strong><\/td><td><strong>Blue dCi 170<\/strong><\/td><td><strong>E-Tech&nbsp;<\/strong><strong>grande<br>&nbsp;autonomia<\/strong><\/td><\/tr><tr><td><strong>L2H2 3.5T advance<\/strong><\/td><td><strong>42 930 \u20ac<\/strong><\/td><td><strong>44 780 \u20ac<\/strong><\/td><td><strong>46 320 \u20ac<\/strong><\/td><td><strong>47 420 \u20ac<\/strong><\/td><td><strong>67 150 \u20ac<\/strong><\/td><\/tr><tr><td><strong>L3H2 3.5T advance<\/strong><\/td><td><strong>44 160 \u20ac<\/strong><\/td><td><strong>46 010 \u20ac<\/strong><\/td><td><strong>47 550 \u20ac<\/strong><\/td><td><strong>48 650 \u20ac<\/strong><\/td><td><strong>68 380 \u20ac<\/strong><\/td><\/tr><tr><td><strong>L2H2 4T advance<\/strong><\/td><td>&#8211;<\/td><td><strong>44 780 \u20ac<\/strong><\/td><td><strong>46 320 \u20ac<\/strong><\/td><td><strong>47 420 \u20ac<\/strong><\/td><td><strong>68 870 \u20ac<\/strong><\/td><\/tr><tr><td><strong>L3H2 4T advance<\/strong><\/td><td><strong>&#8211;<\/strong><\/td><td><strong>46 010 \u20ac<\/strong><\/td><td><strong>47 550 \u20ac<\/strong><\/td><td><strong>48 650 \u20ac<\/strong><\/td><td><strong>70 100 \u20ac<\/strong><\/td><\/tr><\/tbody><\/table><\/figure>\n\n\n\n<p><strong>PRE\u00c7OS RECOMENDADOS COM I.V.A. INCLU\u00cdDO<\/strong><\/p>\n","protected":false},"excerpt":{"rendered":"<p>Apresentado na feira Solutrans, em Lyon, a 21 de novembro de 2023, o Novo Master foi concebido para \u201cir mais&#8230;<\/p>\n","protected":false},"author":7,"featured_media":13157,"comment_status":"closed","ping_status":"open","sticky":false,"template":"","format":"standard","meta":[],"categories":[28],"tags":[85,837,87],"yoast_head":"<!-- This site is optimized with the Yoast SEO plugin v20.12 - https:\/\/yoast.com\/wordpress\/plugins\/seo\/ -->\n<title>Novo Renault Master dispon\u00edvel para encomenda em Portugal - Atelier do Caractere<\/title>\n<meta name=\"robots\" content=\"index, follow, max-snippet:-1, max-image-preview:large, max-video-preview:-1\" \/>\n<link rel=\"canonical\" href=\"https:\/\/www.atelierdocaractere.pt\/brevemente\/novo-renault-master-disponivel-para-encomenda-em-portugal\/\" \/>\n<meta property=\"og:locale\" content=\"pt_PT\" \/>\n<meta property=\"og:type\" content=\"article\" \/>\n<meta property=\"og:title\" content=\"Novo Renault Master dispon\u00edvel para encomenda em Portugal - Atelier do Caractere\" \/>\n<meta property=\"og:description\" content=\"Apresentado na feira Solutrans, em Lyon, a 21 de novembro de 2023, o Novo Master foi concebido para \u201cir mais...\" \/>\n<meta property=\"og:url\" content=\"https:\/\/www.atelierdocaractere.pt\/brevemente\/novo-renault-master-disponivel-para-encomenda-em-portugal\/\" \/>\n<meta property=\"og:site_name\" content=\"Atelier do Caractere\" \/>\n<meta property=\"article:publisher\" content=\"https:\/\/www.facebook.com\/AtelierdoCaractere\" \/>\n<meta property=\"article:published_time\" content=\"2024-07-08T10:51:37+00:00\" \/>\n<meta property=\"article:modified_time\" content=\"2024-07-17T10:54:32+00:00\" \/>\n<meta property=\"og:image\" content=\"https:\/\/www.atelierdocaractere.pt\/wp-content\/uploads\/2024\/07\/b255f6cbb5237733ee19aa999ae43403-l.jpg.webp\" \/>\n\t<meta property=\"og:image:width\" content=\"2000\" \/>\n\t<meta property=\"og:image:height\" content=\"1438\" \/>\n\t<meta property=\"og:image:type\" content=\"image\/webp\" \/>\n<meta name=\"author\" content=\"Joana Barbosa\" \/>\n<meta name=\"twitter:card\" content=\"summary_large_image\" \/>\n<meta name=\"twitter:label1\" content=\"Escrito por\" \/>\n\t<meta name=\"twitter:data1\" content=\"Joana Barbosa\" \/>\n\t<meta name=\"twitter:label2\" content=\"Tempo estimado de leitura\" \/>\n\t<meta name=\"twitter:data2\" content=\"4 minutos\" \/>\n<script type=\"application\/ld+json\" class=\"yoast-schema-graph\">{\"@context\":\"https:\/\/schema.org\",\"@graph\":[{\"@type\":\"WebPage\",\"@id\":\"https:\/\/www.atelierdocaractere.pt\/brevemente\/novo-renault-master-disponivel-para-encomenda-em-portugal\/\",\"url\":\"https:\/\/www.atelierdocaractere.pt\/brevemente\/novo-renault-master-disponivel-para-encomenda-em-portugal\/\",\"name\":\"Novo Renault Master dispon\u00edvel para encomenda em Portugal - Atelier do Caractere\",\"isPartOf\":{\"@id\":\"https:\/\/www.atelierdocaractere.pt\/brevemente\/#website\"},\"datePublished\":\"2024-07-08T10:51:37+00:00\",\"dateModified\":\"2024-07-17T10:54:32+00:00\",\"author\":{\"@id\":\"https:\/\/www.atelierdocaractere.pt\/brevemente\/#\/schema\/person\/f2f096eb0f27d9894725af22cb97c0db\"},\"breadcrumb\":{\"@id\":\"https:\/\/www.atelierdocaractere.pt\/brevemente\/novo-renault-master-disponivel-para-encomenda-em-portugal\/#breadcrumb\"},\"inLanguage\":\"pt-PT\",\"potentialAction\":[{\"@type\":\"ReadAction\",\"target\":[\"https:\/\/www.atelierdocaractere.pt\/brevemente\/novo-renault-master-disponivel-para-encomenda-em-portugal\/\"]}]},{\"@type\":\"BreadcrumbList\",\"@id\":\"https:\/\/www.atelierdocaractere.pt\/brevemente\/novo-renault-master-disponivel-para-encomenda-em-portugal\/#breadcrumb\",\"itemListElement\":[{\"@type\":\"ListItem\",\"position\":1,\"name\":\"In\u00edcio\",\"item\":\"https:\/\/www.atelierdocaractere.pt\/brevemente\/\"},{\"@type\":\"ListItem\",\"position\":2,\"name\":\"Novo Renault Master dispon\u00edvel para encomenda em Portugal\"}]},{\"@type\":\"WebSite\",\"@id\":\"https:\/\/www.atelierdocaractere.pt\/brevemente\/#website\",\"url\":\"https:\/\/www.atelierdocaractere.pt\/brevemente\/\",\"name\":\"Atelier do Caractere\",\"description\":\"\",\"potentialAction\":[{\"@type\":\"SearchAction\",\"target\":{\"@type\":\"EntryPoint\",\"urlTemplate\":\"https:\/\/www.atelierdocaractere.pt\/brevemente\/?s={search_term_string}\"},\"query-input\":\"required name=search_term_string\"}],\"inLanguage\":\"pt-PT\"},{\"@type\":\"Person\",\"@id\":\"https:\/\/www.atelierdocaractere.pt\/brevemente\/#\/schema\/person\/f2f096eb0f27d9894725af22cb97c0db\",\"name\":\"Joana Barbosa\",\"image\":{\"@type\":\"ImageObject\",\"inLanguage\":\"pt-PT\",\"@id\":\"https:\/\/www.atelierdocaractere.pt\/brevemente\/#\/schema\/person\/image\/\",\"url\":\"https:\/\/secure.gravatar.com\/avatar\/33e8214b45e9d68a3a83008731075979?s=96&d=mm&r=g\",\"contentUrl\":\"https:\/\/secure.gravatar.com\/avatar\/33e8214b45e9d68a3a83008731075979?s=96&d=mm&r=g\",\"caption\":\"Joana Barbosa\"},\"url\":\"https:\/\/www.atelierdocaractere.pt\/brevemente\/author\/joanabarbosa\/\"}]}<\/script>\n<!-- \/ Yoast SEO plugin. -->","yoast_head_json":{"title":"Novo Renault Master dispon\u00edvel para encomenda em Portugal - Atelier do Caractere","robots":{"index":"index","follow":"follow","max-snippet":"max-snippet:-1","max-image-preview":"max-image-preview:large","max-video-preview":"max-video-preview:-1"},"canonical":"https:\/\/www.atelierdocaractere.pt\/brevemente\/novo-renault-master-disponivel-para-encomenda-em-portugal\/","og_locale":"pt_PT","og_type":"article","og_title":"Novo Renault Master dispon\u00edvel para encomenda em Portugal - Atelier do Caractere","og_description":"Apresentado na feira Solutrans, em Lyon, a 21 de novembro de 2023, o Novo Master foi concebido para \u201cir mais...","og_url":"https:\/\/www.atelierdocaractere.pt\/brevemente\/novo-renault-master-disponivel-para-encomenda-em-portugal\/","og_site_name":"Atelier do Caractere","article_publisher":"https:\/\/www.facebook.com\/AtelierdoCaractere","article_published_time":"2024-07-08T10:51:37+00:00","article_modified_time":"2024-07-17T10:54:32+00:00","og_image":[{"width":2000,"height":1438,"url":"https:\/\/www.atelierdocaractere.pt\/wp-content\/uploads\/2024\/07\/b255f6cbb5237733ee19aa999ae43403-l.jpg.webp","type":"image\/webp"}],"author":"Joana Barbosa","twitter_card":"summary_large_image","twitter_misc":{"Escrito por":"Joana Barbosa","Tempo estimado de leitura":"4 minutos"},"schema":{"@context":"https:\/\/schema.org","@graph":[{"@type":"WebPage","@id":"https:\/\/www.atelierdocaractere.pt\/brevemente\/novo-renault-master-disponivel-para-encomenda-em-portugal\/","url":"https:\/\/www.atelierdocaractere.pt\/brevemente\/novo-renault-master-disponivel-para-encomenda-em-portugal\/","name":"Novo Renault Master dispon\u00edvel para encomenda em Portugal - Atelier do Caractere","isPartOf":{"@id":"https:\/\/www.atelierdocaractere.pt\/brevemente\/#website"},"datePublished":"2024-07-08T10:51:37+00:00","dateModified":"2024-07-17T10:54:32+00:00","author":{"@id":"https:\/\/www.atelierdocaractere.pt\/brevemente\/#\/schema\/person\/f2f096eb0f27d9894725af22cb97c0db"},"breadcrumb":{"@id":"https:\/\/www.atelierdocaractere.pt\/brevemente\/novo-renault-master-disponivel-para-encomenda-em-portugal\/#breadcrumb"},"inLanguage":"pt-PT","potentialAction":[{"@type":"ReadAction","target":["https:\/\/www.atelierdocaractere.pt\/brevemente\/novo-renault-master-disponivel-para-encomenda-em-portugal\/"]}]},{"@type":"BreadcrumbList","@id":"https:\/\/www.atelierdocaractere.pt\/brevemente\/novo-renault-master-disponivel-para-encomenda-em-portugal\/#breadcrumb","itemListElement":[{"@type":"ListItem","position":1,"name":"In\u00edcio","item":"https:\/\/www.atelierdocaractere.pt\/brevemente\/"},{"@type":"ListItem","position":2,"name":"Novo Renault Master dispon\u00edvel para encomenda em Portugal"}]},{"@type":"WebSite","@id":"https:\/\/www.atelierdocaractere.pt\/brevemente\/#website","url":"https:\/\/www.atelierdocaractere.pt\/brevemente\/","name":"Atelier do Caractere","description":"","potentialAction":[{"@type":"SearchAction","target":{"@type":"EntryPoint","urlTemplate":"https:\/\/www.atelierdocaractere.pt\/brevemente\/?s={search_term_string}"},"query-input":"required name=search_term_string"}],"inLanguage":"pt-PT"},{"@type":"Person","@id":"https:\/\/www.atelierdocaractere.pt\/brevemente\/#\/schema\/person\/f2f096eb0f27d9894725af22cb97c0db","name":"Joana Barbosa","image":{"@type":"ImageObject","inLanguage":"pt-PT","@id":"https:\/\/www.atelierdocaractere.pt\/brevemente\/#\/schema\/person\/image\/","url":"https:\/\/secure.gravatar.com\/avatar\/33e8214b45e9d68a3a83008731075979?s=96&d=mm&r=g","contentUrl":"https:\/\/secure.gravatar.com\/avatar\/33e8214b45e9d68a3a83008731075979?s=96&d=mm&r=g","caption":"Joana Barbosa"},"url":"https:\/\/www.atelierdocaractere.pt\/brevemente\/author\/joanabarbosa\/"}]}},"_links":{"self":[{"href":"https:\/\/www.atelierdocaractere.pt\/brevemente\/wp-json\/wp\/v2\/posts\/13155"}],"collection":[{"href":"https:\/\/www.atelierdocaractere.pt\/brevemente\/wp-json\/wp\/v2\/posts"}],"about":[{"href":"https:\/\/www.atelierdocaractere.pt\/brevemente\/wp-json\/wp\/v2\/types\/post"}],"author":[{"embeddable":true,"href":"https:\/\/www.atelierdocaractere.pt\/brevemente\/wp-json\/wp\/v2\/users\/7"}],"replies":[{"embeddable":true,"href":"https:\/\/www.atelierdocaractere.pt\/brevemente\/wp-json\/wp\/v2\/comments?post=13155"}],"version-history":[{"count":1,"href":"https:\/\/www.atelierdocaractere.pt\/brevemente\/wp-json\/wp\/v2\/posts\/13155\/revisions"}],"predecessor-version":[{"id":13158,"href":"https:\/\/www.atelierdocaractere.pt\/brevemente\/wp-json\/wp\/v2\/posts\/13155\/revisions\/13158"}],"wp:featuredmedia":[{"embeddable":true,"href":"https:\/\/www.atelierdocaractere.pt\/brevemente\/wp-json\/wp\/v2\/media\/13157"}],"wp:attachment":[{"href":"https:\/\/www.atelierdocaractere.pt\/brevemente\/wp-json\/wp\/v2\/media?parent=13155"}],"wp:term":[{"taxonomy":"category","embeddable":true,"href":"https:\/\/www.atelierdocaractere.pt\/brevemente\/wp-json\/wp\/v2\/categories?post=13155"},{"taxonomy":"post_tag","embeddable":true,"href":"https:\/\/www.atelierdocaractere.pt\/brevemente\/wp-json\/wp\/v2\/tags?post=13155"}],"curies":[{"name":"wp","href":"https:\/\/api.w.org\/{rel}","templated":true}]}}