{"id":13384,"date":"2024-11-08T11:59:51","date_gmt":"2024-11-08T11:59:51","guid":{"rendered":"https:\/\/www.atelierdocaractere.pt\/brevemente\/?p=13384"},"modified":"2024-11-11T12:05:53","modified_gmt":"2024-11-11T12:05:53","slug":"sabores-da-raia-gastronomia-da-fronteira-junta-regioes-centro-de-portugal-porto-e-norte-e-castela-e-leao","status":"publish","type":"post","link":"https:\/\/www.atelierdocaractere.pt\/brevemente\/sabores-da-raia-gastronomia-da-fronteira-junta-regioes-centro-de-portugal-porto-e-norte-e-castela-e-leao\/","title":{"rendered":"\u201cSabores da Raia\u201d: gastronomia da fronteira junta regi\u00f5es Centro de Portugal, Porto e Norte e Castela e Le\u00e3o\u00a0"},"content":{"rendered":"\n<p><strong>At\u00e9 9 de dezembro, restaurantes das tr\u00eas regi\u00f5es convidam os visitantes a provar menus elaborados com receitas antigas dos territ\u00f3rios da raia.<\/strong><\/p>\n\n\n\n<figure class=\"wp-block-image size-large\"><img decoding=\"async\" width=\"1024\" height=\"768\" src=\"https:\/\/www.atelierdocaractere.pt\/wp-content\/uploads\/2024\/11\/imagem-whatsapp-2024-11-08-as-130504-3139caed-1024x768.jpg\" alt=\"\" class=\"wp-image-13388\" srcset=\"https:\/\/www.atelierdocaractere.pt\/wp-content\/uploads\/2024\/11\/imagem-whatsapp-2024-11-08-as-130504-3139caed-1024x768.jpg 1024w, https:\/\/www.atelierdocaractere.pt\/wp-content\/uploads\/2024\/11\/imagem-whatsapp-2024-11-08-as-130504-3139caed-300x225.jpg 300w, https:\/\/www.atelierdocaractere.pt\/wp-content\/uploads\/2024\/11\/imagem-whatsapp-2024-11-08-as-130504-3139caed-768x576.jpg 768w, https:\/\/www.atelierdocaractere.pt\/wp-content\/uploads\/2024\/11\/imagem-whatsapp-2024-11-08-as-130504-3139caed-1536x1152.jpg 1536w, https:\/\/www.atelierdocaractere.pt\/wp-content\/uploads\/2024\/11\/imagem-whatsapp-2024-11-08-as-130504-3139caed.jpg 1600w\" sizes=\"(max-width: 1024px) 100vw, 1024px\" \/><\/figure>\n\n\n\n<p>As regi\u00f5es&nbsp;<strong>Centro de Portugal<\/strong>, Porto e Norte de Portugal e a espanhola Castela e Le\u00e3o t\u00eam um grande potencial de promo\u00e7\u00e3o conjunta e, segundo os seus dirigentes, devem ser promovidas como um \u00fanico destino em v\u00e1rios assuntos. Esta foi uma das conclus\u00f5es a tirar da apresenta\u00e7\u00e3o da iniciativa&nbsp;<strong>&#8220;Atravessando a Raia: Sabores da Fronteira&#8221;<\/strong>, que juntou respons\u00e1veis das tr\u00eas regi\u00f5es em Miranda do Douro, na fronteira com Castela e Le\u00e3o.<\/p>\n\n\n\n<p>A partir desta semana e at\u00e9 9 de dezembro, 40 restaurantes selecionados das regi\u00f5es Centro e Norte de Portugal (nos distritos da Guarda e de Bragan\u00e7a) e das prov\u00edncias espanholas de Salamanca e Zamora, convidam os visitantes a provar menus elaborados com receitas antigas dos territ\u00f3rios da fronteira, acompanhados de vinhos de diferentes denomina\u00e7\u00f5es de origem dos respetivos territ\u00f3rios: Arribes, Douro, Beira Interior e Tr\u00e1s-os-Montes.<\/p>\n\n\n\n<figure class=\"wp-block-image size-large\"><img decoding=\"async\" width=\"1024\" height=\"768\" src=\"https:\/\/www.atelierdocaractere.pt\/wp-content\/uploads\/2024\/11\/imagem-whatsapp-2024-11-08-as-130429-0dfbd773-1024x768.jpg\" alt=\"\" class=\"wp-image-13387\" srcset=\"https:\/\/www.atelierdocaractere.pt\/wp-content\/uploads\/2024\/11\/imagem-whatsapp-2024-11-08-as-130429-0dfbd773-1024x768.jpg 1024w, https:\/\/www.atelierdocaractere.pt\/wp-content\/uploads\/2024\/11\/imagem-whatsapp-2024-11-08-as-130429-0dfbd773-300x225.jpg 300w, https:\/\/www.atelierdocaractere.pt\/wp-content\/uploads\/2024\/11\/imagem-whatsapp-2024-11-08-as-130429-0dfbd773-768x576.jpg 768w, https:\/\/www.atelierdocaractere.pt\/wp-content\/uploads\/2024\/11\/imagem-whatsapp-2024-11-08-as-130429-0dfbd773.jpg 1377w\" sizes=\"(max-width: 1024px) 100vw, 1024px\" \/><\/figure>\n\n\n\n<p>Entre os restaurantes fronteiri\u00e7os portugueses participantes est\u00e3o os de Figueira de Castelo Rodrigo, Escalh\u00e3o, Almeida e Vilar Formoso, habituados a receber diariamente turistas espanh\u00f3is que atravessam a fronteira para degustar as suas receitas.<\/p>\n\n\n\n<p>Este ano, a organiza\u00e7\u00e3o desta&nbsp;iniciativa foi coordenada pela Junta de Castela e Le\u00e3o, sendo que no pr\u00f3ximo ano ser\u00e1 da responsabilidade do Porto e Norte de Portugal&nbsp;e em 2026 do Centro de Portugal.&nbsp;<\/p>\n\n\n\n<p><strong>S\u00edlvia Ribau, diretora do N\u00facleo de Estrutura\u00e7\u00e3o, Planeamento e Promo\u00e7\u00e3o Tur\u00edstica da Turismo Centro de Portugal<\/strong>, considerou, durante a apresenta\u00e7\u00e3o, que&nbsp;<em>&#8220;as parcerias transfronteiri\u00e7as s\u00e3o essenciais no desenvolvimento do turismo no Centro de Portugal, uma regi\u00e3o rica em patrim\u00f3nio natural, cultural, hist\u00f3rico e gastron\u00f3mico&#8221;<\/em>.<\/p>\n\n\n\n<p><em>\u201cA realiza\u00e7\u00e3o das Jornadas Gastron\u00f3micas da Raia nesta altura do ano \u00e9 de grande import\u00e2ncia para atrair visitantes atrav\u00e9s de atividades culturais e gastron\u00f3micas<\/em>,&nbsp;<em>uma vez que permite posicionar estas regi\u00f5es como um destino de excel\u00eancia no turismo de experi\u00eancias.<\/em><em>Desta forma, promovemos um desenvolvimento sustent\u00e1vel do turismo na fronteira\u201d<\/em>, destacou S\u00edlvia Ribau.<\/p>\n\n\n\n<figure class=\"wp-block-image size-large\"><img decoding=\"async\" width=\"1024\" height=\"768\" src=\"https:\/\/www.atelierdocaractere.pt\/wp-content\/uploads\/2024\/11\/imagem-whatsapp-2024-11-08-as-130452-ec14b4cc-1024x768.jpg\" alt=\"\" class=\"wp-image-13386\" srcset=\"https:\/\/www.atelierdocaractere.pt\/wp-content\/uploads\/2024\/11\/imagem-whatsapp-2024-11-08-as-130452-ec14b4cc-1024x768.jpg 1024w, https:\/\/www.atelierdocaractere.pt\/wp-content\/uploads\/2024\/11\/imagem-whatsapp-2024-11-08-as-130452-ec14b4cc-300x225.jpg 300w, https:\/\/www.atelierdocaractere.pt\/wp-content\/uploads\/2024\/11\/imagem-whatsapp-2024-11-08-as-130452-ec14b4cc-768x576.jpg 768w, https:\/\/www.atelierdocaractere.pt\/wp-content\/uploads\/2024\/11\/imagem-whatsapp-2024-11-08-as-130452-ec14b4cc-1536x1152.jpg 1536w, https:\/\/www.atelierdocaractere.pt\/wp-content\/uploads\/2024\/11\/imagem-whatsapp-2024-11-08-as-130452-ec14b4cc.jpg 1600w\" sizes=\"(max-width: 1024px) 100vw, 1024px\" \/><\/figure>\n\n\n\n<p>O&nbsp;<strong>diretor-geral de Turismo de Castela e Le\u00e3o<\/strong>, tamb\u00e9m presente em Miranda do Douro, explicou que&nbsp;<em>\u201ca singularidade\u201d<\/em>&nbsp;\u00e9 cada vez mais procurada pelos turistas e, neste caso,&nbsp;<em>\u201ca gastronomia da raia\u201d<\/em>&nbsp;\u00e9 muito peculiar.&nbsp;<em>\u201cOs vinhos do Douro, a ternera de Aliste, um bom bacalhau&#8230;\u201d<\/em>&nbsp;fazem deste territ\u00f3rio um lugar \u00fanico para experi\u00eancias tur\u00edsticas gastron\u00f3micas, afirmou&nbsp;<strong>\u00c1ngel Gonz\u00e1lez<\/strong>, acrescentando que Portugal tem uma regi\u00e3o vin\u00edcola como o Douro Vinhateiro, considerada Patrim\u00f3nio da Humanidade, enquanto em Castela e Le\u00e3o as nove rotas do vinho da Ribera del Duero atra\u00edram mais de 600.000 turistas no \u00faltimo ano.&nbsp;<em>\u201cEste territ\u00f3rio fronteiri\u00e7o tem a particularidade de incluir tr\u00eas regi\u00f5es, dois pa\u00edses e um rio, formando um \u00fanico destino\u201d<\/em>, sublinhou \u00c1ngel Gonz\u00e1lez.<\/p>\n\n\n\n<p>O diretor de Turismo de Castela e Le\u00e3o destacou ainda a relev\u00e2ncia da bacia do Douro hispano-lusa, onde se encontra a maior concentra\u00e7\u00e3o de gravuras rupestres ao ar livre do mundo, tanto no vale de Siega Verde (Salamanca) como na zona portuguesa do C\u00f4a, do outro lado da fronteira, ambas reconhecidas como Patrim\u00f3nio Mundial pela UNESCO.&nbsp;<em>\u201cA singularidade do patrim\u00f3nio de Siega Verde \u2013 com cerca de 450 gravuras paleol\u00edticas em rochas \u2013 torna-o num recurso primordial que vamos valorizar turisticamente\u201d<\/em>, adiantou \u00c1ngel Gonz\u00e1lez, mencionando que este enclave fronteiri\u00e7o de Salamanca receber\u00e1 um investimento de 3,7 milh\u00f5es de euros. O local ser\u00e1 musealizado, adaptado \u00e0s mudan\u00e7as clim\u00e1ticas e contar\u00e1 com um centro inovador de experi\u00eancias tur\u00edsticas em Siega Verde, com interven\u00e7\u00f5es previstas at\u00e9 2026.<\/p>\n\n\n\n<p>Mais informa\u00e7\u00f5es em\u00a0<a href=\"https:\/\/turismodocentro.us17.list-manage.com\/track\/click?u=9b14ef0c6c1999e92ddae9fc9&amp;id=4a0271e580&amp;e=cf2176b759\">https:\/\/tinyurl.com\/mtrjf8ch<\/a><\/p>\n\n\n\n<figure class=\"wp-block-image size-large\"><img decoding=\"async\" width=\"1024\" height=\"768\" src=\"https:\/\/www.atelierdocaractere.pt\/wp-content\/uploads\/2024\/11\/imagem-whatsapp-2024-11-08-as-124037-e41a2465-1024x768.jpg\" alt=\"\" class=\"wp-image-13385\" srcset=\"https:\/\/www.atelierdocaractere.pt\/wp-content\/uploads\/2024\/11\/imagem-whatsapp-2024-11-08-as-124037-e41a2465-1024x768.jpg 1024w, https:\/\/www.atelierdocaractere.pt\/wp-content\/uploads\/2024\/11\/imagem-whatsapp-2024-11-08-as-124037-e41a2465-300x225.jpg 300w, https:\/\/www.atelierdocaractere.pt\/wp-content\/uploads\/2024\/11\/imagem-whatsapp-2024-11-08-as-124037-e41a2465-768x576.jpg 768w, https:\/\/www.atelierdocaractere.pt\/wp-content\/uploads\/2024\/11\/imagem-whatsapp-2024-11-08-as-124037-e41a2465-1536x1152.jpg 1536w, https:\/\/www.atelierdocaractere.pt\/wp-content\/uploads\/2024\/11\/imagem-whatsapp-2024-11-08-as-124037-e41a2465.jpg 1600w\" sizes=\"(max-width: 1024px) 100vw, 1024px\" \/><\/figure>\n\n\n\n<p><strong>Sobre a Turismo Centro de Portugal:<\/strong><\/p>\n\n\n\n<p>A Turismo Centro de Portugal \u00e9 a entidade que estrutura e promove o turismo na Regi\u00e3o Centro do pa\u00eds. Esta \u00e9 a maior e mais diversificada \u00e1rea tur\u00edstica nacional, abrangendo 100 munic\u00edpios, e tem registado um intenso crescimento da procura interna e externa. \u00c9 a regi\u00e3o a escolher para quem pretende experi\u00eancias diversificadas, pois concilia locais Patrim\u00f3nio da Humanidade com a melhor costa de surf da Europa, termas e spas id\u00edlicos, locais de culto de import\u00e2ncia mundial e as mais belas aldeias.<\/p>\n","protected":false},"excerpt":{"rendered":"<p>At\u00e9 9 de dezembro, restaurantes das tr\u00eas regi\u00f5es convidam os visitantes a provar menus elaborados com receitas antigas dos territ\u00f3rios&#8230;<\/p>\n","protected":false},"author":7,"featured_media":13388,"comment_status":"closed","ping_status":"open","sticky":false,"template":"","format":"standard","meta":[],"categories":[39],"tags":[765,108,349,346,345],"yoast_head":"<!-- This site is optimized with the Yoast SEO plugin v20.12 - https:\/\/yoast.com\/wordpress\/plugins\/seo\/ -->\n<title>\u201cSabores da Raia\u201d: gastronomia da fronteira junta regi\u00f5es Centro de Portugal, Porto e Norte e Castela e Le\u00e3o\u00a0 - Atelier do Caractere<\/title>\n<meta name=\"robots\" content=\"index, follow, max-snippet:-1, max-image-preview:large, max-video-preview:-1\" \/>\n<link rel=\"canonical\" href=\"https:\/\/www.atelierdocaractere.pt\/brevemente\/sabores-da-raia-gastronomia-da-fronteira-junta-regioes-centro-de-portugal-porto-e-norte-e-castela-e-leao\/\" \/>\n<meta property=\"og:locale\" content=\"pt_PT\" \/>\n<meta property=\"og:type\" content=\"article\" \/>\n<meta property=\"og:title\" content=\"\u201cSabores da Raia\u201d: gastronomia da fronteira junta regi\u00f5es Centro de Portugal, Porto e Norte e Castela e Le\u00e3o\u00a0 - Atelier do Caractere\" \/>\n<meta property=\"og:description\" content=\"At\u00e9 9 de dezembro, restaurantes das tr\u00eas regi\u00f5es convidam os visitantes a provar menus elaborados com receitas antigas dos territ\u00f3rios...\" \/>\n<meta property=\"og:url\" content=\"https:\/\/www.atelierdocaractere.pt\/brevemente\/sabores-da-raia-gastronomia-da-fronteira-junta-regioes-centro-de-portugal-porto-e-norte-e-castela-e-leao\/\" \/>\n<meta property=\"og:site_name\" content=\"Atelier do Caractere\" \/>\n<meta property=\"article:publisher\" content=\"https:\/\/www.facebook.com\/AtelierdoCaractere\" \/>\n<meta property=\"article:published_time\" content=\"2024-11-08T11:59:51+00:00\" \/>\n<meta property=\"article:modified_time\" content=\"2024-11-11T12:05:53+00:00\" \/>\n<meta property=\"og:image\" content=\"https:\/\/www.atelierdocaractere.pt\/wp-content\/uploads\/2024\/11\/imagem-whatsapp-2024-11-08-as-130504-3139caed.jpg\" \/>\n\t<meta property=\"og:image:width\" content=\"1600\" \/>\n\t<meta property=\"og:image:height\" content=\"1200\" \/>\n\t<meta property=\"og:image:type\" content=\"image\/jpeg\" \/>\n<meta name=\"author\" content=\"Joana Barbosa\" \/>\n<meta name=\"twitter:card\" content=\"summary_large_image\" \/>\n<meta name=\"twitter:label1\" content=\"Escrito por\" \/>\n\t<meta name=\"twitter:data1\" content=\"Joana Barbosa\" \/>\n\t<meta name=\"twitter:label2\" content=\"Tempo estimado de leitura\" \/>\n\t<meta name=\"twitter:data2\" content=\"5 minutos\" \/>\n<script type=\"application\/ld+json\" class=\"yoast-schema-graph\">{\"@context\":\"https:\/\/schema.org\",\"@graph\":[{\"@type\":\"WebPage\",\"@id\":\"https:\/\/www.atelierdocaractere.pt\/brevemente\/sabores-da-raia-gastronomia-da-fronteira-junta-regioes-centro-de-portugal-porto-e-norte-e-castela-e-leao\/\",\"url\":\"https:\/\/www.atelierdocaractere.pt\/brevemente\/sabores-da-raia-gastronomia-da-fronteira-junta-regioes-centro-de-portugal-porto-e-norte-e-castela-e-leao\/\",\"name\":\"\u201cSabores da Raia\u201d: gastronomia da fronteira junta regi\u00f5es Centro de Portugal, Porto e Norte e Castela e Le\u00e3o\u00a0 - Atelier do Caractere\",\"isPartOf\":{\"@id\":\"https:\/\/www.atelierdocaractere.pt\/brevemente\/#website\"},\"datePublished\":\"2024-11-08T11:59:51+00:00\",\"dateModified\":\"2024-11-11T12:05:53+00:00\",\"author\":{\"@id\":\"https:\/\/www.atelierdocaractere.pt\/brevemente\/#\/schema\/person\/f2f096eb0f27d9894725af22cb97c0db\"},\"breadcrumb\":{\"@id\":\"https:\/\/www.atelierdocaractere.pt\/brevemente\/sabores-da-raia-gastronomia-da-fronteira-junta-regioes-centro-de-portugal-porto-e-norte-e-castela-e-leao\/#breadcrumb\"},\"inLanguage\":\"pt-PT\",\"potentialAction\":[{\"@type\":\"ReadAction\",\"target\":[\"https:\/\/www.atelierdocaractere.pt\/brevemente\/sabores-da-raia-gastronomia-da-fronteira-junta-regioes-centro-de-portugal-porto-e-norte-e-castela-e-leao\/\"]}]},{\"@type\":\"BreadcrumbList\",\"@id\":\"https:\/\/www.atelierdocaractere.pt\/brevemente\/sabores-da-raia-gastronomia-da-fronteira-junta-regioes-centro-de-portugal-porto-e-norte-e-castela-e-leao\/#breadcrumb\",\"itemListElement\":[{\"@type\":\"ListItem\",\"position\":1,\"name\":\"In\u00edcio\",\"item\":\"https:\/\/www.atelierdocaractere.pt\/brevemente\/\"},{\"@type\":\"ListItem\",\"position\":2,\"name\":\"\u201cSabores da Raia\u201d: gastronomia da fronteira junta regi\u00f5es Centro de Portugal, Porto e Norte e Castela e Le\u00e3o\u00a0\"}]},{\"@type\":\"WebSite\",\"@id\":\"https:\/\/www.atelierdocaractere.pt\/brevemente\/#website\",\"url\":\"https:\/\/www.atelierdocaractere.pt\/brevemente\/\",\"name\":\"Atelier do Caractere\",\"description\":\"\",\"potentialAction\":[{\"@type\":\"SearchAction\",\"target\":{\"@type\":\"EntryPoint\",\"urlTemplate\":\"https:\/\/www.atelierdocaractere.pt\/brevemente\/?s={search_term_string}\"},\"query-input\":\"required name=search_term_string\"}],\"inLanguage\":\"pt-PT\"},{\"@type\":\"Person\",\"@id\":\"https:\/\/www.atelierdocaractere.pt\/brevemente\/#\/schema\/person\/f2f096eb0f27d9894725af22cb97c0db\",\"name\":\"Joana Barbosa\",\"image\":{\"@type\":\"ImageObject\",\"inLanguage\":\"pt-PT\",\"@id\":\"https:\/\/www.atelierdocaractere.pt\/brevemente\/#\/schema\/person\/image\/\",\"url\":\"https:\/\/secure.gravatar.com\/avatar\/33e8214b45e9d68a3a83008731075979?s=96&d=mm&r=g\",\"contentUrl\":\"https:\/\/secure.gravatar.com\/avatar\/33e8214b45e9d68a3a83008731075979?s=96&d=mm&r=g\",\"caption\":\"Joana Barbosa\"},\"url\":\"https:\/\/www.atelierdocaractere.pt\/brevemente\/author\/joanabarbosa\/\"}]}<\/script>\n<!-- \/ Yoast SEO plugin. -->","yoast_head_json":{"title":"\u201cSabores da Raia\u201d: gastronomia da fronteira junta regi\u00f5es Centro de Portugal, Porto e Norte e Castela e Le\u00e3o\u00a0 - Atelier do Caractere","robots":{"index":"index","follow":"follow","max-snippet":"max-snippet:-1","max-image-preview":"max-image-preview:large","max-video-preview":"max-video-preview:-1"},"canonical":"https:\/\/www.atelierdocaractere.pt\/brevemente\/sabores-da-raia-gastronomia-da-fronteira-junta-regioes-centro-de-portugal-porto-e-norte-e-castela-e-leao\/","og_locale":"pt_PT","og_type":"article","og_title":"\u201cSabores da Raia\u201d: gastronomia da fronteira junta regi\u00f5es Centro de Portugal, Porto e Norte e Castela e Le\u00e3o\u00a0 - Atelier do Caractere","og_description":"At\u00e9 9 de dezembro, restaurantes das tr\u00eas regi\u00f5es convidam os visitantes a provar menus elaborados com receitas antigas dos territ\u00f3rios...","og_url":"https:\/\/www.atelierdocaractere.pt\/brevemente\/sabores-da-raia-gastronomia-da-fronteira-junta-regioes-centro-de-portugal-porto-e-norte-e-castela-e-leao\/","og_site_name":"Atelier do Caractere","article_publisher":"https:\/\/www.facebook.com\/AtelierdoCaractere","article_published_time":"2024-11-08T11:59:51+00:00","article_modified_time":"2024-11-11T12:05:53+00:00","og_image":[{"width":1600,"height":1200,"url":"https:\/\/www.atelierdocaractere.pt\/wp-content\/uploads\/2024\/11\/imagem-whatsapp-2024-11-08-as-130504-3139caed.jpg","type":"image\/jpeg"}],"author":"Joana Barbosa","twitter_card":"summary_large_image","twitter_misc":{"Escrito por":"Joana Barbosa","Tempo estimado de leitura":"5 minutos"},"schema":{"@context":"https:\/\/schema.org","@graph":[{"@type":"WebPage","@id":"https:\/\/www.atelierdocaractere.pt\/brevemente\/sabores-da-raia-gastronomia-da-fronteira-junta-regioes-centro-de-portugal-porto-e-norte-e-castela-e-leao\/","url":"https:\/\/www.atelierdocaractere.pt\/brevemente\/sabores-da-raia-gastronomia-da-fronteira-junta-regioes-centro-de-portugal-porto-e-norte-e-castela-e-leao\/","name":"\u201cSabores da Raia\u201d: gastronomia da fronteira junta regi\u00f5es Centro de Portugal, Porto e Norte e Castela e Le\u00e3o\u00a0 - Atelier do Caractere","isPartOf":{"@id":"https:\/\/www.atelierdocaractere.pt\/brevemente\/#website"},"datePublished":"2024-11-08T11:59:51+00:00","dateModified":"2024-11-11T12:05:53+00:00","author":{"@id":"https:\/\/www.atelierdocaractere.pt\/brevemente\/#\/schema\/person\/f2f096eb0f27d9894725af22cb97c0db"},"breadcrumb":{"@id":"https:\/\/www.atelierdocaractere.pt\/brevemente\/sabores-da-raia-gastronomia-da-fronteira-junta-regioes-centro-de-portugal-porto-e-norte-e-castela-e-leao\/#breadcrumb"},"inLanguage":"pt-PT","potentialAction":[{"@type":"ReadAction","target":["https:\/\/www.atelierdocaractere.pt\/brevemente\/sabores-da-raia-gastronomia-da-fronteira-junta-regioes-centro-de-portugal-porto-e-norte-e-castela-e-leao\/"]}]},{"@type":"BreadcrumbList","@id":"https:\/\/www.atelierdocaractere.pt\/brevemente\/sabores-da-raia-gastronomia-da-fronteira-junta-regioes-centro-de-portugal-porto-e-norte-e-castela-e-leao\/#breadcrumb","itemListElement":[{"@type":"ListItem","position":1,"name":"In\u00edcio","item":"https:\/\/www.atelierdocaractere.pt\/brevemente\/"},{"@type":"ListItem","position":2,"name":"\u201cSabores da Raia\u201d: gastronomia da fronteira junta regi\u00f5es Centro de Portugal, Porto e Norte e Castela e Le\u00e3o\u00a0"}]},{"@type":"WebSite","@id":"https:\/\/www.atelierdocaractere.pt\/brevemente\/#website","url":"https:\/\/www.atelierdocaractere.pt\/brevemente\/","name":"Atelier do Caractere","description":"","potentialAction":[{"@type":"SearchAction","target":{"@type":"EntryPoint","urlTemplate":"https:\/\/www.atelierdocaractere.pt\/brevemente\/?s={search_term_string}"},"query-input":"required name=search_term_string"}],"inLanguage":"pt-PT"},{"@type":"Person","@id":"https:\/\/www.atelierdocaractere.pt\/brevemente\/#\/schema\/person\/f2f096eb0f27d9894725af22cb97c0db","name":"Joana Barbosa","image":{"@type":"ImageObject","inLanguage":"pt-PT","@id":"https:\/\/www.atelierdocaractere.pt\/brevemente\/#\/schema\/person\/image\/","url":"https:\/\/secure.gravatar.com\/avatar\/33e8214b45e9d68a3a83008731075979?s=96&d=mm&r=g","contentUrl":"https:\/\/secure.gravatar.com\/avatar\/33e8214b45e9d68a3a83008731075979?s=96&d=mm&r=g","caption":"Joana Barbosa"},"url":"https:\/\/www.atelierdocaractere.pt\/brevemente\/author\/joanabarbosa\/"}]}},"_links":{"self":[{"href":"https:\/\/www.atelierdocaractere.pt\/brevemente\/wp-json\/wp\/v2\/posts\/13384"}],"collection":[{"href":"https:\/\/www.atelierdocaractere.pt\/brevemente\/wp-json\/wp\/v2\/posts"}],"about":[{"href":"https:\/\/www.atelierdocaractere.pt\/brevemente\/wp-json\/wp\/v2\/types\/post"}],"author":[{"embeddable":true,"href":"https:\/\/www.atelierdocaractere.pt\/brevemente\/wp-json\/wp\/v2\/users\/7"}],"replies":[{"embeddable":true,"href":"https:\/\/www.atelierdocaractere.pt\/brevemente\/wp-json\/wp\/v2\/comments?post=13384"}],"version-history":[{"count":1,"href":"https:\/\/www.atelierdocaractere.pt\/brevemente\/wp-json\/wp\/v2\/posts\/13384\/revisions"}],"predecessor-version":[{"id":13389,"href":"https:\/\/www.atelierdocaractere.pt\/brevemente\/wp-json\/wp\/v2\/posts\/13384\/revisions\/13389"}],"wp:featuredmedia":[{"embeddable":true,"href":"https:\/\/www.atelierdocaractere.pt\/brevemente\/wp-json\/wp\/v2\/media\/13388"}],"wp:attachment":[{"href":"https:\/\/www.atelierdocaractere.pt\/brevemente\/wp-json\/wp\/v2\/media?parent=13384"}],"wp:term":[{"taxonomy":"category","embeddable":true,"href":"https:\/\/www.atelierdocaractere.pt\/brevemente\/wp-json\/wp\/v2\/categories?post=13384"},{"taxonomy":"post_tag","embeddable":true,"href":"https:\/\/www.atelierdocaractere.pt\/brevemente\/wp-json\/wp\/v2\/tags?post=13384"}],"curies":[{"name":"wp","href":"https:\/\/api.w.org\/{rel}","templated":true}]}}